{"id":157346,"date":"2023-07-12T10:43:44","date_gmt":"2023-07-12T13:43:44","guid":{"rendered":"https:\/\/www.informelitoral.com.ar\/?p=157346"},"modified":"2023-07-12T21:57:06","modified_gmt":"2023-07-13T00:57:06","slug":"el-impactante-desprendimiento-de-tierra-y-remolino-en-el-rio-parana","status":"publish","type":"post","link":"https:\/\/informelitoral.com.ar\/el-impactante-desprendimiento-de-tierra-y-remolino-en-el-rio-parana\/","title":{"rendered":"El impactante desprendimiento de tierra y remolino en el r\u00edo Paran\u00e1"},"content":{"rendered":"<p>El r\u00edo Paran\u00e1 hoy est\u00e1 en 1,67 metros en el puerto de la capital provincial, lo cual se mantiene en alza el nivel en comparaci\u00f3n a los estudios que estima el\u00a0Instituto Nacional del Agua (INA), que crecer\u00e1 levemente en la semana.<\/p>\n<p><strong>Ahora mismo apareci\u00f3 un video de la fuerza que posee el r\u00edo en la zona de Reconquista, donde posee una altura de 2,10 metros actualmente seg\u00fan los valores medidos hoy por Prefectura Naval Argentina.<\/strong><\/p>\n<p>&nbsp;<\/p>\n<blockquote class=\"tiktok-embed\" cite=\"https:\/\/www.tiktok.com\/@alfred3781\/video\/7252851330400718086\" data-video-id=\"7252851330400718086\" data-embed-from=\"oembed\" style=\"max-width: 605px;min-width: 325px;\" >\n<section> <a target=\"_blank\" title=\"@alfred3781\" href=\"https:\/\/www.tiktok.com\/@alfred3781?refer=embed\">@alfred3781<\/a> <\/p>\n<p> <a target=\"_blank\" title=\"\u266c Vientos de Cambio - Los Incate\u00f1os\" href=\"https:\/\/www.tiktok.com\/music\/Vientos-de-Cambio-6703831104140347393?refer=embed\">\u266c Vientos de Cambio &#8211; Los Incate\u00f1os<\/a> <\/section>\n<\/blockquote>\n<p> <script async src=\"https:\/\/www.tiktok.com\/embed.js\"><\/script><\/p>\n<p>&nbsp;<\/p>\n<p><strong>Se puede ver el momento exacto en el que una grieta enorme se form\u00f3 sobre una de las orillas del r\u00edo Paran\u00e1.<\/strong>\u00a0Posteriormente, empez\u00f3 a ceder la tierra y se la llev\u00f3 al agua.<\/p>\n","protected":false},"excerpt":{"rendered":"<p>Apareci\u00f3 un video de la erosi\u00f3n de la tierra a ra\u00edz de la fuerza del agua del r\u00edo Paran\u00e1, en la zona de Reconquista, en la provincia de Santa Fe. Luego se arm\u00f3 un remolino.<\/p>\n","protected":false},"author":8,"featured_media":157352,"comment_status":"open","ping_status":"open","sticky":false,"template":"","format":"standard","meta":{"fifu_image_url":"","fifu_image_alt":"","footnotes":""},"categories":[7],"tags":[4291,777],"class_list":{"0":"post-157346","1":"post","2":"type-post","3":"status-publish","4":"format-standard","5":"has-post-thumbnail","7":"category-nacionales","8":"tag-desprendimiento-de-tierra","9":"tag-rio-parana"},"yoast_head":"<title>El impactante desprendimiento de tierra y remolino en el r\u00edo Paran\u00e1 - Informe Litoral<\/title>\n<meta name=\"robots\" content=\"index, follow, max-snippet:-1, max-image-preview:large, max-video-preview:-1\" \/>\n<link rel=\"canonical\" href=\"https:\/\/informelitoral.com.ar\/el-impactante-desprendimiento-de-tierra-y-remolino-en-el-rio-parana\/\" \/>\n<meta property=\"og:locale\" content=\"es_ES\" \/>\n<meta property=\"og:type\" content=\"article\" \/>\n<meta property=\"og:title\" content=\"El impactante desprendimiento de tierra y remolino en el r\u00edo Paran\u00e1 - Informe Litoral\" \/>\n<meta property=\"og:description\" content=\"Apareci\u00f3 un video de la erosi\u00f3n de la tierra a ra\u00edz de la fuerza del agua del r\u00edo Paran\u00e1, en la zona de Reconquista, en la provincia de Santa Fe. Luego se arm\u00f3 un remolino.\" \/>\n<meta property=\"og:url\" content=\"https:\/\/informelitoral.com.ar\/el-impactante-desprendimiento-de-tierra-y-remolino-en-el-rio-parana\/\" \/>\n<meta property=\"og:site_name\" content=\"Informe Litoral\" \/>\n<meta property=\"article:publisher\" content=\"https:\/\/www.facebook.com\/informelitoral\/\" \/>\n<meta property=\"article:published_time\" content=\"2023-07-12T13:43:44+00:00\" \/>\n<meta property=\"article:modified_time\" content=\"2023-07-13T00:57:06+00:00\" \/>\n<meta property=\"og:image\" content=\"https:\/\/informelitoral.com.ar\/%77%70%2d%63%6f%6e%74%65%6e%74\/uploads\/2023\/07\/collage-17-1.webp\" \/>\n\t<meta property=\"og:image:width\" content=\"768\" \/>\n\t<meta property=\"og:image:height\" content=\"492\" \/>\n\t<meta property=\"og:image:type\" content=\"image\/webp\" \/>\n<meta name=\"author\" content=\"Sebastian\" \/>\n<meta name=\"twitter:card\" content=\"summary_large_image\" \/>\n<meta name=\"twitter:creator\" content=\"@InformeLitoral\" \/>\n<meta name=\"twitter:site\" content=\"@InformeLitoral\" \/>\n<meta name=\"twitter:label1\" content=\"Escrito por\" \/>\n\t<meta name=\"twitter:data1\" content=\"Sebastian\" \/>\n\t<meta name=\"twitter:label2\" content=\"Tiempo de lectura\" \/>\n\t<meta name=\"twitter:data2\" content=\"1 minuto\" \/>\n<script type=\"application\/ld+json\" class=\"yoast-schema-graph\">{\"@context\":\"https:\\\/\\\/schema.org\",\"@graph\":[{\"@type\":\"Article\",\"@id\":\"https:\\\/\\\/informelitoral.com.ar\\\/el-impactante-desprendimiento-de-tierra-y-remolino-en-el-rio-parana\\\/#article\",\"isPartOf\":{\"@id\":\"https:\\\/\\\/informelitoral.com.ar\\\/el-impactante-desprendimiento-de-tierra-y-remolino-en-el-rio-parana\\\/\"},\"author\":{\"name\":\"Sebastian\",\"@id\":\"https:\\\/\\\/informelitoral.com.ar\\\/#\\\/schema\\\/person\\\/f05f9f461677119578717524b127d6d5\"},\"headline\":\"El impactante desprendimiento de tierra y remolino en el r\u00edo Paran\u00e1\",\"datePublished\":\"2023-07-12T13:43:44+00:00\",\"dateModified\":\"2023-07-13T00:57:06+00:00\",\"mainEntityOfPage\":{\"@id\":\"https:\\\/\\\/informelitoral.com.ar\\\/el-impactante-desprendimiento-de-tierra-y-remolino-en-el-rio-parana\\\/\"},\"wordCount\":140,\"commentCount\":0,\"publisher\":{\"@id\":\"https:\\\/\\\/informelitoral.com.ar\\\/#organization\"},\"image\":{\"@id\":\"https:\\\/\\\/informelitoral.com.ar\\\/el-impactante-desprendimiento-de-tierra-y-remolino-en-el-rio-parana\\\/#primaryimage\"},\"thumbnailUrl\":\"https:\\\/\\\/informelitoral.com.ar\\\/%77%70%2d%63%6f%6e%74%65%6e%74\\\/uploads\\\/2023\\\/07\\\/collage-17-1.webp\",\"keywords\":[\"Desprendimiento de tierra\",\"R\u00edo Paran\u00e1\"],\"articleSection\":[\"Nacionales\"],\"inLanguage\":\"es\",\"potentialAction\":[{\"@type\":\"CommentAction\",\"name\":\"Comment\",\"target\":[\"https:\\\/\\\/informelitoral.com.ar\\\/el-impactante-desprendimiento-de-tierra-y-remolino-en-el-rio-parana\\\/#respond\"]}]},{\"@type\":\"WebPage\",\"@id\":\"https:\\\/\\\/informelitoral.com.ar\\\/el-impactante-desprendimiento-de-tierra-y-remolino-en-el-rio-parana\\\/\",\"url\":\"https:\\\/\\\/informelitoral.com.ar\\\/el-impactante-desprendimiento-de-tierra-y-remolino-en-el-rio-parana\\\/\",\"name\":\"El impactante desprendimiento de tierra y remolino en el r\u00edo Paran\u00e1 - Informe Litoral\",\"isPartOf\":{\"@id\":\"https:\\\/\\\/informelitoral.com.ar\\\/#website\"},\"primaryImageOfPage\":{\"@id\":\"https:\\\/\\\/informelitoral.com.ar\\\/el-impactante-desprendimiento-de-tierra-y-remolino-en-el-rio-parana\\\/#primaryimage\"},\"image\":{\"@id\":\"https:\\\/\\\/informelitoral.com.ar\\\/el-impactante-desprendimiento-de-tierra-y-remolino-en-el-rio-parana\\\/#primaryimage\"},\"thumbnailUrl\":\"https:\\\/\\\/informelitoral.com.ar\\\/%77%70%2d%63%6f%6e%74%65%6e%74\\\/uploads\\\/2023\\\/07\\\/collage-17-1.webp\",\"datePublished\":\"2023-07-12T13:43:44+00:00\",\"dateModified\":\"2023-07-13T00:57:06+00:00\",\"breadcrumb\":{\"@id\":\"https:\\\/\\\/informelitoral.com.ar\\\/el-impactante-desprendimiento-de-tierra-y-remolino-en-el-rio-parana\\\/#breadcrumb\"},\"inLanguage\":\"es\",\"potentialAction\":[{\"@type\":\"ReadAction\",\"target\":[\"https:\\\/\\\/informelitoral.com.ar\\\/el-impactante-desprendimiento-de-tierra-y-remolino-en-el-rio-parana\\\/\"]}]},{\"@type\":\"ImageObject\",\"inLanguage\":\"es\",\"@id\":\"https:\\\/\\\/informelitoral.com.ar\\\/el-impactante-desprendimiento-de-tierra-y-remolino-en-el-rio-parana\\\/#primaryimage\",\"url\":\"https:\\\/\\\/informelitoral.com.ar\\\/%77%70%2d%63%6f%6e%74%65%6e%74\\\/uploads\\\/2023\\\/07\\\/collage-17-1.webp\",\"contentUrl\":\"https:\\\/\\\/informelitoral.com.ar\\\/%77%70%2d%63%6f%6e%74%65%6e%74\\\/uploads\\\/2023\\\/07\\\/collage-17-1.webp\",\"width\":768,\"height\":492},{\"@type\":\"BreadcrumbList\",\"@id\":\"https:\\\/\\\/informelitoral.com.ar\\\/el-impactante-desprendimiento-de-tierra-y-remolino-en-el-rio-parana\\\/#breadcrumb\",\"itemListElement\":[{\"@type\":\"ListItem\",\"position\":1,\"name\":\"Portada\",\"item\":\"https:\\\/\\\/informelitoral.com.ar\\\/\"},{\"@type\":\"ListItem\",\"position\":2,\"name\":\"El impactante desprendimiento de tierra y remolino en el r\u00edo Paran\u00e1\"}]},{\"@type\":\"WebSite\",\"@id\":\"https:\\\/\\\/informelitoral.com.ar\\\/#website\",\"url\":\"https:\\\/\\\/informelitoral.com.ar\\\/\",\"name\":\"Informe Litoral\",\"description\":\"&quot;Nos informamos&quot; \",\"publisher\":{\"@id\":\"https:\\\/\\\/informelitoral.com.ar\\\/#organization\"},\"potentialAction\":[{\"@type\":\"SearchAction\",\"target\":{\"@type\":\"EntryPoint\",\"urlTemplate\":\"https:\\\/\\\/informelitoral.com.ar\\\/?s={search_term_string}\"},\"query-input\":{\"@type\":\"PropertyValueSpecification\",\"valueRequired\":true,\"valueName\":\"search_term_string\"}}],\"inLanguage\":\"es\"},{\"@type\":\"Organization\",\"@id\":\"https:\\\/\\\/informelitoral.com.ar\\\/#organization\",\"name\":\"Informe Litoral\",\"url\":\"https:\\\/\\\/informelitoral.com.ar\\\/\",\"logo\":{\"@type\":\"ImageObject\",\"inLanguage\":\"es\",\"@id\":\"https:\\\/\\\/informelitoral.com.ar\\\/#\\\/schema\\\/logo\\\/image\\\/\",\"url\":\"https:\\\/\\\/informelitoral.com.ar\\\/%77%70%2d%63%6f%6e%74%65%6e%74\\\/uploads\\\/2021\\\/01\\\/circulo.png\",\"contentUrl\":\"https:\\\/\\\/informelitoral.com.ar\\\/%77%70%2d%63%6f%6e%74%65%6e%74\\\/uploads\\\/2021\\\/01\\\/circulo.png\",\"width\":723,\"height\":731,\"caption\":\"Informe Litoral\"},\"image\":{\"@id\":\"https:\\\/\\\/informelitoral.com.ar\\\/#\\\/schema\\\/logo\\\/image\\\/\"},\"sameAs\":[\"https:\\\/\\\/www.facebook.com\\\/informelitoral\\\/\",\"https:\\\/\\\/x.com\\\/InformeLitoral\",\"https:\\\/\\\/www.instagram.com\\\/informelitoral\\\/\",\"https:\\\/\\\/www.youtube.com\\\/channel\\\/UCua4Qvz8Icb6MYqhoq9xLXw\"]},{\"@type\":\"Person\",\"@id\":\"https:\\\/\\\/informelitoral.com.ar\\\/#\\\/schema\\\/person\\\/f05f9f461677119578717524b127d6d5\",\"name\":\"Sebastian\",\"image\":{\"@type\":\"ImageObject\",\"inLanguage\":\"es\",\"@id\":\"https:\\\/\\\/secure.gravatar.com\\\/avatar\\\/b71bf7481d447dfb9583c7f2798e7cc64de6efb9067b74633ed8c31059a3bd82?s=96&d=mm&r=g\",\"url\":\"https:\\\/\\\/secure.gravatar.com\\\/avatar\\\/b71bf7481d447dfb9583c7f2798e7cc64de6efb9067b74633ed8c31059a3bd82?s=96&d=mm&r=g\",\"contentUrl\":\"https:\\\/\\\/secure.gravatar.com\\\/avatar\\\/b71bf7481d447dfb9583c7f2798e7cc64de6efb9067b74633ed8c31059a3bd82?s=96&d=mm&r=g\",\"caption\":\"Sebastian\"},\"url\":\"https:\\\/\\\/informelitoral.com.ar\\\/author\\\/sebastian\\\/\"}]}<\/script>","yoast_head_json":{"title":"El impactante desprendimiento de tierra y remolino en el r\u00edo Paran\u00e1 - Informe Litoral","robots":{"index":"index","follow":"follow","max-snippet":"max-snippet:-1","max-image-preview":"max-image-preview:large","max-video-preview":"max-video-preview:-1"},"canonical":"https:\/\/informelitoral.com.ar\/el-impactante-desprendimiento-de-tierra-y-remolino-en-el-rio-parana\/","og_locale":"es_ES","og_type":"article","og_title":"El impactante desprendimiento de tierra y remolino en el r\u00edo Paran\u00e1 - Informe Litoral","og_description":"Apareci\u00f3 un video de la erosi\u00f3n de la tierra a ra\u00edz de la fuerza del agua del r\u00edo Paran\u00e1, en la zona de Reconquista, en la provincia de Santa Fe. Luego se arm\u00f3 un remolino.","og_url":"https:\/\/informelitoral.com.ar\/el-impactante-desprendimiento-de-tierra-y-remolino-en-el-rio-parana\/","og_site_name":"Informe Litoral","article_publisher":"https:\/\/www.facebook.com\/informelitoral\/","article_published_time":"2023-07-12T13:43:44+00:00","article_modified_time":"2023-07-13T00:57:06+00:00","og_image":[{"width":768,"height":492,"url":"https:\/\/informelitoral.com.ar\/%77%70%2d%63%6f%6e%74%65%6e%74\/uploads\/2023\/07\/collage-17-1.webp","type":"image\/webp"}],"author":"Sebastian","twitter_card":"summary_large_image","twitter_creator":"@InformeLitoral","twitter_site":"@InformeLitoral","twitter_misc":{"Escrito por":"Sebastian","Tiempo de lectura":"1 minuto"},"schema":{"@context":"https:\/\/schema.org","@graph":[{"@type":"Article","@id":"https:\/\/informelitoral.com.ar\/el-impactante-desprendimiento-de-tierra-y-remolino-en-el-rio-parana\/#article","isPartOf":{"@id":"https:\/\/informelitoral.com.ar\/el-impactante-desprendimiento-de-tierra-y-remolino-en-el-rio-parana\/"},"author":{"name":"Sebastian","@id":"https:\/\/informelitoral.com.ar\/#\/schema\/person\/f05f9f461677119578717524b127d6d5"},"headline":"El impactante desprendimiento de tierra y remolino en el r\u00edo Paran\u00e1","datePublished":"2023-07-12T13:43:44+00:00","dateModified":"2023-07-13T00:57:06+00:00","mainEntityOfPage":{"@id":"https:\/\/informelitoral.com.ar\/el-impactante-desprendimiento-de-tierra-y-remolino-en-el-rio-parana\/"},"wordCount":140,"commentCount":0,"publisher":{"@id":"https:\/\/informelitoral.com.ar\/#organization"},"image":{"@id":"https:\/\/informelitoral.com.ar\/el-impactante-desprendimiento-de-tierra-y-remolino-en-el-rio-parana\/#primaryimage"},"thumbnailUrl":"https:\/\/informelitoral.com.ar\/%77%70%2d%63%6f%6e%74%65%6e%74\/uploads\/2023\/07\/collage-17-1.webp","keywords":["Desprendimiento de tierra","R\u00edo Paran\u00e1"],"articleSection":["Nacionales"],"inLanguage":"es","potentialAction":[{"@type":"CommentAction","name":"Comment","target":["https:\/\/informelitoral.com.ar\/el-impactante-desprendimiento-de-tierra-y-remolino-en-el-rio-parana\/#respond"]}]},{"@type":"WebPage","@id":"https:\/\/informelitoral.com.ar\/el-impactante-desprendimiento-de-tierra-y-remolino-en-el-rio-parana\/","url":"https:\/\/informelitoral.com.ar\/el-impactante-desprendimiento-de-tierra-y-remolino-en-el-rio-parana\/","name":"El impactante desprendimiento de tierra y remolino en el r\u00edo Paran\u00e1 - Informe Litoral","isPartOf":{"@id":"https:\/\/informelitoral.com.ar\/#website"},"primaryImageOfPage":{"@id":"https:\/\/informelitoral.com.ar\/el-impactante-desprendimiento-de-tierra-y-remolino-en-el-rio-parana\/#primaryimage"},"image":{"@id":"https:\/\/informelitoral.com.ar\/el-impactante-desprendimiento-de-tierra-y-remolino-en-el-rio-parana\/#primaryimage"},"thumbnailUrl":"https:\/\/informelitoral.com.ar\/%77%70%2d%63%6f%6e%74%65%6e%74\/uploads\/2023\/07\/collage-17-1.webp","datePublished":"2023-07-12T13:43:44+00:00","dateModified":"2023-07-13T00:57:06+00:00","breadcrumb":{"@id":"https:\/\/informelitoral.com.ar\/el-impactante-desprendimiento-de-tierra-y-remolino-en-el-rio-parana\/#breadcrumb"},"inLanguage":"es","potentialAction":[{"@type":"ReadAction","target":["https:\/\/informelitoral.com.ar\/el-impactante-desprendimiento-de-tierra-y-remolino-en-el-rio-parana\/"]}]},{"@type":"ImageObject","inLanguage":"es","@id":"https:\/\/informelitoral.com.ar\/el-impactante-desprendimiento-de-tierra-y-remolino-en-el-rio-parana\/#primaryimage","url":"https:\/\/informelitoral.com.ar\/%77%70%2d%63%6f%6e%74%65%6e%74\/uploads\/2023\/07\/collage-17-1.webp","contentUrl":"https:\/\/informelitoral.com.ar\/%77%70%2d%63%6f%6e%74%65%6e%74\/uploads\/2023\/07\/collage-17-1.webp","width":768,"height":492},{"@type":"BreadcrumbList","@id":"https:\/\/informelitoral.com.ar\/el-impactante-desprendimiento-de-tierra-y-remolino-en-el-rio-parana\/#breadcrumb","itemListElement":[{"@type":"ListItem","position":1,"name":"Portada","item":"https:\/\/informelitoral.com.ar\/"},{"@type":"ListItem","position":2,"name":"El impactante desprendimiento de tierra y remolino en el r\u00edo Paran\u00e1"}]},{"@type":"WebSite","@id":"https:\/\/informelitoral.com.ar\/#website","url":"https:\/\/informelitoral.com.ar\/","name":"Informe Litoral","description":"&quot;Nos informamos&quot; ","publisher":{"@id":"https:\/\/informelitoral.com.ar\/#organization"},"potentialAction":[{"@type":"SearchAction","target":{"@type":"EntryPoint","urlTemplate":"https:\/\/informelitoral.com.ar\/?s={search_term_string}"},"query-input":{"@type":"PropertyValueSpecification","valueRequired":true,"valueName":"search_term_string"}}],"inLanguage":"es"},{"@type":"Organization","@id":"https:\/\/informelitoral.com.ar\/#organization","name":"Informe Litoral","url":"https:\/\/informelitoral.com.ar\/","logo":{"@type":"ImageObject","inLanguage":"es","@id":"https:\/\/informelitoral.com.ar\/#\/schema\/logo\/image\/","url":"https:\/\/informelitoral.com.ar\/%77%70%2d%63%6f%6e%74%65%6e%74\/uploads\/2021\/01\/circulo.png","contentUrl":"https:\/\/informelitoral.com.ar\/%77%70%2d%63%6f%6e%74%65%6e%74\/uploads\/2021\/01\/circulo.png","width":723,"height":731,"caption":"Informe Litoral"},"image":{"@id":"https:\/\/informelitoral.com.ar\/#\/schema\/logo\/image\/"},"sameAs":["https:\/\/www.facebook.com\/informelitoral\/","https:\/\/x.com\/InformeLitoral","https:\/\/www.instagram.com\/informelitoral\/","https:\/\/www.youtube.com\/channel\/UCua4Qvz8Icb6MYqhoq9xLXw"]},{"@type":"Person","@id":"https:\/\/informelitoral.com.ar\/#\/schema\/person\/f05f9f461677119578717524b127d6d5","name":"Sebastian","image":{"@type":"ImageObject","inLanguage":"es","@id":"https:\/\/secure.gravatar.com\/avatar\/b71bf7481d447dfb9583c7f2798e7cc64de6efb9067b74633ed8c31059a3bd82?s=96&d=mm&r=g","url":"https:\/\/secure.gravatar.com\/avatar\/b71bf7481d447dfb9583c7f2798e7cc64de6efb9067b74633ed8c31059a3bd82?s=96&d=mm&r=g","contentUrl":"https:\/\/secure.gravatar.com\/avatar\/b71bf7481d447dfb9583c7f2798e7cc64de6efb9067b74633ed8c31059a3bd82?s=96&d=mm&r=g","caption":"Sebastian"},"url":"https:\/\/informelitoral.com.ar\/author\/sebastian\/"}]}},"_links":{"self":[{"href":"https:\/\/informelitoral.com.ar\/%77%70%2d%6a%73%6f%6e\/wp\/v2\/posts\/157346","targetHints":{"allow":["GET"]}}],"collection":[{"href":"https:\/\/informelitoral.com.ar\/%77%70%2d%6a%73%6f%6e\/wp\/v2\/posts"}],"about":[{"href":"https:\/\/informelitoral.com.ar\/%77%70%2d%6a%73%6f%6e\/wp\/v2\/types\/post"}],"author":[{"embeddable":true,"href":"https:\/\/informelitoral.com.ar\/%77%70%2d%6a%73%6f%6e\/wp\/v2\/users\/8"}],"replies":[{"embeddable":true,"href":"https:\/\/informelitoral.com.ar\/%77%70%2d%6a%73%6f%6e\/wp\/v2\/comments?post=157346"}],"version-history":[{"count":0,"href":"https:\/\/informelitoral.com.ar\/%77%70%2d%6a%73%6f%6e\/wp\/v2\/posts\/157346\/revisions"}],"wp:featuredmedia":[{"embeddable":true,"href":"https:\/\/informelitoral.com.ar\/%77%70%2d%6a%73%6f%6e\/wp\/v2\/media\/157352"}],"wp:attachment":[{"href":"https:\/\/informelitoral.com.ar\/%77%70%2d%6a%73%6f%6e\/wp\/v2\/media?parent=157346"}],"wp:term":[{"taxonomy":"category","embeddable":true,"href":"https:\/\/informelitoral.com.ar\/%77%70%2d%6a%73%6f%6e\/wp\/v2\/categories?post=157346"},{"taxonomy":"post_tag","embeddable":true,"href":"https:\/\/informelitoral.com.ar\/%77%70%2d%6a%73%6f%6e\/wp\/v2\/tags?post=157346"}],"curies":[{"name":"wp","href":"https:\/\/api.w.org\/{rel}","templated":true}]}}