{"id":157331,"date":"2023-07-12T09:48:04","date_gmt":"2023-07-12T12:48:04","guid":{"rendered":"https:\/\/www.informelitoral.com.ar\/?p=157331"},"modified":"2023-07-12T21:58:37","modified_gmt":"2023-07-13T00:58:37","slug":"confirmaron-el-fallecimiento-de-una-nina-en-entre-rios-por-streptococcus","status":"publish","type":"post","link":"https:\/\/informelitoral.com.ar\/confirmaron-el-fallecimiento-de-una-nina-en-entre-rios-por-streptococcus\/","title":{"rendered":"Confirmaron el fallecimiento de una ni\u00f1a en Entre R\u00edos por Streptococcus"},"content":{"rendered":"<p>En todo el pa\u00eds se ve un aumento de los casos graves causados por el Streptococcus pyogenes, la causa bacteriana m\u00e1s frecuente de la faringitis aguda y algunas infecciones cut\u00e1neas. Al respecto, el director de Epidemiolog\u00eda de Entre R\u00edos, Diego Garcilazo, inform\u00f3 a <em>Elonce<\/em> que en la provincia se detectaron cuatro casos graves, de los cuales uno falleci\u00f3.<\/p>\n<div id=\"publi-584\" class=\"publi C7\" data-publicidad=\"584\" data-nombre=\"Adsense medio\" data-tipo=\"html\">\n<p>\u201cSe trat\u00f3 de una ni\u00f1a, de dos a\u00f1os, que tuvo un cuadro muy cr\u00edtico, con angina y no evolucionaba bien, lamentablemente se torn\u00f3 muy invasivo, fue dif\u00edcil revertirlo y lamentablemente falleci\u00f3\u00bb, asever\u00f3 al asegurar que tanto a nivel nacional como internacional se observa que \u201ca diferencia de otros a\u00f1os se ve un aumento en cuanto a los casos invasivos, en <b>Entre R\u00edos ven\u00edamos con uno o dos casos graves por a\u00f1o, en cambio ahora hay cuatro casos de los cuales uno fue invasivo<\/b>\u201d.<\/p>\n<\/div>\n<p>Asimismo, asegur\u00f3 que el Streptococcus pyogenes \u201ces una bacteria que en su mayor\u00eda produce cuadros leves o severos y causa angina con placas, donde se requieren antibi\u00f3ticos, infecciones en la piel\u201d.<\/p>\n<p>En este sentido, destac\u00f3 que \u201cen algunas situaciones particulares esta bacteria puede pasar a la sangre y producir un cuadro m\u00e1s grave, causando una infecci\u00f3n invasiva en la cual se requiere internaci\u00f3n y puede causar el fallecimiento\u201d.<\/p>\n<h3><strong>Efectos en la salud<\/strong><\/h3>\n<p>El Streptococcus pyogenes, tambi\u00e9n conocido como Streptococcus grupo A, en general causa enfermedades leves como amigdalitis, faringitis, imp\u00e9tigo, celulitis y escarlatina.\u00a0<b>Sin embargo, en raras ocasiones, la infecci\u00f3n puede conducir a la enfermedad invasiva que puede provocar condiciones potencialmente mortales<\/b>.<\/p>\n<p>Es necesario aclarar que\u00a0<strong>el per\u00edodo de incubaci\u00f3n para la enfermedad var\u00eda de acuerdo a la presentaci\u00f3n cl\u00ednica, entre 1 a 3 d\u00edas. El tratamiento de las personas infectadas con antibi\u00f3tico durante por lo menos 24 horas elimina por lo general su capacidad de propagaci\u00f3n.<\/strong><br \/>\nSobre los grupos m\u00e1s vulnerables, Garcilazo, asever\u00f3 que \u201clos ni\u00f1os menores a seis a\u00f1os son los que tienen mayores riesgos de tener un cuadro invasivo\u201d.<\/p>\n<p>Al consultarle por los contagios, el director de Epidemiolog\u00eda sum\u00f3 que \u201c<b>se trata de una bacteria que se contagia por v\u00eda respiratoria y por compartir cosas, como vasos, platos, toallas y dem\u00e1s<\/b>\u201d. Adem\u00e1s, sostuvo que hay otra forma de contagio que es el contacto piel a piel, pero es menos frecuente\u201d.<\/p>\n<p>\u201cEn general las escuelas son los grandes focos de contagios de cuadros respiratorios virales. En este caso hay que tener en cuenta que esta bacteria lleva un tratamiento espec\u00edfico:\u00a0<b>lo importante es que se indique a tiempo y se lleve a cabo por completo, que son unos 10 d\u00edas<\/b>\u201d, dijo al sumar que hay casos en que los pacientes no culmina con el tratamiento y se vuelven a contagiar.<\/p>\n<p>\u201cEs importante mantener los cuidados y evitar los contactos directo con los contagiados y en el caso de contraer la enfermedad es necesario consultar al m\u00e9dico\u201d, concluy\u00f3 el especialista.<\/p>\n","protected":false},"excerpt":{"rendered":"<p>\u201cSe trat\u00f3 de una peque\u00f1a que estuvo internada por angina y con los d\u00edas su cuadro se fue agravando hasta que se torn\u00f3 imposible revertirlo\u201d, confirm\u00f3 el director de Epidemiolog\u00eda. Sum\u00f3 que hay otros tres casos en Entre R\u00edos.<\/p>\n","protected":false},"author":8,"featured_media":157334,"comment_status":"open","ping_status":"open","sticky":false,"template":"","format":"standard","meta":{"fifu_image_url":"","fifu_image_alt":"","footnotes":""},"categories":[6,1595],"tags":[1585,81,82,4290],"class_list":{"0":"post-157331","1":"post","2":"type-post","3":"status-publish","4":"format-standard","5":"has-post-thumbnail","7":"category-entre-rios","8":"category-salud","9":"tag-diego-garcilazo","10":"tag-entre-rios","11":"tag-salud","12":"tag-streptococcus-pyogenes"},"yoast_head":"<title>Confirmaron el fallecimiento de una ni\u00f1a en Entre R\u00edos por Streptococcus - Informe Litoral<\/title>\n<meta name=\"robots\" content=\"index, follow, max-snippet:-1, max-image-preview:large, max-video-preview:-1\" \/>\n<link rel=\"canonical\" href=\"https:\/\/informelitoral.com.ar\/confirmaron-el-fallecimiento-de-una-nina-en-entre-rios-por-streptococcus\/\" \/>\n<meta property=\"og:locale\" content=\"es_ES\" \/>\n<meta property=\"og:type\" content=\"article\" \/>\n<meta property=\"og:title\" content=\"Confirmaron el fallecimiento de una ni\u00f1a en Entre R\u00edos por Streptococcus - Informe Litoral\" \/>\n<meta property=\"og:description\" content=\"\u201cSe trat\u00f3 de una peque\u00f1a que estuvo internada por angina y con los d\u00edas su cuadro se fue agravando hasta que se torn\u00f3 imposible revertirlo\u201d, confirm\u00f3 el director de Epidemiolog\u00eda. Sum\u00f3 que hay otros tres casos en Entre R\u00edos.\" \/>\n<meta property=\"og:url\" content=\"https:\/\/informelitoral.com.ar\/confirmaron-el-fallecimiento-de-una-nina-en-entre-rios-por-streptococcus\/\" \/>\n<meta property=\"og:site_name\" content=\"Informe Litoral\" \/>\n<meta property=\"article:publisher\" content=\"https:\/\/www.facebook.com\/informelitoral\/\" \/>\n<meta property=\"article:published_time\" content=\"2023-07-12T12:48:04+00:00\" \/>\n<meta property=\"article:modified_time\" content=\"2023-07-13T00:58:37+00:00\" \/>\n<meta property=\"og:image\" content=\"https:\/\/informelitoral.com.ar\/%77%70%2d%63%6f%6e%74%65%6e%74\/uploads\/2023\/07\/multimedia.normal.8b4c3eadbc6893fd.V2hhdHNBcHAgSW1hZ2UgMjAyMy0wNy0wOSBhdCAyMC5fbm9ybWFsLndlYnA.webp\" \/>\n\t<meta property=\"og:image:width\" content=\"1250\" \/>\n\t<meta property=\"og:image:height\" content=\"702\" \/>\n\t<meta property=\"og:image:type\" content=\"image\/webp\" \/>\n<meta name=\"author\" content=\"Sebastian\" \/>\n<meta name=\"twitter:card\" content=\"summary_large_image\" \/>\n<meta name=\"twitter:creator\" content=\"@InformeLitoral\" \/>\n<meta name=\"twitter:site\" content=\"@InformeLitoral\" \/>\n<meta name=\"twitter:label1\" content=\"Escrito por\" \/>\n\t<meta name=\"twitter:data1\" content=\"Sebastian\" \/>\n\t<meta name=\"twitter:label2\" content=\"Tiempo de lectura\" \/>\n\t<meta name=\"twitter:data2\" content=\"3 minutos\" \/>\n<script type=\"application\/ld+json\" class=\"yoast-schema-graph\">{\"@context\":\"https:\\\/\\\/schema.org\",\"@graph\":[{\"@type\":\"Article\",\"@id\":\"https:\\\/\\\/informelitoral.com.ar\\\/confirmaron-el-fallecimiento-de-una-nina-en-entre-rios-por-streptococcus\\\/#article\",\"isPartOf\":{\"@id\":\"https:\\\/\\\/informelitoral.com.ar\\\/confirmaron-el-fallecimiento-de-una-nina-en-entre-rios-por-streptococcus\\\/\"},\"author\":{\"name\":\"Sebastian\",\"@id\":\"https:\\\/\\\/informelitoral.com.ar\\\/#\\\/schema\\\/person\\\/f05f9f461677119578717524b127d6d5\"},\"headline\":\"Confirmaron el fallecimiento de una ni\u00f1a en Entre R\u00edos por Streptococcus\",\"datePublished\":\"2023-07-12T12:48:04+00:00\",\"dateModified\":\"2023-07-13T00:58:37+00:00\",\"mainEntityOfPage\":{\"@id\":\"https:\\\/\\\/informelitoral.com.ar\\\/confirmaron-el-fallecimiento-de-una-nina-en-entre-rios-por-streptococcus\\\/\"},\"wordCount\":520,\"commentCount\":0,\"publisher\":{\"@id\":\"https:\\\/\\\/informelitoral.com.ar\\\/#organization\"},\"image\":{\"@id\":\"https:\\\/\\\/informelitoral.com.ar\\\/confirmaron-el-fallecimiento-de-una-nina-en-entre-rios-por-streptococcus\\\/#primaryimage\"},\"thumbnailUrl\":\"https:\\\/\\\/informelitoral.com.ar\\\/%77%70%2d%63%6f%6e%74%65%6e%74\\\/uploads\\\/2023\\\/07\\\/multimedia.normal.8b4c3eadbc6893fd.V2hhdHNBcHAgSW1hZ2UgMjAyMy0wNy0wOSBhdCAyMC5fbm9ybWFsLndlYnA.webp\",\"keywords\":[\"Diego Garcilazo\",\"Entre R\u00edos\",\"Salud\",\"Streptococcus pyogenes\"],\"articleSection\":[\"Entre R\u00edos\",\"Salud\"],\"inLanguage\":\"es\",\"potentialAction\":[{\"@type\":\"CommentAction\",\"name\":\"Comment\",\"target\":[\"https:\\\/\\\/informelitoral.com.ar\\\/confirmaron-el-fallecimiento-de-una-nina-en-entre-rios-por-streptococcus\\\/#respond\"]}]},{\"@type\":\"WebPage\",\"@id\":\"https:\\\/\\\/informelitoral.com.ar\\\/confirmaron-el-fallecimiento-de-una-nina-en-entre-rios-por-streptococcus\\\/\",\"url\":\"https:\\\/\\\/informelitoral.com.ar\\\/confirmaron-el-fallecimiento-de-una-nina-en-entre-rios-por-streptococcus\\\/\",\"name\":\"Confirmaron el fallecimiento de una ni\u00f1a en Entre R\u00edos por Streptococcus - Informe Litoral\",\"isPartOf\":{\"@id\":\"https:\\\/\\\/informelitoral.com.ar\\\/#website\"},\"primaryImageOfPage\":{\"@id\":\"https:\\\/\\\/informelitoral.com.ar\\\/confirmaron-el-fallecimiento-de-una-nina-en-entre-rios-por-streptococcus\\\/#primaryimage\"},\"image\":{\"@id\":\"https:\\\/\\\/informelitoral.com.ar\\\/confirmaron-el-fallecimiento-de-una-nina-en-entre-rios-por-streptococcus\\\/#primaryimage\"},\"thumbnailUrl\":\"https:\\\/\\\/informelitoral.com.ar\\\/%77%70%2d%63%6f%6e%74%65%6e%74\\\/uploads\\\/2023\\\/07\\\/multimedia.normal.8b4c3eadbc6893fd.V2hhdHNBcHAgSW1hZ2UgMjAyMy0wNy0wOSBhdCAyMC5fbm9ybWFsLndlYnA.webp\",\"datePublished\":\"2023-07-12T12:48:04+00:00\",\"dateModified\":\"2023-07-13T00:58:37+00:00\",\"breadcrumb\":{\"@id\":\"https:\\\/\\\/informelitoral.com.ar\\\/confirmaron-el-fallecimiento-de-una-nina-en-entre-rios-por-streptococcus\\\/#breadcrumb\"},\"inLanguage\":\"es\",\"potentialAction\":[{\"@type\":\"ReadAction\",\"target\":[\"https:\\\/\\\/informelitoral.com.ar\\\/confirmaron-el-fallecimiento-de-una-nina-en-entre-rios-por-streptococcus\\\/\"]}]},{\"@type\":\"ImageObject\",\"inLanguage\":\"es\",\"@id\":\"https:\\\/\\\/informelitoral.com.ar\\\/confirmaron-el-fallecimiento-de-una-nina-en-entre-rios-por-streptococcus\\\/#primaryimage\",\"url\":\"https:\\\/\\\/informelitoral.com.ar\\\/%77%70%2d%63%6f%6e%74%65%6e%74\\\/uploads\\\/2023\\\/07\\\/multimedia.normal.8b4c3eadbc6893fd.V2hhdHNBcHAgSW1hZ2UgMjAyMy0wNy0wOSBhdCAyMC5fbm9ybWFsLndlYnA.webp\",\"contentUrl\":\"https:\\\/\\\/informelitoral.com.ar\\\/%77%70%2d%63%6f%6e%74%65%6e%74\\\/uploads\\\/2023\\\/07\\\/multimedia.normal.8b4c3eadbc6893fd.V2hhdHNBcHAgSW1hZ2UgMjAyMy0wNy0wOSBhdCAyMC5fbm9ybWFsLndlYnA.webp\",\"width\":1250,\"height\":702},{\"@type\":\"BreadcrumbList\",\"@id\":\"https:\\\/\\\/informelitoral.com.ar\\\/confirmaron-el-fallecimiento-de-una-nina-en-entre-rios-por-streptococcus\\\/#breadcrumb\",\"itemListElement\":[{\"@type\":\"ListItem\",\"position\":1,\"name\":\"Portada\",\"item\":\"https:\\\/\\\/informelitoral.com.ar\\\/\"},{\"@type\":\"ListItem\",\"position\":2,\"name\":\"Confirmaron el fallecimiento de una ni\u00f1a en Entre R\u00edos por Streptococcus\"}]},{\"@type\":\"WebSite\",\"@id\":\"https:\\\/\\\/informelitoral.com.ar\\\/#website\",\"url\":\"https:\\\/\\\/informelitoral.com.ar\\\/\",\"name\":\"Informe Litoral\",\"description\":\"&quot;Nos informamos&quot; \",\"publisher\":{\"@id\":\"https:\\\/\\\/informelitoral.com.ar\\\/#organization\"},\"potentialAction\":[{\"@type\":\"SearchAction\",\"target\":{\"@type\":\"EntryPoint\",\"urlTemplate\":\"https:\\\/\\\/informelitoral.com.ar\\\/?s={search_term_string}\"},\"query-input\":{\"@type\":\"PropertyValueSpecification\",\"valueRequired\":true,\"valueName\":\"search_term_string\"}}],\"inLanguage\":\"es\"},{\"@type\":\"Organization\",\"@id\":\"https:\\\/\\\/informelitoral.com.ar\\\/#organization\",\"name\":\"Informe Litoral\",\"url\":\"https:\\\/\\\/informelitoral.com.ar\\\/\",\"logo\":{\"@type\":\"ImageObject\",\"inLanguage\":\"es\",\"@id\":\"https:\\\/\\\/informelitoral.com.ar\\\/#\\\/schema\\\/logo\\\/image\\\/\",\"url\":\"https:\\\/\\\/informelitoral.com.ar\\\/%77%70%2d%63%6f%6e%74%65%6e%74\\\/uploads\\\/2021\\\/01\\\/circulo.png\",\"contentUrl\":\"https:\\\/\\\/informelitoral.com.ar\\\/%77%70%2d%63%6f%6e%74%65%6e%74\\\/uploads\\\/2021\\\/01\\\/circulo.png\",\"width\":723,\"height\":731,\"caption\":\"Informe Litoral\"},\"image\":{\"@id\":\"https:\\\/\\\/informelitoral.com.ar\\\/#\\\/schema\\\/logo\\\/image\\\/\"},\"sameAs\":[\"https:\\\/\\\/www.facebook.com\\\/informelitoral\\\/\",\"https:\\\/\\\/x.com\\\/InformeLitoral\",\"https:\\\/\\\/www.instagram.com\\\/informelitoral\\\/\",\"https:\\\/\\\/www.youtube.com\\\/channel\\\/UCua4Qvz8Icb6MYqhoq9xLXw\"]},{\"@type\":\"Person\",\"@id\":\"https:\\\/\\\/informelitoral.com.ar\\\/#\\\/schema\\\/person\\\/f05f9f461677119578717524b127d6d5\",\"name\":\"Sebastian\",\"image\":{\"@type\":\"ImageObject\",\"inLanguage\":\"es\",\"@id\":\"https:\\\/\\\/secure.gravatar.com\\\/avatar\\\/b71bf7481d447dfb9583c7f2798e7cc64de6efb9067b74633ed8c31059a3bd82?s=96&d=mm&r=g\",\"url\":\"https:\\\/\\\/secure.gravatar.com\\\/avatar\\\/b71bf7481d447dfb9583c7f2798e7cc64de6efb9067b74633ed8c31059a3bd82?s=96&d=mm&r=g\",\"contentUrl\":\"https:\\\/\\\/secure.gravatar.com\\\/avatar\\\/b71bf7481d447dfb9583c7f2798e7cc64de6efb9067b74633ed8c31059a3bd82?s=96&d=mm&r=g\",\"caption\":\"Sebastian\"},\"url\":\"https:\\\/\\\/informelitoral.com.ar\\\/author\\\/sebastian\\\/\"}]}<\/script>","yoast_head_json":{"title":"Confirmaron el fallecimiento de una ni\u00f1a en Entre R\u00edos por Streptococcus - Informe Litoral","robots":{"index":"index","follow":"follow","max-snippet":"max-snippet:-1","max-image-preview":"max-image-preview:large","max-video-preview":"max-video-preview:-1"},"canonical":"https:\/\/informelitoral.com.ar\/confirmaron-el-fallecimiento-de-una-nina-en-entre-rios-por-streptococcus\/","og_locale":"es_ES","og_type":"article","og_title":"Confirmaron el fallecimiento de una ni\u00f1a en Entre R\u00edos por Streptococcus - Informe Litoral","og_description":"\u201cSe trat\u00f3 de una peque\u00f1a que estuvo internada por angina y con los d\u00edas su cuadro se fue agravando hasta que se torn\u00f3 imposible revertirlo\u201d, confirm\u00f3 el director de Epidemiolog\u00eda. Sum\u00f3 que hay otros tres casos en Entre R\u00edos.","og_url":"https:\/\/informelitoral.com.ar\/confirmaron-el-fallecimiento-de-una-nina-en-entre-rios-por-streptococcus\/","og_site_name":"Informe Litoral","article_publisher":"https:\/\/www.facebook.com\/informelitoral\/","article_published_time":"2023-07-12T12:48:04+00:00","article_modified_time":"2023-07-13T00:58:37+00:00","og_image":[{"width":1250,"height":702,"url":"https:\/\/informelitoral.com.ar\/%77%70%2d%63%6f%6e%74%65%6e%74\/uploads\/2023\/07\/multimedia.normal.8b4c3eadbc6893fd.V2hhdHNBcHAgSW1hZ2UgMjAyMy0wNy0wOSBhdCAyMC5fbm9ybWFsLndlYnA.webp","type":"image\/webp"}],"author":"Sebastian","twitter_card":"summary_large_image","twitter_creator":"@InformeLitoral","twitter_site":"@InformeLitoral","twitter_misc":{"Escrito por":"Sebastian","Tiempo de lectura":"3 minutos"},"schema":{"@context":"https:\/\/schema.org","@graph":[{"@type":"Article","@id":"https:\/\/informelitoral.com.ar\/confirmaron-el-fallecimiento-de-una-nina-en-entre-rios-por-streptococcus\/#article","isPartOf":{"@id":"https:\/\/informelitoral.com.ar\/confirmaron-el-fallecimiento-de-una-nina-en-entre-rios-por-streptococcus\/"},"author":{"name":"Sebastian","@id":"https:\/\/informelitoral.com.ar\/#\/schema\/person\/f05f9f461677119578717524b127d6d5"},"headline":"Confirmaron el fallecimiento de una ni\u00f1a en Entre R\u00edos por Streptococcus","datePublished":"2023-07-12T12:48:04+00:00","dateModified":"2023-07-13T00:58:37+00:00","mainEntityOfPage":{"@id":"https:\/\/informelitoral.com.ar\/confirmaron-el-fallecimiento-de-una-nina-en-entre-rios-por-streptococcus\/"},"wordCount":520,"commentCount":0,"publisher":{"@id":"https:\/\/informelitoral.com.ar\/#organization"},"image":{"@id":"https:\/\/informelitoral.com.ar\/confirmaron-el-fallecimiento-de-una-nina-en-entre-rios-por-streptococcus\/#primaryimage"},"thumbnailUrl":"https:\/\/informelitoral.com.ar\/%77%70%2d%63%6f%6e%74%65%6e%74\/uploads\/2023\/07\/multimedia.normal.8b4c3eadbc6893fd.V2hhdHNBcHAgSW1hZ2UgMjAyMy0wNy0wOSBhdCAyMC5fbm9ybWFsLndlYnA.webp","keywords":["Diego Garcilazo","Entre R\u00edos","Salud","Streptococcus pyogenes"],"articleSection":["Entre R\u00edos","Salud"],"inLanguage":"es","potentialAction":[{"@type":"CommentAction","name":"Comment","target":["https:\/\/informelitoral.com.ar\/confirmaron-el-fallecimiento-de-una-nina-en-entre-rios-por-streptococcus\/#respond"]}]},{"@type":"WebPage","@id":"https:\/\/informelitoral.com.ar\/confirmaron-el-fallecimiento-de-una-nina-en-entre-rios-por-streptococcus\/","url":"https:\/\/informelitoral.com.ar\/confirmaron-el-fallecimiento-de-una-nina-en-entre-rios-por-streptococcus\/","name":"Confirmaron el fallecimiento de una ni\u00f1a en Entre R\u00edos por Streptococcus - Informe Litoral","isPartOf":{"@id":"https:\/\/informelitoral.com.ar\/#website"},"primaryImageOfPage":{"@id":"https:\/\/informelitoral.com.ar\/confirmaron-el-fallecimiento-de-una-nina-en-entre-rios-por-streptococcus\/#primaryimage"},"image":{"@id":"https:\/\/informelitoral.com.ar\/confirmaron-el-fallecimiento-de-una-nina-en-entre-rios-por-streptococcus\/#primaryimage"},"thumbnailUrl":"https:\/\/informelitoral.com.ar\/%77%70%2d%63%6f%6e%74%65%6e%74\/uploads\/2023\/07\/multimedia.normal.8b4c3eadbc6893fd.V2hhdHNBcHAgSW1hZ2UgMjAyMy0wNy0wOSBhdCAyMC5fbm9ybWFsLndlYnA.webp","datePublished":"2023-07-12T12:48:04+00:00","dateModified":"2023-07-13T00:58:37+00:00","breadcrumb":{"@id":"https:\/\/informelitoral.com.ar\/confirmaron-el-fallecimiento-de-una-nina-en-entre-rios-por-streptococcus\/#breadcrumb"},"inLanguage":"es","potentialAction":[{"@type":"ReadAction","target":["https:\/\/informelitoral.com.ar\/confirmaron-el-fallecimiento-de-una-nina-en-entre-rios-por-streptococcus\/"]}]},{"@type":"ImageObject","inLanguage":"es","@id":"https:\/\/informelitoral.com.ar\/confirmaron-el-fallecimiento-de-una-nina-en-entre-rios-por-streptococcus\/#primaryimage","url":"https:\/\/informelitoral.com.ar\/%77%70%2d%63%6f%6e%74%65%6e%74\/uploads\/2023\/07\/multimedia.normal.8b4c3eadbc6893fd.V2hhdHNBcHAgSW1hZ2UgMjAyMy0wNy0wOSBhdCAyMC5fbm9ybWFsLndlYnA.webp","contentUrl":"https:\/\/informelitoral.com.ar\/%77%70%2d%63%6f%6e%74%65%6e%74\/uploads\/2023\/07\/multimedia.normal.8b4c3eadbc6893fd.V2hhdHNBcHAgSW1hZ2UgMjAyMy0wNy0wOSBhdCAyMC5fbm9ybWFsLndlYnA.webp","width":1250,"height":702},{"@type":"BreadcrumbList","@id":"https:\/\/informelitoral.com.ar\/confirmaron-el-fallecimiento-de-una-nina-en-entre-rios-por-streptococcus\/#breadcrumb","itemListElement":[{"@type":"ListItem","position":1,"name":"Portada","item":"https:\/\/informelitoral.com.ar\/"},{"@type":"ListItem","position":2,"name":"Confirmaron el fallecimiento de una ni\u00f1a en Entre R\u00edos por Streptococcus"}]},{"@type":"WebSite","@id":"https:\/\/informelitoral.com.ar\/#website","url":"https:\/\/informelitoral.com.ar\/","name":"Informe Litoral","description":"&quot;Nos informamos&quot; ","publisher":{"@id":"https:\/\/informelitoral.com.ar\/#organization"},"potentialAction":[{"@type":"SearchAction","target":{"@type":"EntryPoint","urlTemplate":"https:\/\/informelitoral.com.ar\/?s={search_term_string}"},"query-input":{"@type":"PropertyValueSpecification","valueRequired":true,"valueName":"search_term_string"}}],"inLanguage":"es"},{"@type":"Organization","@id":"https:\/\/informelitoral.com.ar\/#organization","name":"Informe Litoral","url":"https:\/\/informelitoral.com.ar\/","logo":{"@type":"ImageObject","inLanguage":"es","@id":"https:\/\/informelitoral.com.ar\/#\/schema\/logo\/image\/","url":"https:\/\/informelitoral.com.ar\/%77%70%2d%63%6f%6e%74%65%6e%74\/uploads\/2021\/01\/circulo.png","contentUrl":"https:\/\/informelitoral.com.ar\/%77%70%2d%63%6f%6e%74%65%6e%74\/uploads\/2021\/01\/circulo.png","width":723,"height":731,"caption":"Informe Litoral"},"image":{"@id":"https:\/\/informelitoral.com.ar\/#\/schema\/logo\/image\/"},"sameAs":["https:\/\/www.facebook.com\/informelitoral\/","https:\/\/x.com\/InformeLitoral","https:\/\/www.instagram.com\/informelitoral\/","https:\/\/www.youtube.com\/channel\/UCua4Qvz8Icb6MYqhoq9xLXw"]},{"@type":"Person","@id":"https:\/\/informelitoral.com.ar\/#\/schema\/person\/f05f9f461677119578717524b127d6d5","name":"Sebastian","image":{"@type":"ImageObject","inLanguage":"es","@id":"https:\/\/secure.gravatar.com\/avatar\/b71bf7481d447dfb9583c7f2798e7cc64de6efb9067b74633ed8c31059a3bd82?s=96&d=mm&r=g","url":"https:\/\/secure.gravatar.com\/avatar\/b71bf7481d447dfb9583c7f2798e7cc64de6efb9067b74633ed8c31059a3bd82?s=96&d=mm&r=g","contentUrl":"https:\/\/secure.gravatar.com\/avatar\/b71bf7481d447dfb9583c7f2798e7cc64de6efb9067b74633ed8c31059a3bd82?s=96&d=mm&r=g","caption":"Sebastian"},"url":"https:\/\/informelitoral.com.ar\/author\/sebastian\/"}]}},"_links":{"self":[{"href":"https:\/\/informelitoral.com.ar\/%77%70%2d%6a%73%6f%6e\/wp\/v2\/posts\/157331","targetHints":{"allow":["GET"]}}],"collection":[{"href":"https:\/\/informelitoral.com.ar\/%77%70%2d%6a%73%6f%6e\/wp\/v2\/posts"}],"about":[{"href":"https:\/\/informelitoral.com.ar\/%77%70%2d%6a%73%6f%6e\/wp\/v2\/types\/post"}],"author":[{"embeddable":true,"href":"https:\/\/informelitoral.com.ar\/%77%70%2d%6a%73%6f%6e\/wp\/v2\/users\/8"}],"replies":[{"embeddable":true,"href":"https:\/\/informelitoral.com.ar\/%77%70%2d%6a%73%6f%6e\/wp\/v2\/comments?post=157331"}],"version-history":[{"count":0,"href":"https:\/\/informelitoral.com.ar\/%77%70%2d%6a%73%6f%6e\/wp\/v2\/posts\/157331\/revisions"}],"wp:featuredmedia":[{"embeddable":true,"href":"https:\/\/informelitoral.com.ar\/%77%70%2d%6a%73%6f%6e\/wp\/v2\/media\/157334"}],"wp:attachment":[{"href":"https:\/\/informelitoral.com.ar\/%77%70%2d%6a%73%6f%6e\/wp\/v2\/media?parent=157331"}],"wp:term":[{"taxonomy":"category","embeddable":true,"href":"https:\/\/informelitoral.com.ar\/%77%70%2d%6a%73%6f%6e\/wp\/v2\/categories?post=157331"},{"taxonomy":"post_tag","embeddable":true,"href":"https:\/\/informelitoral.com.ar\/%77%70%2d%6a%73%6f%6e\/wp\/v2\/tags?post=157331"}],"curies":[{"name":"wp","href":"https:\/\/api.w.org\/{rel}","templated":true}]}}