{"id":157308,"date":"2023-07-12T09:17:18","date_gmt":"2023-07-12T12:17:18","guid":{"rendered":"https:\/\/www.informelitoral.com.ar\/?p=157308"},"modified":"2023-07-12T09:17:18","modified_gmt":"2023-07-12T12:17:18","slug":"messi-se-refirio-a-su-llegada-a-inter-miami-mi-mentalidad-y-cabeza-no-van-a-cambiar-voy-a-dar-el-maximo","status":"publish","type":"post","link":"https:\/\/informelitoral.com.ar\/messi-se-refirio-a-su-llegada-a-inter-miami-mi-mentalidad-y-cabeza-no-van-a-cambiar-voy-a-dar-el-maximo\/","title":{"rendered":"Messi se refiri\u00f3 a su llegada a Inter Miami: \u00abMi mentalidad y cabeza no van a cambiar, voy a dar el m\u00e1ximo\u00bb"},"content":{"rendered":"<p>El astro argentino\u00a0<strong>Lionel Messi,<\/strong>\u00a0que arribar\u00e1 entre hoy y ma\u00f1ana a Estados Unidos para convertirse en refuerzo estrella del Inter Miami,\u00a0<strong>habl\u00f3<\/strong>\u00a0tras\u00a0finalizar sus vacaciones en Bahamas,\u00a0<strong>sobre su desembarco en la Major League Soccer (MLS)<\/strong>, en el que<strong>\u00a0se<\/strong>r<strong>\u00e1 presentado el domingo 16<\/strong>\u00a0<strong>de julio<\/strong>, en un mega evento denominado \u00abThe Unveil\u00bb (La Revelaci\u00f3n).<\/p>\n<p>Ante este contexto y el nuevo desaf\u00edo, el campe\u00f3n del mundo en Qatar 2022,\u00a0 habl\u00f3 antes del hist\u00f3rico suceso para explicar su salida en condici\u00f3n de libre del Paris Saint-Germain (PSG), donde vivi\u00f3 algunas situaciones traum\u00e1ticas, y\u00a0<strong>los motivos que lo llevaron a elegir la MLS a sus 36 a\u00f1os<\/strong>.<\/p>\n<p>\u00ab<strong>Estamos felices de la decisi\u00f3n que tomamos. Preparados y con ganas de afrontar el nuevo desaf\u00edo, el nuevo cambio. Mi mentalidad y mi cabeza no van a cambiar y voy a intentar, donde me toque estar, dar el m\u00e1ximo para m\u00ed y para el club, seguir rindiendo al m\u00e1ximo nivel<\/strong>\u00ab, declar\u00f3\u00a0<strong>Messi\u00a0<\/strong>en el programa \u201cLlave a la Eternidad\u201d de la TV P\u00fablica.<\/p>\n<p>La presentaci\u00f3n del capit\u00e1n de la \u00abScaloneta\u00bb ser\u00e1 televisada y hasta podr\u00eda darse en el marco de la final de la Copa de Oro de la Concacaf entre Estados Unidos\/Panam\u00e1 y Jamaica\/M\u00e9xico.<\/p>\n<p>El posible\u00a0<strong>estreno de Messi<\/strong>, en tanto, est\u00e1 programado para el\u00a0<strong>21 de julio contra Cruz Azul\u00a0<\/strong>por la Leagues Cup en el DRV PNK Stadium. La otra opci\u00f3n es el\u00a0<strong>25 de julio<\/strong>, en el mismo escenario y por el torneo que une a los equipos de la MLS y el f\u00fatbol mexicano,\u00a0<strong>frente a Atlanta United<\/strong>, equipo que fue dirigido por\u00a0<strong>Gerardo Martino<\/strong>, su nuevo entrenador.<\/p>\n<p>La\u00a0<strong>MLS\u00a0<\/strong>entrar\u00e1 despu\u00e9s en receso y se volver\u00e1 a jugar a partir del 20 de agosto cuando\u00a0<strong>Inter Miami<\/strong>\u00a0reciba a Charlotte, donde juega Enzo Copetti (ex Racing). Este encuentro iniciar\u00e1 la serie de los \u00faltimos 12 partidos que marcar\u00e1n la suerte del equipo.<\/p>\n<p><strong>Inter Miami<\/strong>\u00a0est\u00e1 d\u00e9cimo quinto con 18 unidades y tiene que alcanzar el noveno puesto que actualmente es CF Montreal, con 26, para avanzar a los playoffs.<\/p>\n<p>Por otra parte, Messi agradeci\u00f3 el apoyo que le brind\u00f3 la generaci\u00f3n de hinchas que lo acompa\u00f1aron desde sus inicios: \u201c<strong>Sent\u00eda con los chicos en general, pero sobre todo en Argentina, donde yo pas\u00e9 situaciones dif\u00edciles y fui muy criticado, que hab\u00eda una generaci\u00f3n que me defend\u00eda a muerte y se peleaba con mucha gente por defenderme. Eso para m\u00ed es una hermosura\u00bb<\/strong>.<\/p>\n<p><strong>\u00abDejarle algo a ellos, en alg\u00fan punto, agradecerles por todo ese cari\u00f1o, peleas que tuvieron que pasar por m\u00ed, que una gran parte de esos chicos en alg\u00fan momento las tuvo que pasar, fue una satisfacci\u00f3n m\u00e1s grande tambi\u00e9n por ellos el haber conseguido la Copa del Mundo para todo el pa\u00eds\u201d<\/strong>, sentenci\u00f3.<\/p>\n","protected":false},"excerpt":{"rendered":"<p>El capit\u00e1n de la Selecci\u00f3n argentina ser\u00eda presentado este domingo. A los 36 a\u00f1os tendr\u00e1 su primera experiencia fuera de Europa.<\/p>\n","protected":false},"author":8,"featured_media":157309,"comment_status":"open","ping_status":"open","sticky":false,"template":"","format":"standard","meta":{"fifu_image_url":"","fifu_image_alt":"","footnotes":""},"categories":[13],"tags":[4249,1255],"class_list":{"0":"post-157308","1":"post","2":"type-post","3":"status-publish","4":"format-standard","5":"has-post-thumbnail","7":"category-deportes","8":"tag-inter-miami","9":"tag-lionel-messi"},"yoast_head":"<title>Messi se refiri\u00f3 a su llegada a Inter Miami: &quot;Mi mentalidad y cabeza no van a cambiar, voy a dar el m\u00e1ximo&quot; - Informe Litoral<\/title>\n<meta name=\"robots\" content=\"index, follow, max-snippet:-1, max-image-preview:large, max-video-preview:-1\" \/>\n<link rel=\"canonical\" href=\"https:\/\/informelitoral.com.ar\/messi-se-refirio-a-su-llegada-a-inter-miami-mi-mentalidad-y-cabeza-no-van-a-cambiar-voy-a-dar-el-maximo\/\" \/>\n<meta property=\"og:locale\" content=\"es_ES\" \/>\n<meta property=\"og:type\" content=\"article\" \/>\n<meta property=\"og:title\" content=\"Messi se refiri\u00f3 a su llegada a Inter Miami: &quot;Mi mentalidad y cabeza no van a cambiar, voy a dar el m\u00e1ximo&quot; - Informe Litoral\" \/>\n<meta property=\"og:description\" content=\"El capit\u00e1n de la Selecci\u00f3n argentina ser\u00eda presentado este domingo. A los 36 a\u00f1os tendr\u00e1 su primera experiencia fuera de Europa.\" \/>\n<meta property=\"og:url\" content=\"https:\/\/informelitoral.com.ar\/messi-se-refirio-a-su-llegada-a-inter-miami-mi-mentalidad-y-cabeza-no-van-a-cambiar-voy-a-dar-el-maximo\/\" \/>\n<meta property=\"og:site_name\" content=\"Informe Litoral\" \/>\n<meta property=\"article:publisher\" content=\"https:\/\/www.facebook.com\/informelitoral\/\" \/>\n<meta property=\"article:published_time\" content=\"2023-07-12T12:17:18+00:00\" \/>\n<meta property=\"og:image\" content=\"https:\/\/informelitoral.com.ar\/%77%70%2d%63%6f%6e%74%65%6e%74\/uploads\/2023\/07\/messi-1.jpg\" \/>\n\t<meta property=\"og:image:width\" content=\"768\" \/>\n\t<meta property=\"og:image:height\" content=\"433\" \/>\n\t<meta property=\"og:image:type\" content=\"image\/jpeg\" \/>\n<meta name=\"author\" content=\"Sebastian\" \/>\n<meta name=\"twitter:card\" content=\"summary_large_image\" \/>\n<meta name=\"twitter:creator\" content=\"@InformeLitoral\" \/>\n<meta name=\"twitter:site\" content=\"@InformeLitoral\" \/>\n<meta name=\"twitter:label1\" content=\"Escrito por\" \/>\n\t<meta name=\"twitter:data1\" content=\"Sebastian\" \/>\n\t<meta name=\"twitter:label2\" content=\"Tiempo de lectura\" \/>\n\t<meta name=\"twitter:data2\" content=\"2 minutos\" \/>\n<script type=\"application\/ld+json\" class=\"yoast-schema-graph\">{\"@context\":\"https:\\\/\\\/schema.org\",\"@graph\":[{\"@type\":\"Article\",\"@id\":\"https:\\\/\\\/informelitoral.com.ar\\\/messi-se-refirio-a-su-llegada-a-inter-miami-mi-mentalidad-y-cabeza-no-van-a-cambiar-voy-a-dar-el-maximo\\\/#article\",\"isPartOf\":{\"@id\":\"https:\\\/\\\/informelitoral.com.ar\\\/messi-se-refirio-a-su-llegada-a-inter-miami-mi-mentalidad-y-cabeza-no-van-a-cambiar-voy-a-dar-el-maximo\\\/\"},\"author\":{\"name\":\"Sebastian\",\"@id\":\"https:\\\/\\\/informelitoral.com.ar\\\/#\\\/schema\\\/person\\\/f05f9f461677119578717524b127d6d5\"},\"headline\":\"Messi se refiri\u00f3 a su llegada a Inter Miami: \u00abMi mentalidad y cabeza no van a cambiar, voy a dar el m\u00e1ximo\u00bb\",\"datePublished\":\"2023-07-12T12:17:18+00:00\",\"mainEntityOfPage\":{\"@id\":\"https:\\\/\\\/informelitoral.com.ar\\\/messi-se-refirio-a-su-llegada-a-inter-miami-mi-mentalidad-y-cabeza-no-van-a-cambiar-voy-a-dar-el-maximo\\\/\"},\"wordCount\":510,\"commentCount\":0,\"publisher\":{\"@id\":\"https:\\\/\\\/informelitoral.com.ar\\\/#organization\"},\"image\":{\"@id\":\"https:\\\/\\\/informelitoral.com.ar\\\/messi-se-refirio-a-su-llegada-a-inter-miami-mi-mentalidad-y-cabeza-no-van-a-cambiar-voy-a-dar-el-maximo\\\/#primaryimage\"},\"thumbnailUrl\":\"https:\\\/\\\/informelitoral.com.ar\\\/%77%70%2d%63%6f%6e%74%65%6e%74\\\/uploads\\\/2023\\\/07\\\/messi-1.jpg\",\"keywords\":[\"Inter Miami\",\"Lionel Messi\"],\"articleSection\":[\"Deportes\"],\"inLanguage\":\"es\",\"potentialAction\":[{\"@type\":\"CommentAction\",\"name\":\"Comment\",\"target\":[\"https:\\\/\\\/informelitoral.com.ar\\\/messi-se-refirio-a-su-llegada-a-inter-miami-mi-mentalidad-y-cabeza-no-van-a-cambiar-voy-a-dar-el-maximo\\\/#respond\"]}]},{\"@type\":\"WebPage\",\"@id\":\"https:\\\/\\\/informelitoral.com.ar\\\/messi-se-refirio-a-su-llegada-a-inter-miami-mi-mentalidad-y-cabeza-no-van-a-cambiar-voy-a-dar-el-maximo\\\/\",\"url\":\"https:\\\/\\\/informelitoral.com.ar\\\/messi-se-refirio-a-su-llegada-a-inter-miami-mi-mentalidad-y-cabeza-no-van-a-cambiar-voy-a-dar-el-maximo\\\/\",\"name\":\"Messi se refiri\u00f3 a su llegada a Inter Miami: \\\"Mi mentalidad y cabeza no van a cambiar, voy a dar el m\u00e1ximo\\\" - Informe Litoral\",\"isPartOf\":{\"@id\":\"https:\\\/\\\/informelitoral.com.ar\\\/#website\"},\"primaryImageOfPage\":{\"@id\":\"https:\\\/\\\/informelitoral.com.ar\\\/messi-se-refirio-a-su-llegada-a-inter-miami-mi-mentalidad-y-cabeza-no-van-a-cambiar-voy-a-dar-el-maximo\\\/#primaryimage\"},\"image\":{\"@id\":\"https:\\\/\\\/informelitoral.com.ar\\\/messi-se-refirio-a-su-llegada-a-inter-miami-mi-mentalidad-y-cabeza-no-van-a-cambiar-voy-a-dar-el-maximo\\\/#primaryimage\"},\"thumbnailUrl\":\"https:\\\/\\\/informelitoral.com.ar\\\/%77%70%2d%63%6f%6e%74%65%6e%74\\\/uploads\\\/2023\\\/07\\\/messi-1.jpg\",\"datePublished\":\"2023-07-12T12:17:18+00:00\",\"breadcrumb\":{\"@id\":\"https:\\\/\\\/informelitoral.com.ar\\\/messi-se-refirio-a-su-llegada-a-inter-miami-mi-mentalidad-y-cabeza-no-van-a-cambiar-voy-a-dar-el-maximo\\\/#breadcrumb\"},\"inLanguage\":\"es\",\"potentialAction\":[{\"@type\":\"ReadAction\",\"target\":[\"https:\\\/\\\/informelitoral.com.ar\\\/messi-se-refirio-a-su-llegada-a-inter-miami-mi-mentalidad-y-cabeza-no-van-a-cambiar-voy-a-dar-el-maximo\\\/\"]}]},{\"@type\":\"ImageObject\",\"inLanguage\":\"es\",\"@id\":\"https:\\\/\\\/informelitoral.com.ar\\\/messi-se-refirio-a-su-llegada-a-inter-miami-mi-mentalidad-y-cabeza-no-van-a-cambiar-voy-a-dar-el-maximo\\\/#primaryimage\",\"url\":\"https:\\\/\\\/informelitoral.com.ar\\\/%77%70%2d%63%6f%6e%74%65%6e%74\\\/uploads\\\/2023\\\/07\\\/messi-1.jpg\",\"contentUrl\":\"https:\\\/\\\/informelitoral.com.ar\\\/%77%70%2d%63%6f%6e%74%65%6e%74\\\/uploads\\\/2023\\\/07\\\/messi-1.jpg\",\"width\":768,\"height\":433},{\"@type\":\"BreadcrumbList\",\"@id\":\"https:\\\/\\\/informelitoral.com.ar\\\/messi-se-refirio-a-su-llegada-a-inter-miami-mi-mentalidad-y-cabeza-no-van-a-cambiar-voy-a-dar-el-maximo\\\/#breadcrumb\",\"itemListElement\":[{\"@type\":\"ListItem\",\"position\":1,\"name\":\"Portada\",\"item\":\"https:\\\/\\\/informelitoral.com.ar\\\/\"},{\"@type\":\"ListItem\",\"position\":2,\"name\":\"Messi se refiri\u00f3 a su llegada a Inter Miami: \u00abMi mentalidad y cabeza no van a cambiar, voy a dar el m\u00e1ximo\u00bb\"}]},{\"@type\":\"WebSite\",\"@id\":\"https:\\\/\\\/informelitoral.com.ar\\\/#website\",\"url\":\"https:\\\/\\\/informelitoral.com.ar\\\/\",\"name\":\"Informe Litoral\",\"description\":\"&quot;Nos informamos&quot; \",\"publisher\":{\"@id\":\"https:\\\/\\\/informelitoral.com.ar\\\/#organization\"},\"potentialAction\":[{\"@type\":\"SearchAction\",\"target\":{\"@type\":\"EntryPoint\",\"urlTemplate\":\"https:\\\/\\\/informelitoral.com.ar\\\/?s={search_term_string}\"},\"query-input\":{\"@type\":\"PropertyValueSpecification\",\"valueRequired\":true,\"valueName\":\"search_term_string\"}}],\"inLanguage\":\"es\"},{\"@type\":\"Organization\",\"@id\":\"https:\\\/\\\/informelitoral.com.ar\\\/#organization\",\"name\":\"Informe Litoral\",\"url\":\"https:\\\/\\\/informelitoral.com.ar\\\/\",\"logo\":{\"@type\":\"ImageObject\",\"inLanguage\":\"es\",\"@id\":\"https:\\\/\\\/informelitoral.com.ar\\\/#\\\/schema\\\/logo\\\/image\\\/\",\"url\":\"https:\\\/\\\/informelitoral.com.ar\\\/%77%70%2d%63%6f%6e%74%65%6e%74\\\/uploads\\\/2021\\\/01\\\/circulo.png\",\"contentUrl\":\"https:\\\/\\\/informelitoral.com.ar\\\/%77%70%2d%63%6f%6e%74%65%6e%74\\\/uploads\\\/2021\\\/01\\\/circulo.png\",\"width\":723,\"height\":731,\"caption\":\"Informe Litoral\"},\"image\":{\"@id\":\"https:\\\/\\\/informelitoral.com.ar\\\/#\\\/schema\\\/logo\\\/image\\\/\"},\"sameAs\":[\"https:\\\/\\\/www.facebook.com\\\/informelitoral\\\/\",\"https:\\\/\\\/x.com\\\/InformeLitoral\",\"https:\\\/\\\/www.instagram.com\\\/informelitoral\\\/\",\"https:\\\/\\\/www.youtube.com\\\/channel\\\/UCua4Qvz8Icb6MYqhoq9xLXw\"]},{\"@type\":\"Person\",\"@id\":\"https:\\\/\\\/informelitoral.com.ar\\\/#\\\/schema\\\/person\\\/f05f9f461677119578717524b127d6d5\",\"name\":\"Sebastian\",\"image\":{\"@type\":\"ImageObject\",\"inLanguage\":\"es\",\"@id\":\"https:\\\/\\\/secure.gravatar.com\\\/avatar\\\/b71bf7481d447dfb9583c7f2798e7cc64de6efb9067b74633ed8c31059a3bd82?s=96&d=mm&r=g\",\"url\":\"https:\\\/\\\/secure.gravatar.com\\\/avatar\\\/b71bf7481d447dfb9583c7f2798e7cc64de6efb9067b74633ed8c31059a3bd82?s=96&d=mm&r=g\",\"contentUrl\":\"https:\\\/\\\/secure.gravatar.com\\\/avatar\\\/b71bf7481d447dfb9583c7f2798e7cc64de6efb9067b74633ed8c31059a3bd82?s=96&d=mm&r=g\",\"caption\":\"Sebastian\"},\"url\":\"https:\\\/\\\/informelitoral.com.ar\\\/author\\\/sebastian\\\/\"}]}<\/script>","yoast_head_json":{"title":"Messi se refiri\u00f3 a su llegada a Inter Miami: \"Mi mentalidad y cabeza no van a cambiar, voy a dar el m\u00e1ximo\" - Informe Litoral","robots":{"index":"index","follow":"follow","max-snippet":"max-snippet:-1","max-image-preview":"max-image-preview:large","max-video-preview":"max-video-preview:-1"},"canonical":"https:\/\/informelitoral.com.ar\/messi-se-refirio-a-su-llegada-a-inter-miami-mi-mentalidad-y-cabeza-no-van-a-cambiar-voy-a-dar-el-maximo\/","og_locale":"es_ES","og_type":"article","og_title":"Messi se refiri\u00f3 a su llegada a Inter Miami: \"Mi mentalidad y cabeza no van a cambiar, voy a dar el m\u00e1ximo\" - Informe Litoral","og_description":"El capit\u00e1n de la Selecci\u00f3n argentina ser\u00eda presentado este domingo. A los 36 a\u00f1os tendr\u00e1 su primera experiencia fuera de Europa.","og_url":"https:\/\/informelitoral.com.ar\/messi-se-refirio-a-su-llegada-a-inter-miami-mi-mentalidad-y-cabeza-no-van-a-cambiar-voy-a-dar-el-maximo\/","og_site_name":"Informe Litoral","article_publisher":"https:\/\/www.facebook.com\/informelitoral\/","article_published_time":"2023-07-12T12:17:18+00:00","og_image":[{"width":768,"height":433,"url":"https:\/\/informelitoral.com.ar\/%77%70%2d%63%6f%6e%74%65%6e%74\/uploads\/2023\/07\/messi-1.jpg","type":"image\/jpeg"}],"author":"Sebastian","twitter_card":"summary_large_image","twitter_creator":"@InformeLitoral","twitter_site":"@InformeLitoral","twitter_misc":{"Escrito por":"Sebastian","Tiempo de lectura":"2 minutos"},"schema":{"@context":"https:\/\/schema.org","@graph":[{"@type":"Article","@id":"https:\/\/informelitoral.com.ar\/messi-se-refirio-a-su-llegada-a-inter-miami-mi-mentalidad-y-cabeza-no-van-a-cambiar-voy-a-dar-el-maximo\/#article","isPartOf":{"@id":"https:\/\/informelitoral.com.ar\/messi-se-refirio-a-su-llegada-a-inter-miami-mi-mentalidad-y-cabeza-no-van-a-cambiar-voy-a-dar-el-maximo\/"},"author":{"name":"Sebastian","@id":"https:\/\/informelitoral.com.ar\/#\/schema\/person\/f05f9f461677119578717524b127d6d5"},"headline":"Messi se refiri\u00f3 a su llegada a Inter Miami: \u00abMi mentalidad y cabeza no van a cambiar, voy a dar el m\u00e1ximo\u00bb","datePublished":"2023-07-12T12:17:18+00:00","mainEntityOfPage":{"@id":"https:\/\/informelitoral.com.ar\/messi-se-refirio-a-su-llegada-a-inter-miami-mi-mentalidad-y-cabeza-no-van-a-cambiar-voy-a-dar-el-maximo\/"},"wordCount":510,"commentCount":0,"publisher":{"@id":"https:\/\/informelitoral.com.ar\/#organization"},"image":{"@id":"https:\/\/informelitoral.com.ar\/messi-se-refirio-a-su-llegada-a-inter-miami-mi-mentalidad-y-cabeza-no-van-a-cambiar-voy-a-dar-el-maximo\/#primaryimage"},"thumbnailUrl":"https:\/\/informelitoral.com.ar\/%77%70%2d%63%6f%6e%74%65%6e%74\/uploads\/2023\/07\/messi-1.jpg","keywords":["Inter Miami","Lionel Messi"],"articleSection":["Deportes"],"inLanguage":"es","potentialAction":[{"@type":"CommentAction","name":"Comment","target":["https:\/\/informelitoral.com.ar\/messi-se-refirio-a-su-llegada-a-inter-miami-mi-mentalidad-y-cabeza-no-van-a-cambiar-voy-a-dar-el-maximo\/#respond"]}]},{"@type":"WebPage","@id":"https:\/\/informelitoral.com.ar\/messi-se-refirio-a-su-llegada-a-inter-miami-mi-mentalidad-y-cabeza-no-van-a-cambiar-voy-a-dar-el-maximo\/","url":"https:\/\/informelitoral.com.ar\/messi-se-refirio-a-su-llegada-a-inter-miami-mi-mentalidad-y-cabeza-no-van-a-cambiar-voy-a-dar-el-maximo\/","name":"Messi se refiri\u00f3 a su llegada a Inter Miami: \"Mi mentalidad y cabeza no van a cambiar, voy a dar el m\u00e1ximo\" - Informe Litoral","isPartOf":{"@id":"https:\/\/informelitoral.com.ar\/#website"},"primaryImageOfPage":{"@id":"https:\/\/informelitoral.com.ar\/messi-se-refirio-a-su-llegada-a-inter-miami-mi-mentalidad-y-cabeza-no-van-a-cambiar-voy-a-dar-el-maximo\/#primaryimage"},"image":{"@id":"https:\/\/informelitoral.com.ar\/messi-se-refirio-a-su-llegada-a-inter-miami-mi-mentalidad-y-cabeza-no-van-a-cambiar-voy-a-dar-el-maximo\/#primaryimage"},"thumbnailUrl":"https:\/\/informelitoral.com.ar\/%77%70%2d%63%6f%6e%74%65%6e%74\/uploads\/2023\/07\/messi-1.jpg","datePublished":"2023-07-12T12:17:18+00:00","breadcrumb":{"@id":"https:\/\/informelitoral.com.ar\/messi-se-refirio-a-su-llegada-a-inter-miami-mi-mentalidad-y-cabeza-no-van-a-cambiar-voy-a-dar-el-maximo\/#breadcrumb"},"inLanguage":"es","potentialAction":[{"@type":"ReadAction","target":["https:\/\/informelitoral.com.ar\/messi-se-refirio-a-su-llegada-a-inter-miami-mi-mentalidad-y-cabeza-no-van-a-cambiar-voy-a-dar-el-maximo\/"]}]},{"@type":"ImageObject","inLanguage":"es","@id":"https:\/\/informelitoral.com.ar\/messi-se-refirio-a-su-llegada-a-inter-miami-mi-mentalidad-y-cabeza-no-van-a-cambiar-voy-a-dar-el-maximo\/#primaryimage","url":"https:\/\/informelitoral.com.ar\/%77%70%2d%63%6f%6e%74%65%6e%74\/uploads\/2023\/07\/messi-1.jpg","contentUrl":"https:\/\/informelitoral.com.ar\/%77%70%2d%63%6f%6e%74%65%6e%74\/uploads\/2023\/07\/messi-1.jpg","width":768,"height":433},{"@type":"BreadcrumbList","@id":"https:\/\/informelitoral.com.ar\/messi-se-refirio-a-su-llegada-a-inter-miami-mi-mentalidad-y-cabeza-no-van-a-cambiar-voy-a-dar-el-maximo\/#breadcrumb","itemListElement":[{"@type":"ListItem","position":1,"name":"Portada","item":"https:\/\/informelitoral.com.ar\/"},{"@type":"ListItem","position":2,"name":"Messi se refiri\u00f3 a su llegada a Inter Miami: \u00abMi mentalidad y cabeza no van a cambiar, voy a dar el m\u00e1ximo\u00bb"}]},{"@type":"WebSite","@id":"https:\/\/informelitoral.com.ar\/#website","url":"https:\/\/informelitoral.com.ar\/","name":"Informe Litoral","description":"&quot;Nos informamos&quot; ","publisher":{"@id":"https:\/\/informelitoral.com.ar\/#organization"},"potentialAction":[{"@type":"SearchAction","target":{"@type":"EntryPoint","urlTemplate":"https:\/\/informelitoral.com.ar\/?s={search_term_string}"},"query-input":{"@type":"PropertyValueSpecification","valueRequired":true,"valueName":"search_term_string"}}],"inLanguage":"es"},{"@type":"Organization","@id":"https:\/\/informelitoral.com.ar\/#organization","name":"Informe Litoral","url":"https:\/\/informelitoral.com.ar\/","logo":{"@type":"ImageObject","inLanguage":"es","@id":"https:\/\/informelitoral.com.ar\/#\/schema\/logo\/image\/","url":"https:\/\/informelitoral.com.ar\/%77%70%2d%63%6f%6e%74%65%6e%74\/uploads\/2021\/01\/circulo.png","contentUrl":"https:\/\/informelitoral.com.ar\/%77%70%2d%63%6f%6e%74%65%6e%74\/uploads\/2021\/01\/circulo.png","width":723,"height":731,"caption":"Informe Litoral"},"image":{"@id":"https:\/\/informelitoral.com.ar\/#\/schema\/logo\/image\/"},"sameAs":["https:\/\/www.facebook.com\/informelitoral\/","https:\/\/x.com\/InformeLitoral","https:\/\/www.instagram.com\/informelitoral\/","https:\/\/www.youtube.com\/channel\/UCua4Qvz8Icb6MYqhoq9xLXw"]},{"@type":"Person","@id":"https:\/\/informelitoral.com.ar\/#\/schema\/person\/f05f9f461677119578717524b127d6d5","name":"Sebastian","image":{"@type":"ImageObject","inLanguage":"es","@id":"https:\/\/secure.gravatar.com\/avatar\/b71bf7481d447dfb9583c7f2798e7cc64de6efb9067b74633ed8c31059a3bd82?s=96&d=mm&r=g","url":"https:\/\/secure.gravatar.com\/avatar\/b71bf7481d447dfb9583c7f2798e7cc64de6efb9067b74633ed8c31059a3bd82?s=96&d=mm&r=g","contentUrl":"https:\/\/secure.gravatar.com\/avatar\/b71bf7481d447dfb9583c7f2798e7cc64de6efb9067b74633ed8c31059a3bd82?s=96&d=mm&r=g","caption":"Sebastian"},"url":"https:\/\/informelitoral.com.ar\/author\/sebastian\/"}]}},"_links":{"self":[{"href":"https:\/\/informelitoral.com.ar\/%77%70%2d%6a%73%6f%6e\/wp\/v2\/posts\/157308","targetHints":{"allow":["GET"]}}],"collection":[{"href":"https:\/\/informelitoral.com.ar\/%77%70%2d%6a%73%6f%6e\/wp\/v2\/posts"}],"about":[{"href":"https:\/\/informelitoral.com.ar\/%77%70%2d%6a%73%6f%6e\/wp\/v2\/types\/post"}],"author":[{"embeddable":true,"href":"https:\/\/informelitoral.com.ar\/%77%70%2d%6a%73%6f%6e\/wp\/v2\/users\/8"}],"replies":[{"embeddable":true,"href":"https:\/\/informelitoral.com.ar\/%77%70%2d%6a%73%6f%6e\/wp\/v2\/comments?post=157308"}],"version-history":[{"count":0,"href":"https:\/\/informelitoral.com.ar\/%77%70%2d%6a%73%6f%6e\/wp\/v2\/posts\/157308\/revisions"}],"wp:featuredmedia":[{"embeddable":true,"href":"https:\/\/informelitoral.com.ar\/%77%70%2d%6a%73%6f%6e\/wp\/v2\/media\/157309"}],"wp:attachment":[{"href":"https:\/\/informelitoral.com.ar\/%77%70%2d%6a%73%6f%6e\/wp\/v2\/media?parent=157308"}],"wp:term":[{"taxonomy":"category","embeddable":true,"href":"https:\/\/informelitoral.com.ar\/%77%70%2d%6a%73%6f%6e\/wp\/v2\/categories?post=157308"},{"taxonomy":"post_tag","embeddable":true,"href":"https:\/\/informelitoral.com.ar\/%77%70%2d%6a%73%6f%6e\/wp\/v2\/tags?post=157308"}],"curies":[{"name":"wp","href":"https:\/\/api.w.org\/{rel}","templated":true}]}}