{"id":156975,"date":"2023-07-10T09:36:27","date_gmt":"2023-07-10T12:36:27","guid":{"rendered":"https:\/\/www.informelitoral.com.ar\/?p=156975"},"modified":"2023-07-10T16:30:39","modified_gmt":"2023-07-10T19:30:39","slug":"la-provincia-acompano-a-una-cooperativa-electrica-en-la-firma-de-un-contrato-prestamo-ante-nacion","status":"publish","type":"post","link":"https:\/\/informelitoral.com.ar\/la-provincia-acompano-a-una-cooperativa-electrica-en-la-firma-de-un-contrato-prestamo-ante-nacion\/","title":{"rendered":"La provincia acompa\u00f1\u00f3 a una cooperativa el\u00e9ctrica en la firma de un contrato pr\u00e9stamo ante Naci\u00f3n"},"content":{"rendered":"<p>En esta ocasi\u00f3n, se construir\u00e1 una nueva Subestaci\u00f3n Transformadora en Ram\u00edrez, departamento Diamante.<\/p>\n<p>La secretaria de Energ\u00eda, <strong>Silvina Guerra<\/strong>, acompa\u00f1\u00f3 a los representantes de la Cooperativa de Servicios P\u00fablicos General Jos\u00e9 de San Mart\u00edn en el acto de firma del contrato de pr\u00e9stamo por 29.584.000 pesos otorgado por Secretar\u00eda de Energ\u00eda de la Naci\u00f3n. Es para la construcci\u00f3n de una nueva Subestaci\u00f3n Transformadora (SET) en General Ram\u00edrez, departamento Diamante. El financiamiento proviene del Fondo Especial de Desarrollo El\u00e9ctrico del Interior (Fedei) que administra el Consejo Federal de la Energ\u00eda El\u00e9ctrica (CFEE), \u00f3rgano conformado por la Secretar\u00eda de Energ\u00eda de la Naci\u00f3n y representantes de cada una de las provincias.<\/p>\n<p>La Secretar\u00eda de Energ\u00eda de Entre R\u00edos desempe\u00f1a una funci\u00f3n administrativa primordial para que este proceso se lleve a cabo de manera efectiva y exitosa. Es el nexo entre las cooperativas el\u00e9ctricas y el Consejo de la Energ\u00eda El\u00e9ctrica (CFEE) con el objetivo de canalizar las demandas hacia la Secretar\u00eda de Energ\u00eda de la Naci\u00f3n. El proceso de solicitud de este tipo de cr\u00e9ditos comienza con un trabajo activo de la Coordinaci\u00f3n de Cooperativas El\u00e9ctricas de la provincia, a cargo de <strong>Mart\u00edn Campagnoni<\/strong>, donde se corrobora toda la documentaci\u00f3n y se trabaja para concretarlo.<\/p>\n<p>Esta nueva SET se ubicar\u00e1 en proximidad al acceso de la localidad y tiene como objetivo reemplazar la actual. Alimentar\u00e1 aproximadamente el 50% de su \u00e1rea de concesi\u00f3n abasteciendo unas 110.000 hect\u00e1reas dedicadas a la actividad productiva y alrededor de 850 usuarios. Adem\u00e1s de significar una mejora sustancial en la calidad del suministro el\u00e9ctrico para las zonas de Don Crist\u00f3bal 1ero y 2do, Crucesitas Tercera, Betbeder, Aranguren y Hern\u00e1ndez. La potencia ser\u00e1 de 33\/13,2 kV y contar\u00e1 con dos campos transformadores de 2 MVA cada uno.<\/p>\n<p>\u201cAgradecemos la escucha activa de quienes llevan adelante la gesti\u00f3n energ\u00e9tica nacional. Hacer posible este tipo de cr\u00e9ditos, con tasas y modo de pago accesibles, permiten a las cooperativas el\u00e9ctricas trabajar en el fortalecimiento de su infraestructura el\u00e9ctrica. En esta ocasi\u00f3n, traer\u00e1 un beneficio y soluci\u00f3n indiscutible para las y los pobladores de estas zonas\u201d, asever\u00f3 Guerra. Y agreg\u00f3: \u201cEl trabajo articulado entre Naci\u00f3n y provincia genera estos resultados: un impacto positivo y concreto. Tanto para las cooperativas el\u00e9ctricas entrerrianas, que aumentan su capacidad operativa, como para los vecinos y vecinas, a quienes se les lleva un servicio el\u00e9ctrico m\u00e1s asequible\u00bb.<\/p>\n","protected":false},"excerpt":{"rendered":"<p>La provincia acompa\u00f1\u00f3 a la Cooperativa El\u00e9ctrica General San Mart\u00edn a la firma de un contrato pr\u00e9stamo en la Secretar\u00eda de Energ\u00eda de la Naci\u00f3n. Gracias al trabajo articulado entre Naci\u00f3n y provincia, se ponen a disposici\u00f3n herramientas financieras accesibles.<\/p>\n","protected":false},"author":8,"featured_media":156977,"comment_status":"open","ping_status":"open","sticky":false,"template":"","format":"standard","meta":{"fifu_image_url":"","fifu_image_alt":"","footnotes":""},"categories":[6],"tags":[4282,627],"class_list":{"0":"post-156975","1":"post","2":"type-post","3":"status-publish","4":"format-standard","5":"has-post-thumbnail","7":"category-entre-rios","8":"tag-cooperativa-electrica","9":"tag-energia-electrica"},"yoast_head":"<title>La provincia acompa\u00f1\u00f3 a una cooperativa el\u00e9ctrica en la firma de un contrato pr\u00e9stamo ante Naci\u00f3n - Informe Litoral<\/title>\n<meta name=\"robots\" content=\"index, follow, max-snippet:-1, max-image-preview:large, max-video-preview:-1\" \/>\n<link rel=\"canonical\" href=\"https:\/\/informelitoral.com.ar\/la-provincia-acompano-a-una-cooperativa-electrica-en-la-firma-de-un-contrato-prestamo-ante-nacion\/\" \/>\n<meta property=\"og:locale\" content=\"es_ES\" \/>\n<meta property=\"og:type\" content=\"article\" \/>\n<meta property=\"og:title\" content=\"La provincia acompa\u00f1\u00f3 a una cooperativa el\u00e9ctrica en la firma de un contrato pr\u00e9stamo ante Naci\u00f3n - Informe Litoral\" \/>\n<meta property=\"og:description\" content=\"La provincia acompa\u00f1\u00f3 a la Cooperativa El\u00e9ctrica General San Mart\u00edn a la firma de un contrato pr\u00e9stamo en la Secretar\u00eda de Energ\u00eda de la Naci\u00f3n. Gracias al trabajo articulado entre Naci\u00f3n y provincia, se ponen a disposici\u00f3n herramientas financieras accesibles.\" \/>\n<meta property=\"og:url\" content=\"https:\/\/informelitoral.com.ar\/la-provincia-acompano-a-una-cooperativa-electrica-en-la-firma-de-un-contrato-prestamo-ante-nacion\/\" \/>\n<meta property=\"og:site_name\" content=\"Informe Litoral\" \/>\n<meta property=\"article:publisher\" content=\"https:\/\/www.facebook.com\/informelitoral\/\" \/>\n<meta property=\"article:published_time\" content=\"2023-07-10T12:36:27+00:00\" \/>\n<meta property=\"article:modified_time\" content=\"2023-07-10T19:30:39+00:00\" \/>\n<meta property=\"og:image\" content=\"https:\/\/informelitoral.com.ar\/%77%70%2d%63%6f%6e%74%65%6e%74\/uploads\/2023\/07\/p_1688988960.jpeg\" \/>\n\t<meta property=\"og:image:width\" content=\"1920\" \/>\n\t<meta property=\"og:image:height\" content=\"800\" \/>\n\t<meta property=\"og:image:type\" content=\"image\/jpeg\" \/>\n<meta name=\"author\" content=\"Sebastian\" \/>\n<meta name=\"twitter:card\" content=\"summary_large_image\" \/>\n<meta name=\"twitter:creator\" content=\"@InformeLitoral\" \/>\n<meta name=\"twitter:site\" content=\"@InformeLitoral\" \/>\n<meta name=\"twitter:label1\" content=\"Escrito por\" \/>\n\t<meta name=\"twitter:data1\" content=\"Sebastian\" \/>\n\t<meta name=\"twitter:label2\" content=\"Tiempo de lectura\" \/>\n\t<meta name=\"twitter:data2\" content=\"2 minutos\" \/>\n<script type=\"application\/ld+json\" class=\"yoast-schema-graph\">{\"@context\":\"https:\\\/\\\/schema.org\",\"@graph\":[{\"@type\":\"Article\",\"@id\":\"https:\\\/\\\/informelitoral.com.ar\\\/la-provincia-acompano-a-una-cooperativa-electrica-en-la-firma-de-un-contrato-prestamo-ante-nacion\\\/#article\",\"isPartOf\":{\"@id\":\"https:\\\/\\\/informelitoral.com.ar\\\/la-provincia-acompano-a-una-cooperativa-electrica-en-la-firma-de-un-contrato-prestamo-ante-nacion\\\/\"},\"author\":{\"name\":\"Sebastian\",\"@id\":\"https:\\\/\\\/informelitoral.com.ar\\\/#\\\/schema\\\/person\\\/f05f9f461677119578717524b127d6d5\"},\"headline\":\"La provincia acompa\u00f1\u00f3 a una cooperativa el\u00e9ctrica en la firma de un contrato pr\u00e9stamo ante Naci\u00f3n\",\"datePublished\":\"2023-07-10T12:36:27+00:00\",\"dateModified\":\"2023-07-10T19:30:39+00:00\",\"mainEntityOfPage\":{\"@id\":\"https:\\\/\\\/informelitoral.com.ar\\\/la-provincia-acompano-a-una-cooperativa-electrica-en-la-firma-de-un-contrato-prestamo-ante-nacion\\\/\"},\"wordCount\":455,\"commentCount\":0,\"publisher\":{\"@id\":\"https:\\\/\\\/informelitoral.com.ar\\\/#organization\"},\"image\":{\"@id\":\"https:\\\/\\\/informelitoral.com.ar\\\/la-provincia-acompano-a-una-cooperativa-electrica-en-la-firma-de-un-contrato-prestamo-ante-nacion\\\/#primaryimage\"},\"thumbnailUrl\":\"https:\\\/\\\/informelitoral.com.ar\\\/%77%70%2d%63%6f%6e%74%65%6e%74\\\/uploads\\\/2023\\\/07\\\/p_1688988960.jpeg\",\"keywords\":[\"Cooperativa el\u00e9ctrica\",\"Energ\u00eda el\u00e9ctrica\"],\"articleSection\":[\"Entre R\u00edos\"],\"inLanguage\":\"es\",\"potentialAction\":[{\"@type\":\"CommentAction\",\"name\":\"Comment\",\"target\":[\"https:\\\/\\\/informelitoral.com.ar\\\/la-provincia-acompano-a-una-cooperativa-electrica-en-la-firma-de-un-contrato-prestamo-ante-nacion\\\/#respond\"]}]},{\"@type\":\"WebPage\",\"@id\":\"https:\\\/\\\/informelitoral.com.ar\\\/la-provincia-acompano-a-una-cooperativa-electrica-en-la-firma-de-un-contrato-prestamo-ante-nacion\\\/\",\"url\":\"https:\\\/\\\/informelitoral.com.ar\\\/la-provincia-acompano-a-una-cooperativa-electrica-en-la-firma-de-un-contrato-prestamo-ante-nacion\\\/\",\"name\":\"La provincia acompa\u00f1\u00f3 a una cooperativa el\u00e9ctrica en la firma de un contrato pr\u00e9stamo ante Naci\u00f3n - Informe Litoral\",\"isPartOf\":{\"@id\":\"https:\\\/\\\/informelitoral.com.ar\\\/#website\"},\"primaryImageOfPage\":{\"@id\":\"https:\\\/\\\/informelitoral.com.ar\\\/la-provincia-acompano-a-una-cooperativa-electrica-en-la-firma-de-un-contrato-prestamo-ante-nacion\\\/#primaryimage\"},\"image\":{\"@id\":\"https:\\\/\\\/informelitoral.com.ar\\\/la-provincia-acompano-a-una-cooperativa-electrica-en-la-firma-de-un-contrato-prestamo-ante-nacion\\\/#primaryimage\"},\"thumbnailUrl\":\"https:\\\/\\\/informelitoral.com.ar\\\/%77%70%2d%63%6f%6e%74%65%6e%74\\\/uploads\\\/2023\\\/07\\\/p_1688988960.jpeg\",\"datePublished\":\"2023-07-10T12:36:27+00:00\",\"dateModified\":\"2023-07-10T19:30:39+00:00\",\"breadcrumb\":{\"@id\":\"https:\\\/\\\/informelitoral.com.ar\\\/la-provincia-acompano-a-una-cooperativa-electrica-en-la-firma-de-un-contrato-prestamo-ante-nacion\\\/#breadcrumb\"},\"inLanguage\":\"es\",\"potentialAction\":[{\"@type\":\"ReadAction\",\"target\":[\"https:\\\/\\\/informelitoral.com.ar\\\/la-provincia-acompano-a-una-cooperativa-electrica-en-la-firma-de-un-contrato-prestamo-ante-nacion\\\/\"]}]},{\"@type\":\"ImageObject\",\"inLanguage\":\"es\",\"@id\":\"https:\\\/\\\/informelitoral.com.ar\\\/la-provincia-acompano-a-una-cooperativa-electrica-en-la-firma-de-un-contrato-prestamo-ante-nacion\\\/#primaryimage\",\"url\":\"https:\\\/\\\/informelitoral.com.ar\\\/%77%70%2d%63%6f%6e%74%65%6e%74\\\/uploads\\\/2023\\\/07\\\/p_1688988960.jpeg\",\"contentUrl\":\"https:\\\/\\\/informelitoral.com.ar\\\/%77%70%2d%63%6f%6e%74%65%6e%74\\\/uploads\\\/2023\\\/07\\\/p_1688988960.jpeg\",\"width\":1920,\"height\":800},{\"@type\":\"BreadcrumbList\",\"@id\":\"https:\\\/\\\/informelitoral.com.ar\\\/la-provincia-acompano-a-una-cooperativa-electrica-en-la-firma-de-un-contrato-prestamo-ante-nacion\\\/#breadcrumb\",\"itemListElement\":[{\"@type\":\"ListItem\",\"position\":1,\"name\":\"Portada\",\"item\":\"https:\\\/\\\/informelitoral.com.ar\\\/\"},{\"@type\":\"ListItem\",\"position\":2,\"name\":\"La provincia acompa\u00f1\u00f3 a una cooperativa el\u00e9ctrica en la firma de un contrato pr\u00e9stamo ante Naci\u00f3n\"}]},{\"@type\":\"WebSite\",\"@id\":\"https:\\\/\\\/informelitoral.com.ar\\\/#website\",\"url\":\"https:\\\/\\\/informelitoral.com.ar\\\/\",\"name\":\"Informe Litoral\",\"description\":\"&quot;Nos informamos&quot; \",\"publisher\":{\"@id\":\"https:\\\/\\\/informelitoral.com.ar\\\/#organization\"},\"potentialAction\":[{\"@type\":\"SearchAction\",\"target\":{\"@type\":\"EntryPoint\",\"urlTemplate\":\"https:\\\/\\\/informelitoral.com.ar\\\/?s={search_term_string}\"},\"query-input\":{\"@type\":\"PropertyValueSpecification\",\"valueRequired\":true,\"valueName\":\"search_term_string\"}}],\"inLanguage\":\"es\"},{\"@type\":\"Organization\",\"@id\":\"https:\\\/\\\/informelitoral.com.ar\\\/#organization\",\"name\":\"Informe Litoral\",\"url\":\"https:\\\/\\\/informelitoral.com.ar\\\/\",\"logo\":{\"@type\":\"ImageObject\",\"inLanguage\":\"es\",\"@id\":\"https:\\\/\\\/informelitoral.com.ar\\\/#\\\/schema\\\/logo\\\/image\\\/\",\"url\":\"https:\\\/\\\/informelitoral.com.ar\\\/%77%70%2d%63%6f%6e%74%65%6e%74\\\/uploads\\\/2021\\\/01\\\/circulo.png\",\"contentUrl\":\"https:\\\/\\\/informelitoral.com.ar\\\/%77%70%2d%63%6f%6e%74%65%6e%74\\\/uploads\\\/2021\\\/01\\\/circulo.png\",\"width\":723,\"height\":731,\"caption\":\"Informe Litoral\"},\"image\":{\"@id\":\"https:\\\/\\\/informelitoral.com.ar\\\/#\\\/schema\\\/logo\\\/image\\\/\"},\"sameAs\":[\"https:\\\/\\\/www.facebook.com\\\/informelitoral\\\/\",\"https:\\\/\\\/x.com\\\/InformeLitoral\",\"https:\\\/\\\/www.instagram.com\\\/informelitoral\\\/\",\"https:\\\/\\\/www.youtube.com\\\/channel\\\/UCua4Qvz8Icb6MYqhoq9xLXw\"]},{\"@type\":\"Person\",\"@id\":\"https:\\\/\\\/informelitoral.com.ar\\\/#\\\/schema\\\/person\\\/f05f9f461677119578717524b127d6d5\",\"name\":\"Sebastian\",\"image\":{\"@type\":\"ImageObject\",\"inLanguage\":\"es\",\"@id\":\"https:\\\/\\\/secure.gravatar.com\\\/avatar\\\/b71bf7481d447dfb9583c7f2798e7cc64de6efb9067b74633ed8c31059a3bd82?s=96&d=mm&r=g\",\"url\":\"https:\\\/\\\/secure.gravatar.com\\\/avatar\\\/b71bf7481d447dfb9583c7f2798e7cc64de6efb9067b74633ed8c31059a3bd82?s=96&d=mm&r=g\",\"contentUrl\":\"https:\\\/\\\/secure.gravatar.com\\\/avatar\\\/b71bf7481d447dfb9583c7f2798e7cc64de6efb9067b74633ed8c31059a3bd82?s=96&d=mm&r=g\",\"caption\":\"Sebastian\"},\"url\":\"https:\\\/\\\/informelitoral.com.ar\\\/author\\\/sebastian\\\/\"}]}<\/script>","yoast_head_json":{"title":"La provincia acompa\u00f1\u00f3 a una cooperativa el\u00e9ctrica en la firma de un contrato pr\u00e9stamo ante Naci\u00f3n - Informe Litoral","robots":{"index":"index","follow":"follow","max-snippet":"max-snippet:-1","max-image-preview":"max-image-preview:large","max-video-preview":"max-video-preview:-1"},"canonical":"https:\/\/informelitoral.com.ar\/la-provincia-acompano-a-una-cooperativa-electrica-en-la-firma-de-un-contrato-prestamo-ante-nacion\/","og_locale":"es_ES","og_type":"article","og_title":"La provincia acompa\u00f1\u00f3 a una cooperativa el\u00e9ctrica en la firma de un contrato pr\u00e9stamo ante Naci\u00f3n - Informe Litoral","og_description":"La provincia acompa\u00f1\u00f3 a la Cooperativa El\u00e9ctrica General San Mart\u00edn a la firma de un contrato pr\u00e9stamo en la Secretar\u00eda de Energ\u00eda de la Naci\u00f3n. Gracias al trabajo articulado entre Naci\u00f3n y provincia, se ponen a disposici\u00f3n herramientas financieras accesibles.","og_url":"https:\/\/informelitoral.com.ar\/la-provincia-acompano-a-una-cooperativa-electrica-en-la-firma-de-un-contrato-prestamo-ante-nacion\/","og_site_name":"Informe Litoral","article_publisher":"https:\/\/www.facebook.com\/informelitoral\/","article_published_time":"2023-07-10T12:36:27+00:00","article_modified_time":"2023-07-10T19:30:39+00:00","og_image":[{"width":1920,"height":800,"url":"https:\/\/informelitoral.com.ar\/%77%70%2d%63%6f%6e%74%65%6e%74\/uploads\/2023\/07\/p_1688988960.jpeg","type":"image\/jpeg"}],"author":"Sebastian","twitter_card":"summary_large_image","twitter_creator":"@InformeLitoral","twitter_site":"@InformeLitoral","twitter_misc":{"Escrito por":"Sebastian","Tiempo de lectura":"2 minutos"},"schema":{"@context":"https:\/\/schema.org","@graph":[{"@type":"Article","@id":"https:\/\/informelitoral.com.ar\/la-provincia-acompano-a-una-cooperativa-electrica-en-la-firma-de-un-contrato-prestamo-ante-nacion\/#article","isPartOf":{"@id":"https:\/\/informelitoral.com.ar\/la-provincia-acompano-a-una-cooperativa-electrica-en-la-firma-de-un-contrato-prestamo-ante-nacion\/"},"author":{"name":"Sebastian","@id":"https:\/\/informelitoral.com.ar\/#\/schema\/person\/f05f9f461677119578717524b127d6d5"},"headline":"La provincia acompa\u00f1\u00f3 a una cooperativa el\u00e9ctrica en la firma de un contrato pr\u00e9stamo ante Naci\u00f3n","datePublished":"2023-07-10T12:36:27+00:00","dateModified":"2023-07-10T19:30:39+00:00","mainEntityOfPage":{"@id":"https:\/\/informelitoral.com.ar\/la-provincia-acompano-a-una-cooperativa-electrica-en-la-firma-de-un-contrato-prestamo-ante-nacion\/"},"wordCount":455,"commentCount":0,"publisher":{"@id":"https:\/\/informelitoral.com.ar\/#organization"},"image":{"@id":"https:\/\/informelitoral.com.ar\/la-provincia-acompano-a-una-cooperativa-electrica-en-la-firma-de-un-contrato-prestamo-ante-nacion\/#primaryimage"},"thumbnailUrl":"https:\/\/informelitoral.com.ar\/%77%70%2d%63%6f%6e%74%65%6e%74\/uploads\/2023\/07\/p_1688988960.jpeg","keywords":["Cooperativa el\u00e9ctrica","Energ\u00eda el\u00e9ctrica"],"articleSection":["Entre R\u00edos"],"inLanguage":"es","potentialAction":[{"@type":"CommentAction","name":"Comment","target":["https:\/\/informelitoral.com.ar\/la-provincia-acompano-a-una-cooperativa-electrica-en-la-firma-de-un-contrato-prestamo-ante-nacion\/#respond"]}]},{"@type":"WebPage","@id":"https:\/\/informelitoral.com.ar\/la-provincia-acompano-a-una-cooperativa-electrica-en-la-firma-de-un-contrato-prestamo-ante-nacion\/","url":"https:\/\/informelitoral.com.ar\/la-provincia-acompano-a-una-cooperativa-electrica-en-la-firma-de-un-contrato-prestamo-ante-nacion\/","name":"La provincia acompa\u00f1\u00f3 a una cooperativa el\u00e9ctrica en la firma de un contrato pr\u00e9stamo ante Naci\u00f3n - Informe Litoral","isPartOf":{"@id":"https:\/\/informelitoral.com.ar\/#website"},"primaryImageOfPage":{"@id":"https:\/\/informelitoral.com.ar\/la-provincia-acompano-a-una-cooperativa-electrica-en-la-firma-de-un-contrato-prestamo-ante-nacion\/#primaryimage"},"image":{"@id":"https:\/\/informelitoral.com.ar\/la-provincia-acompano-a-una-cooperativa-electrica-en-la-firma-de-un-contrato-prestamo-ante-nacion\/#primaryimage"},"thumbnailUrl":"https:\/\/informelitoral.com.ar\/%77%70%2d%63%6f%6e%74%65%6e%74\/uploads\/2023\/07\/p_1688988960.jpeg","datePublished":"2023-07-10T12:36:27+00:00","dateModified":"2023-07-10T19:30:39+00:00","breadcrumb":{"@id":"https:\/\/informelitoral.com.ar\/la-provincia-acompano-a-una-cooperativa-electrica-en-la-firma-de-un-contrato-prestamo-ante-nacion\/#breadcrumb"},"inLanguage":"es","potentialAction":[{"@type":"ReadAction","target":["https:\/\/informelitoral.com.ar\/la-provincia-acompano-a-una-cooperativa-electrica-en-la-firma-de-un-contrato-prestamo-ante-nacion\/"]}]},{"@type":"ImageObject","inLanguage":"es","@id":"https:\/\/informelitoral.com.ar\/la-provincia-acompano-a-una-cooperativa-electrica-en-la-firma-de-un-contrato-prestamo-ante-nacion\/#primaryimage","url":"https:\/\/informelitoral.com.ar\/%77%70%2d%63%6f%6e%74%65%6e%74\/uploads\/2023\/07\/p_1688988960.jpeg","contentUrl":"https:\/\/informelitoral.com.ar\/%77%70%2d%63%6f%6e%74%65%6e%74\/uploads\/2023\/07\/p_1688988960.jpeg","width":1920,"height":800},{"@type":"BreadcrumbList","@id":"https:\/\/informelitoral.com.ar\/la-provincia-acompano-a-una-cooperativa-electrica-en-la-firma-de-un-contrato-prestamo-ante-nacion\/#breadcrumb","itemListElement":[{"@type":"ListItem","position":1,"name":"Portada","item":"https:\/\/informelitoral.com.ar\/"},{"@type":"ListItem","position":2,"name":"La provincia acompa\u00f1\u00f3 a una cooperativa el\u00e9ctrica en la firma de un contrato pr\u00e9stamo ante Naci\u00f3n"}]},{"@type":"WebSite","@id":"https:\/\/informelitoral.com.ar\/#website","url":"https:\/\/informelitoral.com.ar\/","name":"Informe Litoral","description":"&quot;Nos informamos&quot; ","publisher":{"@id":"https:\/\/informelitoral.com.ar\/#organization"},"potentialAction":[{"@type":"SearchAction","target":{"@type":"EntryPoint","urlTemplate":"https:\/\/informelitoral.com.ar\/?s={search_term_string}"},"query-input":{"@type":"PropertyValueSpecification","valueRequired":true,"valueName":"search_term_string"}}],"inLanguage":"es"},{"@type":"Organization","@id":"https:\/\/informelitoral.com.ar\/#organization","name":"Informe Litoral","url":"https:\/\/informelitoral.com.ar\/","logo":{"@type":"ImageObject","inLanguage":"es","@id":"https:\/\/informelitoral.com.ar\/#\/schema\/logo\/image\/","url":"https:\/\/informelitoral.com.ar\/%77%70%2d%63%6f%6e%74%65%6e%74\/uploads\/2021\/01\/circulo.png","contentUrl":"https:\/\/informelitoral.com.ar\/%77%70%2d%63%6f%6e%74%65%6e%74\/uploads\/2021\/01\/circulo.png","width":723,"height":731,"caption":"Informe Litoral"},"image":{"@id":"https:\/\/informelitoral.com.ar\/#\/schema\/logo\/image\/"},"sameAs":["https:\/\/www.facebook.com\/informelitoral\/","https:\/\/x.com\/InformeLitoral","https:\/\/www.instagram.com\/informelitoral\/","https:\/\/www.youtube.com\/channel\/UCua4Qvz8Icb6MYqhoq9xLXw"]},{"@type":"Person","@id":"https:\/\/informelitoral.com.ar\/#\/schema\/person\/f05f9f461677119578717524b127d6d5","name":"Sebastian","image":{"@type":"ImageObject","inLanguage":"es","@id":"https:\/\/secure.gravatar.com\/avatar\/b71bf7481d447dfb9583c7f2798e7cc64de6efb9067b74633ed8c31059a3bd82?s=96&d=mm&r=g","url":"https:\/\/secure.gravatar.com\/avatar\/b71bf7481d447dfb9583c7f2798e7cc64de6efb9067b74633ed8c31059a3bd82?s=96&d=mm&r=g","contentUrl":"https:\/\/secure.gravatar.com\/avatar\/b71bf7481d447dfb9583c7f2798e7cc64de6efb9067b74633ed8c31059a3bd82?s=96&d=mm&r=g","caption":"Sebastian"},"url":"https:\/\/informelitoral.com.ar\/author\/sebastian\/"}]}},"_links":{"self":[{"href":"https:\/\/informelitoral.com.ar\/%77%70%2d%6a%73%6f%6e\/wp\/v2\/posts\/156975","targetHints":{"allow":["GET"]}}],"collection":[{"href":"https:\/\/informelitoral.com.ar\/%77%70%2d%6a%73%6f%6e\/wp\/v2\/posts"}],"about":[{"href":"https:\/\/informelitoral.com.ar\/%77%70%2d%6a%73%6f%6e\/wp\/v2\/types\/post"}],"author":[{"embeddable":true,"href":"https:\/\/informelitoral.com.ar\/%77%70%2d%6a%73%6f%6e\/wp\/v2\/users\/8"}],"replies":[{"embeddable":true,"href":"https:\/\/informelitoral.com.ar\/%77%70%2d%6a%73%6f%6e\/wp\/v2\/comments?post=156975"}],"version-history":[{"count":0,"href":"https:\/\/informelitoral.com.ar\/%77%70%2d%6a%73%6f%6e\/wp\/v2\/posts\/156975\/revisions"}],"wp:featuredmedia":[{"embeddable":true,"href":"https:\/\/informelitoral.com.ar\/%77%70%2d%6a%73%6f%6e\/wp\/v2\/media\/156977"}],"wp:attachment":[{"href":"https:\/\/informelitoral.com.ar\/%77%70%2d%6a%73%6f%6e\/wp\/v2\/media?parent=156975"}],"wp:term":[{"taxonomy":"category","embeddable":true,"href":"https:\/\/informelitoral.com.ar\/%77%70%2d%6a%73%6f%6e\/wp\/v2\/categories?post=156975"},{"taxonomy":"post_tag","embeddable":true,"href":"https:\/\/informelitoral.com.ar\/%77%70%2d%6a%73%6f%6e\/wp\/v2\/tags?post=156975"}],"curies":[{"name":"wp","href":"https:\/\/api.w.org\/{rel}","templated":true}]}}