{"id":156864,"date":"2023-07-09T21:25:12","date_gmt":"2023-07-10T00:25:12","guid":{"rendered":"https:\/\/www.informelitoral.com.ar\/?p=156864"},"modified":"2023-07-09T21:25:12","modified_gmt":"2023-07-10T00:25:12","slug":"quedo-inaugurado-el-gasoducto-nestor-kirchner-que-significa-para-la-argentina","status":"publish","type":"post","link":"https:\/\/informelitoral.com.ar\/quedo-inaugurado-el-gasoducto-nestor-kirchner-que-significa-para-la-argentina\/","title":{"rendered":"Qued\u00f3 inaugurado el gasoducto N\u00e9stor Kirchner: qu\u00e9 significa para la Argentina"},"content":{"rendered":"<p>Este domingo 9 de julio, en el marco del D\u00eda de la Independencia, se inaugur\u00f3 el primer tramo del gasoducto N\u00e9stor Kirchner. Esta megaobra abarca m\u00e1s de 500 km y en su primera etapa se extiende desde Tratay\u00e9n (Neuqu\u00e9n) a Salliquel\u00f3 (Buenos Aires). \u00bfPero qu\u00e9 impacto tiene en t\u00e9rminos econ\u00f3micos para el pa\u00eds y cu\u00e1ntos d\u00f3lares se podr\u00e1n ahorrar este a\u00f1o?<\/p>\n<h2>Lo que ten\u00e9s que saber: el potencial energ\u00e9tico de la Argentina<\/h2>\n<ul>\n<li>La Argentina se ubica en el cuarto lugar en el r\u00e1nking de pa\u00edses con mayor volumen de reservas de petr\u00f3leo no convencional. Casi un 60% de los barriles de petr\u00f3leo se encuentran en Vaca Muerta.<\/li>\n<li>Argentina posee tambi\u00e9n la segunda reserva m\u00e1s grande del mundo de gas no convencial. El 40% se encuentra en Vaca Muerta.<\/li>\n<li>Los 16 billones de barriles de petr\u00f3leo de Vaca Muerta suponen el consumo interno de Argentina de 94 a\u00f1os. En cuanto al gas, esta relaci\u00f3n se duplica: los 308 trillones de pies c\u00fabicos representan 193 a\u00f1os de consumo interno de nuestro pa\u00eds.<\/li>\n<li>\u00abEste volumen de recursos no s\u00f3lo nos permitir\u00eda suplir el declino de la producci\u00f3n convencional sino tambi\u00e9n revertir la balanza comercial energ\u00e9tica: pasar de un escenario de importaci\u00f3n de energ\u00eda al autoabastecimiento y capacidad exportadora. Algunas estimaciones, calculan un ingreso potencial de divisas anual de m\u00e1s de u$s37.500 millones de d\u00f3lares.\u00bb, afirman desde la consultora CEPA la encargada de elaborar este informe.<\/li>\n<\/ul>\n<h2>10 claves del impacto econ\u00f3mico que generar\u00e1 la obra<\/h2>\n<p>Argentina tiene, seg\u00fan el consumo actual, 150 a\u00f1os de gas garantizado, pero necesita resolver un problema central: su transporte. De esa manera, con la construcci\u00f3n del gasoducto, es posible:<\/p>\n<ul>\n<li>Sustituir importaciones de combustible alternativo (Fuel Oil y Gasoil) importados para la generaci\u00f3n termoel\u00e9ctrica.<\/li>\n<li>Garantizar el abastecimiento de gas para las industrias argentinas durante el invierno<\/li>\n<li>Ampliar la conexi\u00f3n de gas para usuarios que todav\u00eda no tienen acceso (30% de los hogares)<\/li>\n<li>Permite enfrentar momentos internacionales que podr\u00edan complicar a la Argentina: por ejemplo, la reducci\u00f3n de la producci\u00f3n en Bolivia.<\/li>\n<li>Tambi\u00e9n permite compensar el declino de la producci\u00f3n de petr\u00f3leo convencional en el sur argentino.<\/li>\n<li>Exportar a los pa\u00edses lim\u00edtrofes aquellos remanentes de gas natural.<\/li>\n<li>Impacto fiscal: la reducci\u00f3n de importaciones permitir\u00eda un ahorro de u$s3.000 millones anuales en la etapa 1 y u$s5.600 millones en la etapa 2. Tambi\u00e9n beneficiar\u00eda a regal\u00edas para las provincias productoras. El incremento por recaudaci\u00f3n podr\u00eda llegar a u$s50 millones en la etapa 1 y u$s90 millones en la etapa 2.<\/li>\n<li>Ya con la obra en marcha, se expande la capacidad exportadora argentina resolviendo la etapa del transporte que hoy resulta insuficiente para el potencial que existe. Eso permitir\u00e1 ahorrar d\u00f3lares por reducci\u00f3n de importaciones de GNL (Gas Natural Licuado).<\/li>\n<li>La estimaci\u00f3n respecto del ahorro en d\u00f3lares para el segundo semestre del 2023, seg\u00fan la fecha en la que se puso en marcha esta obra, comparada con el mismo per\u00edodo de 2022, alcanzar\u00eda los u$s1400 millones.<\/li>\n<li>Ya con la finalizaci\u00f3n del segundo tramo, se podr\u00eda dejar de importar gas y combustibles alternativos para la generaci\u00f3n el\u00e9ctrica y ahorrar en un a\u00f1o completo, considerando la estacionalidad de las importaciones, entre u$s4 y u$s4,3 millones anuales.<\/li>\n<\/ul>\n","protected":false},"excerpt":{"rendered":"<p>En un acto que encabezaron el presidente Alberto Fern\u00e1ndez, la vicepresidenta Cristina Kirchner, y el ministro de Econom\u00eda, Sergio Massa, se inaugur\u00f3 el primer tramo del Gasoducto Presidente N\u00e9stor Kirchner (GPNK).<\/p>\n","protected":false},"author":2,"featured_media":156865,"comment_status":"open","ping_status":"open","sticky":false,"template":"","format":"standard","meta":{"fifu_image_url":"","fifu_image_alt":"","footnotes":""},"categories":[1594,7],"tags":[1311,239,544,132,4281,283,1297],"class_list":{"0":"post-156864","1":"post","2":"type-post","3":"status-publish","4":"format-standard","5":"has-post-thumbnail","7":"category-economia","8":"category-nacionales","9":"tag-alberto-fernandez","10":"tag-cristina-kirchner","11":"tag-energia","12":"tag-gas","13":"tag-gasoducto-nestor-kirchner","14":"tag-obras","15":"tag-sergio-massa"},"yoast_head":"<title>Qued\u00f3 inaugurado el gasoducto N\u00e9stor Kirchner: qu\u00e9 significa para la Argentina - Informe Litoral<\/title>\n<meta name=\"robots\" content=\"index, follow, max-snippet:-1, max-image-preview:large, max-video-preview:-1\" \/>\n<link rel=\"canonical\" href=\"https:\/\/informelitoral.com.ar\/quedo-inaugurado-el-gasoducto-nestor-kirchner-que-significa-para-la-argentina\/\" \/>\n<meta property=\"og:locale\" content=\"es_ES\" \/>\n<meta property=\"og:type\" content=\"article\" \/>\n<meta property=\"og:title\" content=\"Qued\u00f3 inaugurado el gasoducto N\u00e9stor Kirchner: qu\u00e9 significa para la Argentina - Informe Litoral\" \/>\n<meta property=\"og:description\" content=\"En un acto que encabezaron el presidente Alberto Fern\u00e1ndez, la vicepresidenta Cristina Kirchner, y el ministro de Econom\u00eda, Sergio Massa, se inaugur\u00f3 el primer tramo del Gasoducto Presidente N\u00e9stor Kirchner (GPNK).\" \/>\n<meta property=\"og:url\" content=\"https:\/\/informelitoral.com.ar\/quedo-inaugurado-el-gasoducto-nestor-kirchner-que-significa-para-la-argentina\/\" \/>\n<meta property=\"og:site_name\" content=\"Informe Litoral\" \/>\n<meta property=\"article:publisher\" content=\"https:\/\/www.facebook.com\/informelitoral\/\" \/>\n<meta property=\"article:published_time\" content=\"2023-07-10T00:25:12+00:00\" \/>\n<meta property=\"og:image\" content=\"https:\/\/informelitoral.com.ar\/%77%70%2d%63%6f%6e%74%65%6e%74\/uploads\/2023\/07\/354585465_1153417382266543_8016528715164278101_n.jpg\" \/>\n\t<meta property=\"og:image:width\" content=\"790\" \/>\n\t<meta property=\"og:image:height\" content=\"444\" \/>\n\t<meta property=\"og:image:type\" content=\"image\/jpeg\" \/>\n<meta name=\"author\" content=\"Gonzalo Schmidt\" \/>\n<meta name=\"twitter:card\" content=\"summary_large_image\" \/>\n<meta name=\"twitter:creator\" content=\"@InformeLitoral\" \/>\n<meta name=\"twitter:site\" content=\"@InformeLitoral\" \/>\n<meta name=\"twitter:label1\" content=\"Escrito por\" \/>\n\t<meta name=\"twitter:data1\" content=\"Gonzalo Schmidt\" \/>\n\t<meta name=\"twitter:label2\" content=\"Tiempo de lectura\" \/>\n\t<meta name=\"twitter:data2\" content=\"3 minutos\" \/>\n<script type=\"application\/ld+json\" class=\"yoast-schema-graph\">{\"@context\":\"https:\\\/\\\/schema.org\",\"@graph\":[{\"@type\":\"Article\",\"@id\":\"https:\\\/\\\/informelitoral.com.ar\\\/quedo-inaugurado-el-gasoducto-nestor-kirchner-que-significa-para-la-argentina\\\/#article\",\"isPartOf\":{\"@id\":\"https:\\\/\\\/informelitoral.com.ar\\\/quedo-inaugurado-el-gasoducto-nestor-kirchner-que-significa-para-la-argentina\\\/\"},\"author\":{\"name\":\"Gonzalo Schmidt\",\"@id\":\"https:\\\/\\\/informelitoral.com.ar\\\/#\\\/schema\\\/person\\\/b9d00407c836482871ef1d57bf8e3180\"},\"headline\":\"Qued\u00f3 inaugurado el gasoducto N\u00e9stor Kirchner: qu\u00e9 significa para la Argentina\",\"datePublished\":\"2023-07-10T00:25:12+00:00\",\"mainEntityOfPage\":{\"@id\":\"https:\\\/\\\/informelitoral.com.ar\\\/quedo-inaugurado-el-gasoducto-nestor-kirchner-que-significa-para-la-argentina\\\/\"},\"wordCount\":594,\"commentCount\":0,\"publisher\":{\"@id\":\"https:\\\/\\\/informelitoral.com.ar\\\/#organization\"},\"image\":{\"@id\":\"https:\\\/\\\/informelitoral.com.ar\\\/quedo-inaugurado-el-gasoducto-nestor-kirchner-que-significa-para-la-argentina\\\/#primaryimage\"},\"thumbnailUrl\":\"https:\\\/\\\/informelitoral.com.ar\\\/%77%70%2d%63%6f%6e%74%65%6e%74\\\/uploads\\\/2023\\\/07\\\/354585465_1153417382266543_8016528715164278101_n.jpg\",\"keywords\":[\"Alberto Fern\u00e1ndez\",\"Cristina Kirchner\",\"Energ\u00eda\",\"Gas\",\"Gasoducto N\u00e9stor Kirchner\",\"Obras\",\"Sergio Massa\"],\"articleSection\":[\"Econom\u00eda\",\"Nacionales\"],\"inLanguage\":\"es\",\"potentialAction\":[{\"@type\":\"CommentAction\",\"name\":\"Comment\",\"target\":[\"https:\\\/\\\/informelitoral.com.ar\\\/quedo-inaugurado-el-gasoducto-nestor-kirchner-que-significa-para-la-argentina\\\/#respond\"]}]},{\"@type\":\"WebPage\",\"@id\":\"https:\\\/\\\/informelitoral.com.ar\\\/quedo-inaugurado-el-gasoducto-nestor-kirchner-que-significa-para-la-argentina\\\/\",\"url\":\"https:\\\/\\\/informelitoral.com.ar\\\/quedo-inaugurado-el-gasoducto-nestor-kirchner-que-significa-para-la-argentina\\\/\",\"name\":\"Qued\u00f3 inaugurado el gasoducto N\u00e9stor Kirchner: qu\u00e9 significa para la Argentina - Informe Litoral\",\"isPartOf\":{\"@id\":\"https:\\\/\\\/informelitoral.com.ar\\\/#website\"},\"primaryImageOfPage\":{\"@id\":\"https:\\\/\\\/informelitoral.com.ar\\\/quedo-inaugurado-el-gasoducto-nestor-kirchner-que-significa-para-la-argentina\\\/#primaryimage\"},\"image\":{\"@id\":\"https:\\\/\\\/informelitoral.com.ar\\\/quedo-inaugurado-el-gasoducto-nestor-kirchner-que-significa-para-la-argentina\\\/#primaryimage\"},\"thumbnailUrl\":\"https:\\\/\\\/informelitoral.com.ar\\\/%77%70%2d%63%6f%6e%74%65%6e%74\\\/uploads\\\/2023\\\/07\\\/354585465_1153417382266543_8016528715164278101_n.jpg\",\"datePublished\":\"2023-07-10T00:25:12+00:00\",\"breadcrumb\":{\"@id\":\"https:\\\/\\\/informelitoral.com.ar\\\/quedo-inaugurado-el-gasoducto-nestor-kirchner-que-significa-para-la-argentina\\\/#breadcrumb\"},\"inLanguage\":\"es\",\"potentialAction\":[{\"@type\":\"ReadAction\",\"target\":[\"https:\\\/\\\/informelitoral.com.ar\\\/quedo-inaugurado-el-gasoducto-nestor-kirchner-que-significa-para-la-argentina\\\/\"]}]},{\"@type\":\"ImageObject\",\"inLanguage\":\"es\",\"@id\":\"https:\\\/\\\/informelitoral.com.ar\\\/quedo-inaugurado-el-gasoducto-nestor-kirchner-que-significa-para-la-argentina\\\/#primaryimage\",\"url\":\"https:\\\/\\\/informelitoral.com.ar\\\/%77%70%2d%63%6f%6e%74%65%6e%74\\\/uploads\\\/2023\\\/07\\\/354585465_1153417382266543_8016528715164278101_n.jpg\",\"contentUrl\":\"https:\\\/\\\/informelitoral.com.ar\\\/%77%70%2d%63%6f%6e%74%65%6e%74\\\/uploads\\\/2023\\\/07\\\/354585465_1153417382266543_8016528715164278101_n.jpg\",\"width\":790,\"height\":444},{\"@type\":\"BreadcrumbList\",\"@id\":\"https:\\\/\\\/informelitoral.com.ar\\\/quedo-inaugurado-el-gasoducto-nestor-kirchner-que-significa-para-la-argentina\\\/#breadcrumb\",\"itemListElement\":[{\"@type\":\"ListItem\",\"position\":1,\"name\":\"Portada\",\"item\":\"https:\\\/\\\/informelitoral.com.ar\\\/\"},{\"@type\":\"ListItem\",\"position\":2,\"name\":\"Qued\u00f3 inaugurado el gasoducto N\u00e9stor Kirchner: qu\u00e9 significa para la Argentina\"}]},{\"@type\":\"WebSite\",\"@id\":\"https:\\\/\\\/informelitoral.com.ar\\\/#website\",\"url\":\"https:\\\/\\\/informelitoral.com.ar\\\/\",\"name\":\"Informe Litoral\",\"description\":\"&quot;Nos informamos&quot; \",\"publisher\":{\"@id\":\"https:\\\/\\\/informelitoral.com.ar\\\/#organization\"},\"potentialAction\":[{\"@type\":\"SearchAction\",\"target\":{\"@type\":\"EntryPoint\",\"urlTemplate\":\"https:\\\/\\\/informelitoral.com.ar\\\/?s={search_term_string}\"},\"query-input\":{\"@type\":\"PropertyValueSpecification\",\"valueRequired\":true,\"valueName\":\"search_term_string\"}}],\"inLanguage\":\"es\"},{\"@type\":\"Organization\",\"@id\":\"https:\\\/\\\/informelitoral.com.ar\\\/#organization\",\"name\":\"Informe Litoral\",\"url\":\"https:\\\/\\\/informelitoral.com.ar\\\/\",\"logo\":{\"@type\":\"ImageObject\",\"inLanguage\":\"es\",\"@id\":\"https:\\\/\\\/informelitoral.com.ar\\\/#\\\/schema\\\/logo\\\/image\\\/\",\"url\":\"https:\\\/\\\/informelitoral.com.ar\\\/%77%70%2d%63%6f%6e%74%65%6e%74\\\/uploads\\\/2021\\\/01\\\/circulo.png\",\"contentUrl\":\"https:\\\/\\\/informelitoral.com.ar\\\/%77%70%2d%63%6f%6e%74%65%6e%74\\\/uploads\\\/2021\\\/01\\\/circulo.png\",\"width\":723,\"height\":731,\"caption\":\"Informe Litoral\"},\"image\":{\"@id\":\"https:\\\/\\\/informelitoral.com.ar\\\/#\\\/schema\\\/logo\\\/image\\\/\"},\"sameAs\":[\"https:\\\/\\\/www.facebook.com\\\/informelitoral\\\/\",\"https:\\\/\\\/x.com\\\/InformeLitoral\",\"https:\\\/\\\/www.instagram.com\\\/informelitoral\\\/\",\"https:\\\/\\\/www.youtube.com\\\/channel\\\/UCua4Qvz8Icb6MYqhoq9xLXw\"]},{\"@type\":\"Person\",\"@id\":\"https:\\\/\\\/informelitoral.com.ar\\\/#\\\/schema\\\/person\\\/b9d00407c836482871ef1d57bf8e3180\",\"name\":\"Gonzalo Schmidt\",\"image\":{\"@type\":\"ImageObject\",\"inLanguage\":\"es\",\"@id\":\"https:\\\/\\\/secure.gravatar.com\\\/avatar\\\/31a1a7b66ff2de83bd0e9fd79d026630d2d99e55e8bfe501287647b4fd9743de?s=96&d=mm&r=g\",\"url\":\"https:\\\/\\\/secure.gravatar.com\\\/avatar\\\/31a1a7b66ff2de83bd0e9fd79d026630d2d99e55e8bfe501287647b4fd9743de?s=96&d=mm&r=g\",\"contentUrl\":\"https:\\\/\\\/secure.gravatar.com\\\/avatar\\\/31a1a7b66ff2de83bd0e9fd79d026630d2d99e55e8bfe501287647b4fd9743de?s=96&d=mm&r=g\",\"caption\":\"Gonzalo Schmidt\"},\"description\":\"Sitio web de noticias de la provincia de Entre R\u00edos, Argentina. Informaci\u00f3n y entretenimiento. Informe Litoral, nos informamos.\",\"sameAs\":[\"http:\\\/\\\/www.isletasnoticias.com.ar\"],\"url\":\"https:\\\/\\\/informelitoral.com.ar\\\/author\\\/gonzalo\\\/\"}]}<\/script>","yoast_head_json":{"title":"Qued\u00f3 inaugurado el gasoducto N\u00e9stor Kirchner: qu\u00e9 significa para la Argentina - Informe Litoral","robots":{"index":"index","follow":"follow","max-snippet":"max-snippet:-1","max-image-preview":"max-image-preview:large","max-video-preview":"max-video-preview:-1"},"canonical":"https:\/\/informelitoral.com.ar\/quedo-inaugurado-el-gasoducto-nestor-kirchner-que-significa-para-la-argentina\/","og_locale":"es_ES","og_type":"article","og_title":"Qued\u00f3 inaugurado el gasoducto N\u00e9stor Kirchner: qu\u00e9 significa para la Argentina - Informe Litoral","og_description":"En un acto que encabezaron el presidente Alberto Fern\u00e1ndez, la vicepresidenta Cristina Kirchner, y el ministro de Econom\u00eda, Sergio Massa, se inaugur\u00f3 el primer tramo del Gasoducto Presidente N\u00e9stor Kirchner (GPNK).","og_url":"https:\/\/informelitoral.com.ar\/quedo-inaugurado-el-gasoducto-nestor-kirchner-que-significa-para-la-argentina\/","og_site_name":"Informe Litoral","article_publisher":"https:\/\/www.facebook.com\/informelitoral\/","article_published_time":"2023-07-10T00:25:12+00:00","og_image":[{"width":790,"height":444,"url":"https:\/\/informelitoral.com.ar\/%77%70%2d%63%6f%6e%74%65%6e%74\/uploads\/2023\/07\/354585465_1153417382266543_8016528715164278101_n.jpg","type":"image\/jpeg"}],"author":"Gonzalo Schmidt","twitter_card":"summary_large_image","twitter_creator":"@InformeLitoral","twitter_site":"@InformeLitoral","twitter_misc":{"Escrito por":"Gonzalo Schmidt","Tiempo de lectura":"3 minutos"},"schema":{"@context":"https:\/\/schema.org","@graph":[{"@type":"Article","@id":"https:\/\/informelitoral.com.ar\/quedo-inaugurado-el-gasoducto-nestor-kirchner-que-significa-para-la-argentina\/#article","isPartOf":{"@id":"https:\/\/informelitoral.com.ar\/quedo-inaugurado-el-gasoducto-nestor-kirchner-que-significa-para-la-argentina\/"},"author":{"name":"Gonzalo Schmidt","@id":"https:\/\/informelitoral.com.ar\/#\/schema\/person\/b9d00407c836482871ef1d57bf8e3180"},"headline":"Qued\u00f3 inaugurado el gasoducto N\u00e9stor Kirchner: qu\u00e9 significa para la Argentina","datePublished":"2023-07-10T00:25:12+00:00","mainEntityOfPage":{"@id":"https:\/\/informelitoral.com.ar\/quedo-inaugurado-el-gasoducto-nestor-kirchner-que-significa-para-la-argentina\/"},"wordCount":594,"commentCount":0,"publisher":{"@id":"https:\/\/informelitoral.com.ar\/#organization"},"image":{"@id":"https:\/\/informelitoral.com.ar\/quedo-inaugurado-el-gasoducto-nestor-kirchner-que-significa-para-la-argentina\/#primaryimage"},"thumbnailUrl":"https:\/\/informelitoral.com.ar\/%77%70%2d%63%6f%6e%74%65%6e%74\/uploads\/2023\/07\/354585465_1153417382266543_8016528715164278101_n.jpg","keywords":["Alberto Fern\u00e1ndez","Cristina Kirchner","Energ\u00eda","Gas","Gasoducto N\u00e9stor Kirchner","Obras","Sergio Massa"],"articleSection":["Econom\u00eda","Nacionales"],"inLanguage":"es","potentialAction":[{"@type":"CommentAction","name":"Comment","target":["https:\/\/informelitoral.com.ar\/quedo-inaugurado-el-gasoducto-nestor-kirchner-que-significa-para-la-argentina\/#respond"]}]},{"@type":"WebPage","@id":"https:\/\/informelitoral.com.ar\/quedo-inaugurado-el-gasoducto-nestor-kirchner-que-significa-para-la-argentina\/","url":"https:\/\/informelitoral.com.ar\/quedo-inaugurado-el-gasoducto-nestor-kirchner-que-significa-para-la-argentina\/","name":"Qued\u00f3 inaugurado el gasoducto N\u00e9stor Kirchner: qu\u00e9 significa para la Argentina - Informe Litoral","isPartOf":{"@id":"https:\/\/informelitoral.com.ar\/#website"},"primaryImageOfPage":{"@id":"https:\/\/informelitoral.com.ar\/quedo-inaugurado-el-gasoducto-nestor-kirchner-que-significa-para-la-argentina\/#primaryimage"},"image":{"@id":"https:\/\/informelitoral.com.ar\/quedo-inaugurado-el-gasoducto-nestor-kirchner-que-significa-para-la-argentina\/#primaryimage"},"thumbnailUrl":"https:\/\/informelitoral.com.ar\/%77%70%2d%63%6f%6e%74%65%6e%74\/uploads\/2023\/07\/354585465_1153417382266543_8016528715164278101_n.jpg","datePublished":"2023-07-10T00:25:12+00:00","breadcrumb":{"@id":"https:\/\/informelitoral.com.ar\/quedo-inaugurado-el-gasoducto-nestor-kirchner-que-significa-para-la-argentina\/#breadcrumb"},"inLanguage":"es","potentialAction":[{"@type":"ReadAction","target":["https:\/\/informelitoral.com.ar\/quedo-inaugurado-el-gasoducto-nestor-kirchner-que-significa-para-la-argentina\/"]}]},{"@type":"ImageObject","inLanguage":"es","@id":"https:\/\/informelitoral.com.ar\/quedo-inaugurado-el-gasoducto-nestor-kirchner-que-significa-para-la-argentina\/#primaryimage","url":"https:\/\/informelitoral.com.ar\/%77%70%2d%63%6f%6e%74%65%6e%74\/uploads\/2023\/07\/354585465_1153417382266543_8016528715164278101_n.jpg","contentUrl":"https:\/\/informelitoral.com.ar\/%77%70%2d%63%6f%6e%74%65%6e%74\/uploads\/2023\/07\/354585465_1153417382266543_8016528715164278101_n.jpg","width":790,"height":444},{"@type":"BreadcrumbList","@id":"https:\/\/informelitoral.com.ar\/quedo-inaugurado-el-gasoducto-nestor-kirchner-que-significa-para-la-argentina\/#breadcrumb","itemListElement":[{"@type":"ListItem","position":1,"name":"Portada","item":"https:\/\/informelitoral.com.ar\/"},{"@type":"ListItem","position":2,"name":"Qued\u00f3 inaugurado el gasoducto N\u00e9stor Kirchner: qu\u00e9 significa para la Argentina"}]},{"@type":"WebSite","@id":"https:\/\/informelitoral.com.ar\/#website","url":"https:\/\/informelitoral.com.ar\/","name":"Informe Litoral","description":"&quot;Nos informamos&quot; ","publisher":{"@id":"https:\/\/informelitoral.com.ar\/#organization"},"potentialAction":[{"@type":"SearchAction","target":{"@type":"EntryPoint","urlTemplate":"https:\/\/informelitoral.com.ar\/?s={search_term_string}"},"query-input":{"@type":"PropertyValueSpecification","valueRequired":true,"valueName":"search_term_string"}}],"inLanguage":"es"},{"@type":"Organization","@id":"https:\/\/informelitoral.com.ar\/#organization","name":"Informe Litoral","url":"https:\/\/informelitoral.com.ar\/","logo":{"@type":"ImageObject","inLanguage":"es","@id":"https:\/\/informelitoral.com.ar\/#\/schema\/logo\/image\/","url":"https:\/\/informelitoral.com.ar\/%77%70%2d%63%6f%6e%74%65%6e%74\/uploads\/2021\/01\/circulo.png","contentUrl":"https:\/\/informelitoral.com.ar\/%77%70%2d%63%6f%6e%74%65%6e%74\/uploads\/2021\/01\/circulo.png","width":723,"height":731,"caption":"Informe Litoral"},"image":{"@id":"https:\/\/informelitoral.com.ar\/#\/schema\/logo\/image\/"},"sameAs":["https:\/\/www.facebook.com\/informelitoral\/","https:\/\/x.com\/InformeLitoral","https:\/\/www.instagram.com\/informelitoral\/","https:\/\/www.youtube.com\/channel\/UCua4Qvz8Icb6MYqhoq9xLXw"]},{"@type":"Person","@id":"https:\/\/informelitoral.com.ar\/#\/schema\/person\/b9d00407c836482871ef1d57bf8e3180","name":"Gonzalo Schmidt","image":{"@type":"ImageObject","inLanguage":"es","@id":"https:\/\/secure.gravatar.com\/avatar\/31a1a7b66ff2de83bd0e9fd79d026630d2d99e55e8bfe501287647b4fd9743de?s=96&d=mm&r=g","url":"https:\/\/secure.gravatar.com\/avatar\/31a1a7b66ff2de83bd0e9fd79d026630d2d99e55e8bfe501287647b4fd9743de?s=96&d=mm&r=g","contentUrl":"https:\/\/secure.gravatar.com\/avatar\/31a1a7b66ff2de83bd0e9fd79d026630d2d99e55e8bfe501287647b4fd9743de?s=96&d=mm&r=g","caption":"Gonzalo Schmidt"},"description":"Sitio web de noticias de la provincia de Entre R\u00edos, Argentina. Informaci\u00f3n y entretenimiento. Informe Litoral, nos informamos.","sameAs":["http:\/\/www.isletasnoticias.com.ar"],"url":"https:\/\/informelitoral.com.ar\/author\/gonzalo\/"}]}},"_links":{"self":[{"href":"https:\/\/informelitoral.com.ar\/%77%70%2d%6a%73%6f%6e\/wp\/v2\/posts\/156864","targetHints":{"allow":["GET"]}}],"collection":[{"href":"https:\/\/informelitoral.com.ar\/%77%70%2d%6a%73%6f%6e\/wp\/v2\/posts"}],"about":[{"href":"https:\/\/informelitoral.com.ar\/%77%70%2d%6a%73%6f%6e\/wp\/v2\/types\/post"}],"author":[{"embeddable":true,"href":"https:\/\/informelitoral.com.ar\/%77%70%2d%6a%73%6f%6e\/wp\/v2\/users\/2"}],"replies":[{"embeddable":true,"href":"https:\/\/informelitoral.com.ar\/%77%70%2d%6a%73%6f%6e\/wp\/v2\/comments?post=156864"}],"version-history":[{"count":0,"href":"https:\/\/informelitoral.com.ar\/%77%70%2d%6a%73%6f%6e\/wp\/v2\/posts\/156864\/revisions"}],"wp:featuredmedia":[{"embeddable":true,"href":"https:\/\/informelitoral.com.ar\/%77%70%2d%6a%73%6f%6e\/wp\/v2\/media\/156865"}],"wp:attachment":[{"href":"https:\/\/informelitoral.com.ar\/%77%70%2d%6a%73%6f%6e\/wp\/v2\/media?parent=156864"}],"wp:term":[{"taxonomy":"category","embeddable":true,"href":"https:\/\/informelitoral.com.ar\/%77%70%2d%6a%73%6f%6e\/wp\/v2\/categories?post=156864"},{"taxonomy":"post_tag","embeddable":true,"href":"https:\/\/informelitoral.com.ar\/%77%70%2d%6a%73%6f%6e\/wp\/v2\/tags?post=156864"}],"curies":[{"name":"wp","href":"https:\/\/api.w.org\/{rel}","templated":true}]}}