{"id":15622,"date":"2016-04-28T06:57:40","date_gmt":"2016-04-28T09:57:40","guid":{"rendered":"http:\/\/www.isletasnoticias.com.ar\/?p=15622"},"modified":"2016-04-28T06:57:40","modified_gmt":"2016-04-28T09:57:40","slug":"impresionante-choque-dejo-como-saldo-tres-muertos-y-un-herido-grave","status":"publish","type":"post","link":"https:\/\/informelitoral.com.ar\/impresionante-choque-dejo-como-saldo-tres-muertos-y-un-herido-grave\/","title":{"rendered":"Impresionante choque dej\u00f3 como saldo tres muertos y un herido grave"},"content":{"rendered":"<p><strong>Uno de los veh\u00edculos se incendi\u00f3. Ocurri\u00f3 sobre Ruta 12, cerca de Crespo. Las v\u00edctimas ya fueron identificadas. Una hab\u00eda cumplido con una prohibici\u00f3n de conducir por un siniestro vial acaecido a\u00f1os atr\u00e1s.<a href=\"http:\/\/www.isletasnoticias.com.ar\/%77%70%2d%63%6f%6e%74%65%6e%74\/uploads\/2016\/04\/o_1461835388.jpg\" rel=\"attachment wp-att-15623\"><img loading=\"lazy\" decoding=\"async\" class=\"aligncenter wp-image-15623 size-full\" src=\"http:\/\/www.isletasnoticias.com.ar\/%77%70%2d%63%6f%6e%74%65%6e%74\/uploads\/2016\/04\/o_1461835388.jpg\" alt=\"o_1461835388\" width=\"800\" height=\"450\" srcset=\"https:\/\/informelitoral.com.ar\/%77%70%2d%63%6f%6e%74%65%6e%74\/uploads\/2016\/04\/o_1461835388.jpg 800w, https:\/\/informelitoral.com.ar\/%77%70%2d%63%6f%6e%74%65%6e%74\/uploads\/2016\/04\/o_1461835388-300x169.jpg 300w, https:\/\/informelitoral.com.ar\/%77%70%2d%63%6f%6e%74%65%6e%74\/uploads\/2016\/04\/o_1461835388-768x432.jpg 768w\" sizes=\"auto, (max-width: 800px) 100vw, 800px\" \/><\/a><\/strong><\/p>\n<p>Tres muertos y un sobreviviente fue el saldo de un tr\u00e1gico accidente ocurrido poco antes de la medianoche, sobre Ruta 12, a la altura del Km. 401, sobrepasando un par de kil\u00f3metros la rotonda de Crespo, en direcci\u00f3n hacia Ram\u00edrez.<\/p>\n<p>El choque destroz\u00f3 los veh\u00edculos participantes, trat\u00e1ndose de una Renault Coup\u00e9 Fuego, en la que viajaban <b>Miguel Antonio Gareis <\/b>y<b> Dar\u00edo Senger<\/b>, ambos radicados en el paraje Boca del Tigre; y una Ford Eco Sport, en la que circulaban <b>Alejandro Brambilla<\/b>, radicado en Crespo y <b>Adriana Monge<\/b>, domiciliada en Diamante, familiar directo del legislador Jorge Monge.<\/p>\n<p>\u00c9stos \u00faltimos estaban ligados por su trabajo, de gu\u00eda tur\u00edstico y asesora de turismo en el \u00e1mbito privado, respectivamente.<\/p>\n<p><b>Gareis, Senger y Monge perdieron la vida<\/b> sobre dicha trama vial, mientras que Brambilla fue el \u00fanico sobreviviente y fue prontamente derivado a Cl\u00ednica Parque, para la atenci\u00f3n de sus lesiones.<\/p>\n<p><b>El tubo de gas que portaba la Coup\u00e9 habr\u00eda incidido en la iniciaci\u00f3n del fuego<\/b>, que prontamente fue sofocado por bomberos. Dotaciones de Crespo y Ram\u00edrez intervinieron en el lugar, retirando los cuerpos de los habit\u00e1culos y proveyendo la iluminaci\u00f3n necesaria para que los peritos policiales pudieran realizar su labor.<\/p>\n<p>Hasta las 2:10 el tr\u00e1nsito estuvo completamente cortado sobre Ruta 12, permiti\u00e9ndose desde entonces un solo sentido de circulaci\u00f3n hasta las 2:30, para despu\u00e9s nuevamente interrumpirse por varias horas m\u00e1s, hasta tanto se procedi\u00f3 al remolque de las unidades y el respectivo traslado efectuado por el m\u00f3vil del Departamento Forense.<\/p>\n<p>La Fiscal en Turno se hizo presente, ordenando el traslado de los occisos a la Morgue Judicial, a fin de que se les practique la correspondiente autopsia, para despu\u00e9s ser entregados a sus familiares para su despedida. Asimismo, se dispuso que los veh\u00edculos quedaran en dep\u00f3sito, a cargo de Comisar\u00eda Crespo, hasta tanto se materialicen las pericias de rigor y se determinen las formas y circunstancias en que tres personas fallecieran y una resultara lesionada.<\/p>\n<p>Seg\u00fan Estaci\u00f3n Plus, <b>una de las v\u00edctimas hab\u00eda cumplimentado una prohibici\u00f3n de conducir, pena que le hab\u00eda sido impuesta por la justicia en el marco de una causa por homicidio en un siniestro vial acaecido a\u00f1os atr\u00e1s<\/b>. <em>(Estaci\u00f3n Plus &#8211; Elonce)<\/em><\/p>\n","protected":false},"excerpt":{"rendered":"<p>Uno de los veh&iacute;culos se incendi&oacute;. Ocurri&oacute; sobre Ruta 12, cerca de Crespo. Las v&iacute;ctimas ya fueron identificadas. Una hab&iacute;a cumplido con una prohibici&oacute;n de conducir por un siniestro vial acaecido a&ntilde;os atr&aacute;s. Tres muertos y un sobreviviente fue el saldo de un tr&aacute;gico accidente ocurrido poco antes de la medianoche, sobre Ruta 12, a [&hellip;]<\/p>\n","protected":false},"author":2,"featured_media":0,"comment_status":"open","ping_status":"open","sticky":false,"template":"","format":"standard","meta":{"fifu_image_url":"","fifu_image_alt":"","footnotes":""},"categories":[6,14],"tags":[],"class_list":{"0":"post-15622","1":"post","2":"type-post","3":"status-publish","4":"format-standard","6":"category-entre-rios","7":"category-policiales"},"yoast_head":"<title>Impresionante choque dej\u00f3 como saldo tres muertos y un herido grave - Informe Litoral<\/title>\n<meta name=\"robots\" content=\"index, follow, max-snippet:-1, max-image-preview:large, max-video-preview:-1\" \/>\n<link rel=\"canonical\" href=\"https:\/\/informelitoral.com.ar\/impresionante-choque-dejo-como-saldo-tres-muertos-y-un-herido-grave\/\" \/>\n<meta property=\"og:locale\" content=\"es_ES\" \/>\n<meta property=\"og:type\" content=\"article\" \/>\n<meta property=\"og:title\" content=\"Impresionante choque dej\u00f3 como saldo tres muertos y un herido grave - Informe Litoral\" \/>\n<meta property=\"og:description\" content=\"Uno de los veh&iacute;culos se incendi&oacute;. Ocurri&oacute; sobre Ruta 12, cerca de Crespo. Las v&iacute;ctimas ya fueron identificadas. Una hab&iacute;a cumplido con una prohibici&oacute;n de conducir por un siniestro vial acaecido a&ntilde;os atr&aacute;s. Tres muertos y un sobreviviente fue el saldo de un tr&aacute;gico accidente ocurrido poco antes de la medianoche, sobre Ruta 12, a [&hellip;]\" \/>\n<meta property=\"og:url\" content=\"https:\/\/informelitoral.com.ar\/impresionante-choque-dejo-como-saldo-tres-muertos-y-un-herido-grave\/\" \/>\n<meta property=\"og:site_name\" content=\"Informe Litoral\" \/>\n<meta property=\"article:publisher\" content=\"https:\/\/www.facebook.com\/informelitoral\/\" \/>\n<meta property=\"article:published_time\" content=\"2016-04-28T09:57:40+00:00\" \/>\n<meta property=\"og:image\" content=\"https:\/\/informelitoral.com.ar\/%77%70%2d%63%6f%6e%74%65%6e%74\/uploads\/2016\/04\/o_1461835388.jpg\" \/>\n\t<meta property=\"og:image:width\" content=\"800\" \/>\n\t<meta property=\"og:image:height\" content=\"450\" \/>\n\t<meta property=\"og:image:type\" content=\"image\/jpeg\" \/>\n<meta name=\"author\" content=\"Gonzalo Schmidt\" \/>\n<meta name=\"twitter:card\" content=\"summary_large_image\" \/>\n<meta name=\"twitter:creator\" content=\"@InformeLitoral\" \/>\n<meta name=\"twitter:site\" content=\"@InformeLitoral\" \/>\n<meta name=\"twitter:label1\" content=\"Escrito por\" \/>\n\t<meta name=\"twitter:data1\" content=\"Gonzalo Schmidt\" \/>\n\t<meta name=\"twitter:label2\" content=\"Tiempo de lectura\" \/>\n\t<meta name=\"twitter:data2\" content=\"2 minutos\" \/>\n<script type=\"application\/ld+json\" class=\"yoast-schema-graph\">{\"@context\":\"https:\\\/\\\/schema.org\",\"@graph\":[{\"@type\":\"Article\",\"@id\":\"https:\\\/\\\/informelitoral.com.ar\\\/impresionante-choque-dejo-como-saldo-tres-muertos-y-un-herido-grave\\\/#article\",\"isPartOf\":{\"@id\":\"https:\\\/\\\/informelitoral.com.ar\\\/impresionante-choque-dejo-como-saldo-tres-muertos-y-un-herido-grave\\\/\"},\"author\":{\"name\":\"Gonzalo Schmidt\",\"@id\":\"https:\\\/\\\/informelitoral.com.ar\\\/#\\\/schema\\\/person\\\/b9d00407c836482871ef1d57bf8e3180\"},\"headline\":\"Impresionante choque dej\u00f3 como saldo tres muertos y un herido grave\",\"datePublished\":\"2016-04-28T09:57:40+00:00\",\"mainEntityOfPage\":{\"@id\":\"https:\\\/\\\/informelitoral.com.ar\\\/impresionante-choque-dejo-como-saldo-tres-muertos-y-un-herido-grave\\\/\"},\"wordCount\":441,\"commentCount\":0,\"publisher\":{\"@id\":\"https:\\\/\\\/informelitoral.com.ar\\\/#organization\"},\"image\":{\"@id\":\"https:\\\/\\\/informelitoral.com.ar\\\/impresionante-choque-dejo-como-saldo-tres-muertos-y-un-herido-grave\\\/#primaryimage\"},\"thumbnailUrl\":\"http:\\\/\\\/www.isletasnoticias.com.ar\\\/%77%70%2d%63%6f%6e%74%65%6e%74\\\/uploads\\\/2016\\\/04\\\/o_1461835388.jpg\",\"articleSection\":[\"Entre R\u00edos\",\"Policiales\"],\"inLanguage\":\"es\",\"potentialAction\":[{\"@type\":\"CommentAction\",\"name\":\"Comment\",\"target\":[\"https:\\\/\\\/informelitoral.com.ar\\\/impresionante-choque-dejo-como-saldo-tres-muertos-y-un-herido-grave\\\/#respond\"]}]},{\"@type\":\"WebPage\",\"@id\":\"https:\\\/\\\/informelitoral.com.ar\\\/impresionante-choque-dejo-como-saldo-tres-muertos-y-un-herido-grave\\\/\",\"url\":\"https:\\\/\\\/informelitoral.com.ar\\\/impresionante-choque-dejo-como-saldo-tres-muertos-y-un-herido-grave\\\/\",\"name\":\"Impresionante choque dej\u00f3 como saldo tres muertos y un herido grave - Informe Litoral\",\"isPartOf\":{\"@id\":\"https:\\\/\\\/informelitoral.com.ar\\\/#website\"},\"primaryImageOfPage\":{\"@id\":\"https:\\\/\\\/informelitoral.com.ar\\\/impresionante-choque-dejo-como-saldo-tres-muertos-y-un-herido-grave\\\/#primaryimage\"},\"image\":{\"@id\":\"https:\\\/\\\/informelitoral.com.ar\\\/impresionante-choque-dejo-como-saldo-tres-muertos-y-un-herido-grave\\\/#primaryimage\"},\"thumbnailUrl\":\"http:\\\/\\\/www.isletasnoticias.com.ar\\\/%77%70%2d%63%6f%6e%74%65%6e%74\\\/uploads\\\/2016\\\/04\\\/o_1461835388.jpg\",\"datePublished\":\"2016-04-28T09:57:40+00:00\",\"breadcrumb\":{\"@id\":\"https:\\\/\\\/informelitoral.com.ar\\\/impresionante-choque-dejo-como-saldo-tres-muertos-y-un-herido-grave\\\/#breadcrumb\"},\"inLanguage\":\"es\",\"potentialAction\":[{\"@type\":\"ReadAction\",\"target\":[\"https:\\\/\\\/informelitoral.com.ar\\\/impresionante-choque-dejo-como-saldo-tres-muertos-y-un-herido-grave\\\/\"]}]},{\"@type\":\"ImageObject\",\"inLanguage\":\"es\",\"@id\":\"https:\\\/\\\/informelitoral.com.ar\\\/impresionante-choque-dejo-como-saldo-tres-muertos-y-un-herido-grave\\\/#primaryimage\",\"url\":\"http:\\\/\\\/www.isletasnoticias.com.ar\\\/%77%70%2d%63%6f%6e%74%65%6e%74\\\/uploads\\\/2016\\\/04\\\/o_1461835388.jpg\",\"contentUrl\":\"http:\\\/\\\/www.isletasnoticias.com.ar\\\/%77%70%2d%63%6f%6e%74%65%6e%74\\\/uploads\\\/2016\\\/04\\\/o_1461835388.jpg\"},{\"@type\":\"BreadcrumbList\",\"@id\":\"https:\\\/\\\/informelitoral.com.ar\\\/impresionante-choque-dejo-como-saldo-tres-muertos-y-un-herido-grave\\\/#breadcrumb\",\"itemListElement\":[{\"@type\":\"ListItem\",\"position\":1,\"name\":\"Portada\",\"item\":\"https:\\\/\\\/informelitoral.com.ar\\\/\"},{\"@type\":\"ListItem\",\"position\":2,\"name\":\"Impresionante choque dej\u00f3 como saldo tres muertos y un herido grave\"}]},{\"@type\":\"WebSite\",\"@id\":\"https:\\\/\\\/informelitoral.com.ar\\\/#website\",\"url\":\"https:\\\/\\\/informelitoral.com.ar\\\/\",\"name\":\"Informe Litoral\",\"description\":\"&quot;Nos informamos&quot; \",\"publisher\":{\"@id\":\"https:\\\/\\\/informelitoral.com.ar\\\/#organization\"},\"potentialAction\":[{\"@type\":\"SearchAction\",\"target\":{\"@type\":\"EntryPoint\",\"urlTemplate\":\"https:\\\/\\\/informelitoral.com.ar\\\/?s={search_term_string}\"},\"query-input\":{\"@type\":\"PropertyValueSpecification\",\"valueRequired\":true,\"valueName\":\"search_term_string\"}}],\"inLanguage\":\"es\"},{\"@type\":\"Organization\",\"@id\":\"https:\\\/\\\/informelitoral.com.ar\\\/#organization\",\"name\":\"Informe Litoral\",\"url\":\"https:\\\/\\\/informelitoral.com.ar\\\/\",\"logo\":{\"@type\":\"ImageObject\",\"inLanguage\":\"es\",\"@id\":\"https:\\\/\\\/informelitoral.com.ar\\\/#\\\/schema\\\/logo\\\/image\\\/\",\"url\":\"https:\\\/\\\/informelitoral.com.ar\\\/%77%70%2d%63%6f%6e%74%65%6e%74\\\/uploads\\\/2021\\\/01\\\/circulo.png\",\"contentUrl\":\"https:\\\/\\\/informelitoral.com.ar\\\/%77%70%2d%63%6f%6e%74%65%6e%74\\\/uploads\\\/2021\\\/01\\\/circulo.png\",\"width\":723,\"height\":731,\"caption\":\"Informe Litoral\"},\"image\":{\"@id\":\"https:\\\/\\\/informelitoral.com.ar\\\/#\\\/schema\\\/logo\\\/image\\\/\"},\"sameAs\":[\"https:\\\/\\\/www.facebook.com\\\/informelitoral\\\/\",\"https:\\\/\\\/x.com\\\/InformeLitoral\",\"https:\\\/\\\/www.instagram.com\\\/informelitoral\\\/\",\"https:\\\/\\\/www.youtube.com\\\/channel\\\/UCua4Qvz8Icb6MYqhoq9xLXw\"]},{\"@type\":\"Person\",\"@id\":\"https:\\\/\\\/informelitoral.com.ar\\\/#\\\/schema\\\/person\\\/b9d00407c836482871ef1d57bf8e3180\",\"name\":\"Gonzalo Schmidt\",\"image\":{\"@type\":\"ImageObject\",\"inLanguage\":\"es\",\"@id\":\"https:\\\/\\\/secure.gravatar.com\\\/avatar\\\/31a1a7b66ff2de83bd0e9fd79d026630d2d99e55e8bfe501287647b4fd9743de?s=96&d=mm&r=g\",\"url\":\"https:\\\/\\\/secure.gravatar.com\\\/avatar\\\/31a1a7b66ff2de83bd0e9fd79d026630d2d99e55e8bfe501287647b4fd9743de?s=96&d=mm&r=g\",\"contentUrl\":\"https:\\\/\\\/secure.gravatar.com\\\/avatar\\\/31a1a7b66ff2de83bd0e9fd79d026630d2d99e55e8bfe501287647b4fd9743de?s=96&d=mm&r=g\",\"caption\":\"Gonzalo Schmidt\"},\"description\":\"Sitio web de noticias de la provincia de Entre R\u00edos, Argentina. Informaci\u00f3n y entretenimiento. Informe Litoral, nos informamos.\",\"sameAs\":[\"http:\\\/\\\/www.isletasnoticias.com.ar\"],\"url\":\"https:\\\/\\\/informelitoral.com.ar\\\/author\\\/gonzalo\\\/\"}]}<\/script>","yoast_head_json":{"title":"Impresionante choque dej\u00f3 como saldo tres muertos y un herido grave - Informe Litoral","robots":{"index":"index","follow":"follow","max-snippet":"max-snippet:-1","max-image-preview":"max-image-preview:large","max-video-preview":"max-video-preview:-1"},"canonical":"https:\/\/informelitoral.com.ar\/impresionante-choque-dejo-como-saldo-tres-muertos-y-un-herido-grave\/","og_locale":"es_ES","og_type":"article","og_title":"Impresionante choque dej\u00f3 como saldo tres muertos y un herido grave - Informe Litoral","og_description":"Uno de los veh&iacute;culos se incendi&oacute;. Ocurri&oacute; sobre Ruta 12, cerca de Crespo. Las v&iacute;ctimas ya fueron identificadas. Una hab&iacute;a cumplido con una prohibici&oacute;n de conducir por un siniestro vial acaecido a&ntilde;os atr&aacute;s. Tres muertos y un sobreviviente fue el saldo de un tr&aacute;gico accidente ocurrido poco antes de la medianoche, sobre Ruta 12, a [&hellip;]","og_url":"https:\/\/informelitoral.com.ar\/impresionante-choque-dejo-como-saldo-tres-muertos-y-un-herido-grave\/","og_site_name":"Informe Litoral","article_publisher":"https:\/\/www.facebook.com\/informelitoral\/","article_published_time":"2016-04-28T09:57:40+00:00","og_image":[{"width":800,"height":450,"url":"https:\/\/informelitoral.com.ar\/%77%70%2d%63%6f%6e%74%65%6e%74\/uploads\/2016\/04\/o_1461835388.jpg","type":"image\/jpeg"}],"author":"Gonzalo Schmidt","twitter_card":"summary_large_image","twitter_creator":"@InformeLitoral","twitter_site":"@InformeLitoral","twitter_misc":{"Escrito por":"Gonzalo Schmidt","Tiempo de lectura":"2 minutos"},"schema":{"@context":"https:\/\/schema.org","@graph":[{"@type":"Article","@id":"https:\/\/informelitoral.com.ar\/impresionante-choque-dejo-como-saldo-tres-muertos-y-un-herido-grave\/#article","isPartOf":{"@id":"https:\/\/informelitoral.com.ar\/impresionante-choque-dejo-como-saldo-tres-muertos-y-un-herido-grave\/"},"author":{"name":"Gonzalo Schmidt","@id":"https:\/\/informelitoral.com.ar\/#\/schema\/person\/b9d00407c836482871ef1d57bf8e3180"},"headline":"Impresionante choque dej\u00f3 como saldo tres muertos y un herido grave","datePublished":"2016-04-28T09:57:40+00:00","mainEntityOfPage":{"@id":"https:\/\/informelitoral.com.ar\/impresionante-choque-dejo-como-saldo-tres-muertos-y-un-herido-grave\/"},"wordCount":441,"commentCount":0,"publisher":{"@id":"https:\/\/informelitoral.com.ar\/#organization"},"image":{"@id":"https:\/\/informelitoral.com.ar\/impresionante-choque-dejo-como-saldo-tres-muertos-y-un-herido-grave\/#primaryimage"},"thumbnailUrl":"http:\/\/www.isletasnoticias.com.ar\/%77%70%2d%63%6f%6e%74%65%6e%74\/uploads\/2016\/04\/o_1461835388.jpg","articleSection":["Entre R\u00edos","Policiales"],"inLanguage":"es","potentialAction":[{"@type":"CommentAction","name":"Comment","target":["https:\/\/informelitoral.com.ar\/impresionante-choque-dejo-como-saldo-tres-muertos-y-un-herido-grave\/#respond"]}]},{"@type":"WebPage","@id":"https:\/\/informelitoral.com.ar\/impresionante-choque-dejo-como-saldo-tres-muertos-y-un-herido-grave\/","url":"https:\/\/informelitoral.com.ar\/impresionante-choque-dejo-como-saldo-tres-muertos-y-un-herido-grave\/","name":"Impresionante choque dej\u00f3 como saldo tres muertos y un herido grave - Informe Litoral","isPartOf":{"@id":"https:\/\/informelitoral.com.ar\/#website"},"primaryImageOfPage":{"@id":"https:\/\/informelitoral.com.ar\/impresionante-choque-dejo-como-saldo-tres-muertos-y-un-herido-grave\/#primaryimage"},"image":{"@id":"https:\/\/informelitoral.com.ar\/impresionante-choque-dejo-como-saldo-tres-muertos-y-un-herido-grave\/#primaryimage"},"thumbnailUrl":"http:\/\/www.isletasnoticias.com.ar\/%77%70%2d%63%6f%6e%74%65%6e%74\/uploads\/2016\/04\/o_1461835388.jpg","datePublished":"2016-04-28T09:57:40+00:00","breadcrumb":{"@id":"https:\/\/informelitoral.com.ar\/impresionante-choque-dejo-como-saldo-tres-muertos-y-un-herido-grave\/#breadcrumb"},"inLanguage":"es","potentialAction":[{"@type":"ReadAction","target":["https:\/\/informelitoral.com.ar\/impresionante-choque-dejo-como-saldo-tres-muertos-y-un-herido-grave\/"]}]},{"@type":"ImageObject","inLanguage":"es","@id":"https:\/\/informelitoral.com.ar\/impresionante-choque-dejo-como-saldo-tres-muertos-y-un-herido-grave\/#primaryimage","url":"http:\/\/www.isletasnoticias.com.ar\/%77%70%2d%63%6f%6e%74%65%6e%74\/uploads\/2016\/04\/o_1461835388.jpg","contentUrl":"http:\/\/www.isletasnoticias.com.ar\/%77%70%2d%63%6f%6e%74%65%6e%74\/uploads\/2016\/04\/o_1461835388.jpg"},{"@type":"BreadcrumbList","@id":"https:\/\/informelitoral.com.ar\/impresionante-choque-dejo-como-saldo-tres-muertos-y-un-herido-grave\/#breadcrumb","itemListElement":[{"@type":"ListItem","position":1,"name":"Portada","item":"https:\/\/informelitoral.com.ar\/"},{"@type":"ListItem","position":2,"name":"Impresionante choque dej\u00f3 como saldo tres muertos y un herido grave"}]},{"@type":"WebSite","@id":"https:\/\/informelitoral.com.ar\/#website","url":"https:\/\/informelitoral.com.ar\/","name":"Informe Litoral","description":"&quot;Nos informamos&quot; ","publisher":{"@id":"https:\/\/informelitoral.com.ar\/#organization"},"potentialAction":[{"@type":"SearchAction","target":{"@type":"EntryPoint","urlTemplate":"https:\/\/informelitoral.com.ar\/?s={search_term_string}"},"query-input":{"@type":"PropertyValueSpecification","valueRequired":true,"valueName":"search_term_string"}}],"inLanguage":"es"},{"@type":"Organization","@id":"https:\/\/informelitoral.com.ar\/#organization","name":"Informe Litoral","url":"https:\/\/informelitoral.com.ar\/","logo":{"@type":"ImageObject","inLanguage":"es","@id":"https:\/\/informelitoral.com.ar\/#\/schema\/logo\/image\/","url":"https:\/\/informelitoral.com.ar\/%77%70%2d%63%6f%6e%74%65%6e%74\/uploads\/2021\/01\/circulo.png","contentUrl":"https:\/\/informelitoral.com.ar\/%77%70%2d%63%6f%6e%74%65%6e%74\/uploads\/2021\/01\/circulo.png","width":723,"height":731,"caption":"Informe Litoral"},"image":{"@id":"https:\/\/informelitoral.com.ar\/#\/schema\/logo\/image\/"},"sameAs":["https:\/\/www.facebook.com\/informelitoral\/","https:\/\/x.com\/InformeLitoral","https:\/\/www.instagram.com\/informelitoral\/","https:\/\/www.youtube.com\/channel\/UCua4Qvz8Icb6MYqhoq9xLXw"]},{"@type":"Person","@id":"https:\/\/informelitoral.com.ar\/#\/schema\/person\/b9d00407c836482871ef1d57bf8e3180","name":"Gonzalo Schmidt","image":{"@type":"ImageObject","inLanguage":"es","@id":"https:\/\/secure.gravatar.com\/avatar\/31a1a7b66ff2de83bd0e9fd79d026630d2d99e55e8bfe501287647b4fd9743de?s=96&d=mm&r=g","url":"https:\/\/secure.gravatar.com\/avatar\/31a1a7b66ff2de83bd0e9fd79d026630d2d99e55e8bfe501287647b4fd9743de?s=96&d=mm&r=g","contentUrl":"https:\/\/secure.gravatar.com\/avatar\/31a1a7b66ff2de83bd0e9fd79d026630d2d99e55e8bfe501287647b4fd9743de?s=96&d=mm&r=g","caption":"Gonzalo Schmidt"},"description":"Sitio web de noticias de la provincia de Entre R\u00edos, Argentina. Informaci\u00f3n y entretenimiento. Informe Litoral, nos informamos.","sameAs":["http:\/\/www.isletasnoticias.com.ar"],"url":"https:\/\/informelitoral.com.ar\/author\/gonzalo\/"}]}},"_links":{"self":[{"href":"https:\/\/informelitoral.com.ar\/%77%70%2d%6a%73%6f%6e\/wp\/v2\/posts\/15622","targetHints":{"allow":["GET"]}}],"collection":[{"href":"https:\/\/informelitoral.com.ar\/%77%70%2d%6a%73%6f%6e\/wp\/v2\/posts"}],"about":[{"href":"https:\/\/informelitoral.com.ar\/%77%70%2d%6a%73%6f%6e\/wp\/v2\/types\/post"}],"author":[{"embeddable":true,"href":"https:\/\/informelitoral.com.ar\/%77%70%2d%6a%73%6f%6e\/wp\/v2\/users\/2"}],"replies":[{"embeddable":true,"href":"https:\/\/informelitoral.com.ar\/%77%70%2d%6a%73%6f%6e\/wp\/v2\/comments?post=15622"}],"version-history":[{"count":0,"href":"https:\/\/informelitoral.com.ar\/%77%70%2d%6a%73%6f%6e\/wp\/v2\/posts\/15622\/revisions"}],"wp:attachment":[{"href":"https:\/\/informelitoral.com.ar\/%77%70%2d%6a%73%6f%6e\/wp\/v2\/media?parent=15622"}],"wp:term":[{"taxonomy":"category","embeddable":true,"href":"https:\/\/informelitoral.com.ar\/%77%70%2d%6a%73%6f%6e\/wp\/v2\/categories?post=15622"},{"taxonomy":"post_tag","embeddable":true,"href":"https:\/\/informelitoral.com.ar\/%77%70%2d%6a%73%6f%6e\/wp\/v2\/tags?post=15622"}],"curies":[{"name":"wp","href":"https:\/\/api.w.org\/{rel}","templated":true}]}}