{"id":15618,"date":"2016-04-27T19:11:04","date_gmt":"2016-04-27T22:11:04","guid":{"rendered":"http:\/\/www.isletasnoticias.com.ar\/?p=15618"},"modified":"2016-04-27T20:11:22","modified_gmt":"2016-04-27T23:11:22","slug":"los-10-alimentos-ideales-para-el-invierno","status":"publish","type":"post","link":"https:\/\/informelitoral.com.ar\/los-10-alimentos-ideales-para-el-invierno\/","title":{"rendered":"Los 10 alimentos ideales para el invierno"},"content":{"rendered":"<p><strong>Con el fr\u00edo pasamos m\u00e1s tiempo en casa y nos tentamos con productos ricos en calor\u00edas. Pero, para poder vivir plenamente esta \u00e9poca, es importante estar sanos y fuertes. Por eso es fundamental cuidar la alimentaci\u00f3n.<a href=\"http:\/\/www.isletasnoticias.com.ar\/%77%70%2d%63%6f%6e%74%65%6e%74\/uploads\/2016\/04\/frutas-verduras-y-pescado-idelaes-dieta-equilibrada.jpg\" rel=\"attachment wp-att-15619\"><img loading=\"lazy\" decoding=\"async\" class=\"aligncenter wp-image-15619 size-full\" src=\"http:\/\/www.isletasnoticias.com.ar\/%77%70%2d%63%6f%6e%74%65%6e%74\/uploads\/2016\/04\/frutas-verduras-y-pescado-idelaes-dieta-equilibrada.jpg\" alt=\"frutas-verduras-y-pescado-idelaes-dieta-equilibrada\" width=\"380\" height=\"214\" srcset=\"https:\/\/informelitoral.com.ar\/%77%70%2d%63%6f%6e%74%65%6e%74\/uploads\/2016\/04\/frutas-verduras-y-pescado-idelaes-dieta-equilibrada.jpg 380w, https:\/\/informelitoral.com.ar\/%77%70%2d%63%6f%6e%74%65%6e%74\/uploads\/2016\/04\/frutas-verduras-y-pescado-idelaes-dieta-equilibrada-300x169.jpg 300w\" sizes=\"auto, (max-width: 380px) 100vw, 380px\" \/><\/a><\/strong><\/p>\n<p class=\"first-paragraph\">En invierno debemos estar atentos a no descuidar nuestro cuerpo. Suele pasar que las bajas temperaturas nos llevan a dejar de lado las ensaladas, las frutas frescas o el agua. Para evitarlo, inclu\u00ed estos alimentos en tu men\u00fa:<\/p>\n<p><strong>1) Br\u00f3coli y hojas verdes crudas.<\/strong> El primero es rico en vitamina C, en antioxidantes y muy bajo en calor\u00edas. Las segundas aportan clorofila con efecto depurativo y enzimas. La idea es no abandonar las verduras. Consumirlas cocidas, al wok con aceite de oliva, en guisos con salsa de tomate casera, en revueltos con claras de huevo o en tortillas al horno.<\/p>\n<p><strong>2) Tomate.<\/strong> Es una excelente fuente de fibra, poseen una cantidad enorme de vitaminas, entre ellas, las del grupo C y E que tienen una excelente capacidad antioxidante. Evita la oxidaci\u00f3n celular y agiliza la depuraci\u00f3n de los productos t\u00f3xicos. Es conveniente quitar la piel en el momento de consumirlo porque en ella se depositan la mayor cantidad de qu\u00edmicos nocivos.<\/p>\n<p><strong>3) <\/strong><strong>Frutas secas. <\/strong>Las nueces contienen mucho calcio y son ideales para mantener los huesos en buen estado. Son muy recomendables en personas mayores que pueden tener m\u00e1s facilidad en descalcificarse, sobre todo en mujeres que se encuentren en la postmenopausia y en los ni\u00f1os. Deben comerse frescas, porque su alto contenido graso hace que se pongan rancias apenas peladas.<\/p>\n<p><strong>4) <\/strong><strong>Infusiones.<\/strong> Consumir t\u00e9 de frutas y t\u00e9 verde. Tambi\u00e9n caldos, pero tienen que ser caseros porque los instant\u00e1neos contienen muchos aditivos perjudiciales.<\/p>\n<p><strong>5) <\/strong><strong>Bebidas.<\/strong> Conviene reducir e incluso eliminar de la dieta sustancias t\u00f3xicas y excitantes como la cafe\u00edna. Tambi\u00e9n las bebidas estimulantes: excitan pero no nutren y su uso continuado produce desgaste nervioso, agotamiento y falta de adaptaci\u00f3n al estr\u00e9s.<\/p>\n<p><strong>6) Sopas.<\/strong> Pueden ser de zanahoria, de zapallo o de cualquier verdura. Pod\u00e9s agregarles semillas para hacerlas m\u00e1s nutritivas (ch\u00eda para incorporar omega 3, s\u00e9samo para aportar un extra de calcio, etc.)<\/p>\n<p><strong>7)\u00a0 <\/strong><strong>Frutas.<\/strong> Aprovech\u00e1 las frutas c\u00edtricas de esta \u00e9poca del a\u00f1o, que son ricas en vitaminas y antioxidantes. Algunos ejemplos son el kiwi, la naranja, la mandarina y el pomelo.<\/p>\n<p><strong>8) <\/strong><strong>Pescados.<\/strong> Son las prote\u00ednas m\u00e1s aconsejadas. Se sugiere consumirlos entre 4 \u00f3 5 veces por semana.<\/p>\n<p><strong>9)\u00a0 <\/strong><strong>Carnes. <\/strong>Las rojas desgrasadas y el pollo deben completar el men\u00fa semanal.<\/p>\n<p><strong>10)\u00a0 <\/strong><strong>Huevos.<\/strong> No debemos olvidarlos para completar una alimentaci\u00f3n balanceada. Son una rica fuente de prote\u00ednas y mejor si son org\u00e1nicos. Pueden consumirse todos los d\u00edas.<\/p>\n<p>Siguiendo estos sencillos consejos podemos proveer a nuestro organismo de buenos nutrientes que nos permitan disfrutar del invierno.<\/p>\n<p><em>(Entre Mujeres &#8211; Clar\u00edn. Por la licenciada en nutrici\u00f3n Mar\u00eda Cecilia Ponce, del Laboratorio ALCAT)<\/em><\/p>\n","protected":false},"excerpt":{"rendered":"<p>Con el fr&iacute;o pasamos m&aacute;s tiempo en casa y nos tentamos con productos ricos en calor&iacute;as. Pero, para poder vivir plenamente esta &eacute;poca, es importante estar sanos y fuertes. Por eso es fundamental cuidar la alimentaci&oacute;n. En invierno debemos estar atentos a no descuidar nuestro cuerpo. Suele pasar que las bajas temperaturas nos llevan a [&hellip;]<\/p>\n","protected":false},"author":2,"featured_media":0,"comment_status":"open","ping_status":"open","sticky":false,"template":"","format":"standard","meta":{"fifu_image_url":"","fifu_image_alt":"","footnotes":""},"categories":[9],"tags":[],"class_list":{"0":"post-15618","1":"post","2":"type-post","3":"status-publish","4":"format-standard","6":"category-sociedad"},"yoast_head":"<title>Los 10 alimentos ideales para el invierno - Informe Litoral<\/title>\n<meta name=\"robots\" content=\"index, follow, max-snippet:-1, max-image-preview:large, max-video-preview:-1\" \/>\n<link rel=\"canonical\" href=\"https:\/\/informelitoral.com.ar\/los-10-alimentos-ideales-para-el-invierno\/\" \/>\n<meta property=\"og:locale\" content=\"es_ES\" \/>\n<meta property=\"og:type\" content=\"article\" \/>\n<meta property=\"og:title\" content=\"Los 10 alimentos ideales para el invierno - Informe Litoral\" \/>\n<meta property=\"og:description\" content=\"Con el fr&iacute;o pasamos m&aacute;s tiempo en casa y nos tentamos con productos ricos en calor&iacute;as. Pero, para poder vivir plenamente esta &eacute;poca, es importante estar sanos y fuertes. Por eso es fundamental cuidar la alimentaci&oacute;n. En invierno debemos estar atentos a no descuidar nuestro cuerpo. Suele pasar que las bajas temperaturas nos llevan a [&hellip;]\" \/>\n<meta property=\"og:url\" content=\"https:\/\/informelitoral.com.ar\/los-10-alimentos-ideales-para-el-invierno\/\" \/>\n<meta property=\"og:site_name\" content=\"Informe Litoral\" \/>\n<meta property=\"article:publisher\" content=\"https:\/\/www.facebook.com\/informelitoral\/\" \/>\n<meta property=\"article:published_time\" content=\"2016-04-27T22:11:04+00:00\" \/>\n<meta property=\"article:modified_time\" content=\"2016-04-27T23:11:22+00:00\" \/>\n<meta property=\"og:image\" content=\"https:\/\/informelitoral.com.ar\/%77%70%2d%63%6f%6e%74%65%6e%74\/uploads\/2016\/04\/frutas-verduras-y-pescado-idelaes-dieta-equilibrada.jpg\" \/>\n\t<meta property=\"og:image:width\" content=\"380\" \/>\n\t<meta property=\"og:image:height\" content=\"214\" \/>\n\t<meta property=\"og:image:type\" content=\"image\/jpeg\" \/>\n<meta name=\"author\" content=\"Gonzalo Schmidt\" \/>\n<meta name=\"twitter:card\" content=\"summary_large_image\" \/>\n<meta name=\"twitter:creator\" content=\"@InformeLitoral\" \/>\n<meta name=\"twitter:site\" content=\"@InformeLitoral\" \/>\n<meta name=\"twitter:label1\" content=\"Escrito por\" \/>\n\t<meta name=\"twitter:data1\" content=\"Gonzalo Schmidt\" \/>\n\t<meta name=\"twitter:label2\" content=\"Tiempo de lectura\" \/>\n\t<meta name=\"twitter:data2\" content=\"2 minutos\" \/>\n<script type=\"application\/ld+json\" class=\"yoast-schema-graph\">{\"@context\":\"https:\\\/\\\/schema.org\",\"@graph\":[{\"@type\":\"Article\",\"@id\":\"https:\\\/\\\/informelitoral.com.ar\\\/los-10-alimentos-ideales-para-el-invierno\\\/#article\",\"isPartOf\":{\"@id\":\"https:\\\/\\\/informelitoral.com.ar\\\/los-10-alimentos-ideales-para-el-invierno\\\/\"},\"author\":{\"name\":\"Gonzalo Schmidt\",\"@id\":\"https:\\\/\\\/informelitoral.com.ar\\\/#\\\/schema\\\/person\\\/b9d00407c836482871ef1d57bf8e3180\"},\"headline\":\"Los 10 alimentos ideales para el invierno\",\"datePublished\":\"2016-04-27T22:11:04+00:00\",\"dateModified\":\"2016-04-27T23:11:22+00:00\",\"mainEntityOfPage\":{\"@id\":\"https:\\\/\\\/informelitoral.com.ar\\\/los-10-alimentos-ideales-para-el-invierno\\\/\"},\"wordCount\":496,\"commentCount\":0,\"publisher\":{\"@id\":\"https:\\\/\\\/informelitoral.com.ar\\\/#organization\"},\"image\":{\"@id\":\"https:\\\/\\\/informelitoral.com.ar\\\/los-10-alimentos-ideales-para-el-invierno\\\/#primaryimage\"},\"thumbnailUrl\":\"http:\\\/\\\/www.isletasnoticias.com.ar\\\/%77%70%2d%63%6f%6e%74%65%6e%74\\\/uploads\\\/2016\\\/04\\\/frutas-verduras-y-pescado-idelaes-dieta-equilibrada.jpg\",\"articleSection\":[\"Sociedad\"],\"inLanguage\":\"es\",\"potentialAction\":[{\"@type\":\"CommentAction\",\"name\":\"Comment\",\"target\":[\"https:\\\/\\\/informelitoral.com.ar\\\/los-10-alimentos-ideales-para-el-invierno\\\/#respond\"]}]},{\"@type\":\"WebPage\",\"@id\":\"https:\\\/\\\/informelitoral.com.ar\\\/los-10-alimentos-ideales-para-el-invierno\\\/\",\"url\":\"https:\\\/\\\/informelitoral.com.ar\\\/los-10-alimentos-ideales-para-el-invierno\\\/\",\"name\":\"Los 10 alimentos ideales para el invierno - Informe Litoral\",\"isPartOf\":{\"@id\":\"https:\\\/\\\/informelitoral.com.ar\\\/#website\"},\"primaryImageOfPage\":{\"@id\":\"https:\\\/\\\/informelitoral.com.ar\\\/los-10-alimentos-ideales-para-el-invierno\\\/#primaryimage\"},\"image\":{\"@id\":\"https:\\\/\\\/informelitoral.com.ar\\\/los-10-alimentos-ideales-para-el-invierno\\\/#primaryimage\"},\"thumbnailUrl\":\"http:\\\/\\\/www.isletasnoticias.com.ar\\\/%77%70%2d%63%6f%6e%74%65%6e%74\\\/uploads\\\/2016\\\/04\\\/frutas-verduras-y-pescado-idelaes-dieta-equilibrada.jpg\",\"datePublished\":\"2016-04-27T22:11:04+00:00\",\"dateModified\":\"2016-04-27T23:11:22+00:00\",\"breadcrumb\":{\"@id\":\"https:\\\/\\\/informelitoral.com.ar\\\/los-10-alimentos-ideales-para-el-invierno\\\/#breadcrumb\"},\"inLanguage\":\"es\",\"potentialAction\":[{\"@type\":\"ReadAction\",\"target\":[\"https:\\\/\\\/informelitoral.com.ar\\\/los-10-alimentos-ideales-para-el-invierno\\\/\"]}]},{\"@type\":\"ImageObject\",\"inLanguage\":\"es\",\"@id\":\"https:\\\/\\\/informelitoral.com.ar\\\/los-10-alimentos-ideales-para-el-invierno\\\/#primaryimage\",\"url\":\"http:\\\/\\\/www.isletasnoticias.com.ar\\\/%77%70%2d%63%6f%6e%74%65%6e%74\\\/uploads\\\/2016\\\/04\\\/frutas-verduras-y-pescado-idelaes-dieta-equilibrada.jpg\",\"contentUrl\":\"http:\\\/\\\/www.isletasnoticias.com.ar\\\/%77%70%2d%63%6f%6e%74%65%6e%74\\\/uploads\\\/2016\\\/04\\\/frutas-verduras-y-pescado-idelaes-dieta-equilibrada.jpg\"},{\"@type\":\"BreadcrumbList\",\"@id\":\"https:\\\/\\\/informelitoral.com.ar\\\/los-10-alimentos-ideales-para-el-invierno\\\/#breadcrumb\",\"itemListElement\":[{\"@type\":\"ListItem\",\"position\":1,\"name\":\"Portada\",\"item\":\"https:\\\/\\\/informelitoral.com.ar\\\/\"},{\"@type\":\"ListItem\",\"position\":2,\"name\":\"Los 10 alimentos ideales para el invierno\"}]},{\"@type\":\"WebSite\",\"@id\":\"https:\\\/\\\/informelitoral.com.ar\\\/#website\",\"url\":\"https:\\\/\\\/informelitoral.com.ar\\\/\",\"name\":\"Informe Litoral\",\"description\":\"&quot;Nos informamos&quot; \",\"publisher\":{\"@id\":\"https:\\\/\\\/informelitoral.com.ar\\\/#organization\"},\"potentialAction\":[{\"@type\":\"SearchAction\",\"target\":{\"@type\":\"EntryPoint\",\"urlTemplate\":\"https:\\\/\\\/informelitoral.com.ar\\\/?s={search_term_string}\"},\"query-input\":{\"@type\":\"PropertyValueSpecification\",\"valueRequired\":true,\"valueName\":\"search_term_string\"}}],\"inLanguage\":\"es\"},{\"@type\":\"Organization\",\"@id\":\"https:\\\/\\\/informelitoral.com.ar\\\/#organization\",\"name\":\"Informe Litoral\",\"url\":\"https:\\\/\\\/informelitoral.com.ar\\\/\",\"logo\":{\"@type\":\"ImageObject\",\"inLanguage\":\"es\",\"@id\":\"https:\\\/\\\/informelitoral.com.ar\\\/#\\\/schema\\\/logo\\\/image\\\/\",\"url\":\"https:\\\/\\\/informelitoral.com.ar\\\/%77%70%2d%63%6f%6e%74%65%6e%74\\\/uploads\\\/2021\\\/01\\\/circulo.png\",\"contentUrl\":\"https:\\\/\\\/informelitoral.com.ar\\\/%77%70%2d%63%6f%6e%74%65%6e%74\\\/uploads\\\/2021\\\/01\\\/circulo.png\",\"width\":723,\"height\":731,\"caption\":\"Informe Litoral\"},\"image\":{\"@id\":\"https:\\\/\\\/informelitoral.com.ar\\\/#\\\/schema\\\/logo\\\/image\\\/\"},\"sameAs\":[\"https:\\\/\\\/www.facebook.com\\\/informelitoral\\\/\",\"https:\\\/\\\/x.com\\\/InformeLitoral\",\"https:\\\/\\\/www.instagram.com\\\/informelitoral\\\/\",\"https:\\\/\\\/www.youtube.com\\\/channel\\\/UCua4Qvz8Icb6MYqhoq9xLXw\"]},{\"@type\":\"Person\",\"@id\":\"https:\\\/\\\/informelitoral.com.ar\\\/#\\\/schema\\\/person\\\/b9d00407c836482871ef1d57bf8e3180\",\"name\":\"Gonzalo Schmidt\",\"image\":{\"@type\":\"ImageObject\",\"inLanguage\":\"es\",\"@id\":\"https:\\\/\\\/secure.gravatar.com\\\/avatar\\\/31a1a7b66ff2de83bd0e9fd79d026630d2d99e55e8bfe501287647b4fd9743de?s=96&d=mm&r=g\",\"url\":\"https:\\\/\\\/secure.gravatar.com\\\/avatar\\\/31a1a7b66ff2de83bd0e9fd79d026630d2d99e55e8bfe501287647b4fd9743de?s=96&d=mm&r=g\",\"contentUrl\":\"https:\\\/\\\/secure.gravatar.com\\\/avatar\\\/31a1a7b66ff2de83bd0e9fd79d026630d2d99e55e8bfe501287647b4fd9743de?s=96&d=mm&r=g\",\"caption\":\"Gonzalo Schmidt\"},\"description\":\"Sitio web de noticias de la provincia de Entre R\u00edos, Argentina. Informaci\u00f3n y entretenimiento. Informe Litoral, nos informamos.\",\"sameAs\":[\"http:\\\/\\\/www.isletasnoticias.com.ar\"],\"url\":\"https:\\\/\\\/informelitoral.com.ar\\\/author\\\/gonzalo\\\/\"}]}<\/script>","yoast_head_json":{"title":"Los 10 alimentos ideales para el invierno - Informe Litoral","robots":{"index":"index","follow":"follow","max-snippet":"max-snippet:-1","max-image-preview":"max-image-preview:large","max-video-preview":"max-video-preview:-1"},"canonical":"https:\/\/informelitoral.com.ar\/los-10-alimentos-ideales-para-el-invierno\/","og_locale":"es_ES","og_type":"article","og_title":"Los 10 alimentos ideales para el invierno - Informe Litoral","og_description":"Con el fr&iacute;o pasamos m&aacute;s tiempo en casa y nos tentamos con productos ricos en calor&iacute;as. Pero, para poder vivir plenamente esta &eacute;poca, es importante estar sanos y fuertes. Por eso es fundamental cuidar la alimentaci&oacute;n. En invierno debemos estar atentos a no descuidar nuestro cuerpo. Suele pasar que las bajas temperaturas nos llevan a [&hellip;]","og_url":"https:\/\/informelitoral.com.ar\/los-10-alimentos-ideales-para-el-invierno\/","og_site_name":"Informe Litoral","article_publisher":"https:\/\/www.facebook.com\/informelitoral\/","article_published_time":"2016-04-27T22:11:04+00:00","article_modified_time":"2016-04-27T23:11:22+00:00","og_image":[{"width":380,"height":214,"url":"https:\/\/informelitoral.com.ar\/%77%70%2d%63%6f%6e%74%65%6e%74\/uploads\/2016\/04\/frutas-verduras-y-pescado-idelaes-dieta-equilibrada.jpg","type":"image\/jpeg"}],"author":"Gonzalo Schmidt","twitter_card":"summary_large_image","twitter_creator":"@InformeLitoral","twitter_site":"@InformeLitoral","twitter_misc":{"Escrito por":"Gonzalo Schmidt","Tiempo de lectura":"2 minutos"},"schema":{"@context":"https:\/\/schema.org","@graph":[{"@type":"Article","@id":"https:\/\/informelitoral.com.ar\/los-10-alimentos-ideales-para-el-invierno\/#article","isPartOf":{"@id":"https:\/\/informelitoral.com.ar\/los-10-alimentos-ideales-para-el-invierno\/"},"author":{"name":"Gonzalo Schmidt","@id":"https:\/\/informelitoral.com.ar\/#\/schema\/person\/b9d00407c836482871ef1d57bf8e3180"},"headline":"Los 10 alimentos ideales para el invierno","datePublished":"2016-04-27T22:11:04+00:00","dateModified":"2016-04-27T23:11:22+00:00","mainEntityOfPage":{"@id":"https:\/\/informelitoral.com.ar\/los-10-alimentos-ideales-para-el-invierno\/"},"wordCount":496,"commentCount":0,"publisher":{"@id":"https:\/\/informelitoral.com.ar\/#organization"},"image":{"@id":"https:\/\/informelitoral.com.ar\/los-10-alimentos-ideales-para-el-invierno\/#primaryimage"},"thumbnailUrl":"http:\/\/www.isletasnoticias.com.ar\/%77%70%2d%63%6f%6e%74%65%6e%74\/uploads\/2016\/04\/frutas-verduras-y-pescado-idelaes-dieta-equilibrada.jpg","articleSection":["Sociedad"],"inLanguage":"es","potentialAction":[{"@type":"CommentAction","name":"Comment","target":["https:\/\/informelitoral.com.ar\/los-10-alimentos-ideales-para-el-invierno\/#respond"]}]},{"@type":"WebPage","@id":"https:\/\/informelitoral.com.ar\/los-10-alimentos-ideales-para-el-invierno\/","url":"https:\/\/informelitoral.com.ar\/los-10-alimentos-ideales-para-el-invierno\/","name":"Los 10 alimentos ideales para el invierno - Informe Litoral","isPartOf":{"@id":"https:\/\/informelitoral.com.ar\/#website"},"primaryImageOfPage":{"@id":"https:\/\/informelitoral.com.ar\/los-10-alimentos-ideales-para-el-invierno\/#primaryimage"},"image":{"@id":"https:\/\/informelitoral.com.ar\/los-10-alimentos-ideales-para-el-invierno\/#primaryimage"},"thumbnailUrl":"http:\/\/www.isletasnoticias.com.ar\/%77%70%2d%63%6f%6e%74%65%6e%74\/uploads\/2016\/04\/frutas-verduras-y-pescado-idelaes-dieta-equilibrada.jpg","datePublished":"2016-04-27T22:11:04+00:00","dateModified":"2016-04-27T23:11:22+00:00","breadcrumb":{"@id":"https:\/\/informelitoral.com.ar\/los-10-alimentos-ideales-para-el-invierno\/#breadcrumb"},"inLanguage":"es","potentialAction":[{"@type":"ReadAction","target":["https:\/\/informelitoral.com.ar\/los-10-alimentos-ideales-para-el-invierno\/"]}]},{"@type":"ImageObject","inLanguage":"es","@id":"https:\/\/informelitoral.com.ar\/los-10-alimentos-ideales-para-el-invierno\/#primaryimage","url":"http:\/\/www.isletasnoticias.com.ar\/%77%70%2d%63%6f%6e%74%65%6e%74\/uploads\/2016\/04\/frutas-verduras-y-pescado-idelaes-dieta-equilibrada.jpg","contentUrl":"http:\/\/www.isletasnoticias.com.ar\/%77%70%2d%63%6f%6e%74%65%6e%74\/uploads\/2016\/04\/frutas-verduras-y-pescado-idelaes-dieta-equilibrada.jpg"},{"@type":"BreadcrumbList","@id":"https:\/\/informelitoral.com.ar\/los-10-alimentos-ideales-para-el-invierno\/#breadcrumb","itemListElement":[{"@type":"ListItem","position":1,"name":"Portada","item":"https:\/\/informelitoral.com.ar\/"},{"@type":"ListItem","position":2,"name":"Los 10 alimentos ideales para el invierno"}]},{"@type":"WebSite","@id":"https:\/\/informelitoral.com.ar\/#website","url":"https:\/\/informelitoral.com.ar\/","name":"Informe Litoral","description":"&quot;Nos informamos&quot; ","publisher":{"@id":"https:\/\/informelitoral.com.ar\/#organization"},"potentialAction":[{"@type":"SearchAction","target":{"@type":"EntryPoint","urlTemplate":"https:\/\/informelitoral.com.ar\/?s={search_term_string}"},"query-input":{"@type":"PropertyValueSpecification","valueRequired":true,"valueName":"search_term_string"}}],"inLanguage":"es"},{"@type":"Organization","@id":"https:\/\/informelitoral.com.ar\/#organization","name":"Informe Litoral","url":"https:\/\/informelitoral.com.ar\/","logo":{"@type":"ImageObject","inLanguage":"es","@id":"https:\/\/informelitoral.com.ar\/#\/schema\/logo\/image\/","url":"https:\/\/informelitoral.com.ar\/%77%70%2d%63%6f%6e%74%65%6e%74\/uploads\/2021\/01\/circulo.png","contentUrl":"https:\/\/informelitoral.com.ar\/%77%70%2d%63%6f%6e%74%65%6e%74\/uploads\/2021\/01\/circulo.png","width":723,"height":731,"caption":"Informe Litoral"},"image":{"@id":"https:\/\/informelitoral.com.ar\/#\/schema\/logo\/image\/"},"sameAs":["https:\/\/www.facebook.com\/informelitoral\/","https:\/\/x.com\/InformeLitoral","https:\/\/www.instagram.com\/informelitoral\/","https:\/\/www.youtube.com\/channel\/UCua4Qvz8Icb6MYqhoq9xLXw"]},{"@type":"Person","@id":"https:\/\/informelitoral.com.ar\/#\/schema\/person\/b9d00407c836482871ef1d57bf8e3180","name":"Gonzalo Schmidt","image":{"@type":"ImageObject","inLanguage":"es","@id":"https:\/\/secure.gravatar.com\/avatar\/31a1a7b66ff2de83bd0e9fd79d026630d2d99e55e8bfe501287647b4fd9743de?s=96&d=mm&r=g","url":"https:\/\/secure.gravatar.com\/avatar\/31a1a7b66ff2de83bd0e9fd79d026630d2d99e55e8bfe501287647b4fd9743de?s=96&d=mm&r=g","contentUrl":"https:\/\/secure.gravatar.com\/avatar\/31a1a7b66ff2de83bd0e9fd79d026630d2d99e55e8bfe501287647b4fd9743de?s=96&d=mm&r=g","caption":"Gonzalo Schmidt"},"description":"Sitio web de noticias de la provincia de Entre R\u00edos, Argentina. Informaci\u00f3n y entretenimiento. Informe Litoral, nos informamos.","sameAs":["http:\/\/www.isletasnoticias.com.ar"],"url":"https:\/\/informelitoral.com.ar\/author\/gonzalo\/"}]}},"_links":{"self":[{"href":"https:\/\/informelitoral.com.ar\/%77%70%2d%6a%73%6f%6e\/wp\/v2\/posts\/15618","targetHints":{"allow":["GET"]}}],"collection":[{"href":"https:\/\/informelitoral.com.ar\/%77%70%2d%6a%73%6f%6e\/wp\/v2\/posts"}],"about":[{"href":"https:\/\/informelitoral.com.ar\/%77%70%2d%6a%73%6f%6e\/wp\/v2\/types\/post"}],"author":[{"embeddable":true,"href":"https:\/\/informelitoral.com.ar\/%77%70%2d%6a%73%6f%6e\/wp\/v2\/users\/2"}],"replies":[{"embeddable":true,"href":"https:\/\/informelitoral.com.ar\/%77%70%2d%6a%73%6f%6e\/wp\/v2\/comments?post=15618"}],"version-history":[{"count":0,"href":"https:\/\/informelitoral.com.ar\/%77%70%2d%6a%73%6f%6e\/wp\/v2\/posts\/15618\/revisions"}],"wp:attachment":[{"href":"https:\/\/informelitoral.com.ar\/%77%70%2d%6a%73%6f%6e\/wp\/v2\/media?parent=15618"}],"wp:term":[{"taxonomy":"category","embeddable":true,"href":"https:\/\/informelitoral.com.ar\/%77%70%2d%6a%73%6f%6e\/wp\/v2\/categories?post=15618"},{"taxonomy":"post_tag","embeddable":true,"href":"https:\/\/informelitoral.com.ar\/%77%70%2d%6a%73%6f%6e\/wp\/v2\/tags?post=15618"}],"curies":[{"name":"wp","href":"https:\/\/api.w.org\/{rel}","templated":true}]}}