{"id":15615,"date":"2016-04-27T20:02:09","date_gmt":"2016-04-27T23:02:09","guid":{"rendered":"http:\/\/www.isletasnoticias.com.ar\/?p=15615"},"modified":"2016-04-27T20:02:09","modified_gmt":"2016-04-27T23:02:09","slug":"en-entre-rios-se-creo-el-consejo-provincial-de-politicas-sociales","status":"publish","type":"post","link":"https:\/\/informelitoral.com.ar\/en-entre-rios-se-creo-el-consejo-provincial-de-politicas-sociales\/","title":{"rendered":"En Entre R\u00edos se cre\u00f3 el Consejo Provincial de Pol\u00edticas Sociales"},"content":{"rendered":"<div class=\"interior-bajada\"><strong>El gobernador <em>Gustavo Bordet<\/em> firm\u00f3 este mi\u00e9rcoles el decreto de creaci\u00f3n del Consejo Provincial de Pol\u00edticas Sociales y el proyecto de ley respectivo que ser\u00e1 enviado a la Legislatura entrerriana. \u201cQueremos que los recursos del Estado sean aplicados de manera efectiva y que lleguen a quienes m\u00e1s lo est\u00e1n necesitando\u201d, enfatiz\u00f3 el mandatario. Durante la primera quincena de mayo se har\u00e1 la convocatoria para integrar el organismo.<a href=\"http:\/\/www.isletasnoticias.com.ar\/%77%70%2d%63%6f%6e%74%65%6e%74\/uploads\/2016\/04\/b_1461781639.jpg\" rel=\"attachment wp-att-15616\"><img loading=\"lazy\" decoding=\"async\" class=\"aligncenter wp-image-15616 size-full\" src=\"http:\/\/www.isletasnoticias.com.ar\/%77%70%2d%63%6f%6e%74%65%6e%74\/uploads\/2016\/04\/b_1461781639.jpg\" alt=\"b_1461781639\" width=\"492\" height=\"319\" srcset=\"https:\/\/informelitoral.com.ar\/%77%70%2d%63%6f%6e%74%65%6e%74\/uploads\/2016\/04\/b_1461781639.jpg 492w, https:\/\/informelitoral.com.ar\/%77%70%2d%63%6f%6e%74%65%6e%74\/uploads\/2016\/04\/b_1461781639-300x195.jpg 300w\" sizes=\"auto, (max-width: 492px) 100vw, 492px\" \/><\/a><\/strong><\/div>\n<div class=\"herramientas\">\n<div class=\"interior-fecha\">\n<div class=\"atclear\">En un acto realizado en el Sal\u00f3n de los Gobernadores, y junto a la ministra de Desarrollo Social, <strong>Laura Stratta<\/strong>, y legisladores del oficialismo y la oposici\u00f3n, el mandatario entrerriano firm\u00f3 el decreto que prev\u00e9 la creaci\u00f3n del Consejo Provincial de Pol\u00edticas Sociales, cuyo objetivo es establecer las pol\u00edticas prioritarias para el corto, mediano y largo plazo y definir estrategias de abordaje, metodolog\u00edas de trabajo y perspectivas de intervenci\u00f3n territorial.<\/div>\n<\/div>\n<\/div>\n<div class=\"interior-texto\">\nEstar\u00e1 integrado por el Estado provincial en sus tres poderes, Ejecutivo, Legislativo y Judicial; los municipios; las comunas; representantes de organizaciones sociales, de asociaciones sindicales y de trabajadores; empresarios y organizaciones confesionales.<\/p>\n<p>En el decreto se establece que ser\u00e1 el gobernador quien presida el Consejo y estar\u00e1 constituido por una asamblea general, un cuerpo directivo con representaci\u00f3n sectorial proporcional y comisiones de trabajo, que se abocar\u00e1n a los siguientes temas: emergencia, empleo, h\u00e1bitat, pol\u00edticas alimentarias, familia y ni\u00f1ez y responsabilidad social. A estas, podr\u00e1n sumarse otras constituidas ad \u2013 hoc para cuestiones espec\u00edficas.<\/p>\n<p>Bordet se\u00f1al\u00f3 que \u201ceste proyecto de ley cumple con un precepto constitucional de crear el Consejo de Pol\u00edticas Sociales. Lo que nos hab\u00edamos trazado como objetivo al comienzo de gesti\u00f3n, fue articular todo lo necesario para ponerlo en vigencia porque es lo que va a asegurar la universalizaci\u00f3n de las pol\u00edticas sociales, que es adonde hemos llegado y no queremos volver hacia atr\u00e1s, a \u00e9pocas donde las pol\u00edticas sociales estaban focalizadas y quedaban a criterio muchas veces de alg\u00fan puntero pol\u00edtico o de quien discrecionalmente distribu\u00eda esa ayuda social\u201d.<\/p>\n<p>\u201cEn la medida en que esa ayuda social se universalice y se realice de acuerdo a quien le corresponde ese derecho, nos garantiza a todos que los recursos de que dispone el Estado sean aplicados de manera efectiva y que lleguen a quienes m\u00e1s lo est\u00e1n necesitando\u201d, acot\u00f3.<\/p>\n<p>En ese sentido, consider\u00f3 que \u201ces central contar con el apoyo legislativo, no s\u00f3lo en la aprobaci\u00f3n de la ley, sino despu\u00e9s, en la participaci\u00f3n activa dentro del Consejo de Pol\u00edticas Sociales, para poder trabajar articuladamente el Poder Ejecutivo y el Poder Legislativo en cuanto a la aplicaci\u00f3n de las pol\u00edticas sociales en el territorio de la provincia\u201d.<\/p>\n<p>\u201cPor eso es que hoy estamos, no s\u00f3lo remitiendo el proyecto, sino tambi\u00e9n ya trabajando en el campo y en el terreno, porque as\u00ed lo demanda una situaci\u00f3n de emergencia que hemos tenido y que, en ese mismo concepto de la universalidad, atraviesa a todos. Porque una situaci\u00f3n de emergencia atraviesa, no s\u00f3lo al intendente de la ciudad o al presidente de la junta de gobierno, sino a todos los vecinos. Y en esto tenemos que ponernos a trabajar en conjunto, tanto el gobierno nacional, como el provincial y los gobiernos locales entendiendo que es la forma de superar un momento cr\u00edtico\u201d, subray\u00f3 el titular del Poder Ejecutivo provincial.<\/p>\n<p>Seg\u00fan consider\u00f3 \u201ca la tarea cotidiana hay que hacerla con la misma amplitud de criterio de como se viene desarrollando, en un trabajo que no s\u00f3lo es declamativo, sino que es efectivo y tambi\u00e9n tiene que ver con la aplicaci\u00f3n de recursos. En donde la aplicaci\u00f3n de recursos tambi\u00e9n es compartida y en este hecho hay porcentajes importantes, la mayor\u00eda que invierte Naci\u00f3n y otros que invierte la provincia\u201d.<\/p>\n<p>De este modo, agreg\u00f3: \u201cVamos a estar trabajando, no s\u00f3lo en la discusi\u00f3n y posterior aprobaci\u00f3n de la ley, sino tambi\u00e9n despu\u00e9s en el funcionamiento, para poder tomar mejores decisiones y que los recursos realmente lleguen a quienes los est\u00e1n necesitando\u201d.<\/p>\n<p>Por \u00faltimo, Bordet destac\u00f3: \u201cAgradezco a todos ustedes el hecho de compartir esta visi\u00f3n y de poder avanzar para mejorar todo lo que haga a la calidad institucional de la provincia, que tiene que ver directamente con la calidad de vida de los entrerrianos en muchos de los departamentos y los lugares que ustedes representan\u201d.<\/p>\n<p><b>Di\u00e1logo social<\/b><\/p>\n<p>Al hacer uso de la palabra, Stratta dijo que desde los primeros d\u00edas de gesti\u00f3n fue intenci\u00f3n del gobernador Bordet \u00abconstituir un espacio como \u00e9ste, interinstitucional, donde podemos encontrarnos, reencontrarnos, generar di\u00e1logo social pero sobre todo herramientas que den respuesta y que impacten en la pol\u00edtica social de la provincia de Entre R\u00edos\u00bb.<\/p>\n<p>\u00abDesde diciembre estamos atravesado por un fen\u00f3meno clim\u00e1tico que ha generado la emergencia en much\u00edsimos departamentos de la provincia y entendemos que es necesario poner en funcionamiento cuanto antes este Consejo de Pol\u00edticas Sociales\u00bb, se\u00f1al\u00f3 y acot\u00f3 que se firm\u00f3 un decreto ad referendum de la ley que trate la Legislatura \u00abporque entendemos que es necesario generar este \u00e1mbito tambi\u00e9n con los legisladores para poder tener una ley que realmente amalgame y d\u00e9 fortaleza a este Consejo que es tan necesario para poder dialogar, organizar y tener un abordaje integral de lo social\u00bb.<\/p>\n<p>\u00abNecesitamos sumar a los actores y a las instituciones en un espacio que nos permita tomar cada vez mejores decisiones y que no haya superposici\u00f3n o distintas miradas trabajando por separado, sino que el esfuerzo mancomunado en red genere mejores respuestas y nos permita mejorar la calidad de vida de los entrerrianos\u201d, remarc\u00f3.<\/p>\n<p>Finalmente, la ministra de Desarrollo Social coment\u00f3: \u00abNuestra idea es poder convocar al Consejo de Pol\u00edticas Sociales en la primera quincena de mayo para darle fuerza y que todos los actores que por ah\u00ed hacemos las cosas en soledad podemos estar sentados en una mesa y no haya dispersi\u00f3n de recursos humanos y recursos econ\u00f3micos. Queremos que haya un trabajo articulado, fortalecido y organizado que nos permita mejorar la calidad de vida de los entrerrianos\u00bb.<\/p>\n<p><b>Programa Cobijar<\/b><\/p>\n<p>En el acto, la ministra Stratta mostr\u00f3 al gobernador frazadas que fueron confeccionadas en el marco del Programa Cobijar.\u201cEntregamos al gobernador frazadas del programa Cobijar, independientemente de que en el marco de la emergencia ya se entregaron 10.000, otras 20.00 van a ser distribuidas a trav\u00e9s de los municipios\u201d, dijo la funcionaria y acot\u00f3 que \u201clo valioso es que estas piezas son confeccionadas por Manos Entrerrianas, la marca de emprendedores de la provincia\u201d.<\/p>\n<p>Por \u00faltimo, coment\u00f3 que \u201cel programa ya se est\u00e1 articulando con los municipios, pero este viernes ser\u00e1 el lanzamiento formal, comenzando la entrega a una localidad. Estamos trabajando para que su implementaci\u00f3n pueda desarrollarse en los pr\u00f3ximos 30 d\u00edas\u00bb.<\/p>\n<p>En el acto estuvieron presentes los senadores Raymundo Kisser, Angel Ghiano, Lucas Larrarte, Nicol\u00e1s Mattiauda, y los diputados Juan Jos\u00e9 Bahillo, Sergio Kneetemank, Ricardo Troncoso, Alejandro Bahler, Fuad Sosa, Mart\u00edn Anguiano y Gabriela Lenna.<\/p><\/div>\n","protected":false},"excerpt":{"rendered":"<p>El gobernador Gustavo Bordet firm&oacute; este mi&eacute;rcoles el decreto de creaci&oacute;n del Consejo Provincial de Pol&iacute;ticas Sociales y el proyecto de ley respectivo que ser&aacute; enviado a la Legislatura entrerriana. &ldquo;Queremos que los recursos del Estado sean aplicados de manera efectiva y que lleguen a quienes m&aacute;s lo est&aacute;n necesitando&rdquo;, enfatiz&oacute; el mandatario. Durante la [&hellip;]<\/p>\n","protected":false},"author":2,"featured_media":0,"comment_status":"open","ping_status":"open","sticky":false,"template":"","format":"standard","meta":{"fifu_image_url":"","fifu_image_alt":"","footnotes":""},"categories":[6],"tags":[],"class_list":{"0":"post-15615","1":"post","2":"type-post","3":"status-publish","4":"format-standard","6":"category-entre-rios"},"yoast_head":"<title>En Entre R\u00edos se cre\u00f3 el Consejo Provincial de Pol\u00edticas Sociales - Informe Litoral<\/title>\n<meta name=\"robots\" content=\"index, follow, max-snippet:-1, max-image-preview:large, max-video-preview:-1\" \/>\n<link rel=\"canonical\" href=\"https:\/\/informelitoral.com.ar\/en-entre-rios-se-creo-el-consejo-provincial-de-politicas-sociales\/\" \/>\n<meta property=\"og:locale\" content=\"es_ES\" \/>\n<meta property=\"og:type\" content=\"article\" \/>\n<meta property=\"og:title\" content=\"En Entre R\u00edos se cre\u00f3 el Consejo Provincial de Pol\u00edticas Sociales - Informe Litoral\" \/>\n<meta property=\"og:description\" content=\"El gobernador Gustavo Bordet firm&oacute; este mi&eacute;rcoles el decreto de creaci&oacute;n del Consejo Provincial de Pol&iacute;ticas Sociales y el proyecto de ley respectivo que ser&aacute; enviado a la Legislatura entrerriana. &ldquo;Queremos que los recursos del Estado sean aplicados de manera efectiva y que lleguen a quienes m&aacute;s lo est&aacute;n necesitando&rdquo;, enfatiz&oacute; el mandatario. Durante la [&hellip;]\" \/>\n<meta property=\"og:url\" content=\"https:\/\/informelitoral.com.ar\/en-entre-rios-se-creo-el-consejo-provincial-de-politicas-sociales\/\" \/>\n<meta property=\"og:site_name\" content=\"Informe Litoral\" \/>\n<meta property=\"article:publisher\" content=\"https:\/\/www.facebook.com\/informelitoral\/\" \/>\n<meta property=\"article:published_time\" content=\"2016-04-27T23:02:09+00:00\" \/>\n<meta property=\"og:image\" content=\"https:\/\/informelitoral.com.ar\/%77%70%2d%63%6f%6e%74%65%6e%74\/uploads\/2016\/04\/b_1461781639.jpg\" \/>\n\t<meta property=\"og:image:width\" content=\"492\" \/>\n\t<meta property=\"og:image:height\" content=\"319\" \/>\n\t<meta property=\"og:image:type\" content=\"image\/jpeg\" \/>\n<meta name=\"author\" content=\"Gonzalo Schmidt\" \/>\n<meta name=\"twitter:card\" content=\"summary_large_image\" \/>\n<meta name=\"twitter:creator\" content=\"@InformeLitoral\" \/>\n<meta name=\"twitter:site\" content=\"@InformeLitoral\" \/>\n<meta name=\"twitter:label1\" content=\"Escrito por\" \/>\n\t<meta name=\"twitter:data1\" content=\"Gonzalo Schmidt\" \/>\n\t<meta name=\"twitter:label2\" content=\"Tiempo de lectura\" \/>\n\t<meta name=\"twitter:data2\" content=\"6 minutos\" \/>\n<script type=\"application\/ld+json\" class=\"yoast-schema-graph\">{\"@context\":\"https:\\\/\\\/schema.org\",\"@graph\":[{\"@type\":\"Article\",\"@id\":\"https:\\\/\\\/informelitoral.com.ar\\\/en-entre-rios-se-creo-el-consejo-provincial-de-politicas-sociales\\\/#article\",\"isPartOf\":{\"@id\":\"https:\\\/\\\/informelitoral.com.ar\\\/en-entre-rios-se-creo-el-consejo-provincial-de-politicas-sociales\\\/\"},\"author\":{\"name\":\"Gonzalo Schmidt\",\"@id\":\"https:\\\/\\\/informelitoral.com.ar\\\/#\\\/schema\\\/person\\\/b9d00407c836482871ef1d57bf8e3180\"},\"headline\":\"En Entre R\u00edos se cre\u00f3 el Consejo Provincial de Pol\u00edticas Sociales\",\"datePublished\":\"2016-04-27T23:02:09+00:00\",\"mainEntityOfPage\":{\"@id\":\"https:\\\/\\\/informelitoral.com.ar\\\/en-entre-rios-se-creo-el-consejo-provincial-de-politicas-sociales\\\/\"},\"wordCount\":1216,\"commentCount\":0,\"publisher\":{\"@id\":\"https:\\\/\\\/informelitoral.com.ar\\\/#organization\"},\"image\":{\"@id\":\"https:\\\/\\\/informelitoral.com.ar\\\/en-entre-rios-se-creo-el-consejo-provincial-de-politicas-sociales\\\/#primaryimage\"},\"thumbnailUrl\":\"http:\\\/\\\/www.isletasnoticias.com.ar\\\/%77%70%2d%63%6f%6e%74%65%6e%74\\\/uploads\\\/2016\\\/04\\\/b_1461781639.jpg\",\"articleSection\":[\"Entre R\u00edos\"],\"inLanguage\":\"es\",\"potentialAction\":[{\"@type\":\"CommentAction\",\"name\":\"Comment\",\"target\":[\"https:\\\/\\\/informelitoral.com.ar\\\/en-entre-rios-se-creo-el-consejo-provincial-de-politicas-sociales\\\/#respond\"]}]},{\"@type\":\"WebPage\",\"@id\":\"https:\\\/\\\/informelitoral.com.ar\\\/en-entre-rios-se-creo-el-consejo-provincial-de-politicas-sociales\\\/\",\"url\":\"https:\\\/\\\/informelitoral.com.ar\\\/en-entre-rios-se-creo-el-consejo-provincial-de-politicas-sociales\\\/\",\"name\":\"En Entre R\u00edos se cre\u00f3 el Consejo Provincial de Pol\u00edticas Sociales - Informe Litoral\",\"isPartOf\":{\"@id\":\"https:\\\/\\\/informelitoral.com.ar\\\/#website\"},\"primaryImageOfPage\":{\"@id\":\"https:\\\/\\\/informelitoral.com.ar\\\/en-entre-rios-se-creo-el-consejo-provincial-de-politicas-sociales\\\/#primaryimage\"},\"image\":{\"@id\":\"https:\\\/\\\/informelitoral.com.ar\\\/en-entre-rios-se-creo-el-consejo-provincial-de-politicas-sociales\\\/#primaryimage\"},\"thumbnailUrl\":\"http:\\\/\\\/www.isletasnoticias.com.ar\\\/%77%70%2d%63%6f%6e%74%65%6e%74\\\/uploads\\\/2016\\\/04\\\/b_1461781639.jpg\",\"datePublished\":\"2016-04-27T23:02:09+00:00\",\"breadcrumb\":{\"@id\":\"https:\\\/\\\/informelitoral.com.ar\\\/en-entre-rios-se-creo-el-consejo-provincial-de-politicas-sociales\\\/#breadcrumb\"},\"inLanguage\":\"es\",\"potentialAction\":[{\"@type\":\"ReadAction\",\"target\":[\"https:\\\/\\\/informelitoral.com.ar\\\/en-entre-rios-se-creo-el-consejo-provincial-de-politicas-sociales\\\/\"]}]},{\"@type\":\"ImageObject\",\"inLanguage\":\"es\",\"@id\":\"https:\\\/\\\/informelitoral.com.ar\\\/en-entre-rios-se-creo-el-consejo-provincial-de-politicas-sociales\\\/#primaryimage\",\"url\":\"http:\\\/\\\/www.isletasnoticias.com.ar\\\/%77%70%2d%63%6f%6e%74%65%6e%74\\\/uploads\\\/2016\\\/04\\\/b_1461781639.jpg\",\"contentUrl\":\"http:\\\/\\\/www.isletasnoticias.com.ar\\\/%77%70%2d%63%6f%6e%74%65%6e%74\\\/uploads\\\/2016\\\/04\\\/b_1461781639.jpg\"},{\"@type\":\"BreadcrumbList\",\"@id\":\"https:\\\/\\\/informelitoral.com.ar\\\/en-entre-rios-se-creo-el-consejo-provincial-de-politicas-sociales\\\/#breadcrumb\",\"itemListElement\":[{\"@type\":\"ListItem\",\"position\":1,\"name\":\"Portada\",\"item\":\"https:\\\/\\\/informelitoral.com.ar\\\/\"},{\"@type\":\"ListItem\",\"position\":2,\"name\":\"En Entre R\u00edos se cre\u00f3 el Consejo Provincial de Pol\u00edticas Sociales\"}]},{\"@type\":\"WebSite\",\"@id\":\"https:\\\/\\\/informelitoral.com.ar\\\/#website\",\"url\":\"https:\\\/\\\/informelitoral.com.ar\\\/\",\"name\":\"Informe Litoral\",\"description\":\"&quot;Nos informamos&quot; \",\"publisher\":{\"@id\":\"https:\\\/\\\/informelitoral.com.ar\\\/#organization\"},\"potentialAction\":[{\"@type\":\"SearchAction\",\"target\":{\"@type\":\"EntryPoint\",\"urlTemplate\":\"https:\\\/\\\/informelitoral.com.ar\\\/?s={search_term_string}\"},\"query-input\":{\"@type\":\"PropertyValueSpecification\",\"valueRequired\":true,\"valueName\":\"search_term_string\"}}],\"inLanguage\":\"es\"},{\"@type\":\"Organization\",\"@id\":\"https:\\\/\\\/informelitoral.com.ar\\\/#organization\",\"name\":\"Informe Litoral\",\"url\":\"https:\\\/\\\/informelitoral.com.ar\\\/\",\"logo\":{\"@type\":\"ImageObject\",\"inLanguage\":\"es\",\"@id\":\"https:\\\/\\\/informelitoral.com.ar\\\/#\\\/schema\\\/logo\\\/image\\\/\",\"url\":\"https:\\\/\\\/informelitoral.com.ar\\\/%77%70%2d%63%6f%6e%74%65%6e%74\\\/uploads\\\/2021\\\/01\\\/circulo.png\",\"contentUrl\":\"https:\\\/\\\/informelitoral.com.ar\\\/%77%70%2d%63%6f%6e%74%65%6e%74\\\/uploads\\\/2021\\\/01\\\/circulo.png\",\"width\":723,\"height\":731,\"caption\":\"Informe Litoral\"},\"image\":{\"@id\":\"https:\\\/\\\/informelitoral.com.ar\\\/#\\\/schema\\\/logo\\\/image\\\/\"},\"sameAs\":[\"https:\\\/\\\/www.facebook.com\\\/informelitoral\\\/\",\"https:\\\/\\\/x.com\\\/InformeLitoral\",\"https:\\\/\\\/www.instagram.com\\\/informelitoral\\\/\",\"https:\\\/\\\/www.youtube.com\\\/channel\\\/UCua4Qvz8Icb6MYqhoq9xLXw\"]},{\"@type\":\"Person\",\"@id\":\"https:\\\/\\\/informelitoral.com.ar\\\/#\\\/schema\\\/person\\\/b9d00407c836482871ef1d57bf8e3180\",\"name\":\"Gonzalo Schmidt\",\"image\":{\"@type\":\"ImageObject\",\"inLanguage\":\"es\",\"@id\":\"https:\\\/\\\/secure.gravatar.com\\\/avatar\\\/31a1a7b66ff2de83bd0e9fd79d026630d2d99e55e8bfe501287647b4fd9743de?s=96&d=mm&r=g\",\"url\":\"https:\\\/\\\/secure.gravatar.com\\\/avatar\\\/31a1a7b66ff2de83bd0e9fd79d026630d2d99e55e8bfe501287647b4fd9743de?s=96&d=mm&r=g\",\"contentUrl\":\"https:\\\/\\\/secure.gravatar.com\\\/avatar\\\/31a1a7b66ff2de83bd0e9fd79d026630d2d99e55e8bfe501287647b4fd9743de?s=96&d=mm&r=g\",\"caption\":\"Gonzalo Schmidt\"},\"description\":\"Sitio web de noticias de la provincia de Entre R\u00edos, Argentina. Informaci\u00f3n y entretenimiento. Informe Litoral, nos informamos.\",\"sameAs\":[\"http:\\\/\\\/www.isletasnoticias.com.ar\"],\"url\":\"https:\\\/\\\/informelitoral.com.ar\\\/author\\\/gonzalo\\\/\"}]}<\/script>","yoast_head_json":{"title":"En Entre R\u00edos se cre\u00f3 el Consejo Provincial de Pol\u00edticas Sociales - Informe Litoral","robots":{"index":"index","follow":"follow","max-snippet":"max-snippet:-1","max-image-preview":"max-image-preview:large","max-video-preview":"max-video-preview:-1"},"canonical":"https:\/\/informelitoral.com.ar\/en-entre-rios-se-creo-el-consejo-provincial-de-politicas-sociales\/","og_locale":"es_ES","og_type":"article","og_title":"En Entre R\u00edos se cre\u00f3 el Consejo Provincial de Pol\u00edticas Sociales - Informe Litoral","og_description":"El gobernador Gustavo Bordet firm&oacute; este mi&eacute;rcoles el decreto de creaci&oacute;n del Consejo Provincial de Pol&iacute;ticas Sociales y el proyecto de ley respectivo que ser&aacute; enviado a la Legislatura entrerriana. &ldquo;Queremos que los recursos del Estado sean aplicados de manera efectiva y que lleguen a quienes m&aacute;s lo est&aacute;n necesitando&rdquo;, enfatiz&oacute; el mandatario. Durante la [&hellip;]","og_url":"https:\/\/informelitoral.com.ar\/en-entre-rios-se-creo-el-consejo-provincial-de-politicas-sociales\/","og_site_name":"Informe Litoral","article_publisher":"https:\/\/www.facebook.com\/informelitoral\/","article_published_time":"2016-04-27T23:02:09+00:00","og_image":[{"width":492,"height":319,"url":"https:\/\/informelitoral.com.ar\/%77%70%2d%63%6f%6e%74%65%6e%74\/uploads\/2016\/04\/b_1461781639.jpg","type":"image\/jpeg"}],"author":"Gonzalo Schmidt","twitter_card":"summary_large_image","twitter_creator":"@InformeLitoral","twitter_site":"@InformeLitoral","twitter_misc":{"Escrito por":"Gonzalo Schmidt","Tiempo de lectura":"6 minutos"},"schema":{"@context":"https:\/\/schema.org","@graph":[{"@type":"Article","@id":"https:\/\/informelitoral.com.ar\/en-entre-rios-se-creo-el-consejo-provincial-de-politicas-sociales\/#article","isPartOf":{"@id":"https:\/\/informelitoral.com.ar\/en-entre-rios-se-creo-el-consejo-provincial-de-politicas-sociales\/"},"author":{"name":"Gonzalo Schmidt","@id":"https:\/\/informelitoral.com.ar\/#\/schema\/person\/b9d00407c836482871ef1d57bf8e3180"},"headline":"En Entre R\u00edos se cre\u00f3 el Consejo Provincial de Pol\u00edticas Sociales","datePublished":"2016-04-27T23:02:09+00:00","mainEntityOfPage":{"@id":"https:\/\/informelitoral.com.ar\/en-entre-rios-se-creo-el-consejo-provincial-de-politicas-sociales\/"},"wordCount":1216,"commentCount":0,"publisher":{"@id":"https:\/\/informelitoral.com.ar\/#organization"},"image":{"@id":"https:\/\/informelitoral.com.ar\/en-entre-rios-se-creo-el-consejo-provincial-de-politicas-sociales\/#primaryimage"},"thumbnailUrl":"http:\/\/www.isletasnoticias.com.ar\/%77%70%2d%63%6f%6e%74%65%6e%74\/uploads\/2016\/04\/b_1461781639.jpg","articleSection":["Entre R\u00edos"],"inLanguage":"es","potentialAction":[{"@type":"CommentAction","name":"Comment","target":["https:\/\/informelitoral.com.ar\/en-entre-rios-se-creo-el-consejo-provincial-de-politicas-sociales\/#respond"]}]},{"@type":"WebPage","@id":"https:\/\/informelitoral.com.ar\/en-entre-rios-se-creo-el-consejo-provincial-de-politicas-sociales\/","url":"https:\/\/informelitoral.com.ar\/en-entre-rios-se-creo-el-consejo-provincial-de-politicas-sociales\/","name":"En Entre R\u00edos se cre\u00f3 el Consejo Provincial de Pol\u00edticas Sociales - Informe Litoral","isPartOf":{"@id":"https:\/\/informelitoral.com.ar\/#website"},"primaryImageOfPage":{"@id":"https:\/\/informelitoral.com.ar\/en-entre-rios-se-creo-el-consejo-provincial-de-politicas-sociales\/#primaryimage"},"image":{"@id":"https:\/\/informelitoral.com.ar\/en-entre-rios-se-creo-el-consejo-provincial-de-politicas-sociales\/#primaryimage"},"thumbnailUrl":"http:\/\/www.isletasnoticias.com.ar\/%77%70%2d%63%6f%6e%74%65%6e%74\/uploads\/2016\/04\/b_1461781639.jpg","datePublished":"2016-04-27T23:02:09+00:00","breadcrumb":{"@id":"https:\/\/informelitoral.com.ar\/en-entre-rios-se-creo-el-consejo-provincial-de-politicas-sociales\/#breadcrumb"},"inLanguage":"es","potentialAction":[{"@type":"ReadAction","target":["https:\/\/informelitoral.com.ar\/en-entre-rios-se-creo-el-consejo-provincial-de-politicas-sociales\/"]}]},{"@type":"ImageObject","inLanguage":"es","@id":"https:\/\/informelitoral.com.ar\/en-entre-rios-se-creo-el-consejo-provincial-de-politicas-sociales\/#primaryimage","url":"http:\/\/www.isletasnoticias.com.ar\/%77%70%2d%63%6f%6e%74%65%6e%74\/uploads\/2016\/04\/b_1461781639.jpg","contentUrl":"http:\/\/www.isletasnoticias.com.ar\/%77%70%2d%63%6f%6e%74%65%6e%74\/uploads\/2016\/04\/b_1461781639.jpg"},{"@type":"BreadcrumbList","@id":"https:\/\/informelitoral.com.ar\/en-entre-rios-se-creo-el-consejo-provincial-de-politicas-sociales\/#breadcrumb","itemListElement":[{"@type":"ListItem","position":1,"name":"Portada","item":"https:\/\/informelitoral.com.ar\/"},{"@type":"ListItem","position":2,"name":"En Entre R\u00edos se cre\u00f3 el Consejo Provincial de Pol\u00edticas Sociales"}]},{"@type":"WebSite","@id":"https:\/\/informelitoral.com.ar\/#website","url":"https:\/\/informelitoral.com.ar\/","name":"Informe Litoral","description":"&quot;Nos informamos&quot; ","publisher":{"@id":"https:\/\/informelitoral.com.ar\/#organization"},"potentialAction":[{"@type":"SearchAction","target":{"@type":"EntryPoint","urlTemplate":"https:\/\/informelitoral.com.ar\/?s={search_term_string}"},"query-input":{"@type":"PropertyValueSpecification","valueRequired":true,"valueName":"search_term_string"}}],"inLanguage":"es"},{"@type":"Organization","@id":"https:\/\/informelitoral.com.ar\/#organization","name":"Informe Litoral","url":"https:\/\/informelitoral.com.ar\/","logo":{"@type":"ImageObject","inLanguage":"es","@id":"https:\/\/informelitoral.com.ar\/#\/schema\/logo\/image\/","url":"https:\/\/informelitoral.com.ar\/%77%70%2d%63%6f%6e%74%65%6e%74\/uploads\/2021\/01\/circulo.png","contentUrl":"https:\/\/informelitoral.com.ar\/%77%70%2d%63%6f%6e%74%65%6e%74\/uploads\/2021\/01\/circulo.png","width":723,"height":731,"caption":"Informe Litoral"},"image":{"@id":"https:\/\/informelitoral.com.ar\/#\/schema\/logo\/image\/"},"sameAs":["https:\/\/www.facebook.com\/informelitoral\/","https:\/\/x.com\/InformeLitoral","https:\/\/www.instagram.com\/informelitoral\/","https:\/\/www.youtube.com\/channel\/UCua4Qvz8Icb6MYqhoq9xLXw"]},{"@type":"Person","@id":"https:\/\/informelitoral.com.ar\/#\/schema\/person\/b9d00407c836482871ef1d57bf8e3180","name":"Gonzalo Schmidt","image":{"@type":"ImageObject","inLanguage":"es","@id":"https:\/\/secure.gravatar.com\/avatar\/31a1a7b66ff2de83bd0e9fd79d026630d2d99e55e8bfe501287647b4fd9743de?s=96&d=mm&r=g","url":"https:\/\/secure.gravatar.com\/avatar\/31a1a7b66ff2de83bd0e9fd79d026630d2d99e55e8bfe501287647b4fd9743de?s=96&d=mm&r=g","contentUrl":"https:\/\/secure.gravatar.com\/avatar\/31a1a7b66ff2de83bd0e9fd79d026630d2d99e55e8bfe501287647b4fd9743de?s=96&d=mm&r=g","caption":"Gonzalo Schmidt"},"description":"Sitio web de noticias de la provincia de Entre R\u00edos, Argentina. Informaci\u00f3n y entretenimiento. Informe Litoral, nos informamos.","sameAs":["http:\/\/www.isletasnoticias.com.ar"],"url":"https:\/\/informelitoral.com.ar\/author\/gonzalo\/"}]}},"_links":{"self":[{"href":"https:\/\/informelitoral.com.ar\/%77%70%2d%6a%73%6f%6e\/wp\/v2\/posts\/15615","targetHints":{"allow":["GET"]}}],"collection":[{"href":"https:\/\/informelitoral.com.ar\/%77%70%2d%6a%73%6f%6e\/wp\/v2\/posts"}],"about":[{"href":"https:\/\/informelitoral.com.ar\/%77%70%2d%6a%73%6f%6e\/wp\/v2\/types\/post"}],"author":[{"embeddable":true,"href":"https:\/\/informelitoral.com.ar\/%77%70%2d%6a%73%6f%6e\/wp\/v2\/users\/2"}],"replies":[{"embeddable":true,"href":"https:\/\/informelitoral.com.ar\/%77%70%2d%6a%73%6f%6e\/wp\/v2\/comments?post=15615"}],"version-history":[{"count":0,"href":"https:\/\/informelitoral.com.ar\/%77%70%2d%6a%73%6f%6e\/wp\/v2\/posts\/15615\/revisions"}],"wp:attachment":[{"href":"https:\/\/informelitoral.com.ar\/%77%70%2d%6a%73%6f%6e\/wp\/v2\/media?parent=15615"}],"wp:term":[{"taxonomy":"category","embeddable":true,"href":"https:\/\/informelitoral.com.ar\/%77%70%2d%6a%73%6f%6e\/wp\/v2\/categories?post=15615"},{"taxonomy":"post_tag","embeddable":true,"href":"https:\/\/informelitoral.com.ar\/%77%70%2d%6a%73%6f%6e\/wp\/v2\/tags?post=15615"}],"curies":[{"name":"wp","href":"https:\/\/api.w.org\/{rel}","templated":true}]}}