{"id":15612,"date":"2016-04-27T13:12:49","date_gmt":"2016-04-27T16:12:49","guid":{"rendered":"http:\/\/www.isletasnoticias.com.ar\/?p=15612"},"modified":"2016-04-27T17:17:54","modified_gmt":"2016-04-27T20:17:54","slug":"el-gobierno-evalua-el-cuarto-aumento-de-las-naftas-para-el-domingo","status":"publish","type":"post","link":"https:\/\/informelitoral.com.ar\/el-gobierno-evalua-el-cuarto-aumento-de-las-naftas-para-el-domingo\/","title":{"rendered":"El gobierno eval\u00faa el cuarto aumento de las naftas para el domingo"},"content":{"rendered":"<p><strong>Desde el sector especulan con una suba de entre el 6% y 10%. Desde la Federaci\u00f3n de Entidades de Combustibles dijeron no estar al tanto de posibles incrementos. Habr\u00e1 que esperar la decisi\u00f3n en las pr\u00f3ximas horas.<a href=\"http:\/\/www.isletasnoticias.com.ar\/%77%70%2d%63%6f%6e%74%65%6e%74\/uploads\/2016\/04\/Combustible-aumento-de-precio.jpg\" rel=\"attachment wp-att-15613\"><img loading=\"lazy\" decoding=\"async\" class=\"aligncenter wp-image-15613 size-large\" src=\"http:\/\/www.isletasnoticias.com.ar\/%77%70%2d%63%6f%6e%74%65%6e%74\/uploads\/2016\/04\/Combustible-aumento-de-precio-1024x512.jpg\" alt=\"Combustible-aumento-de-precio\" width=\"600\" height=\"300\" srcset=\"https:\/\/informelitoral.com.ar\/%77%70%2d%63%6f%6e%74%65%6e%74\/uploads\/2016\/04\/Combustible-aumento-de-precio-1024x512.jpg 1024w, https:\/\/informelitoral.com.ar\/%77%70%2d%63%6f%6e%74%65%6e%74\/uploads\/2016\/04\/Combustible-aumento-de-precio-300x150.jpg 300w, https:\/\/informelitoral.com.ar\/%77%70%2d%63%6f%6e%74%65%6e%74\/uploads\/2016\/04\/Combustible-aumento-de-precio-768x384.jpg 768w, https:\/\/informelitoral.com.ar\/%77%70%2d%63%6f%6e%74%65%6e%74\/uploads\/2016\/04\/Combustible-aumento-de-precio.jpg 1200w\" sizes=\"auto, (max-width: 600px) 100vw, 600px\" \/><\/a><\/strong><\/p>\n<p class=\"primero\">El Gobierno est\u00e1 estudiando junto a las empresas petroleras un nuevo aumento en el precio de los combustibles, que se ver\u00eda reflejado en los surtidores a partir del domingo 1 de mayo.<\/p>\n<p>Este ser\u00eda el cuarto incremento del precio de las naftas y el gasoil en la gesti\u00f3n de\u00a0<strong>Mauricio Macri.<\/strong> Tras un aumento de alrededor del 6 por ciento en enero, se sucedieron otras dos subas de precios a principios de marzo y en abril, tambi\u00e9n del orden del 6 por ciento.<\/p>\n<p>Desde el \u00faltimo incremento, el precio por litro de la nafta s\u00faper, tomando como referencia las estaciones YPF de Capital Federal, se ubica en los $ 15,52, mientras que la premium se vende en $ 17.50. En tanto, el diesel com\u00fan lleg\u00f3 a un precio de $ 14,12 y el diesel premium alcanz\u00f3 los $ 16,20 en los surtidores.<\/p>\n<p>\u00abLa negociaci\u00f3n est\u00e1 en marcha desde la semana pasada\u00bb, advirtieron desde una de las grandes empresas del sector. \u00abSi bien desde el Gobierno dijeron que no habr\u00eda m\u00e1s subas en las tarifas, en el sector de Aranguren entienden las necesidades de las compa\u00f1\u00edas petroleras. A\u00fan no se defini\u00f3 de cu\u00e1nto ser\u00eda el aumento\u00bb, a\u00f1adieron.<\/p>\n<p>Las petroleras pretenden un incremento del 10 por ciento para recomponer, en parte, sus m\u00e1rgenes tras la devaluaci\u00f3n del 40 por ciento que afect\u00f3 la ecuaci\u00f3n de su negocio, ante la necesidad de comprar el crudo a precio dolarizado y comercializar los combustibles en pesos en el mercado local.<\/p>\n<p>Por su parte, desde la Federaci\u00f3n de Entidades de Combustibles dijeron no estar al tanto de posibles incrementos: \u00abNosotros no tenemos ninguna informaci\u00f3n. El precio actual est\u00e1 bien y es similar al de los pa\u00edses vecinos\u00bb. <em>(La Naci\u00f3n)<\/em><\/p>\n","protected":false},"excerpt":{"rendered":"<p>Desde el sector especulan con una suba de entre el 6% y 10%. Desde la Federaci&oacute;n de Entidades de Combustibles dijeron no estar al tanto de posibles incrementos. Habr&aacute; que esperar la decisi&oacute;n en las pr&oacute;ximas horas. El Gobierno est&aacute; estudiando junto a las empresas petroleras un nuevo aumento en el precio de los combustibles, [&hellip;]<\/p>\n","protected":false},"author":2,"featured_media":0,"comment_status":"open","ping_status":"open","sticky":false,"template":"","format":"standard","meta":{"fifu_image_url":"","fifu_image_alt":"","footnotes":""},"categories":[7],"tags":[],"class_list":{"0":"post-15612","1":"post","2":"type-post","3":"status-publish","4":"format-standard","6":"category-nacionales"},"yoast_head":"<title>El gobierno eval\u00faa el cuarto aumento de las naftas para el domingo - Informe Litoral<\/title>\n<meta name=\"robots\" content=\"index, follow, max-snippet:-1, max-image-preview:large, max-video-preview:-1\" \/>\n<link rel=\"canonical\" href=\"https:\/\/informelitoral.com.ar\/el-gobierno-evalua-el-cuarto-aumento-de-las-naftas-para-el-domingo\/\" \/>\n<meta property=\"og:locale\" content=\"es_ES\" \/>\n<meta property=\"og:type\" content=\"article\" \/>\n<meta property=\"og:title\" content=\"El gobierno eval\u00faa el cuarto aumento de las naftas para el domingo - Informe Litoral\" \/>\n<meta property=\"og:description\" content=\"Desde el sector especulan con una suba de entre el 6% y 10%. Desde la Federaci&oacute;n de Entidades de Combustibles dijeron no estar al tanto de posibles incrementos. Habr&aacute; que esperar la decisi&oacute;n en las pr&oacute;ximas horas. El Gobierno est&aacute; estudiando junto a las empresas petroleras un nuevo aumento en el precio de los combustibles, [&hellip;]\" \/>\n<meta property=\"og:url\" content=\"https:\/\/informelitoral.com.ar\/el-gobierno-evalua-el-cuarto-aumento-de-las-naftas-para-el-domingo\/\" \/>\n<meta property=\"og:site_name\" content=\"Informe Litoral\" \/>\n<meta property=\"article:publisher\" content=\"https:\/\/www.facebook.com\/informelitoral\/\" \/>\n<meta property=\"article:published_time\" content=\"2016-04-27T16:12:49+00:00\" \/>\n<meta property=\"article:modified_time\" content=\"2016-04-27T20:17:54+00:00\" \/>\n<meta property=\"og:image\" content=\"https:\/\/informelitoral.com.ar\/%77%70%2d%63%6f%6e%74%65%6e%74\/uploads\/2016\/04\/Combustible-aumento-de-precio.jpg\" \/>\n\t<meta property=\"og:image:width\" content=\"1200\" \/>\n\t<meta property=\"og:image:height\" content=\"600\" \/>\n\t<meta property=\"og:image:type\" content=\"image\/jpeg\" \/>\n<meta name=\"author\" content=\"Gonzalo Schmidt\" \/>\n<meta name=\"twitter:card\" content=\"summary_large_image\" \/>\n<meta name=\"twitter:creator\" content=\"@InformeLitoral\" \/>\n<meta name=\"twitter:site\" content=\"@InformeLitoral\" \/>\n<meta name=\"twitter:label1\" content=\"Escrito por\" \/>\n\t<meta name=\"twitter:data1\" content=\"Gonzalo Schmidt\" \/>\n\t<meta name=\"twitter:label2\" content=\"Tiempo de lectura\" \/>\n\t<meta name=\"twitter:data2\" content=\"2 minutos\" \/>\n<script type=\"application\/ld+json\" class=\"yoast-schema-graph\">{\"@context\":\"https:\\\/\\\/schema.org\",\"@graph\":[{\"@type\":\"Article\",\"@id\":\"https:\\\/\\\/informelitoral.com.ar\\\/el-gobierno-evalua-el-cuarto-aumento-de-las-naftas-para-el-domingo\\\/#article\",\"isPartOf\":{\"@id\":\"https:\\\/\\\/informelitoral.com.ar\\\/el-gobierno-evalua-el-cuarto-aumento-de-las-naftas-para-el-domingo\\\/\"},\"author\":{\"name\":\"Gonzalo Schmidt\",\"@id\":\"https:\\\/\\\/informelitoral.com.ar\\\/#\\\/schema\\\/person\\\/b9d00407c836482871ef1d57bf8e3180\"},\"headline\":\"El gobierno eval\u00faa el cuarto aumento de las naftas para el domingo\",\"datePublished\":\"2016-04-27T16:12:49+00:00\",\"dateModified\":\"2016-04-27T20:17:54+00:00\",\"mainEntityOfPage\":{\"@id\":\"https:\\\/\\\/informelitoral.com.ar\\\/el-gobierno-evalua-el-cuarto-aumento-de-las-naftas-para-el-domingo\\\/\"},\"wordCount\":342,\"commentCount\":0,\"publisher\":{\"@id\":\"https:\\\/\\\/informelitoral.com.ar\\\/#organization\"},\"image\":{\"@id\":\"https:\\\/\\\/informelitoral.com.ar\\\/el-gobierno-evalua-el-cuarto-aumento-de-las-naftas-para-el-domingo\\\/#primaryimage\"},\"thumbnailUrl\":\"http:\\\/\\\/www.isletasnoticias.com.ar\\\/%77%70%2d%63%6f%6e%74%65%6e%74\\\/uploads\\\/2016\\\/04\\\/Combustible-aumento-de-precio-1024x512.jpg\",\"articleSection\":[\"Nacionales\"],\"inLanguage\":\"es\",\"potentialAction\":[{\"@type\":\"CommentAction\",\"name\":\"Comment\",\"target\":[\"https:\\\/\\\/informelitoral.com.ar\\\/el-gobierno-evalua-el-cuarto-aumento-de-las-naftas-para-el-domingo\\\/#respond\"]}]},{\"@type\":\"WebPage\",\"@id\":\"https:\\\/\\\/informelitoral.com.ar\\\/el-gobierno-evalua-el-cuarto-aumento-de-las-naftas-para-el-domingo\\\/\",\"url\":\"https:\\\/\\\/informelitoral.com.ar\\\/el-gobierno-evalua-el-cuarto-aumento-de-las-naftas-para-el-domingo\\\/\",\"name\":\"El gobierno eval\u00faa el cuarto aumento de las naftas para el domingo - Informe Litoral\",\"isPartOf\":{\"@id\":\"https:\\\/\\\/informelitoral.com.ar\\\/#website\"},\"primaryImageOfPage\":{\"@id\":\"https:\\\/\\\/informelitoral.com.ar\\\/el-gobierno-evalua-el-cuarto-aumento-de-las-naftas-para-el-domingo\\\/#primaryimage\"},\"image\":{\"@id\":\"https:\\\/\\\/informelitoral.com.ar\\\/el-gobierno-evalua-el-cuarto-aumento-de-las-naftas-para-el-domingo\\\/#primaryimage\"},\"thumbnailUrl\":\"http:\\\/\\\/www.isletasnoticias.com.ar\\\/%77%70%2d%63%6f%6e%74%65%6e%74\\\/uploads\\\/2016\\\/04\\\/Combustible-aumento-de-precio-1024x512.jpg\",\"datePublished\":\"2016-04-27T16:12:49+00:00\",\"dateModified\":\"2016-04-27T20:17:54+00:00\",\"breadcrumb\":{\"@id\":\"https:\\\/\\\/informelitoral.com.ar\\\/el-gobierno-evalua-el-cuarto-aumento-de-las-naftas-para-el-domingo\\\/#breadcrumb\"},\"inLanguage\":\"es\",\"potentialAction\":[{\"@type\":\"ReadAction\",\"target\":[\"https:\\\/\\\/informelitoral.com.ar\\\/el-gobierno-evalua-el-cuarto-aumento-de-las-naftas-para-el-domingo\\\/\"]}]},{\"@type\":\"ImageObject\",\"inLanguage\":\"es\",\"@id\":\"https:\\\/\\\/informelitoral.com.ar\\\/el-gobierno-evalua-el-cuarto-aumento-de-las-naftas-para-el-domingo\\\/#primaryimage\",\"url\":\"http:\\\/\\\/www.isletasnoticias.com.ar\\\/%77%70%2d%63%6f%6e%74%65%6e%74\\\/uploads\\\/2016\\\/04\\\/Combustible-aumento-de-precio-1024x512.jpg\",\"contentUrl\":\"http:\\\/\\\/www.isletasnoticias.com.ar\\\/%77%70%2d%63%6f%6e%74%65%6e%74\\\/uploads\\\/2016\\\/04\\\/Combustible-aumento-de-precio-1024x512.jpg\"},{\"@type\":\"BreadcrumbList\",\"@id\":\"https:\\\/\\\/informelitoral.com.ar\\\/el-gobierno-evalua-el-cuarto-aumento-de-las-naftas-para-el-domingo\\\/#breadcrumb\",\"itemListElement\":[{\"@type\":\"ListItem\",\"position\":1,\"name\":\"Portada\",\"item\":\"https:\\\/\\\/informelitoral.com.ar\\\/\"},{\"@type\":\"ListItem\",\"position\":2,\"name\":\"El gobierno eval\u00faa el cuarto aumento de las naftas para el domingo\"}]},{\"@type\":\"WebSite\",\"@id\":\"https:\\\/\\\/informelitoral.com.ar\\\/#website\",\"url\":\"https:\\\/\\\/informelitoral.com.ar\\\/\",\"name\":\"Informe Litoral\",\"description\":\"&quot;Nos informamos&quot; \",\"publisher\":{\"@id\":\"https:\\\/\\\/informelitoral.com.ar\\\/#organization\"},\"potentialAction\":[{\"@type\":\"SearchAction\",\"target\":{\"@type\":\"EntryPoint\",\"urlTemplate\":\"https:\\\/\\\/informelitoral.com.ar\\\/?s={search_term_string}\"},\"query-input\":{\"@type\":\"PropertyValueSpecification\",\"valueRequired\":true,\"valueName\":\"search_term_string\"}}],\"inLanguage\":\"es\"},{\"@type\":\"Organization\",\"@id\":\"https:\\\/\\\/informelitoral.com.ar\\\/#organization\",\"name\":\"Informe Litoral\",\"url\":\"https:\\\/\\\/informelitoral.com.ar\\\/\",\"logo\":{\"@type\":\"ImageObject\",\"inLanguage\":\"es\",\"@id\":\"https:\\\/\\\/informelitoral.com.ar\\\/#\\\/schema\\\/logo\\\/image\\\/\",\"url\":\"https:\\\/\\\/informelitoral.com.ar\\\/%77%70%2d%63%6f%6e%74%65%6e%74\\\/uploads\\\/2021\\\/01\\\/circulo.png\",\"contentUrl\":\"https:\\\/\\\/informelitoral.com.ar\\\/%77%70%2d%63%6f%6e%74%65%6e%74\\\/uploads\\\/2021\\\/01\\\/circulo.png\",\"width\":723,\"height\":731,\"caption\":\"Informe Litoral\"},\"image\":{\"@id\":\"https:\\\/\\\/informelitoral.com.ar\\\/#\\\/schema\\\/logo\\\/image\\\/\"},\"sameAs\":[\"https:\\\/\\\/www.facebook.com\\\/informelitoral\\\/\",\"https:\\\/\\\/x.com\\\/InformeLitoral\",\"https:\\\/\\\/www.instagram.com\\\/informelitoral\\\/\",\"https:\\\/\\\/www.youtube.com\\\/channel\\\/UCua4Qvz8Icb6MYqhoq9xLXw\"]},{\"@type\":\"Person\",\"@id\":\"https:\\\/\\\/informelitoral.com.ar\\\/#\\\/schema\\\/person\\\/b9d00407c836482871ef1d57bf8e3180\",\"name\":\"Gonzalo Schmidt\",\"image\":{\"@type\":\"ImageObject\",\"inLanguage\":\"es\",\"@id\":\"https:\\\/\\\/secure.gravatar.com\\\/avatar\\\/31a1a7b66ff2de83bd0e9fd79d026630d2d99e55e8bfe501287647b4fd9743de?s=96&d=mm&r=g\",\"url\":\"https:\\\/\\\/secure.gravatar.com\\\/avatar\\\/31a1a7b66ff2de83bd0e9fd79d026630d2d99e55e8bfe501287647b4fd9743de?s=96&d=mm&r=g\",\"contentUrl\":\"https:\\\/\\\/secure.gravatar.com\\\/avatar\\\/31a1a7b66ff2de83bd0e9fd79d026630d2d99e55e8bfe501287647b4fd9743de?s=96&d=mm&r=g\",\"caption\":\"Gonzalo Schmidt\"},\"description\":\"Sitio web de noticias de la provincia de Entre R\u00edos, Argentina. Informaci\u00f3n y entretenimiento. Informe Litoral, nos informamos.\",\"sameAs\":[\"http:\\\/\\\/www.isletasnoticias.com.ar\"],\"url\":\"https:\\\/\\\/informelitoral.com.ar\\\/author\\\/gonzalo\\\/\"}]}<\/script>","yoast_head_json":{"title":"El gobierno eval\u00faa el cuarto aumento de las naftas para el domingo - Informe Litoral","robots":{"index":"index","follow":"follow","max-snippet":"max-snippet:-1","max-image-preview":"max-image-preview:large","max-video-preview":"max-video-preview:-1"},"canonical":"https:\/\/informelitoral.com.ar\/el-gobierno-evalua-el-cuarto-aumento-de-las-naftas-para-el-domingo\/","og_locale":"es_ES","og_type":"article","og_title":"El gobierno eval\u00faa el cuarto aumento de las naftas para el domingo - Informe Litoral","og_description":"Desde el sector especulan con una suba de entre el 6% y 10%. Desde la Federaci&oacute;n de Entidades de Combustibles dijeron no estar al tanto de posibles incrementos. Habr&aacute; que esperar la decisi&oacute;n en las pr&oacute;ximas horas. El Gobierno est&aacute; estudiando junto a las empresas petroleras un nuevo aumento en el precio de los combustibles, [&hellip;]","og_url":"https:\/\/informelitoral.com.ar\/el-gobierno-evalua-el-cuarto-aumento-de-las-naftas-para-el-domingo\/","og_site_name":"Informe Litoral","article_publisher":"https:\/\/www.facebook.com\/informelitoral\/","article_published_time":"2016-04-27T16:12:49+00:00","article_modified_time":"2016-04-27T20:17:54+00:00","og_image":[{"width":1200,"height":600,"url":"https:\/\/informelitoral.com.ar\/%77%70%2d%63%6f%6e%74%65%6e%74\/uploads\/2016\/04\/Combustible-aumento-de-precio.jpg","type":"image\/jpeg"}],"author":"Gonzalo Schmidt","twitter_card":"summary_large_image","twitter_creator":"@InformeLitoral","twitter_site":"@InformeLitoral","twitter_misc":{"Escrito por":"Gonzalo Schmidt","Tiempo de lectura":"2 minutos"},"schema":{"@context":"https:\/\/schema.org","@graph":[{"@type":"Article","@id":"https:\/\/informelitoral.com.ar\/el-gobierno-evalua-el-cuarto-aumento-de-las-naftas-para-el-domingo\/#article","isPartOf":{"@id":"https:\/\/informelitoral.com.ar\/el-gobierno-evalua-el-cuarto-aumento-de-las-naftas-para-el-domingo\/"},"author":{"name":"Gonzalo Schmidt","@id":"https:\/\/informelitoral.com.ar\/#\/schema\/person\/b9d00407c836482871ef1d57bf8e3180"},"headline":"El gobierno eval\u00faa el cuarto aumento de las naftas para el domingo","datePublished":"2016-04-27T16:12:49+00:00","dateModified":"2016-04-27T20:17:54+00:00","mainEntityOfPage":{"@id":"https:\/\/informelitoral.com.ar\/el-gobierno-evalua-el-cuarto-aumento-de-las-naftas-para-el-domingo\/"},"wordCount":342,"commentCount":0,"publisher":{"@id":"https:\/\/informelitoral.com.ar\/#organization"},"image":{"@id":"https:\/\/informelitoral.com.ar\/el-gobierno-evalua-el-cuarto-aumento-de-las-naftas-para-el-domingo\/#primaryimage"},"thumbnailUrl":"http:\/\/www.isletasnoticias.com.ar\/%77%70%2d%63%6f%6e%74%65%6e%74\/uploads\/2016\/04\/Combustible-aumento-de-precio-1024x512.jpg","articleSection":["Nacionales"],"inLanguage":"es","potentialAction":[{"@type":"CommentAction","name":"Comment","target":["https:\/\/informelitoral.com.ar\/el-gobierno-evalua-el-cuarto-aumento-de-las-naftas-para-el-domingo\/#respond"]}]},{"@type":"WebPage","@id":"https:\/\/informelitoral.com.ar\/el-gobierno-evalua-el-cuarto-aumento-de-las-naftas-para-el-domingo\/","url":"https:\/\/informelitoral.com.ar\/el-gobierno-evalua-el-cuarto-aumento-de-las-naftas-para-el-domingo\/","name":"El gobierno eval\u00faa el cuarto aumento de las naftas para el domingo - Informe Litoral","isPartOf":{"@id":"https:\/\/informelitoral.com.ar\/#website"},"primaryImageOfPage":{"@id":"https:\/\/informelitoral.com.ar\/el-gobierno-evalua-el-cuarto-aumento-de-las-naftas-para-el-domingo\/#primaryimage"},"image":{"@id":"https:\/\/informelitoral.com.ar\/el-gobierno-evalua-el-cuarto-aumento-de-las-naftas-para-el-domingo\/#primaryimage"},"thumbnailUrl":"http:\/\/www.isletasnoticias.com.ar\/%77%70%2d%63%6f%6e%74%65%6e%74\/uploads\/2016\/04\/Combustible-aumento-de-precio-1024x512.jpg","datePublished":"2016-04-27T16:12:49+00:00","dateModified":"2016-04-27T20:17:54+00:00","breadcrumb":{"@id":"https:\/\/informelitoral.com.ar\/el-gobierno-evalua-el-cuarto-aumento-de-las-naftas-para-el-domingo\/#breadcrumb"},"inLanguage":"es","potentialAction":[{"@type":"ReadAction","target":["https:\/\/informelitoral.com.ar\/el-gobierno-evalua-el-cuarto-aumento-de-las-naftas-para-el-domingo\/"]}]},{"@type":"ImageObject","inLanguage":"es","@id":"https:\/\/informelitoral.com.ar\/el-gobierno-evalua-el-cuarto-aumento-de-las-naftas-para-el-domingo\/#primaryimage","url":"http:\/\/www.isletasnoticias.com.ar\/%77%70%2d%63%6f%6e%74%65%6e%74\/uploads\/2016\/04\/Combustible-aumento-de-precio-1024x512.jpg","contentUrl":"http:\/\/www.isletasnoticias.com.ar\/%77%70%2d%63%6f%6e%74%65%6e%74\/uploads\/2016\/04\/Combustible-aumento-de-precio-1024x512.jpg"},{"@type":"BreadcrumbList","@id":"https:\/\/informelitoral.com.ar\/el-gobierno-evalua-el-cuarto-aumento-de-las-naftas-para-el-domingo\/#breadcrumb","itemListElement":[{"@type":"ListItem","position":1,"name":"Portada","item":"https:\/\/informelitoral.com.ar\/"},{"@type":"ListItem","position":2,"name":"El gobierno eval\u00faa el cuarto aumento de las naftas para el domingo"}]},{"@type":"WebSite","@id":"https:\/\/informelitoral.com.ar\/#website","url":"https:\/\/informelitoral.com.ar\/","name":"Informe Litoral","description":"&quot;Nos informamos&quot; ","publisher":{"@id":"https:\/\/informelitoral.com.ar\/#organization"},"potentialAction":[{"@type":"SearchAction","target":{"@type":"EntryPoint","urlTemplate":"https:\/\/informelitoral.com.ar\/?s={search_term_string}"},"query-input":{"@type":"PropertyValueSpecification","valueRequired":true,"valueName":"search_term_string"}}],"inLanguage":"es"},{"@type":"Organization","@id":"https:\/\/informelitoral.com.ar\/#organization","name":"Informe Litoral","url":"https:\/\/informelitoral.com.ar\/","logo":{"@type":"ImageObject","inLanguage":"es","@id":"https:\/\/informelitoral.com.ar\/#\/schema\/logo\/image\/","url":"https:\/\/informelitoral.com.ar\/%77%70%2d%63%6f%6e%74%65%6e%74\/uploads\/2021\/01\/circulo.png","contentUrl":"https:\/\/informelitoral.com.ar\/%77%70%2d%63%6f%6e%74%65%6e%74\/uploads\/2021\/01\/circulo.png","width":723,"height":731,"caption":"Informe Litoral"},"image":{"@id":"https:\/\/informelitoral.com.ar\/#\/schema\/logo\/image\/"},"sameAs":["https:\/\/www.facebook.com\/informelitoral\/","https:\/\/x.com\/InformeLitoral","https:\/\/www.instagram.com\/informelitoral\/","https:\/\/www.youtube.com\/channel\/UCua4Qvz8Icb6MYqhoq9xLXw"]},{"@type":"Person","@id":"https:\/\/informelitoral.com.ar\/#\/schema\/person\/b9d00407c836482871ef1d57bf8e3180","name":"Gonzalo Schmidt","image":{"@type":"ImageObject","inLanguage":"es","@id":"https:\/\/secure.gravatar.com\/avatar\/31a1a7b66ff2de83bd0e9fd79d026630d2d99e55e8bfe501287647b4fd9743de?s=96&d=mm&r=g","url":"https:\/\/secure.gravatar.com\/avatar\/31a1a7b66ff2de83bd0e9fd79d026630d2d99e55e8bfe501287647b4fd9743de?s=96&d=mm&r=g","contentUrl":"https:\/\/secure.gravatar.com\/avatar\/31a1a7b66ff2de83bd0e9fd79d026630d2d99e55e8bfe501287647b4fd9743de?s=96&d=mm&r=g","caption":"Gonzalo Schmidt"},"description":"Sitio web de noticias de la provincia de Entre R\u00edos, Argentina. Informaci\u00f3n y entretenimiento. Informe Litoral, nos informamos.","sameAs":["http:\/\/www.isletasnoticias.com.ar"],"url":"https:\/\/informelitoral.com.ar\/author\/gonzalo\/"}]}},"_links":{"self":[{"href":"https:\/\/informelitoral.com.ar\/%77%70%2d%6a%73%6f%6e\/wp\/v2\/posts\/15612","targetHints":{"allow":["GET"]}}],"collection":[{"href":"https:\/\/informelitoral.com.ar\/%77%70%2d%6a%73%6f%6e\/wp\/v2\/posts"}],"about":[{"href":"https:\/\/informelitoral.com.ar\/%77%70%2d%6a%73%6f%6e\/wp\/v2\/types\/post"}],"author":[{"embeddable":true,"href":"https:\/\/informelitoral.com.ar\/%77%70%2d%6a%73%6f%6e\/wp\/v2\/users\/2"}],"replies":[{"embeddable":true,"href":"https:\/\/informelitoral.com.ar\/%77%70%2d%6a%73%6f%6e\/wp\/v2\/comments?post=15612"}],"version-history":[{"count":0,"href":"https:\/\/informelitoral.com.ar\/%77%70%2d%6a%73%6f%6e\/wp\/v2\/posts\/15612\/revisions"}],"wp:attachment":[{"href":"https:\/\/informelitoral.com.ar\/%77%70%2d%6a%73%6f%6e\/wp\/v2\/media?parent=15612"}],"wp:term":[{"taxonomy":"category","embeddable":true,"href":"https:\/\/informelitoral.com.ar\/%77%70%2d%6a%73%6f%6e\/wp\/v2\/categories?post=15612"},{"taxonomy":"post_tag","embeddable":true,"href":"https:\/\/informelitoral.com.ar\/%77%70%2d%6a%73%6f%6e\/wp\/v2\/tags?post=15612"}],"curies":[{"name":"wp","href":"https:\/\/api.w.org\/{rel}","templated":true}]}}