{"id":15609,"date":"2016-04-27T17:06:51","date_gmt":"2016-04-27T20:06:51","guid":{"rendered":"http:\/\/www.isletasnoticias.com.ar\/?p=15609"},"modified":"2016-04-27T17:06:51","modified_gmt":"2016-04-27T20:06:51","slug":"el-gobierno-aumento-un-37-los-subsidios-para-transporte-publico-del-interior","status":"publish","type":"post","link":"https:\/\/informelitoral.com.ar\/el-gobierno-aumento-un-37-los-subsidios-para-transporte-publico-del-interior\/","title":{"rendered":"El gobierno aument\u00f3 un 37 % los subsidios para transporte p\u00fablico del interior"},"content":{"rendered":"<p><strong>Lo anunci\u00f3 el ministro de Transporte, <em>Guillermo Dietrich<\/em>, durante una conferencia de prensa\u00a0con\u00a0<em>Rogelio Frigerio<\/em>, tras un encuentro de Macri con una treintena de intendentes de diferentes ciudades del pa\u00eds.<a href=\"http:\/\/www.isletasnoticias.com.ar\/%77%70%2d%63%6f%6e%74%65%6e%74\/uploads\/2016\/04\/120963_interes-general.jpg\" rel=\"attachment wp-att-15610\"><img loading=\"lazy\" decoding=\"async\" class=\"aligncenter wp-image-15610 size-full\" src=\"http:\/\/www.isletasnoticias.com.ar\/%77%70%2d%63%6f%6e%74%65%6e%74\/uploads\/2016\/04\/120963_interes-general.jpg\" alt=\"120963_interes-general\" width=\"544\" height=\"293\" srcset=\"https:\/\/informelitoral.com.ar\/%77%70%2d%63%6f%6e%74%65%6e%74\/uploads\/2016\/04\/120963_interes-general.jpg 544w, https:\/\/informelitoral.com.ar\/%77%70%2d%63%6f%6e%74%65%6e%74\/uploads\/2016\/04\/120963_interes-general-300x162.jpg 300w\" sizes=\"auto, (max-width: 544px) 100vw, 544px\" \/><\/a><\/strong><\/p>\n<p class=\"selectionShareable\">El Gobierno Nacional anunci\u00f3 el martes un aumento del 37 por ciento en los subsidios para el transporte p\u00fablico del interior del pa\u00eds, por lo que la Naci\u00f3n girar\u00e1 casi 15 mil millones de pesos.<\/p>\n<p class=\"selectionShareable\">As\u00ed lo anunci\u00f3 el ministro de Transporte, <strong>Guillermo Dietrich<\/strong>, durante una conferencia de prensa que comparti\u00f3 con su par de Interior,<strong> Rogelio Frigerio<\/strong>, tras un encuentro del presidente <strong>Mauricio Macri<\/strong> con una treintena de intendentes de diferentes ciudades del pa\u00eds.<\/p>\n<p class=\"selectionShareable\">\u00abVamos a soportar, a pagar el total de los aumentos de salarios y combustibles que se dar\u00e1n este a\u00f1o. Es un 37 por ciento de aumento en los fondos que destina el Gobierno nacional a subsidios al interior del pa\u00eds llegando a casi 15 mil millones de pesos\u00bb, precis\u00f3 Dietrich.<\/p>\n<p class=\"selectionShareable\">Y a\u00f1adi\u00f3: \u00abSe subsidiar\u00e1 la mitad de la tarifa del transporte p\u00fablico del interior entre todas las localidades, y adem\u00e1s estamos trabajando con los intendentes en el tema Metrobus, haci\u00e9ndolos con la ciudad de Rosario y ya hay proyectos en la ciudades de Santa Fe, C\u00f3rdoba, Neuqu\u00e9n y Corrientes\u00bb.<\/p>\n<p class=\"selectionShareable\">\u00abEs un paso m\u00e1s hacia el federalismo, en los \u00faltimos 12 a\u00f1os hubo una creciente inequidad de la manera de c\u00f3mo se distribuyeron los subsidios en el \u00e1rea metropolitana y el resto del pa\u00eds\u00bb, recalc\u00f3 Dietrich, seg\u00fan public\u00f3 <i>El Litoral.<\/i><\/p>\n<p class=\"selectionShareable\">Por su parte, Frigerio destac\u00f3 que el encuentro entre los jefes comunales y Macri, ya que consider\u00f3 que vinieron a Buenos Aires \u00abuna treintena de intendentes de las ciudades m\u00e1s populosas de la Argentina y el presidente les inform\u00f3 sobre dos temas claves para nuestro gobierno: el compromiso con el transporte p\u00fablico de pasajeros y el pa\u00eds federal\u00bb.<\/p>\n<p class=\"selectionShareable\">Junto a los dos ministros, en la conferencia de prensa estuvieron el titular de la UTA, Roberto Fern\u00e1ndez, la intendenta de Rosario, M\u00f3nica Fein, y el intendente de La Rioja, Alberto Paredes Urquiza.<\/p>\n","protected":false},"excerpt":{"rendered":"<p>Lo anunci&oacute; el ministro de Transporte, Guillermo Dietrich, durante una conferencia de prensa&nbsp;con&nbsp;Rogelio Frigerio, tras un encuentro de Macri con una treintena de intendentes de diferentes ciudades del pa&iacute;s. El Gobierno Nacional anunci&oacute; el martes un aumento del 37 por ciento en los subsidios para el transporte p&uacute;blico del interior del pa&iacute;s, por lo que [&hellip;]<\/p>\n","protected":false},"author":2,"featured_media":0,"comment_status":"open","ping_status":"open","sticky":false,"template":"","format":"standard","meta":{"fifu_image_url":"","fifu_image_alt":"","footnotes":""},"categories":[7],"tags":[],"class_list":{"0":"post-15609","1":"post","2":"type-post","3":"status-publish","4":"format-standard","6":"category-nacionales"},"yoast_head":"<title>El gobierno aument\u00f3 un 37 % los subsidios para transporte p\u00fablico del interior - Informe Litoral<\/title>\n<meta name=\"robots\" content=\"index, follow, max-snippet:-1, max-image-preview:large, max-video-preview:-1\" \/>\n<link rel=\"canonical\" href=\"https:\/\/informelitoral.com.ar\/el-gobierno-aumento-un-37-los-subsidios-para-transporte-publico-del-interior\/\" \/>\n<meta property=\"og:locale\" content=\"es_ES\" \/>\n<meta property=\"og:type\" content=\"article\" \/>\n<meta property=\"og:title\" content=\"El gobierno aument\u00f3 un 37 % los subsidios para transporte p\u00fablico del interior - Informe Litoral\" \/>\n<meta property=\"og:description\" content=\"Lo anunci&oacute; el ministro de Transporte, Guillermo Dietrich, durante una conferencia de prensa&nbsp;con&nbsp;Rogelio Frigerio, tras un encuentro de Macri con una treintena de intendentes de diferentes ciudades del pa&iacute;s. El Gobierno Nacional anunci&oacute; el martes un aumento del 37 por ciento en los subsidios para el transporte p&uacute;blico del interior del pa&iacute;s, por lo que [&hellip;]\" \/>\n<meta property=\"og:url\" content=\"https:\/\/informelitoral.com.ar\/el-gobierno-aumento-un-37-los-subsidios-para-transporte-publico-del-interior\/\" \/>\n<meta property=\"og:site_name\" content=\"Informe Litoral\" \/>\n<meta property=\"article:publisher\" content=\"https:\/\/www.facebook.com\/informelitoral\/\" \/>\n<meta property=\"article:published_time\" content=\"2016-04-27T20:06:51+00:00\" \/>\n<meta property=\"og:image\" content=\"https:\/\/informelitoral.com.ar\/%77%70%2d%63%6f%6e%74%65%6e%74\/uploads\/2016\/04\/120963_interes-general.jpg\" \/>\n\t<meta property=\"og:image:width\" content=\"544\" \/>\n\t<meta property=\"og:image:height\" content=\"293\" \/>\n\t<meta property=\"og:image:type\" content=\"image\/jpeg\" \/>\n<meta name=\"author\" content=\"Gonzalo Schmidt\" \/>\n<meta name=\"twitter:card\" content=\"summary_large_image\" \/>\n<meta name=\"twitter:creator\" content=\"@InformeLitoral\" \/>\n<meta name=\"twitter:site\" content=\"@InformeLitoral\" \/>\n<meta name=\"twitter:label1\" content=\"Escrito por\" \/>\n\t<meta name=\"twitter:data1\" content=\"Gonzalo Schmidt\" \/>\n\t<meta name=\"twitter:label2\" content=\"Tiempo de lectura\" \/>\n\t<meta name=\"twitter:data2\" content=\"2 minutos\" \/>\n<script type=\"application\/ld+json\" class=\"yoast-schema-graph\">{\"@context\":\"https:\\\/\\\/schema.org\",\"@graph\":[{\"@type\":\"Article\",\"@id\":\"https:\\\/\\\/informelitoral.com.ar\\\/el-gobierno-aumento-un-37-los-subsidios-para-transporte-publico-del-interior\\\/#article\",\"isPartOf\":{\"@id\":\"https:\\\/\\\/informelitoral.com.ar\\\/el-gobierno-aumento-un-37-los-subsidios-para-transporte-publico-del-interior\\\/\"},\"author\":{\"name\":\"Gonzalo Schmidt\",\"@id\":\"https:\\\/\\\/informelitoral.com.ar\\\/#\\\/schema\\\/person\\\/b9d00407c836482871ef1d57bf8e3180\"},\"headline\":\"El gobierno aument\u00f3 un 37 % los subsidios para transporte p\u00fablico del interior\",\"datePublished\":\"2016-04-27T20:06:51+00:00\",\"mainEntityOfPage\":{\"@id\":\"https:\\\/\\\/informelitoral.com.ar\\\/el-gobierno-aumento-un-37-los-subsidios-para-transporte-publico-del-interior\\\/\"},\"wordCount\":367,\"commentCount\":0,\"publisher\":{\"@id\":\"https:\\\/\\\/informelitoral.com.ar\\\/#organization\"},\"image\":{\"@id\":\"https:\\\/\\\/informelitoral.com.ar\\\/el-gobierno-aumento-un-37-los-subsidios-para-transporte-publico-del-interior\\\/#primaryimage\"},\"thumbnailUrl\":\"http:\\\/\\\/www.isletasnoticias.com.ar\\\/%77%70%2d%63%6f%6e%74%65%6e%74\\\/uploads\\\/2016\\\/04\\\/120963_interes-general.jpg\",\"articleSection\":[\"Nacionales\"],\"inLanguage\":\"es\",\"potentialAction\":[{\"@type\":\"CommentAction\",\"name\":\"Comment\",\"target\":[\"https:\\\/\\\/informelitoral.com.ar\\\/el-gobierno-aumento-un-37-los-subsidios-para-transporte-publico-del-interior\\\/#respond\"]}]},{\"@type\":\"WebPage\",\"@id\":\"https:\\\/\\\/informelitoral.com.ar\\\/el-gobierno-aumento-un-37-los-subsidios-para-transporte-publico-del-interior\\\/\",\"url\":\"https:\\\/\\\/informelitoral.com.ar\\\/el-gobierno-aumento-un-37-los-subsidios-para-transporte-publico-del-interior\\\/\",\"name\":\"El gobierno aument\u00f3 un 37 % los subsidios para transporte p\u00fablico del interior - Informe Litoral\",\"isPartOf\":{\"@id\":\"https:\\\/\\\/informelitoral.com.ar\\\/#website\"},\"primaryImageOfPage\":{\"@id\":\"https:\\\/\\\/informelitoral.com.ar\\\/el-gobierno-aumento-un-37-los-subsidios-para-transporte-publico-del-interior\\\/#primaryimage\"},\"image\":{\"@id\":\"https:\\\/\\\/informelitoral.com.ar\\\/el-gobierno-aumento-un-37-los-subsidios-para-transporte-publico-del-interior\\\/#primaryimage\"},\"thumbnailUrl\":\"http:\\\/\\\/www.isletasnoticias.com.ar\\\/%77%70%2d%63%6f%6e%74%65%6e%74\\\/uploads\\\/2016\\\/04\\\/120963_interes-general.jpg\",\"datePublished\":\"2016-04-27T20:06:51+00:00\",\"breadcrumb\":{\"@id\":\"https:\\\/\\\/informelitoral.com.ar\\\/el-gobierno-aumento-un-37-los-subsidios-para-transporte-publico-del-interior\\\/#breadcrumb\"},\"inLanguage\":\"es\",\"potentialAction\":[{\"@type\":\"ReadAction\",\"target\":[\"https:\\\/\\\/informelitoral.com.ar\\\/el-gobierno-aumento-un-37-los-subsidios-para-transporte-publico-del-interior\\\/\"]}]},{\"@type\":\"ImageObject\",\"inLanguage\":\"es\",\"@id\":\"https:\\\/\\\/informelitoral.com.ar\\\/el-gobierno-aumento-un-37-los-subsidios-para-transporte-publico-del-interior\\\/#primaryimage\",\"url\":\"http:\\\/\\\/www.isletasnoticias.com.ar\\\/%77%70%2d%63%6f%6e%74%65%6e%74\\\/uploads\\\/2016\\\/04\\\/120963_interes-general.jpg\",\"contentUrl\":\"http:\\\/\\\/www.isletasnoticias.com.ar\\\/%77%70%2d%63%6f%6e%74%65%6e%74\\\/uploads\\\/2016\\\/04\\\/120963_interes-general.jpg\"},{\"@type\":\"BreadcrumbList\",\"@id\":\"https:\\\/\\\/informelitoral.com.ar\\\/el-gobierno-aumento-un-37-los-subsidios-para-transporte-publico-del-interior\\\/#breadcrumb\",\"itemListElement\":[{\"@type\":\"ListItem\",\"position\":1,\"name\":\"Portada\",\"item\":\"https:\\\/\\\/informelitoral.com.ar\\\/\"},{\"@type\":\"ListItem\",\"position\":2,\"name\":\"El gobierno aument\u00f3 un 37 % los subsidios para transporte p\u00fablico del interior\"}]},{\"@type\":\"WebSite\",\"@id\":\"https:\\\/\\\/informelitoral.com.ar\\\/#website\",\"url\":\"https:\\\/\\\/informelitoral.com.ar\\\/\",\"name\":\"Informe Litoral\",\"description\":\"&quot;Nos informamos&quot; \",\"publisher\":{\"@id\":\"https:\\\/\\\/informelitoral.com.ar\\\/#organization\"},\"potentialAction\":[{\"@type\":\"SearchAction\",\"target\":{\"@type\":\"EntryPoint\",\"urlTemplate\":\"https:\\\/\\\/informelitoral.com.ar\\\/?s={search_term_string}\"},\"query-input\":{\"@type\":\"PropertyValueSpecification\",\"valueRequired\":true,\"valueName\":\"search_term_string\"}}],\"inLanguage\":\"es\"},{\"@type\":\"Organization\",\"@id\":\"https:\\\/\\\/informelitoral.com.ar\\\/#organization\",\"name\":\"Informe Litoral\",\"url\":\"https:\\\/\\\/informelitoral.com.ar\\\/\",\"logo\":{\"@type\":\"ImageObject\",\"inLanguage\":\"es\",\"@id\":\"https:\\\/\\\/informelitoral.com.ar\\\/#\\\/schema\\\/logo\\\/image\\\/\",\"url\":\"https:\\\/\\\/informelitoral.com.ar\\\/%77%70%2d%63%6f%6e%74%65%6e%74\\\/uploads\\\/2021\\\/01\\\/circulo.png\",\"contentUrl\":\"https:\\\/\\\/informelitoral.com.ar\\\/%77%70%2d%63%6f%6e%74%65%6e%74\\\/uploads\\\/2021\\\/01\\\/circulo.png\",\"width\":723,\"height\":731,\"caption\":\"Informe Litoral\"},\"image\":{\"@id\":\"https:\\\/\\\/informelitoral.com.ar\\\/#\\\/schema\\\/logo\\\/image\\\/\"},\"sameAs\":[\"https:\\\/\\\/www.facebook.com\\\/informelitoral\\\/\",\"https:\\\/\\\/x.com\\\/InformeLitoral\",\"https:\\\/\\\/www.instagram.com\\\/informelitoral\\\/\",\"https:\\\/\\\/www.youtube.com\\\/channel\\\/UCua4Qvz8Icb6MYqhoq9xLXw\"]},{\"@type\":\"Person\",\"@id\":\"https:\\\/\\\/informelitoral.com.ar\\\/#\\\/schema\\\/person\\\/b9d00407c836482871ef1d57bf8e3180\",\"name\":\"Gonzalo Schmidt\",\"image\":{\"@type\":\"ImageObject\",\"inLanguage\":\"es\",\"@id\":\"https:\\\/\\\/secure.gravatar.com\\\/avatar\\\/31a1a7b66ff2de83bd0e9fd79d026630d2d99e55e8bfe501287647b4fd9743de?s=96&d=mm&r=g\",\"url\":\"https:\\\/\\\/secure.gravatar.com\\\/avatar\\\/31a1a7b66ff2de83bd0e9fd79d026630d2d99e55e8bfe501287647b4fd9743de?s=96&d=mm&r=g\",\"contentUrl\":\"https:\\\/\\\/secure.gravatar.com\\\/avatar\\\/31a1a7b66ff2de83bd0e9fd79d026630d2d99e55e8bfe501287647b4fd9743de?s=96&d=mm&r=g\",\"caption\":\"Gonzalo Schmidt\"},\"description\":\"Sitio web de noticias de la provincia de Entre R\u00edos, Argentina. Informaci\u00f3n y entretenimiento. Informe Litoral, nos informamos.\",\"sameAs\":[\"http:\\\/\\\/www.isletasnoticias.com.ar\"],\"url\":\"https:\\\/\\\/informelitoral.com.ar\\\/author\\\/gonzalo\\\/\"}]}<\/script>","yoast_head_json":{"title":"El gobierno aument\u00f3 un 37 % los subsidios para transporte p\u00fablico del interior - Informe Litoral","robots":{"index":"index","follow":"follow","max-snippet":"max-snippet:-1","max-image-preview":"max-image-preview:large","max-video-preview":"max-video-preview:-1"},"canonical":"https:\/\/informelitoral.com.ar\/el-gobierno-aumento-un-37-los-subsidios-para-transporte-publico-del-interior\/","og_locale":"es_ES","og_type":"article","og_title":"El gobierno aument\u00f3 un 37 % los subsidios para transporte p\u00fablico del interior - Informe Litoral","og_description":"Lo anunci&oacute; el ministro de Transporte, Guillermo Dietrich, durante una conferencia de prensa&nbsp;con&nbsp;Rogelio Frigerio, tras un encuentro de Macri con una treintena de intendentes de diferentes ciudades del pa&iacute;s. El Gobierno Nacional anunci&oacute; el martes un aumento del 37 por ciento en los subsidios para el transporte p&uacute;blico del interior del pa&iacute;s, por lo que [&hellip;]","og_url":"https:\/\/informelitoral.com.ar\/el-gobierno-aumento-un-37-los-subsidios-para-transporte-publico-del-interior\/","og_site_name":"Informe Litoral","article_publisher":"https:\/\/www.facebook.com\/informelitoral\/","article_published_time":"2016-04-27T20:06:51+00:00","og_image":[{"width":544,"height":293,"url":"https:\/\/informelitoral.com.ar\/%77%70%2d%63%6f%6e%74%65%6e%74\/uploads\/2016\/04\/120963_interes-general.jpg","type":"image\/jpeg"}],"author":"Gonzalo Schmidt","twitter_card":"summary_large_image","twitter_creator":"@InformeLitoral","twitter_site":"@InformeLitoral","twitter_misc":{"Escrito por":"Gonzalo Schmidt","Tiempo de lectura":"2 minutos"},"schema":{"@context":"https:\/\/schema.org","@graph":[{"@type":"Article","@id":"https:\/\/informelitoral.com.ar\/el-gobierno-aumento-un-37-los-subsidios-para-transporte-publico-del-interior\/#article","isPartOf":{"@id":"https:\/\/informelitoral.com.ar\/el-gobierno-aumento-un-37-los-subsidios-para-transporte-publico-del-interior\/"},"author":{"name":"Gonzalo Schmidt","@id":"https:\/\/informelitoral.com.ar\/#\/schema\/person\/b9d00407c836482871ef1d57bf8e3180"},"headline":"El gobierno aument\u00f3 un 37 % los subsidios para transporte p\u00fablico del interior","datePublished":"2016-04-27T20:06:51+00:00","mainEntityOfPage":{"@id":"https:\/\/informelitoral.com.ar\/el-gobierno-aumento-un-37-los-subsidios-para-transporte-publico-del-interior\/"},"wordCount":367,"commentCount":0,"publisher":{"@id":"https:\/\/informelitoral.com.ar\/#organization"},"image":{"@id":"https:\/\/informelitoral.com.ar\/el-gobierno-aumento-un-37-los-subsidios-para-transporte-publico-del-interior\/#primaryimage"},"thumbnailUrl":"http:\/\/www.isletasnoticias.com.ar\/%77%70%2d%63%6f%6e%74%65%6e%74\/uploads\/2016\/04\/120963_interes-general.jpg","articleSection":["Nacionales"],"inLanguage":"es","potentialAction":[{"@type":"CommentAction","name":"Comment","target":["https:\/\/informelitoral.com.ar\/el-gobierno-aumento-un-37-los-subsidios-para-transporte-publico-del-interior\/#respond"]}]},{"@type":"WebPage","@id":"https:\/\/informelitoral.com.ar\/el-gobierno-aumento-un-37-los-subsidios-para-transporte-publico-del-interior\/","url":"https:\/\/informelitoral.com.ar\/el-gobierno-aumento-un-37-los-subsidios-para-transporte-publico-del-interior\/","name":"El gobierno aument\u00f3 un 37 % los subsidios para transporte p\u00fablico del interior - Informe Litoral","isPartOf":{"@id":"https:\/\/informelitoral.com.ar\/#website"},"primaryImageOfPage":{"@id":"https:\/\/informelitoral.com.ar\/el-gobierno-aumento-un-37-los-subsidios-para-transporte-publico-del-interior\/#primaryimage"},"image":{"@id":"https:\/\/informelitoral.com.ar\/el-gobierno-aumento-un-37-los-subsidios-para-transporte-publico-del-interior\/#primaryimage"},"thumbnailUrl":"http:\/\/www.isletasnoticias.com.ar\/%77%70%2d%63%6f%6e%74%65%6e%74\/uploads\/2016\/04\/120963_interes-general.jpg","datePublished":"2016-04-27T20:06:51+00:00","breadcrumb":{"@id":"https:\/\/informelitoral.com.ar\/el-gobierno-aumento-un-37-los-subsidios-para-transporte-publico-del-interior\/#breadcrumb"},"inLanguage":"es","potentialAction":[{"@type":"ReadAction","target":["https:\/\/informelitoral.com.ar\/el-gobierno-aumento-un-37-los-subsidios-para-transporte-publico-del-interior\/"]}]},{"@type":"ImageObject","inLanguage":"es","@id":"https:\/\/informelitoral.com.ar\/el-gobierno-aumento-un-37-los-subsidios-para-transporte-publico-del-interior\/#primaryimage","url":"http:\/\/www.isletasnoticias.com.ar\/%77%70%2d%63%6f%6e%74%65%6e%74\/uploads\/2016\/04\/120963_interes-general.jpg","contentUrl":"http:\/\/www.isletasnoticias.com.ar\/%77%70%2d%63%6f%6e%74%65%6e%74\/uploads\/2016\/04\/120963_interes-general.jpg"},{"@type":"BreadcrumbList","@id":"https:\/\/informelitoral.com.ar\/el-gobierno-aumento-un-37-los-subsidios-para-transporte-publico-del-interior\/#breadcrumb","itemListElement":[{"@type":"ListItem","position":1,"name":"Portada","item":"https:\/\/informelitoral.com.ar\/"},{"@type":"ListItem","position":2,"name":"El gobierno aument\u00f3 un 37 % los subsidios para transporte p\u00fablico del interior"}]},{"@type":"WebSite","@id":"https:\/\/informelitoral.com.ar\/#website","url":"https:\/\/informelitoral.com.ar\/","name":"Informe Litoral","description":"&quot;Nos informamos&quot; ","publisher":{"@id":"https:\/\/informelitoral.com.ar\/#organization"},"potentialAction":[{"@type":"SearchAction","target":{"@type":"EntryPoint","urlTemplate":"https:\/\/informelitoral.com.ar\/?s={search_term_string}"},"query-input":{"@type":"PropertyValueSpecification","valueRequired":true,"valueName":"search_term_string"}}],"inLanguage":"es"},{"@type":"Organization","@id":"https:\/\/informelitoral.com.ar\/#organization","name":"Informe Litoral","url":"https:\/\/informelitoral.com.ar\/","logo":{"@type":"ImageObject","inLanguage":"es","@id":"https:\/\/informelitoral.com.ar\/#\/schema\/logo\/image\/","url":"https:\/\/informelitoral.com.ar\/%77%70%2d%63%6f%6e%74%65%6e%74\/uploads\/2021\/01\/circulo.png","contentUrl":"https:\/\/informelitoral.com.ar\/%77%70%2d%63%6f%6e%74%65%6e%74\/uploads\/2021\/01\/circulo.png","width":723,"height":731,"caption":"Informe Litoral"},"image":{"@id":"https:\/\/informelitoral.com.ar\/#\/schema\/logo\/image\/"},"sameAs":["https:\/\/www.facebook.com\/informelitoral\/","https:\/\/x.com\/InformeLitoral","https:\/\/www.instagram.com\/informelitoral\/","https:\/\/www.youtube.com\/channel\/UCua4Qvz8Icb6MYqhoq9xLXw"]},{"@type":"Person","@id":"https:\/\/informelitoral.com.ar\/#\/schema\/person\/b9d00407c836482871ef1d57bf8e3180","name":"Gonzalo Schmidt","image":{"@type":"ImageObject","inLanguage":"es","@id":"https:\/\/secure.gravatar.com\/avatar\/31a1a7b66ff2de83bd0e9fd79d026630d2d99e55e8bfe501287647b4fd9743de?s=96&d=mm&r=g","url":"https:\/\/secure.gravatar.com\/avatar\/31a1a7b66ff2de83bd0e9fd79d026630d2d99e55e8bfe501287647b4fd9743de?s=96&d=mm&r=g","contentUrl":"https:\/\/secure.gravatar.com\/avatar\/31a1a7b66ff2de83bd0e9fd79d026630d2d99e55e8bfe501287647b4fd9743de?s=96&d=mm&r=g","caption":"Gonzalo Schmidt"},"description":"Sitio web de noticias de la provincia de Entre R\u00edos, Argentina. Informaci\u00f3n y entretenimiento. Informe Litoral, nos informamos.","sameAs":["http:\/\/www.isletasnoticias.com.ar"],"url":"https:\/\/informelitoral.com.ar\/author\/gonzalo\/"}]}},"_links":{"self":[{"href":"https:\/\/informelitoral.com.ar\/%77%70%2d%6a%73%6f%6e\/wp\/v2\/posts\/15609","targetHints":{"allow":["GET"]}}],"collection":[{"href":"https:\/\/informelitoral.com.ar\/%77%70%2d%6a%73%6f%6e\/wp\/v2\/posts"}],"about":[{"href":"https:\/\/informelitoral.com.ar\/%77%70%2d%6a%73%6f%6e\/wp\/v2\/types\/post"}],"author":[{"embeddable":true,"href":"https:\/\/informelitoral.com.ar\/%77%70%2d%6a%73%6f%6e\/wp\/v2\/users\/2"}],"replies":[{"embeddable":true,"href":"https:\/\/informelitoral.com.ar\/%77%70%2d%6a%73%6f%6e\/wp\/v2\/comments?post=15609"}],"version-history":[{"count":0,"href":"https:\/\/informelitoral.com.ar\/%77%70%2d%6a%73%6f%6e\/wp\/v2\/posts\/15609\/revisions"}],"wp:attachment":[{"href":"https:\/\/informelitoral.com.ar\/%77%70%2d%6a%73%6f%6e\/wp\/v2\/media?parent=15609"}],"wp:term":[{"taxonomy":"category","embeddable":true,"href":"https:\/\/informelitoral.com.ar\/%77%70%2d%6a%73%6f%6e\/wp\/v2\/categories?post=15609"},{"taxonomy":"post_tag","embeddable":true,"href":"https:\/\/informelitoral.com.ar\/%77%70%2d%6a%73%6f%6e\/wp\/v2\/tags?post=15609"}],"curies":[{"name":"wp","href":"https:\/\/api.w.org\/{rel}","templated":true}]}}