{"id":15601,"date":"2016-04-27T16:32:26","date_gmt":"2016-04-27T19:32:26","guid":{"rendered":"http:\/\/www.isletasnoticias.com.ar\/?p=15601"},"modified":"2016-04-27T16:32:26","modified_gmt":"2016-04-27T19:32:26","slug":"alerta-roja-aseguran-que-medio-pais-esta-en-peligro-por-el-estado-de-yacyreta","status":"publish","type":"post","link":"https:\/\/informelitoral.com.ar\/alerta-roja-aseguran-que-medio-pais-esta-en-peligro-por-el-estado-de-yacyreta\/","title":{"rendered":"Alerta roja: Aseguran que medio pa\u00eds est\u00e1 en peligro por el estado de Yacyret\u00e1"},"content":{"rendered":"<p><strong>\u201cNo quiero causar p\u00e1nico ni miedo, pero debemos tomar las medidas necesarias para evitar lo que podr\u00eda ser la mayor cat\u00e1strofe de nuestra historia\u201d, afirm\u00f3 el gobernador de Corrientes.<a href=\"http:\/\/www.isletasnoticias.com.ar\/%77%70%2d%63%6f%6e%74%65%6e%74\/uploads\/2016\/04\/i24208-represa-yacyreta-960.jpg\" rel=\"attachment wp-att-15602\"><img loading=\"lazy\" decoding=\"async\" class=\"aligncenter wp-image-15602 size-full\" src=\"http:\/\/www.isletasnoticias.com.ar\/%77%70%2d%63%6f%6e%74%65%6e%74\/uploads\/2016\/04\/i24208-represa-yacyreta-960.jpg\" alt=\"i24208-represa-yacyreta-960\" width=\"631\" height=\"280\" srcset=\"https:\/\/informelitoral.com.ar\/%77%70%2d%63%6f%6e%74%65%6e%74\/uploads\/2016\/04\/i24208-represa-yacyreta-960.jpg 631w, https:\/\/informelitoral.com.ar\/%77%70%2d%63%6f%6e%74%65%6e%74\/uploads\/2016\/04\/i24208-represa-yacyreta-960-300x133.jpg 300w\" sizes=\"auto, (max-width: 631px) 100vw, 631px\" \/><\/a><\/strong><\/p>\n<p>Algunos diarios digitales est\u00e1n difundiendo un supuesto comunicado del gobernador de la provincia de Corrientes,<strong> Ricardo Colombi<\/strong>, en el que pide \u201cauxilio\u201d al gobierno nacional, \u201cporque medio pa\u00eds est\u00e1 en peligro\u201d refiri\u00e9ndose a las condiciones actuales en las que se encuentra la represa Binacional Yacyret\u00e1, que est\u00e1 emplazada en el R\u00edo Paran\u00e1, unos de m\u00e1s caudalosos de Sudam\u00e9rica.<\/p>\n<p>\u201cNo quiero causar p\u00e1nico ni miedo pero debemos tomar las medidas necesarias para evitar lo que podr\u00eda ser la mayor cat\u00e1strofe de nuestra hist\u00f3ria\u201d, aduce el texto del gobernador, seg\u00fan reproduce<em> Infocampo.<\/em><\/p>\n<p>Seg\u00fan comunicaron, \u00abpor falta de mantenimiento ya han ca\u00eddo parte de sus defensas y dos turbinas est\u00e1n paradas, las dem\u00e1s est\u00e1n solo al 75% de su capacidad\u00bb. En el escrito tambi\u00e9n se hace menci\u00f3n a las consecuencia que podr\u00eda aparejar el rompimiento de la represa, una de las m\u00e1s grandes de Am\u00e9rica.<\/p>\n<p>\u00abLa gran masa de agua que se desprender\u00eda de su rompimiento arrasar\u00eda en cuesti\u00f3n de minutos a las ciudades de Resistencia y Corrientes, como as\u00ed tambi\u00e9n a la ciudad de Santa Fe y Paran\u00e1. Sin contar las dem\u00e1s ciudades que se encuentran a la vera del R\u00edo y en su desembocadura a todo el delta y a la propia Capital Federal\u00bb, alarmaron.<\/p>\n<p>Por estas razones, el gobernador llam\u00f3 a declarar el alerta m\u00e1ximo y de inmediato, antes que llegue la temporada de lluvia en la zona norte del rio y sus afluentes, ya que duplicar\u00eda el caudal de agua que se sumar\u00eda al reservorio que est\u00e1 frenado por la represa.<\/p>\n<p>No solo el problema es el agua sino tambi\u00e9n el apag\u00f3n que se generar\u00eda al salir de servicio la totalidad de la represa, sumiendo a media naci\u00f3n en un caos.<\/p>\n<p>Colombi pidi\u00f3 que el tema se difunda, y que r\u00e1pidamente se investigue para frenar el desastre. \u201cEstamos hablando de la vida de millones de argentinos\u201d, finaliz\u00f3.<\/p>\n","protected":false},"excerpt":{"rendered":"<p>&ldquo;No quiero causar p&aacute;nico ni miedo, pero debemos tomar las medidas necesarias para evitar lo que podr&iacute;a ser la mayor cat&aacute;strofe de nuestra historia&rdquo;, afirm&oacute; el gobernador de Corrientes. Algunos diarios digitales est&aacute;n difundiendo un supuesto comunicado del gobernador de la provincia de Corrientes, Ricardo Colombi, en el que pide &ldquo;auxilio&rdquo; al gobierno nacional, &ldquo;porque [&hellip;]<\/p>\n","protected":false},"author":2,"featured_media":0,"comment_status":"open","ping_status":"open","sticky":false,"template":"","format":"standard","meta":{"fifu_image_url":"","fifu_image_alt":"","footnotes":""},"categories":[7],"tags":[],"class_list":{"0":"post-15601","1":"post","2":"type-post","3":"status-publish","4":"format-standard","6":"category-nacionales"},"yoast_head":"<title>Alerta roja: Aseguran que medio pa\u00eds est\u00e1 en peligro por el estado de Yacyret\u00e1 - Informe Litoral<\/title>\n<meta name=\"robots\" content=\"index, follow, max-snippet:-1, max-image-preview:large, max-video-preview:-1\" \/>\n<link rel=\"canonical\" href=\"https:\/\/informelitoral.com.ar\/alerta-roja-aseguran-que-medio-pais-esta-en-peligro-por-el-estado-de-yacyreta\/\" \/>\n<meta property=\"og:locale\" content=\"es_ES\" \/>\n<meta property=\"og:type\" content=\"article\" \/>\n<meta property=\"og:title\" content=\"Alerta roja: Aseguran que medio pa\u00eds est\u00e1 en peligro por el estado de Yacyret\u00e1 - Informe Litoral\" \/>\n<meta property=\"og:description\" content=\"&ldquo;No quiero causar p&aacute;nico ni miedo, pero debemos tomar las medidas necesarias para evitar lo que podr&iacute;a ser la mayor cat&aacute;strofe de nuestra historia&rdquo;, afirm&oacute; el gobernador de Corrientes. Algunos diarios digitales est&aacute;n difundiendo un supuesto comunicado del gobernador de la provincia de Corrientes, Ricardo Colombi, en el que pide &ldquo;auxilio&rdquo; al gobierno nacional, &ldquo;porque [&hellip;]\" \/>\n<meta property=\"og:url\" content=\"https:\/\/informelitoral.com.ar\/alerta-roja-aseguran-que-medio-pais-esta-en-peligro-por-el-estado-de-yacyreta\/\" \/>\n<meta property=\"og:site_name\" content=\"Informe Litoral\" \/>\n<meta property=\"article:publisher\" content=\"https:\/\/www.facebook.com\/informelitoral\/\" \/>\n<meta property=\"article:published_time\" content=\"2016-04-27T19:32:26+00:00\" \/>\n<meta property=\"og:image\" content=\"https:\/\/informelitoral.com.ar\/%77%70%2d%63%6f%6e%74%65%6e%74\/uploads\/2016\/04\/i24208-represa-yacyreta-960.jpg\" \/>\n\t<meta property=\"og:image:width\" content=\"631\" \/>\n\t<meta property=\"og:image:height\" content=\"280\" \/>\n\t<meta property=\"og:image:type\" content=\"image\/jpeg\" \/>\n<meta name=\"author\" content=\"Gonzalo Schmidt\" \/>\n<meta name=\"twitter:card\" content=\"summary_large_image\" \/>\n<meta name=\"twitter:creator\" content=\"@InformeLitoral\" \/>\n<meta name=\"twitter:site\" content=\"@InformeLitoral\" \/>\n<meta name=\"twitter:label1\" content=\"Escrito por\" \/>\n\t<meta name=\"twitter:data1\" content=\"Gonzalo Schmidt\" \/>\n\t<meta name=\"twitter:label2\" content=\"Tiempo de lectura\" \/>\n\t<meta name=\"twitter:data2\" content=\"2 minutos\" \/>\n<script type=\"application\/ld+json\" class=\"yoast-schema-graph\">{\"@context\":\"https:\\\/\\\/schema.org\",\"@graph\":[{\"@type\":\"Article\",\"@id\":\"https:\\\/\\\/informelitoral.com.ar\\\/alerta-roja-aseguran-que-medio-pais-esta-en-peligro-por-el-estado-de-yacyreta\\\/#article\",\"isPartOf\":{\"@id\":\"https:\\\/\\\/informelitoral.com.ar\\\/alerta-roja-aseguran-que-medio-pais-esta-en-peligro-por-el-estado-de-yacyreta\\\/\"},\"author\":{\"name\":\"Gonzalo Schmidt\",\"@id\":\"https:\\\/\\\/informelitoral.com.ar\\\/#\\\/schema\\\/person\\\/b9d00407c836482871ef1d57bf8e3180\"},\"headline\":\"Alerta roja: Aseguran que medio pa\u00eds est\u00e1 en peligro por el estado de Yacyret\u00e1\",\"datePublished\":\"2016-04-27T19:32:26+00:00\",\"mainEntityOfPage\":{\"@id\":\"https:\\\/\\\/informelitoral.com.ar\\\/alerta-roja-aseguran-que-medio-pais-esta-en-peligro-por-el-estado-de-yacyreta\\\/\"},\"wordCount\":389,\"commentCount\":0,\"publisher\":{\"@id\":\"https:\\\/\\\/informelitoral.com.ar\\\/#organization\"},\"image\":{\"@id\":\"https:\\\/\\\/informelitoral.com.ar\\\/alerta-roja-aseguran-que-medio-pais-esta-en-peligro-por-el-estado-de-yacyreta\\\/#primaryimage\"},\"thumbnailUrl\":\"http:\\\/\\\/www.isletasnoticias.com.ar\\\/%77%70%2d%63%6f%6e%74%65%6e%74\\\/uploads\\\/2016\\\/04\\\/i24208-represa-yacyreta-960.jpg\",\"articleSection\":[\"Nacionales\"],\"inLanguage\":\"es\",\"potentialAction\":[{\"@type\":\"CommentAction\",\"name\":\"Comment\",\"target\":[\"https:\\\/\\\/informelitoral.com.ar\\\/alerta-roja-aseguran-que-medio-pais-esta-en-peligro-por-el-estado-de-yacyreta\\\/#respond\"]}]},{\"@type\":\"WebPage\",\"@id\":\"https:\\\/\\\/informelitoral.com.ar\\\/alerta-roja-aseguran-que-medio-pais-esta-en-peligro-por-el-estado-de-yacyreta\\\/\",\"url\":\"https:\\\/\\\/informelitoral.com.ar\\\/alerta-roja-aseguran-que-medio-pais-esta-en-peligro-por-el-estado-de-yacyreta\\\/\",\"name\":\"Alerta roja: Aseguran que medio pa\u00eds est\u00e1 en peligro por el estado de Yacyret\u00e1 - Informe Litoral\",\"isPartOf\":{\"@id\":\"https:\\\/\\\/informelitoral.com.ar\\\/#website\"},\"primaryImageOfPage\":{\"@id\":\"https:\\\/\\\/informelitoral.com.ar\\\/alerta-roja-aseguran-que-medio-pais-esta-en-peligro-por-el-estado-de-yacyreta\\\/#primaryimage\"},\"image\":{\"@id\":\"https:\\\/\\\/informelitoral.com.ar\\\/alerta-roja-aseguran-que-medio-pais-esta-en-peligro-por-el-estado-de-yacyreta\\\/#primaryimage\"},\"thumbnailUrl\":\"http:\\\/\\\/www.isletasnoticias.com.ar\\\/%77%70%2d%63%6f%6e%74%65%6e%74\\\/uploads\\\/2016\\\/04\\\/i24208-represa-yacyreta-960.jpg\",\"datePublished\":\"2016-04-27T19:32:26+00:00\",\"breadcrumb\":{\"@id\":\"https:\\\/\\\/informelitoral.com.ar\\\/alerta-roja-aseguran-que-medio-pais-esta-en-peligro-por-el-estado-de-yacyreta\\\/#breadcrumb\"},\"inLanguage\":\"es\",\"potentialAction\":[{\"@type\":\"ReadAction\",\"target\":[\"https:\\\/\\\/informelitoral.com.ar\\\/alerta-roja-aseguran-que-medio-pais-esta-en-peligro-por-el-estado-de-yacyreta\\\/\"]}]},{\"@type\":\"ImageObject\",\"inLanguage\":\"es\",\"@id\":\"https:\\\/\\\/informelitoral.com.ar\\\/alerta-roja-aseguran-que-medio-pais-esta-en-peligro-por-el-estado-de-yacyreta\\\/#primaryimage\",\"url\":\"http:\\\/\\\/www.isletasnoticias.com.ar\\\/%77%70%2d%63%6f%6e%74%65%6e%74\\\/uploads\\\/2016\\\/04\\\/i24208-represa-yacyreta-960.jpg\",\"contentUrl\":\"http:\\\/\\\/www.isletasnoticias.com.ar\\\/%77%70%2d%63%6f%6e%74%65%6e%74\\\/uploads\\\/2016\\\/04\\\/i24208-represa-yacyreta-960.jpg\"},{\"@type\":\"BreadcrumbList\",\"@id\":\"https:\\\/\\\/informelitoral.com.ar\\\/alerta-roja-aseguran-que-medio-pais-esta-en-peligro-por-el-estado-de-yacyreta\\\/#breadcrumb\",\"itemListElement\":[{\"@type\":\"ListItem\",\"position\":1,\"name\":\"Portada\",\"item\":\"https:\\\/\\\/informelitoral.com.ar\\\/\"},{\"@type\":\"ListItem\",\"position\":2,\"name\":\"Alerta roja: Aseguran que medio pa\u00eds est\u00e1 en peligro por el estado de Yacyret\u00e1\"}]},{\"@type\":\"WebSite\",\"@id\":\"https:\\\/\\\/informelitoral.com.ar\\\/#website\",\"url\":\"https:\\\/\\\/informelitoral.com.ar\\\/\",\"name\":\"Informe Litoral\",\"description\":\"&quot;Nos informamos&quot; \",\"publisher\":{\"@id\":\"https:\\\/\\\/informelitoral.com.ar\\\/#organization\"},\"potentialAction\":[{\"@type\":\"SearchAction\",\"target\":{\"@type\":\"EntryPoint\",\"urlTemplate\":\"https:\\\/\\\/informelitoral.com.ar\\\/?s={search_term_string}\"},\"query-input\":{\"@type\":\"PropertyValueSpecification\",\"valueRequired\":true,\"valueName\":\"search_term_string\"}}],\"inLanguage\":\"es\"},{\"@type\":\"Organization\",\"@id\":\"https:\\\/\\\/informelitoral.com.ar\\\/#organization\",\"name\":\"Informe Litoral\",\"url\":\"https:\\\/\\\/informelitoral.com.ar\\\/\",\"logo\":{\"@type\":\"ImageObject\",\"inLanguage\":\"es\",\"@id\":\"https:\\\/\\\/informelitoral.com.ar\\\/#\\\/schema\\\/logo\\\/image\\\/\",\"url\":\"https:\\\/\\\/informelitoral.com.ar\\\/%77%70%2d%63%6f%6e%74%65%6e%74\\\/uploads\\\/2021\\\/01\\\/circulo.png\",\"contentUrl\":\"https:\\\/\\\/informelitoral.com.ar\\\/%77%70%2d%63%6f%6e%74%65%6e%74\\\/uploads\\\/2021\\\/01\\\/circulo.png\",\"width\":723,\"height\":731,\"caption\":\"Informe Litoral\"},\"image\":{\"@id\":\"https:\\\/\\\/informelitoral.com.ar\\\/#\\\/schema\\\/logo\\\/image\\\/\"},\"sameAs\":[\"https:\\\/\\\/www.facebook.com\\\/informelitoral\\\/\",\"https:\\\/\\\/x.com\\\/InformeLitoral\",\"https:\\\/\\\/www.instagram.com\\\/informelitoral\\\/\",\"https:\\\/\\\/www.youtube.com\\\/channel\\\/UCua4Qvz8Icb6MYqhoq9xLXw\"]},{\"@type\":\"Person\",\"@id\":\"https:\\\/\\\/informelitoral.com.ar\\\/#\\\/schema\\\/person\\\/b9d00407c836482871ef1d57bf8e3180\",\"name\":\"Gonzalo Schmidt\",\"image\":{\"@type\":\"ImageObject\",\"inLanguage\":\"es\",\"@id\":\"https:\\\/\\\/secure.gravatar.com\\\/avatar\\\/31a1a7b66ff2de83bd0e9fd79d026630d2d99e55e8bfe501287647b4fd9743de?s=96&d=mm&r=g\",\"url\":\"https:\\\/\\\/secure.gravatar.com\\\/avatar\\\/31a1a7b66ff2de83bd0e9fd79d026630d2d99e55e8bfe501287647b4fd9743de?s=96&d=mm&r=g\",\"contentUrl\":\"https:\\\/\\\/secure.gravatar.com\\\/avatar\\\/31a1a7b66ff2de83bd0e9fd79d026630d2d99e55e8bfe501287647b4fd9743de?s=96&d=mm&r=g\",\"caption\":\"Gonzalo Schmidt\"},\"description\":\"Sitio web de noticias de la provincia de Entre R\u00edos, Argentina. Informaci\u00f3n y entretenimiento. Informe Litoral, nos informamos.\",\"sameAs\":[\"http:\\\/\\\/www.isletasnoticias.com.ar\"],\"url\":\"https:\\\/\\\/informelitoral.com.ar\\\/author\\\/gonzalo\\\/\"}]}<\/script>","yoast_head_json":{"title":"Alerta roja: Aseguran que medio pa\u00eds est\u00e1 en peligro por el estado de Yacyret\u00e1 - Informe Litoral","robots":{"index":"index","follow":"follow","max-snippet":"max-snippet:-1","max-image-preview":"max-image-preview:large","max-video-preview":"max-video-preview:-1"},"canonical":"https:\/\/informelitoral.com.ar\/alerta-roja-aseguran-que-medio-pais-esta-en-peligro-por-el-estado-de-yacyreta\/","og_locale":"es_ES","og_type":"article","og_title":"Alerta roja: Aseguran que medio pa\u00eds est\u00e1 en peligro por el estado de Yacyret\u00e1 - Informe Litoral","og_description":"&ldquo;No quiero causar p&aacute;nico ni miedo, pero debemos tomar las medidas necesarias para evitar lo que podr&iacute;a ser la mayor cat&aacute;strofe de nuestra historia&rdquo;, afirm&oacute; el gobernador de Corrientes. Algunos diarios digitales est&aacute;n difundiendo un supuesto comunicado del gobernador de la provincia de Corrientes, Ricardo Colombi, en el que pide &ldquo;auxilio&rdquo; al gobierno nacional, &ldquo;porque [&hellip;]","og_url":"https:\/\/informelitoral.com.ar\/alerta-roja-aseguran-que-medio-pais-esta-en-peligro-por-el-estado-de-yacyreta\/","og_site_name":"Informe Litoral","article_publisher":"https:\/\/www.facebook.com\/informelitoral\/","article_published_time":"2016-04-27T19:32:26+00:00","og_image":[{"width":631,"height":280,"url":"https:\/\/informelitoral.com.ar\/%77%70%2d%63%6f%6e%74%65%6e%74\/uploads\/2016\/04\/i24208-represa-yacyreta-960.jpg","type":"image\/jpeg"}],"author":"Gonzalo Schmidt","twitter_card":"summary_large_image","twitter_creator":"@InformeLitoral","twitter_site":"@InformeLitoral","twitter_misc":{"Escrito por":"Gonzalo Schmidt","Tiempo de lectura":"2 minutos"},"schema":{"@context":"https:\/\/schema.org","@graph":[{"@type":"Article","@id":"https:\/\/informelitoral.com.ar\/alerta-roja-aseguran-que-medio-pais-esta-en-peligro-por-el-estado-de-yacyreta\/#article","isPartOf":{"@id":"https:\/\/informelitoral.com.ar\/alerta-roja-aseguran-que-medio-pais-esta-en-peligro-por-el-estado-de-yacyreta\/"},"author":{"name":"Gonzalo Schmidt","@id":"https:\/\/informelitoral.com.ar\/#\/schema\/person\/b9d00407c836482871ef1d57bf8e3180"},"headline":"Alerta roja: Aseguran que medio pa\u00eds est\u00e1 en peligro por el estado de Yacyret\u00e1","datePublished":"2016-04-27T19:32:26+00:00","mainEntityOfPage":{"@id":"https:\/\/informelitoral.com.ar\/alerta-roja-aseguran-que-medio-pais-esta-en-peligro-por-el-estado-de-yacyreta\/"},"wordCount":389,"commentCount":0,"publisher":{"@id":"https:\/\/informelitoral.com.ar\/#organization"},"image":{"@id":"https:\/\/informelitoral.com.ar\/alerta-roja-aseguran-que-medio-pais-esta-en-peligro-por-el-estado-de-yacyreta\/#primaryimage"},"thumbnailUrl":"http:\/\/www.isletasnoticias.com.ar\/%77%70%2d%63%6f%6e%74%65%6e%74\/uploads\/2016\/04\/i24208-represa-yacyreta-960.jpg","articleSection":["Nacionales"],"inLanguage":"es","potentialAction":[{"@type":"CommentAction","name":"Comment","target":["https:\/\/informelitoral.com.ar\/alerta-roja-aseguran-que-medio-pais-esta-en-peligro-por-el-estado-de-yacyreta\/#respond"]}]},{"@type":"WebPage","@id":"https:\/\/informelitoral.com.ar\/alerta-roja-aseguran-que-medio-pais-esta-en-peligro-por-el-estado-de-yacyreta\/","url":"https:\/\/informelitoral.com.ar\/alerta-roja-aseguran-que-medio-pais-esta-en-peligro-por-el-estado-de-yacyreta\/","name":"Alerta roja: Aseguran que medio pa\u00eds est\u00e1 en peligro por el estado de Yacyret\u00e1 - Informe Litoral","isPartOf":{"@id":"https:\/\/informelitoral.com.ar\/#website"},"primaryImageOfPage":{"@id":"https:\/\/informelitoral.com.ar\/alerta-roja-aseguran-que-medio-pais-esta-en-peligro-por-el-estado-de-yacyreta\/#primaryimage"},"image":{"@id":"https:\/\/informelitoral.com.ar\/alerta-roja-aseguran-que-medio-pais-esta-en-peligro-por-el-estado-de-yacyreta\/#primaryimage"},"thumbnailUrl":"http:\/\/www.isletasnoticias.com.ar\/%77%70%2d%63%6f%6e%74%65%6e%74\/uploads\/2016\/04\/i24208-represa-yacyreta-960.jpg","datePublished":"2016-04-27T19:32:26+00:00","breadcrumb":{"@id":"https:\/\/informelitoral.com.ar\/alerta-roja-aseguran-que-medio-pais-esta-en-peligro-por-el-estado-de-yacyreta\/#breadcrumb"},"inLanguage":"es","potentialAction":[{"@type":"ReadAction","target":["https:\/\/informelitoral.com.ar\/alerta-roja-aseguran-que-medio-pais-esta-en-peligro-por-el-estado-de-yacyreta\/"]}]},{"@type":"ImageObject","inLanguage":"es","@id":"https:\/\/informelitoral.com.ar\/alerta-roja-aseguran-que-medio-pais-esta-en-peligro-por-el-estado-de-yacyreta\/#primaryimage","url":"http:\/\/www.isletasnoticias.com.ar\/%77%70%2d%63%6f%6e%74%65%6e%74\/uploads\/2016\/04\/i24208-represa-yacyreta-960.jpg","contentUrl":"http:\/\/www.isletasnoticias.com.ar\/%77%70%2d%63%6f%6e%74%65%6e%74\/uploads\/2016\/04\/i24208-represa-yacyreta-960.jpg"},{"@type":"BreadcrumbList","@id":"https:\/\/informelitoral.com.ar\/alerta-roja-aseguran-que-medio-pais-esta-en-peligro-por-el-estado-de-yacyreta\/#breadcrumb","itemListElement":[{"@type":"ListItem","position":1,"name":"Portada","item":"https:\/\/informelitoral.com.ar\/"},{"@type":"ListItem","position":2,"name":"Alerta roja: Aseguran que medio pa\u00eds est\u00e1 en peligro por el estado de Yacyret\u00e1"}]},{"@type":"WebSite","@id":"https:\/\/informelitoral.com.ar\/#website","url":"https:\/\/informelitoral.com.ar\/","name":"Informe Litoral","description":"&quot;Nos informamos&quot; ","publisher":{"@id":"https:\/\/informelitoral.com.ar\/#organization"},"potentialAction":[{"@type":"SearchAction","target":{"@type":"EntryPoint","urlTemplate":"https:\/\/informelitoral.com.ar\/?s={search_term_string}"},"query-input":{"@type":"PropertyValueSpecification","valueRequired":true,"valueName":"search_term_string"}}],"inLanguage":"es"},{"@type":"Organization","@id":"https:\/\/informelitoral.com.ar\/#organization","name":"Informe Litoral","url":"https:\/\/informelitoral.com.ar\/","logo":{"@type":"ImageObject","inLanguage":"es","@id":"https:\/\/informelitoral.com.ar\/#\/schema\/logo\/image\/","url":"https:\/\/informelitoral.com.ar\/%77%70%2d%63%6f%6e%74%65%6e%74\/uploads\/2021\/01\/circulo.png","contentUrl":"https:\/\/informelitoral.com.ar\/%77%70%2d%63%6f%6e%74%65%6e%74\/uploads\/2021\/01\/circulo.png","width":723,"height":731,"caption":"Informe Litoral"},"image":{"@id":"https:\/\/informelitoral.com.ar\/#\/schema\/logo\/image\/"},"sameAs":["https:\/\/www.facebook.com\/informelitoral\/","https:\/\/x.com\/InformeLitoral","https:\/\/www.instagram.com\/informelitoral\/","https:\/\/www.youtube.com\/channel\/UCua4Qvz8Icb6MYqhoq9xLXw"]},{"@type":"Person","@id":"https:\/\/informelitoral.com.ar\/#\/schema\/person\/b9d00407c836482871ef1d57bf8e3180","name":"Gonzalo Schmidt","image":{"@type":"ImageObject","inLanguage":"es","@id":"https:\/\/secure.gravatar.com\/avatar\/31a1a7b66ff2de83bd0e9fd79d026630d2d99e55e8bfe501287647b4fd9743de?s=96&d=mm&r=g","url":"https:\/\/secure.gravatar.com\/avatar\/31a1a7b66ff2de83bd0e9fd79d026630d2d99e55e8bfe501287647b4fd9743de?s=96&d=mm&r=g","contentUrl":"https:\/\/secure.gravatar.com\/avatar\/31a1a7b66ff2de83bd0e9fd79d026630d2d99e55e8bfe501287647b4fd9743de?s=96&d=mm&r=g","caption":"Gonzalo Schmidt"},"description":"Sitio web de noticias de la provincia de Entre R\u00edos, Argentina. Informaci\u00f3n y entretenimiento. Informe Litoral, nos informamos.","sameAs":["http:\/\/www.isletasnoticias.com.ar"],"url":"https:\/\/informelitoral.com.ar\/author\/gonzalo\/"}]}},"_links":{"self":[{"href":"https:\/\/informelitoral.com.ar\/%77%70%2d%6a%73%6f%6e\/wp\/v2\/posts\/15601","targetHints":{"allow":["GET"]}}],"collection":[{"href":"https:\/\/informelitoral.com.ar\/%77%70%2d%6a%73%6f%6e\/wp\/v2\/posts"}],"about":[{"href":"https:\/\/informelitoral.com.ar\/%77%70%2d%6a%73%6f%6e\/wp\/v2\/types\/post"}],"author":[{"embeddable":true,"href":"https:\/\/informelitoral.com.ar\/%77%70%2d%6a%73%6f%6e\/wp\/v2\/users\/2"}],"replies":[{"embeddable":true,"href":"https:\/\/informelitoral.com.ar\/%77%70%2d%6a%73%6f%6e\/wp\/v2\/comments?post=15601"}],"version-history":[{"count":0,"href":"https:\/\/informelitoral.com.ar\/%77%70%2d%6a%73%6f%6e\/wp\/v2\/posts\/15601\/revisions"}],"wp:attachment":[{"href":"https:\/\/informelitoral.com.ar\/%77%70%2d%6a%73%6f%6e\/wp\/v2\/media?parent=15601"}],"wp:term":[{"taxonomy":"category","embeddable":true,"href":"https:\/\/informelitoral.com.ar\/%77%70%2d%6a%73%6f%6e\/wp\/v2\/categories?post=15601"},{"taxonomy":"post_tag","embeddable":true,"href":"https:\/\/informelitoral.com.ar\/%77%70%2d%6a%73%6f%6e\/wp\/v2\/tags?post=15601"}],"curies":[{"name":"wp","href":"https:\/\/api.w.org\/{rel}","templated":true}]}}