{"id":15590,"date":"2016-04-27T08:21:19","date_gmt":"2016-04-27T11:21:19","guid":{"rendered":"http:\/\/www.isletasnoticias.com.ar\/?p=15590"},"modified":"2016-04-27T08:21:19","modified_gmt":"2016-04-27T11:21:19","slug":"la-devaluacion-reactivo-las-exportaciones-del-agro-pero-no-las-de-la-industria","status":"publish","type":"post","link":"https:\/\/informelitoral.com.ar\/la-devaluacion-reactivo-las-exportaciones-del-agro-pero-no-las-de-la-industria\/","title":{"rendered":"La devaluaci\u00f3n reactiv\u00f3 las exportaciones del agro pero no las de la industria"},"content":{"rendered":"<p><strong>El Indec registr\u00f3 en marzo un nuevo d\u00e9ficit comercial de USD 266 millones, pese a que las ventas al exterior crecieron 1,6% y las importaciones se contrajeron 6,6 por ciento.<a href=\"http:\/\/www.isletasnoticias.com.ar\/%77%70%2d%63%6f%6e%74%65%6e%74\/uploads\/2016\/04\/i18999-barco-exportaciones-960.jpg\" rel=\"attachment wp-att-15591\"><img loading=\"lazy\" decoding=\"async\" class=\"aligncenter wp-image-15591 size-full\" src=\"http:\/\/www.isletasnoticias.com.ar\/%77%70%2d%63%6f%6e%74%65%6e%74\/uploads\/2016\/04\/i18999-barco-exportaciones-960.jpg\" alt=\"i18999-barco-exportaciones-960\" width=\"631\" height=\"280\" srcset=\"https:\/\/informelitoral.com.ar\/%77%70%2d%63%6f%6e%74%65%6e%74\/uploads\/2016\/04\/i18999-barco-exportaciones-960.jpg 631w, https:\/\/informelitoral.com.ar\/%77%70%2d%63%6f%6e%74%65%6e%74\/uploads\/2016\/04\/i18999-barco-exportaciones-960-300x133.jpg 300w\" sizes=\"auto, (max-width: 631px) 100vw, 631px\" \/><\/a><\/strong><\/p>\n<p>De todas formas, el resultado del intercambio de bienes con el resto del mundo result\u00f3 menos deficitario que un a\u00f1o atr\u00e1s en USD 406 millones, por el fuerte impulso que adquirieron las ventas del complejo agropecuario, las cuales se elevaron 46% en los productos primarios y 17% en sus manufacturas, seg\u00fan inform\u00f3 <em>Infobae.<\/em><\/p>\n<p>Por el contrario, las exportaciones de bienes industriales y de combustibles y energ\u00eda se contrajeron 28% y 45%, en comparaci\u00f3n con el nivel de marzo de 2015. En el primer caso gravit\u00f3 la recesi\u00f3n que afecta a Brasil, porque se tradujo en menor demanda de automotores, autopartes y productos sider\u00fargicos, principalmente, mientras que en el segundo, impact\u00f3 la disminuci\u00f3n del precio del petr\u00f3leo.<\/p>\n<p>Las exportaciones alcanzaron en marzo un valor de USD 4.452 millones, mientras que las importaciones ascendieron a USD 4.719 millones.<\/p>\n<p>Cabe destacar que pese al sinceramiento cambiario, a mediados de diciembre, se mantuvieron expansivas las compras en el exterior de bienes de consumo, con un salto de 23% en cantidades y del 11% en valor, porque bajaron 9% los precios, y tambi\u00e9n de automotores un 25% en unidades y 15% en monto.<\/p>\n<p>Por el contrario, la demanda de insumos para la producci\u00f3n de bienes con agregado de valor dom\u00e9stico apenas se incrementaron 3% en cantidad y cayeron 11% en valor, y las de m\u00e1quinas y equipos subieron 7% en volumen, pero disminuyeron 16% en d\u00f3lares.<\/p>\n<p>Entre enero y marzo la balanza comercial fue deficitaria en USD381 millones; USD 803 millones menos que en similar per\u00edodo del a\u00f1o anterior, al crecer las exportaciones 2,9%; a USD 12.413 millones; mientras que las importaciones se contrajeron 3,4%, a USD12.794 millones.<\/p>\n<p>Sin duda la fuerte contracci\u00f3n del mercado brasile\u00f1o, primero en importancia en el mes fue determinante para impedir que la balanza comercial pudiera repetir un saldo superavitario como se registro en febrero.<\/p>\n","protected":false},"excerpt":{"rendered":"<p>El Indec registr&oacute; en marzo un nuevo d&eacute;ficit comercial de USD 266 millones, pese a que las ventas al exterior crecieron 1,6% y las importaciones se contrajeron 6,6 por ciento. De todas formas, el resultado del intercambio de bienes con el resto del mundo result&oacute; menos deficitario que un a&ntilde;o atr&aacute;s en USD 406 millones, [&hellip;]<\/p>\n","protected":false},"author":2,"featured_media":0,"comment_status":"open","ping_status":"open","sticky":false,"template":"","format":"standard","meta":{"fifu_image_url":"","fifu_image_alt":"","footnotes":""},"categories":[10],"tags":[],"class_list":{"0":"post-15590","1":"post","2":"type-post","3":"status-publish","4":"format-standard","6":"category-campo"},"yoast_head":"<title>La devaluaci\u00f3n reactiv\u00f3 las exportaciones del agro pero no las de la industria - Informe Litoral<\/title>\n<meta name=\"robots\" content=\"index, follow, max-snippet:-1, max-image-preview:large, max-video-preview:-1\" \/>\n<link rel=\"canonical\" href=\"https:\/\/informelitoral.com.ar\/la-devaluacion-reactivo-las-exportaciones-del-agro-pero-no-las-de-la-industria\/\" \/>\n<meta property=\"og:locale\" content=\"es_ES\" \/>\n<meta property=\"og:type\" content=\"article\" \/>\n<meta property=\"og:title\" content=\"La devaluaci\u00f3n reactiv\u00f3 las exportaciones del agro pero no las de la industria - Informe Litoral\" \/>\n<meta property=\"og:description\" content=\"El Indec registr&oacute; en marzo un nuevo d&eacute;ficit comercial de USD 266 millones, pese a que las ventas al exterior crecieron 1,6% y las importaciones se contrajeron 6,6 por ciento. De todas formas, el resultado del intercambio de bienes con el resto del mundo result&oacute; menos deficitario que un a&ntilde;o atr&aacute;s en USD 406 millones, [&hellip;]\" \/>\n<meta property=\"og:url\" content=\"https:\/\/informelitoral.com.ar\/la-devaluacion-reactivo-las-exportaciones-del-agro-pero-no-las-de-la-industria\/\" \/>\n<meta property=\"og:site_name\" content=\"Informe Litoral\" \/>\n<meta property=\"article:publisher\" content=\"https:\/\/www.facebook.com\/informelitoral\/\" \/>\n<meta property=\"article:published_time\" content=\"2016-04-27T11:21:19+00:00\" \/>\n<meta property=\"og:image\" content=\"https:\/\/informelitoral.com.ar\/%77%70%2d%63%6f%6e%74%65%6e%74\/uploads\/2016\/04\/i18999-barco-exportaciones-960.jpg\" \/>\n\t<meta property=\"og:image:width\" content=\"631\" \/>\n\t<meta property=\"og:image:height\" content=\"280\" \/>\n\t<meta property=\"og:image:type\" content=\"image\/jpeg\" \/>\n<meta name=\"author\" content=\"Gonzalo Schmidt\" \/>\n<meta name=\"twitter:card\" content=\"summary_large_image\" \/>\n<meta name=\"twitter:creator\" content=\"@InformeLitoral\" \/>\n<meta name=\"twitter:site\" content=\"@InformeLitoral\" \/>\n<meta name=\"twitter:label1\" content=\"Escrito por\" \/>\n\t<meta name=\"twitter:data1\" content=\"Gonzalo Schmidt\" \/>\n\t<meta name=\"twitter:label2\" content=\"Tiempo de lectura\" \/>\n\t<meta name=\"twitter:data2\" content=\"2 minutos\" \/>\n<script type=\"application\/ld+json\" class=\"yoast-schema-graph\">{\"@context\":\"https:\\\/\\\/schema.org\",\"@graph\":[{\"@type\":\"Article\",\"@id\":\"https:\\\/\\\/informelitoral.com.ar\\\/la-devaluacion-reactivo-las-exportaciones-del-agro-pero-no-las-de-la-industria\\\/#article\",\"isPartOf\":{\"@id\":\"https:\\\/\\\/informelitoral.com.ar\\\/la-devaluacion-reactivo-las-exportaciones-del-agro-pero-no-las-de-la-industria\\\/\"},\"author\":{\"name\":\"Gonzalo Schmidt\",\"@id\":\"https:\\\/\\\/informelitoral.com.ar\\\/#\\\/schema\\\/person\\\/b9d00407c836482871ef1d57bf8e3180\"},\"headline\":\"La devaluaci\u00f3n reactiv\u00f3 las exportaciones del agro pero no las de la industria\",\"datePublished\":\"2016-04-27T11:21:19+00:00\",\"mainEntityOfPage\":{\"@id\":\"https:\\\/\\\/informelitoral.com.ar\\\/la-devaluacion-reactivo-las-exportaciones-del-agro-pero-no-las-de-la-industria\\\/\"},\"wordCount\":344,\"commentCount\":0,\"publisher\":{\"@id\":\"https:\\\/\\\/informelitoral.com.ar\\\/#organization\"},\"image\":{\"@id\":\"https:\\\/\\\/informelitoral.com.ar\\\/la-devaluacion-reactivo-las-exportaciones-del-agro-pero-no-las-de-la-industria\\\/#primaryimage\"},\"thumbnailUrl\":\"http:\\\/\\\/www.isletasnoticias.com.ar\\\/%77%70%2d%63%6f%6e%74%65%6e%74\\\/uploads\\\/2016\\\/04\\\/i18999-barco-exportaciones-960.jpg\",\"articleSection\":[\"Campo\"],\"inLanguage\":\"es\",\"potentialAction\":[{\"@type\":\"CommentAction\",\"name\":\"Comment\",\"target\":[\"https:\\\/\\\/informelitoral.com.ar\\\/la-devaluacion-reactivo-las-exportaciones-del-agro-pero-no-las-de-la-industria\\\/#respond\"]}]},{\"@type\":\"WebPage\",\"@id\":\"https:\\\/\\\/informelitoral.com.ar\\\/la-devaluacion-reactivo-las-exportaciones-del-agro-pero-no-las-de-la-industria\\\/\",\"url\":\"https:\\\/\\\/informelitoral.com.ar\\\/la-devaluacion-reactivo-las-exportaciones-del-agro-pero-no-las-de-la-industria\\\/\",\"name\":\"La devaluaci\u00f3n reactiv\u00f3 las exportaciones del agro pero no las de la industria - Informe Litoral\",\"isPartOf\":{\"@id\":\"https:\\\/\\\/informelitoral.com.ar\\\/#website\"},\"primaryImageOfPage\":{\"@id\":\"https:\\\/\\\/informelitoral.com.ar\\\/la-devaluacion-reactivo-las-exportaciones-del-agro-pero-no-las-de-la-industria\\\/#primaryimage\"},\"image\":{\"@id\":\"https:\\\/\\\/informelitoral.com.ar\\\/la-devaluacion-reactivo-las-exportaciones-del-agro-pero-no-las-de-la-industria\\\/#primaryimage\"},\"thumbnailUrl\":\"http:\\\/\\\/www.isletasnoticias.com.ar\\\/%77%70%2d%63%6f%6e%74%65%6e%74\\\/uploads\\\/2016\\\/04\\\/i18999-barco-exportaciones-960.jpg\",\"datePublished\":\"2016-04-27T11:21:19+00:00\",\"breadcrumb\":{\"@id\":\"https:\\\/\\\/informelitoral.com.ar\\\/la-devaluacion-reactivo-las-exportaciones-del-agro-pero-no-las-de-la-industria\\\/#breadcrumb\"},\"inLanguage\":\"es\",\"potentialAction\":[{\"@type\":\"ReadAction\",\"target\":[\"https:\\\/\\\/informelitoral.com.ar\\\/la-devaluacion-reactivo-las-exportaciones-del-agro-pero-no-las-de-la-industria\\\/\"]}]},{\"@type\":\"ImageObject\",\"inLanguage\":\"es\",\"@id\":\"https:\\\/\\\/informelitoral.com.ar\\\/la-devaluacion-reactivo-las-exportaciones-del-agro-pero-no-las-de-la-industria\\\/#primaryimage\",\"url\":\"http:\\\/\\\/www.isletasnoticias.com.ar\\\/%77%70%2d%63%6f%6e%74%65%6e%74\\\/uploads\\\/2016\\\/04\\\/i18999-barco-exportaciones-960.jpg\",\"contentUrl\":\"http:\\\/\\\/www.isletasnoticias.com.ar\\\/%77%70%2d%63%6f%6e%74%65%6e%74\\\/uploads\\\/2016\\\/04\\\/i18999-barco-exportaciones-960.jpg\"},{\"@type\":\"BreadcrumbList\",\"@id\":\"https:\\\/\\\/informelitoral.com.ar\\\/la-devaluacion-reactivo-las-exportaciones-del-agro-pero-no-las-de-la-industria\\\/#breadcrumb\",\"itemListElement\":[{\"@type\":\"ListItem\",\"position\":1,\"name\":\"Portada\",\"item\":\"https:\\\/\\\/informelitoral.com.ar\\\/\"},{\"@type\":\"ListItem\",\"position\":2,\"name\":\"La devaluaci\u00f3n reactiv\u00f3 las exportaciones del agro pero no las de la industria\"}]},{\"@type\":\"WebSite\",\"@id\":\"https:\\\/\\\/informelitoral.com.ar\\\/#website\",\"url\":\"https:\\\/\\\/informelitoral.com.ar\\\/\",\"name\":\"Informe Litoral\",\"description\":\"&quot;Nos informamos&quot; \",\"publisher\":{\"@id\":\"https:\\\/\\\/informelitoral.com.ar\\\/#organization\"},\"potentialAction\":[{\"@type\":\"SearchAction\",\"target\":{\"@type\":\"EntryPoint\",\"urlTemplate\":\"https:\\\/\\\/informelitoral.com.ar\\\/?s={search_term_string}\"},\"query-input\":{\"@type\":\"PropertyValueSpecification\",\"valueRequired\":true,\"valueName\":\"search_term_string\"}}],\"inLanguage\":\"es\"},{\"@type\":\"Organization\",\"@id\":\"https:\\\/\\\/informelitoral.com.ar\\\/#organization\",\"name\":\"Informe Litoral\",\"url\":\"https:\\\/\\\/informelitoral.com.ar\\\/\",\"logo\":{\"@type\":\"ImageObject\",\"inLanguage\":\"es\",\"@id\":\"https:\\\/\\\/informelitoral.com.ar\\\/#\\\/schema\\\/logo\\\/image\\\/\",\"url\":\"https:\\\/\\\/informelitoral.com.ar\\\/%77%70%2d%63%6f%6e%74%65%6e%74\\\/uploads\\\/2021\\\/01\\\/circulo.png\",\"contentUrl\":\"https:\\\/\\\/informelitoral.com.ar\\\/%77%70%2d%63%6f%6e%74%65%6e%74\\\/uploads\\\/2021\\\/01\\\/circulo.png\",\"width\":723,\"height\":731,\"caption\":\"Informe Litoral\"},\"image\":{\"@id\":\"https:\\\/\\\/informelitoral.com.ar\\\/#\\\/schema\\\/logo\\\/image\\\/\"},\"sameAs\":[\"https:\\\/\\\/www.facebook.com\\\/informelitoral\\\/\",\"https:\\\/\\\/x.com\\\/InformeLitoral\",\"https:\\\/\\\/www.instagram.com\\\/informelitoral\\\/\",\"https:\\\/\\\/www.youtube.com\\\/channel\\\/UCua4Qvz8Icb6MYqhoq9xLXw\"]},{\"@type\":\"Person\",\"@id\":\"https:\\\/\\\/informelitoral.com.ar\\\/#\\\/schema\\\/person\\\/b9d00407c836482871ef1d57bf8e3180\",\"name\":\"Gonzalo Schmidt\",\"image\":{\"@type\":\"ImageObject\",\"inLanguage\":\"es\",\"@id\":\"https:\\\/\\\/secure.gravatar.com\\\/avatar\\\/31a1a7b66ff2de83bd0e9fd79d026630d2d99e55e8bfe501287647b4fd9743de?s=96&d=mm&r=g\",\"url\":\"https:\\\/\\\/secure.gravatar.com\\\/avatar\\\/31a1a7b66ff2de83bd0e9fd79d026630d2d99e55e8bfe501287647b4fd9743de?s=96&d=mm&r=g\",\"contentUrl\":\"https:\\\/\\\/secure.gravatar.com\\\/avatar\\\/31a1a7b66ff2de83bd0e9fd79d026630d2d99e55e8bfe501287647b4fd9743de?s=96&d=mm&r=g\",\"caption\":\"Gonzalo Schmidt\"},\"description\":\"Sitio web de noticias de la provincia de Entre R\u00edos, Argentina. Informaci\u00f3n y entretenimiento. Informe Litoral, nos informamos.\",\"sameAs\":[\"http:\\\/\\\/www.isletasnoticias.com.ar\"],\"url\":\"https:\\\/\\\/informelitoral.com.ar\\\/author\\\/gonzalo\\\/\"}]}<\/script>","yoast_head_json":{"title":"La devaluaci\u00f3n reactiv\u00f3 las exportaciones del agro pero no las de la industria - Informe Litoral","robots":{"index":"index","follow":"follow","max-snippet":"max-snippet:-1","max-image-preview":"max-image-preview:large","max-video-preview":"max-video-preview:-1"},"canonical":"https:\/\/informelitoral.com.ar\/la-devaluacion-reactivo-las-exportaciones-del-agro-pero-no-las-de-la-industria\/","og_locale":"es_ES","og_type":"article","og_title":"La devaluaci\u00f3n reactiv\u00f3 las exportaciones del agro pero no las de la industria - Informe Litoral","og_description":"El Indec registr&oacute; en marzo un nuevo d&eacute;ficit comercial de USD 266 millones, pese a que las ventas al exterior crecieron 1,6% y las importaciones se contrajeron 6,6 por ciento. De todas formas, el resultado del intercambio de bienes con el resto del mundo result&oacute; menos deficitario que un a&ntilde;o atr&aacute;s en USD 406 millones, [&hellip;]","og_url":"https:\/\/informelitoral.com.ar\/la-devaluacion-reactivo-las-exportaciones-del-agro-pero-no-las-de-la-industria\/","og_site_name":"Informe Litoral","article_publisher":"https:\/\/www.facebook.com\/informelitoral\/","article_published_time":"2016-04-27T11:21:19+00:00","og_image":[{"width":631,"height":280,"url":"https:\/\/informelitoral.com.ar\/%77%70%2d%63%6f%6e%74%65%6e%74\/uploads\/2016\/04\/i18999-barco-exportaciones-960.jpg","type":"image\/jpeg"}],"author":"Gonzalo Schmidt","twitter_card":"summary_large_image","twitter_creator":"@InformeLitoral","twitter_site":"@InformeLitoral","twitter_misc":{"Escrito por":"Gonzalo Schmidt","Tiempo de lectura":"2 minutos"},"schema":{"@context":"https:\/\/schema.org","@graph":[{"@type":"Article","@id":"https:\/\/informelitoral.com.ar\/la-devaluacion-reactivo-las-exportaciones-del-agro-pero-no-las-de-la-industria\/#article","isPartOf":{"@id":"https:\/\/informelitoral.com.ar\/la-devaluacion-reactivo-las-exportaciones-del-agro-pero-no-las-de-la-industria\/"},"author":{"name":"Gonzalo Schmidt","@id":"https:\/\/informelitoral.com.ar\/#\/schema\/person\/b9d00407c836482871ef1d57bf8e3180"},"headline":"La devaluaci\u00f3n reactiv\u00f3 las exportaciones del agro pero no las de la industria","datePublished":"2016-04-27T11:21:19+00:00","mainEntityOfPage":{"@id":"https:\/\/informelitoral.com.ar\/la-devaluacion-reactivo-las-exportaciones-del-agro-pero-no-las-de-la-industria\/"},"wordCount":344,"commentCount":0,"publisher":{"@id":"https:\/\/informelitoral.com.ar\/#organization"},"image":{"@id":"https:\/\/informelitoral.com.ar\/la-devaluacion-reactivo-las-exportaciones-del-agro-pero-no-las-de-la-industria\/#primaryimage"},"thumbnailUrl":"http:\/\/www.isletasnoticias.com.ar\/%77%70%2d%63%6f%6e%74%65%6e%74\/uploads\/2016\/04\/i18999-barco-exportaciones-960.jpg","articleSection":["Campo"],"inLanguage":"es","potentialAction":[{"@type":"CommentAction","name":"Comment","target":["https:\/\/informelitoral.com.ar\/la-devaluacion-reactivo-las-exportaciones-del-agro-pero-no-las-de-la-industria\/#respond"]}]},{"@type":"WebPage","@id":"https:\/\/informelitoral.com.ar\/la-devaluacion-reactivo-las-exportaciones-del-agro-pero-no-las-de-la-industria\/","url":"https:\/\/informelitoral.com.ar\/la-devaluacion-reactivo-las-exportaciones-del-agro-pero-no-las-de-la-industria\/","name":"La devaluaci\u00f3n reactiv\u00f3 las exportaciones del agro pero no las de la industria - Informe Litoral","isPartOf":{"@id":"https:\/\/informelitoral.com.ar\/#website"},"primaryImageOfPage":{"@id":"https:\/\/informelitoral.com.ar\/la-devaluacion-reactivo-las-exportaciones-del-agro-pero-no-las-de-la-industria\/#primaryimage"},"image":{"@id":"https:\/\/informelitoral.com.ar\/la-devaluacion-reactivo-las-exportaciones-del-agro-pero-no-las-de-la-industria\/#primaryimage"},"thumbnailUrl":"http:\/\/www.isletasnoticias.com.ar\/%77%70%2d%63%6f%6e%74%65%6e%74\/uploads\/2016\/04\/i18999-barco-exportaciones-960.jpg","datePublished":"2016-04-27T11:21:19+00:00","breadcrumb":{"@id":"https:\/\/informelitoral.com.ar\/la-devaluacion-reactivo-las-exportaciones-del-agro-pero-no-las-de-la-industria\/#breadcrumb"},"inLanguage":"es","potentialAction":[{"@type":"ReadAction","target":["https:\/\/informelitoral.com.ar\/la-devaluacion-reactivo-las-exportaciones-del-agro-pero-no-las-de-la-industria\/"]}]},{"@type":"ImageObject","inLanguage":"es","@id":"https:\/\/informelitoral.com.ar\/la-devaluacion-reactivo-las-exportaciones-del-agro-pero-no-las-de-la-industria\/#primaryimage","url":"http:\/\/www.isletasnoticias.com.ar\/%77%70%2d%63%6f%6e%74%65%6e%74\/uploads\/2016\/04\/i18999-barco-exportaciones-960.jpg","contentUrl":"http:\/\/www.isletasnoticias.com.ar\/%77%70%2d%63%6f%6e%74%65%6e%74\/uploads\/2016\/04\/i18999-barco-exportaciones-960.jpg"},{"@type":"BreadcrumbList","@id":"https:\/\/informelitoral.com.ar\/la-devaluacion-reactivo-las-exportaciones-del-agro-pero-no-las-de-la-industria\/#breadcrumb","itemListElement":[{"@type":"ListItem","position":1,"name":"Portada","item":"https:\/\/informelitoral.com.ar\/"},{"@type":"ListItem","position":2,"name":"La devaluaci\u00f3n reactiv\u00f3 las exportaciones del agro pero no las de la industria"}]},{"@type":"WebSite","@id":"https:\/\/informelitoral.com.ar\/#website","url":"https:\/\/informelitoral.com.ar\/","name":"Informe Litoral","description":"&quot;Nos informamos&quot; ","publisher":{"@id":"https:\/\/informelitoral.com.ar\/#organization"},"potentialAction":[{"@type":"SearchAction","target":{"@type":"EntryPoint","urlTemplate":"https:\/\/informelitoral.com.ar\/?s={search_term_string}"},"query-input":{"@type":"PropertyValueSpecification","valueRequired":true,"valueName":"search_term_string"}}],"inLanguage":"es"},{"@type":"Organization","@id":"https:\/\/informelitoral.com.ar\/#organization","name":"Informe Litoral","url":"https:\/\/informelitoral.com.ar\/","logo":{"@type":"ImageObject","inLanguage":"es","@id":"https:\/\/informelitoral.com.ar\/#\/schema\/logo\/image\/","url":"https:\/\/informelitoral.com.ar\/%77%70%2d%63%6f%6e%74%65%6e%74\/uploads\/2021\/01\/circulo.png","contentUrl":"https:\/\/informelitoral.com.ar\/%77%70%2d%63%6f%6e%74%65%6e%74\/uploads\/2021\/01\/circulo.png","width":723,"height":731,"caption":"Informe Litoral"},"image":{"@id":"https:\/\/informelitoral.com.ar\/#\/schema\/logo\/image\/"},"sameAs":["https:\/\/www.facebook.com\/informelitoral\/","https:\/\/x.com\/InformeLitoral","https:\/\/www.instagram.com\/informelitoral\/","https:\/\/www.youtube.com\/channel\/UCua4Qvz8Icb6MYqhoq9xLXw"]},{"@type":"Person","@id":"https:\/\/informelitoral.com.ar\/#\/schema\/person\/b9d00407c836482871ef1d57bf8e3180","name":"Gonzalo Schmidt","image":{"@type":"ImageObject","inLanguage":"es","@id":"https:\/\/secure.gravatar.com\/avatar\/31a1a7b66ff2de83bd0e9fd79d026630d2d99e55e8bfe501287647b4fd9743de?s=96&d=mm&r=g","url":"https:\/\/secure.gravatar.com\/avatar\/31a1a7b66ff2de83bd0e9fd79d026630d2d99e55e8bfe501287647b4fd9743de?s=96&d=mm&r=g","contentUrl":"https:\/\/secure.gravatar.com\/avatar\/31a1a7b66ff2de83bd0e9fd79d026630d2d99e55e8bfe501287647b4fd9743de?s=96&d=mm&r=g","caption":"Gonzalo Schmidt"},"description":"Sitio web de noticias de la provincia de Entre R\u00edos, Argentina. Informaci\u00f3n y entretenimiento. Informe Litoral, nos informamos.","sameAs":["http:\/\/www.isletasnoticias.com.ar"],"url":"https:\/\/informelitoral.com.ar\/author\/gonzalo\/"}]}},"_links":{"self":[{"href":"https:\/\/informelitoral.com.ar\/%77%70%2d%6a%73%6f%6e\/wp\/v2\/posts\/15590","targetHints":{"allow":["GET"]}}],"collection":[{"href":"https:\/\/informelitoral.com.ar\/%77%70%2d%6a%73%6f%6e\/wp\/v2\/posts"}],"about":[{"href":"https:\/\/informelitoral.com.ar\/%77%70%2d%6a%73%6f%6e\/wp\/v2\/types\/post"}],"author":[{"embeddable":true,"href":"https:\/\/informelitoral.com.ar\/%77%70%2d%6a%73%6f%6e\/wp\/v2\/users\/2"}],"replies":[{"embeddable":true,"href":"https:\/\/informelitoral.com.ar\/%77%70%2d%6a%73%6f%6e\/wp\/v2\/comments?post=15590"}],"version-history":[{"count":0,"href":"https:\/\/informelitoral.com.ar\/%77%70%2d%6a%73%6f%6e\/wp\/v2\/posts\/15590\/revisions"}],"wp:attachment":[{"href":"https:\/\/informelitoral.com.ar\/%77%70%2d%6a%73%6f%6e\/wp\/v2\/media?parent=15590"}],"wp:term":[{"taxonomy":"category","embeddable":true,"href":"https:\/\/informelitoral.com.ar\/%77%70%2d%6a%73%6f%6e\/wp\/v2\/categories?post=15590"},{"taxonomy":"post_tag","embeddable":true,"href":"https:\/\/informelitoral.com.ar\/%77%70%2d%6a%73%6f%6e\/wp\/v2\/tags?post=15590"}],"curies":[{"name":"wp","href":"https:\/\/api.w.org\/{rel}","templated":true}]}}