{"id":15584,"date":"2016-04-26T15:33:27","date_gmt":"2016-04-26T18:33:27","guid":{"rendered":"http:\/\/www.isletasnoticias.com.ar\/?p=15584"},"modified":"2016-04-26T15:33:27","modified_gmt":"2016-04-26T18:33:27","slug":"modificaran-la-ley-de-municipios-y-los-ediles-tendran-mas-poder","status":"publish","type":"post","link":"https:\/\/informelitoral.com.ar\/modificaran-la-ley-de-municipios-y-los-ediles-tendran-mas-poder\/","title":{"rendered":"Modificar\u00e1n la ley de municipios y los ediles tendr\u00e1n m\u00e1s poder"},"content":{"rendered":"<div class=\"bajada\"><strong>El oficialismo en el Senado present\u00f3 un proyecto que restringe los plazos de respuesta de presidentes municipales ante pedidos de informes de concejales. Asimismo, se habilita que un mismo edil vote dos veces en casos de empate.<a href=\"http:\/\/www.isletasnoticias.com.ar\/%77%70%2d%63%6f%6e%74%65%6e%74\/uploads\/2016\/04\/o_1461693365.jpg\" rel=\"attachment wp-att-15585\"><img loading=\"lazy\" decoding=\"async\" class=\"aligncenter wp-image-15585 size-full\" src=\"http:\/\/www.isletasnoticias.com.ar\/%77%70%2d%63%6f%6e%74%65%6e%74\/uploads\/2016\/04\/o_1461693365.jpg\" alt=\"o_1461693365\" width=\"640\" height=\"360\" srcset=\"https:\/\/informelitoral.com.ar\/%77%70%2d%63%6f%6e%74%65%6e%74\/uploads\/2016\/04\/o_1461693365.jpg 640w, https:\/\/informelitoral.com.ar\/%77%70%2d%63%6f%6e%74%65%6e%74\/uploads\/2016\/04\/o_1461693365-300x169.jpg 300w\" sizes=\"auto, (max-width: 640px) 100vw, 640px\" \/><\/a><\/strong><\/div>\n<div class=\"bajada\">Los senadores de la Comisi\u00f3n de Asuntos Municipales abordaron el proyecto de Ley de <strong>Lucas Larrarte<\/strong> (San Salvador) por el que se modificar\u00eda el art\u00edculo 91 y se incorporar\u00eda el art\u00edculo 93 bis a la Ley N\u00ba 10.027, conocida como \u00abde Municipios\u00bb en lo concerniente a \u00abfacultades de los concejales\u201d.<\/div>\n<div class=\"bajada\">\nEstuvieron <strong>Pablo Canali<\/strong> (Col\u00f3n), <strong>Angel Giano<\/strong> (Concordia) y el autor de la iniciativa por el Frente para la victoria y <strong>Roque Ferrari<\/strong> (Victoria), <strong>H\u00e9ctor Blanco<\/strong> (Tala) y <strong>Rogelio Schild<\/strong> (Diamante) por Cambiemos y quedaron en reunirse nuevamente en 15 d\u00edas para evaluar, mientras tanto, \u00absi hay otros art\u00edculos de la ley que requieran de algunas modificaciones\u00bb, indica el comunicado enviado.<\/p>\n<p><b>Pedidos al intendente<\/b><br \/>\nLa primera parte de la propuesta limita los requisitos para elevar pedidos de informes a los intendentes -ya que ahora alcanzar\u00eda con la presentaci\u00f3n de un s\u00f3lo edil- as\u00ed como el tiempo del que disponen \u00e9stos para \u00abevacuar la solicitud\u00bb, pasando de 90 a 60 el tope de d\u00edas.<\/p>\n<p>Se establecer\u00eda que \u00abel Concejo Deliberante, por iniciativa de cualquiera de sus concejales, podr\u00e1 solicitar al Departamento Ejecutivo, en cualquier \u00e9poca del a\u00f1o, los datos, informes o explicaciones que sean necesarios para el mejor desempe\u00f1o de sus funciones, los que deber\u00e1n ser suministrados por escrito o verbalmente por el Presidente Municipal, en un plazo m\u00e1ximo de sesenta (60) d\u00edas\u201d.<\/p>\n<p><b>Garant\u00eda de mayor\u00eda<\/b><br \/>\nEl 93 bis, en tanto, permitir\u00eda que un concejal pueda votar dos veces cuando deba reemplazar al viceintendente local en la presidencia del Cuerpo legislativo; es decir, como concejal de su bloque y como presidente provisorio. \u00abEl Vicepresidente primero o el Vicepresidente segundo en ejercicio de la presidencia del Concejo Deliberante por ausencia del Vicepresidente Municipal tendr\u00e1 voz y voto, en virtud de su car\u00e1cter de Concejal, y, sin perjuicio de las facultades conferidas en su car\u00e1cter de Presidente del Concejo Deliberante, de votar en caso de empate\u00bb.<\/p>\n<p>Este inciso de la iniciativa es una manera de asegurarse siempre la mayor\u00eda. Emula, a nivel municipal, lo que el proyecto impulsado por el senador Giano propone para la C\u00e1mara Alta provincial; esto es, que \u201ccuando la sesi\u00f3n es presidida por un senador, \u00e9ste vota en todos los casos desde la presidencia como senador y, adem\u00e1s, en caso de empate, como presidente\u201d.<em>\u00a0(Informe Digital)<\/em><\/div>\n","protected":false},"excerpt":{"rendered":"<p>El oficialismo en el Senado present&oacute; un proyecto que restringe los plazos de respuesta de presidentes municipales ante pedidos de informes de concejales. Asimismo, se habilita que un mismo edil vote dos veces en casos de empate. Los senadores de la Comisi&oacute;n de Asuntos Municipales abordaron el proyecto de Ley de Lucas Larrarte (San Salvador) [&hellip;]<\/p>\n","protected":false},"author":2,"featured_media":0,"comment_status":"open","ping_status":"open","sticky":false,"template":"","format":"standard","meta":{"fifu_image_url":"","fifu_image_alt":"","footnotes":""},"categories":[6,16],"tags":[],"class_list":{"0":"post-15584","1":"post","2":"type-post","3":"status-publish","4":"format-standard","6":"category-entre-rios","7":"category-politi"},"yoast_head":"<title>Modificar\u00e1n la ley de municipios y los ediles tendr\u00e1n m\u00e1s poder - Informe Litoral<\/title>\n<meta name=\"robots\" content=\"index, follow, max-snippet:-1, max-image-preview:large, max-video-preview:-1\" \/>\n<link rel=\"canonical\" href=\"https:\/\/informelitoral.com.ar\/modificaran-la-ley-de-municipios-y-los-ediles-tendran-mas-poder\/\" \/>\n<meta property=\"og:locale\" content=\"es_ES\" \/>\n<meta property=\"og:type\" content=\"article\" \/>\n<meta property=\"og:title\" content=\"Modificar\u00e1n la ley de municipios y los ediles tendr\u00e1n m\u00e1s poder - Informe Litoral\" \/>\n<meta property=\"og:description\" content=\"El oficialismo en el Senado present&oacute; un proyecto que restringe los plazos de respuesta de presidentes municipales ante pedidos de informes de concejales. Asimismo, se habilita que un mismo edil vote dos veces en casos de empate. Los senadores de la Comisi&oacute;n de Asuntos Municipales abordaron el proyecto de Ley de Lucas Larrarte (San Salvador) [&hellip;]\" \/>\n<meta property=\"og:url\" content=\"https:\/\/informelitoral.com.ar\/modificaran-la-ley-de-municipios-y-los-ediles-tendran-mas-poder\/\" \/>\n<meta property=\"og:site_name\" content=\"Informe Litoral\" \/>\n<meta property=\"article:publisher\" content=\"https:\/\/www.facebook.com\/informelitoral\/\" \/>\n<meta property=\"article:published_time\" content=\"2016-04-26T18:33:27+00:00\" \/>\n<meta property=\"og:image\" content=\"https:\/\/informelitoral.com.ar\/%77%70%2d%63%6f%6e%74%65%6e%74\/uploads\/2016\/04\/o_1461693365.jpg\" \/>\n\t<meta property=\"og:image:width\" content=\"640\" \/>\n\t<meta property=\"og:image:height\" content=\"360\" \/>\n\t<meta property=\"og:image:type\" content=\"image\/jpeg\" \/>\n<meta name=\"author\" content=\"Gonzalo Schmidt\" \/>\n<meta name=\"twitter:card\" content=\"summary_large_image\" \/>\n<meta name=\"twitter:creator\" content=\"@InformeLitoral\" \/>\n<meta name=\"twitter:site\" content=\"@InformeLitoral\" \/>\n<meta name=\"twitter:label1\" content=\"Escrito por\" \/>\n\t<meta name=\"twitter:data1\" content=\"Gonzalo Schmidt\" \/>\n\t<meta name=\"twitter:label2\" content=\"Tiempo de lectura\" \/>\n\t<meta name=\"twitter:data2\" content=\"2 minutos\" \/>\n<script type=\"application\/ld+json\" class=\"yoast-schema-graph\">{\"@context\":\"https:\\\/\\\/schema.org\",\"@graph\":[{\"@type\":\"Article\",\"@id\":\"https:\\\/\\\/informelitoral.com.ar\\\/modificaran-la-ley-de-municipios-y-los-ediles-tendran-mas-poder\\\/#article\",\"isPartOf\":{\"@id\":\"https:\\\/\\\/informelitoral.com.ar\\\/modificaran-la-ley-de-municipios-y-los-ediles-tendran-mas-poder\\\/\"},\"author\":{\"name\":\"Gonzalo Schmidt\",\"@id\":\"https:\\\/\\\/informelitoral.com.ar\\\/#\\\/schema\\\/person\\\/b9d00407c836482871ef1d57bf8e3180\"},\"headline\":\"Modificar\u00e1n la ley de municipios y los ediles tendr\u00e1n m\u00e1s poder\",\"datePublished\":\"2016-04-26T18:33:27+00:00\",\"mainEntityOfPage\":{\"@id\":\"https:\\\/\\\/informelitoral.com.ar\\\/modificaran-la-ley-de-municipios-y-los-ediles-tendran-mas-poder\\\/\"},\"wordCount\":447,\"commentCount\":0,\"publisher\":{\"@id\":\"https:\\\/\\\/informelitoral.com.ar\\\/#organization\"},\"image\":{\"@id\":\"https:\\\/\\\/informelitoral.com.ar\\\/modificaran-la-ley-de-municipios-y-los-ediles-tendran-mas-poder\\\/#primaryimage\"},\"thumbnailUrl\":\"http:\\\/\\\/www.isletasnoticias.com.ar\\\/%77%70%2d%63%6f%6e%74%65%6e%74\\\/uploads\\\/2016\\\/04\\\/o_1461693365.jpg\",\"articleSection\":[\"Entre R\u00edos\",\"Politica\"],\"inLanguage\":\"es\",\"potentialAction\":[{\"@type\":\"CommentAction\",\"name\":\"Comment\",\"target\":[\"https:\\\/\\\/informelitoral.com.ar\\\/modificaran-la-ley-de-municipios-y-los-ediles-tendran-mas-poder\\\/#respond\"]}]},{\"@type\":\"WebPage\",\"@id\":\"https:\\\/\\\/informelitoral.com.ar\\\/modificaran-la-ley-de-municipios-y-los-ediles-tendran-mas-poder\\\/\",\"url\":\"https:\\\/\\\/informelitoral.com.ar\\\/modificaran-la-ley-de-municipios-y-los-ediles-tendran-mas-poder\\\/\",\"name\":\"Modificar\u00e1n la ley de municipios y los ediles tendr\u00e1n m\u00e1s poder - Informe Litoral\",\"isPartOf\":{\"@id\":\"https:\\\/\\\/informelitoral.com.ar\\\/#website\"},\"primaryImageOfPage\":{\"@id\":\"https:\\\/\\\/informelitoral.com.ar\\\/modificaran-la-ley-de-municipios-y-los-ediles-tendran-mas-poder\\\/#primaryimage\"},\"image\":{\"@id\":\"https:\\\/\\\/informelitoral.com.ar\\\/modificaran-la-ley-de-municipios-y-los-ediles-tendran-mas-poder\\\/#primaryimage\"},\"thumbnailUrl\":\"http:\\\/\\\/www.isletasnoticias.com.ar\\\/%77%70%2d%63%6f%6e%74%65%6e%74\\\/uploads\\\/2016\\\/04\\\/o_1461693365.jpg\",\"datePublished\":\"2016-04-26T18:33:27+00:00\",\"breadcrumb\":{\"@id\":\"https:\\\/\\\/informelitoral.com.ar\\\/modificaran-la-ley-de-municipios-y-los-ediles-tendran-mas-poder\\\/#breadcrumb\"},\"inLanguage\":\"es\",\"potentialAction\":[{\"@type\":\"ReadAction\",\"target\":[\"https:\\\/\\\/informelitoral.com.ar\\\/modificaran-la-ley-de-municipios-y-los-ediles-tendran-mas-poder\\\/\"]}]},{\"@type\":\"ImageObject\",\"inLanguage\":\"es\",\"@id\":\"https:\\\/\\\/informelitoral.com.ar\\\/modificaran-la-ley-de-municipios-y-los-ediles-tendran-mas-poder\\\/#primaryimage\",\"url\":\"http:\\\/\\\/www.isletasnoticias.com.ar\\\/%77%70%2d%63%6f%6e%74%65%6e%74\\\/uploads\\\/2016\\\/04\\\/o_1461693365.jpg\",\"contentUrl\":\"http:\\\/\\\/www.isletasnoticias.com.ar\\\/%77%70%2d%63%6f%6e%74%65%6e%74\\\/uploads\\\/2016\\\/04\\\/o_1461693365.jpg\"},{\"@type\":\"BreadcrumbList\",\"@id\":\"https:\\\/\\\/informelitoral.com.ar\\\/modificaran-la-ley-de-municipios-y-los-ediles-tendran-mas-poder\\\/#breadcrumb\",\"itemListElement\":[{\"@type\":\"ListItem\",\"position\":1,\"name\":\"Portada\",\"item\":\"https:\\\/\\\/informelitoral.com.ar\\\/\"},{\"@type\":\"ListItem\",\"position\":2,\"name\":\"Modificar\u00e1n la ley de municipios y los ediles tendr\u00e1n m\u00e1s poder\"}]},{\"@type\":\"WebSite\",\"@id\":\"https:\\\/\\\/informelitoral.com.ar\\\/#website\",\"url\":\"https:\\\/\\\/informelitoral.com.ar\\\/\",\"name\":\"Informe Litoral\",\"description\":\"&quot;Nos informamos&quot; \",\"publisher\":{\"@id\":\"https:\\\/\\\/informelitoral.com.ar\\\/#organization\"},\"potentialAction\":[{\"@type\":\"SearchAction\",\"target\":{\"@type\":\"EntryPoint\",\"urlTemplate\":\"https:\\\/\\\/informelitoral.com.ar\\\/?s={search_term_string}\"},\"query-input\":{\"@type\":\"PropertyValueSpecification\",\"valueRequired\":true,\"valueName\":\"search_term_string\"}}],\"inLanguage\":\"es\"},{\"@type\":\"Organization\",\"@id\":\"https:\\\/\\\/informelitoral.com.ar\\\/#organization\",\"name\":\"Informe Litoral\",\"url\":\"https:\\\/\\\/informelitoral.com.ar\\\/\",\"logo\":{\"@type\":\"ImageObject\",\"inLanguage\":\"es\",\"@id\":\"https:\\\/\\\/informelitoral.com.ar\\\/#\\\/schema\\\/logo\\\/image\\\/\",\"url\":\"https:\\\/\\\/informelitoral.com.ar\\\/%77%70%2d%63%6f%6e%74%65%6e%74\\\/uploads\\\/2021\\\/01\\\/circulo.png\",\"contentUrl\":\"https:\\\/\\\/informelitoral.com.ar\\\/%77%70%2d%63%6f%6e%74%65%6e%74\\\/uploads\\\/2021\\\/01\\\/circulo.png\",\"width\":723,\"height\":731,\"caption\":\"Informe Litoral\"},\"image\":{\"@id\":\"https:\\\/\\\/informelitoral.com.ar\\\/#\\\/schema\\\/logo\\\/image\\\/\"},\"sameAs\":[\"https:\\\/\\\/www.facebook.com\\\/informelitoral\\\/\",\"https:\\\/\\\/x.com\\\/InformeLitoral\",\"https:\\\/\\\/www.instagram.com\\\/informelitoral\\\/\",\"https:\\\/\\\/www.youtube.com\\\/channel\\\/UCua4Qvz8Icb6MYqhoq9xLXw\"]},{\"@type\":\"Person\",\"@id\":\"https:\\\/\\\/informelitoral.com.ar\\\/#\\\/schema\\\/person\\\/b9d00407c836482871ef1d57bf8e3180\",\"name\":\"Gonzalo Schmidt\",\"image\":{\"@type\":\"ImageObject\",\"inLanguage\":\"es\",\"@id\":\"https:\\\/\\\/secure.gravatar.com\\\/avatar\\\/31a1a7b66ff2de83bd0e9fd79d026630d2d99e55e8bfe501287647b4fd9743de?s=96&d=mm&r=g\",\"url\":\"https:\\\/\\\/secure.gravatar.com\\\/avatar\\\/31a1a7b66ff2de83bd0e9fd79d026630d2d99e55e8bfe501287647b4fd9743de?s=96&d=mm&r=g\",\"contentUrl\":\"https:\\\/\\\/secure.gravatar.com\\\/avatar\\\/31a1a7b66ff2de83bd0e9fd79d026630d2d99e55e8bfe501287647b4fd9743de?s=96&d=mm&r=g\",\"caption\":\"Gonzalo Schmidt\"},\"description\":\"Sitio web de noticias de la provincia de Entre R\u00edos, Argentina. Informaci\u00f3n y entretenimiento. Informe Litoral, nos informamos.\",\"sameAs\":[\"http:\\\/\\\/www.isletasnoticias.com.ar\"],\"url\":\"https:\\\/\\\/informelitoral.com.ar\\\/author\\\/gonzalo\\\/\"}]}<\/script>","yoast_head_json":{"title":"Modificar\u00e1n la ley de municipios y los ediles tendr\u00e1n m\u00e1s poder - Informe Litoral","robots":{"index":"index","follow":"follow","max-snippet":"max-snippet:-1","max-image-preview":"max-image-preview:large","max-video-preview":"max-video-preview:-1"},"canonical":"https:\/\/informelitoral.com.ar\/modificaran-la-ley-de-municipios-y-los-ediles-tendran-mas-poder\/","og_locale":"es_ES","og_type":"article","og_title":"Modificar\u00e1n la ley de municipios y los ediles tendr\u00e1n m\u00e1s poder - Informe Litoral","og_description":"El oficialismo en el Senado present&oacute; un proyecto que restringe los plazos de respuesta de presidentes municipales ante pedidos de informes de concejales. Asimismo, se habilita que un mismo edil vote dos veces en casos de empate. Los senadores de la Comisi&oacute;n de Asuntos Municipales abordaron el proyecto de Ley de Lucas Larrarte (San Salvador) [&hellip;]","og_url":"https:\/\/informelitoral.com.ar\/modificaran-la-ley-de-municipios-y-los-ediles-tendran-mas-poder\/","og_site_name":"Informe Litoral","article_publisher":"https:\/\/www.facebook.com\/informelitoral\/","article_published_time":"2016-04-26T18:33:27+00:00","og_image":[{"width":640,"height":360,"url":"https:\/\/informelitoral.com.ar\/%77%70%2d%63%6f%6e%74%65%6e%74\/uploads\/2016\/04\/o_1461693365.jpg","type":"image\/jpeg"}],"author":"Gonzalo Schmidt","twitter_card":"summary_large_image","twitter_creator":"@InformeLitoral","twitter_site":"@InformeLitoral","twitter_misc":{"Escrito por":"Gonzalo Schmidt","Tiempo de lectura":"2 minutos"},"schema":{"@context":"https:\/\/schema.org","@graph":[{"@type":"Article","@id":"https:\/\/informelitoral.com.ar\/modificaran-la-ley-de-municipios-y-los-ediles-tendran-mas-poder\/#article","isPartOf":{"@id":"https:\/\/informelitoral.com.ar\/modificaran-la-ley-de-municipios-y-los-ediles-tendran-mas-poder\/"},"author":{"name":"Gonzalo Schmidt","@id":"https:\/\/informelitoral.com.ar\/#\/schema\/person\/b9d00407c836482871ef1d57bf8e3180"},"headline":"Modificar\u00e1n la ley de municipios y los ediles tendr\u00e1n m\u00e1s poder","datePublished":"2016-04-26T18:33:27+00:00","mainEntityOfPage":{"@id":"https:\/\/informelitoral.com.ar\/modificaran-la-ley-de-municipios-y-los-ediles-tendran-mas-poder\/"},"wordCount":447,"commentCount":0,"publisher":{"@id":"https:\/\/informelitoral.com.ar\/#organization"},"image":{"@id":"https:\/\/informelitoral.com.ar\/modificaran-la-ley-de-municipios-y-los-ediles-tendran-mas-poder\/#primaryimage"},"thumbnailUrl":"http:\/\/www.isletasnoticias.com.ar\/%77%70%2d%63%6f%6e%74%65%6e%74\/uploads\/2016\/04\/o_1461693365.jpg","articleSection":["Entre R\u00edos","Politica"],"inLanguage":"es","potentialAction":[{"@type":"CommentAction","name":"Comment","target":["https:\/\/informelitoral.com.ar\/modificaran-la-ley-de-municipios-y-los-ediles-tendran-mas-poder\/#respond"]}]},{"@type":"WebPage","@id":"https:\/\/informelitoral.com.ar\/modificaran-la-ley-de-municipios-y-los-ediles-tendran-mas-poder\/","url":"https:\/\/informelitoral.com.ar\/modificaran-la-ley-de-municipios-y-los-ediles-tendran-mas-poder\/","name":"Modificar\u00e1n la ley de municipios y los ediles tendr\u00e1n m\u00e1s poder - Informe Litoral","isPartOf":{"@id":"https:\/\/informelitoral.com.ar\/#website"},"primaryImageOfPage":{"@id":"https:\/\/informelitoral.com.ar\/modificaran-la-ley-de-municipios-y-los-ediles-tendran-mas-poder\/#primaryimage"},"image":{"@id":"https:\/\/informelitoral.com.ar\/modificaran-la-ley-de-municipios-y-los-ediles-tendran-mas-poder\/#primaryimage"},"thumbnailUrl":"http:\/\/www.isletasnoticias.com.ar\/%77%70%2d%63%6f%6e%74%65%6e%74\/uploads\/2016\/04\/o_1461693365.jpg","datePublished":"2016-04-26T18:33:27+00:00","breadcrumb":{"@id":"https:\/\/informelitoral.com.ar\/modificaran-la-ley-de-municipios-y-los-ediles-tendran-mas-poder\/#breadcrumb"},"inLanguage":"es","potentialAction":[{"@type":"ReadAction","target":["https:\/\/informelitoral.com.ar\/modificaran-la-ley-de-municipios-y-los-ediles-tendran-mas-poder\/"]}]},{"@type":"ImageObject","inLanguage":"es","@id":"https:\/\/informelitoral.com.ar\/modificaran-la-ley-de-municipios-y-los-ediles-tendran-mas-poder\/#primaryimage","url":"http:\/\/www.isletasnoticias.com.ar\/%77%70%2d%63%6f%6e%74%65%6e%74\/uploads\/2016\/04\/o_1461693365.jpg","contentUrl":"http:\/\/www.isletasnoticias.com.ar\/%77%70%2d%63%6f%6e%74%65%6e%74\/uploads\/2016\/04\/o_1461693365.jpg"},{"@type":"BreadcrumbList","@id":"https:\/\/informelitoral.com.ar\/modificaran-la-ley-de-municipios-y-los-ediles-tendran-mas-poder\/#breadcrumb","itemListElement":[{"@type":"ListItem","position":1,"name":"Portada","item":"https:\/\/informelitoral.com.ar\/"},{"@type":"ListItem","position":2,"name":"Modificar\u00e1n la ley de municipios y los ediles tendr\u00e1n m\u00e1s poder"}]},{"@type":"WebSite","@id":"https:\/\/informelitoral.com.ar\/#website","url":"https:\/\/informelitoral.com.ar\/","name":"Informe Litoral","description":"&quot;Nos informamos&quot; ","publisher":{"@id":"https:\/\/informelitoral.com.ar\/#organization"},"potentialAction":[{"@type":"SearchAction","target":{"@type":"EntryPoint","urlTemplate":"https:\/\/informelitoral.com.ar\/?s={search_term_string}"},"query-input":{"@type":"PropertyValueSpecification","valueRequired":true,"valueName":"search_term_string"}}],"inLanguage":"es"},{"@type":"Organization","@id":"https:\/\/informelitoral.com.ar\/#organization","name":"Informe Litoral","url":"https:\/\/informelitoral.com.ar\/","logo":{"@type":"ImageObject","inLanguage":"es","@id":"https:\/\/informelitoral.com.ar\/#\/schema\/logo\/image\/","url":"https:\/\/informelitoral.com.ar\/%77%70%2d%63%6f%6e%74%65%6e%74\/uploads\/2021\/01\/circulo.png","contentUrl":"https:\/\/informelitoral.com.ar\/%77%70%2d%63%6f%6e%74%65%6e%74\/uploads\/2021\/01\/circulo.png","width":723,"height":731,"caption":"Informe Litoral"},"image":{"@id":"https:\/\/informelitoral.com.ar\/#\/schema\/logo\/image\/"},"sameAs":["https:\/\/www.facebook.com\/informelitoral\/","https:\/\/x.com\/InformeLitoral","https:\/\/www.instagram.com\/informelitoral\/","https:\/\/www.youtube.com\/channel\/UCua4Qvz8Icb6MYqhoq9xLXw"]},{"@type":"Person","@id":"https:\/\/informelitoral.com.ar\/#\/schema\/person\/b9d00407c836482871ef1d57bf8e3180","name":"Gonzalo Schmidt","image":{"@type":"ImageObject","inLanguage":"es","@id":"https:\/\/secure.gravatar.com\/avatar\/31a1a7b66ff2de83bd0e9fd79d026630d2d99e55e8bfe501287647b4fd9743de?s=96&d=mm&r=g","url":"https:\/\/secure.gravatar.com\/avatar\/31a1a7b66ff2de83bd0e9fd79d026630d2d99e55e8bfe501287647b4fd9743de?s=96&d=mm&r=g","contentUrl":"https:\/\/secure.gravatar.com\/avatar\/31a1a7b66ff2de83bd0e9fd79d026630d2d99e55e8bfe501287647b4fd9743de?s=96&d=mm&r=g","caption":"Gonzalo Schmidt"},"description":"Sitio web de noticias de la provincia de Entre R\u00edos, Argentina. Informaci\u00f3n y entretenimiento. Informe Litoral, nos informamos.","sameAs":["http:\/\/www.isletasnoticias.com.ar"],"url":"https:\/\/informelitoral.com.ar\/author\/gonzalo\/"}]}},"_links":{"self":[{"href":"https:\/\/informelitoral.com.ar\/%77%70%2d%6a%73%6f%6e\/wp\/v2\/posts\/15584","targetHints":{"allow":["GET"]}}],"collection":[{"href":"https:\/\/informelitoral.com.ar\/%77%70%2d%6a%73%6f%6e\/wp\/v2\/posts"}],"about":[{"href":"https:\/\/informelitoral.com.ar\/%77%70%2d%6a%73%6f%6e\/wp\/v2\/types\/post"}],"author":[{"embeddable":true,"href":"https:\/\/informelitoral.com.ar\/%77%70%2d%6a%73%6f%6e\/wp\/v2\/users\/2"}],"replies":[{"embeddable":true,"href":"https:\/\/informelitoral.com.ar\/%77%70%2d%6a%73%6f%6e\/wp\/v2\/comments?post=15584"}],"version-history":[{"count":0,"href":"https:\/\/informelitoral.com.ar\/%77%70%2d%6a%73%6f%6e\/wp\/v2\/posts\/15584\/revisions"}],"wp:attachment":[{"href":"https:\/\/informelitoral.com.ar\/%77%70%2d%6a%73%6f%6e\/wp\/v2\/media?parent=15584"}],"wp:term":[{"taxonomy":"category","embeddable":true,"href":"https:\/\/informelitoral.com.ar\/%77%70%2d%6a%73%6f%6e\/wp\/v2\/categories?post=15584"},{"taxonomy":"post_tag","embeddable":true,"href":"https:\/\/informelitoral.com.ar\/%77%70%2d%6a%73%6f%6e\/wp\/v2\/tags?post=15584"}],"curies":[{"name":"wp","href":"https:\/\/api.w.org\/{rel}","templated":true}]}}