{"id":15575,"date":"2016-04-26T15:09:04","date_gmt":"2016-04-26T18:09:04","guid":{"rendered":"http:\/\/www.isletasnoticias.com.ar\/?p=15575"},"modified":"2016-04-26T15:09:04","modified_gmt":"2016-04-26T18:09:04","slug":"productores-en-alerta-por-las-importaciones-de-fruta","status":"publish","type":"post","link":"https:\/\/informelitoral.com.ar\/productores-en-alerta-por-las-importaciones-de-fruta\/","title":{"rendered":"Productores en alerta por las importaciones de fruta"},"content":{"rendered":"<p><strong>Llegan naranjas, kiwis y manzanas de otros pa\u00edses. Las licencias de importaci\u00f3n demoran 48 horas.<a href=\"http:\/\/www.isletasnoticias.com.ar\/%77%70%2d%63%6f%6e%74%65%6e%74\/uploads\/2016\/04\/i21443-ledesma-naranjas-960.jpg\" rel=\"attachment wp-att-15576\"><img loading=\"lazy\" decoding=\"async\" class=\"aligncenter wp-image-15576 size-full\" src=\"http:\/\/www.isletasnoticias.com.ar\/%77%70%2d%63%6f%6e%74%65%6e%74\/uploads\/2016\/04\/i21443-ledesma-naranjas-960.jpg\" alt=\"i21443-ledesma-naranjas-960\" width=\"631\" height=\"280\" srcset=\"https:\/\/informelitoral.com.ar\/%77%70%2d%63%6f%6e%74%65%6e%74\/uploads\/2016\/04\/i21443-ledesma-naranjas-960.jpg 631w, https:\/\/informelitoral.com.ar\/%77%70%2d%63%6f%6e%74%65%6e%74\/uploads\/2016\/04\/i21443-ledesma-naranjas-960-300x133.jpg 300w\" sizes=\"auto, (max-width: 631px) 100vw, 631px\" \/><\/a><\/strong><\/p>\n<p>Desde hace ya unas semanas se observa en las g\u00f3ndolas de la regi\u00f3n frutas provenientes de otros pa\u00edses. En los supermercados de Santa Fe, la Capital Federal y el cord\u00f3n norte del conurbano bonaerense esta foto es todav\u00eda m\u00e1s pronunciada: naranjas de M\u00e9xico y Espa\u00f1a; kiwis, carozos y manzanas de Chile; pi\u00f1as de Centroam\u00e9rica, y tropicales de Brasil son s\u00f3lo algunas de las especies que el consumidor argentino puede demandar dentro de la canasta de productos minoristas. Hasta hace poco era com\u00fan ver algunas importadas, pero esa canasta se ampli\u00f3 sobre todo en los \u00faltimos d\u00edas. Son varias las empresas que comenzaron a importar frutas para colocarlas en el mercado interno local, cosa que hasta fines del a\u00f1o pasado sonaba casi impensable.<\/p>\n<p>Seg\u00fan consigna<em> El Diario R\u00edo Negro,<\/em> este nuevo escenario se da por dos causas bien definidas. La primera de ellas porque las licencias de importaci\u00f3n en la actualidad se autorizan en menos de 48 horas. Con el gobierno anterior quedaban dormidas en los cajones de los escritorios de la Secretar\u00eda de Comercio sin salir de ellos durante a\u00f1os.<\/p>\n<p>En segunda instancia, por la falta de c\u00edtricos \u2013consecuencia de los problemas meteorol\u00f3gicos que est\u00e1n sufriendo el NEA y el NOA\u2013 existe un desabastecimiento de naranjas en todo el mercado local. La poca fruta que hay para vender tiene precios exorbitantes y con el ingreso de la oferta importada los comercios buscan regularizar esta situaci\u00f3n.<\/p>\n<p>\u00abNosotros estamos importando naranjas de Espa\u00f1a a trav\u00e9s de un acuerdo con un supermercado para que esa fruta pueda ser vendida en la regi\u00f3n\u00bb, confi\u00f3 un importante empresario del Valle que prefiri\u00f3 mantenerse en el anonimato al ser consultado por el tema.<\/p>\n<p>Con las manzanas pasa lo mismo pero, por ahora, en menor medida. Para la mayor parte de los ejecutivos regionales consultados, la ola de importaciones podr\u00eda llegar a partir del segundo semestre del a\u00f1o, cuando la fruta de poca calidad ya no est\u00e9 en el mercado. \u00abAlmacenada hoy en las c\u00e1maras frigor\u00edficas hay un 30% menos de manzana roja respecto del a\u00f1o anterior. Pero existe mucha fruta de mala calidad que todav\u00eda est\u00e1 tirando los precios en el mercado a la baja\u00bb, confi\u00f3 la fuente. Una vez terminada de vender esta \u00faltima manzana, los vol\u00famenes de buena calidad son bajos y estos tendr\u00e1n precios en g\u00f3ndola muy superiores a los actuales.<\/p>\n<p>Hoy un kilo de manzana de alta calidad en los supermercados porte\u00f1os llega a cotizar hasta 60 pesos. Un valor r\u00e9cord relacionado con cualquier variable hist\u00f3rica que se quiera tomar. Pero esta oferta representa el 20% del total de la especie que hay colocada en el mercado. El resto de la manzana se la puede encontrar por debajo de los 40 pesos por kilo. Lo parad\u00f3jico es que, en este mismo contexto, el productor no integrado recibi\u00f3 en marzo por su cosecha algo m\u00e1s de 2 pesos por kilo de manzana.<\/p>\n<p>Ya ingresaron varios camiones provenientes de Chile para ser colocados en el mercado de Rosario. Los precios al p\u00fablico de esa manzana se ubicar\u00edan por debajo de los 40 pesos por kilo. Grandes cadenas de supermercados est\u00e1n negociando con la industria del vecino pa\u00eds para hacer importaciones masivas de frutas a partir de mayo, que es cuando se proyecta que las mermas se har\u00e1n sentir en las g\u00f3ndolas, reprodujo <em>Infocampo.<\/em><\/p>\n<p>\u00abSomos conscientes de esta posibilidad. Es por ello que estamos solicitando desde la C\u00e1mara al gobierno nacional que, de la misma manera que se exigen valores referenciales para la exportaci\u00f3n de nuestros productos, tambi\u00e9n se soliciten para aquellos que llegan importados\u00bb, destac\u00f3 Marcelo Loyarte, gerente de la CAFI. El ejecutivo coincide en se\u00f1alar que en el segundo semestre se ver\u00e1 la competencia de la manzana importada en nuestro mercado y eso podr\u00eda complicar a la industria local.<\/p>\n","protected":false},"excerpt":{"rendered":"<p>Llegan naranjas, kiwis y manzanas de otros pa&iacute;ses. Las licencias de importaci&oacute;n demoran 48 horas. Desde hace ya unas semanas se observa en las g&oacute;ndolas de la regi&oacute;n frutas provenientes de otros pa&iacute;ses. En los supermercados de Santa Fe, la Capital Federal y el cord&oacute;n norte del conurbano bonaerense esta foto es todav&iacute;a m&aacute;s pronunciada: [&hellip;]<\/p>\n","protected":false},"author":2,"featured_media":0,"comment_status":"open","ping_status":"open","sticky":false,"template":"","format":"standard","meta":{"fifu_image_url":"","fifu_image_alt":"","footnotes":""},"categories":[10],"tags":[],"class_list":{"0":"post-15575","1":"post","2":"type-post","3":"status-publish","4":"format-standard","6":"category-campo"},"yoast_head":"<title>Productores en alerta por las importaciones de fruta - Informe Litoral<\/title>\n<meta name=\"robots\" content=\"index, follow, max-snippet:-1, max-image-preview:large, max-video-preview:-1\" \/>\n<link rel=\"canonical\" href=\"https:\/\/informelitoral.com.ar\/productores-en-alerta-por-las-importaciones-de-fruta\/\" \/>\n<meta property=\"og:locale\" content=\"es_ES\" \/>\n<meta property=\"og:type\" content=\"article\" \/>\n<meta property=\"og:title\" content=\"Productores en alerta por las importaciones de fruta - Informe Litoral\" \/>\n<meta property=\"og:description\" content=\"Llegan naranjas, kiwis y manzanas de otros pa&iacute;ses. Las licencias de importaci&oacute;n demoran 48 horas. Desde hace ya unas semanas se observa en las g&oacute;ndolas de la regi&oacute;n frutas provenientes de otros pa&iacute;ses. En los supermercados de Santa Fe, la Capital Federal y el cord&oacute;n norte del conurbano bonaerense esta foto es todav&iacute;a m&aacute;s pronunciada: [&hellip;]\" \/>\n<meta property=\"og:url\" content=\"https:\/\/informelitoral.com.ar\/productores-en-alerta-por-las-importaciones-de-fruta\/\" \/>\n<meta property=\"og:site_name\" content=\"Informe Litoral\" \/>\n<meta property=\"article:publisher\" content=\"https:\/\/www.facebook.com\/informelitoral\/\" \/>\n<meta property=\"article:published_time\" content=\"2016-04-26T18:09:04+00:00\" \/>\n<meta property=\"og:image\" content=\"https:\/\/informelitoral.com.ar\/%77%70%2d%63%6f%6e%74%65%6e%74\/uploads\/2016\/04\/i21443-ledesma-naranjas-960.jpg\" \/>\n\t<meta property=\"og:image:width\" content=\"631\" \/>\n\t<meta property=\"og:image:height\" content=\"280\" \/>\n\t<meta property=\"og:image:type\" content=\"image\/jpeg\" \/>\n<meta name=\"author\" content=\"Gonzalo Schmidt\" \/>\n<meta name=\"twitter:card\" content=\"summary_large_image\" \/>\n<meta name=\"twitter:creator\" content=\"@InformeLitoral\" \/>\n<meta name=\"twitter:site\" content=\"@InformeLitoral\" \/>\n<meta name=\"twitter:label1\" content=\"Escrito por\" \/>\n\t<meta name=\"twitter:data1\" content=\"Gonzalo Schmidt\" \/>\n\t<meta name=\"twitter:label2\" content=\"Tiempo de lectura\" \/>\n\t<meta name=\"twitter:data2\" content=\"3 minutos\" \/>\n<script type=\"application\/ld+json\" class=\"yoast-schema-graph\">{\"@context\":\"https:\\\/\\\/schema.org\",\"@graph\":[{\"@type\":\"Article\",\"@id\":\"https:\\\/\\\/informelitoral.com.ar\\\/productores-en-alerta-por-las-importaciones-de-fruta\\\/#article\",\"isPartOf\":{\"@id\":\"https:\\\/\\\/informelitoral.com.ar\\\/productores-en-alerta-por-las-importaciones-de-fruta\\\/\"},\"author\":{\"name\":\"Gonzalo Schmidt\",\"@id\":\"https:\\\/\\\/informelitoral.com.ar\\\/#\\\/schema\\\/person\\\/b9d00407c836482871ef1d57bf8e3180\"},\"headline\":\"Productores en alerta por las importaciones de fruta\",\"datePublished\":\"2016-04-26T18:09:04+00:00\",\"mainEntityOfPage\":{\"@id\":\"https:\\\/\\\/informelitoral.com.ar\\\/productores-en-alerta-por-las-importaciones-de-fruta\\\/\"},\"wordCount\":694,\"commentCount\":0,\"publisher\":{\"@id\":\"https:\\\/\\\/informelitoral.com.ar\\\/#organization\"},\"image\":{\"@id\":\"https:\\\/\\\/informelitoral.com.ar\\\/productores-en-alerta-por-las-importaciones-de-fruta\\\/#primaryimage\"},\"thumbnailUrl\":\"http:\\\/\\\/www.isletasnoticias.com.ar\\\/%77%70%2d%63%6f%6e%74%65%6e%74\\\/uploads\\\/2016\\\/04\\\/i21443-ledesma-naranjas-960.jpg\",\"articleSection\":[\"Campo\"],\"inLanguage\":\"es\",\"potentialAction\":[{\"@type\":\"CommentAction\",\"name\":\"Comment\",\"target\":[\"https:\\\/\\\/informelitoral.com.ar\\\/productores-en-alerta-por-las-importaciones-de-fruta\\\/#respond\"]}]},{\"@type\":\"WebPage\",\"@id\":\"https:\\\/\\\/informelitoral.com.ar\\\/productores-en-alerta-por-las-importaciones-de-fruta\\\/\",\"url\":\"https:\\\/\\\/informelitoral.com.ar\\\/productores-en-alerta-por-las-importaciones-de-fruta\\\/\",\"name\":\"Productores en alerta por las importaciones de fruta - Informe Litoral\",\"isPartOf\":{\"@id\":\"https:\\\/\\\/informelitoral.com.ar\\\/#website\"},\"primaryImageOfPage\":{\"@id\":\"https:\\\/\\\/informelitoral.com.ar\\\/productores-en-alerta-por-las-importaciones-de-fruta\\\/#primaryimage\"},\"image\":{\"@id\":\"https:\\\/\\\/informelitoral.com.ar\\\/productores-en-alerta-por-las-importaciones-de-fruta\\\/#primaryimage\"},\"thumbnailUrl\":\"http:\\\/\\\/www.isletasnoticias.com.ar\\\/%77%70%2d%63%6f%6e%74%65%6e%74\\\/uploads\\\/2016\\\/04\\\/i21443-ledesma-naranjas-960.jpg\",\"datePublished\":\"2016-04-26T18:09:04+00:00\",\"breadcrumb\":{\"@id\":\"https:\\\/\\\/informelitoral.com.ar\\\/productores-en-alerta-por-las-importaciones-de-fruta\\\/#breadcrumb\"},\"inLanguage\":\"es\",\"potentialAction\":[{\"@type\":\"ReadAction\",\"target\":[\"https:\\\/\\\/informelitoral.com.ar\\\/productores-en-alerta-por-las-importaciones-de-fruta\\\/\"]}]},{\"@type\":\"ImageObject\",\"inLanguage\":\"es\",\"@id\":\"https:\\\/\\\/informelitoral.com.ar\\\/productores-en-alerta-por-las-importaciones-de-fruta\\\/#primaryimage\",\"url\":\"http:\\\/\\\/www.isletasnoticias.com.ar\\\/%77%70%2d%63%6f%6e%74%65%6e%74\\\/uploads\\\/2016\\\/04\\\/i21443-ledesma-naranjas-960.jpg\",\"contentUrl\":\"http:\\\/\\\/www.isletasnoticias.com.ar\\\/%77%70%2d%63%6f%6e%74%65%6e%74\\\/uploads\\\/2016\\\/04\\\/i21443-ledesma-naranjas-960.jpg\"},{\"@type\":\"BreadcrumbList\",\"@id\":\"https:\\\/\\\/informelitoral.com.ar\\\/productores-en-alerta-por-las-importaciones-de-fruta\\\/#breadcrumb\",\"itemListElement\":[{\"@type\":\"ListItem\",\"position\":1,\"name\":\"Portada\",\"item\":\"https:\\\/\\\/informelitoral.com.ar\\\/\"},{\"@type\":\"ListItem\",\"position\":2,\"name\":\"Productores en alerta por las importaciones de fruta\"}]},{\"@type\":\"WebSite\",\"@id\":\"https:\\\/\\\/informelitoral.com.ar\\\/#website\",\"url\":\"https:\\\/\\\/informelitoral.com.ar\\\/\",\"name\":\"Informe Litoral\",\"description\":\"&quot;Nos informamos&quot; \",\"publisher\":{\"@id\":\"https:\\\/\\\/informelitoral.com.ar\\\/#organization\"},\"potentialAction\":[{\"@type\":\"SearchAction\",\"target\":{\"@type\":\"EntryPoint\",\"urlTemplate\":\"https:\\\/\\\/informelitoral.com.ar\\\/?s={search_term_string}\"},\"query-input\":{\"@type\":\"PropertyValueSpecification\",\"valueRequired\":true,\"valueName\":\"search_term_string\"}}],\"inLanguage\":\"es\"},{\"@type\":\"Organization\",\"@id\":\"https:\\\/\\\/informelitoral.com.ar\\\/#organization\",\"name\":\"Informe Litoral\",\"url\":\"https:\\\/\\\/informelitoral.com.ar\\\/\",\"logo\":{\"@type\":\"ImageObject\",\"inLanguage\":\"es\",\"@id\":\"https:\\\/\\\/informelitoral.com.ar\\\/#\\\/schema\\\/logo\\\/image\\\/\",\"url\":\"https:\\\/\\\/informelitoral.com.ar\\\/%77%70%2d%63%6f%6e%74%65%6e%74\\\/uploads\\\/2021\\\/01\\\/circulo.png\",\"contentUrl\":\"https:\\\/\\\/informelitoral.com.ar\\\/%77%70%2d%63%6f%6e%74%65%6e%74\\\/uploads\\\/2021\\\/01\\\/circulo.png\",\"width\":723,\"height\":731,\"caption\":\"Informe Litoral\"},\"image\":{\"@id\":\"https:\\\/\\\/informelitoral.com.ar\\\/#\\\/schema\\\/logo\\\/image\\\/\"},\"sameAs\":[\"https:\\\/\\\/www.facebook.com\\\/informelitoral\\\/\",\"https:\\\/\\\/x.com\\\/InformeLitoral\",\"https:\\\/\\\/www.instagram.com\\\/informelitoral\\\/\",\"https:\\\/\\\/www.youtube.com\\\/channel\\\/UCua4Qvz8Icb6MYqhoq9xLXw\"]},{\"@type\":\"Person\",\"@id\":\"https:\\\/\\\/informelitoral.com.ar\\\/#\\\/schema\\\/person\\\/b9d00407c836482871ef1d57bf8e3180\",\"name\":\"Gonzalo Schmidt\",\"image\":{\"@type\":\"ImageObject\",\"inLanguage\":\"es\",\"@id\":\"https:\\\/\\\/secure.gravatar.com\\\/avatar\\\/31a1a7b66ff2de83bd0e9fd79d026630d2d99e55e8bfe501287647b4fd9743de?s=96&d=mm&r=g\",\"url\":\"https:\\\/\\\/secure.gravatar.com\\\/avatar\\\/31a1a7b66ff2de83bd0e9fd79d026630d2d99e55e8bfe501287647b4fd9743de?s=96&d=mm&r=g\",\"contentUrl\":\"https:\\\/\\\/secure.gravatar.com\\\/avatar\\\/31a1a7b66ff2de83bd0e9fd79d026630d2d99e55e8bfe501287647b4fd9743de?s=96&d=mm&r=g\",\"caption\":\"Gonzalo Schmidt\"},\"description\":\"Sitio web de noticias de la provincia de Entre R\u00edos, Argentina. Informaci\u00f3n y entretenimiento. Informe Litoral, nos informamos.\",\"sameAs\":[\"http:\\\/\\\/www.isletasnoticias.com.ar\"],\"url\":\"https:\\\/\\\/informelitoral.com.ar\\\/author\\\/gonzalo\\\/\"}]}<\/script>","yoast_head_json":{"title":"Productores en alerta por las importaciones de fruta - Informe Litoral","robots":{"index":"index","follow":"follow","max-snippet":"max-snippet:-1","max-image-preview":"max-image-preview:large","max-video-preview":"max-video-preview:-1"},"canonical":"https:\/\/informelitoral.com.ar\/productores-en-alerta-por-las-importaciones-de-fruta\/","og_locale":"es_ES","og_type":"article","og_title":"Productores en alerta por las importaciones de fruta - Informe Litoral","og_description":"Llegan naranjas, kiwis y manzanas de otros pa&iacute;ses. Las licencias de importaci&oacute;n demoran 48 horas. Desde hace ya unas semanas se observa en las g&oacute;ndolas de la regi&oacute;n frutas provenientes de otros pa&iacute;ses. En los supermercados de Santa Fe, la Capital Federal y el cord&oacute;n norte del conurbano bonaerense esta foto es todav&iacute;a m&aacute;s pronunciada: [&hellip;]","og_url":"https:\/\/informelitoral.com.ar\/productores-en-alerta-por-las-importaciones-de-fruta\/","og_site_name":"Informe Litoral","article_publisher":"https:\/\/www.facebook.com\/informelitoral\/","article_published_time":"2016-04-26T18:09:04+00:00","og_image":[{"width":631,"height":280,"url":"https:\/\/informelitoral.com.ar\/%77%70%2d%63%6f%6e%74%65%6e%74\/uploads\/2016\/04\/i21443-ledesma-naranjas-960.jpg","type":"image\/jpeg"}],"author":"Gonzalo Schmidt","twitter_card":"summary_large_image","twitter_creator":"@InformeLitoral","twitter_site":"@InformeLitoral","twitter_misc":{"Escrito por":"Gonzalo Schmidt","Tiempo de lectura":"3 minutos"},"schema":{"@context":"https:\/\/schema.org","@graph":[{"@type":"Article","@id":"https:\/\/informelitoral.com.ar\/productores-en-alerta-por-las-importaciones-de-fruta\/#article","isPartOf":{"@id":"https:\/\/informelitoral.com.ar\/productores-en-alerta-por-las-importaciones-de-fruta\/"},"author":{"name":"Gonzalo Schmidt","@id":"https:\/\/informelitoral.com.ar\/#\/schema\/person\/b9d00407c836482871ef1d57bf8e3180"},"headline":"Productores en alerta por las importaciones de fruta","datePublished":"2016-04-26T18:09:04+00:00","mainEntityOfPage":{"@id":"https:\/\/informelitoral.com.ar\/productores-en-alerta-por-las-importaciones-de-fruta\/"},"wordCount":694,"commentCount":0,"publisher":{"@id":"https:\/\/informelitoral.com.ar\/#organization"},"image":{"@id":"https:\/\/informelitoral.com.ar\/productores-en-alerta-por-las-importaciones-de-fruta\/#primaryimage"},"thumbnailUrl":"http:\/\/www.isletasnoticias.com.ar\/%77%70%2d%63%6f%6e%74%65%6e%74\/uploads\/2016\/04\/i21443-ledesma-naranjas-960.jpg","articleSection":["Campo"],"inLanguage":"es","potentialAction":[{"@type":"CommentAction","name":"Comment","target":["https:\/\/informelitoral.com.ar\/productores-en-alerta-por-las-importaciones-de-fruta\/#respond"]}]},{"@type":"WebPage","@id":"https:\/\/informelitoral.com.ar\/productores-en-alerta-por-las-importaciones-de-fruta\/","url":"https:\/\/informelitoral.com.ar\/productores-en-alerta-por-las-importaciones-de-fruta\/","name":"Productores en alerta por las importaciones de fruta - Informe Litoral","isPartOf":{"@id":"https:\/\/informelitoral.com.ar\/#website"},"primaryImageOfPage":{"@id":"https:\/\/informelitoral.com.ar\/productores-en-alerta-por-las-importaciones-de-fruta\/#primaryimage"},"image":{"@id":"https:\/\/informelitoral.com.ar\/productores-en-alerta-por-las-importaciones-de-fruta\/#primaryimage"},"thumbnailUrl":"http:\/\/www.isletasnoticias.com.ar\/%77%70%2d%63%6f%6e%74%65%6e%74\/uploads\/2016\/04\/i21443-ledesma-naranjas-960.jpg","datePublished":"2016-04-26T18:09:04+00:00","breadcrumb":{"@id":"https:\/\/informelitoral.com.ar\/productores-en-alerta-por-las-importaciones-de-fruta\/#breadcrumb"},"inLanguage":"es","potentialAction":[{"@type":"ReadAction","target":["https:\/\/informelitoral.com.ar\/productores-en-alerta-por-las-importaciones-de-fruta\/"]}]},{"@type":"ImageObject","inLanguage":"es","@id":"https:\/\/informelitoral.com.ar\/productores-en-alerta-por-las-importaciones-de-fruta\/#primaryimage","url":"http:\/\/www.isletasnoticias.com.ar\/%77%70%2d%63%6f%6e%74%65%6e%74\/uploads\/2016\/04\/i21443-ledesma-naranjas-960.jpg","contentUrl":"http:\/\/www.isletasnoticias.com.ar\/%77%70%2d%63%6f%6e%74%65%6e%74\/uploads\/2016\/04\/i21443-ledesma-naranjas-960.jpg"},{"@type":"BreadcrumbList","@id":"https:\/\/informelitoral.com.ar\/productores-en-alerta-por-las-importaciones-de-fruta\/#breadcrumb","itemListElement":[{"@type":"ListItem","position":1,"name":"Portada","item":"https:\/\/informelitoral.com.ar\/"},{"@type":"ListItem","position":2,"name":"Productores en alerta por las importaciones de fruta"}]},{"@type":"WebSite","@id":"https:\/\/informelitoral.com.ar\/#website","url":"https:\/\/informelitoral.com.ar\/","name":"Informe Litoral","description":"&quot;Nos informamos&quot; ","publisher":{"@id":"https:\/\/informelitoral.com.ar\/#organization"},"potentialAction":[{"@type":"SearchAction","target":{"@type":"EntryPoint","urlTemplate":"https:\/\/informelitoral.com.ar\/?s={search_term_string}"},"query-input":{"@type":"PropertyValueSpecification","valueRequired":true,"valueName":"search_term_string"}}],"inLanguage":"es"},{"@type":"Organization","@id":"https:\/\/informelitoral.com.ar\/#organization","name":"Informe Litoral","url":"https:\/\/informelitoral.com.ar\/","logo":{"@type":"ImageObject","inLanguage":"es","@id":"https:\/\/informelitoral.com.ar\/#\/schema\/logo\/image\/","url":"https:\/\/informelitoral.com.ar\/%77%70%2d%63%6f%6e%74%65%6e%74\/uploads\/2021\/01\/circulo.png","contentUrl":"https:\/\/informelitoral.com.ar\/%77%70%2d%63%6f%6e%74%65%6e%74\/uploads\/2021\/01\/circulo.png","width":723,"height":731,"caption":"Informe Litoral"},"image":{"@id":"https:\/\/informelitoral.com.ar\/#\/schema\/logo\/image\/"},"sameAs":["https:\/\/www.facebook.com\/informelitoral\/","https:\/\/x.com\/InformeLitoral","https:\/\/www.instagram.com\/informelitoral\/","https:\/\/www.youtube.com\/channel\/UCua4Qvz8Icb6MYqhoq9xLXw"]},{"@type":"Person","@id":"https:\/\/informelitoral.com.ar\/#\/schema\/person\/b9d00407c836482871ef1d57bf8e3180","name":"Gonzalo Schmidt","image":{"@type":"ImageObject","inLanguage":"es","@id":"https:\/\/secure.gravatar.com\/avatar\/31a1a7b66ff2de83bd0e9fd79d026630d2d99e55e8bfe501287647b4fd9743de?s=96&d=mm&r=g","url":"https:\/\/secure.gravatar.com\/avatar\/31a1a7b66ff2de83bd0e9fd79d026630d2d99e55e8bfe501287647b4fd9743de?s=96&d=mm&r=g","contentUrl":"https:\/\/secure.gravatar.com\/avatar\/31a1a7b66ff2de83bd0e9fd79d026630d2d99e55e8bfe501287647b4fd9743de?s=96&d=mm&r=g","caption":"Gonzalo Schmidt"},"description":"Sitio web de noticias de la provincia de Entre R\u00edos, Argentina. Informaci\u00f3n y entretenimiento. Informe Litoral, nos informamos.","sameAs":["http:\/\/www.isletasnoticias.com.ar"],"url":"https:\/\/informelitoral.com.ar\/author\/gonzalo\/"}]}},"_links":{"self":[{"href":"https:\/\/informelitoral.com.ar\/%77%70%2d%6a%73%6f%6e\/wp\/v2\/posts\/15575","targetHints":{"allow":["GET"]}}],"collection":[{"href":"https:\/\/informelitoral.com.ar\/%77%70%2d%6a%73%6f%6e\/wp\/v2\/posts"}],"about":[{"href":"https:\/\/informelitoral.com.ar\/%77%70%2d%6a%73%6f%6e\/wp\/v2\/types\/post"}],"author":[{"embeddable":true,"href":"https:\/\/informelitoral.com.ar\/%77%70%2d%6a%73%6f%6e\/wp\/v2\/users\/2"}],"replies":[{"embeddable":true,"href":"https:\/\/informelitoral.com.ar\/%77%70%2d%6a%73%6f%6e\/wp\/v2\/comments?post=15575"}],"version-history":[{"count":0,"href":"https:\/\/informelitoral.com.ar\/%77%70%2d%6a%73%6f%6e\/wp\/v2\/posts\/15575\/revisions"}],"wp:attachment":[{"href":"https:\/\/informelitoral.com.ar\/%77%70%2d%6a%73%6f%6e\/wp\/v2\/media?parent=15575"}],"wp:term":[{"taxonomy":"category","embeddable":true,"href":"https:\/\/informelitoral.com.ar\/%77%70%2d%6a%73%6f%6e\/wp\/v2\/categories?post=15575"},{"taxonomy":"post_tag","embeddable":true,"href":"https:\/\/informelitoral.com.ar\/%77%70%2d%6a%73%6f%6e\/wp\/v2\/tags?post=15575"}],"curies":[{"name":"wp","href":"https:\/\/api.w.org\/{rel}","templated":true}]}}