{"id":15570,"date":"2016-04-26T08:55:00","date_gmt":"2016-04-26T11:55:00","guid":{"rendered":"http:\/\/www.isletasnoticias.com.ar\/?p=15570"},"modified":"2016-04-26T08:58:54","modified_gmt":"2016-04-26T11:58:54","slug":"los-lideres-de-las-cgt-confirmaron-la-marcha-del-29-de-abril-y-amenazan-con-cese-de-actividades","status":"publish","type":"post","link":"https:\/\/informelitoral.com.ar\/los-lideres-de-las-cgt-confirmaron-la-marcha-del-29-de-abril-y-amenazan-con-cese-de-actividades\/","title":{"rendered":"Los l\u00edderes de las CGT confirmaron la marcha del 29 de abril y amenazan con cese de actividades"},"content":{"rendered":"<p><strong>En una reuni\u00f3n empezaron a definir c\u00f3mo ser\u00e1 la movilizaci\u00f3n al Monumento al Trabajo. Reci\u00e9n el mi\u00e9rcoles decidir\u00e1n si har\u00e1n tambi\u00e9n cese de actividades.<a href=\"http:\/\/www.isletasnoticias.com.ar\/%77%70%2d%63%6f%6e%74%65%6e%74\/uploads\/2016\/04\/2163925h765.jpg\" rel=\"attachment wp-att-15571\"><img loading=\"lazy\" decoding=\"async\" class=\"aligncenter wp-image-15571 size-large\" src=\"http:\/\/www.isletasnoticias.com.ar\/%77%70%2d%63%6f%6e%74%65%6e%74\/uploads\/2016\/04\/2163925h765-1024x576.jpg\" alt=\"2163925h765\" width=\"600\" height=\"338\" srcset=\"https:\/\/informelitoral.com.ar\/%77%70%2d%63%6f%6e%74%65%6e%74\/uploads\/2016\/04\/2163925h765-1024x576.jpg 1024w, https:\/\/informelitoral.com.ar\/%77%70%2d%63%6f%6e%74%65%6e%74\/uploads\/2016\/04\/2163925h765-300x169.jpg 300w, https:\/\/informelitoral.com.ar\/%77%70%2d%63%6f%6e%74%65%6e%74\/uploads\/2016\/04\/2163925h765-768x432.jpg 768w, https:\/\/informelitoral.com.ar\/%77%70%2d%63%6f%6e%74%65%6e%74\/uploads\/2016\/04\/2163925h765.jpg 1360w\" sizes=\"auto, (max-width: 600px) 100vw, 600px\" \/><\/a><\/strong><\/p>\n<p>Los referentes de las tres vertientes que conviven en la CGT<strong>, Hugo Moyano , Antonio Cal\u00f3<\/strong> y<strong> Luis Barrionuevo<\/strong> se reunieron el lunes y avanzaron en la organizaci\u00f3n de la movilizaci\u00f3n de protesta contra el gobierno que el viernes pr\u00f3ximo, reunir\u00e1 a las cinco centrales sindicales.<\/p>\n<p>La reuni\u00f3n se realiz\u00f3 en la sede de la UPCN en la calle Moreno 1332, de la Ciudad de Buenos Aires, donde los sindicalistas resolvieron pasar a un cuarto intermedio hasta el mi\u00e9rcoles a las 16.00, para definir las caracter\u00edsticas que tendr\u00e1 la puesta en escena de la \u00abunidad en la acci\u00f3n\u00bb de las centrales sindicales.<\/p>\n<p>Del encuentro participaron adem\u00e1s de Moyano, Cal\u00f3 y Barrionuevo, el anfitri\u00f3n Andr\u00e9s Rodr\u00edguez, Juan Carlos Schmid y Gerardo Mart\u00ednez.<\/p>\n<p>Se espera que en la reuni\u00f3n del mi\u00e9rcoles las centrales obreras definan si la concentraci\u00f3n que realizar\u00e1n el pr\u00f3ximo viernes contemplar\u00e1 un cese de actividades. El objetivo es reforzar la convocatoria gremial para reclamar al gobierno el cese de los despidos en el Estado y el sector privado, en el marco de la celebraci\u00f3n del D\u00eda de los Trabajadores.<\/p>\n<p>\u00abEl mi\u00e9rcoles vamos a resolver [si hay cese de actividades], porque ese d\u00eda van a estar todas las expresiones del movimiento obrero en una nueva reuni\u00f3n\u00bb, explic\u00f3 el secretario general de la Confederaci\u00f3n Argentina de Trabajadores del Transporte (CATT), Juan Carlos Schmid.<\/p>\n<p>El dirigente transportista dijo que la de hoy \u00abfue una reuni\u00f3n muy corta, va a haber otra el mi\u00e9rcoles a las 16 ac\u00e1 para ultimar detalles\u00bb.<\/p>\n<p><strong>Los reclamos<\/strong><br \/>\nLas cinco centrales sindicales que incluyen a la CTA-Aut\u00f3noma de Pablo Micheli y la CTA de los Argentinos de Hugo Yasky coinciden en una agenda com\u00fan de reclamos en contra del despido de trabajadores, la modificaci\u00f3n de las escalas de ganancias, el 82 por ciento para jubilados entre otros reclamos.<\/p>\n<p>Al t\u00e9rmino de la reuni\u00f3n Schmid dijo que \u00ablo que hoy hicimos es simplemente repasar los detalles organizativos de la movilizaci\u00f3n del viernes y nos volveremos a reunir el mi\u00e9rcoles a las 16 en este mismo lugar\u00bb.<\/p>\n<p>Adelant\u00f3 que el mi\u00e9rcoles \u00abvamos a ver como se va a organizar el acto, como van a ingresar las columnas y como se van a ordenar los oradores el d\u00eda 29\u00bb, en la movilizaci\u00f3n en el Monumento al Trabajo de la Avenida Paseo Col\u00f3n e Independencia.<\/p>\n<p>Hasta ahora est\u00e1 previsto que los titulares de las cinco centrales hagan uso de la palabra en el la protesta. <em>(La Naci\u00f3n)<\/em><\/p>\n","protected":false},"excerpt":{"rendered":"<p>En una reuni&oacute;n empezaron a definir c&oacute;mo ser&aacute; la movilizaci&oacute;n al Monumento al Trabajo. Reci&eacute;n el mi&eacute;rcoles decidir&aacute;n si har&aacute;n tambi&eacute;n cese de actividades. Los referentes de las tres vertientes que conviven en la CGT, Hugo Moyano , Antonio Cal&oacute; y Luis Barrionuevo se reunieron el lunes y avanzaron en la organizaci&oacute;n de la movilizaci&oacute;n [&hellip;]<\/p>\n","protected":false},"author":2,"featured_media":0,"comment_status":"open","ping_status":"open","sticky":false,"template":"","format":"standard","meta":{"fifu_image_url":"","fifu_image_alt":"","footnotes":""},"categories":[7,16],"tags":[],"class_list":{"0":"post-15570","1":"post","2":"type-post","3":"status-publish","4":"format-standard","6":"category-nacionales","7":"category-politi"},"yoast_head":"<title>Los l\u00edderes de las CGT confirmaron la marcha del 29 de abril y amenazan con cese de actividades - Informe Litoral<\/title>\n<meta name=\"robots\" content=\"index, follow, max-snippet:-1, max-image-preview:large, max-video-preview:-1\" \/>\n<link rel=\"canonical\" href=\"https:\/\/informelitoral.com.ar\/los-lideres-de-las-cgt-confirmaron-la-marcha-del-29-de-abril-y-amenazan-con-cese-de-actividades\/\" \/>\n<meta property=\"og:locale\" content=\"es_ES\" \/>\n<meta property=\"og:type\" content=\"article\" \/>\n<meta property=\"og:title\" content=\"Los l\u00edderes de las CGT confirmaron la marcha del 29 de abril y amenazan con cese de actividades - Informe Litoral\" \/>\n<meta property=\"og:description\" content=\"En una reuni&oacute;n empezaron a definir c&oacute;mo ser&aacute; la movilizaci&oacute;n al Monumento al Trabajo. Reci&eacute;n el mi&eacute;rcoles decidir&aacute;n si har&aacute;n tambi&eacute;n cese de actividades. Los referentes de las tres vertientes que conviven en la CGT, Hugo Moyano , Antonio Cal&oacute; y Luis Barrionuevo se reunieron el lunes y avanzaron en la organizaci&oacute;n de la movilizaci&oacute;n [&hellip;]\" \/>\n<meta property=\"og:url\" content=\"https:\/\/informelitoral.com.ar\/los-lideres-de-las-cgt-confirmaron-la-marcha-del-29-de-abril-y-amenazan-con-cese-de-actividades\/\" \/>\n<meta property=\"og:site_name\" content=\"Informe Litoral\" \/>\n<meta property=\"article:publisher\" content=\"https:\/\/www.facebook.com\/informelitoral\/\" \/>\n<meta property=\"article:published_time\" content=\"2016-04-26T11:55:00+00:00\" \/>\n<meta property=\"article:modified_time\" content=\"2016-04-26T11:58:54+00:00\" \/>\n<meta property=\"og:image\" content=\"https:\/\/informelitoral.com.ar\/%77%70%2d%63%6f%6e%74%65%6e%74\/uploads\/2016\/04\/2163925h765.jpg\" \/>\n\t<meta property=\"og:image:width\" content=\"1360\" \/>\n\t<meta property=\"og:image:height\" content=\"765\" \/>\n\t<meta property=\"og:image:type\" content=\"image\/jpeg\" \/>\n<meta name=\"author\" content=\"Gonzalo Schmidt\" \/>\n<meta name=\"twitter:card\" content=\"summary_large_image\" \/>\n<meta name=\"twitter:creator\" content=\"@InformeLitoral\" \/>\n<meta name=\"twitter:site\" content=\"@InformeLitoral\" \/>\n<meta name=\"twitter:label1\" content=\"Escrito por\" \/>\n\t<meta name=\"twitter:data1\" content=\"Gonzalo Schmidt\" \/>\n\t<meta name=\"twitter:label2\" content=\"Tiempo de lectura\" \/>\n\t<meta name=\"twitter:data2\" content=\"2 minutos\" \/>\n<script type=\"application\/ld+json\" class=\"yoast-schema-graph\">{\"@context\":\"https:\\\/\\\/schema.org\",\"@graph\":[{\"@type\":\"Article\",\"@id\":\"https:\\\/\\\/informelitoral.com.ar\\\/los-lideres-de-las-cgt-confirmaron-la-marcha-del-29-de-abril-y-amenazan-con-cese-de-actividades\\\/#article\",\"isPartOf\":{\"@id\":\"https:\\\/\\\/informelitoral.com.ar\\\/los-lideres-de-las-cgt-confirmaron-la-marcha-del-29-de-abril-y-amenazan-con-cese-de-actividades\\\/\"},\"author\":{\"name\":\"Gonzalo Schmidt\",\"@id\":\"https:\\\/\\\/informelitoral.com.ar\\\/#\\\/schema\\\/person\\\/b9d00407c836482871ef1d57bf8e3180\"},\"headline\":\"Los l\u00edderes de las CGT confirmaron la marcha del 29 de abril y amenazan con cese de actividades\",\"datePublished\":\"2016-04-26T11:55:00+00:00\",\"dateModified\":\"2016-04-26T11:58:54+00:00\",\"mainEntityOfPage\":{\"@id\":\"https:\\\/\\\/informelitoral.com.ar\\\/los-lideres-de-las-cgt-confirmaron-la-marcha-del-29-de-abril-y-amenazan-con-cese-de-actividades\\\/\"},\"wordCount\":485,\"commentCount\":0,\"publisher\":{\"@id\":\"https:\\\/\\\/informelitoral.com.ar\\\/#organization\"},\"image\":{\"@id\":\"https:\\\/\\\/informelitoral.com.ar\\\/los-lideres-de-las-cgt-confirmaron-la-marcha-del-29-de-abril-y-amenazan-con-cese-de-actividades\\\/#primaryimage\"},\"thumbnailUrl\":\"http:\\\/\\\/www.isletasnoticias.com.ar\\\/%77%70%2d%63%6f%6e%74%65%6e%74\\\/uploads\\\/2016\\\/04\\\/2163925h765-1024x576.jpg\",\"articleSection\":[\"Nacionales\",\"Politica\"],\"inLanguage\":\"es\",\"potentialAction\":[{\"@type\":\"CommentAction\",\"name\":\"Comment\",\"target\":[\"https:\\\/\\\/informelitoral.com.ar\\\/los-lideres-de-las-cgt-confirmaron-la-marcha-del-29-de-abril-y-amenazan-con-cese-de-actividades\\\/#respond\"]}]},{\"@type\":\"WebPage\",\"@id\":\"https:\\\/\\\/informelitoral.com.ar\\\/los-lideres-de-las-cgt-confirmaron-la-marcha-del-29-de-abril-y-amenazan-con-cese-de-actividades\\\/\",\"url\":\"https:\\\/\\\/informelitoral.com.ar\\\/los-lideres-de-las-cgt-confirmaron-la-marcha-del-29-de-abril-y-amenazan-con-cese-de-actividades\\\/\",\"name\":\"Los l\u00edderes de las CGT confirmaron la marcha del 29 de abril y amenazan con cese de actividades - Informe Litoral\",\"isPartOf\":{\"@id\":\"https:\\\/\\\/informelitoral.com.ar\\\/#website\"},\"primaryImageOfPage\":{\"@id\":\"https:\\\/\\\/informelitoral.com.ar\\\/los-lideres-de-las-cgt-confirmaron-la-marcha-del-29-de-abril-y-amenazan-con-cese-de-actividades\\\/#primaryimage\"},\"image\":{\"@id\":\"https:\\\/\\\/informelitoral.com.ar\\\/los-lideres-de-las-cgt-confirmaron-la-marcha-del-29-de-abril-y-amenazan-con-cese-de-actividades\\\/#primaryimage\"},\"thumbnailUrl\":\"http:\\\/\\\/www.isletasnoticias.com.ar\\\/%77%70%2d%63%6f%6e%74%65%6e%74\\\/uploads\\\/2016\\\/04\\\/2163925h765-1024x576.jpg\",\"datePublished\":\"2016-04-26T11:55:00+00:00\",\"dateModified\":\"2016-04-26T11:58:54+00:00\",\"breadcrumb\":{\"@id\":\"https:\\\/\\\/informelitoral.com.ar\\\/los-lideres-de-las-cgt-confirmaron-la-marcha-del-29-de-abril-y-amenazan-con-cese-de-actividades\\\/#breadcrumb\"},\"inLanguage\":\"es\",\"potentialAction\":[{\"@type\":\"ReadAction\",\"target\":[\"https:\\\/\\\/informelitoral.com.ar\\\/los-lideres-de-las-cgt-confirmaron-la-marcha-del-29-de-abril-y-amenazan-con-cese-de-actividades\\\/\"]}]},{\"@type\":\"ImageObject\",\"inLanguage\":\"es\",\"@id\":\"https:\\\/\\\/informelitoral.com.ar\\\/los-lideres-de-las-cgt-confirmaron-la-marcha-del-29-de-abril-y-amenazan-con-cese-de-actividades\\\/#primaryimage\",\"url\":\"http:\\\/\\\/www.isletasnoticias.com.ar\\\/%77%70%2d%63%6f%6e%74%65%6e%74\\\/uploads\\\/2016\\\/04\\\/2163925h765-1024x576.jpg\",\"contentUrl\":\"http:\\\/\\\/www.isletasnoticias.com.ar\\\/%77%70%2d%63%6f%6e%74%65%6e%74\\\/uploads\\\/2016\\\/04\\\/2163925h765-1024x576.jpg\"},{\"@type\":\"BreadcrumbList\",\"@id\":\"https:\\\/\\\/informelitoral.com.ar\\\/los-lideres-de-las-cgt-confirmaron-la-marcha-del-29-de-abril-y-amenazan-con-cese-de-actividades\\\/#breadcrumb\",\"itemListElement\":[{\"@type\":\"ListItem\",\"position\":1,\"name\":\"Portada\",\"item\":\"https:\\\/\\\/informelitoral.com.ar\\\/\"},{\"@type\":\"ListItem\",\"position\":2,\"name\":\"Los l\u00edderes de las CGT confirmaron la marcha del 29 de abril y amenazan con cese de actividades\"}]},{\"@type\":\"WebSite\",\"@id\":\"https:\\\/\\\/informelitoral.com.ar\\\/#website\",\"url\":\"https:\\\/\\\/informelitoral.com.ar\\\/\",\"name\":\"Informe Litoral\",\"description\":\"&quot;Nos informamos&quot; \",\"publisher\":{\"@id\":\"https:\\\/\\\/informelitoral.com.ar\\\/#organization\"},\"potentialAction\":[{\"@type\":\"SearchAction\",\"target\":{\"@type\":\"EntryPoint\",\"urlTemplate\":\"https:\\\/\\\/informelitoral.com.ar\\\/?s={search_term_string}\"},\"query-input\":{\"@type\":\"PropertyValueSpecification\",\"valueRequired\":true,\"valueName\":\"search_term_string\"}}],\"inLanguage\":\"es\"},{\"@type\":\"Organization\",\"@id\":\"https:\\\/\\\/informelitoral.com.ar\\\/#organization\",\"name\":\"Informe Litoral\",\"url\":\"https:\\\/\\\/informelitoral.com.ar\\\/\",\"logo\":{\"@type\":\"ImageObject\",\"inLanguage\":\"es\",\"@id\":\"https:\\\/\\\/informelitoral.com.ar\\\/#\\\/schema\\\/logo\\\/image\\\/\",\"url\":\"https:\\\/\\\/informelitoral.com.ar\\\/%77%70%2d%63%6f%6e%74%65%6e%74\\\/uploads\\\/2021\\\/01\\\/circulo.png\",\"contentUrl\":\"https:\\\/\\\/informelitoral.com.ar\\\/%77%70%2d%63%6f%6e%74%65%6e%74\\\/uploads\\\/2021\\\/01\\\/circulo.png\",\"width\":723,\"height\":731,\"caption\":\"Informe Litoral\"},\"image\":{\"@id\":\"https:\\\/\\\/informelitoral.com.ar\\\/#\\\/schema\\\/logo\\\/image\\\/\"},\"sameAs\":[\"https:\\\/\\\/www.facebook.com\\\/informelitoral\\\/\",\"https:\\\/\\\/x.com\\\/InformeLitoral\",\"https:\\\/\\\/www.instagram.com\\\/informelitoral\\\/\",\"https:\\\/\\\/www.youtube.com\\\/channel\\\/UCua4Qvz8Icb6MYqhoq9xLXw\"]},{\"@type\":\"Person\",\"@id\":\"https:\\\/\\\/informelitoral.com.ar\\\/#\\\/schema\\\/person\\\/b9d00407c836482871ef1d57bf8e3180\",\"name\":\"Gonzalo Schmidt\",\"image\":{\"@type\":\"ImageObject\",\"inLanguage\":\"es\",\"@id\":\"https:\\\/\\\/secure.gravatar.com\\\/avatar\\\/31a1a7b66ff2de83bd0e9fd79d026630d2d99e55e8bfe501287647b4fd9743de?s=96&d=mm&r=g\",\"url\":\"https:\\\/\\\/secure.gravatar.com\\\/avatar\\\/31a1a7b66ff2de83bd0e9fd79d026630d2d99e55e8bfe501287647b4fd9743de?s=96&d=mm&r=g\",\"contentUrl\":\"https:\\\/\\\/secure.gravatar.com\\\/avatar\\\/31a1a7b66ff2de83bd0e9fd79d026630d2d99e55e8bfe501287647b4fd9743de?s=96&d=mm&r=g\",\"caption\":\"Gonzalo Schmidt\"},\"description\":\"Sitio web de noticias de la provincia de Entre R\u00edos, Argentina. Informaci\u00f3n y entretenimiento. Informe Litoral, nos informamos.\",\"sameAs\":[\"http:\\\/\\\/www.isletasnoticias.com.ar\"],\"url\":\"https:\\\/\\\/informelitoral.com.ar\\\/author\\\/gonzalo\\\/\"}]}<\/script>","yoast_head_json":{"title":"Los l\u00edderes de las CGT confirmaron la marcha del 29 de abril y amenazan con cese de actividades - Informe Litoral","robots":{"index":"index","follow":"follow","max-snippet":"max-snippet:-1","max-image-preview":"max-image-preview:large","max-video-preview":"max-video-preview:-1"},"canonical":"https:\/\/informelitoral.com.ar\/los-lideres-de-las-cgt-confirmaron-la-marcha-del-29-de-abril-y-amenazan-con-cese-de-actividades\/","og_locale":"es_ES","og_type":"article","og_title":"Los l\u00edderes de las CGT confirmaron la marcha del 29 de abril y amenazan con cese de actividades - Informe Litoral","og_description":"En una reuni&oacute;n empezaron a definir c&oacute;mo ser&aacute; la movilizaci&oacute;n al Monumento al Trabajo. Reci&eacute;n el mi&eacute;rcoles decidir&aacute;n si har&aacute;n tambi&eacute;n cese de actividades. Los referentes de las tres vertientes que conviven en la CGT, Hugo Moyano , Antonio Cal&oacute; y Luis Barrionuevo se reunieron el lunes y avanzaron en la organizaci&oacute;n de la movilizaci&oacute;n [&hellip;]","og_url":"https:\/\/informelitoral.com.ar\/los-lideres-de-las-cgt-confirmaron-la-marcha-del-29-de-abril-y-amenazan-con-cese-de-actividades\/","og_site_name":"Informe Litoral","article_publisher":"https:\/\/www.facebook.com\/informelitoral\/","article_published_time":"2016-04-26T11:55:00+00:00","article_modified_time":"2016-04-26T11:58:54+00:00","og_image":[{"width":1360,"height":765,"url":"https:\/\/informelitoral.com.ar\/%77%70%2d%63%6f%6e%74%65%6e%74\/uploads\/2016\/04\/2163925h765.jpg","type":"image\/jpeg"}],"author":"Gonzalo Schmidt","twitter_card":"summary_large_image","twitter_creator":"@InformeLitoral","twitter_site":"@InformeLitoral","twitter_misc":{"Escrito por":"Gonzalo Schmidt","Tiempo de lectura":"2 minutos"},"schema":{"@context":"https:\/\/schema.org","@graph":[{"@type":"Article","@id":"https:\/\/informelitoral.com.ar\/los-lideres-de-las-cgt-confirmaron-la-marcha-del-29-de-abril-y-amenazan-con-cese-de-actividades\/#article","isPartOf":{"@id":"https:\/\/informelitoral.com.ar\/los-lideres-de-las-cgt-confirmaron-la-marcha-del-29-de-abril-y-amenazan-con-cese-de-actividades\/"},"author":{"name":"Gonzalo Schmidt","@id":"https:\/\/informelitoral.com.ar\/#\/schema\/person\/b9d00407c836482871ef1d57bf8e3180"},"headline":"Los l\u00edderes de las CGT confirmaron la marcha del 29 de abril y amenazan con cese de actividades","datePublished":"2016-04-26T11:55:00+00:00","dateModified":"2016-04-26T11:58:54+00:00","mainEntityOfPage":{"@id":"https:\/\/informelitoral.com.ar\/los-lideres-de-las-cgt-confirmaron-la-marcha-del-29-de-abril-y-amenazan-con-cese-de-actividades\/"},"wordCount":485,"commentCount":0,"publisher":{"@id":"https:\/\/informelitoral.com.ar\/#organization"},"image":{"@id":"https:\/\/informelitoral.com.ar\/los-lideres-de-las-cgt-confirmaron-la-marcha-del-29-de-abril-y-amenazan-con-cese-de-actividades\/#primaryimage"},"thumbnailUrl":"http:\/\/www.isletasnoticias.com.ar\/%77%70%2d%63%6f%6e%74%65%6e%74\/uploads\/2016\/04\/2163925h765-1024x576.jpg","articleSection":["Nacionales","Politica"],"inLanguage":"es","potentialAction":[{"@type":"CommentAction","name":"Comment","target":["https:\/\/informelitoral.com.ar\/los-lideres-de-las-cgt-confirmaron-la-marcha-del-29-de-abril-y-amenazan-con-cese-de-actividades\/#respond"]}]},{"@type":"WebPage","@id":"https:\/\/informelitoral.com.ar\/los-lideres-de-las-cgt-confirmaron-la-marcha-del-29-de-abril-y-amenazan-con-cese-de-actividades\/","url":"https:\/\/informelitoral.com.ar\/los-lideres-de-las-cgt-confirmaron-la-marcha-del-29-de-abril-y-amenazan-con-cese-de-actividades\/","name":"Los l\u00edderes de las CGT confirmaron la marcha del 29 de abril y amenazan con cese de actividades - Informe Litoral","isPartOf":{"@id":"https:\/\/informelitoral.com.ar\/#website"},"primaryImageOfPage":{"@id":"https:\/\/informelitoral.com.ar\/los-lideres-de-las-cgt-confirmaron-la-marcha-del-29-de-abril-y-amenazan-con-cese-de-actividades\/#primaryimage"},"image":{"@id":"https:\/\/informelitoral.com.ar\/los-lideres-de-las-cgt-confirmaron-la-marcha-del-29-de-abril-y-amenazan-con-cese-de-actividades\/#primaryimage"},"thumbnailUrl":"http:\/\/www.isletasnoticias.com.ar\/%77%70%2d%63%6f%6e%74%65%6e%74\/uploads\/2016\/04\/2163925h765-1024x576.jpg","datePublished":"2016-04-26T11:55:00+00:00","dateModified":"2016-04-26T11:58:54+00:00","breadcrumb":{"@id":"https:\/\/informelitoral.com.ar\/los-lideres-de-las-cgt-confirmaron-la-marcha-del-29-de-abril-y-amenazan-con-cese-de-actividades\/#breadcrumb"},"inLanguage":"es","potentialAction":[{"@type":"ReadAction","target":["https:\/\/informelitoral.com.ar\/los-lideres-de-las-cgt-confirmaron-la-marcha-del-29-de-abril-y-amenazan-con-cese-de-actividades\/"]}]},{"@type":"ImageObject","inLanguage":"es","@id":"https:\/\/informelitoral.com.ar\/los-lideres-de-las-cgt-confirmaron-la-marcha-del-29-de-abril-y-amenazan-con-cese-de-actividades\/#primaryimage","url":"http:\/\/www.isletasnoticias.com.ar\/%77%70%2d%63%6f%6e%74%65%6e%74\/uploads\/2016\/04\/2163925h765-1024x576.jpg","contentUrl":"http:\/\/www.isletasnoticias.com.ar\/%77%70%2d%63%6f%6e%74%65%6e%74\/uploads\/2016\/04\/2163925h765-1024x576.jpg"},{"@type":"BreadcrumbList","@id":"https:\/\/informelitoral.com.ar\/los-lideres-de-las-cgt-confirmaron-la-marcha-del-29-de-abril-y-amenazan-con-cese-de-actividades\/#breadcrumb","itemListElement":[{"@type":"ListItem","position":1,"name":"Portada","item":"https:\/\/informelitoral.com.ar\/"},{"@type":"ListItem","position":2,"name":"Los l\u00edderes de las CGT confirmaron la marcha del 29 de abril y amenazan con cese de actividades"}]},{"@type":"WebSite","@id":"https:\/\/informelitoral.com.ar\/#website","url":"https:\/\/informelitoral.com.ar\/","name":"Informe Litoral","description":"&quot;Nos informamos&quot; ","publisher":{"@id":"https:\/\/informelitoral.com.ar\/#organization"},"potentialAction":[{"@type":"SearchAction","target":{"@type":"EntryPoint","urlTemplate":"https:\/\/informelitoral.com.ar\/?s={search_term_string}"},"query-input":{"@type":"PropertyValueSpecification","valueRequired":true,"valueName":"search_term_string"}}],"inLanguage":"es"},{"@type":"Organization","@id":"https:\/\/informelitoral.com.ar\/#organization","name":"Informe Litoral","url":"https:\/\/informelitoral.com.ar\/","logo":{"@type":"ImageObject","inLanguage":"es","@id":"https:\/\/informelitoral.com.ar\/#\/schema\/logo\/image\/","url":"https:\/\/informelitoral.com.ar\/%77%70%2d%63%6f%6e%74%65%6e%74\/uploads\/2021\/01\/circulo.png","contentUrl":"https:\/\/informelitoral.com.ar\/%77%70%2d%63%6f%6e%74%65%6e%74\/uploads\/2021\/01\/circulo.png","width":723,"height":731,"caption":"Informe Litoral"},"image":{"@id":"https:\/\/informelitoral.com.ar\/#\/schema\/logo\/image\/"},"sameAs":["https:\/\/www.facebook.com\/informelitoral\/","https:\/\/x.com\/InformeLitoral","https:\/\/www.instagram.com\/informelitoral\/","https:\/\/www.youtube.com\/channel\/UCua4Qvz8Icb6MYqhoq9xLXw"]},{"@type":"Person","@id":"https:\/\/informelitoral.com.ar\/#\/schema\/person\/b9d00407c836482871ef1d57bf8e3180","name":"Gonzalo Schmidt","image":{"@type":"ImageObject","inLanguage":"es","@id":"https:\/\/secure.gravatar.com\/avatar\/31a1a7b66ff2de83bd0e9fd79d026630d2d99e55e8bfe501287647b4fd9743de?s=96&d=mm&r=g","url":"https:\/\/secure.gravatar.com\/avatar\/31a1a7b66ff2de83bd0e9fd79d026630d2d99e55e8bfe501287647b4fd9743de?s=96&d=mm&r=g","contentUrl":"https:\/\/secure.gravatar.com\/avatar\/31a1a7b66ff2de83bd0e9fd79d026630d2d99e55e8bfe501287647b4fd9743de?s=96&d=mm&r=g","caption":"Gonzalo Schmidt"},"description":"Sitio web de noticias de la provincia de Entre R\u00edos, Argentina. Informaci\u00f3n y entretenimiento. Informe Litoral, nos informamos.","sameAs":["http:\/\/www.isletasnoticias.com.ar"],"url":"https:\/\/informelitoral.com.ar\/author\/gonzalo\/"}]}},"_links":{"self":[{"href":"https:\/\/informelitoral.com.ar\/%77%70%2d%6a%73%6f%6e\/wp\/v2\/posts\/15570","targetHints":{"allow":["GET"]}}],"collection":[{"href":"https:\/\/informelitoral.com.ar\/%77%70%2d%6a%73%6f%6e\/wp\/v2\/posts"}],"about":[{"href":"https:\/\/informelitoral.com.ar\/%77%70%2d%6a%73%6f%6e\/wp\/v2\/types\/post"}],"author":[{"embeddable":true,"href":"https:\/\/informelitoral.com.ar\/%77%70%2d%6a%73%6f%6e\/wp\/v2\/users\/2"}],"replies":[{"embeddable":true,"href":"https:\/\/informelitoral.com.ar\/%77%70%2d%6a%73%6f%6e\/wp\/v2\/comments?post=15570"}],"version-history":[{"count":0,"href":"https:\/\/informelitoral.com.ar\/%77%70%2d%6a%73%6f%6e\/wp\/v2\/posts\/15570\/revisions"}],"wp:attachment":[{"href":"https:\/\/informelitoral.com.ar\/%77%70%2d%6a%73%6f%6e\/wp\/v2\/media?parent=15570"}],"wp:term":[{"taxonomy":"category","embeddable":true,"href":"https:\/\/informelitoral.com.ar\/%77%70%2d%6a%73%6f%6e\/wp\/v2\/categories?post=15570"},{"taxonomy":"post_tag","embeddable":true,"href":"https:\/\/informelitoral.com.ar\/%77%70%2d%6a%73%6f%6e\/wp\/v2\/tags?post=15570"}],"curies":[{"name":"wp","href":"https:\/\/api.w.org\/{rel}","templated":true}]}}