{"id":155581,"date":"2023-06-28T09:59:31","date_gmt":"2023-06-28T12:59:31","guid":{"rendered":"https:\/\/www.informelitoral.com.ar\/?p=155581"},"modified":"2023-06-28T10:04:29","modified_gmt":"2023-06-28T13:04:29","slug":"aseguran-que-es-inminente-la-presentacion-de-tata-martino-como-dt-de-inter-miami","status":"publish","type":"post","link":"https:\/\/informelitoral.com.ar\/aseguran-que-es-inminente-la-presentacion-de-tata-martino-como-dt-de-inter-miami\/","title":{"rendered":"Aseguran que es inminente la presentaci\u00f3n de Tata Martino como DT de Inter Miami"},"content":{"rendered":"<p><strong>Gerardo \u201cTata\u201d Martino ser\u00eda presentado en las pr\u00f3ximas horas como el nuevo entrenador de Inter Miami,<\/strong>\u00a0seg\u00fan informaron este martes medios locales. En caso de confirmarse,\u00a0<strong>ser\u00e1 la tercera vez que el DT dirija a Lionel Messi<\/strong>\u00a0tras sus pasos por Barcelona y la Selecci\u00f3n argentina.<\/p>\n<p>De acuerdo a lo que anunciaron algunos canales como Fox Sports o el portal del diario Miami Herald, Martino ser\u00eda oficializado como director t\u00e9cnico de la franquicia de Florida\u00a0<strong>este mi\u00e9rcoles 28 de junio<\/strong>.<\/p>\n<p>\u00abNo fue ninguna sorpresa la designaci\u00f3n de Martino, quien ser\u00e1 presentado oficialmente este mi\u00e9rcoles 28 de junio en el DRV PNK Stadium y se sentar\u00e1 en el banquillo tan pronto tenga sus documentos en regla\u00bb, se\u00f1al\u00f3 el peri\u00f3dico.<\/p>\n<p>Desde Inter Miami quieren cerrar lo antes posible a su nuevo entrenador, dado que el presente del equipo es complejo: el fin de semana cosech\u00f3 su\u00a0<strong>s\u00e9ptima derrota consecutiva en la MLS<\/strong>, competencia en la que\u00a0<strong>se encuentra en el fondo de la tabla de la Conferencia Este.\u00a0<\/strong><\/p>\n<p>La franquicia disputar\u00e1 un nuevo partido el s\u00e1bado ante Austin como local, en lo que se prev\u00e9 que ser\u00e1 el \u00faltima encuentro del DT interino argentino Javier Morales, quien obtuvo un triunfo en la Copa US Open, el mismo d\u00eda que se anunci\u00f3 la llegada de Messi.<\/p>\n<h3>Tata Martino habl\u00f3 sobre su posible llegada a Inter Miami<\/h3>\n<p>Martino, quien dirigi\u00f3 a Atlanta United en la MLS en 2017, reconoci\u00f3 que \u201c<strong>seguimos hablando<\/strong>\u201d con las autoridades de Inter Miami para concretar su arribo a la franquicia.<\/p>\n<p>Su declaraci\u00f3n fue en el marco de una charla que tuvo con el actor Pablo Granados, mientras viajaban juntos en un micro hacia el estadio Coloso Marcelo Bielsa para participar de la despedida de Maxi Rodr\u00edguez.<\/p>\n<p>Por otro lado, aunque sin mencionar ning\u00fan club, el \u201cTata\u201d reconoci\u00f3 que est\u00e1\u00a0<strong>\u201cmuy contento con lo que vendr\u00e1\u201d.<\/strong><\/p>\n","protected":false},"excerpt":{"rendered":"<p>El entrenador volver\u00eda a dirigir a Lionel Messi. Cu\u00e1ndo oficializar\u00edan su arribo a la franquicia de la MLS.<\/p>\n","protected":false},"author":8,"featured_media":155584,"comment_status":"open","ping_status":"open","sticky":false,"template":"","format":"standard","meta":{"fifu_image_url":"","fifu_image_alt":"","footnotes":""},"categories":[13],"tags":[4249],"class_list":{"0":"post-155581","1":"post","2":"type-post","3":"status-publish","4":"format-standard","5":"has-post-thumbnail","7":"category-deportes","8":"tag-inter-miami"},"yoast_head":"<title>Aseguran que es inminente la presentaci\u00f3n de Tata Martino como DT de Inter Miami - Informe Litoral<\/title>\n<meta name=\"robots\" content=\"index, follow, max-snippet:-1, max-image-preview:large, max-video-preview:-1\" \/>\n<link rel=\"canonical\" href=\"https:\/\/informelitoral.com.ar\/aseguran-que-es-inminente-la-presentacion-de-tata-martino-como-dt-de-inter-miami\/\" \/>\n<meta property=\"og:locale\" content=\"es_ES\" \/>\n<meta property=\"og:type\" content=\"article\" \/>\n<meta property=\"og:title\" content=\"Aseguran que es inminente la presentaci\u00f3n de Tata Martino como DT de Inter Miami - Informe Litoral\" \/>\n<meta property=\"og:description\" content=\"El entrenador volver\u00eda a dirigir a Lionel Messi. Cu\u00e1ndo oficializar\u00edan su arribo a la franquicia de la MLS.\" \/>\n<meta property=\"og:url\" content=\"https:\/\/informelitoral.com.ar\/aseguran-que-es-inminente-la-presentacion-de-tata-martino-como-dt-de-inter-miami\/\" \/>\n<meta property=\"og:site_name\" content=\"Informe Litoral\" \/>\n<meta property=\"article:publisher\" content=\"https:\/\/www.facebook.com\/informelitoral\/\" \/>\n<meta property=\"article:published_time\" content=\"2023-06-28T12:59:31+00:00\" \/>\n<meta property=\"article:modified_time\" content=\"2023-06-28T13:04:29+00:00\" \/>\n<meta property=\"og:image\" content=\"https:\/\/informelitoral.com.ar\/%77%70%2d%63%6f%6e%74%65%6e%74\/uploads\/2023\/06\/b7c1d1d4b268955b40cda157b716d3ae_M.jpg\" \/>\n\t<meta property=\"og:image:width\" content=\"1200\" \/>\n\t<meta property=\"og:image:height\" content=\"800\" \/>\n\t<meta property=\"og:image:type\" content=\"image\/jpeg\" \/>\n<meta name=\"author\" content=\"Sebastian\" \/>\n<meta name=\"twitter:card\" content=\"summary_large_image\" \/>\n<meta name=\"twitter:creator\" content=\"@InformeLitoral\" \/>\n<meta name=\"twitter:site\" content=\"@InformeLitoral\" \/>\n<meta name=\"twitter:label1\" content=\"Escrito por\" \/>\n\t<meta name=\"twitter:data1\" content=\"Sebastian\" \/>\n\t<meta name=\"twitter:label2\" content=\"Tiempo de lectura\" \/>\n\t<meta name=\"twitter:data2\" content=\"2 minutos\" \/>\n<script type=\"application\/ld+json\" class=\"yoast-schema-graph\">{\"@context\":\"https:\\\/\\\/schema.org\",\"@graph\":[{\"@type\":\"Article\",\"@id\":\"https:\\\/\\\/informelitoral.com.ar\\\/aseguran-que-es-inminente-la-presentacion-de-tata-martino-como-dt-de-inter-miami\\\/#article\",\"isPartOf\":{\"@id\":\"https:\\\/\\\/informelitoral.com.ar\\\/aseguran-que-es-inminente-la-presentacion-de-tata-martino-como-dt-de-inter-miami\\\/\"},\"author\":{\"name\":\"Sebastian\",\"@id\":\"https:\\\/\\\/informelitoral.com.ar\\\/#\\\/schema\\\/person\\\/f05f9f461677119578717524b127d6d5\"},\"headline\":\"Aseguran que es inminente la presentaci\u00f3n de Tata Martino como DT de Inter Miami\",\"datePublished\":\"2023-06-28T12:59:31+00:00\",\"dateModified\":\"2023-06-28T13:04:29+00:00\",\"mainEntityOfPage\":{\"@id\":\"https:\\\/\\\/informelitoral.com.ar\\\/aseguran-que-es-inminente-la-presentacion-de-tata-martino-como-dt-de-inter-miami\\\/\"},\"wordCount\":335,\"commentCount\":0,\"publisher\":{\"@id\":\"https:\\\/\\\/informelitoral.com.ar\\\/#organization\"},\"image\":{\"@id\":\"https:\\\/\\\/informelitoral.com.ar\\\/aseguran-que-es-inminente-la-presentacion-de-tata-martino-como-dt-de-inter-miami\\\/#primaryimage\"},\"thumbnailUrl\":\"https:\\\/\\\/informelitoral.com.ar\\\/%77%70%2d%63%6f%6e%74%65%6e%74\\\/uploads\\\/2023\\\/06\\\/b7c1d1d4b268955b40cda157b716d3ae_M.jpg\",\"keywords\":[\"Inter Miami\"],\"articleSection\":[\"Deportes\"],\"inLanguage\":\"es\",\"potentialAction\":[{\"@type\":\"CommentAction\",\"name\":\"Comment\",\"target\":[\"https:\\\/\\\/informelitoral.com.ar\\\/aseguran-que-es-inminente-la-presentacion-de-tata-martino-como-dt-de-inter-miami\\\/#respond\"]}]},{\"@type\":\"WebPage\",\"@id\":\"https:\\\/\\\/informelitoral.com.ar\\\/aseguran-que-es-inminente-la-presentacion-de-tata-martino-como-dt-de-inter-miami\\\/\",\"url\":\"https:\\\/\\\/informelitoral.com.ar\\\/aseguran-que-es-inminente-la-presentacion-de-tata-martino-como-dt-de-inter-miami\\\/\",\"name\":\"Aseguran que es inminente la presentaci\u00f3n de Tata Martino como DT de Inter Miami - Informe Litoral\",\"isPartOf\":{\"@id\":\"https:\\\/\\\/informelitoral.com.ar\\\/#website\"},\"primaryImageOfPage\":{\"@id\":\"https:\\\/\\\/informelitoral.com.ar\\\/aseguran-que-es-inminente-la-presentacion-de-tata-martino-como-dt-de-inter-miami\\\/#primaryimage\"},\"image\":{\"@id\":\"https:\\\/\\\/informelitoral.com.ar\\\/aseguran-que-es-inminente-la-presentacion-de-tata-martino-como-dt-de-inter-miami\\\/#primaryimage\"},\"thumbnailUrl\":\"https:\\\/\\\/informelitoral.com.ar\\\/%77%70%2d%63%6f%6e%74%65%6e%74\\\/uploads\\\/2023\\\/06\\\/b7c1d1d4b268955b40cda157b716d3ae_M.jpg\",\"datePublished\":\"2023-06-28T12:59:31+00:00\",\"dateModified\":\"2023-06-28T13:04:29+00:00\",\"breadcrumb\":{\"@id\":\"https:\\\/\\\/informelitoral.com.ar\\\/aseguran-que-es-inminente-la-presentacion-de-tata-martino-como-dt-de-inter-miami\\\/#breadcrumb\"},\"inLanguage\":\"es\",\"potentialAction\":[{\"@type\":\"ReadAction\",\"target\":[\"https:\\\/\\\/informelitoral.com.ar\\\/aseguran-que-es-inminente-la-presentacion-de-tata-martino-como-dt-de-inter-miami\\\/\"]}]},{\"@type\":\"ImageObject\",\"inLanguage\":\"es\",\"@id\":\"https:\\\/\\\/informelitoral.com.ar\\\/aseguran-que-es-inminente-la-presentacion-de-tata-martino-como-dt-de-inter-miami\\\/#primaryimage\",\"url\":\"https:\\\/\\\/informelitoral.com.ar\\\/%77%70%2d%63%6f%6e%74%65%6e%74\\\/uploads\\\/2023\\\/06\\\/b7c1d1d4b268955b40cda157b716d3ae_M.jpg\",\"contentUrl\":\"https:\\\/\\\/informelitoral.com.ar\\\/%77%70%2d%63%6f%6e%74%65%6e%74\\\/uploads\\\/2023\\\/06\\\/b7c1d1d4b268955b40cda157b716d3ae_M.jpg\",\"width\":1200,\"height\":800},{\"@type\":\"BreadcrumbList\",\"@id\":\"https:\\\/\\\/informelitoral.com.ar\\\/aseguran-que-es-inminente-la-presentacion-de-tata-martino-como-dt-de-inter-miami\\\/#breadcrumb\",\"itemListElement\":[{\"@type\":\"ListItem\",\"position\":1,\"name\":\"Portada\",\"item\":\"https:\\\/\\\/informelitoral.com.ar\\\/\"},{\"@type\":\"ListItem\",\"position\":2,\"name\":\"Aseguran que es inminente la presentaci\u00f3n de Tata Martino como DT de Inter Miami\"}]},{\"@type\":\"WebSite\",\"@id\":\"https:\\\/\\\/informelitoral.com.ar\\\/#website\",\"url\":\"https:\\\/\\\/informelitoral.com.ar\\\/\",\"name\":\"Informe Litoral\",\"description\":\"&quot;Nos informamos&quot; \",\"publisher\":{\"@id\":\"https:\\\/\\\/informelitoral.com.ar\\\/#organization\"},\"potentialAction\":[{\"@type\":\"SearchAction\",\"target\":{\"@type\":\"EntryPoint\",\"urlTemplate\":\"https:\\\/\\\/informelitoral.com.ar\\\/?s={search_term_string}\"},\"query-input\":{\"@type\":\"PropertyValueSpecification\",\"valueRequired\":true,\"valueName\":\"search_term_string\"}}],\"inLanguage\":\"es\"},{\"@type\":\"Organization\",\"@id\":\"https:\\\/\\\/informelitoral.com.ar\\\/#organization\",\"name\":\"Informe Litoral\",\"url\":\"https:\\\/\\\/informelitoral.com.ar\\\/\",\"logo\":{\"@type\":\"ImageObject\",\"inLanguage\":\"es\",\"@id\":\"https:\\\/\\\/informelitoral.com.ar\\\/#\\\/schema\\\/logo\\\/image\\\/\",\"url\":\"https:\\\/\\\/informelitoral.com.ar\\\/%77%70%2d%63%6f%6e%74%65%6e%74\\\/uploads\\\/2021\\\/01\\\/circulo.png\",\"contentUrl\":\"https:\\\/\\\/informelitoral.com.ar\\\/%77%70%2d%63%6f%6e%74%65%6e%74\\\/uploads\\\/2021\\\/01\\\/circulo.png\",\"width\":723,\"height\":731,\"caption\":\"Informe Litoral\"},\"image\":{\"@id\":\"https:\\\/\\\/informelitoral.com.ar\\\/#\\\/schema\\\/logo\\\/image\\\/\"},\"sameAs\":[\"https:\\\/\\\/www.facebook.com\\\/informelitoral\\\/\",\"https:\\\/\\\/x.com\\\/InformeLitoral\",\"https:\\\/\\\/www.instagram.com\\\/informelitoral\\\/\",\"https:\\\/\\\/www.youtube.com\\\/channel\\\/UCua4Qvz8Icb6MYqhoq9xLXw\"]},{\"@type\":\"Person\",\"@id\":\"https:\\\/\\\/informelitoral.com.ar\\\/#\\\/schema\\\/person\\\/f05f9f461677119578717524b127d6d5\",\"name\":\"Sebastian\",\"image\":{\"@type\":\"ImageObject\",\"inLanguage\":\"es\",\"@id\":\"https:\\\/\\\/secure.gravatar.com\\\/avatar\\\/b71bf7481d447dfb9583c7f2798e7cc64de6efb9067b74633ed8c31059a3bd82?s=96&d=mm&r=g\",\"url\":\"https:\\\/\\\/secure.gravatar.com\\\/avatar\\\/b71bf7481d447dfb9583c7f2798e7cc64de6efb9067b74633ed8c31059a3bd82?s=96&d=mm&r=g\",\"contentUrl\":\"https:\\\/\\\/secure.gravatar.com\\\/avatar\\\/b71bf7481d447dfb9583c7f2798e7cc64de6efb9067b74633ed8c31059a3bd82?s=96&d=mm&r=g\",\"caption\":\"Sebastian\"},\"url\":\"https:\\\/\\\/informelitoral.com.ar\\\/author\\\/sebastian\\\/\"}]}<\/script>","yoast_head_json":{"title":"Aseguran que es inminente la presentaci\u00f3n de Tata Martino como DT de Inter Miami - Informe Litoral","robots":{"index":"index","follow":"follow","max-snippet":"max-snippet:-1","max-image-preview":"max-image-preview:large","max-video-preview":"max-video-preview:-1"},"canonical":"https:\/\/informelitoral.com.ar\/aseguran-que-es-inminente-la-presentacion-de-tata-martino-como-dt-de-inter-miami\/","og_locale":"es_ES","og_type":"article","og_title":"Aseguran que es inminente la presentaci\u00f3n de Tata Martino como DT de Inter Miami - Informe Litoral","og_description":"El entrenador volver\u00eda a dirigir a Lionel Messi. Cu\u00e1ndo oficializar\u00edan su arribo a la franquicia de la MLS.","og_url":"https:\/\/informelitoral.com.ar\/aseguran-que-es-inminente-la-presentacion-de-tata-martino-como-dt-de-inter-miami\/","og_site_name":"Informe Litoral","article_publisher":"https:\/\/www.facebook.com\/informelitoral\/","article_published_time":"2023-06-28T12:59:31+00:00","article_modified_time":"2023-06-28T13:04:29+00:00","og_image":[{"width":1200,"height":800,"url":"https:\/\/informelitoral.com.ar\/%77%70%2d%63%6f%6e%74%65%6e%74\/uploads\/2023\/06\/b7c1d1d4b268955b40cda157b716d3ae_M.jpg","type":"image\/jpeg"}],"author":"Sebastian","twitter_card":"summary_large_image","twitter_creator":"@InformeLitoral","twitter_site":"@InformeLitoral","twitter_misc":{"Escrito por":"Sebastian","Tiempo de lectura":"2 minutos"},"schema":{"@context":"https:\/\/schema.org","@graph":[{"@type":"Article","@id":"https:\/\/informelitoral.com.ar\/aseguran-que-es-inminente-la-presentacion-de-tata-martino-como-dt-de-inter-miami\/#article","isPartOf":{"@id":"https:\/\/informelitoral.com.ar\/aseguran-que-es-inminente-la-presentacion-de-tata-martino-como-dt-de-inter-miami\/"},"author":{"name":"Sebastian","@id":"https:\/\/informelitoral.com.ar\/#\/schema\/person\/f05f9f461677119578717524b127d6d5"},"headline":"Aseguran que es inminente la presentaci\u00f3n de Tata Martino como DT de Inter Miami","datePublished":"2023-06-28T12:59:31+00:00","dateModified":"2023-06-28T13:04:29+00:00","mainEntityOfPage":{"@id":"https:\/\/informelitoral.com.ar\/aseguran-que-es-inminente-la-presentacion-de-tata-martino-como-dt-de-inter-miami\/"},"wordCount":335,"commentCount":0,"publisher":{"@id":"https:\/\/informelitoral.com.ar\/#organization"},"image":{"@id":"https:\/\/informelitoral.com.ar\/aseguran-que-es-inminente-la-presentacion-de-tata-martino-como-dt-de-inter-miami\/#primaryimage"},"thumbnailUrl":"https:\/\/informelitoral.com.ar\/%77%70%2d%63%6f%6e%74%65%6e%74\/uploads\/2023\/06\/b7c1d1d4b268955b40cda157b716d3ae_M.jpg","keywords":["Inter Miami"],"articleSection":["Deportes"],"inLanguage":"es","potentialAction":[{"@type":"CommentAction","name":"Comment","target":["https:\/\/informelitoral.com.ar\/aseguran-que-es-inminente-la-presentacion-de-tata-martino-como-dt-de-inter-miami\/#respond"]}]},{"@type":"WebPage","@id":"https:\/\/informelitoral.com.ar\/aseguran-que-es-inminente-la-presentacion-de-tata-martino-como-dt-de-inter-miami\/","url":"https:\/\/informelitoral.com.ar\/aseguran-que-es-inminente-la-presentacion-de-tata-martino-como-dt-de-inter-miami\/","name":"Aseguran que es inminente la presentaci\u00f3n de Tata Martino como DT de Inter Miami - Informe Litoral","isPartOf":{"@id":"https:\/\/informelitoral.com.ar\/#website"},"primaryImageOfPage":{"@id":"https:\/\/informelitoral.com.ar\/aseguran-que-es-inminente-la-presentacion-de-tata-martino-como-dt-de-inter-miami\/#primaryimage"},"image":{"@id":"https:\/\/informelitoral.com.ar\/aseguran-que-es-inminente-la-presentacion-de-tata-martino-como-dt-de-inter-miami\/#primaryimage"},"thumbnailUrl":"https:\/\/informelitoral.com.ar\/%77%70%2d%63%6f%6e%74%65%6e%74\/uploads\/2023\/06\/b7c1d1d4b268955b40cda157b716d3ae_M.jpg","datePublished":"2023-06-28T12:59:31+00:00","dateModified":"2023-06-28T13:04:29+00:00","breadcrumb":{"@id":"https:\/\/informelitoral.com.ar\/aseguran-que-es-inminente-la-presentacion-de-tata-martino-como-dt-de-inter-miami\/#breadcrumb"},"inLanguage":"es","potentialAction":[{"@type":"ReadAction","target":["https:\/\/informelitoral.com.ar\/aseguran-que-es-inminente-la-presentacion-de-tata-martino-como-dt-de-inter-miami\/"]}]},{"@type":"ImageObject","inLanguage":"es","@id":"https:\/\/informelitoral.com.ar\/aseguran-que-es-inminente-la-presentacion-de-tata-martino-como-dt-de-inter-miami\/#primaryimage","url":"https:\/\/informelitoral.com.ar\/%77%70%2d%63%6f%6e%74%65%6e%74\/uploads\/2023\/06\/b7c1d1d4b268955b40cda157b716d3ae_M.jpg","contentUrl":"https:\/\/informelitoral.com.ar\/%77%70%2d%63%6f%6e%74%65%6e%74\/uploads\/2023\/06\/b7c1d1d4b268955b40cda157b716d3ae_M.jpg","width":1200,"height":800},{"@type":"BreadcrumbList","@id":"https:\/\/informelitoral.com.ar\/aseguran-que-es-inminente-la-presentacion-de-tata-martino-como-dt-de-inter-miami\/#breadcrumb","itemListElement":[{"@type":"ListItem","position":1,"name":"Portada","item":"https:\/\/informelitoral.com.ar\/"},{"@type":"ListItem","position":2,"name":"Aseguran que es inminente la presentaci\u00f3n de Tata Martino como DT de Inter Miami"}]},{"@type":"WebSite","@id":"https:\/\/informelitoral.com.ar\/#website","url":"https:\/\/informelitoral.com.ar\/","name":"Informe Litoral","description":"&quot;Nos informamos&quot; ","publisher":{"@id":"https:\/\/informelitoral.com.ar\/#organization"},"potentialAction":[{"@type":"SearchAction","target":{"@type":"EntryPoint","urlTemplate":"https:\/\/informelitoral.com.ar\/?s={search_term_string}"},"query-input":{"@type":"PropertyValueSpecification","valueRequired":true,"valueName":"search_term_string"}}],"inLanguage":"es"},{"@type":"Organization","@id":"https:\/\/informelitoral.com.ar\/#organization","name":"Informe Litoral","url":"https:\/\/informelitoral.com.ar\/","logo":{"@type":"ImageObject","inLanguage":"es","@id":"https:\/\/informelitoral.com.ar\/#\/schema\/logo\/image\/","url":"https:\/\/informelitoral.com.ar\/%77%70%2d%63%6f%6e%74%65%6e%74\/uploads\/2021\/01\/circulo.png","contentUrl":"https:\/\/informelitoral.com.ar\/%77%70%2d%63%6f%6e%74%65%6e%74\/uploads\/2021\/01\/circulo.png","width":723,"height":731,"caption":"Informe Litoral"},"image":{"@id":"https:\/\/informelitoral.com.ar\/#\/schema\/logo\/image\/"},"sameAs":["https:\/\/www.facebook.com\/informelitoral\/","https:\/\/x.com\/InformeLitoral","https:\/\/www.instagram.com\/informelitoral\/","https:\/\/www.youtube.com\/channel\/UCua4Qvz8Icb6MYqhoq9xLXw"]},{"@type":"Person","@id":"https:\/\/informelitoral.com.ar\/#\/schema\/person\/f05f9f461677119578717524b127d6d5","name":"Sebastian","image":{"@type":"ImageObject","inLanguage":"es","@id":"https:\/\/secure.gravatar.com\/avatar\/b71bf7481d447dfb9583c7f2798e7cc64de6efb9067b74633ed8c31059a3bd82?s=96&d=mm&r=g","url":"https:\/\/secure.gravatar.com\/avatar\/b71bf7481d447dfb9583c7f2798e7cc64de6efb9067b74633ed8c31059a3bd82?s=96&d=mm&r=g","contentUrl":"https:\/\/secure.gravatar.com\/avatar\/b71bf7481d447dfb9583c7f2798e7cc64de6efb9067b74633ed8c31059a3bd82?s=96&d=mm&r=g","caption":"Sebastian"},"url":"https:\/\/informelitoral.com.ar\/author\/sebastian\/"}]}},"_links":{"self":[{"href":"https:\/\/informelitoral.com.ar\/%77%70%2d%6a%73%6f%6e\/wp\/v2\/posts\/155581","targetHints":{"allow":["GET"]}}],"collection":[{"href":"https:\/\/informelitoral.com.ar\/%77%70%2d%6a%73%6f%6e\/wp\/v2\/posts"}],"about":[{"href":"https:\/\/informelitoral.com.ar\/%77%70%2d%6a%73%6f%6e\/wp\/v2\/types\/post"}],"author":[{"embeddable":true,"href":"https:\/\/informelitoral.com.ar\/%77%70%2d%6a%73%6f%6e\/wp\/v2\/users\/8"}],"replies":[{"embeddable":true,"href":"https:\/\/informelitoral.com.ar\/%77%70%2d%6a%73%6f%6e\/wp\/v2\/comments?post=155581"}],"version-history":[{"count":0,"href":"https:\/\/informelitoral.com.ar\/%77%70%2d%6a%73%6f%6e\/wp\/v2\/posts\/155581\/revisions"}],"wp:featuredmedia":[{"embeddable":true,"href":"https:\/\/informelitoral.com.ar\/%77%70%2d%6a%73%6f%6e\/wp\/v2\/media\/155584"}],"wp:attachment":[{"href":"https:\/\/informelitoral.com.ar\/%77%70%2d%6a%73%6f%6e\/wp\/v2\/media?parent=155581"}],"wp:term":[{"taxonomy":"category","embeddable":true,"href":"https:\/\/informelitoral.com.ar\/%77%70%2d%6a%73%6f%6e\/wp\/v2\/categories?post=155581"},{"taxonomy":"post_tag","embeddable":true,"href":"https:\/\/informelitoral.com.ar\/%77%70%2d%6a%73%6f%6e\/wp\/v2\/tags?post=155581"}],"curies":[{"name":"wp","href":"https:\/\/api.w.org\/{rel}","templated":true}]}}