{"id":15555,"date":"2016-04-26T07:53:32","date_gmt":"2016-04-26T10:53:32","guid":{"rendered":"http:\/\/www.isletasnoticias.com.ar\/?p=15555"},"modified":"2016-04-26T07:57:49","modified_gmt":"2016-04-26T10:57:49","slug":"el-gobierno-conformo-un-comite-de-crisis-junto-a-los-productores","status":"publish","type":"post","link":"https:\/\/informelitoral.com.ar\/el-gobierno-conformo-un-comite-de-crisis-junto-a-los-productores\/","title":{"rendered":"El gobierno conform\u00f3 un Comit\u00e9 de Crisis junto a los productores"},"content":{"rendered":"<div class=\"interior-bajada\"><strong>El gobernador<em> Gustavo Bordet<\/em> se reuni\u00f3 en Gualeguaych\u00fa con la mesa de enlace de entidades agropecuarias a fin de consensuar acciones para afrontar la grave crisis que atraviesa el campo como resultado de los fen\u00f3menos clim\u00e1ticos. \u201cProponemos trabajar codo a codo\u201d, dijeron los productores.<a href=\"http:\/\/www.isletasnoticias.com.ar\/%77%70%2d%63%6f%6e%74%65%6e%74\/uploads\/2016\/04\/b_1461625441.jpg\" rel=\"attachment wp-att-15556\"><img loading=\"lazy\" decoding=\"async\" class=\"aligncenter wp-image-15556 size-full\" src=\"http:\/\/www.isletasnoticias.com.ar\/%77%70%2d%63%6f%6e%74%65%6e%74\/uploads\/2016\/04\/b_1461625441.jpg\" alt=\"b_1461625441\" width=\"492\" height=\"328\" srcset=\"https:\/\/informelitoral.com.ar\/%77%70%2d%63%6f%6e%74%65%6e%74\/uploads\/2016\/04\/b_1461625441.jpg 492w, https:\/\/informelitoral.com.ar\/%77%70%2d%63%6f%6e%74%65%6e%74\/uploads\/2016\/04\/b_1461625441-300x200.jpg 300w\" sizes=\"auto, (max-width: 492px) 100vw, 492px\" \/><\/a><\/strong><\/div>\n<div class=\"herramientas\">\n<div class=\"interior-fecha\">Acompa\u00f1ado por los ministros de Producci\u00f3n, <strong>Carlos Schepens<\/strong>, de Econom\u00eda, <strong>Hugo Ballay<\/strong>, y de Planeamiento, <strong>Luis Benedetto<\/strong>, Bordet anuncio la conformaci\u00f3n del Comit\u00e9 de crisis, que estar\u00e1 integrado por los ministros mencionados y representante de cada una de las entidades del campo y de la Bolsa de Cereales.<\/div>\n<div class=\"interior-fecha\">\nLa intensidad y persistencia de las precipitaciones, sumado a los resabios de las inundaciones han generado en la provincia una situaci\u00f3n sin precedentes, coincidente adem\u00e1s con la \u00e9poca de cosecha, generando p\u00e9rdidas estimadas en 9 mil millones de pesos.Bordet comparti\u00f3 la preocupaci\u00f3n de las entidades y resalt\u00f3 que \u00abestamos trabajando desde que percibimos el problema. He dado especiales instrucciones a los distintos organismos para que se pongan al frente de las tareas y as\u00ed ha sucedido\u00bb, se\u00f1al\u00f3 durante una conferencia de prensa que se realiz\u00f3 en la Municipalidad de Gualeguaych\u00fa.<\/p>\n<p>\u00abEste comit\u00e9 ser\u00e1 la formalizaci\u00f3n de un espacio mancomunado que ya ven\u00eda trabajando. El objetivo &#8211; explic\u00f3- ser\u00e1 analizar cada detalle y estudiar alternativas de soluci\u00f3n. Es un desastre lo que estamos viviendo, pero la provincia har\u00e1 un importante esfuerzo para acompa\u00f1ar a los productores mientras gestionaremos ante Naci\u00f3n pol\u00edticas impositivas y financieras para que no se corte el circuito de pagos\u00bb.<\/p>\n<p>El gobernador remarc\u00f3 que la tarea urgente es restituir la trama vial b\u00e1sica para poder extraer la cosecha. \u00abEsa sola acci\u00f3n nos demandar\u00e1 600 millones. Lo acompa\u00f1an en el encuentro los senadores Sidrid Kunath y Pedro Guastavino del FpV, y Alfredo De Angeli, de Cambiemos, adem\u00e1s de legisladores provinciales del oficialismo y la oposici\u00f3n\u00bb, explic\u00f3.<\/p>\n<p>\u201cTener buena informaci\u00f3n es vital para poder tomar buenas decisiones, si sabemos y compartimos la informaci\u00f3n de lo que est\u00e1 pasando y orientamos la b\u00fasqueda de las soluciones a los recursos que siempre son menores que lo que uno quiere, creo que podemos empezar a encontrar la punta del ovillo para resolver esta situaci\u00f3n que ha llegado para quedarse\u201d, expres\u00f3.<\/p>\n<p>\u201cEsto no es algo que se va a ver de manera extraordinaria, se va a volver a dar en el futuro o habr\u00e1 otro tipo de contingencias clim\u00e1ticas diferentes pero igualmente perjudiciales\u201d, advirti\u00f3 el gobernador entrerriano.<\/p>\n<p>\u201cAnalizamos con productores de la Mesa de Enlace y la Bolsa de Cereales la situaci\u00f3n que est\u00e1 viviendo la provincia, que es de extrema emergencia y desastre en distintos lugares, que abarca todo el territorio provincial y afecta tambi\u00e9n a todas las econom\u00edas regionales de la provincia, pr\u00e1cticamente no hay excepciones\u201d, se\u00f1al\u00f3 Bordet en un contacto con la prensa que se realiz\u00f3 en la Municipalidad de Gualeguaych\u00fa.<\/p>\n<p>\u201cEn este sentido es importante aunar criterios, en ese sentido, poder trabajar en conjunto con nuestros productores y con el gobierno nacional para poder encontrar las v\u00edas de soluci\u00f3n a una crisis que se da por una emergencia en dos sentidos; primero sobre lo urgente, que es lo que nos toca pasar hoy pero tambi\u00e9n para el futuro, que implica que va a haber ingresos que no se van a producir porque hay una p\u00e9rdida importante en la producci\u00f3n de las distintas cadenas de valor. Tambi\u00e9n de capital de trabajo para en el futuro poder seguir con la actividad y hacerla sustentable, son los desaf\u00edos que tenemos\u201d, a\u00f1adi\u00f3.<\/p><\/div>\n<div class=\"addthis_toolbox addthis_default_style\"><\/div>\n<div class=\"clear\"><\/div>\n<\/div>\n<div class=\"interior-texto\">\n<p><strong>Panorama<\/strong><\/p>\n<p>Por su parte, el ministro de Producci\u00f3n, Carlos Schepens, detall\u00f3 la gravedad de la situaci\u00f3n al se\u00f1alar que \u00bb tenemos 750 mil hect\u00e1reas afectadas, la poca soja que se pudo cosechar, tiene un da\u00f1o del 40% al 70% y nos estamos quedando sin pasturas porque la lluvia arrastra todo, generando una insuficiencia de alimentos para el ganado. Pero ante este panorama hemos sido muy \u00e1giles y eficientes dando respuestas en la medida de nuestras posibilidades. Hay variables macro econ\u00f3micas que escapan a nuestras atribuciones\u00bb. Y agreg\u00f3: \u00abnecesitamos el compromiso y responsabilidad de todos los productores porque existen requisitos administrativos que son insoslayables a la hora de acudir en su ayuda\u00bb.<\/p>\n<p><strong>Codo a codo<\/strong><\/p>\n<p>El director de Federaci\u00f3n Agraria, Elvio Gu\u00eda, destac\u00f3: \u201cLo principal es que estamos hablando todos el mismo idioma, sabemos la gravedad del caso y de la gravedad de la situaci\u00f3n, eso ya es en este puntapi\u00e9 inicial, sabiendo donde estamos parados. De ac\u00e1 en m\u00e1s, lo que nosotros le propusimos al gobierno provincial de las entidades que han venido ac\u00e1 a esta reuni\u00f3n hoy es trabajar codo a codo\u201d.<\/p>\n<p>\u201cHemos un documento con algunas sugerencias que a nuestro entender pueden estar tratando de mitigar un poco este problema que estamos teniendo en Entre R\u00edos, que la verdad que nos ha agarrado con pr\u00e1cticamente nada de cosecha levantada, esto ha hecho que se agrave mucho m\u00e1s, han sido casi 25 d\u00edas de p\u00e9rdidas continuas, hoy volvi\u00f3 a llover y agrava m\u00e1s la situaci\u00f3n\u201d, se\u00f1al\u00f3.<\/p>\n<p>Dijo que en el Comit\u00e9 de Crisis \u201cse va a empezar a trabajar codo a codo lo que se pueda resolver a nivel provincial y lo dem\u00e1s habr\u00e1 que gestionarlo a nivel nacional, pero lo principal es que trabajando en conjunto, teniendo un mismo diagn\u00f3stico y estando en la misma vereda, creo que se pueden hacer muchas cosas y esperemos llegar a la mayor cantidad de productores posible, que es lo m\u00e1s dif\u00edcil hoy\u201d, puntualiz\u00f3.<\/p>\n<p>Estuvieron presentes dirigentes de la Federaci\u00f3n Agraria, la Federaci\u00f3n de Cooperativas, Federaci\u00f3n de Asociaciones Rurales y Sociedad Rural Argentina, adem\u00e1s de los directivos de la Bolsa de Cereales de Entre R\u00edos.<\/p>\n<\/div>\n","protected":false},"excerpt":{"rendered":"<p>El gobernador Gustavo Bordet se reuni&oacute; en Gualeguaych&uacute; con la mesa de enlace de entidades agropecuarias a fin de consensuar acciones para afrontar la grave crisis que atraviesa el campo como resultado de los fen&oacute;menos clim&aacute;ticos. &ldquo;Proponemos trabajar codo a codo&rdquo;, dijeron los productores. Acompa&ntilde;ado por los ministros de Producci&oacute;n, Carlos Schepens, de Econom&iacute;a, Hugo [&hellip;]<\/p>\n","protected":false},"author":2,"featured_media":0,"comment_status":"open","ping_status":"open","sticky":false,"template":"","format":"standard","meta":{"fifu_image_url":"","fifu_image_alt":"","footnotes":""},"categories":[10,6],"tags":[],"class_list":{"0":"post-15555","1":"post","2":"type-post","3":"status-publish","4":"format-standard","6":"category-campo","7":"category-entre-rios"},"yoast_head":"<title>El gobierno conform\u00f3 un Comit\u00e9 de Crisis junto a los productores - Informe Litoral<\/title>\n<meta name=\"robots\" content=\"index, follow, max-snippet:-1, max-image-preview:large, max-video-preview:-1\" \/>\n<link rel=\"canonical\" href=\"https:\/\/informelitoral.com.ar\/el-gobierno-conformo-un-comite-de-crisis-junto-a-los-productores\/\" \/>\n<meta property=\"og:locale\" content=\"es_ES\" \/>\n<meta property=\"og:type\" content=\"article\" \/>\n<meta property=\"og:title\" content=\"El gobierno conform\u00f3 un Comit\u00e9 de Crisis junto a los productores - Informe Litoral\" \/>\n<meta property=\"og:description\" content=\"El gobernador Gustavo Bordet se reuni&oacute; en Gualeguaych&uacute; con la mesa de enlace de entidades agropecuarias a fin de consensuar acciones para afrontar la grave crisis que atraviesa el campo como resultado de los fen&oacute;menos clim&aacute;ticos. &ldquo;Proponemos trabajar codo a codo&rdquo;, dijeron los productores. Acompa&ntilde;ado por los ministros de Producci&oacute;n, Carlos Schepens, de Econom&iacute;a, Hugo [&hellip;]\" \/>\n<meta property=\"og:url\" content=\"https:\/\/informelitoral.com.ar\/el-gobierno-conformo-un-comite-de-crisis-junto-a-los-productores\/\" \/>\n<meta property=\"og:site_name\" content=\"Informe Litoral\" \/>\n<meta property=\"article:publisher\" content=\"https:\/\/www.facebook.com\/informelitoral\/\" \/>\n<meta property=\"article:published_time\" content=\"2016-04-26T10:53:32+00:00\" \/>\n<meta property=\"article:modified_time\" content=\"2016-04-26T10:57:49+00:00\" \/>\n<meta property=\"og:image\" content=\"https:\/\/informelitoral.com.ar\/%77%70%2d%63%6f%6e%74%65%6e%74\/uploads\/2016\/04\/b_1461625441.jpg\" \/>\n\t<meta property=\"og:image:width\" content=\"492\" \/>\n\t<meta property=\"og:image:height\" content=\"328\" \/>\n\t<meta property=\"og:image:type\" content=\"image\/jpeg\" \/>\n<meta name=\"author\" content=\"Gonzalo Schmidt\" \/>\n<meta name=\"twitter:card\" content=\"summary_large_image\" \/>\n<meta name=\"twitter:creator\" content=\"@InformeLitoral\" \/>\n<meta name=\"twitter:site\" content=\"@InformeLitoral\" \/>\n<meta name=\"twitter:label1\" content=\"Escrito por\" \/>\n\t<meta name=\"twitter:data1\" content=\"Gonzalo Schmidt\" \/>\n\t<meta name=\"twitter:label2\" content=\"Tiempo de lectura\" \/>\n\t<meta name=\"twitter:data2\" content=\"5 minutos\" \/>\n<script type=\"application\/ld+json\" class=\"yoast-schema-graph\">{\"@context\":\"https:\\\/\\\/schema.org\",\"@graph\":[{\"@type\":\"Article\",\"@id\":\"https:\\\/\\\/informelitoral.com.ar\\\/el-gobierno-conformo-un-comite-de-crisis-junto-a-los-productores\\\/#article\",\"isPartOf\":{\"@id\":\"https:\\\/\\\/informelitoral.com.ar\\\/el-gobierno-conformo-un-comite-de-crisis-junto-a-los-productores\\\/\"},\"author\":{\"name\":\"Gonzalo Schmidt\",\"@id\":\"https:\\\/\\\/informelitoral.com.ar\\\/#\\\/schema\\\/person\\\/b9d00407c836482871ef1d57bf8e3180\"},\"headline\":\"El gobierno conform\u00f3 un Comit\u00e9 de Crisis junto a los productores\",\"datePublished\":\"2016-04-26T10:53:32+00:00\",\"dateModified\":\"2016-04-26T10:57:49+00:00\",\"mainEntityOfPage\":{\"@id\":\"https:\\\/\\\/informelitoral.com.ar\\\/el-gobierno-conformo-un-comite-de-crisis-junto-a-los-productores\\\/\"},\"wordCount\":997,\"commentCount\":0,\"publisher\":{\"@id\":\"https:\\\/\\\/informelitoral.com.ar\\\/#organization\"},\"image\":{\"@id\":\"https:\\\/\\\/informelitoral.com.ar\\\/el-gobierno-conformo-un-comite-de-crisis-junto-a-los-productores\\\/#primaryimage\"},\"thumbnailUrl\":\"http:\\\/\\\/www.isletasnoticias.com.ar\\\/%77%70%2d%63%6f%6e%74%65%6e%74\\\/uploads\\\/2016\\\/04\\\/b_1461625441.jpg\",\"articleSection\":[\"Campo\",\"Entre R\u00edos\"],\"inLanguage\":\"es\",\"potentialAction\":[{\"@type\":\"CommentAction\",\"name\":\"Comment\",\"target\":[\"https:\\\/\\\/informelitoral.com.ar\\\/el-gobierno-conformo-un-comite-de-crisis-junto-a-los-productores\\\/#respond\"]}]},{\"@type\":\"WebPage\",\"@id\":\"https:\\\/\\\/informelitoral.com.ar\\\/el-gobierno-conformo-un-comite-de-crisis-junto-a-los-productores\\\/\",\"url\":\"https:\\\/\\\/informelitoral.com.ar\\\/el-gobierno-conformo-un-comite-de-crisis-junto-a-los-productores\\\/\",\"name\":\"El gobierno conform\u00f3 un Comit\u00e9 de Crisis junto a los productores - Informe Litoral\",\"isPartOf\":{\"@id\":\"https:\\\/\\\/informelitoral.com.ar\\\/#website\"},\"primaryImageOfPage\":{\"@id\":\"https:\\\/\\\/informelitoral.com.ar\\\/el-gobierno-conformo-un-comite-de-crisis-junto-a-los-productores\\\/#primaryimage\"},\"image\":{\"@id\":\"https:\\\/\\\/informelitoral.com.ar\\\/el-gobierno-conformo-un-comite-de-crisis-junto-a-los-productores\\\/#primaryimage\"},\"thumbnailUrl\":\"http:\\\/\\\/www.isletasnoticias.com.ar\\\/%77%70%2d%63%6f%6e%74%65%6e%74\\\/uploads\\\/2016\\\/04\\\/b_1461625441.jpg\",\"datePublished\":\"2016-04-26T10:53:32+00:00\",\"dateModified\":\"2016-04-26T10:57:49+00:00\",\"breadcrumb\":{\"@id\":\"https:\\\/\\\/informelitoral.com.ar\\\/el-gobierno-conformo-un-comite-de-crisis-junto-a-los-productores\\\/#breadcrumb\"},\"inLanguage\":\"es\",\"potentialAction\":[{\"@type\":\"ReadAction\",\"target\":[\"https:\\\/\\\/informelitoral.com.ar\\\/el-gobierno-conformo-un-comite-de-crisis-junto-a-los-productores\\\/\"]}]},{\"@type\":\"ImageObject\",\"inLanguage\":\"es\",\"@id\":\"https:\\\/\\\/informelitoral.com.ar\\\/el-gobierno-conformo-un-comite-de-crisis-junto-a-los-productores\\\/#primaryimage\",\"url\":\"http:\\\/\\\/www.isletasnoticias.com.ar\\\/%77%70%2d%63%6f%6e%74%65%6e%74\\\/uploads\\\/2016\\\/04\\\/b_1461625441.jpg\",\"contentUrl\":\"http:\\\/\\\/www.isletasnoticias.com.ar\\\/%77%70%2d%63%6f%6e%74%65%6e%74\\\/uploads\\\/2016\\\/04\\\/b_1461625441.jpg\"},{\"@type\":\"BreadcrumbList\",\"@id\":\"https:\\\/\\\/informelitoral.com.ar\\\/el-gobierno-conformo-un-comite-de-crisis-junto-a-los-productores\\\/#breadcrumb\",\"itemListElement\":[{\"@type\":\"ListItem\",\"position\":1,\"name\":\"Portada\",\"item\":\"https:\\\/\\\/informelitoral.com.ar\\\/\"},{\"@type\":\"ListItem\",\"position\":2,\"name\":\"El gobierno conform\u00f3 un Comit\u00e9 de Crisis junto a los productores\"}]},{\"@type\":\"WebSite\",\"@id\":\"https:\\\/\\\/informelitoral.com.ar\\\/#website\",\"url\":\"https:\\\/\\\/informelitoral.com.ar\\\/\",\"name\":\"Informe Litoral\",\"description\":\"&quot;Nos informamos&quot; \",\"publisher\":{\"@id\":\"https:\\\/\\\/informelitoral.com.ar\\\/#organization\"},\"potentialAction\":[{\"@type\":\"SearchAction\",\"target\":{\"@type\":\"EntryPoint\",\"urlTemplate\":\"https:\\\/\\\/informelitoral.com.ar\\\/?s={search_term_string}\"},\"query-input\":{\"@type\":\"PropertyValueSpecification\",\"valueRequired\":true,\"valueName\":\"search_term_string\"}}],\"inLanguage\":\"es\"},{\"@type\":\"Organization\",\"@id\":\"https:\\\/\\\/informelitoral.com.ar\\\/#organization\",\"name\":\"Informe Litoral\",\"url\":\"https:\\\/\\\/informelitoral.com.ar\\\/\",\"logo\":{\"@type\":\"ImageObject\",\"inLanguage\":\"es\",\"@id\":\"https:\\\/\\\/informelitoral.com.ar\\\/#\\\/schema\\\/logo\\\/image\\\/\",\"url\":\"https:\\\/\\\/informelitoral.com.ar\\\/%77%70%2d%63%6f%6e%74%65%6e%74\\\/uploads\\\/2021\\\/01\\\/circulo.png\",\"contentUrl\":\"https:\\\/\\\/informelitoral.com.ar\\\/%77%70%2d%63%6f%6e%74%65%6e%74\\\/uploads\\\/2021\\\/01\\\/circulo.png\",\"width\":723,\"height\":731,\"caption\":\"Informe Litoral\"},\"image\":{\"@id\":\"https:\\\/\\\/informelitoral.com.ar\\\/#\\\/schema\\\/logo\\\/image\\\/\"},\"sameAs\":[\"https:\\\/\\\/www.facebook.com\\\/informelitoral\\\/\",\"https:\\\/\\\/x.com\\\/InformeLitoral\",\"https:\\\/\\\/www.instagram.com\\\/informelitoral\\\/\",\"https:\\\/\\\/www.youtube.com\\\/channel\\\/UCua4Qvz8Icb6MYqhoq9xLXw\"]},{\"@type\":\"Person\",\"@id\":\"https:\\\/\\\/informelitoral.com.ar\\\/#\\\/schema\\\/person\\\/b9d00407c836482871ef1d57bf8e3180\",\"name\":\"Gonzalo Schmidt\",\"image\":{\"@type\":\"ImageObject\",\"inLanguage\":\"es\",\"@id\":\"https:\\\/\\\/secure.gravatar.com\\\/avatar\\\/31a1a7b66ff2de83bd0e9fd79d026630d2d99e55e8bfe501287647b4fd9743de?s=96&d=mm&r=g\",\"url\":\"https:\\\/\\\/secure.gravatar.com\\\/avatar\\\/31a1a7b66ff2de83bd0e9fd79d026630d2d99e55e8bfe501287647b4fd9743de?s=96&d=mm&r=g\",\"contentUrl\":\"https:\\\/\\\/secure.gravatar.com\\\/avatar\\\/31a1a7b66ff2de83bd0e9fd79d026630d2d99e55e8bfe501287647b4fd9743de?s=96&d=mm&r=g\",\"caption\":\"Gonzalo Schmidt\"},\"description\":\"Sitio web de noticias de la provincia de Entre R\u00edos, Argentina. Informaci\u00f3n y entretenimiento. Informe Litoral, nos informamos.\",\"sameAs\":[\"http:\\\/\\\/www.isletasnoticias.com.ar\"],\"url\":\"https:\\\/\\\/informelitoral.com.ar\\\/author\\\/gonzalo\\\/\"}]}<\/script>","yoast_head_json":{"title":"El gobierno conform\u00f3 un Comit\u00e9 de Crisis junto a los productores - Informe Litoral","robots":{"index":"index","follow":"follow","max-snippet":"max-snippet:-1","max-image-preview":"max-image-preview:large","max-video-preview":"max-video-preview:-1"},"canonical":"https:\/\/informelitoral.com.ar\/el-gobierno-conformo-un-comite-de-crisis-junto-a-los-productores\/","og_locale":"es_ES","og_type":"article","og_title":"El gobierno conform\u00f3 un Comit\u00e9 de Crisis junto a los productores - Informe Litoral","og_description":"El gobernador Gustavo Bordet se reuni&oacute; en Gualeguaych&uacute; con la mesa de enlace de entidades agropecuarias a fin de consensuar acciones para afrontar la grave crisis que atraviesa el campo como resultado de los fen&oacute;menos clim&aacute;ticos. &ldquo;Proponemos trabajar codo a codo&rdquo;, dijeron los productores. Acompa&ntilde;ado por los ministros de Producci&oacute;n, Carlos Schepens, de Econom&iacute;a, Hugo [&hellip;]","og_url":"https:\/\/informelitoral.com.ar\/el-gobierno-conformo-un-comite-de-crisis-junto-a-los-productores\/","og_site_name":"Informe Litoral","article_publisher":"https:\/\/www.facebook.com\/informelitoral\/","article_published_time":"2016-04-26T10:53:32+00:00","article_modified_time":"2016-04-26T10:57:49+00:00","og_image":[{"width":492,"height":328,"url":"https:\/\/informelitoral.com.ar\/%77%70%2d%63%6f%6e%74%65%6e%74\/uploads\/2016\/04\/b_1461625441.jpg","type":"image\/jpeg"}],"author":"Gonzalo Schmidt","twitter_card":"summary_large_image","twitter_creator":"@InformeLitoral","twitter_site":"@InformeLitoral","twitter_misc":{"Escrito por":"Gonzalo Schmidt","Tiempo de lectura":"5 minutos"},"schema":{"@context":"https:\/\/schema.org","@graph":[{"@type":"Article","@id":"https:\/\/informelitoral.com.ar\/el-gobierno-conformo-un-comite-de-crisis-junto-a-los-productores\/#article","isPartOf":{"@id":"https:\/\/informelitoral.com.ar\/el-gobierno-conformo-un-comite-de-crisis-junto-a-los-productores\/"},"author":{"name":"Gonzalo Schmidt","@id":"https:\/\/informelitoral.com.ar\/#\/schema\/person\/b9d00407c836482871ef1d57bf8e3180"},"headline":"El gobierno conform\u00f3 un Comit\u00e9 de Crisis junto a los productores","datePublished":"2016-04-26T10:53:32+00:00","dateModified":"2016-04-26T10:57:49+00:00","mainEntityOfPage":{"@id":"https:\/\/informelitoral.com.ar\/el-gobierno-conformo-un-comite-de-crisis-junto-a-los-productores\/"},"wordCount":997,"commentCount":0,"publisher":{"@id":"https:\/\/informelitoral.com.ar\/#organization"},"image":{"@id":"https:\/\/informelitoral.com.ar\/el-gobierno-conformo-un-comite-de-crisis-junto-a-los-productores\/#primaryimage"},"thumbnailUrl":"http:\/\/www.isletasnoticias.com.ar\/%77%70%2d%63%6f%6e%74%65%6e%74\/uploads\/2016\/04\/b_1461625441.jpg","articleSection":["Campo","Entre R\u00edos"],"inLanguage":"es","potentialAction":[{"@type":"CommentAction","name":"Comment","target":["https:\/\/informelitoral.com.ar\/el-gobierno-conformo-un-comite-de-crisis-junto-a-los-productores\/#respond"]}]},{"@type":"WebPage","@id":"https:\/\/informelitoral.com.ar\/el-gobierno-conformo-un-comite-de-crisis-junto-a-los-productores\/","url":"https:\/\/informelitoral.com.ar\/el-gobierno-conformo-un-comite-de-crisis-junto-a-los-productores\/","name":"El gobierno conform\u00f3 un Comit\u00e9 de Crisis junto a los productores - Informe Litoral","isPartOf":{"@id":"https:\/\/informelitoral.com.ar\/#website"},"primaryImageOfPage":{"@id":"https:\/\/informelitoral.com.ar\/el-gobierno-conformo-un-comite-de-crisis-junto-a-los-productores\/#primaryimage"},"image":{"@id":"https:\/\/informelitoral.com.ar\/el-gobierno-conformo-un-comite-de-crisis-junto-a-los-productores\/#primaryimage"},"thumbnailUrl":"http:\/\/www.isletasnoticias.com.ar\/%77%70%2d%63%6f%6e%74%65%6e%74\/uploads\/2016\/04\/b_1461625441.jpg","datePublished":"2016-04-26T10:53:32+00:00","dateModified":"2016-04-26T10:57:49+00:00","breadcrumb":{"@id":"https:\/\/informelitoral.com.ar\/el-gobierno-conformo-un-comite-de-crisis-junto-a-los-productores\/#breadcrumb"},"inLanguage":"es","potentialAction":[{"@type":"ReadAction","target":["https:\/\/informelitoral.com.ar\/el-gobierno-conformo-un-comite-de-crisis-junto-a-los-productores\/"]}]},{"@type":"ImageObject","inLanguage":"es","@id":"https:\/\/informelitoral.com.ar\/el-gobierno-conformo-un-comite-de-crisis-junto-a-los-productores\/#primaryimage","url":"http:\/\/www.isletasnoticias.com.ar\/%77%70%2d%63%6f%6e%74%65%6e%74\/uploads\/2016\/04\/b_1461625441.jpg","contentUrl":"http:\/\/www.isletasnoticias.com.ar\/%77%70%2d%63%6f%6e%74%65%6e%74\/uploads\/2016\/04\/b_1461625441.jpg"},{"@type":"BreadcrumbList","@id":"https:\/\/informelitoral.com.ar\/el-gobierno-conformo-un-comite-de-crisis-junto-a-los-productores\/#breadcrumb","itemListElement":[{"@type":"ListItem","position":1,"name":"Portada","item":"https:\/\/informelitoral.com.ar\/"},{"@type":"ListItem","position":2,"name":"El gobierno conform\u00f3 un Comit\u00e9 de Crisis junto a los productores"}]},{"@type":"WebSite","@id":"https:\/\/informelitoral.com.ar\/#website","url":"https:\/\/informelitoral.com.ar\/","name":"Informe Litoral","description":"&quot;Nos informamos&quot; ","publisher":{"@id":"https:\/\/informelitoral.com.ar\/#organization"},"potentialAction":[{"@type":"SearchAction","target":{"@type":"EntryPoint","urlTemplate":"https:\/\/informelitoral.com.ar\/?s={search_term_string}"},"query-input":{"@type":"PropertyValueSpecification","valueRequired":true,"valueName":"search_term_string"}}],"inLanguage":"es"},{"@type":"Organization","@id":"https:\/\/informelitoral.com.ar\/#organization","name":"Informe Litoral","url":"https:\/\/informelitoral.com.ar\/","logo":{"@type":"ImageObject","inLanguage":"es","@id":"https:\/\/informelitoral.com.ar\/#\/schema\/logo\/image\/","url":"https:\/\/informelitoral.com.ar\/%77%70%2d%63%6f%6e%74%65%6e%74\/uploads\/2021\/01\/circulo.png","contentUrl":"https:\/\/informelitoral.com.ar\/%77%70%2d%63%6f%6e%74%65%6e%74\/uploads\/2021\/01\/circulo.png","width":723,"height":731,"caption":"Informe Litoral"},"image":{"@id":"https:\/\/informelitoral.com.ar\/#\/schema\/logo\/image\/"},"sameAs":["https:\/\/www.facebook.com\/informelitoral\/","https:\/\/x.com\/InformeLitoral","https:\/\/www.instagram.com\/informelitoral\/","https:\/\/www.youtube.com\/channel\/UCua4Qvz8Icb6MYqhoq9xLXw"]},{"@type":"Person","@id":"https:\/\/informelitoral.com.ar\/#\/schema\/person\/b9d00407c836482871ef1d57bf8e3180","name":"Gonzalo Schmidt","image":{"@type":"ImageObject","inLanguage":"es","@id":"https:\/\/secure.gravatar.com\/avatar\/31a1a7b66ff2de83bd0e9fd79d026630d2d99e55e8bfe501287647b4fd9743de?s=96&d=mm&r=g","url":"https:\/\/secure.gravatar.com\/avatar\/31a1a7b66ff2de83bd0e9fd79d026630d2d99e55e8bfe501287647b4fd9743de?s=96&d=mm&r=g","contentUrl":"https:\/\/secure.gravatar.com\/avatar\/31a1a7b66ff2de83bd0e9fd79d026630d2d99e55e8bfe501287647b4fd9743de?s=96&d=mm&r=g","caption":"Gonzalo Schmidt"},"description":"Sitio web de noticias de la provincia de Entre R\u00edos, Argentina. Informaci\u00f3n y entretenimiento. Informe Litoral, nos informamos.","sameAs":["http:\/\/www.isletasnoticias.com.ar"],"url":"https:\/\/informelitoral.com.ar\/author\/gonzalo\/"}]}},"_links":{"self":[{"href":"https:\/\/informelitoral.com.ar\/%77%70%2d%6a%73%6f%6e\/wp\/v2\/posts\/15555","targetHints":{"allow":["GET"]}}],"collection":[{"href":"https:\/\/informelitoral.com.ar\/%77%70%2d%6a%73%6f%6e\/wp\/v2\/posts"}],"about":[{"href":"https:\/\/informelitoral.com.ar\/%77%70%2d%6a%73%6f%6e\/wp\/v2\/types\/post"}],"author":[{"embeddable":true,"href":"https:\/\/informelitoral.com.ar\/%77%70%2d%6a%73%6f%6e\/wp\/v2\/users\/2"}],"replies":[{"embeddable":true,"href":"https:\/\/informelitoral.com.ar\/%77%70%2d%6a%73%6f%6e\/wp\/v2\/comments?post=15555"}],"version-history":[{"count":0,"href":"https:\/\/informelitoral.com.ar\/%77%70%2d%6a%73%6f%6e\/wp\/v2\/posts\/15555\/revisions"}],"wp:attachment":[{"href":"https:\/\/informelitoral.com.ar\/%77%70%2d%6a%73%6f%6e\/wp\/v2\/media?parent=15555"}],"wp:term":[{"taxonomy":"category","embeddable":true,"href":"https:\/\/informelitoral.com.ar\/%77%70%2d%6a%73%6f%6e\/wp\/v2\/categories?post=15555"},{"taxonomy":"post_tag","embeddable":true,"href":"https:\/\/informelitoral.com.ar\/%77%70%2d%6a%73%6f%6e\/wp\/v2\/tags?post=15555"}],"curies":[{"name":"wp","href":"https:\/\/api.w.org\/{rel}","templated":true}]}}