{"id":15549,"date":"2016-04-25T15:24:52","date_gmt":"2016-04-25T18:24:52","guid":{"rendered":"http:\/\/www.isletasnoticias.com.ar\/?p=15549"},"modified":"2016-04-25T15:26:38","modified_gmt":"2016-04-25T18:26:38","slug":"mauricio-macri-venimos-de-un-estado-que-creaba-empleo-publico-artificial","status":"publish","type":"post","link":"https:\/\/informelitoral.com.ar\/mauricio-macri-venimos-de-un-estado-que-creaba-empleo-publico-artificial\/","title":{"rendered":"Mauricio Macri: \u00abVenimos de un Estado que creaba empleo p\u00fablico artificial\u00bb"},"content":{"rendered":"<p><strong>El Presidente anunci\u00f3 el env\u00edo al Congreso de un proyecto de ley para beneficiar a j\u00f3venes de entre 18 y 25 a\u00f1os. Esta ma\u00f1ana tambi\u00e9n hab\u00eda hablado sobre el tema en medio de la pol\u00e9mica por el cepo laboral.<a href=\"http:\/\/www.isletasnoticias.com.ar\/%77%70%2d%63%6f%6e%74%65%6e%74\/uploads\/2016\/04\/0014279325.jpg\" rel=\"attachment wp-att-15550\"><img loading=\"lazy\" decoding=\"async\" class=\"aligncenter wp-image-15550 size-full\" src=\"http:\/\/www.isletasnoticias.com.ar\/%77%70%2d%63%6f%6e%74%65%6e%74\/uploads\/2016\/04\/0014279325.jpg\" alt=\"0014279325\" width=\"770\" height=\"433\" srcset=\"https:\/\/informelitoral.com.ar\/%77%70%2d%63%6f%6e%74%65%6e%74\/uploads\/2016\/04\/0014279325.jpg 770w, https:\/\/informelitoral.com.ar\/%77%70%2d%63%6f%6e%74%65%6e%74\/uploads\/2016\/04\/0014279325-300x169.jpg 300w, https:\/\/informelitoral.com.ar\/%77%70%2d%63%6f%6e%74%65%6e%74\/uploads\/2016\/04\/0014279325-768x432.jpg 768w\" sizes=\"auto, (max-width: 770px) 100vw, 770px\" \/><\/a><\/strong>El presidente <strong>Mauricio Macri<\/strong> present\u00f3 oficialmente este mediod\u00eda el proyecto de ley de primer empleo en la Casa Rosada. El anuncio surgi\u00f3 en medio de la pol\u00e9mica por el proyecto que impulsa la oposici\u00f3n para prohibir los despidos.<\/p>\n<div>\n<p>En un discurso que pronunci\u00f3 en Casa Rosada, el jefe de Estado se\u00f1al\u00f3 que la Argentina est\u00e1 en \u00abun momento de transici\u00f3n\u00bb, en el que tuvo que \u00abtomar decisiones dif\u00edciles que han dolido\u00bb porque hay \u00abmucha gente que le cuesta llegar a fin de mes\u00bb.<\/p>\n<p>De todos modos se\u00f1al\u00f3 que \u00abse est\u00e1 haciendo lo correcto\u00bb porque se atraviesa \u00abuna etapa de sinceramiento\u00bb que va a generar \u00abconfianza y previsibilidad\u00bb en un plazo no muy lejano. \u00abRecordando el punto de partida, un pa\u00eds que hace cinco a\u00f1os no genera empleo; son cinco a\u00f1os que se viene escondiendo, con la creaci\u00f3n de empleo p\u00fablico artificial, la incapacidad de crecer, de crear trabajo formal\u00bb, dispar\u00f3.<\/p>\n<p>La iniciativa ser\u00e1 girada al Congreso de la Naci\u00f3n y est\u00e1 destinada a generar condiciones para favorecer a los j\u00f3venes de entre 18 y 24 a\u00f1os, que suelen tener grandes dificultades a la hora de insertarse en el mercado laboral: \u00abLes daremos exenciones y subsidios a las empresas que les den una oportunidad laboral\u00bb, anunci\u00f3 el jefe de Estado en rueda de prensa.<\/p>\n<p>Esta ma\u00f1ana, Macri dio un mensaje ante empresarios espa\u00f1oles durante el cual resalt\u00f3 el mismo concepto: que la Argentina hace cinco a\u00f1os que no genera trabajo. Ese es uno de los principales argumentos del Poder Ejecutivo para rechazar las iniciativas planteadas por la oposici\u00f3n en ambas c\u00e1maras del Congreso. <em>(Infobae)<\/em><\/p>\n<\/div>\n","protected":false},"excerpt":{"rendered":"<p>El Presidente anunci&oacute; el env&iacute;o al Congreso de un proyecto de ley para beneficiar a j&oacute;venes de entre 18 y 25 a&ntilde;os. Esta ma&ntilde;ana tambi&eacute;n hab&iacute;a hablado sobre el tema en medio de la pol&eacute;mica por el cepo laboral.El presidente Mauricio Macri present&oacute; oficialmente este mediod&iacute;a el proyecto de ley de primer empleo en la [&hellip;]<\/p>\n","protected":false},"author":2,"featured_media":0,"comment_status":"open","ping_status":"open","sticky":false,"template":"","format":"standard","meta":{"fifu_image_url":"","fifu_image_alt":"","footnotes":""},"categories":[7,16],"tags":[],"class_list":{"0":"post-15549","1":"post","2":"type-post","3":"status-publish","4":"format-standard","6":"category-nacionales","7":"category-politi"},"yoast_head":"<title>Mauricio Macri: &quot;Venimos de un Estado que creaba empleo p\u00fablico artificial&quot; - Informe Litoral<\/title>\n<meta name=\"robots\" content=\"index, follow, max-snippet:-1, max-image-preview:large, max-video-preview:-1\" \/>\n<link rel=\"canonical\" href=\"https:\/\/informelitoral.com.ar\/mauricio-macri-venimos-de-un-estado-que-creaba-empleo-publico-artificial\/\" \/>\n<meta property=\"og:locale\" content=\"es_ES\" \/>\n<meta property=\"og:type\" content=\"article\" \/>\n<meta property=\"og:title\" content=\"Mauricio Macri: &quot;Venimos de un Estado que creaba empleo p\u00fablico artificial&quot; - Informe Litoral\" \/>\n<meta property=\"og:description\" content=\"El Presidente anunci&oacute; el env&iacute;o al Congreso de un proyecto de ley para beneficiar a j&oacute;venes de entre 18 y 25 a&ntilde;os. Esta ma&ntilde;ana tambi&eacute;n hab&iacute;a hablado sobre el tema en medio de la pol&eacute;mica por el cepo laboral.El presidente Mauricio Macri present&oacute; oficialmente este mediod&iacute;a el proyecto de ley de primer empleo en la [&hellip;]\" \/>\n<meta property=\"og:url\" content=\"https:\/\/informelitoral.com.ar\/mauricio-macri-venimos-de-un-estado-que-creaba-empleo-publico-artificial\/\" \/>\n<meta property=\"og:site_name\" content=\"Informe Litoral\" \/>\n<meta property=\"article:publisher\" content=\"https:\/\/www.facebook.com\/informelitoral\/\" \/>\n<meta property=\"article:published_time\" content=\"2016-04-25T18:24:52+00:00\" \/>\n<meta property=\"article:modified_time\" content=\"2016-04-25T18:26:38+00:00\" \/>\n<meta property=\"og:image\" content=\"https:\/\/informelitoral.com.ar\/%77%70%2d%63%6f%6e%74%65%6e%74\/uploads\/2016\/04\/0014279325.jpg\" \/>\n\t<meta property=\"og:image:width\" content=\"770\" \/>\n\t<meta property=\"og:image:height\" content=\"433\" \/>\n\t<meta property=\"og:image:type\" content=\"image\/jpeg\" \/>\n<meta name=\"author\" content=\"Gonzalo Schmidt\" \/>\n<meta name=\"twitter:card\" content=\"summary_large_image\" \/>\n<meta name=\"twitter:creator\" content=\"@InformeLitoral\" \/>\n<meta name=\"twitter:site\" content=\"@InformeLitoral\" \/>\n<meta name=\"twitter:label1\" content=\"Escrito por\" \/>\n\t<meta name=\"twitter:data1\" content=\"Gonzalo Schmidt\" \/>\n\t<meta name=\"twitter:label2\" content=\"Tiempo de lectura\" \/>\n\t<meta name=\"twitter:data2\" content=\"2 minutos\" \/>\n<script type=\"application\/ld+json\" class=\"yoast-schema-graph\">{\"@context\":\"https:\\\/\\\/schema.org\",\"@graph\":[{\"@type\":\"Article\",\"@id\":\"https:\\\/\\\/informelitoral.com.ar\\\/mauricio-macri-venimos-de-un-estado-que-creaba-empleo-publico-artificial\\\/#article\",\"isPartOf\":{\"@id\":\"https:\\\/\\\/informelitoral.com.ar\\\/mauricio-macri-venimos-de-un-estado-que-creaba-empleo-publico-artificial\\\/\"},\"author\":{\"name\":\"Gonzalo Schmidt\",\"@id\":\"https:\\\/\\\/informelitoral.com.ar\\\/#\\\/schema\\\/person\\\/b9d00407c836482871ef1d57bf8e3180\"},\"headline\":\"Mauricio Macri: \u00abVenimos de un Estado que creaba empleo p\u00fablico artificial\u00bb\",\"datePublished\":\"2016-04-25T18:24:52+00:00\",\"dateModified\":\"2016-04-25T18:26:38+00:00\",\"mainEntityOfPage\":{\"@id\":\"https:\\\/\\\/informelitoral.com.ar\\\/mauricio-macri-venimos-de-un-estado-que-creaba-empleo-publico-artificial\\\/\"},\"wordCount\":337,\"commentCount\":0,\"publisher\":{\"@id\":\"https:\\\/\\\/informelitoral.com.ar\\\/#organization\"},\"image\":{\"@id\":\"https:\\\/\\\/informelitoral.com.ar\\\/mauricio-macri-venimos-de-un-estado-que-creaba-empleo-publico-artificial\\\/#primaryimage\"},\"thumbnailUrl\":\"http:\\\/\\\/www.isletasnoticias.com.ar\\\/%77%70%2d%63%6f%6e%74%65%6e%74\\\/uploads\\\/2016\\\/04\\\/0014279325.jpg\",\"articleSection\":[\"Nacionales\",\"Politica\"],\"inLanguage\":\"es\",\"potentialAction\":[{\"@type\":\"CommentAction\",\"name\":\"Comment\",\"target\":[\"https:\\\/\\\/informelitoral.com.ar\\\/mauricio-macri-venimos-de-un-estado-que-creaba-empleo-publico-artificial\\\/#respond\"]}]},{\"@type\":\"WebPage\",\"@id\":\"https:\\\/\\\/informelitoral.com.ar\\\/mauricio-macri-venimos-de-un-estado-que-creaba-empleo-publico-artificial\\\/\",\"url\":\"https:\\\/\\\/informelitoral.com.ar\\\/mauricio-macri-venimos-de-un-estado-que-creaba-empleo-publico-artificial\\\/\",\"name\":\"Mauricio Macri: \\\"Venimos de un Estado que creaba empleo p\u00fablico artificial\\\" - Informe Litoral\",\"isPartOf\":{\"@id\":\"https:\\\/\\\/informelitoral.com.ar\\\/#website\"},\"primaryImageOfPage\":{\"@id\":\"https:\\\/\\\/informelitoral.com.ar\\\/mauricio-macri-venimos-de-un-estado-que-creaba-empleo-publico-artificial\\\/#primaryimage\"},\"image\":{\"@id\":\"https:\\\/\\\/informelitoral.com.ar\\\/mauricio-macri-venimos-de-un-estado-que-creaba-empleo-publico-artificial\\\/#primaryimage\"},\"thumbnailUrl\":\"http:\\\/\\\/www.isletasnoticias.com.ar\\\/%77%70%2d%63%6f%6e%74%65%6e%74\\\/uploads\\\/2016\\\/04\\\/0014279325.jpg\",\"datePublished\":\"2016-04-25T18:24:52+00:00\",\"dateModified\":\"2016-04-25T18:26:38+00:00\",\"breadcrumb\":{\"@id\":\"https:\\\/\\\/informelitoral.com.ar\\\/mauricio-macri-venimos-de-un-estado-que-creaba-empleo-publico-artificial\\\/#breadcrumb\"},\"inLanguage\":\"es\",\"potentialAction\":[{\"@type\":\"ReadAction\",\"target\":[\"https:\\\/\\\/informelitoral.com.ar\\\/mauricio-macri-venimos-de-un-estado-que-creaba-empleo-publico-artificial\\\/\"]}]},{\"@type\":\"ImageObject\",\"inLanguage\":\"es\",\"@id\":\"https:\\\/\\\/informelitoral.com.ar\\\/mauricio-macri-venimos-de-un-estado-que-creaba-empleo-publico-artificial\\\/#primaryimage\",\"url\":\"http:\\\/\\\/www.isletasnoticias.com.ar\\\/%77%70%2d%63%6f%6e%74%65%6e%74\\\/uploads\\\/2016\\\/04\\\/0014279325.jpg\",\"contentUrl\":\"http:\\\/\\\/www.isletasnoticias.com.ar\\\/%77%70%2d%63%6f%6e%74%65%6e%74\\\/uploads\\\/2016\\\/04\\\/0014279325.jpg\"},{\"@type\":\"BreadcrumbList\",\"@id\":\"https:\\\/\\\/informelitoral.com.ar\\\/mauricio-macri-venimos-de-un-estado-que-creaba-empleo-publico-artificial\\\/#breadcrumb\",\"itemListElement\":[{\"@type\":\"ListItem\",\"position\":1,\"name\":\"Portada\",\"item\":\"https:\\\/\\\/informelitoral.com.ar\\\/\"},{\"@type\":\"ListItem\",\"position\":2,\"name\":\"Mauricio Macri: \u00abVenimos de un Estado que creaba empleo p\u00fablico artificial\u00bb\"}]},{\"@type\":\"WebSite\",\"@id\":\"https:\\\/\\\/informelitoral.com.ar\\\/#website\",\"url\":\"https:\\\/\\\/informelitoral.com.ar\\\/\",\"name\":\"Informe Litoral\",\"description\":\"&quot;Nos informamos&quot; \",\"publisher\":{\"@id\":\"https:\\\/\\\/informelitoral.com.ar\\\/#organization\"},\"potentialAction\":[{\"@type\":\"SearchAction\",\"target\":{\"@type\":\"EntryPoint\",\"urlTemplate\":\"https:\\\/\\\/informelitoral.com.ar\\\/?s={search_term_string}\"},\"query-input\":{\"@type\":\"PropertyValueSpecification\",\"valueRequired\":true,\"valueName\":\"search_term_string\"}}],\"inLanguage\":\"es\"},{\"@type\":\"Organization\",\"@id\":\"https:\\\/\\\/informelitoral.com.ar\\\/#organization\",\"name\":\"Informe Litoral\",\"url\":\"https:\\\/\\\/informelitoral.com.ar\\\/\",\"logo\":{\"@type\":\"ImageObject\",\"inLanguage\":\"es\",\"@id\":\"https:\\\/\\\/informelitoral.com.ar\\\/#\\\/schema\\\/logo\\\/image\\\/\",\"url\":\"https:\\\/\\\/informelitoral.com.ar\\\/%77%70%2d%63%6f%6e%74%65%6e%74\\\/uploads\\\/2021\\\/01\\\/circulo.png\",\"contentUrl\":\"https:\\\/\\\/informelitoral.com.ar\\\/%77%70%2d%63%6f%6e%74%65%6e%74\\\/uploads\\\/2021\\\/01\\\/circulo.png\",\"width\":723,\"height\":731,\"caption\":\"Informe Litoral\"},\"image\":{\"@id\":\"https:\\\/\\\/informelitoral.com.ar\\\/#\\\/schema\\\/logo\\\/image\\\/\"},\"sameAs\":[\"https:\\\/\\\/www.facebook.com\\\/informelitoral\\\/\",\"https:\\\/\\\/x.com\\\/InformeLitoral\",\"https:\\\/\\\/www.instagram.com\\\/informelitoral\\\/\",\"https:\\\/\\\/www.youtube.com\\\/channel\\\/UCua4Qvz8Icb6MYqhoq9xLXw\"]},{\"@type\":\"Person\",\"@id\":\"https:\\\/\\\/informelitoral.com.ar\\\/#\\\/schema\\\/person\\\/b9d00407c836482871ef1d57bf8e3180\",\"name\":\"Gonzalo Schmidt\",\"image\":{\"@type\":\"ImageObject\",\"inLanguage\":\"es\",\"@id\":\"https:\\\/\\\/secure.gravatar.com\\\/avatar\\\/31a1a7b66ff2de83bd0e9fd79d026630d2d99e55e8bfe501287647b4fd9743de?s=96&d=mm&r=g\",\"url\":\"https:\\\/\\\/secure.gravatar.com\\\/avatar\\\/31a1a7b66ff2de83bd0e9fd79d026630d2d99e55e8bfe501287647b4fd9743de?s=96&d=mm&r=g\",\"contentUrl\":\"https:\\\/\\\/secure.gravatar.com\\\/avatar\\\/31a1a7b66ff2de83bd0e9fd79d026630d2d99e55e8bfe501287647b4fd9743de?s=96&d=mm&r=g\",\"caption\":\"Gonzalo Schmidt\"},\"description\":\"Sitio web de noticias de la provincia de Entre R\u00edos, Argentina. Informaci\u00f3n y entretenimiento. Informe Litoral, nos informamos.\",\"sameAs\":[\"http:\\\/\\\/www.isletasnoticias.com.ar\"],\"url\":\"https:\\\/\\\/informelitoral.com.ar\\\/author\\\/gonzalo\\\/\"}]}<\/script>","yoast_head_json":{"title":"Mauricio Macri: \"Venimos de un Estado que creaba empleo p\u00fablico artificial\" - Informe Litoral","robots":{"index":"index","follow":"follow","max-snippet":"max-snippet:-1","max-image-preview":"max-image-preview:large","max-video-preview":"max-video-preview:-1"},"canonical":"https:\/\/informelitoral.com.ar\/mauricio-macri-venimos-de-un-estado-que-creaba-empleo-publico-artificial\/","og_locale":"es_ES","og_type":"article","og_title":"Mauricio Macri: \"Venimos de un Estado que creaba empleo p\u00fablico artificial\" - Informe Litoral","og_description":"El Presidente anunci&oacute; el env&iacute;o al Congreso de un proyecto de ley para beneficiar a j&oacute;venes de entre 18 y 25 a&ntilde;os. Esta ma&ntilde;ana tambi&eacute;n hab&iacute;a hablado sobre el tema en medio de la pol&eacute;mica por el cepo laboral.El presidente Mauricio Macri present&oacute; oficialmente este mediod&iacute;a el proyecto de ley de primer empleo en la [&hellip;]","og_url":"https:\/\/informelitoral.com.ar\/mauricio-macri-venimos-de-un-estado-que-creaba-empleo-publico-artificial\/","og_site_name":"Informe Litoral","article_publisher":"https:\/\/www.facebook.com\/informelitoral\/","article_published_time":"2016-04-25T18:24:52+00:00","article_modified_time":"2016-04-25T18:26:38+00:00","og_image":[{"width":770,"height":433,"url":"https:\/\/informelitoral.com.ar\/%77%70%2d%63%6f%6e%74%65%6e%74\/uploads\/2016\/04\/0014279325.jpg","type":"image\/jpeg"}],"author":"Gonzalo Schmidt","twitter_card":"summary_large_image","twitter_creator":"@InformeLitoral","twitter_site":"@InformeLitoral","twitter_misc":{"Escrito por":"Gonzalo Schmidt","Tiempo de lectura":"2 minutos"},"schema":{"@context":"https:\/\/schema.org","@graph":[{"@type":"Article","@id":"https:\/\/informelitoral.com.ar\/mauricio-macri-venimos-de-un-estado-que-creaba-empleo-publico-artificial\/#article","isPartOf":{"@id":"https:\/\/informelitoral.com.ar\/mauricio-macri-venimos-de-un-estado-que-creaba-empleo-publico-artificial\/"},"author":{"name":"Gonzalo Schmidt","@id":"https:\/\/informelitoral.com.ar\/#\/schema\/person\/b9d00407c836482871ef1d57bf8e3180"},"headline":"Mauricio Macri: \u00abVenimos de un Estado que creaba empleo p\u00fablico artificial\u00bb","datePublished":"2016-04-25T18:24:52+00:00","dateModified":"2016-04-25T18:26:38+00:00","mainEntityOfPage":{"@id":"https:\/\/informelitoral.com.ar\/mauricio-macri-venimos-de-un-estado-que-creaba-empleo-publico-artificial\/"},"wordCount":337,"commentCount":0,"publisher":{"@id":"https:\/\/informelitoral.com.ar\/#organization"},"image":{"@id":"https:\/\/informelitoral.com.ar\/mauricio-macri-venimos-de-un-estado-que-creaba-empleo-publico-artificial\/#primaryimage"},"thumbnailUrl":"http:\/\/www.isletasnoticias.com.ar\/%77%70%2d%63%6f%6e%74%65%6e%74\/uploads\/2016\/04\/0014279325.jpg","articleSection":["Nacionales","Politica"],"inLanguage":"es","potentialAction":[{"@type":"CommentAction","name":"Comment","target":["https:\/\/informelitoral.com.ar\/mauricio-macri-venimos-de-un-estado-que-creaba-empleo-publico-artificial\/#respond"]}]},{"@type":"WebPage","@id":"https:\/\/informelitoral.com.ar\/mauricio-macri-venimos-de-un-estado-que-creaba-empleo-publico-artificial\/","url":"https:\/\/informelitoral.com.ar\/mauricio-macri-venimos-de-un-estado-que-creaba-empleo-publico-artificial\/","name":"Mauricio Macri: \"Venimos de un Estado que creaba empleo p\u00fablico artificial\" - Informe Litoral","isPartOf":{"@id":"https:\/\/informelitoral.com.ar\/#website"},"primaryImageOfPage":{"@id":"https:\/\/informelitoral.com.ar\/mauricio-macri-venimos-de-un-estado-que-creaba-empleo-publico-artificial\/#primaryimage"},"image":{"@id":"https:\/\/informelitoral.com.ar\/mauricio-macri-venimos-de-un-estado-que-creaba-empleo-publico-artificial\/#primaryimage"},"thumbnailUrl":"http:\/\/www.isletasnoticias.com.ar\/%77%70%2d%63%6f%6e%74%65%6e%74\/uploads\/2016\/04\/0014279325.jpg","datePublished":"2016-04-25T18:24:52+00:00","dateModified":"2016-04-25T18:26:38+00:00","breadcrumb":{"@id":"https:\/\/informelitoral.com.ar\/mauricio-macri-venimos-de-un-estado-que-creaba-empleo-publico-artificial\/#breadcrumb"},"inLanguage":"es","potentialAction":[{"@type":"ReadAction","target":["https:\/\/informelitoral.com.ar\/mauricio-macri-venimos-de-un-estado-que-creaba-empleo-publico-artificial\/"]}]},{"@type":"ImageObject","inLanguage":"es","@id":"https:\/\/informelitoral.com.ar\/mauricio-macri-venimos-de-un-estado-que-creaba-empleo-publico-artificial\/#primaryimage","url":"http:\/\/www.isletasnoticias.com.ar\/%77%70%2d%63%6f%6e%74%65%6e%74\/uploads\/2016\/04\/0014279325.jpg","contentUrl":"http:\/\/www.isletasnoticias.com.ar\/%77%70%2d%63%6f%6e%74%65%6e%74\/uploads\/2016\/04\/0014279325.jpg"},{"@type":"BreadcrumbList","@id":"https:\/\/informelitoral.com.ar\/mauricio-macri-venimos-de-un-estado-que-creaba-empleo-publico-artificial\/#breadcrumb","itemListElement":[{"@type":"ListItem","position":1,"name":"Portada","item":"https:\/\/informelitoral.com.ar\/"},{"@type":"ListItem","position":2,"name":"Mauricio Macri: \u00abVenimos de un Estado que creaba empleo p\u00fablico artificial\u00bb"}]},{"@type":"WebSite","@id":"https:\/\/informelitoral.com.ar\/#website","url":"https:\/\/informelitoral.com.ar\/","name":"Informe Litoral","description":"&quot;Nos informamos&quot; ","publisher":{"@id":"https:\/\/informelitoral.com.ar\/#organization"},"potentialAction":[{"@type":"SearchAction","target":{"@type":"EntryPoint","urlTemplate":"https:\/\/informelitoral.com.ar\/?s={search_term_string}"},"query-input":{"@type":"PropertyValueSpecification","valueRequired":true,"valueName":"search_term_string"}}],"inLanguage":"es"},{"@type":"Organization","@id":"https:\/\/informelitoral.com.ar\/#organization","name":"Informe Litoral","url":"https:\/\/informelitoral.com.ar\/","logo":{"@type":"ImageObject","inLanguage":"es","@id":"https:\/\/informelitoral.com.ar\/#\/schema\/logo\/image\/","url":"https:\/\/informelitoral.com.ar\/%77%70%2d%63%6f%6e%74%65%6e%74\/uploads\/2021\/01\/circulo.png","contentUrl":"https:\/\/informelitoral.com.ar\/%77%70%2d%63%6f%6e%74%65%6e%74\/uploads\/2021\/01\/circulo.png","width":723,"height":731,"caption":"Informe Litoral"},"image":{"@id":"https:\/\/informelitoral.com.ar\/#\/schema\/logo\/image\/"},"sameAs":["https:\/\/www.facebook.com\/informelitoral\/","https:\/\/x.com\/InformeLitoral","https:\/\/www.instagram.com\/informelitoral\/","https:\/\/www.youtube.com\/channel\/UCua4Qvz8Icb6MYqhoq9xLXw"]},{"@type":"Person","@id":"https:\/\/informelitoral.com.ar\/#\/schema\/person\/b9d00407c836482871ef1d57bf8e3180","name":"Gonzalo Schmidt","image":{"@type":"ImageObject","inLanguage":"es","@id":"https:\/\/secure.gravatar.com\/avatar\/31a1a7b66ff2de83bd0e9fd79d026630d2d99e55e8bfe501287647b4fd9743de?s=96&d=mm&r=g","url":"https:\/\/secure.gravatar.com\/avatar\/31a1a7b66ff2de83bd0e9fd79d026630d2d99e55e8bfe501287647b4fd9743de?s=96&d=mm&r=g","contentUrl":"https:\/\/secure.gravatar.com\/avatar\/31a1a7b66ff2de83bd0e9fd79d026630d2d99e55e8bfe501287647b4fd9743de?s=96&d=mm&r=g","caption":"Gonzalo Schmidt"},"description":"Sitio web de noticias de la provincia de Entre R\u00edos, Argentina. Informaci\u00f3n y entretenimiento. Informe Litoral, nos informamos.","sameAs":["http:\/\/www.isletasnoticias.com.ar"],"url":"https:\/\/informelitoral.com.ar\/author\/gonzalo\/"}]}},"_links":{"self":[{"href":"https:\/\/informelitoral.com.ar\/%77%70%2d%6a%73%6f%6e\/wp\/v2\/posts\/15549","targetHints":{"allow":["GET"]}}],"collection":[{"href":"https:\/\/informelitoral.com.ar\/%77%70%2d%6a%73%6f%6e\/wp\/v2\/posts"}],"about":[{"href":"https:\/\/informelitoral.com.ar\/%77%70%2d%6a%73%6f%6e\/wp\/v2\/types\/post"}],"author":[{"embeddable":true,"href":"https:\/\/informelitoral.com.ar\/%77%70%2d%6a%73%6f%6e\/wp\/v2\/users\/2"}],"replies":[{"embeddable":true,"href":"https:\/\/informelitoral.com.ar\/%77%70%2d%6a%73%6f%6e\/wp\/v2\/comments?post=15549"}],"version-history":[{"count":0,"href":"https:\/\/informelitoral.com.ar\/%77%70%2d%6a%73%6f%6e\/wp\/v2\/posts\/15549\/revisions"}],"wp:attachment":[{"href":"https:\/\/informelitoral.com.ar\/%77%70%2d%6a%73%6f%6e\/wp\/v2\/media?parent=15549"}],"wp:term":[{"taxonomy":"category","embeddable":true,"href":"https:\/\/informelitoral.com.ar\/%77%70%2d%6a%73%6f%6e\/wp\/v2\/categories?post=15549"},{"taxonomy":"post_tag","embeddable":true,"href":"https:\/\/informelitoral.com.ar\/%77%70%2d%6a%73%6f%6e\/wp\/v2\/tags?post=15549"}],"curies":[{"name":"wp","href":"https:\/\/api.w.org\/{rel}","templated":true}]}}