{"id":155230,"date":"2023-06-26T11:04:46","date_gmt":"2023-06-26T14:04:46","guid":{"rendered":"https:\/\/www.informelitoral.com.ar\/?p=155230"},"modified":"2023-06-26T18:37:44","modified_gmt":"2023-06-26T21:37:44","slug":"rugbiers-condenados-por-el-crimen-de-baez-sosa-tuvieron-un-reves-judicial","status":"publish","type":"post","link":"https:\/\/informelitoral.com.ar\/rugbiers-condenados-por-el-crimen-de-baez-sosa-tuvieron-un-reves-judicial\/","title":{"rendered":"Rugbiers condenados por el crimen de B\u00e1ez Sosa tuvieron un rev\u00e9s judicial"},"content":{"rendered":"<p>Los ocho rugbiers condenados por el crimen de Fernando B\u00e1ez Sosa tuvieron un rev\u00e9s judicial en su intento de voltear la causa a partir de una serie de planteos, entre los cuales est\u00e1 que falsearon las indagatorias a la que fueron sometidos ni bien ocurrido el crimen el 18 de enero del 2020 en Villa Gesell.Es que el abogado de los ocho acusados, Hugo Tomei, inici\u00f3 una causa porque sostiene que las actas de las primeras indagatorias a las que fueron sometidos fueron falseadas.<\/p>\n<p>Es algo que viene sosteniendo por el poco tiempo en que se tomaron trat\u00e1ndose de ocho acusados, donde la lectura de la imputaci\u00f3n nunca daba un c\u00e1lculo tan corto en el proceso y porque dice que hubo una imputaci\u00f3n colectiva en contra de los j\u00f3venes.<\/p>\n<p>Los ocho, cinco de los cuales recibieron prisi\u00f3n perpetua, siguen todos juntos detenidos en el penal de Melchor Romero y a la espera de lo que defina la C\u00e1mara de Casaci\u00f3n Bonaerense en cuanto a que ratifique o no las penas.<\/p>\n<p>En base a esas acusaciones, Tomei inici\u00f3 una denuncia que est\u00e1 a cargo del juez de garant\u00edas David Leopoldo Mancinelli y ahora lo recus\u00f3, porque dice que puede ser parte de lo que ellos denuncian al haber convalidado en su momento esas indagatorias.<\/p>\n<p>\u00abSi hubiesen existido las irregularidades de la entidad que menciona, corresponder\u00eda haber decretado la nulidad. Y decretada esta, podr\u00eda abrirse la posibilidad de investigar la posible comisi\u00f3n de delitos de acci\u00f3n p\u00fablica (siempre siguiendo la hip\u00f3tesis planteada por los particulares damnificados). Claramente ello acarrear\u00eda, una clara incidencia en los actos posteriores (el dictado, por ejemplo, de la prisi\u00f3n preventiva lo que conllevar\u00eda a otro delito denunciado: privaci\u00f3n ilegal de la libertad)\u00bb, ejemplificaron los jueces de la C\u00e1mara en lo penal de Dolores.<\/p>\n<p>Para los camaristas, ese \u00absupuesto delito ya ha tenido respuesta, no s\u00f3lo de parte del Ministerio P\u00fablico Fiscal en las vistas corridas oportunamente, sino por diversos organismos jurisdiccionales: juez de garant\u00edas, esta misma Sala, \u00f3rganos superiores a esta Sala e, incluso, por el Tribunal que llev\u00f3 adelante el juicio oral pues, como cuesti\u00f3n preliminar, una vez iniciado el debate, nuevamente desech\u00f3 la nulidad planteada al respecto\u00bb.<\/p>\n<p>\u00abDe este modo, qui\u00e9rase o no, de manera directa o indirecta, la desestimaci\u00f3n de la denuncia, en el hecho (o delito seg\u00fan el recurrente) que debe acreditarse para tener andamiaje el resto de la presentaci\u00f3n, ya ha sido analizada y resuelta, como dije en el p\u00e1rrafo anterior, por diversos \u00f3rganos jurisdiccionales: se ha establecido la plena validez de las declaraciones que, seg\u00fan el criterio del apelante, fueron falsificadas. Esto significa, reitero, que tal extremo ha sido motivo de an\u00e1lisis, valoraci\u00f3n y decisi\u00f3n de la jurisdicci\u00f3n\u00bb, agregaron.<\/p>\n<p>En ese sentido, se rechaza la recusaci\u00f3n del juez y en el fallo los magistrados dan marcha atr\u00e1s con el fundamento de la defensa en cuanto a que existi\u00f3 delito al inicio de la causa, lo que podr\u00eda dar pie a derribar el resto de la misma, incluso las condenas.<\/p>\n","protected":false},"excerpt":{"rendered":"<p>Los ocho, cinco de los cuales recibieron prisi\u00f3n perpetua, siguen todos juntos detenidos en el penal de Melchor Romero y a la espera de lo que defina la C\u00e1mara de Casaci\u00f3n Bonaerense en cuanto a que ratifique o no las penas.<\/p>\n","protected":false},"author":8,"featured_media":155233,"comment_status":"open","ping_status":"open","sticky":false,"template":"","format":"standard","meta":{"fifu_image_url":"","fifu_image_alt":"","footnotes":""},"categories":[14],"tags":[1792,291],"class_list":{"0":"post-155230","1":"post","2":"type-post","3":"status-publish","4":"format-standard","5":"has-post-thumbnail","7":"category-policiales","8":"tag-fernando-baez-sosa","9":"tag-juicio"},"yoast_head":"<title>Rugbiers condenados por el crimen de B\u00e1ez Sosa tuvieron un rev\u00e9s judicial - Informe Litoral<\/title>\n<meta name=\"robots\" content=\"index, follow, max-snippet:-1, max-image-preview:large, max-video-preview:-1\" \/>\n<link rel=\"canonical\" href=\"https:\/\/informelitoral.com.ar\/rugbiers-condenados-por-el-crimen-de-baez-sosa-tuvieron-un-reves-judicial\/\" \/>\n<meta property=\"og:locale\" content=\"es_ES\" \/>\n<meta property=\"og:type\" content=\"article\" \/>\n<meta property=\"og:title\" content=\"Rugbiers condenados por el crimen de B\u00e1ez Sosa tuvieron un rev\u00e9s judicial - Informe Litoral\" \/>\n<meta property=\"og:description\" content=\"Los ocho, cinco de los cuales recibieron prisi\u00f3n perpetua, siguen todos juntos detenidos en el penal de Melchor Romero y a la espera de lo que defina la C\u00e1mara de Casaci\u00f3n Bonaerense en cuanto a que ratifique o no las penas.\" \/>\n<meta property=\"og:url\" content=\"https:\/\/informelitoral.com.ar\/rugbiers-condenados-por-el-crimen-de-baez-sosa-tuvieron-un-reves-judicial\/\" \/>\n<meta property=\"og:site_name\" content=\"Informe Litoral\" \/>\n<meta property=\"article:publisher\" content=\"https:\/\/www.facebook.com\/informelitoral\/\" \/>\n<meta property=\"article:published_time\" content=\"2023-06-26T14:04:46+00:00\" \/>\n<meta property=\"article:modified_time\" content=\"2023-06-26T21:37:44+00:00\" \/>\n<meta property=\"og:image\" content=\"https:\/\/informelitoral.com.ar\/%77%70%2d%63%6f%6e%74%65%6e%74\/uploads\/2023\/06\/o_1675708804.jpg\" \/>\n\t<meta property=\"og:image:width\" content=\"800\" \/>\n\t<meta property=\"og:image:height\" content=\"450\" \/>\n\t<meta property=\"og:image:type\" content=\"image\/jpeg\" \/>\n<meta name=\"author\" content=\"Sebastian\" \/>\n<meta name=\"twitter:card\" content=\"summary_large_image\" \/>\n<meta name=\"twitter:creator\" content=\"@InformeLitoral\" \/>\n<meta name=\"twitter:site\" content=\"@InformeLitoral\" \/>\n<meta name=\"twitter:label1\" content=\"Escrito por\" \/>\n\t<meta name=\"twitter:data1\" content=\"Sebastian\" \/>\n\t<meta name=\"twitter:label2\" content=\"Tiempo de lectura\" \/>\n\t<meta name=\"twitter:data2\" content=\"3 minutos\" \/>\n<script type=\"application\/ld+json\" class=\"yoast-schema-graph\">{\"@context\":\"https:\\\/\\\/schema.org\",\"@graph\":[{\"@type\":\"Article\",\"@id\":\"https:\\\/\\\/informelitoral.com.ar\\\/rugbiers-condenados-por-el-crimen-de-baez-sosa-tuvieron-un-reves-judicial\\\/#article\",\"isPartOf\":{\"@id\":\"https:\\\/\\\/informelitoral.com.ar\\\/rugbiers-condenados-por-el-crimen-de-baez-sosa-tuvieron-un-reves-judicial\\\/\"},\"author\":{\"name\":\"Sebastian\",\"@id\":\"https:\\\/\\\/informelitoral.com.ar\\\/#\\\/schema\\\/person\\\/f05f9f461677119578717524b127d6d5\"},\"headline\":\"Rugbiers condenados por el crimen de B\u00e1ez Sosa tuvieron un rev\u00e9s judicial\",\"datePublished\":\"2023-06-26T14:04:46+00:00\",\"dateModified\":\"2023-06-26T21:37:44+00:00\",\"mainEntityOfPage\":{\"@id\":\"https:\\\/\\\/informelitoral.com.ar\\\/rugbiers-condenados-por-el-crimen-de-baez-sosa-tuvieron-un-reves-judicial\\\/\"},\"wordCount\":549,\"commentCount\":0,\"publisher\":{\"@id\":\"https:\\\/\\\/informelitoral.com.ar\\\/#organization\"},\"image\":{\"@id\":\"https:\\\/\\\/informelitoral.com.ar\\\/rugbiers-condenados-por-el-crimen-de-baez-sosa-tuvieron-un-reves-judicial\\\/#primaryimage\"},\"thumbnailUrl\":\"https:\\\/\\\/informelitoral.com.ar\\\/%77%70%2d%63%6f%6e%74%65%6e%74\\\/uploads\\\/2023\\\/06\\\/o_1675708804.jpg\",\"keywords\":[\"Fernando Baez Sosa\",\"Juicio\"],\"articleSection\":[\"Policiales\"],\"inLanguage\":\"es\",\"potentialAction\":[{\"@type\":\"CommentAction\",\"name\":\"Comment\",\"target\":[\"https:\\\/\\\/informelitoral.com.ar\\\/rugbiers-condenados-por-el-crimen-de-baez-sosa-tuvieron-un-reves-judicial\\\/#respond\"]}]},{\"@type\":\"WebPage\",\"@id\":\"https:\\\/\\\/informelitoral.com.ar\\\/rugbiers-condenados-por-el-crimen-de-baez-sosa-tuvieron-un-reves-judicial\\\/\",\"url\":\"https:\\\/\\\/informelitoral.com.ar\\\/rugbiers-condenados-por-el-crimen-de-baez-sosa-tuvieron-un-reves-judicial\\\/\",\"name\":\"Rugbiers condenados por el crimen de B\u00e1ez Sosa tuvieron un rev\u00e9s judicial - Informe Litoral\",\"isPartOf\":{\"@id\":\"https:\\\/\\\/informelitoral.com.ar\\\/#website\"},\"primaryImageOfPage\":{\"@id\":\"https:\\\/\\\/informelitoral.com.ar\\\/rugbiers-condenados-por-el-crimen-de-baez-sosa-tuvieron-un-reves-judicial\\\/#primaryimage\"},\"image\":{\"@id\":\"https:\\\/\\\/informelitoral.com.ar\\\/rugbiers-condenados-por-el-crimen-de-baez-sosa-tuvieron-un-reves-judicial\\\/#primaryimage\"},\"thumbnailUrl\":\"https:\\\/\\\/informelitoral.com.ar\\\/%77%70%2d%63%6f%6e%74%65%6e%74\\\/uploads\\\/2023\\\/06\\\/o_1675708804.jpg\",\"datePublished\":\"2023-06-26T14:04:46+00:00\",\"dateModified\":\"2023-06-26T21:37:44+00:00\",\"breadcrumb\":{\"@id\":\"https:\\\/\\\/informelitoral.com.ar\\\/rugbiers-condenados-por-el-crimen-de-baez-sosa-tuvieron-un-reves-judicial\\\/#breadcrumb\"},\"inLanguage\":\"es\",\"potentialAction\":[{\"@type\":\"ReadAction\",\"target\":[\"https:\\\/\\\/informelitoral.com.ar\\\/rugbiers-condenados-por-el-crimen-de-baez-sosa-tuvieron-un-reves-judicial\\\/\"]}]},{\"@type\":\"ImageObject\",\"inLanguage\":\"es\",\"@id\":\"https:\\\/\\\/informelitoral.com.ar\\\/rugbiers-condenados-por-el-crimen-de-baez-sosa-tuvieron-un-reves-judicial\\\/#primaryimage\",\"url\":\"https:\\\/\\\/informelitoral.com.ar\\\/%77%70%2d%63%6f%6e%74%65%6e%74\\\/uploads\\\/2023\\\/06\\\/o_1675708804.jpg\",\"contentUrl\":\"https:\\\/\\\/informelitoral.com.ar\\\/%77%70%2d%63%6f%6e%74%65%6e%74\\\/uploads\\\/2023\\\/06\\\/o_1675708804.jpg\",\"width\":800,\"height\":450},{\"@type\":\"BreadcrumbList\",\"@id\":\"https:\\\/\\\/informelitoral.com.ar\\\/rugbiers-condenados-por-el-crimen-de-baez-sosa-tuvieron-un-reves-judicial\\\/#breadcrumb\",\"itemListElement\":[{\"@type\":\"ListItem\",\"position\":1,\"name\":\"Portada\",\"item\":\"https:\\\/\\\/informelitoral.com.ar\\\/\"},{\"@type\":\"ListItem\",\"position\":2,\"name\":\"Rugbiers condenados por el crimen de B\u00e1ez Sosa tuvieron un rev\u00e9s judicial\"}]},{\"@type\":\"WebSite\",\"@id\":\"https:\\\/\\\/informelitoral.com.ar\\\/#website\",\"url\":\"https:\\\/\\\/informelitoral.com.ar\\\/\",\"name\":\"Informe Litoral\",\"description\":\"&quot;Nos informamos&quot; \",\"publisher\":{\"@id\":\"https:\\\/\\\/informelitoral.com.ar\\\/#organization\"},\"potentialAction\":[{\"@type\":\"SearchAction\",\"target\":{\"@type\":\"EntryPoint\",\"urlTemplate\":\"https:\\\/\\\/informelitoral.com.ar\\\/?s={search_term_string}\"},\"query-input\":{\"@type\":\"PropertyValueSpecification\",\"valueRequired\":true,\"valueName\":\"search_term_string\"}}],\"inLanguage\":\"es\"},{\"@type\":\"Organization\",\"@id\":\"https:\\\/\\\/informelitoral.com.ar\\\/#organization\",\"name\":\"Informe Litoral\",\"url\":\"https:\\\/\\\/informelitoral.com.ar\\\/\",\"logo\":{\"@type\":\"ImageObject\",\"inLanguage\":\"es\",\"@id\":\"https:\\\/\\\/informelitoral.com.ar\\\/#\\\/schema\\\/logo\\\/image\\\/\",\"url\":\"https:\\\/\\\/informelitoral.com.ar\\\/%77%70%2d%63%6f%6e%74%65%6e%74\\\/uploads\\\/2021\\\/01\\\/circulo.png\",\"contentUrl\":\"https:\\\/\\\/informelitoral.com.ar\\\/%77%70%2d%63%6f%6e%74%65%6e%74\\\/uploads\\\/2021\\\/01\\\/circulo.png\",\"width\":723,\"height\":731,\"caption\":\"Informe Litoral\"},\"image\":{\"@id\":\"https:\\\/\\\/informelitoral.com.ar\\\/#\\\/schema\\\/logo\\\/image\\\/\"},\"sameAs\":[\"https:\\\/\\\/www.facebook.com\\\/informelitoral\\\/\",\"https:\\\/\\\/x.com\\\/InformeLitoral\",\"https:\\\/\\\/www.instagram.com\\\/informelitoral\\\/\",\"https:\\\/\\\/www.youtube.com\\\/channel\\\/UCua4Qvz8Icb6MYqhoq9xLXw\"]},{\"@type\":\"Person\",\"@id\":\"https:\\\/\\\/informelitoral.com.ar\\\/#\\\/schema\\\/person\\\/f05f9f461677119578717524b127d6d5\",\"name\":\"Sebastian\",\"image\":{\"@type\":\"ImageObject\",\"inLanguage\":\"es\",\"@id\":\"https:\\\/\\\/secure.gravatar.com\\\/avatar\\\/b71bf7481d447dfb9583c7f2798e7cc64de6efb9067b74633ed8c31059a3bd82?s=96&d=mm&r=g\",\"url\":\"https:\\\/\\\/secure.gravatar.com\\\/avatar\\\/b71bf7481d447dfb9583c7f2798e7cc64de6efb9067b74633ed8c31059a3bd82?s=96&d=mm&r=g\",\"contentUrl\":\"https:\\\/\\\/secure.gravatar.com\\\/avatar\\\/b71bf7481d447dfb9583c7f2798e7cc64de6efb9067b74633ed8c31059a3bd82?s=96&d=mm&r=g\",\"caption\":\"Sebastian\"},\"url\":\"https:\\\/\\\/informelitoral.com.ar\\\/author\\\/sebastian\\\/\"}]}<\/script>","yoast_head_json":{"title":"Rugbiers condenados por el crimen de B\u00e1ez Sosa tuvieron un rev\u00e9s judicial - Informe Litoral","robots":{"index":"index","follow":"follow","max-snippet":"max-snippet:-1","max-image-preview":"max-image-preview:large","max-video-preview":"max-video-preview:-1"},"canonical":"https:\/\/informelitoral.com.ar\/rugbiers-condenados-por-el-crimen-de-baez-sosa-tuvieron-un-reves-judicial\/","og_locale":"es_ES","og_type":"article","og_title":"Rugbiers condenados por el crimen de B\u00e1ez Sosa tuvieron un rev\u00e9s judicial - Informe Litoral","og_description":"Los ocho, cinco de los cuales recibieron prisi\u00f3n perpetua, siguen todos juntos detenidos en el penal de Melchor Romero y a la espera de lo que defina la C\u00e1mara de Casaci\u00f3n Bonaerense en cuanto a que ratifique o no las penas.","og_url":"https:\/\/informelitoral.com.ar\/rugbiers-condenados-por-el-crimen-de-baez-sosa-tuvieron-un-reves-judicial\/","og_site_name":"Informe Litoral","article_publisher":"https:\/\/www.facebook.com\/informelitoral\/","article_published_time":"2023-06-26T14:04:46+00:00","article_modified_time":"2023-06-26T21:37:44+00:00","og_image":[{"width":800,"height":450,"url":"https:\/\/informelitoral.com.ar\/%77%70%2d%63%6f%6e%74%65%6e%74\/uploads\/2023\/06\/o_1675708804.jpg","type":"image\/jpeg"}],"author":"Sebastian","twitter_card":"summary_large_image","twitter_creator":"@InformeLitoral","twitter_site":"@InformeLitoral","twitter_misc":{"Escrito por":"Sebastian","Tiempo de lectura":"3 minutos"},"schema":{"@context":"https:\/\/schema.org","@graph":[{"@type":"Article","@id":"https:\/\/informelitoral.com.ar\/rugbiers-condenados-por-el-crimen-de-baez-sosa-tuvieron-un-reves-judicial\/#article","isPartOf":{"@id":"https:\/\/informelitoral.com.ar\/rugbiers-condenados-por-el-crimen-de-baez-sosa-tuvieron-un-reves-judicial\/"},"author":{"name":"Sebastian","@id":"https:\/\/informelitoral.com.ar\/#\/schema\/person\/f05f9f461677119578717524b127d6d5"},"headline":"Rugbiers condenados por el crimen de B\u00e1ez Sosa tuvieron un rev\u00e9s judicial","datePublished":"2023-06-26T14:04:46+00:00","dateModified":"2023-06-26T21:37:44+00:00","mainEntityOfPage":{"@id":"https:\/\/informelitoral.com.ar\/rugbiers-condenados-por-el-crimen-de-baez-sosa-tuvieron-un-reves-judicial\/"},"wordCount":549,"commentCount":0,"publisher":{"@id":"https:\/\/informelitoral.com.ar\/#organization"},"image":{"@id":"https:\/\/informelitoral.com.ar\/rugbiers-condenados-por-el-crimen-de-baez-sosa-tuvieron-un-reves-judicial\/#primaryimage"},"thumbnailUrl":"https:\/\/informelitoral.com.ar\/%77%70%2d%63%6f%6e%74%65%6e%74\/uploads\/2023\/06\/o_1675708804.jpg","keywords":["Fernando Baez Sosa","Juicio"],"articleSection":["Policiales"],"inLanguage":"es","potentialAction":[{"@type":"CommentAction","name":"Comment","target":["https:\/\/informelitoral.com.ar\/rugbiers-condenados-por-el-crimen-de-baez-sosa-tuvieron-un-reves-judicial\/#respond"]}]},{"@type":"WebPage","@id":"https:\/\/informelitoral.com.ar\/rugbiers-condenados-por-el-crimen-de-baez-sosa-tuvieron-un-reves-judicial\/","url":"https:\/\/informelitoral.com.ar\/rugbiers-condenados-por-el-crimen-de-baez-sosa-tuvieron-un-reves-judicial\/","name":"Rugbiers condenados por el crimen de B\u00e1ez Sosa tuvieron un rev\u00e9s judicial - Informe Litoral","isPartOf":{"@id":"https:\/\/informelitoral.com.ar\/#website"},"primaryImageOfPage":{"@id":"https:\/\/informelitoral.com.ar\/rugbiers-condenados-por-el-crimen-de-baez-sosa-tuvieron-un-reves-judicial\/#primaryimage"},"image":{"@id":"https:\/\/informelitoral.com.ar\/rugbiers-condenados-por-el-crimen-de-baez-sosa-tuvieron-un-reves-judicial\/#primaryimage"},"thumbnailUrl":"https:\/\/informelitoral.com.ar\/%77%70%2d%63%6f%6e%74%65%6e%74\/uploads\/2023\/06\/o_1675708804.jpg","datePublished":"2023-06-26T14:04:46+00:00","dateModified":"2023-06-26T21:37:44+00:00","breadcrumb":{"@id":"https:\/\/informelitoral.com.ar\/rugbiers-condenados-por-el-crimen-de-baez-sosa-tuvieron-un-reves-judicial\/#breadcrumb"},"inLanguage":"es","potentialAction":[{"@type":"ReadAction","target":["https:\/\/informelitoral.com.ar\/rugbiers-condenados-por-el-crimen-de-baez-sosa-tuvieron-un-reves-judicial\/"]}]},{"@type":"ImageObject","inLanguage":"es","@id":"https:\/\/informelitoral.com.ar\/rugbiers-condenados-por-el-crimen-de-baez-sosa-tuvieron-un-reves-judicial\/#primaryimage","url":"https:\/\/informelitoral.com.ar\/%77%70%2d%63%6f%6e%74%65%6e%74\/uploads\/2023\/06\/o_1675708804.jpg","contentUrl":"https:\/\/informelitoral.com.ar\/%77%70%2d%63%6f%6e%74%65%6e%74\/uploads\/2023\/06\/o_1675708804.jpg","width":800,"height":450},{"@type":"BreadcrumbList","@id":"https:\/\/informelitoral.com.ar\/rugbiers-condenados-por-el-crimen-de-baez-sosa-tuvieron-un-reves-judicial\/#breadcrumb","itemListElement":[{"@type":"ListItem","position":1,"name":"Portada","item":"https:\/\/informelitoral.com.ar\/"},{"@type":"ListItem","position":2,"name":"Rugbiers condenados por el crimen de B\u00e1ez Sosa tuvieron un rev\u00e9s judicial"}]},{"@type":"WebSite","@id":"https:\/\/informelitoral.com.ar\/#website","url":"https:\/\/informelitoral.com.ar\/","name":"Informe Litoral","description":"&quot;Nos informamos&quot; ","publisher":{"@id":"https:\/\/informelitoral.com.ar\/#organization"},"potentialAction":[{"@type":"SearchAction","target":{"@type":"EntryPoint","urlTemplate":"https:\/\/informelitoral.com.ar\/?s={search_term_string}"},"query-input":{"@type":"PropertyValueSpecification","valueRequired":true,"valueName":"search_term_string"}}],"inLanguage":"es"},{"@type":"Organization","@id":"https:\/\/informelitoral.com.ar\/#organization","name":"Informe Litoral","url":"https:\/\/informelitoral.com.ar\/","logo":{"@type":"ImageObject","inLanguage":"es","@id":"https:\/\/informelitoral.com.ar\/#\/schema\/logo\/image\/","url":"https:\/\/informelitoral.com.ar\/%77%70%2d%63%6f%6e%74%65%6e%74\/uploads\/2021\/01\/circulo.png","contentUrl":"https:\/\/informelitoral.com.ar\/%77%70%2d%63%6f%6e%74%65%6e%74\/uploads\/2021\/01\/circulo.png","width":723,"height":731,"caption":"Informe Litoral"},"image":{"@id":"https:\/\/informelitoral.com.ar\/#\/schema\/logo\/image\/"},"sameAs":["https:\/\/www.facebook.com\/informelitoral\/","https:\/\/x.com\/InformeLitoral","https:\/\/www.instagram.com\/informelitoral\/","https:\/\/www.youtube.com\/channel\/UCua4Qvz8Icb6MYqhoq9xLXw"]},{"@type":"Person","@id":"https:\/\/informelitoral.com.ar\/#\/schema\/person\/f05f9f461677119578717524b127d6d5","name":"Sebastian","image":{"@type":"ImageObject","inLanguage":"es","@id":"https:\/\/secure.gravatar.com\/avatar\/b71bf7481d447dfb9583c7f2798e7cc64de6efb9067b74633ed8c31059a3bd82?s=96&d=mm&r=g","url":"https:\/\/secure.gravatar.com\/avatar\/b71bf7481d447dfb9583c7f2798e7cc64de6efb9067b74633ed8c31059a3bd82?s=96&d=mm&r=g","contentUrl":"https:\/\/secure.gravatar.com\/avatar\/b71bf7481d447dfb9583c7f2798e7cc64de6efb9067b74633ed8c31059a3bd82?s=96&d=mm&r=g","caption":"Sebastian"},"url":"https:\/\/informelitoral.com.ar\/author\/sebastian\/"}]}},"_links":{"self":[{"href":"https:\/\/informelitoral.com.ar\/%77%70%2d%6a%73%6f%6e\/wp\/v2\/posts\/155230","targetHints":{"allow":["GET"]}}],"collection":[{"href":"https:\/\/informelitoral.com.ar\/%77%70%2d%6a%73%6f%6e\/wp\/v2\/posts"}],"about":[{"href":"https:\/\/informelitoral.com.ar\/%77%70%2d%6a%73%6f%6e\/wp\/v2\/types\/post"}],"author":[{"embeddable":true,"href":"https:\/\/informelitoral.com.ar\/%77%70%2d%6a%73%6f%6e\/wp\/v2\/users\/8"}],"replies":[{"embeddable":true,"href":"https:\/\/informelitoral.com.ar\/%77%70%2d%6a%73%6f%6e\/wp\/v2\/comments?post=155230"}],"version-history":[{"count":0,"href":"https:\/\/informelitoral.com.ar\/%77%70%2d%6a%73%6f%6e\/wp\/v2\/posts\/155230\/revisions"}],"wp:featuredmedia":[{"embeddable":true,"href":"https:\/\/informelitoral.com.ar\/%77%70%2d%6a%73%6f%6e\/wp\/v2\/media\/155233"}],"wp:attachment":[{"href":"https:\/\/informelitoral.com.ar\/%77%70%2d%6a%73%6f%6e\/wp\/v2\/media?parent=155230"}],"wp:term":[{"taxonomy":"category","embeddable":true,"href":"https:\/\/informelitoral.com.ar\/%77%70%2d%6a%73%6f%6e\/wp\/v2\/categories?post=155230"},{"taxonomy":"post_tag","embeddable":true,"href":"https:\/\/informelitoral.com.ar\/%77%70%2d%6a%73%6f%6e\/wp\/v2\/tags?post=155230"}],"curies":[{"name":"wp","href":"https:\/\/api.w.org\/{rel}","templated":true}]}}