{"id":15516,"date":"2016-04-25T07:54:22","date_gmt":"2016-04-25T10:54:22","guid":{"rendered":"http:\/\/www.isletasnoticias.com.ar\/?p=15516"},"modified":"2016-04-25T07:56:43","modified_gmt":"2016-04-25T10:56:43","slug":"se-modifica-el-esquema-de-vacunacion-contra-la-polio","status":"publish","type":"post","link":"https:\/\/informelitoral.com.ar\/se-modifica-el-esquema-de-vacunacion-contra-la-polio\/","title":{"rendered":"Se modifica el esquema de vacunaci\u00f3n contra la polio"},"content":{"rendered":"<div class=\"interior-bajada\"><strong>El esquema tradicional de vacunaci\u00f3n de Sabin tendr\u00e1 un cambio en el calendario nacional a partir del 29 de abril, d\u00eda clave en que Argentina y otros pa\u00edses a nivel mundial dejar\u00e1n de aplicar la vacuna oral trivalente para instrumentar un esquema secuencial de vacuna bivalente. Hace 31 a\u00f1os que en nuestro continente no se registran casos de polio.<a href=\"http:\/\/www.isletasnoticias.com.ar\/%77%70%2d%63%6f%6e%74%65%6e%74\/uploads\/2016\/04\/b_1461533439.jpg\" rel=\"attachment wp-att-15517\"><img loading=\"lazy\" decoding=\"async\" class=\"aligncenter wp-image-15517 size-full\" src=\"http:\/\/www.isletasnoticias.com.ar\/%77%70%2d%63%6f%6e%74%65%6e%74\/uploads\/2016\/04\/b_1461533439.jpg\" alt=\"b_1461533439\" width=\"491\" height=\"369\" srcset=\"https:\/\/informelitoral.com.ar\/%77%70%2d%63%6f%6e%74%65%6e%74\/uploads\/2016\/04\/b_1461533439.jpg 491w, https:\/\/informelitoral.com.ar\/%77%70%2d%63%6f%6e%74%65%6e%74\/uploads\/2016\/04\/b_1461533439-300x225.jpg 300w\" sizes=\"auto, (max-width: 491px) 100vw, 491px\" \/><\/a><\/strong><\/div>\n<div class=\"herramientas\"><\/div>\n<div class=\"interior-texto\">\n<p>El Ministerio de Salud de Entre R\u00edos se encuentra realizando diversas capacitaciones en el marco de esta etapa hist\u00f3rica, dirigidas a referentes epidemiol\u00f3gicos, vacunadores de toda la provincia y autoridades de la cartera sanitaria en las cuales se brinda la informaci\u00f3n necesaria sobre la fase final de erradicaci\u00f3n de poliomielitis.<\/p>\n<p>Existen tres tipos de virus polio: 1, 2 y 3. El tipo 2 se ha erradicado del planeta, por este motivo se realiza este nuevo esquema, sac\u00e1ndolo de la vacuna. Con el objetivo de tener un mundo libre de esta enfermedad para el 2018, se comenzar\u00e1 a utilizar un combinado de las vacunas Salk y Sabin bivalente, dejando atr\u00e1s la trivalente. De este modo, los 357 vacunatorios distribuidos en los diferentes departamentos de la provincia efectuar\u00e1n el cambio el 29 de abril.<\/p>\n<p>Seg\u00fan lo que dispone el cambio en el esquema tradicional, todo ni\u00f1o menor de un a\u00f1o que inicie con el calendario de vacunaci\u00f3n a partir del 30 de abril se har\u00e1 dos dosis de Salk (inyectable intramuscular), a los 2 y 4 meses de vida, y tres de bivalente (en gotita), a los 6 y 18 meses y en el ingreso escolar. Por su parte, todo chico mayor de un a\u00f1o, iniciar\u00e1 con Sabin bivalente. El uso de estas vacunas juntas es la mejor forma de protecci\u00f3n.<\/p>\n<p>El Ministerio de Salud de Entre R\u00edos, a trav\u00e9s de la Direcci\u00f3n de Epidemiolog\u00eda, realiz\u00f3 el cierre del Curso Anual de Vacunaci\u00f3n 2015. Se brindaron detalles a vacunadores y referentes epidemiol\u00f3gicos de diversos puntos de la provincia, acerca de la fase final del Plan Estrat\u00e9gico Integral para la Erradicaci\u00f3n de la Poliomielitis dise\u00f1ado por la Organizaci\u00f3n Mundial de la Salud (OMS), el cual dispone el retiro de la vacuna oral trivalente en todo el mundo a partir del 30 de abril reemplazando este esquema tradicional por uno secuencial de vacuna bivalente.<\/p>\n<p>En los \u00faltimos meses los profesionales de Epidemiolog\u00eda de la provincia se han encargado, entre otras actividades de prevenci\u00f3n y promoci\u00f3n de la salud, de profundizar las acciones con respecto a esta tem\u00e1tica. Los equipos t\u00e9cnicos epidemiol\u00f3gicos comenzaron a viajar por los diferentes departamentos de Entre R\u00edos, divididos en los vacunatorios del norte y los del sur, entregando los kits de switch para realizar el cambio de manera adecuada y sin errores. Estas cajas contienen: dosis de vacuna Salk, dosis de vacuna Sabin bivalente, fajas de seguridad (las cuales se ubicar\u00e1n en las cajas de vacunas para aclarar cu\u00e1les son los d\u00edas en que se pueden utilizar unas y otras dosis), descartadores rotulados y bolsas rojas para desechar las trivalentes.<\/p>\n<p><strong>Un cambio hist\u00f3rico<\/strong><\/p>\n<p>En el marco de este suceso a nivel mundial, la responsable del Programa Ampliado de Inmunizaciones dependiente de la Direcci\u00f3n de Epidemiolog\u00eda de la provincia, Albana Gavini, expres\u00f3: \u201cEl personal de salud y la poblaci\u00f3n en general est\u00e1 participando de un hecho hist\u00f3rico. Es emocionante formar parte de la \u00faltima etapa de erradicaci\u00f3n de la poliomielitis, trabajando mucho y apostando fuertemente a que todos los agentes de salud que van a intervenir en el cambio, se capaciten para que se haga adecuadamente y podamos continuar inmunizando a trav\u00e9s del cumplimiento del calendario de vacunaci\u00f3n, el cual es obligatorio y gratuito\u201d.<\/p>\n<p>Es necesario destacar que tanto la Salk como la Sabin bivalente, son vacunas seguras y eficaces. Ambas, utilizadas de manera secuencial, proporcionan la mejor combinaci\u00f3n para la protecci\u00f3n en las etapas finales de la erradicaci\u00f3n de la poliomielitis. El esquema puede aplicarse de forma simult\u00e1nea con las dem\u00e1s vacunas del Calendario Nacional de Vacunaci\u00f3n, y tiene la misma eficacia.<\/p>\n<p><strong>Sobre la enfermedad<\/strong><\/p>\n<p>La poliomielitis es una enfermedad altamente contagiosa causada por un virus, el cual se transmite de persona a persona, principalmente por v\u00eda fecal-oral o, con menos frecuencia a trav\u00e9s de un veh\u00edculo com\u00fan, como el agua o los alimentos contaminados, y se multiplica en el intestino. Los s\u00edntomas iniciales son fiebre, cansancio, cefalea, v\u00f3mitos, rigidez del cuello y dolores en los miembros. El virus invade el sistema nervioso y puede causar par\u00e1lisis permanente.<\/p>\n<p>Hace 31 a\u00f1os que en nuestro continente no se registran casos de polio. S\u00f3lo dos pa\u00edses en el mundo, Afganist\u00e1n y Pakist\u00e1n, contin\u00faan con polio end\u00e9mica, pero afortunadamente hace un a\u00f1o que certificaron que no hay casos nuevos.<\/p>\n<p>En Argentina no hay circulaci\u00f3n de poliovirus salvaje desde 1984. En 1988 hubo, de un registro de 125 pa\u00edses end\u00e9micos, 350.000 casos. En tanto, entre 2013 y 2014, se contabilizaron s\u00f3lo tres pa\u00edses afectados, con 416 y 239 casos, respectivamente, en el mundo.<\/p>\n<\/div>\n","protected":false},"excerpt":{"rendered":"<p>El esquema tradicional de vacunaci&oacute;n de Sabin tendr&aacute; un cambio en el calendario nacional a partir del 29 de abril, d&iacute;a clave en que Argentina y otros pa&iacute;ses a nivel mundial dejar&aacute;n de aplicar la vacuna oral trivalente para instrumentar un esquema secuencial de vacuna bivalente. Hace 31 a&ntilde;os que en nuestro continente no se [&hellip;]<\/p>\n","protected":false},"author":2,"featured_media":0,"comment_status":"open","ping_status":"open","sticky":false,"template":"","format":"standard","meta":{"fifu_image_url":"","fifu_image_alt":"","footnotes":""},"categories":[7],"tags":[],"class_list":{"0":"post-15516","1":"post","2":"type-post","3":"status-publish","4":"format-standard","6":"category-nacionales"},"yoast_head":"<title>Se modifica el esquema de vacunaci\u00f3n contra la polio - Informe Litoral<\/title>\n<meta name=\"robots\" content=\"index, follow, max-snippet:-1, max-image-preview:large, max-video-preview:-1\" \/>\n<link rel=\"canonical\" href=\"https:\/\/informelitoral.com.ar\/se-modifica-el-esquema-de-vacunacion-contra-la-polio\/\" \/>\n<meta property=\"og:locale\" content=\"es_ES\" \/>\n<meta property=\"og:type\" content=\"article\" \/>\n<meta property=\"og:title\" content=\"Se modifica el esquema de vacunaci\u00f3n contra la polio - Informe Litoral\" \/>\n<meta property=\"og:description\" content=\"El esquema tradicional de vacunaci&oacute;n de Sabin tendr&aacute; un cambio en el calendario nacional a partir del 29 de abril, d&iacute;a clave en que Argentina y otros pa&iacute;ses a nivel mundial dejar&aacute;n de aplicar la vacuna oral trivalente para instrumentar un esquema secuencial de vacuna bivalente. Hace 31 a&ntilde;os que en nuestro continente no se [&hellip;]\" \/>\n<meta property=\"og:url\" content=\"https:\/\/informelitoral.com.ar\/se-modifica-el-esquema-de-vacunacion-contra-la-polio\/\" \/>\n<meta property=\"og:site_name\" content=\"Informe Litoral\" \/>\n<meta property=\"article:publisher\" content=\"https:\/\/www.facebook.com\/informelitoral\/\" \/>\n<meta property=\"article:published_time\" content=\"2016-04-25T10:54:22+00:00\" \/>\n<meta property=\"article:modified_time\" content=\"2016-04-25T10:56:43+00:00\" \/>\n<meta property=\"og:image\" content=\"https:\/\/informelitoral.com.ar\/%77%70%2d%63%6f%6e%74%65%6e%74\/uploads\/2016\/04\/b_1461533439.jpg\" \/>\n\t<meta property=\"og:image:width\" content=\"491\" \/>\n\t<meta property=\"og:image:height\" content=\"369\" \/>\n\t<meta property=\"og:image:type\" content=\"image\/jpeg\" \/>\n<meta name=\"author\" content=\"Gonzalo Schmidt\" \/>\n<meta name=\"twitter:card\" content=\"summary_large_image\" \/>\n<meta name=\"twitter:creator\" content=\"@InformeLitoral\" \/>\n<meta name=\"twitter:site\" content=\"@InformeLitoral\" \/>\n<meta name=\"twitter:label1\" content=\"Escrito por\" \/>\n\t<meta name=\"twitter:data1\" content=\"Gonzalo Schmidt\" \/>\n\t<meta name=\"twitter:label2\" content=\"Tiempo de lectura\" \/>\n\t<meta name=\"twitter:data2\" content=\"4 minutos\" \/>\n<script type=\"application\/ld+json\" class=\"yoast-schema-graph\">{\"@context\":\"https:\\\/\\\/schema.org\",\"@graph\":[{\"@type\":\"Article\",\"@id\":\"https:\\\/\\\/informelitoral.com.ar\\\/se-modifica-el-esquema-de-vacunacion-contra-la-polio\\\/#article\",\"isPartOf\":{\"@id\":\"https:\\\/\\\/informelitoral.com.ar\\\/se-modifica-el-esquema-de-vacunacion-contra-la-polio\\\/\"},\"author\":{\"name\":\"Gonzalo Schmidt\",\"@id\":\"https:\\\/\\\/informelitoral.com.ar\\\/#\\\/schema\\\/person\\\/b9d00407c836482871ef1d57bf8e3180\"},\"headline\":\"Se modifica el esquema de vacunaci\u00f3n contra la polio\",\"datePublished\":\"2016-04-25T10:54:22+00:00\",\"dateModified\":\"2016-04-25T10:56:43+00:00\",\"mainEntityOfPage\":{\"@id\":\"https:\\\/\\\/informelitoral.com.ar\\\/se-modifica-el-esquema-de-vacunacion-contra-la-polio\\\/\"},\"wordCount\":866,\"commentCount\":0,\"publisher\":{\"@id\":\"https:\\\/\\\/informelitoral.com.ar\\\/#organization\"},\"image\":{\"@id\":\"https:\\\/\\\/informelitoral.com.ar\\\/se-modifica-el-esquema-de-vacunacion-contra-la-polio\\\/#primaryimage\"},\"thumbnailUrl\":\"http:\\\/\\\/www.isletasnoticias.com.ar\\\/%77%70%2d%63%6f%6e%74%65%6e%74\\\/uploads\\\/2016\\\/04\\\/b_1461533439.jpg\",\"articleSection\":[\"Nacionales\"],\"inLanguage\":\"es\",\"potentialAction\":[{\"@type\":\"CommentAction\",\"name\":\"Comment\",\"target\":[\"https:\\\/\\\/informelitoral.com.ar\\\/se-modifica-el-esquema-de-vacunacion-contra-la-polio\\\/#respond\"]}]},{\"@type\":\"WebPage\",\"@id\":\"https:\\\/\\\/informelitoral.com.ar\\\/se-modifica-el-esquema-de-vacunacion-contra-la-polio\\\/\",\"url\":\"https:\\\/\\\/informelitoral.com.ar\\\/se-modifica-el-esquema-de-vacunacion-contra-la-polio\\\/\",\"name\":\"Se modifica el esquema de vacunaci\u00f3n contra la polio - Informe Litoral\",\"isPartOf\":{\"@id\":\"https:\\\/\\\/informelitoral.com.ar\\\/#website\"},\"primaryImageOfPage\":{\"@id\":\"https:\\\/\\\/informelitoral.com.ar\\\/se-modifica-el-esquema-de-vacunacion-contra-la-polio\\\/#primaryimage\"},\"image\":{\"@id\":\"https:\\\/\\\/informelitoral.com.ar\\\/se-modifica-el-esquema-de-vacunacion-contra-la-polio\\\/#primaryimage\"},\"thumbnailUrl\":\"http:\\\/\\\/www.isletasnoticias.com.ar\\\/%77%70%2d%63%6f%6e%74%65%6e%74\\\/uploads\\\/2016\\\/04\\\/b_1461533439.jpg\",\"datePublished\":\"2016-04-25T10:54:22+00:00\",\"dateModified\":\"2016-04-25T10:56:43+00:00\",\"breadcrumb\":{\"@id\":\"https:\\\/\\\/informelitoral.com.ar\\\/se-modifica-el-esquema-de-vacunacion-contra-la-polio\\\/#breadcrumb\"},\"inLanguage\":\"es\",\"potentialAction\":[{\"@type\":\"ReadAction\",\"target\":[\"https:\\\/\\\/informelitoral.com.ar\\\/se-modifica-el-esquema-de-vacunacion-contra-la-polio\\\/\"]}]},{\"@type\":\"ImageObject\",\"inLanguage\":\"es\",\"@id\":\"https:\\\/\\\/informelitoral.com.ar\\\/se-modifica-el-esquema-de-vacunacion-contra-la-polio\\\/#primaryimage\",\"url\":\"http:\\\/\\\/www.isletasnoticias.com.ar\\\/%77%70%2d%63%6f%6e%74%65%6e%74\\\/uploads\\\/2016\\\/04\\\/b_1461533439.jpg\",\"contentUrl\":\"http:\\\/\\\/www.isletasnoticias.com.ar\\\/%77%70%2d%63%6f%6e%74%65%6e%74\\\/uploads\\\/2016\\\/04\\\/b_1461533439.jpg\"},{\"@type\":\"BreadcrumbList\",\"@id\":\"https:\\\/\\\/informelitoral.com.ar\\\/se-modifica-el-esquema-de-vacunacion-contra-la-polio\\\/#breadcrumb\",\"itemListElement\":[{\"@type\":\"ListItem\",\"position\":1,\"name\":\"Portada\",\"item\":\"https:\\\/\\\/informelitoral.com.ar\\\/\"},{\"@type\":\"ListItem\",\"position\":2,\"name\":\"Se modifica el esquema de vacunaci\u00f3n contra la polio\"}]},{\"@type\":\"WebSite\",\"@id\":\"https:\\\/\\\/informelitoral.com.ar\\\/#website\",\"url\":\"https:\\\/\\\/informelitoral.com.ar\\\/\",\"name\":\"Informe Litoral\",\"description\":\"&quot;Nos informamos&quot; \",\"publisher\":{\"@id\":\"https:\\\/\\\/informelitoral.com.ar\\\/#organization\"},\"potentialAction\":[{\"@type\":\"SearchAction\",\"target\":{\"@type\":\"EntryPoint\",\"urlTemplate\":\"https:\\\/\\\/informelitoral.com.ar\\\/?s={search_term_string}\"},\"query-input\":{\"@type\":\"PropertyValueSpecification\",\"valueRequired\":true,\"valueName\":\"search_term_string\"}}],\"inLanguage\":\"es\"},{\"@type\":\"Organization\",\"@id\":\"https:\\\/\\\/informelitoral.com.ar\\\/#organization\",\"name\":\"Informe Litoral\",\"url\":\"https:\\\/\\\/informelitoral.com.ar\\\/\",\"logo\":{\"@type\":\"ImageObject\",\"inLanguage\":\"es\",\"@id\":\"https:\\\/\\\/informelitoral.com.ar\\\/#\\\/schema\\\/logo\\\/image\\\/\",\"url\":\"https:\\\/\\\/informelitoral.com.ar\\\/%77%70%2d%63%6f%6e%74%65%6e%74\\\/uploads\\\/2021\\\/01\\\/circulo.png\",\"contentUrl\":\"https:\\\/\\\/informelitoral.com.ar\\\/%77%70%2d%63%6f%6e%74%65%6e%74\\\/uploads\\\/2021\\\/01\\\/circulo.png\",\"width\":723,\"height\":731,\"caption\":\"Informe Litoral\"},\"image\":{\"@id\":\"https:\\\/\\\/informelitoral.com.ar\\\/#\\\/schema\\\/logo\\\/image\\\/\"},\"sameAs\":[\"https:\\\/\\\/www.facebook.com\\\/informelitoral\\\/\",\"https:\\\/\\\/x.com\\\/InformeLitoral\",\"https:\\\/\\\/www.instagram.com\\\/informelitoral\\\/\",\"https:\\\/\\\/www.youtube.com\\\/channel\\\/UCua4Qvz8Icb6MYqhoq9xLXw\"]},{\"@type\":\"Person\",\"@id\":\"https:\\\/\\\/informelitoral.com.ar\\\/#\\\/schema\\\/person\\\/b9d00407c836482871ef1d57bf8e3180\",\"name\":\"Gonzalo Schmidt\",\"image\":{\"@type\":\"ImageObject\",\"inLanguage\":\"es\",\"@id\":\"https:\\\/\\\/secure.gravatar.com\\\/avatar\\\/31a1a7b66ff2de83bd0e9fd79d026630d2d99e55e8bfe501287647b4fd9743de?s=96&d=mm&r=g\",\"url\":\"https:\\\/\\\/secure.gravatar.com\\\/avatar\\\/31a1a7b66ff2de83bd0e9fd79d026630d2d99e55e8bfe501287647b4fd9743de?s=96&d=mm&r=g\",\"contentUrl\":\"https:\\\/\\\/secure.gravatar.com\\\/avatar\\\/31a1a7b66ff2de83bd0e9fd79d026630d2d99e55e8bfe501287647b4fd9743de?s=96&d=mm&r=g\",\"caption\":\"Gonzalo Schmidt\"},\"description\":\"Sitio web de noticias de la provincia de Entre R\u00edos, Argentina. Informaci\u00f3n y entretenimiento. Informe Litoral, nos informamos.\",\"sameAs\":[\"http:\\\/\\\/www.isletasnoticias.com.ar\"],\"url\":\"https:\\\/\\\/informelitoral.com.ar\\\/author\\\/gonzalo\\\/\"}]}<\/script>","yoast_head_json":{"title":"Se modifica el esquema de vacunaci\u00f3n contra la polio - Informe Litoral","robots":{"index":"index","follow":"follow","max-snippet":"max-snippet:-1","max-image-preview":"max-image-preview:large","max-video-preview":"max-video-preview:-1"},"canonical":"https:\/\/informelitoral.com.ar\/se-modifica-el-esquema-de-vacunacion-contra-la-polio\/","og_locale":"es_ES","og_type":"article","og_title":"Se modifica el esquema de vacunaci\u00f3n contra la polio - Informe Litoral","og_description":"El esquema tradicional de vacunaci&oacute;n de Sabin tendr&aacute; un cambio en el calendario nacional a partir del 29 de abril, d&iacute;a clave en que Argentina y otros pa&iacute;ses a nivel mundial dejar&aacute;n de aplicar la vacuna oral trivalente para instrumentar un esquema secuencial de vacuna bivalente. Hace 31 a&ntilde;os que en nuestro continente no se [&hellip;]","og_url":"https:\/\/informelitoral.com.ar\/se-modifica-el-esquema-de-vacunacion-contra-la-polio\/","og_site_name":"Informe Litoral","article_publisher":"https:\/\/www.facebook.com\/informelitoral\/","article_published_time":"2016-04-25T10:54:22+00:00","article_modified_time":"2016-04-25T10:56:43+00:00","og_image":[{"width":491,"height":369,"url":"https:\/\/informelitoral.com.ar\/%77%70%2d%63%6f%6e%74%65%6e%74\/uploads\/2016\/04\/b_1461533439.jpg","type":"image\/jpeg"}],"author":"Gonzalo Schmidt","twitter_card":"summary_large_image","twitter_creator":"@InformeLitoral","twitter_site":"@InformeLitoral","twitter_misc":{"Escrito por":"Gonzalo Schmidt","Tiempo de lectura":"4 minutos"},"schema":{"@context":"https:\/\/schema.org","@graph":[{"@type":"Article","@id":"https:\/\/informelitoral.com.ar\/se-modifica-el-esquema-de-vacunacion-contra-la-polio\/#article","isPartOf":{"@id":"https:\/\/informelitoral.com.ar\/se-modifica-el-esquema-de-vacunacion-contra-la-polio\/"},"author":{"name":"Gonzalo Schmidt","@id":"https:\/\/informelitoral.com.ar\/#\/schema\/person\/b9d00407c836482871ef1d57bf8e3180"},"headline":"Se modifica el esquema de vacunaci\u00f3n contra la polio","datePublished":"2016-04-25T10:54:22+00:00","dateModified":"2016-04-25T10:56:43+00:00","mainEntityOfPage":{"@id":"https:\/\/informelitoral.com.ar\/se-modifica-el-esquema-de-vacunacion-contra-la-polio\/"},"wordCount":866,"commentCount":0,"publisher":{"@id":"https:\/\/informelitoral.com.ar\/#organization"},"image":{"@id":"https:\/\/informelitoral.com.ar\/se-modifica-el-esquema-de-vacunacion-contra-la-polio\/#primaryimage"},"thumbnailUrl":"http:\/\/www.isletasnoticias.com.ar\/%77%70%2d%63%6f%6e%74%65%6e%74\/uploads\/2016\/04\/b_1461533439.jpg","articleSection":["Nacionales"],"inLanguage":"es","potentialAction":[{"@type":"CommentAction","name":"Comment","target":["https:\/\/informelitoral.com.ar\/se-modifica-el-esquema-de-vacunacion-contra-la-polio\/#respond"]}]},{"@type":"WebPage","@id":"https:\/\/informelitoral.com.ar\/se-modifica-el-esquema-de-vacunacion-contra-la-polio\/","url":"https:\/\/informelitoral.com.ar\/se-modifica-el-esquema-de-vacunacion-contra-la-polio\/","name":"Se modifica el esquema de vacunaci\u00f3n contra la polio - Informe Litoral","isPartOf":{"@id":"https:\/\/informelitoral.com.ar\/#website"},"primaryImageOfPage":{"@id":"https:\/\/informelitoral.com.ar\/se-modifica-el-esquema-de-vacunacion-contra-la-polio\/#primaryimage"},"image":{"@id":"https:\/\/informelitoral.com.ar\/se-modifica-el-esquema-de-vacunacion-contra-la-polio\/#primaryimage"},"thumbnailUrl":"http:\/\/www.isletasnoticias.com.ar\/%77%70%2d%63%6f%6e%74%65%6e%74\/uploads\/2016\/04\/b_1461533439.jpg","datePublished":"2016-04-25T10:54:22+00:00","dateModified":"2016-04-25T10:56:43+00:00","breadcrumb":{"@id":"https:\/\/informelitoral.com.ar\/se-modifica-el-esquema-de-vacunacion-contra-la-polio\/#breadcrumb"},"inLanguage":"es","potentialAction":[{"@type":"ReadAction","target":["https:\/\/informelitoral.com.ar\/se-modifica-el-esquema-de-vacunacion-contra-la-polio\/"]}]},{"@type":"ImageObject","inLanguage":"es","@id":"https:\/\/informelitoral.com.ar\/se-modifica-el-esquema-de-vacunacion-contra-la-polio\/#primaryimage","url":"http:\/\/www.isletasnoticias.com.ar\/%77%70%2d%63%6f%6e%74%65%6e%74\/uploads\/2016\/04\/b_1461533439.jpg","contentUrl":"http:\/\/www.isletasnoticias.com.ar\/%77%70%2d%63%6f%6e%74%65%6e%74\/uploads\/2016\/04\/b_1461533439.jpg"},{"@type":"BreadcrumbList","@id":"https:\/\/informelitoral.com.ar\/se-modifica-el-esquema-de-vacunacion-contra-la-polio\/#breadcrumb","itemListElement":[{"@type":"ListItem","position":1,"name":"Portada","item":"https:\/\/informelitoral.com.ar\/"},{"@type":"ListItem","position":2,"name":"Se modifica el esquema de vacunaci\u00f3n contra la polio"}]},{"@type":"WebSite","@id":"https:\/\/informelitoral.com.ar\/#website","url":"https:\/\/informelitoral.com.ar\/","name":"Informe Litoral","description":"&quot;Nos informamos&quot; ","publisher":{"@id":"https:\/\/informelitoral.com.ar\/#organization"},"potentialAction":[{"@type":"SearchAction","target":{"@type":"EntryPoint","urlTemplate":"https:\/\/informelitoral.com.ar\/?s={search_term_string}"},"query-input":{"@type":"PropertyValueSpecification","valueRequired":true,"valueName":"search_term_string"}}],"inLanguage":"es"},{"@type":"Organization","@id":"https:\/\/informelitoral.com.ar\/#organization","name":"Informe Litoral","url":"https:\/\/informelitoral.com.ar\/","logo":{"@type":"ImageObject","inLanguage":"es","@id":"https:\/\/informelitoral.com.ar\/#\/schema\/logo\/image\/","url":"https:\/\/informelitoral.com.ar\/%77%70%2d%63%6f%6e%74%65%6e%74\/uploads\/2021\/01\/circulo.png","contentUrl":"https:\/\/informelitoral.com.ar\/%77%70%2d%63%6f%6e%74%65%6e%74\/uploads\/2021\/01\/circulo.png","width":723,"height":731,"caption":"Informe Litoral"},"image":{"@id":"https:\/\/informelitoral.com.ar\/#\/schema\/logo\/image\/"},"sameAs":["https:\/\/www.facebook.com\/informelitoral\/","https:\/\/x.com\/InformeLitoral","https:\/\/www.instagram.com\/informelitoral\/","https:\/\/www.youtube.com\/channel\/UCua4Qvz8Icb6MYqhoq9xLXw"]},{"@type":"Person","@id":"https:\/\/informelitoral.com.ar\/#\/schema\/person\/b9d00407c836482871ef1d57bf8e3180","name":"Gonzalo Schmidt","image":{"@type":"ImageObject","inLanguage":"es","@id":"https:\/\/secure.gravatar.com\/avatar\/31a1a7b66ff2de83bd0e9fd79d026630d2d99e55e8bfe501287647b4fd9743de?s=96&d=mm&r=g","url":"https:\/\/secure.gravatar.com\/avatar\/31a1a7b66ff2de83bd0e9fd79d026630d2d99e55e8bfe501287647b4fd9743de?s=96&d=mm&r=g","contentUrl":"https:\/\/secure.gravatar.com\/avatar\/31a1a7b66ff2de83bd0e9fd79d026630d2d99e55e8bfe501287647b4fd9743de?s=96&d=mm&r=g","caption":"Gonzalo Schmidt"},"description":"Sitio web de noticias de la provincia de Entre R\u00edos, Argentina. Informaci\u00f3n y entretenimiento. Informe Litoral, nos informamos.","sameAs":["http:\/\/www.isletasnoticias.com.ar"],"url":"https:\/\/informelitoral.com.ar\/author\/gonzalo\/"}]}},"_links":{"self":[{"href":"https:\/\/informelitoral.com.ar\/%77%70%2d%6a%73%6f%6e\/wp\/v2\/posts\/15516","targetHints":{"allow":["GET"]}}],"collection":[{"href":"https:\/\/informelitoral.com.ar\/%77%70%2d%6a%73%6f%6e\/wp\/v2\/posts"}],"about":[{"href":"https:\/\/informelitoral.com.ar\/%77%70%2d%6a%73%6f%6e\/wp\/v2\/types\/post"}],"author":[{"embeddable":true,"href":"https:\/\/informelitoral.com.ar\/%77%70%2d%6a%73%6f%6e\/wp\/v2\/users\/2"}],"replies":[{"embeddable":true,"href":"https:\/\/informelitoral.com.ar\/%77%70%2d%6a%73%6f%6e\/wp\/v2\/comments?post=15516"}],"version-history":[{"count":0,"href":"https:\/\/informelitoral.com.ar\/%77%70%2d%6a%73%6f%6e\/wp\/v2\/posts\/15516\/revisions"}],"wp:attachment":[{"href":"https:\/\/informelitoral.com.ar\/%77%70%2d%6a%73%6f%6e\/wp\/v2\/media?parent=15516"}],"wp:term":[{"taxonomy":"category","embeddable":true,"href":"https:\/\/informelitoral.com.ar\/%77%70%2d%6a%73%6f%6e\/wp\/v2\/categories?post=15516"},{"taxonomy":"post_tag","embeddable":true,"href":"https:\/\/informelitoral.com.ar\/%77%70%2d%6a%73%6f%6e\/wp\/v2\/tags?post=15516"}],"curies":[{"name":"wp","href":"https:\/\/api.w.org\/{rel}","templated":true}]}}