{"id":15511,"date":"2016-04-22T10:52:14","date_gmt":"2016-04-22T13:52:14","guid":{"rendered":"http:\/\/www.isletasnoticias.com.ar\/?p=15511"},"modified":"2016-04-22T10:53:36","modified_gmt":"2016-04-22T13:53:36","slug":"por-las-inundaciones-las-perdidas-en-entre-rios-rondan-los-4-000-millones","status":"publish","type":"post","link":"https:\/\/informelitoral.com.ar\/por-las-inundaciones-las-perdidas-en-entre-rios-rondan-los-4-000-millones\/","title":{"rendered":"Entre R\u00edos: por las inundaciones, las p\u00e9rdidas en el campo rondan los $4.000 millones"},"content":{"rendered":"<p><strong>As\u00ed lo revel\u00f3 el Comit\u00e9 de Crisis del Sector Productivo, que detall\u00f3 que por las inundaciones, \u00abse llevan registradas p\u00e9rdidas, solamente en el cultivo de soja, que superan ampliamente el mill\u00f3n de toneladas que ser\u00edan m\u00e1s de 3.700 millones de pesos\u00bb.<a href=\"http:\/\/www.isletasnoticias.com.ar\/%77%70%2d%63%6f%6e%74%65%6e%74\/uploads\/2016\/04\/i24065-soja-inundaciones-960.jpg\" rel=\"attachment wp-att-15512\"><img loading=\"lazy\" decoding=\"async\" class=\"aligncenter wp-image-15512 size-full\" src=\"http:\/\/www.isletasnoticias.com.ar\/%77%70%2d%63%6f%6e%74%65%6e%74\/uploads\/2016\/04\/i24065-soja-inundaciones-960.jpg\" alt=\"i24065-soja-inundaciones-960\" width=\"631\" height=\"280\" srcset=\"https:\/\/informelitoral.com.ar\/%77%70%2d%63%6f%6e%74%65%6e%74\/uploads\/2016\/04\/i24065-soja-inundaciones-960.jpg 631w, https:\/\/informelitoral.com.ar\/%77%70%2d%63%6f%6e%74%65%6e%74\/uploads\/2016\/04\/i24065-soja-inundaciones-960-300x133.jpg 300w\" sizes=\"auto, (max-width: 631px) 100vw, 631px\" \/><\/a><\/strong><\/p>\n<p>\u00abLa cuesti\u00f3n climatol\u00f3gica va a afectar mucho a la econom\u00eda entrerriana\u00bb, advierte un comunicado del organismo que agrupa a diversas entidades vinculadas con el quehacer agropecuario, que tambi\u00e9n se\u00f1ala que \u00abhay importantes quebrantos que superan el 50% en la lecher\u00eda entrerriana, la ganader\u00eda, citricultura y arroz\u00bb.<\/p>\n<p>El comit\u00e9 calific\u00f3 a situaci\u00f3n de la producci\u00f3n entrerriana como \u00abcr\u00edtica\u00bb porque se deben sumar \u00ablas p\u00e9rdidas y quebrantos que las empresas agropecuarias ven\u00edan acarreando de cosechas anteriores\u00bb.<\/p>\n<p>El organismo consider\u00f3 que la \u00absituaci\u00f3n de los productores, impactar\u00e1 negativamente en cooperativas y acopios y en la cadena comercial y financiera que afectar\u00e1 al conjunto de la econom\u00eda entrerriana\u00bb.<\/p>\n<p>\u00abEsta grave coyuntura exige acciones extraordinarias de los gobiernos provincial y nacional, porque no habr\u00e1 soluci\u00f3n posible sin una fuerte decisi\u00f3n pol\u00edtica y un trabajo en conjunto de todos los actores\u00bb, remarcaron las entidades del sector productivo.<\/p>\n<p>El comit\u00e9 acord\u00f3 tambi\u00e9n solicitar una urgente audiencia al gobernador Gustavo Bordet \u00abcon el fin de acercar un informe detallado de la situaci\u00f3n y analizar juntos posibles soluciones\u00bb.<\/p>\n<p>El vicepresidente de la Federaci\u00f3n Entrerriana de Cooperativas (Fedeco), <strong>Gonzalo \u00c1lvarez Maldonado<\/strong>, afirm\u00f3 que \u00abla situaci\u00f3n es muy grave y repercute directamente en los pueblos del interior por la falta de actividad y recursos que provienen del sector productivo\u00bb.<\/p>\n<p>\u00abLa cuesti\u00f3n climatol\u00f3gica va a afectar mucho a la econom\u00eda entrerriana, porque a veces desde las ciudades no dimensionamos lo que significa la cadena agroalimentaria en los pueblos del interior\u00bb, remarc\u00f3 el dirigente al advertir que \u00abva a haber bienes escasos, como los derivados de la ganader\u00eda y la lecher\u00eda\u00bb.<\/p>\n","protected":false},"excerpt":{"rendered":"<p>As&iacute; lo revel&oacute; el Comit&eacute; de Crisis del Sector Productivo, que detall&oacute; que por las inundaciones, &laquo;se llevan registradas p&eacute;rdidas, solamente en el cultivo de soja, que superan ampliamente el mill&oacute;n de toneladas que ser&iacute;an m&aacute;s de 3.700 millones de pesos&raquo;. &laquo;La cuesti&oacute;n climatol&oacute;gica va a afectar mucho a la econom&iacute;a entrerriana&raquo;, advierte un comunicado [&hellip;]<\/p>\n","protected":false},"author":2,"featured_media":0,"comment_status":"open","ping_status":"open","sticky":false,"template":"","format":"standard","meta":{"fifu_image_url":"","fifu_image_alt":"","footnotes":""},"categories":[10,6],"tags":[],"class_list":{"0":"post-15511","1":"post","2":"type-post","3":"status-publish","4":"format-standard","6":"category-campo","7":"category-entre-rios"},"yoast_head":"<title>Entre R\u00edos: por las inundaciones, las p\u00e9rdidas en el campo rondan los $4.000 millones - Informe Litoral<\/title>\n<meta name=\"robots\" content=\"index, follow, max-snippet:-1, max-image-preview:large, max-video-preview:-1\" \/>\n<link rel=\"canonical\" href=\"https:\/\/informelitoral.com.ar\/por-las-inundaciones-las-perdidas-en-entre-rios-rondan-los-4-000-millones\/\" \/>\n<meta property=\"og:locale\" content=\"es_ES\" \/>\n<meta property=\"og:type\" content=\"article\" \/>\n<meta property=\"og:title\" content=\"Entre R\u00edos: por las inundaciones, las p\u00e9rdidas en el campo rondan los $4.000 millones - Informe Litoral\" \/>\n<meta property=\"og:description\" content=\"As&iacute; lo revel&oacute; el Comit&eacute; de Crisis del Sector Productivo, que detall&oacute; que por las inundaciones, &laquo;se llevan registradas p&eacute;rdidas, solamente en el cultivo de soja, que superan ampliamente el mill&oacute;n de toneladas que ser&iacute;an m&aacute;s de 3.700 millones de pesos&raquo;. &laquo;La cuesti&oacute;n climatol&oacute;gica va a afectar mucho a la econom&iacute;a entrerriana&raquo;, advierte un comunicado [&hellip;]\" \/>\n<meta property=\"og:url\" content=\"https:\/\/informelitoral.com.ar\/por-las-inundaciones-las-perdidas-en-entre-rios-rondan-los-4-000-millones\/\" \/>\n<meta property=\"og:site_name\" content=\"Informe Litoral\" \/>\n<meta property=\"article:publisher\" content=\"https:\/\/www.facebook.com\/informelitoral\/\" \/>\n<meta property=\"article:published_time\" content=\"2016-04-22T13:52:14+00:00\" \/>\n<meta property=\"article:modified_time\" content=\"2016-04-22T13:53:36+00:00\" \/>\n<meta property=\"og:image\" content=\"https:\/\/informelitoral.com.ar\/%77%70%2d%63%6f%6e%74%65%6e%74\/uploads\/2016\/04\/i24065-soja-inundaciones-960.jpg\" \/>\n\t<meta property=\"og:image:width\" content=\"631\" \/>\n\t<meta property=\"og:image:height\" content=\"280\" \/>\n\t<meta property=\"og:image:type\" content=\"image\/jpeg\" \/>\n<meta name=\"author\" content=\"Gonzalo Schmidt\" \/>\n<meta name=\"twitter:card\" content=\"summary_large_image\" \/>\n<meta name=\"twitter:creator\" content=\"@InformeLitoral\" \/>\n<meta name=\"twitter:site\" content=\"@InformeLitoral\" \/>\n<meta name=\"twitter:label1\" content=\"Escrito por\" \/>\n\t<meta name=\"twitter:data1\" content=\"Gonzalo Schmidt\" \/>\n\t<meta name=\"twitter:label2\" content=\"Tiempo de lectura\" \/>\n\t<meta name=\"twitter:data2\" content=\"2 minutos\" \/>\n<script type=\"application\/ld+json\" class=\"yoast-schema-graph\">{\"@context\":\"https:\\\/\\\/schema.org\",\"@graph\":[{\"@type\":\"Article\",\"@id\":\"https:\\\/\\\/informelitoral.com.ar\\\/por-las-inundaciones-las-perdidas-en-entre-rios-rondan-los-4-000-millones\\\/#article\",\"isPartOf\":{\"@id\":\"https:\\\/\\\/informelitoral.com.ar\\\/por-las-inundaciones-las-perdidas-en-entre-rios-rondan-los-4-000-millones\\\/\"},\"author\":{\"name\":\"Gonzalo Schmidt\",\"@id\":\"https:\\\/\\\/informelitoral.com.ar\\\/#\\\/schema\\\/person\\\/b9d00407c836482871ef1d57bf8e3180\"},\"headline\":\"Entre R\u00edos: por las inundaciones, las p\u00e9rdidas en el campo rondan los $4.000 millones\",\"datePublished\":\"2016-04-22T13:52:14+00:00\",\"dateModified\":\"2016-04-22T13:53:36+00:00\",\"mainEntityOfPage\":{\"@id\":\"https:\\\/\\\/informelitoral.com.ar\\\/por-las-inundaciones-las-perdidas-en-entre-rios-rondan-los-4-000-millones\\\/\"},\"wordCount\":342,\"commentCount\":0,\"publisher\":{\"@id\":\"https:\\\/\\\/informelitoral.com.ar\\\/#organization\"},\"image\":{\"@id\":\"https:\\\/\\\/informelitoral.com.ar\\\/por-las-inundaciones-las-perdidas-en-entre-rios-rondan-los-4-000-millones\\\/#primaryimage\"},\"thumbnailUrl\":\"http:\\\/\\\/www.isletasnoticias.com.ar\\\/%77%70%2d%63%6f%6e%74%65%6e%74\\\/uploads\\\/2016\\\/04\\\/i24065-soja-inundaciones-960.jpg\",\"articleSection\":[\"Campo\",\"Entre R\u00edos\"],\"inLanguage\":\"es\",\"potentialAction\":[{\"@type\":\"CommentAction\",\"name\":\"Comment\",\"target\":[\"https:\\\/\\\/informelitoral.com.ar\\\/por-las-inundaciones-las-perdidas-en-entre-rios-rondan-los-4-000-millones\\\/#respond\"]}]},{\"@type\":\"WebPage\",\"@id\":\"https:\\\/\\\/informelitoral.com.ar\\\/por-las-inundaciones-las-perdidas-en-entre-rios-rondan-los-4-000-millones\\\/\",\"url\":\"https:\\\/\\\/informelitoral.com.ar\\\/por-las-inundaciones-las-perdidas-en-entre-rios-rondan-los-4-000-millones\\\/\",\"name\":\"Entre R\u00edos: por las inundaciones, las p\u00e9rdidas en el campo rondan los $4.000 millones - Informe Litoral\",\"isPartOf\":{\"@id\":\"https:\\\/\\\/informelitoral.com.ar\\\/#website\"},\"primaryImageOfPage\":{\"@id\":\"https:\\\/\\\/informelitoral.com.ar\\\/por-las-inundaciones-las-perdidas-en-entre-rios-rondan-los-4-000-millones\\\/#primaryimage\"},\"image\":{\"@id\":\"https:\\\/\\\/informelitoral.com.ar\\\/por-las-inundaciones-las-perdidas-en-entre-rios-rondan-los-4-000-millones\\\/#primaryimage\"},\"thumbnailUrl\":\"http:\\\/\\\/www.isletasnoticias.com.ar\\\/%77%70%2d%63%6f%6e%74%65%6e%74\\\/uploads\\\/2016\\\/04\\\/i24065-soja-inundaciones-960.jpg\",\"datePublished\":\"2016-04-22T13:52:14+00:00\",\"dateModified\":\"2016-04-22T13:53:36+00:00\",\"breadcrumb\":{\"@id\":\"https:\\\/\\\/informelitoral.com.ar\\\/por-las-inundaciones-las-perdidas-en-entre-rios-rondan-los-4-000-millones\\\/#breadcrumb\"},\"inLanguage\":\"es\",\"potentialAction\":[{\"@type\":\"ReadAction\",\"target\":[\"https:\\\/\\\/informelitoral.com.ar\\\/por-las-inundaciones-las-perdidas-en-entre-rios-rondan-los-4-000-millones\\\/\"]}]},{\"@type\":\"ImageObject\",\"inLanguage\":\"es\",\"@id\":\"https:\\\/\\\/informelitoral.com.ar\\\/por-las-inundaciones-las-perdidas-en-entre-rios-rondan-los-4-000-millones\\\/#primaryimage\",\"url\":\"http:\\\/\\\/www.isletasnoticias.com.ar\\\/%77%70%2d%63%6f%6e%74%65%6e%74\\\/uploads\\\/2016\\\/04\\\/i24065-soja-inundaciones-960.jpg\",\"contentUrl\":\"http:\\\/\\\/www.isletasnoticias.com.ar\\\/%77%70%2d%63%6f%6e%74%65%6e%74\\\/uploads\\\/2016\\\/04\\\/i24065-soja-inundaciones-960.jpg\"},{\"@type\":\"BreadcrumbList\",\"@id\":\"https:\\\/\\\/informelitoral.com.ar\\\/por-las-inundaciones-las-perdidas-en-entre-rios-rondan-los-4-000-millones\\\/#breadcrumb\",\"itemListElement\":[{\"@type\":\"ListItem\",\"position\":1,\"name\":\"Portada\",\"item\":\"https:\\\/\\\/informelitoral.com.ar\\\/\"},{\"@type\":\"ListItem\",\"position\":2,\"name\":\"Entre R\u00edos: por las inundaciones, las p\u00e9rdidas en el campo rondan los $4.000 millones\"}]},{\"@type\":\"WebSite\",\"@id\":\"https:\\\/\\\/informelitoral.com.ar\\\/#website\",\"url\":\"https:\\\/\\\/informelitoral.com.ar\\\/\",\"name\":\"Informe Litoral\",\"description\":\"&quot;Nos informamos&quot; \",\"publisher\":{\"@id\":\"https:\\\/\\\/informelitoral.com.ar\\\/#organization\"},\"potentialAction\":[{\"@type\":\"SearchAction\",\"target\":{\"@type\":\"EntryPoint\",\"urlTemplate\":\"https:\\\/\\\/informelitoral.com.ar\\\/?s={search_term_string}\"},\"query-input\":{\"@type\":\"PropertyValueSpecification\",\"valueRequired\":true,\"valueName\":\"search_term_string\"}}],\"inLanguage\":\"es\"},{\"@type\":\"Organization\",\"@id\":\"https:\\\/\\\/informelitoral.com.ar\\\/#organization\",\"name\":\"Informe Litoral\",\"url\":\"https:\\\/\\\/informelitoral.com.ar\\\/\",\"logo\":{\"@type\":\"ImageObject\",\"inLanguage\":\"es\",\"@id\":\"https:\\\/\\\/informelitoral.com.ar\\\/#\\\/schema\\\/logo\\\/image\\\/\",\"url\":\"https:\\\/\\\/informelitoral.com.ar\\\/%77%70%2d%63%6f%6e%74%65%6e%74\\\/uploads\\\/2021\\\/01\\\/circulo.png\",\"contentUrl\":\"https:\\\/\\\/informelitoral.com.ar\\\/%77%70%2d%63%6f%6e%74%65%6e%74\\\/uploads\\\/2021\\\/01\\\/circulo.png\",\"width\":723,\"height\":731,\"caption\":\"Informe Litoral\"},\"image\":{\"@id\":\"https:\\\/\\\/informelitoral.com.ar\\\/#\\\/schema\\\/logo\\\/image\\\/\"},\"sameAs\":[\"https:\\\/\\\/www.facebook.com\\\/informelitoral\\\/\",\"https:\\\/\\\/x.com\\\/InformeLitoral\",\"https:\\\/\\\/www.instagram.com\\\/informelitoral\\\/\",\"https:\\\/\\\/www.youtube.com\\\/channel\\\/UCua4Qvz8Icb6MYqhoq9xLXw\"]},{\"@type\":\"Person\",\"@id\":\"https:\\\/\\\/informelitoral.com.ar\\\/#\\\/schema\\\/person\\\/b9d00407c836482871ef1d57bf8e3180\",\"name\":\"Gonzalo Schmidt\",\"image\":{\"@type\":\"ImageObject\",\"inLanguage\":\"es\",\"@id\":\"https:\\\/\\\/secure.gravatar.com\\\/avatar\\\/31a1a7b66ff2de83bd0e9fd79d026630d2d99e55e8bfe501287647b4fd9743de?s=96&d=mm&r=g\",\"url\":\"https:\\\/\\\/secure.gravatar.com\\\/avatar\\\/31a1a7b66ff2de83bd0e9fd79d026630d2d99e55e8bfe501287647b4fd9743de?s=96&d=mm&r=g\",\"contentUrl\":\"https:\\\/\\\/secure.gravatar.com\\\/avatar\\\/31a1a7b66ff2de83bd0e9fd79d026630d2d99e55e8bfe501287647b4fd9743de?s=96&d=mm&r=g\",\"caption\":\"Gonzalo Schmidt\"},\"description\":\"Sitio web de noticias de la provincia de Entre R\u00edos, Argentina. Informaci\u00f3n y entretenimiento. Informe Litoral, nos informamos.\",\"sameAs\":[\"http:\\\/\\\/www.isletasnoticias.com.ar\"],\"url\":\"https:\\\/\\\/informelitoral.com.ar\\\/author\\\/gonzalo\\\/\"}]}<\/script>","yoast_head_json":{"title":"Entre R\u00edos: por las inundaciones, las p\u00e9rdidas en el campo rondan los $4.000 millones - Informe Litoral","robots":{"index":"index","follow":"follow","max-snippet":"max-snippet:-1","max-image-preview":"max-image-preview:large","max-video-preview":"max-video-preview:-1"},"canonical":"https:\/\/informelitoral.com.ar\/por-las-inundaciones-las-perdidas-en-entre-rios-rondan-los-4-000-millones\/","og_locale":"es_ES","og_type":"article","og_title":"Entre R\u00edos: por las inundaciones, las p\u00e9rdidas en el campo rondan los $4.000 millones - Informe Litoral","og_description":"As&iacute; lo revel&oacute; el Comit&eacute; de Crisis del Sector Productivo, que detall&oacute; que por las inundaciones, &laquo;se llevan registradas p&eacute;rdidas, solamente en el cultivo de soja, que superan ampliamente el mill&oacute;n de toneladas que ser&iacute;an m&aacute;s de 3.700 millones de pesos&raquo;. &laquo;La cuesti&oacute;n climatol&oacute;gica va a afectar mucho a la econom&iacute;a entrerriana&raquo;, advierte un comunicado [&hellip;]","og_url":"https:\/\/informelitoral.com.ar\/por-las-inundaciones-las-perdidas-en-entre-rios-rondan-los-4-000-millones\/","og_site_name":"Informe Litoral","article_publisher":"https:\/\/www.facebook.com\/informelitoral\/","article_published_time":"2016-04-22T13:52:14+00:00","article_modified_time":"2016-04-22T13:53:36+00:00","og_image":[{"width":631,"height":280,"url":"https:\/\/informelitoral.com.ar\/%77%70%2d%63%6f%6e%74%65%6e%74\/uploads\/2016\/04\/i24065-soja-inundaciones-960.jpg","type":"image\/jpeg"}],"author":"Gonzalo Schmidt","twitter_card":"summary_large_image","twitter_creator":"@InformeLitoral","twitter_site":"@InformeLitoral","twitter_misc":{"Escrito por":"Gonzalo Schmidt","Tiempo de lectura":"2 minutos"},"schema":{"@context":"https:\/\/schema.org","@graph":[{"@type":"Article","@id":"https:\/\/informelitoral.com.ar\/por-las-inundaciones-las-perdidas-en-entre-rios-rondan-los-4-000-millones\/#article","isPartOf":{"@id":"https:\/\/informelitoral.com.ar\/por-las-inundaciones-las-perdidas-en-entre-rios-rondan-los-4-000-millones\/"},"author":{"name":"Gonzalo Schmidt","@id":"https:\/\/informelitoral.com.ar\/#\/schema\/person\/b9d00407c836482871ef1d57bf8e3180"},"headline":"Entre R\u00edos: por las inundaciones, las p\u00e9rdidas en el campo rondan los $4.000 millones","datePublished":"2016-04-22T13:52:14+00:00","dateModified":"2016-04-22T13:53:36+00:00","mainEntityOfPage":{"@id":"https:\/\/informelitoral.com.ar\/por-las-inundaciones-las-perdidas-en-entre-rios-rondan-los-4-000-millones\/"},"wordCount":342,"commentCount":0,"publisher":{"@id":"https:\/\/informelitoral.com.ar\/#organization"},"image":{"@id":"https:\/\/informelitoral.com.ar\/por-las-inundaciones-las-perdidas-en-entre-rios-rondan-los-4-000-millones\/#primaryimage"},"thumbnailUrl":"http:\/\/www.isletasnoticias.com.ar\/%77%70%2d%63%6f%6e%74%65%6e%74\/uploads\/2016\/04\/i24065-soja-inundaciones-960.jpg","articleSection":["Campo","Entre R\u00edos"],"inLanguage":"es","potentialAction":[{"@type":"CommentAction","name":"Comment","target":["https:\/\/informelitoral.com.ar\/por-las-inundaciones-las-perdidas-en-entre-rios-rondan-los-4-000-millones\/#respond"]}]},{"@type":"WebPage","@id":"https:\/\/informelitoral.com.ar\/por-las-inundaciones-las-perdidas-en-entre-rios-rondan-los-4-000-millones\/","url":"https:\/\/informelitoral.com.ar\/por-las-inundaciones-las-perdidas-en-entre-rios-rondan-los-4-000-millones\/","name":"Entre R\u00edos: por las inundaciones, las p\u00e9rdidas en el campo rondan los $4.000 millones - Informe Litoral","isPartOf":{"@id":"https:\/\/informelitoral.com.ar\/#website"},"primaryImageOfPage":{"@id":"https:\/\/informelitoral.com.ar\/por-las-inundaciones-las-perdidas-en-entre-rios-rondan-los-4-000-millones\/#primaryimage"},"image":{"@id":"https:\/\/informelitoral.com.ar\/por-las-inundaciones-las-perdidas-en-entre-rios-rondan-los-4-000-millones\/#primaryimage"},"thumbnailUrl":"http:\/\/www.isletasnoticias.com.ar\/%77%70%2d%63%6f%6e%74%65%6e%74\/uploads\/2016\/04\/i24065-soja-inundaciones-960.jpg","datePublished":"2016-04-22T13:52:14+00:00","dateModified":"2016-04-22T13:53:36+00:00","breadcrumb":{"@id":"https:\/\/informelitoral.com.ar\/por-las-inundaciones-las-perdidas-en-entre-rios-rondan-los-4-000-millones\/#breadcrumb"},"inLanguage":"es","potentialAction":[{"@type":"ReadAction","target":["https:\/\/informelitoral.com.ar\/por-las-inundaciones-las-perdidas-en-entre-rios-rondan-los-4-000-millones\/"]}]},{"@type":"ImageObject","inLanguage":"es","@id":"https:\/\/informelitoral.com.ar\/por-las-inundaciones-las-perdidas-en-entre-rios-rondan-los-4-000-millones\/#primaryimage","url":"http:\/\/www.isletasnoticias.com.ar\/%77%70%2d%63%6f%6e%74%65%6e%74\/uploads\/2016\/04\/i24065-soja-inundaciones-960.jpg","contentUrl":"http:\/\/www.isletasnoticias.com.ar\/%77%70%2d%63%6f%6e%74%65%6e%74\/uploads\/2016\/04\/i24065-soja-inundaciones-960.jpg"},{"@type":"BreadcrumbList","@id":"https:\/\/informelitoral.com.ar\/por-las-inundaciones-las-perdidas-en-entre-rios-rondan-los-4-000-millones\/#breadcrumb","itemListElement":[{"@type":"ListItem","position":1,"name":"Portada","item":"https:\/\/informelitoral.com.ar\/"},{"@type":"ListItem","position":2,"name":"Entre R\u00edos: por las inundaciones, las p\u00e9rdidas en el campo rondan los $4.000 millones"}]},{"@type":"WebSite","@id":"https:\/\/informelitoral.com.ar\/#website","url":"https:\/\/informelitoral.com.ar\/","name":"Informe Litoral","description":"&quot;Nos informamos&quot; ","publisher":{"@id":"https:\/\/informelitoral.com.ar\/#organization"},"potentialAction":[{"@type":"SearchAction","target":{"@type":"EntryPoint","urlTemplate":"https:\/\/informelitoral.com.ar\/?s={search_term_string}"},"query-input":{"@type":"PropertyValueSpecification","valueRequired":true,"valueName":"search_term_string"}}],"inLanguage":"es"},{"@type":"Organization","@id":"https:\/\/informelitoral.com.ar\/#organization","name":"Informe Litoral","url":"https:\/\/informelitoral.com.ar\/","logo":{"@type":"ImageObject","inLanguage":"es","@id":"https:\/\/informelitoral.com.ar\/#\/schema\/logo\/image\/","url":"https:\/\/informelitoral.com.ar\/%77%70%2d%63%6f%6e%74%65%6e%74\/uploads\/2021\/01\/circulo.png","contentUrl":"https:\/\/informelitoral.com.ar\/%77%70%2d%63%6f%6e%74%65%6e%74\/uploads\/2021\/01\/circulo.png","width":723,"height":731,"caption":"Informe Litoral"},"image":{"@id":"https:\/\/informelitoral.com.ar\/#\/schema\/logo\/image\/"},"sameAs":["https:\/\/www.facebook.com\/informelitoral\/","https:\/\/x.com\/InformeLitoral","https:\/\/www.instagram.com\/informelitoral\/","https:\/\/www.youtube.com\/channel\/UCua4Qvz8Icb6MYqhoq9xLXw"]},{"@type":"Person","@id":"https:\/\/informelitoral.com.ar\/#\/schema\/person\/b9d00407c836482871ef1d57bf8e3180","name":"Gonzalo Schmidt","image":{"@type":"ImageObject","inLanguage":"es","@id":"https:\/\/secure.gravatar.com\/avatar\/31a1a7b66ff2de83bd0e9fd79d026630d2d99e55e8bfe501287647b4fd9743de?s=96&d=mm&r=g","url":"https:\/\/secure.gravatar.com\/avatar\/31a1a7b66ff2de83bd0e9fd79d026630d2d99e55e8bfe501287647b4fd9743de?s=96&d=mm&r=g","contentUrl":"https:\/\/secure.gravatar.com\/avatar\/31a1a7b66ff2de83bd0e9fd79d026630d2d99e55e8bfe501287647b4fd9743de?s=96&d=mm&r=g","caption":"Gonzalo Schmidt"},"description":"Sitio web de noticias de la provincia de Entre R\u00edos, Argentina. Informaci\u00f3n y entretenimiento. Informe Litoral, nos informamos.","sameAs":["http:\/\/www.isletasnoticias.com.ar"],"url":"https:\/\/informelitoral.com.ar\/author\/gonzalo\/"}]}},"_links":{"self":[{"href":"https:\/\/informelitoral.com.ar\/%77%70%2d%6a%73%6f%6e\/wp\/v2\/posts\/15511","targetHints":{"allow":["GET"]}}],"collection":[{"href":"https:\/\/informelitoral.com.ar\/%77%70%2d%6a%73%6f%6e\/wp\/v2\/posts"}],"about":[{"href":"https:\/\/informelitoral.com.ar\/%77%70%2d%6a%73%6f%6e\/wp\/v2\/types\/post"}],"author":[{"embeddable":true,"href":"https:\/\/informelitoral.com.ar\/%77%70%2d%6a%73%6f%6e\/wp\/v2\/users\/2"}],"replies":[{"embeddable":true,"href":"https:\/\/informelitoral.com.ar\/%77%70%2d%6a%73%6f%6e\/wp\/v2\/comments?post=15511"}],"version-history":[{"count":0,"href":"https:\/\/informelitoral.com.ar\/%77%70%2d%6a%73%6f%6e\/wp\/v2\/posts\/15511\/revisions"}],"wp:attachment":[{"href":"https:\/\/informelitoral.com.ar\/%77%70%2d%6a%73%6f%6e\/wp\/v2\/media?parent=15511"}],"wp:term":[{"taxonomy":"category","embeddable":true,"href":"https:\/\/informelitoral.com.ar\/%77%70%2d%6a%73%6f%6e\/wp\/v2\/categories?post=15511"},{"taxonomy":"post_tag","embeddable":true,"href":"https:\/\/informelitoral.com.ar\/%77%70%2d%6a%73%6f%6e\/wp\/v2\/tags?post=15511"}],"curies":[{"name":"wp","href":"https:\/\/api.w.org\/{rel}","templated":true}]}}