{"id":1550,"date":"2013-05-05T21:20:54","date_gmt":"2013-05-06T00:20:54","guid":{"rendered":"http:\/\/www.isletasnoticias.com.ar\/?p=1550"},"modified":"2013-05-05T21:51:06","modified_gmt":"2013-05-06T00:51:06","slug":"murio-un-hombre-en-ruta-11-tras-volcar-su-camioneta","status":"publish","type":"post","link":"https:\/\/informelitoral.com.ar\/murio-un-hombre-en-ruta-11-tras-volcar-su-camioneta\/","title":{"rendered":"Muri\u00f3 un hombre en Ruta 11 tras volcar su camioneta"},"content":{"rendered":"<p><strong>\u00a0Esta tarde, \u00a0aproximadamente las 17,15, una camioneta Ford Eco Sport volc\u00f3 en el kil\u00f3metro 64,5 de la ruta 11 y falleci\u00f3 un hombre de Costa Grande.<\/strong><\/p>\n<p><img loading=\"lazy\" decoding=\"async\" class=\"size-medium wp-image-1560 alignright\" title=\"Imagen gentileza Neo Net Music.\" alt=\"20130505CostagrandeAccidente\" src=\"http:\/\/www.isletasnoticias.com.ar\/%77%70%2d%63%6f%6e%74%65%6e%74\/uploads\/2013\/05\/20130505CostagrandeAccidente-300x225.jpg\" width=\"300\" height=\"225\" srcset=\"https:\/\/informelitoral.com.ar\/%77%70%2d%63%6f%6e%74%65%6e%74\/uploads\/2013\/05\/20130505CostagrandeAccidente-300x225.jpg 300w, https:\/\/informelitoral.com.ar\/%77%70%2d%63%6f%6e%74%65%6e%74\/uploads\/2013\/05\/20130505CostagrandeAccidente.jpg 960w\" sizes=\"auto, (max-width: 300px) 100vw, 300px\" \/><\/p>\n<p>Muri\u00f3\u00a0un hombre, tras volcar con su veh\u00edculo en la Ruta 11. Se trata de\u00a0<strong>Juan Ariel Eclesia (30)<\/strong>,\u00a0oriundo de Costa Grande<\/p>\n<p>El\u00a0accidente sucedi\u00f3 esta tarde, alrededor de las 17,15, cuando por causas que se tratan de establecer, la Ford Eco Sport, en la que se trasladaba Eclesia volc\u00f3 en el kil\u00f3metro 64,5, en cercan\u00edas de Las Cuevas.<\/p>\n<p>Seg\u00fan informaron fuentes policiales a\u00a0<strong><em>ISLETAS<\/em><em>\u00a0NOTICIAS,<\/em><\/strong>\u00a0el conductor habr\u00eda realizado una mala maniobra, por lo que el veh\u00edculo dio varios tumbos, tras lo cual el chofer sali\u00f3 despedido del interior de la camioneta.<\/p>\n","protected":false},"excerpt":{"rendered":"<p>&nbsp;Esta tarde, &nbsp;aproximadamente las 17,15, una camioneta Ford Eco Sport volc&oacute; en el kil&oacute;metro 64,5 de la ruta 11 y falleci&oacute; un hombre de Costa Grande. Muri&oacute;&nbsp;un hombre, tras volcar con su veh&iacute;culo en la Ruta 11. Se trata de&nbsp;Juan Ariel Eclesia (30),&nbsp;oriundo de Costa Grande El&nbsp;accidente sucedi&oacute; esta tarde, alrededor de las 17,15, cuando [&hellip;]<\/p>\n","protected":false},"author":2,"featured_media":0,"comment_status":"open","ping_status":"open","sticky":false,"template":"","format":"standard","meta":{"fifu_image_url":"","fifu_image_alt":"","footnotes":""},"categories":[5,14],"tags":[],"class_list":{"0":"post-1550","1":"post","2":"type-post","3":"status-publish","4":"format-standard","6":"category-zonales","7":"category-policiales"},"yoast_head":"<title>Muri\u00f3 un hombre en Ruta 11 tras volcar su camioneta - Informe Litoral<\/title>\n<meta name=\"robots\" content=\"index, follow, max-snippet:-1, max-image-preview:large, max-video-preview:-1\" \/>\n<link rel=\"canonical\" href=\"https:\/\/informelitoral.com.ar\/murio-un-hombre-en-ruta-11-tras-volcar-su-camioneta\/\" \/>\n<meta property=\"og:locale\" content=\"es_ES\" \/>\n<meta property=\"og:type\" content=\"article\" \/>\n<meta property=\"og:title\" content=\"Muri\u00f3 un hombre en Ruta 11 tras volcar su camioneta - Informe Litoral\" \/>\n<meta property=\"og:description\" content=\"&nbsp;Esta tarde, &nbsp;aproximadamente las 17,15, una camioneta Ford Eco Sport volc&oacute; en el kil&oacute;metro 64,5 de la ruta 11 y falleci&oacute; un hombre de Costa Grande. Muri&oacute;&nbsp;un hombre, tras volcar con su veh&iacute;culo en la Ruta 11. Se trata de&nbsp;Juan Ariel Eclesia (30),&nbsp;oriundo de Costa Grande El&nbsp;accidente sucedi&oacute; esta tarde, alrededor de las 17,15, cuando [&hellip;]\" \/>\n<meta property=\"og:url\" content=\"https:\/\/informelitoral.com.ar\/murio-un-hombre-en-ruta-11-tras-volcar-su-camioneta\/\" \/>\n<meta property=\"og:site_name\" content=\"Informe Litoral\" \/>\n<meta property=\"article:publisher\" content=\"https:\/\/www.facebook.com\/informelitoral\/\" \/>\n<meta property=\"article:published_time\" content=\"2013-05-06T00:20:54+00:00\" \/>\n<meta property=\"article:modified_time\" content=\"2013-05-06T00:51:06+00:00\" \/>\n<meta property=\"og:image\" content=\"https:\/\/informelitoral.com.ar\/%77%70%2d%63%6f%6e%74%65%6e%74\/uploads\/2013\/05\/20130505CostagrandeAccidente.jpg\" \/>\n\t<meta property=\"og:image:width\" content=\"960\" \/>\n\t<meta property=\"og:image:height\" content=\"720\" \/>\n\t<meta property=\"og:image:type\" content=\"image\/jpeg\" \/>\n<meta name=\"author\" content=\"Gonzalo Schmidt\" \/>\n<meta name=\"twitter:card\" content=\"summary_large_image\" \/>\n<meta name=\"twitter:creator\" content=\"@InformeLitoral\" \/>\n<meta name=\"twitter:site\" content=\"@InformeLitoral\" \/>\n<meta name=\"twitter:label1\" content=\"Escrito por\" \/>\n\t<meta name=\"twitter:data1\" content=\"Gonzalo Schmidt\" \/>\n\t<meta name=\"twitter:label2\" content=\"Tiempo de lectura\" \/>\n\t<meta name=\"twitter:data2\" content=\"1 minuto\" \/>\n<script type=\"application\/ld+json\" class=\"yoast-schema-graph\">{\"@context\":\"https:\\\/\\\/schema.org\",\"@graph\":[{\"@type\":\"Article\",\"@id\":\"https:\\\/\\\/informelitoral.com.ar\\\/murio-un-hombre-en-ruta-11-tras-volcar-su-camioneta\\\/#article\",\"isPartOf\":{\"@id\":\"https:\\\/\\\/informelitoral.com.ar\\\/murio-un-hombre-en-ruta-11-tras-volcar-su-camioneta\\\/\"},\"author\":{\"name\":\"Gonzalo Schmidt\",\"@id\":\"https:\\\/\\\/informelitoral.com.ar\\\/#\\\/schema\\\/person\\\/b9d00407c836482871ef1d57bf8e3180\"},\"headline\":\"Muri\u00f3 un hombre en Ruta 11 tras volcar su camioneta\",\"datePublished\":\"2013-05-06T00:20:54+00:00\",\"dateModified\":\"2013-05-06T00:51:06+00:00\",\"mainEntityOfPage\":{\"@id\":\"https:\\\/\\\/informelitoral.com.ar\\\/murio-un-hombre-en-ruta-11-tras-volcar-su-camioneta\\\/\"},\"wordCount\":129,\"commentCount\":0,\"publisher\":{\"@id\":\"https:\\\/\\\/informelitoral.com.ar\\\/#organization\"},\"image\":{\"@id\":\"https:\\\/\\\/informelitoral.com.ar\\\/murio-un-hombre-en-ruta-11-tras-volcar-su-camioneta\\\/#primaryimage\"},\"thumbnailUrl\":\"http:\\\/\\\/www.isletasnoticias.com.ar\\\/%77%70%2d%63%6f%6e%74%65%6e%74\\\/uploads\\\/2013\\\/05\\\/20130505CostagrandeAccidente-300x225.jpg\",\"articleSection\":[\"Departamento Diamante\",\"Policiales\"],\"inLanguage\":\"es\",\"potentialAction\":[{\"@type\":\"CommentAction\",\"name\":\"Comment\",\"target\":[\"https:\\\/\\\/informelitoral.com.ar\\\/murio-un-hombre-en-ruta-11-tras-volcar-su-camioneta\\\/#respond\"]}]},{\"@type\":\"WebPage\",\"@id\":\"https:\\\/\\\/informelitoral.com.ar\\\/murio-un-hombre-en-ruta-11-tras-volcar-su-camioneta\\\/\",\"url\":\"https:\\\/\\\/informelitoral.com.ar\\\/murio-un-hombre-en-ruta-11-tras-volcar-su-camioneta\\\/\",\"name\":\"Muri\u00f3 un hombre en Ruta 11 tras volcar su camioneta - Informe Litoral\",\"isPartOf\":{\"@id\":\"https:\\\/\\\/informelitoral.com.ar\\\/#website\"},\"primaryImageOfPage\":{\"@id\":\"https:\\\/\\\/informelitoral.com.ar\\\/murio-un-hombre-en-ruta-11-tras-volcar-su-camioneta\\\/#primaryimage\"},\"image\":{\"@id\":\"https:\\\/\\\/informelitoral.com.ar\\\/murio-un-hombre-en-ruta-11-tras-volcar-su-camioneta\\\/#primaryimage\"},\"thumbnailUrl\":\"http:\\\/\\\/www.isletasnoticias.com.ar\\\/%77%70%2d%63%6f%6e%74%65%6e%74\\\/uploads\\\/2013\\\/05\\\/20130505CostagrandeAccidente-300x225.jpg\",\"datePublished\":\"2013-05-06T00:20:54+00:00\",\"dateModified\":\"2013-05-06T00:51:06+00:00\",\"breadcrumb\":{\"@id\":\"https:\\\/\\\/informelitoral.com.ar\\\/murio-un-hombre-en-ruta-11-tras-volcar-su-camioneta\\\/#breadcrumb\"},\"inLanguage\":\"es\",\"potentialAction\":[{\"@type\":\"ReadAction\",\"target\":[\"https:\\\/\\\/informelitoral.com.ar\\\/murio-un-hombre-en-ruta-11-tras-volcar-su-camioneta\\\/\"]}]},{\"@type\":\"ImageObject\",\"inLanguage\":\"es\",\"@id\":\"https:\\\/\\\/informelitoral.com.ar\\\/murio-un-hombre-en-ruta-11-tras-volcar-su-camioneta\\\/#primaryimage\",\"url\":\"http:\\\/\\\/www.isletasnoticias.com.ar\\\/%77%70%2d%63%6f%6e%74%65%6e%74\\\/uploads\\\/2013\\\/05\\\/20130505CostagrandeAccidente-300x225.jpg\",\"contentUrl\":\"http:\\\/\\\/www.isletasnoticias.com.ar\\\/%77%70%2d%63%6f%6e%74%65%6e%74\\\/uploads\\\/2013\\\/05\\\/20130505CostagrandeAccidente-300x225.jpg\"},{\"@type\":\"BreadcrumbList\",\"@id\":\"https:\\\/\\\/informelitoral.com.ar\\\/murio-un-hombre-en-ruta-11-tras-volcar-su-camioneta\\\/#breadcrumb\",\"itemListElement\":[{\"@type\":\"ListItem\",\"position\":1,\"name\":\"Portada\",\"item\":\"https:\\\/\\\/informelitoral.com.ar\\\/\"},{\"@type\":\"ListItem\",\"position\":2,\"name\":\"Muri\u00f3 un hombre en Ruta 11 tras volcar su camioneta\"}]},{\"@type\":\"WebSite\",\"@id\":\"https:\\\/\\\/informelitoral.com.ar\\\/#website\",\"url\":\"https:\\\/\\\/informelitoral.com.ar\\\/\",\"name\":\"Informe Litoral\",\"description\":\"&quot;Nos informamos&quot; \",\"publisher\":{\"@id\":\"https:\\\/\\\/informelitoral.com.ar\\\/#organization\"},\"potentialAction\":[{\"@type\":\"SearchAction\",\"target\":{\"@type\":\"EntryPoint\",\"urlTemplate\":\"https:\\\/\\\/informelitoral.com.ar\\\/?s={search_term_string}\"},\"query-input\":{\"@type\":\"PropertyValueSpecification\",\"valueRequired\":true,\"valueName\":\"search_term_string\"}}],\"inLanguage\":\"es\"},{\"@type\":\"Organization\",\"@id\":\"https:\\\/\\\/informelitoral.com.ar\\\/#organization\",\"name\":\"Informe Litoral\",\"url\":\"https:\\\/\\\/informelitoral.com.ar\\\/\",\"logo\":{\"@type\":\"ImageObject\",\"inLanguage\":\"es\",\"@id\":\"https:\\\/\\\/informelitoral.com.ar\\\/#\\\/schema\\\/logo\\\/image\\\/\",\"url\":\"https:\\\/\\\/informelitoral.com.ar\\\/%77%70%2d%63%6f%6e%74%65%6e%74\\\/uploads\\\/2021\\\/01\\\/circulo.png\",\"contentUrl\":\"https:\\\/\\\/informelitoral.com.ar\\\/%77%70%2d%63%6f%6e%74%65%6e%74\\\/uploads\\\/2021\\\/01\\\/circulo.png\",\"width\":723,\"height\":731,\"caption\":\"Informe Litoral\"},\"image\":{\"@id\":\"https:\\\/\\\/informelitoral.com.ar\\\/#\\\/schema\\\/logo\\\/image\\\/\"},\"sameAs\":[\"https:\\\/\\\/www.facebook.com\\\/informelitoral\\\/\",\"https:\\\/\\\/x.com\\\/InformeLitoral\",\"https:\\\/\\\/www.instagram.com\\\/informelitoral\\\/\",\"https:\\\/\\\/www.youtube.com\\\/channel\\\/UCua4Qvz8Icb6MYqhoq9xLXw\"]},{\"@type\":\"Person\",\"@id\":\"https:\\\/\\\/informelitoral.com.ar\\\/#\\\/schema\\\/person\\\/b9d00407c836482871ef1d57bf8e3180\",\"name\":\"Gonzalo Schmidt\",\"image\":{\"@type\":\"ImageObject\",\"inLanguage\":\"es\",\"@id\":\"https:\\\/\\\/secure.gravatar.com\\\/avatar\\\/31a1a7b66ff2de83bd0e9fd79d026630d2d99e55e8bfe501287647b4fd9743de?s=96&d=mm&r=g\",\"url\":\"https:\\\/\\\/secure.gravatar.com\\\/avatar\\\/31a1a7b66ff2de83bd0e9fd79d026630d2d99e55e8bfe501287647b4fd9743de?s=96&d=mm&r=g\",\"contentUrl\":\"https:\\\/\\\/secure.gravatar.com\\\/avatar\\\/31a1a7b66ff2de83bd0e9fd79d026630d2d99e55e8bfe501287647b4fd9743de?s=96&d=mm&r=g\",\"caption\":\"Gonzalo Schmidt\"},\"description\":\"Sitio web de noticias de la provincia de Entre R\u00edos, Argentina. Informaci\u00f3n y entretenimiento. Informe Litoral, nos informamos.\",\"sameAs\":[\"http:\\\/\\\/www.isletasnoticias.com.ar\"],\"url\":\"https:\\\/\\\/informelitoral.com.ar\\\/author\\\/gonzalo\\\/\"}]}<\/script>","yoast_head_json":{"title":"Muri\u00f3 un hombre en Ruta 11 tras volcar su camioneta - Informe Litoral","robots":{"index":"index","follow":"follow","max-snippet":"max-snippet:-1","max-image-preview":"max-image-preview:large","max-video-preview":"max-video-preview:-1"},"canonical":"https:\/\/informelitoral.com.ar\/murio-un-hombre-en-ruta-11-tras-volcar-su-camioneta\/","og_locale":"es_ES","og_type":"article","og_title":"Muri\u00f3 un hombre en Ruta 11 tras volcar su camioneta - Informe Litoral","og_description":"&nbsp;Esta tarde, &nbsp;aproximadamente las 17,15, una camioneta Ford Eco Sport volc&oacute; en el kil&oacute;metro 64,5 de la ruta 11 y falleci&oacute; un hombre de Costa Grande. Muri&oacute;&nbsp;un hombre, tras volcar con su veh&iacute;culo en la Ruta 11. Se trata de&nbsp;Juan Ariel Eclesia (30),&nbsp;oriundo de Costa Grande El&nbsp;accidente sucedi&oacute; esta tarde, alrededor de las 17,15, cuando [&hellip;]","og_url":"https:\/\/informelitoral.com.ar\/murio-un-hombre-en-ruta-11-tras-volcar-su-camioneta\/","og_site_name":"Informe Litoral","article_publisher":"https:\/\/www.facebook.com\/informelitoral\/","article_published_time":"2013-05-06T00:20:54+00:00","article_modified_time":"2013-05-06T00:51:06+00:00","og_image":[{"width":960,"height":720,"url":"https:\/\/informelitoral.com.ar\/%77%70%2d%63%6f%6e%74%65%6e%74\/uploads\/2013\/05\/20130505CostagrandeAccidente.jpg","type":"image\/jpeg"}],"author":"Gonzalo Schmidt","twitter_card":"summary_large_image","twitter_creator":"@InformeLitoral","twitter_site":"@InformeLitoral","twitter_misc":{"Escrito por":"Gonzalo Schmidt","Tiempo de lectura":"1 minuto"},"schema":{"@context":"https:\/\/schema.org","@graph":[{"@type":"Article","@id":"https:\/\/informelitoral.com.ar\/murio-un-hombre-en-ruta-11-tras-volcar-su-camioneta\/#article","isPartOf":{"@id":"https:\/\/informelitoral.com.ar\/murio-un-hombre-en-ruta-11-tras-volcar-su-camioneta\/"},"author":{"name":"Gonzalo Schmidt","@id":"https:\/\/informelitoral.com.ar\/#\/schema\/person\/b9d00407c836482871ef1d57bf8e3180"},"headline":"Muri\u00f3 un hombre en Ruta 11 tras volcar su camioneta","datePublished":"2013-05-06T00:20:54+00:00","dateModified":"2013-05-06T00:51:06+00:00","mainEntityOfPage":{"@id":"https:\/\/informelitoral.com.ar\/murio-un-hombre-en-ruta-11-tras-volcar-su-camioneta\/"},"wordCount":129,"commentCount":0,"publisher":{"@id":"https:\/\/informelitoral.com.ar\/#organization"},"image":{"@id":"https:\/\/informelitoral.com.ar\/murio-un-hombre-en-ruta-11-tras-volcar-su-camioneta\/#primaryimage"},"thumbnailUrl":"http:\/\/www.isletasnoticias.com.ar\/%77%70%2d%63%6f%6e%74%65%6e%74\/uploads\/2013\/05\/20130505CostagrandeAccidente-300x225.jpg","articleSection":["Departamento Diamante","Policiales"],"inLanguage":"es","potentialAction":[{"@type":"CommentAction","name":"Comment","target":["https:\/\/informelitoral.com.ar\/murio-un-hombre-en-ruta-11-tras-volcar-su-camioneta\/#respond"]}]},{"@type":"WebPage","@id":"https:\/\/informelitoral.com.ar\/murio-un-hombre-en-ruta-11-tras-volcar-su-camioneta\/","url":"https:\/\/informelitoral.com.ar\/murio-un-hombre-en-ruta-11-tras-volcar-su-camioneta\/","name":"Muri\u00f3 un hombre en Ruta 11 tras volcar su camioneta - Informe Litoral","isPartOf":{"@id":"https:\/\/informelitoral.com.ar\/#website"},"primaryImageOfPage":{"@id":"https:\/\/informelitoral.com.ar\/murio-un-hombre-en-ruta-11-tras-volcar-su-camioneta\/#primaryimage"},"image":{"@id":"https:\/\/informelitoral.com.ar\/murio-un-hombre-en-ruta-11-tras-volcar-su-camioneta\/#primaryimage"},"thumbnailUrl":"http:\/\/www.isletasnoticias.com.ar\/%77%70%2d%63%6f%6e%74%65%6e%74\/uploads\/2013\/05\/20130505CostagrandeAccidente-300x225.jpg","datePublished":"2013-05-06T00:20:54+00:00","dateModified":"2013-05-06T00:51:06+00:00","breadcrumb":{"@id":"https:\/\/informelitoral.com.ar\/murio-un-hombre-en-ruta-11-tras-volcar-su-camioneta\/#breadcrumb"},"inLanguage":"es","potentialAction":[{"@type":"ReadAction","target":["https:\/\/informelitoral.com.ar\/murio-un-hombre-en-ruta-11-tras-volcar-su-camioneta\/"]}]},{"@type":"ImageObject","inLanguage":"es","@id":"https:\/\/informelitoral.com.ar\/murio-un-hombre-en-ruta-11-tras-volcar-su-camioneta\/#primaryimage","url":"http:\/\/www.isletasnoticias.com.ar\/%77%70%2d%63%6f%6e%74%65%6e%74\/uploads\/2013\/05\/20130505CostagrandeAccidente-300x225.jpg","contentUrl":"http:\/\/www.isletasnoticias.com.ar\/%77%70%2d%63%6f%6e%74%65%6e%74\/uploads\/2013\/05\/20130505CostagrandeAccidente-300x225.jpg"},{"@type":"BreadcrumbList","@id":"https:\/\/informelitoral.com.ar\/murio-un-hombre-en-ruta-11-tras-volcar-su-camioneta\/#breadcrumb","itemListElement":[{"@type":"ListItem","position":1,"name":"Portada","item":"https:\/\/informelitoral.com.ar\/"},{"@type":"ListItem","position":2,"name":"Muri\u00f3 un hombre en Ruta 11 tras volcar su camioneta"}]},{"@type":"WebSite","@id":"https:\/\/informelitoral.com.ar\/#website","url":"https:\/\/informelitoral.com.ar\/","name":"Informe Litoral","description":"&quot;Nos informamos&quot; ","publisher":{"@id":"https:\/\/informelitoral.com.ar\/#organization"},"potentialAction":[{"@type":"SearchAction","target":{"@type":"EntryPoint","urlTemplate":"https:\/\/informelitoral.com.ar\/?s={search_term_string}"},"query-input":{"@type":"PropertyValueSpecification","valueRequired":true,"valueName":"search_term_string"}}],"inLanguage":"es"},{"@type":"Organization","@id":"https:\/\/informelitoral.com.ar\/#organization","name":"Informe Litoral","url":"https:\/\/informelitoral.com.ar\/","logo":{"@type":"ImageObject","inLanguage":"es","@id":"https:\/\/informelitoral.com.ar\/#\/schema\/logo\/image\/","url":"https:\/\/informelitoral.com.ar\/%77%70%2d%63%6f%6e%74%65%6e%74\/uploads\/2021\/01\/circulo.png","contentUrl":"https:\/\/informelitoral.com.ar\/%77%70%2d%63%6f%6e%74%65%6e%74\/uploads\/2021\/01\/circulo.png","width":723,"height":731,"caption":"Informe Litoral"},"image":{"@id":"https:\/\/informelitoral.com.ar\/#\/schema\/logo\/image\/"},"sameAs":["https:\/\/www.facebook.com\/informelitoral\/","https:\/\/x.com\/InformeLitoral","https:\/\/www.instagram.com\/informelitoral\/","https:\/\/www.youtube.com\/channel\/UCua4Qvz8Icb6MYqhoq9xLXw"]},{"@type":"Person","@id":"https:\/\/informelitoral.com.ar\/#\/schema\/person\/b9d00407c836482871ef1d57bf8e3180","name":"Gonzalo Schmidt","image":{"@type":"ImageObject","inLanguage":"es","@id":"https:\/\/secure.gravatar.com\/avatar\/31a1a7b66ff2de83bd0e9fd79d026630d2d99e55e8bfe501287647b4fd9743de?s=96&d=mm&r=g","url":"https:\/\/secure.gravatar.com\/avatar\/31a1a7b66ff2de83bd0e9fd79d026630d2d99e55e8bfe501287647b4fd9743de?s=96&d=mm&r=g","contentUrl":"https:\/\/secure.gravatar.com\/avatar\/31a1a7b66ff2de83bd0e9fd79d026630d2d99e55e8bfe501287647b4fd9743de?s=96&d=mm&r=g","caption":"Gonzalo Schmidt"},"description":"Sitio web de noticias de la provincia de Entre R\u00edos, Argentina. Informaci\u00f3n y entretenimiento. Informe Litoral, nos informamos.","sameAs":["http:\/\/www.isletasnoticias.com.ar"],"url":"https:\/\/informelitoral.com.ar\/author\/gonzalo\/"}]}},"_links":{"self":[{"href":"https:\/\/informelitoral.com.ar\/%77%70%2d%6a%73%6f%6e\/wp\/v2\/posts\/1550","targetHints":{"allow":["GET"]}}],"collection":[{"href":"https:\/\/informelitoral.com.ar\/%77%70%2d%6a%73%6f%6e\/wp\/v2\/posts"}],"about":[{"href":"https:\/\/informelitoral.com.ar\/%77%70%2d%6a%73%6f%6e\/wp\/v2\/types\/post"}],"author":[{"embeddable":true,"href":"https:\/\/informelitoral.com.ar\/%77%70%2d%6a%73%6f%6e\/wp\/v2\/users\/2"}],"replies":[{"embeddable":true,"href":"https:\/\/informelitoral.com.ar\/%77%70%2d%6a%73%6f%6e\/wp\/v2\/comments?post=1550"}],"version-history":[{"count":0,"href":"https:\/\/informelitoral.com.ar\/%77%70%2d%6a%73%6f%6e\/wp\/v2\/posts\/1550\/revisions"}],"wp:attachment":[{"href":"https:\/\/informelitoral.com.ar\/%77%70%2d%6a%73%6f%6e\/wp\/v2\/media?parent=1550"}],"wp:term":[{"taxonomy":"category","embeddable":true,"href":"https:\/\/informelitoral.com.ar\/%77%70%2d%6a%73%6f%6e\/wp\/v2\/categories?post=1550"},{"taxonomy":"post_tag","embeddable":true,"href":"https:\/\/informelitoral.com.ar\/%77%70%2d%6a%73%6f%6e\/wp\/v2\/tags?post=1550"}],"curies":[{"name":"wp","href":"https:\/\/api.w.org\/{rel}","templated":true}]}}