{"id":154908,"date":"2023-06-23T09:51:46","date_gmt":"2023-06-23T12:51:46","guid":{"rendered":"https:\/\/www.informelitoral.com.ar\/?p=154908"},"modified":"2023-06-23T20:59:58","modified_gmt":"2023-06-23T23:59:58","slug":"mundial-2030-un-poderoso-candidato-se-bajo-de-la-candidatura-e-ilusiona-a-la-argentina","status":"publish","type":"post","link":"https:\/\/informelitoral.com.ar\/mundial-2030-un-poderoso-candidato-se-bajo-de-la-candidatura-e-ilusiona-a-la-argentina\/","title":{"rendered":"Mundial 2030: un poderoso candidato se baj\u00f3 de la candidatura e ilusiona a la Argentina"},"content":{"rendered":"<div class=\"itemFullText\">\n<p><strong>Arabia Saudita se baj\u00f3 este jueves de la candidatura para ser anfitri\u00f3n del Mundial 2030<\/strong>\u00a0y solo quedan dos opciones para albergar la Copa del Mundo, en ambos casos con sedes compartidas:\u00a0<strong>Argentina, Uruguay, Chile y Paraguay<\/strong>; y\u00a0<strong>Espa\u00f1a, Portugal y Marruecos.<\/strong><\/p>\n<p>El ministro de Relaciones Exteriores saud\u00ed, Faisal bin Farhan Al Saud, comunic\u00f3 que declinaron su postura de recibir la cita mundialista en su edici\u00f3n centenario.<\/p>\n<p>Seg\u00fan argument\u00f3, cree que\u00a0<strong>corren con desventaja respecto de la candidatura de Espa\u00f1a, Portugal y Marruecos<\/strong>. No obstante, esto<strong>\u00a0abri\u00f3 a\u00fan m\u00e1s el camino para la Conmebol,<\/strong>\u00a0que espera concretar su deseo y ser sede tras el Mundial de Estados Unidos, M\u00e9xico y Canad\u00e1.<\/p>\n<h4><strong>Cu\u00e1ndo se sabr\u00e1 la sede del Mundial 2030<\/strong><\/h4>\n<p>De todos modos, todav\u00eda falta para saber qu\u00e9 sede ser\u00e1 la anfitriona de la Copa del Mundo. La fecha prevista para ese anuncio es en\u00a0<strong>septiembre de 2024.<\/strong><\/p>\n<p>El pr\u00f3ximo Mundial se disputar\u00e1 en una sede conjunta en Estados Unidos, M\u00e9xico y Canad\u00e1, algo que no hab\u00eda ocurrido nunca salvo en la edici\u00f3n que se disput\u00f3 en Corea-Jap\u00f3n.<\/p>\n<\/div>\n","protected":false},"excerpt":{"rendered":"<p>Arabia Saudita anunci\u00f3 que no se presentar\u00e1n para la edici\u00f3n de su centenario. Qu\u00e9 opciones siguen en pie.<\/p>\n","protected":false},"author":8,"featured_media":154910,"comment_status":"open","ping_status":"open","sticky":false,"template":"","format":"standard","meta":{"fifu_image_url":"","fifu_image_alt":"","footnotes":""},"categories":[13],"tags":[57,699],"class_list":{"0":"post-154908","1":"post","2":"type-post","3":"status-publish","4":"format-standard","5":"has-post-thumbnail","7":"category-deportes","8":"tag-futbol","9":"tag-mundial"},"yoast_head":"<title>Mundial 2030: un poderoso candidato se baj\u00f3 de la candidatura e ilusiona a la Argentina - Informe Litoral<\/title>\n<meta name=\"robots\" content=\"index, follow, max-snippet:-1, max-image-preview:large, max-video-preview:-1\" \/>\n<link rel=\"canonical\" href=\"https:\/\/informelitoral.com.ar\/mundial-2030-un-poderoso-candidato-se-bajo-de-la-candidatura-e-ilusiona-a-la-argentina\/\" \/>\n<meta property=\"og:locale\" content=\"es_ES\" \/>\n<meta property=\"og:type\" content=\"article\" \/>\n<meta property=\"og:title\" content=\"Mundial 2030: un poderoso candidato se baj\u00f3 de la candidatura e ilusiona a la Argentina - Informe Litoral\" \/>\n<meta property=\"og:description\" content=\"Arabia Saudita anunci\u00f3 que no se presentar\u00e1n para la edici\u00f3n de su centenario. Qu\u00e9 opciones siguen en pie.\" \/>\n<meta property=\"og:url\" content=\"https:\/\/informelitoral.com.ar\/mundial-2030-un-poderoso-candidato-se-bajo-de-la-candidatura-e-ilusiona-a-la-argentina\/\" \/>\n<meta property=\"og:site_name\" content=\"Informe Litoral\" \/>\n<meta property=\"article:publisher\" content=\"https:\/\/www.facebook.com\/informelitoral\/\" \/>\n<meta property=\"article:published_time\" content=\"2023-06-23T12:51:46+00:00\" \/>\n<meta property=\"article:modified_time\" content=\"2023-06-23T23:59:58+00:00\" \/>\n<meta property=\"og:image\" content=\"https:\/\/informelitoral.com.ar\/%77%70%2d%63%6f%6e%74%65%6e%74\/uploads\/2023\/06\/33654e140f024f4d7891c8bed3b2a29a_M.jpg\" \/>\n\t<meta property=\"og:image:width\" content=\"768\" \/>\n\t<meta property=\"og:image:height\" content=\"430\" \/>\n\t<meta property=\"og:image:type\" content=\"image\/jpeg\" \/>\n<meta name=\"author\" content=\"Sebastian\" \/>\n<meta name=\"twitter:card\" content=\"summary_large_image\" \/>\n<meta name=\"twitter:creator\" content=\"@InformeLitoral\" \/>\n<meta name=\"twitter:site\" content=\"@InformeLitoral\" \/>\n<meta name=\"twitter:label1\" content=\"Escrito por\" \/>\n\t<meta name=\"twitter:data1\" content=\"Sebastian\" \/>\n\t<meta name=\"twitter:label2\" content=\"Tiempo de lectura\" \/>\n\t<meta name=\"twitter:data2\" content=\"1 minuto\" \/>\n<script type=\"application\/ld+json\" class=\"yoast-schema-graph\">{\"@context\":\"https:\\\/\\\/schema.org\",\"@graph\":[{\"@type\":\"Article\",\"@id\":\"https:\\\/\\\/informelitoral.com.ar\\\/mundial-2030-un-poderoso-candidato-se-bajo-de-la-candidatura-e-ilusiona-a-la-argentina\\\/#article\",\"isPartOf\":{\"@id\":\"https:\\\/\\\/informelitoral.com.ar\\\/mundial-2030-un-poderoso-candidato-se-bajo-de-la-candidatura-e-ilusiona-a-la-argentina\\\/\"},\"author\":{\"name\":\"Sebastian\",\"@id\":\"https:\\\/\\\/informelitoral.com.ar\\\/#\\\/schema\\\/person\\\/f05f9f461677119578717524b127d6d5\"},\"headline\":\"Mundial 2030: un poderoso candidato se baj\u00f3 de la candidatura e ilusiona a la Argentina\",\"datePublished\":\"2023-06-23T12:51:46+00:00\",\"dateModified\":\"2023-06-23T23:59:58+00:00\",\"mainEntityOfPage\":{\"@id\":\"https:\\\/\\\/informelitoral.com.ar\\\/mundial-2030-un-poderoso-candidato-se-bajo-de-la-candidatura-e-ilusiona-a-la-argentina\\\/\"},\"wordCount\":203,\"commentCount\":0,\"publisher\":{\"@id\":\"https:\\\/\\\/informelitoral.com.ar\\\/#organization\"},\"image\":{\"@id\":\"https:\\\/\\\/informelitoral.com.ar\\\/mundial-2030-un-poderoso-candidato-se-bajo-de-la-candidatura-e-ilusiona-a-la-argentina\\\/#primaryimage\"},\"thumbnailUrl\":\"https:\\\/\\\/informelitoral.com.ar\\\/%77%70%2d%63%6f%6e%74%65%6e%74\\\/uploads\\\/2023\\\/06\\\/33654e140f024f4d7891c8bed3b2a29a_M.jpg\",\"keywords\":[\"F\u00fatbol\",\"Mundial\"],\"articleSection\":[\"Deportes\"],\"inLanguage\":\"es\",\"potentialAction\":[{\"@type\":\"CommentAction\",\"name\":\"Comment\",\"target\":[\"https:\\\/\\\/informelitoral.com.ar\\\/mundial-2030-un-poderoso-candidato-se-bajo-de-la-candidatura-e-ilusiona-a-la-argentina\\\/#respond\"]}]},{\"@type\":\"WebPage\",\"@id\":\"https:\\\/\\\/informelitoral.com.ar\\\/mundial-2030-un-poderoso-candidato-se-bajo-de-la-candidatura-e-ilusiona-a-la-argentina\\\/\",\"url\":\"https:\\\/\\\/informelitoral.com.ar\\\/mundial-2030-un-poderoso-candidato-se-bajo-de-la-candidatura-e-ilusiona-a-la-argentina\\\/\",\"name\":\"Mundial 2030: un poderoso candidato se baj\u00f3 de la candidatura e ilusiona a la Argentina - Informe Litoral\",\"isPartOf\":{\"@id\":\"https:\\\/\\\/informelitoral.com.ar\\\/#website\"},\"primaryImageOfPage\":{\"@id\":\"https:\\\/\\\/informelitoral.com.ar\\\/mundial-2030-un-poderoso-candidato-se-bajo-de-la-candidatura-e-ilusiona-a-la-argentina\\\/#primaryimage\"},\"image\":{\"@id\":\"https:\\\/\\\/informelitoral.com.ar\\\/mundial-2030-un-poderoso-candidato-se-bajo-de-la-candidatura-e-ilusiona-a-la-argentina\\\/#primaryimage\"},\"thumbnailUrl\":\"https:\\\/\\\/informelitoral.com.ar\\\/%77%70%2d%63%6f%6e%74%65%6e%74\\\/uploads\\\/2023\\\/06\\\/33654e140f024f4d7891c8bed3b2a29a_M.jpg\",\"datePublished\":\"2023-06-23T12:51:46+00:00\",\"dateModified\":\"2023-06-23T23:59:58+00:00\",\"breadcrumb\":{\"@id\":\"https:\\\/\\\/informelitoral.com.ar\\\/mundial-2030-un-poderoso-candidato-se-bajo-de-la-candidatura-e-ilusiona-a-la-argentina\\\/#breadcrumb\"},\"inLanguage\":\"es\",\"potentialAction\":[{\"@type\":\"ReadAction\",\"target\":[\"https:\\\/\\\/informelitoral.com.ar\\\/mundial-2030-un-poderoso-candidato-se-bajo-de-la-candidatura-e-ilusiona-a-la-argentina\\\/\"]}]},{\"@type\":\"ImageObject\",\"inLanguage\":\"es\",\"@id\":\"https:\\\/\\\/informelitoral.com.ar\\\/mundial-2030-un-poderoso-candidato-se-bajo-de-la-candidatura-e-ilusiona-a-la-argentina\\\/#primaryimage\",\"url\":\"https:\\\/\\\/informelitoral.com.ar\\\/%77%70%2d%63%6f%6e%74%65%6e%74\\\/uploads\\\/2023\\\/06\\\/33654e140f024f4d7891c8bed3b2a29a_M.jpg\",\"contentUrl\":\"https:\\\/\\\/informelitoral.com.ar\\\/%77%70%2d%63%6f%6e%74%65%6e%74\\\/uploads\\\/2023\\\/06\\\/33654e140f024f4d7891c8bed3b2a29a_M.jpg\",\"width\":768,\"height\":430},{\"@type\":\"BreadcrumbList\",\"@id\":\"https:\\\/\\\/informelitoral.com.ar\\\/mundial-2030-un-poderoso-candidato-se-bajo-de-la-candidatura-e-ilusiona-a-la-argentina\\\/#breadcrumb\",\"itemListElement\":[{\"@type\":\"ListItem\",\"position\":1,\"name\":\"Portada\",\"item\":\"https:\\\/\\\/informelitoral.com.ar\\\/\"},{\"@type\":\"ListItem\",\"position\":2,\"name\":\"Mundial 2030: un poderoso candidato se baj\u00f3 de la candidatura e ilusiona a la Argentina\"}]},{\"@type\":\"WebSite\",\"@id\":\"https:\\\/\\\/informelitoral.com.ar\\\/#website\",\"url\":\"https:\\\/\\\/informelitoral.com.ar\\\/\",\"name\":\"Informe Litoral\",\"description\":\"&quot;Nos informamos&quot; \",\"publisher\":{\"@id\":\"https:\\\/\\\/informelitoral.com.ar\\\/#organization\"},\"potentialAction\":[{\"@type\":\"SearchAction\",\"target\":{\"@type\":\"EntryPoint\",\"urlTemplate\":\"https:\\\/\\\/informelitoral.com.ar\\\/?s={search_term_string}\"},\"query-input\":{\"@type\":\"PropertyValueSpecification\",\"valueRequired\":true,\"valueName\":\"search_term_string\"}}],\"inLanguage\":\"es\"},{\"@type\":\"Organization\",\"@id\":\"https:\\\/\\\/informelitoral.com.ar\\\/#organization\",\"name\":\"Informe Litoral\",\"url\":\"https:\\\/\\\/informelitoral.com.ar\\\/\",\"logo\":{\"@type\":\"ImageObject\",\"inLanguage\":\"es\",\"@id\":\"https:\\\/\\\/informelitoral.com.ar\\\/#\\\/schema\\\/logo\\\/image\\\/\",\"url\":\"https:\\\/\\\/informelitoral.com.ar\\\/%77%70%2d%63%6f%6e%74%65%6e%74\\\/uploads\\\/2021\\\/01\\\/circulo.png\",\"contentUrl\":\"https:\\\/\\\/informelitoral.com.ar\\\/%77%70%2d%63%6f%6e%74%65%6e%74\\\/uploads\\\/2021\\\/01\\\/circulo.png\",\"width\":723,\"height\":731,\"caption\":\"Informe Litoral\"},\"image\":{\"@id\":\"https:\\\/\\\/informelitoral.com.ar\\\/#\\\/schema\\\/logo\\\/image\\\/\"},\"sameAs\":[\"https:\\\/\\\/www.facebook.com\\\/informelitoral\\\/\",\"https:\\\/\\\/x.com\\\/InformeLitoral\",\"https:\\\/\\\/www.instagram.com\\\/informelitoral\\\/\",\"https:\\\/\\\/www.youtube.com\\\/channel\\\/UCua4Qvz8Icb6MYqhoq9xLXw\"]},{\"@type\":\"Person\",\"@id\":\"https:\\\/\\\/informelitoral.com.ar\\\/#\\\/schema\\\/person\\\/f05f9f461677119578717524b127d6d5\",\"name\":\"Sebastian\",\"image\":{\"@type\":\"ImageObject\",\"inLanguage\":\"es\",\"@id\":\"https:\\\/\\\/secure.gravatar.com\\\/avatar\\\/b71bf7481d447dfb9583c7f2798e7cc64de6efb9067b74633ed8c31059a3bd82?s=96&d=mm&r=g\",\"url\":\"https:\\\/\\\/secure.gravatar.com\\\/avatar\\\/b71bf7481d447dfb9583c7f2798e7cc64de6efb9067b74633ed8c31059a3bd82?s=96&d=mm&r=g\",\"contentUrl\":\"https:\\\/\\\/secure.gravatar.com\\\/avatar\\\/b71bf7481d447dfb9583c7f2798e7cc64de6efb9067b74633ed8c31059a3bd82?s=96&d=mm&r=g\",\"caption\":\"Sebastian\"},\"url\":\"https:\\\/\\\/informelitoral.com.ar\\\/author\\\/sebastian\\\/\"}]}<\/script>","yoast_head_json":{"title":"Mundial 2030: un poderoso candidato se baj\u00f3 de la candidatura e ilusiona a la Argentina - Informe Litoral","robots":{"index":"index","follow":"follow","max-snippet":"max-snippet:-1","max-image-preview":"max-image-preview:large","max-video-preview":"max-video-preview:-1"},"canonical":"https:\/\/informelitoral.com.ar\/mundial-2030-un-poderoso-candidato-se-bajo-de-la-candidatura-e-ilusiona-a-la-argentina\/","og_locale":"es_ES","og_type":"article","og_title":"Mundial 2030: un poderoso candidato se baj\u00f3 de la candidatura e ilusiona a la Argentina - Informe Litoral","og_description":"Arabia Saudita anunci\u00f3 que no se presentar\u00e1n para la edici\u00f3n de su centenario. Qu\u00e9 opciones siguen en pie.","og_url":"https:\/\/informelitoral.com.ar\/mundial-2030-un-poderoso-candidato-se-bajo-de-la-candidatura-e-ilusiona-a-la-argentina\/","og_site_name":"Informe Litoral","article_publisher":"https:\/\/www.facebook.com\/informelitoral\/","article_published_time":"2023-06-23T12:51:46+00:00","article_modified_time":"2023-06-23T23:59:58+00:00","og_image":[{"width":768,"height":430,"url":"https:\/\/informelitoral.com.ar\/%77%70%2d%63%6f%6e%74%65%6e%74\/uploads\/2023\/06\/33654e140f024f4d7891c8bed3b2a29a_M.jpg","type":"image\/jpeg"}],"author":"Sebastian","twitter_card":"summary_large_image","twitter_creator":"@InformeLitoral","twitter_site":"@InformeLitoral","twitter_misc":{"Escrito por":"Sebastian","Tiempo de lectura":"1 minuto"},"schema":{"@context":"https:\/\/schema.org","@graph":[{"@type":"Article","@id":"https:\/\/informelitoral.com.ar\/mundial-2030-un-poderoso-candidato-se-bajo-de-la-candidatura-e-ilusiona-a-la-argentina\/#article","isPartOf":{"@id":"https:\/\/informelitoral.com.ar\/mundial-2030-un-poderoso-candidato-se-bajo-de-la-candidatura-e-ilusiona-a-la-argentina\/"},"author":{"name":"Sebastian","@id":"https:\/\/informelitoral.com.ar\/#\/schema\/person\/f05f9f461677119578717524b127d6d5"},"headline":"Mundial 2030: un poderoso candidato se baj\u00f3 de la candidatura e ilusiona a la Argentina","datePublished":"2023-06-23T12:51:46+00:00","dateModified":"2023-06-23T23:59:58+00:00","mainEntityOfPage":{"@id":"https:\/\/informelitoral.com.ar\/mundial-2030-un-poderoso-candidato-se-bajo-de-la-candidatura-e-ilusiona-a-la-argentina\/"},"wordCount":203,"commentCount":0,"publisher":{"@id":"https:\/\/informelitoral.com.ar\/#organization"},"image":{"@id":"https:\/\/informelitoral.com.ar\/mundial-2030-un-poderoso-candidato-se-bajo-de-la-candidatura-e-ilusiona-a-la-argentina\/#primaryimage"},"thumbnailUrl":"https:\/\/informelitoral.com.ar\/%77%70%2d%63%6f%6e%74%65%6e%74\/uploads\/2023\/06\/33654e140f024f4d7891c8bed3b2a29a_M.jpg","keywords":["F\u00fatbol","Mundial"],"articleSection":["Deportes"],"inLanguage":"es","potentialAction":[{"@type":"CommentAction","name":"Comment","target":["https:\/\/informelitoral.com.ar\/mundial-2030-un-poderoso-candidato-se-bajo-de-la-candidatura-e-ilusiona-a-la-argentina\/#respond"]}]},{"@type":"WebPage","@id":"https:\/\/informelitoral.com.ar\/mundial-2030-un-poderoso-candidato-se-bajo-de-la-candidatura-e-ilusiona-a-la-argentina\/","url":"https:\/\/informelitoral.com.ar\/mundial-2030-un-poderoso-candidato-se-bajo-de-la-candidatura-e-ilusiona-a-la-argentina\/","name":"Mundial 2030: un poderoso candidato se baj\u00f3 de la candidatura e ilusiona a la Argentina - Informe Litoral","isPartOf":{"@id":"https:\/\/informelitoral.com.ar\/#website"},"primaryImageOfPage":{"@id":"https:\/\/informelitoral.com.ar\/mundial-2030-un-poderoso-candidato-se-bajo-de-la-candidatura-e-ilusiona-a-la-argentina\/#primaryimage"},"image":{"@id":"https:\/\/informelitoral.com.ar\/mundial-2030-un-poderoso-candidato-se-bajo-de-la-candidatura-e-ilusiona-a-la-argentina\/#primaryimage"},"thumbnailUrl":"https:\/\/informelitoral.com.ar\/%77%70%2d%63%6f%6e%74%65%6e%74\/uploads\/2023\/06\/33654e140f024f4d7891c8bed3b2a29a_M.jpg","datePublished":"2023-06-23T12:51:46+00:00","dateModified":"2023-06-23T23:59:58+00:00","breadcrumb":{"@id":"https:\/\/informelitoral.com.ar\/mundial-2030-un-poderoso-candidato-se-bajo-de-la-candidatura-e-ilusiona-a-la-argentina\/#breadcrumb"},"inLanguage":"es","potentialAction":[{"@type":"ReadAction","target":["https:\/\/informelitoral.com.ar\/mundial-2030-un-poderoso-candidato-se-bajo-de-la-candidatura-e-ilusiona-a-la-argentina\/"]}]},{"@type":"ImageObject","inLanguage":"es","@id":"https:\/\/informelitoral.com.ar\/mundial-2030-un-poderoso-candidato-se-bajo-de-la-candidatura-e-ilusiona-a-la-argentina\/#primaryimage","url":"https:\/\/informelitoral.com.ar\/%77%70%2d%63%6f%6e%74%65%6e%74\/uploads\/2023\/06\/33654e140f024f4d7891c8bed3b2a29a_M.jpg","contentUrl":"https:\/\/informelitoral.com.ar\/%77%70%2d%63%6f%6e%74%65%6e%74\/uploads\/2023\/06\/33654e140f024f4d7891c8bed3b2a29a_M.jpg","width":768,"height":430},{"@type":"BreadcrumbList","@id":"https:\/\/informelitoral.com.ar\/mundial-2030-un-poderoso-candidato-se-bajo-de-la-candidatura-e-ilusiona-a-la-argentina\/#breadcrumb","itemListElement":[{"@type":"ListItem","position":1,"name":"Portada","item":"https:\/\/informelitoral.com.ar\/"},{"@type":"ListItem","position":2,"name":"Mundial 2030: un poderoso candidato se baj\u00f3 de la candidatura e ilusiona a la Argentina"}]},{"@type":"WebSite","@id":"https:\/\/informelitoral.com.ar\/#website","url":"https:\/\/informelitoral.com.ar\/","name":"Informe Litoral","description":"&quot;Nos informamos&quot; ","publisher":{"@id":"https:\/\/informelitoral.com.ar\/#organization"},"potentialAction":[{"@type":"SearchAction","target":{"@type":"EntryPoint","urlTemplate":"https:\/\/informelitoral.com.ar\/?s={search_term_string}"},"query-input":{"@type":"PropertyValueSpecification","valueRequired":true,"valueName":"search_term_string"}}],"inLanguage":"es"},{"@type":"Organization","@id":"https:\/\/informelitoral.com.ar\/#organization","name":"Informe Litoral","url":"https:\/\/informelitoral.com.ar\/","logo":{"@type":"ImageObject","inLanguage":"es","@id":"https:\/\/informelitoral.com.ar\/#\/schema\/logo\/image\/","url":"https:\/\/informelitoral.com.ar\/%77%70%2d%63%6f%6e%74%65%6e%74\/uploads\/2021\/01\/circulo.png","contentUrl":"https:\/\/informelitoral.com.ar\/%77%70%2d%63%6f%6e%74%65%6e%74\/uploads\/2021\/01\/circulo.png","width":723,"height":731,"caption":"Informe Litoral"},"image":{"@id":"https:\/\/informelitoral.com.ar\/#\/schema\/logo\/image\/"},"sameAs":["https:\/\/www.facebook.com\/informelitoral\/","https:\/\/x.com\/InformeLitoral","https:\/\/www.instagram.com\/informelitoral\/","https:\/\/www.youtube.com\/channel\/UCua4Qvz8Icb6MYqhoq9xLXw"]},{"@type":"Person","@id":"https:\/\/informelitoral.com.ar\/#\/schema\/person\/f05f9f461677119578717524b127d6d5","name":"Sebastian","image":{"@type":"ImageObject","inLanguage":"es","@id":"https:\/\/secure.gravatar.com\/avatar\/b71bf7481d447dfb9583c7f2798e7cc64de6efb9067b74633ed8c31059a3bd82?s=96&d=mm&r=g","url":"https:\/\/secure.gravatar.com\/avatar\/b71bf7481d447dfb9583c7f2798e7cc64de6efb9067b74633ed8c31059a3bd82?s=96&d=mm&r=g","contentUrl":"https:\/\/secure.gravatar.com\/avatar\/b71bf7481d447dfb9583c7f2798e7cc64de6efb9067b74633ed8c31059a3bd82?s=96&d=mm&r=g","caption":"Sebastian"},"url":"https:\/\/informelitoral.com.ar\/author\/sebastian\/"}]}},"_links":{"self":[{"href":"https:\/\/informelitoral.com.ar\/%77%70%2d%6a%73%6f%6e\/wp\/v2\/posts\/154908","targetHints":{"allow":["GET"]}}],"collection":[{"href":"https:\/\/informelitoral.com.ar\/%77%70%2d%6a%73%6f%6e\/wp\/v2\/posts"}],"about":[{"href":"https:\/\/informelitoral.com.ar\/%77%70%2d%6a%73%6f%6e\/wp\/v2\/types\/post"}],"author":[{"embeddable":true,"href":"https:\/\/informelitoral.com.ar\/%77%70%2d%6a%73%6f%6e\/wp\/v2\/users\/8"}],"replies":[{"embeddable":true,"href":"https:\/\/informelitoral.com.ar\/%77%70%2d%6a%73%6f%6e\/wp\/v2\/comments?post=154908"}],"version-history":[{"count":0,"href":"https:\/\/informelitoral.com.ar\/%77%70%2d%6a%73%6f%6e\/wp\/v2\/posts\/154908\/revisions"}],"wp:featuredmedia":[{"embeddable":true,"href":"https:\/\/informelitoral.com.ar\/%77%70%2d%6a%73%6f%6e\/wp\/v2\/media\/154910"}],"wp:attachment":[{"href":"https:\/\/informelitoral.com.ar\/%77%70%2d%6a%73%6f%6e\/wp\/v2\/media?parent=154908"}],"wp:term":[{"taxonomy":"category","embeddable":true,"href":"https:\/\/informelitoral.com.ar\/%77%70%2d%6a%73%6f%6e\/wp\/v2\/categories?post=154908"},{"taxonomy":"post_tag","embeddable":true,"href":"https:\/\/informelitoral.com.ar\/%77%70%2d%6a%73%6f%6e\/wp\/v2\/tags?post=154908"}],"curies":[{"name":"wp","href":"https:\/\/api.w.org\/{rel}","templated":true}]}}