{"id":153791,"date":"2023-06-15T10:25:07","date_gmt":"2023-06-15T13:25:07","guid":{"rendered":"https:\/\/www.informelitoral.com.ar\/?p=153791"},"modified":"2023-06-15T21:37:59","modified_gmt":"2023-06-16T00:37:59","slug":"definieron-agenda-de-actividades-para-el-145-aniversario-de-valle-maria","status":"publish","type":"post","link":"https:\/\/informelitoral.com.ar\/definieron-agenda-de-actividades-para-el-145-aniversario-de-valle-maria\/","title":{"rendered":"Definieron agenda de actividades para el 145\u00b0 Aniversario de Valle Mar\u00eda"},"content":{"rendered":"<p>La Municipalidad de Valle Mar\u00eda defini\u00f3 las propuestas y actividades que ser\u00e1n parte de los festejos por el 45\u00ba Aniversario de la localidad.<\/p>\n<p>Ser\u00e1n del viernes 7 al domingo 23 de julio.<\/p>\n<ul>\n<li><strong>Viernes 7 de julio<\/strong><\/li>\n<\/ul>\n<p><strong><em>-Feria de Carreras | de 10:00 a 15:00 en el Polideportivo Municipal<\/em><\/strong><\/p>\n<p><strong><em>-Valle Fest | 23:55, Sal\u00f3n de la UALD (Villaguay 290 \u2013 Valle Mar\u00eda)<\/em><\/strong><\/p>\n<p>*Venta de entradas\/anticipadas: Residentes de Valle Mar\u00eda $500 \/ Visitantes $1500<\/p>\n<p>* Pod\u00e9s conseguirlas en Mesa de entrada de la Municipalidad de Valle Mar\u00eda de lunes a viernes de 7.30 a 12.30 hs y en Estilistas de Vanguardia (Diamante).<\/p>\n<p>* Mayores de 16 a\u00f1os. Ingresar con DNI.<\/p>\n<ul>\n<li><strong>Viernes 14 de julio<\/strong><\/li>\n<\/ul>\n<p><strong><em>-Gala de boxeo \u00abEl Dinamiterio\u00bb | 20:00 Polideportivo Municipal<\/em><\/strong><\/p>\n<p>* Pelea profesional femenina<\/p>\n<p>* Pelea profesional masculina<\/p>\n<p>* Peleas amateurs<\/p>\n<p>Entradas $500, se abonan en puerta.<\/p>\n<ul>\n<li><strong>Domingo 16 de julio<\/strong><\/li>\n<\/ul>\n<p><strong><em>-D\u00eda familiar para todas las edades | 15 a 20 hs en el Sal\u00f3n de la UALD<\/em><\/strong><\/p>\n<p>*bingo<\/p>\n<p>*truco<\/p>\n<p>*payasos<\/p>\n<p>*stand de maquillaje art\u00edstico<\/p>\n<p>*pelotero<\/p>\n<p>*sala blanda para los m\u00e1s peque\u00f1os<\/p>\n<p>*presentaci\u00f3n del Taller de Guitarra y Canto<\/p>\n<p>Entrada libre y gratuita.<\/p>\n<ul>\n<li><strong>Viernes 21 de julio<\/strong><\/li>\n<\/ul>\n<p>\u2013<strong><em>Apertura de la casa propia del Museo Regional Hilando Recuerdos | 17:00 en Hermano Borja y San Mart\u00edn.<\/em><\/strong><\/p>\n<p>*Actuaci\u00f3n de Los Aldeanos | Coro Municipal Alem\u00e1n | Taller de Baile de Adultos Mayores | D\u00fao de Bruno Fail y Chelo Butvilofsky y el acompa\u00f1amiento del Grupo Coreogr\u00e1fico Ra\u00edces Alemanas.<\/p>\n<ul>\n<li><strong>S\u00e1bado 22 de julio desde las 14:00<\/strong><\/li>\n<\/ul>\n<p>\u2013<strong><em>Ofrenda Floral y homenaje a nuestros antepasados en el Cementerio<\/em><\/strong><\/p>\n<p><strong><em>-Caravana por las calles de Valle Mar\u00eda<\/em><\/strong><\/p>\n<p>\u2013<strong><em>Acto en Plaza Centenario | 17.30 hs<\/em><\/strong><\/p>\n<p><strong><em>-Misa | 18:30, en el Templo Inmaculada Concepci\u00f3n de Mar\u00eda<\/em><\/strong><\/p>\n<p>\u2013<strong><em>Pe\u00f1a tradicional | 19.30 hs en el Polideportivo Municipal<\/em><\/strong><\/p>\n<p>*Sentimiento Cuartetero<\/p>\n<p>*Herencia Alemana<\/p>\n<p>*D\u00fao Caminos<\/p>\n<ul>\n<li><strong>Domingo 23 de julio<\/strong><\/li>\n<\/ul>\n<p><strong><em>\u2013 Gran almuerzo y baile tradicional | 13:00 en el Sal\u00f3n de la UALD<\/em><\/strong><\/p>\n<p>Men\u00fa: choricito con ensalada \/ Carne con cuero con papas y batatas al horno \/ Postre helado (Traer cubiertos)<\/p>\n<p>*Actuaci\u00f3n de Maravillas Alemanas y Duo Caminos.<\/p>\n<p>*Valor de la tarjeta: $4.500 (mayores) \/ $2.000 menores.<\/p>\n<p>Reserva de tarjetas:\u00a0 Tel. 4999769 \/ 3434257534.<\/p>\n","protected":false},"excerpt":{"rendered":"<p>Las diferentes propuestas ser\u00e1n del viernes 7 al domingo 23 de julio.<\/p>\n","protected":false},"author":8,"featured_media":153798,"comment_status":"open","ping_status":"open","sticky":false,"template":"","format":"standard","meta":{"fifu_image_url":"","fifu_image_alt":"","footnotes":""},"categories":[5],"tags":[320,61],"class_list":{"0":"post-153791","1":"post","2":"type-post","3":"status-publish","4":"format-standard","5":"has-post-thumbnail","7":"category-zonales","8":"tag-aniversario","9":"tag-valle-maria"},"yoast_head":"<title>Definieron agenda de actividades para el 145\u00b0 Aniversario de Valle Mar\u00eda - Informe Litoral<\/title>\n<meta name=\"robots\" content=\"index, follow, max-snippet:-1, max-image-preview:large, max-video-preview:-1\" \/>\n<link rel=\"canonical\" href=\"https:\/\/informelitoral.com.ar\/definieron-agenda-de-actividades-para-el-145-aniversario-de-valle-maria\/\" \/>\n<meta property=\"og:locale\" content=\"es_ES\" \/>\n<meta property=\"og:type\" content=\"article\" \/>\n<meta property=\"og:title\" content=\"Definieron agenda de actividades para el 145\u00b0 Aniversario de Valle Mar\u00eda - Informe Litoral\" \/>\n<meta property=\"og:description\" content=\"Las diferentes propuestas ser\u00e1n del viernes 7 al domingo 23 de julio.\" \/>\n<meta property=\"og:url\" content=\"https:\/\/informelitoral.com.ar\/definieron-agenda-de-actividades-para-el-145-aniversario-de-valle-maria\/\" \/>\n<meta property=\"og:site_name\" content=\"Informe Litoral\" \/>\n<meta property=\"article:publisher\" content=\"https:\/\/www.facebook.com\/informelitoral\/\" \/>\n<meta property=\"article:published_time\" content=\"2023-06-15T13:25:07+00:00\" \/>\n<meta property=\"article:modified_time\" content=\"2023-06-16T00:37:59+00:00\" \/>\n<meta property=\"og:image\" content=\"https:\/\/informelitoral.com.ar\/%77%70%2d%63%6f%6e%74%65%6e%74\/uploads\/2023\/06\/67166544_654761348360097_4161873638250774528_n-1024x683-1.jpg\" \/>\n\t<meta property=\"og:image:width\" content=\"1024\" \/>\n\t<meta property=\"og:image:height\" content=\"683\" \/>\n\t<meta property=\"og:image:type\" content=\"image\/jpeg\" \/>\n<meta name=\"author\" content=\"Sebastian\" \/>\n<meta name=\"twitter:card\" content=\"summary_large_image\" \/>\n<meta name=\"twitter:creator\" content=\"@InformeLitoral\" \/>\n<meta name=\"twitter:site\" content=\"@InformeLitoral\" \/>\n<meta name=\"twitter:label1\" content=\"Escrito por\" \/>\n\t<meta name=\"twitter:data1\" content=\"Sebastian\" \/>\n\t<meta name=\"twitter:label2\" content=\"Tiempo de lectura\" \/>\n\t<meta name=\"twitter:data2\" content=\"2 minutos\" \/>\n<script type=\"application\/ld+json\" class=\"yoast-schema-graph\">{\"@context\":\"https:\\\/\\\/schema.org\",\"@graph\":[{\"@type\":\"Article\",\"@id\":\"https:\\\/\\\/informelitoral.com.ar\\\/definieron-agenda-de-actividades-para-el-145-aniversario-de-valle-maria\\\/#article\",\"isPartOf\":{\"@id\":\"https:\\\/\\\/informelitoral.com.ar\\\/definieron-agenda-de-actividades-para-el-145-aniversario-de-valle-maria\\\/\"},\"author\":{\"name\":\"Sebastian\",\"@id\":\"https:\\\/\\\/informelitoral.com.ar\\\/#\\\/schema\\\/person\\\/f05f9f461677119578717524b127d6d5\"},\"headline\":\"Definieron agenda de actividades para el 145\u00b0 Aniversario de Valle Mar\u00eda\",\"datePublished\":\"2023-06-15T13:25:07+00:00\",\"dateModified\":\"2023-06-16T00:37:59+00:00\",\"mainEntityOfPage\":{\"@id\":\"https:\\\/\\\/informelitoral.com.ar\\\/definieron-agenda-de-actividades-para-el-145-aniversario-de-valle-maria\\\/\"},\"wordCount\":339,\"commentCount\":0,\"publisher\":{\"@id\":\"https:\\\/\\\/informelitoral.com.ar\\\/#organization\"},\"image\":{\"@id\":\"https:\\\/\\\/informelitoral.com.ar\\\/definieron-agenda-de-actividades-para-el-145-aniversario-de-valle-maria\\\/#primaryimage\"},\"thumbnailUrl\":\"https:\\\/\\\/informelitoral.com.ar\\\/%77%70%2d%63%6f%6e%74%65%6e%74\\\/uploads\\\/2023\\\/06\\\/67166544_654761348360097_4161873638250774528_n-1024x683-1.jpg\",\"keywords\":[\"Aniversario\",\"Valle Mar\u00eda\"],\"articleSection\":[\"Departamento Diamante\"],\"inLanguage\":\"es\",\"potentialAction\":[{\"@type\":\"CommentAction\",\"name\":\"Comment\",\"target\":[\"https:\\\/\\\/informelitoral.com.ar\\\/definieron-agenda-de-actividades-para-el-145-aniversario-de-valle-maria\\\/#respond\"]}]},{\"@type\":\"WebPage\",\"@id\":\"https:\\\/\\\/informelitoral.com.ar\\\/definieron-agenda-de-actividades-para-el-145-aniversario-de-valle-maria\\\/\",\"url\":\"https:\\\/\\\/informelitoral.com.ar\\\/definieron-agenda-de-actividades-para-el-145-aniversario-de-valle-maria\\\/\",\"name\":\"Definieron agenda de actividades para el 145\u00b0 Aniversario de Valle Mar\u00eda - Informe Litoral\",\"isPartOf\":{\"@id\":\"https:\\\/\\\/informelitoral.com.ar\\\/#website\"},\"primaryImageOfPage\":{\"@id\":\"https:\\\/\\\/informelitoral.com.ar\\\/definieron-agenda-de-actividades-para-el-145-aniversario-de-valle-maria\\\/#primaryimage\"},\"image\":{\"@id\":\"https:\\\/\\\/informelitoral.com.ar\\\/definieron-agenda-de-actividades-para-el-145-aniversario-de-valle-maria\\\/#primaryimage\"},\"thumbnailUrl\":\"https:\\\/\\\/informelitoral.com.ar\\\/%77%70%2d%63%6f%6e%74%65%6e%74\\\/uploads\\\/2023\\\/06\\\/67166544_654761348360097_4161873638250774528_n-1024x683-1.jpg\",\"datePublished\":\"2023-06-15T13:25:07+00:00\",\"dateModified\":\"2023-06-16T00:37:59+00:00\",\"breadcrumb\":{\"@id\":\"https:\\\/\\\/informelitoral.com.ar\\\/definieron-agenda-de-actividades-para-el-145-aniversario-de-valle-maria\\\/#breadcrumb\"},\"inLanguage\":\"es\",\"potentialAction\":[{\"@type\":\"ReadAction\",\"target\":[\"https:\\\/\\\/informelitoral.com.ar\\\/definieron-agenda-de-actividades-para-el-145-aniversario-de-valle-maria\\\/\"]}]},{\"@type\":\"ImageObject\",\"inLanguage\":\"es\",\"@id\":\"https:\\\/\\\/informelitoral.com.ar\\\/definieron-agenda-de-actividades-para-el-145-aniversario-de-valle-maria\\\/#primaryimage\",\"url\":\"https:\\\/\\\/informelitoral.com.ar\\\/%77%70%2d%63%6f%6e%74%65%6e%74\\\/uploads\\\/2023\\\/06\\\/67166544_654761348360097_4161873638250774528_n-1024x683-1.jpg\",\"contentUrl\":\"https:\\\/\\\/informelitoral.com.ar\\\/%77%70%2d%63%6f%6e%74%65%6e%74\\\/uploads\\\/2023\\\/06\\\/67166544_654761348360097_4161873638250774528_n-1024x683-1.jpg\",\"width\":1024,\"height\":683},{\"@type\":\"BreadcrumbList\",\"@id\":\"https:\\\/\\\/informelitoral.com.ar\\\/definieron-agenda-de-actividades-para-el-145-aniversario-de-valle-maria\\\/#breadcrumb\",\"itemListElement\":[{\"@type\":\"ListItem\",\"position\":1,\"name\":\"Portada\",\"item\":\"https:\\\/\\\/informelitoral.com.ar\\\/\"},{\"@type\":\"ListItem\",\"position\":2,\"name\":\"Definieron agenda de actividades para el 145\u00b0 Aniversario de Valle Mar\u00eda\"}]},{\"@type\":\"WebSite\",\"@id\":\"https:\\\/\\\/informelitoral.com.ar\\\/#website\",\"url\":\"https:\\\/\\\/informelitoral.com.ar\\\/\",\"name\":\"Informe Litoral\",\"description\":\"&quot;Nos informamos&quot; \",\"publisher\":{\"@id\":\"https:\\\/\\\/informelitoral.com.ar\\\/#organization\"},\"potentialAction\":[{\"@type\":\"SearchAction\",\"target\":{\"@type\":\"EntryPoint\",\"urlTemplate\":\"https:\\\/\\\/informelitoral.com.ar\\\/?s={search_term_string}\"},\"query-input\":{\"@type\":\"PropertyValueSpecification\",\"valueRequired\":true,\"valueName\":\"search_term_string\"}}],\"inLanguage\":\"es\"},{\"@type\":\"Organization\",\"@id\":\"https:\\\/\\\/informelitoral.com.ar\\\/#organization\",\"name\":\"Informe Litoral\",\"url\":\"https:\\\/\\\/informelitoral.com.ar\\\/\",\"logo\":{\"@type\":\"ImageObject\",\"inLanguage\":\"es\",\"@id\":\"https:\\\/\\\/informelitoral.com.ar\\\/#\\\/schema\\\/logo\\\/image\\\/\",\"url\":\"https:\\\/\\\/informelitoral.com.ar\\\/%77%70%2d%63%6f%6e%74%65%6e%74\\\/uploads\\\/2021\\\/01\\\/circulo.png\",\"contentUrl\":\"https:\\\/\\\/informelitoral.com.ar\\\/%77%70%2d%63%6f%6e%74%65%6e%74\\\/uploads\\\/2021\\\/01\\\/circulo.png\",\"width\":723,\"height\":731,\"caption\":\"Informe Litoral\"},\"image\":{\"@id\":\"https:\\\/\\\/informelitoral.com.ar\\\/#\\\/schema\\\/logo\\\/image\\\/\"},\"sameAs\":[\"https:\\\/\\\/www.facebook.com\\\/informelitoral\\\/\",\"https:\\\/\\\/x.com\\\/InformeLitoral\",\"https:\\\/\\\/www.instagram.com\\\/informelitoral\\\/\",\"https:\\\/\\\/www.youtube.com\\\/channel\\\/UCua4Qvz8Icb6MYqhoq9xLXw\"]},{\"@type\":\"Person\",\"@id\":\"https:\\\/\\\/informelitoral.com.ar\\\/#\\\/schema\\\/person\\\/f05f9f461677119578717524b127d6d5\",\"name\":\"Sebastian\",\"image\":{\"@type\":\"ImageObject\",\"inLanguage\":\"es\",\"@id\":\"https:\\\/\\\/secure.gravatar.com\\\/avatar\\\/b71bf7481d447dfb9583c7f2798e7cc64de6efb9067b74633ed8c31059a3bd82?s=96&d=mm&r=g\",\"url\":\"https:\\\/\\\/secure.gravatar.com\\\/avatar\\\/b71bf7481d447dfb9583c7f2798e7cc64de6efb9067b74633ed8c31059a3bd82?s=96&d=mm&r=g\",\"contentUrl\":\"https:\\\/\\\/secure.gravatar.com\\\/avatar\\\/b71bf7481d447dfb9583c7f2798e7cc64de6efb9067b74633ed8c31059a3bd82?s=96&d=mm&r=g\",\"caption\":\"Sebastian\"},\"url\":\"https:\\\/\\\/informelitoral.com.ar\\\/author\\\/sebastian\\\/\"}]}<\/script>","yoast_head_json":{"title":"Definieron agenda de actividades para el 145\u00b0 Aniversario de Valle Mar\u00eda - Informe Litoral","robots":{"index":"index","follow":"follow","max-snippet":"max-snippet:-1","max-image-preview":"max-image-preview:large","max-video-preview":"max-video-preview:-1"},"canonical":"https:\/\/informelitoral.com.ar\/definieron-agenda-de-actividades-para-el-145-aniversario-de-valle-maria\/","og_locale":"es_ES","og_type":"article","og_title":"Definieron agenda de actividades para el 145\u00b0 Aniversario de Valle Mar\u00eda - Informe Litoral","og_description":"Las diferentes propuestas ser\u00e1n del viernes 7 al domingo 23 de julio.","og_url":"https:\/\/informelitoral.com.ar\/definieron-agenda-de-actividades-para-el-145-aniversario-de-valle-maria\/","og_site_name":"Informe Litoral","article_publisher":"https:\/\/www.facebook.com\/informelitoral\/","article_published_time":"2023-06-15T13:25:07+00:00","article_modified_time":"2023-06-16T00:37:59+00:00","og_image":[{"width":1024,"height":683,"url":"https:\/\/informelitoral.com.ar\/%77%70%2d%63%6f%6e%74%65%6e%74\/uploads\/2023\/06\/67166544_654761348360097_4161873638250774528_n-1024x683-1.jpg","type":"image\/jpeg"}],"author":"Sebastian","twitter_card":"summary_large_image","twitter_creator":"@InformeLitoral","twitter_site":"@InformeLitoral","twitter_misc":{"Escrito por":"Sebastian","Tiempo de lectura":"2 minutos"},"schema":{"@context":"https:\/\/schema.org","@graph":[{"@type":"Article","@id":"https:\/\/informelitoral.com.ar\/definieron-agenda-de-actividades-para-el-145-aniversario-de-valle-maria\/#article","isPartOf":{"@id":"https:\/\/informelitoral.com.ar\/definieron-agenda-de-actividades-para-el-145-aniversario-de-valle-maria\/"},"author":{"name":"Sebastian","@id":"https:\/\/informelitoral.com.ar\/#\/schema\/person\/f05f9f461677119578717524b127d6d5"},"headline":"Definieron agenda de actividades para el 145\u00b0 Aniversario de Valle Mar\u00eda","datePublished":"2023-06-15T13:25:07+00:00","dateModified":"2023-06-16T00:37:59+00:00","mainEntityOfPage":{"@id":"https:\/\/informelitoral.com.ar\/definieron-agenda-de-actividades-para-el-145-aniversario-de-valle-maria\/"},"wordCount":339,"commentCount":0,"publisher":{"@id":"https:\/\/informelitoral.com.ar\/#organization"},"image":{"@id":"https:\/\/informelitoral.com.ar\/definieron-agenda-de-actividades-para-el-145-aniversario-de-valle-maria\/#primaryimage"},"thumbnailUrl":"https:\/\/informelitoral.com.ar\/%77%70%2d%63%6f%6e%74%65%6e%74\/uploads\/2023\/06\/67166544_654761348360097_4161873638250774528_n-1024x683-1.jpg","keywords":["Aniversario","Valle Mar\u00eda"],"articleSection":["Departamento Diamante"],"inLanguage":"es","potentialAction":[{"@type":"CommentAction","name":"Comment","target":["https:\/\/informelitoral.com.ar\/definieron-agenda-de-actividades-para-el-145-aniversario-de-valle-maria\/#respond"]}]},{"@type":"WebPage","@id":"https:\/\/informelitoral.com.ar\/definieron-agenda-de-actividades-para-el-145-aniversario-de-valle-maria\/","url":"https:\/\/informelitoral.com.ar\/definieron-agenda-de-actividades-para-el-145-aniversario-de-valle-maria\/","name":"Definieron agenda de actividades para el 145\u00b0 Aniversario de Valle Mar\u00eda - Informe Litoral","isPartOf":{"@id":"https:\/\/informelitoral.com.ar\/#website"},"primaryImageOfPage":{"@id":"https:\/\/informelitoral.com.ar\/definieron-agenda-de-actividades-para-el-145-aniversario-de-valle-maria\/#primaryimage"},"image":{"@id":"https:\/\/informelitoral.com.ar\/definieron-agenda-de-actividades-para-el-145-aniversario-de-valle-maria\/#primaryimage"},"thumbnailUrl":"https:\/\/informelitoral.com.ar\/%77%70%2d%63%6f%6e%74%65%6e%74\/uploads\/2023\/06\/67166544_654761348360097_4161873638250774528_n-1024x683-1.jpg","datePublished":"2023-06-15T13:25:07+00:00","dateModified":"2023-06-16T00:37:59+00:00","breadcrumb":{"@id":"https:\/\/informelitoral.com.ar\/definieron-agenda-de-actividades-para-el-145-aniversario-de-valle-maria\/#breadcrumb"},"inLanguage":"es","potentialAction":[{"@type":"ReadAction","target":["https:\/\/informelitoral.com.ar\/definieron-agenda-de-actividades-para-el-145-aniversario-de-valle-maria\/"]}]},{"@type":"ImageObject","inLanguage":"es","@id":"https:\/\/informelitoral.com.ar\/definieron-agenda-de-actividades-para-el-145-aniversario-de-valle-maria\/#primaryimage","url":"https:\/\/informelitoral.com.ar\/%77%70%2d%63%6f%6e%74%65%6e%74\/uploads\/2023\/06\/67166544_654761348360097_4161873638250774528_n-1024x683-1.jpg","contentUrl":"https:\/\/informelitoral.com.ar\/%77%70%2d%63%6f%6e%74%65%6e%74\/uploads\/2023\/06\/67166544_654761348360097_4161873638250774528_n-1024x683-1.jpg","width":1024,"height":683},{"@type":"BreadcrumbList","@id":"https:\/\/informelitoral.com.ar\/definieron-agenda-de-actividades-para-el-145-aniversario-de-valle-maria\/#breadcrumb","itemListElement":[{"@type":"ListItem","position":1,"name":"Portada","item":"https:\/\/informelitoral.com.ar\/"},{"@type":"ListItem","position":2,"name":"Definieron agenda de actividades para el 145\u00b0 Aniversario de Valle Mar\u00eda"}]},{"@type":"WebSite","@id":"https:\/\/informelitoral.com.ar\/#website","url":"https:\/\/informelitoral.com.ar\/","name":"Informe Litoral","description":"&quot;Nos informamos&quot; ","publisher":{"@id":"https:\/\/informelitoral.com.ar\/#organization"},"potentialAction":[{"@type":"SearchAction","target":{"@type":"EntryPoint","urlTemplate":"https:\/\/informelitoral.com.ar\/?s={search_term_string}"},"query-input":{"@type":"PropertyValueSpecification","valueRequired":true,"valueName":"search_term_string"}}],"inLanguage":"es"},{"@type":"Organization","@id":"https:\/\/informelitoral.com.ar\/#organization","name":"Informe Litoral","url":"https:\/\/informelitoral.com.ar\/","logo":{"@type":"ImageObject","inLanguage":"es","@id":"https:\/\/informelitoral.com.ar\/#\/schema\/logo\/image\/","url":"https:\/\/informelitoral.com.ar\/%77%70%2d%63%6f%6e%74%65%6e%74\/uploads\/2021\/01\/circulo.png","contentUrl":"https:\/\/informelitoral.com.ar\/%77%70%2d%63%6f%6e%74%65%6e%74\/uploads\/2021\/01\/circulo.png","width":723,"height":731,"caption":"Informe Litoral"},"image":{"@id":"https:\/\/informelitoral.com.ar\/#\/schema\/logo\/image\/"},"sameAs":["https:\/\/www.facebook.com\/informelitoral\/","https:\/\/x.com\/InformeLitoral","https:\/\/www.instagram.com\/informelitoral\/","https:\/\/www.youtube.com\/channel\/UCua4Qvz8Icb6MYqhoq9xLXw"]},{"@type":"Person","@id":"https:\/\/informelitoral.com.ar\/#\/schema\/person\/f05f9f461677119578717524b127d6d5","name":"Sebastian","image":{"@type":"ImageObject","inLanguage":"es","@id":"https:\/\/secure.gravatar.com\/avatar\/b71bf7481d447dfb9583c7f2798e7cc64de6efb9067b74633ed8c31059a3bd82?s=96&d=mm&r=g","url":"https:\/\/secure.gravatar.com\/avatar\/b71bf7481d447dfb9583c7f2798e7cc64de6efb9067b74633ed8c31059a3bd82?s=96&d=mm&r=g","contentUrl":"https:\/\/secure.gravatar.com\/avatar\/b71bf7481d447dfb9583c7f2798e7cc64de6efb9067b74633ed8c31059a3bd82?s=96&d=mm&r=g","caption":"Sebastian"},"url":"https:\/\/informelitoral.com.ar\/author\/sebastian\/"}]}},"_links":{"self":[{"href":"https:\/\/informelitoral.com.ar\/%77%70%2d%6a%73%6f%6e\/wp\/v2\/posts\/153791","targetHints":{"allow":["GET"]}}],"collection":[{"href":"https:\/\/informelitoral.com.ar\/%77%70%2d%6a%73%6f%6e\/wp\/v2\/posts"}],"about":[{"href":"https:\/\/informelitoral.com.ar\/%77%70%2d%6a%73%6f%6e\/wp\/v2\/types\/post"}],"author":[{"embeddable":true,"href":"https:\/\/informelitoral.com.ar\/%77%70%2d%6a%73%6f%6e\/wp\/v2\/users\/8"}],"replies":[{"embeddable":true,"href":"https:\/\/informelitoral.com.ar\/%77%70%2d%6a%73%6f%6e\/wp\/v2\/comments?post=153791"}],"version-history":[{"count":0,"href":"https:\/\/informelitoral.com.ar\/%77%70%2d%6a%73%6f%6e\/wp\/v2\/posts\/153791\/revisions"}],"wp:featuredmedia":[{"embeddable":true,"href":"https:\/\/informelitoral.com.ar\/%77%70%2d%6a%73%6f%6e\/wp\/v2\/media\/153798"}],"wp:attachment":[{"href":"https:\/\/informelitoral.com.ar\/%77%70%2d%6a%73%6f%6e\/wp\/v2\/media?parent=153791"}],"wp:term":[{"taxonomy":"category","embeddable":true,"href":"https:\/\/informelitoral.com.ar\/%77%70%2d%6a%73%6f%6e\/wp\/v2\/categories?post=153791"},{"taxonomy":"post_tag","embeddable":true,"href":"https:\/\/informelitoral.com.ar\/%77%70%2d%6a%73%6f%6e\/wp\/v2\/tags?post=153791"}],"curies":[{"name":"wp","href":"https:\/\/api.w.org\/{rel}","templated":true}]}}