{"id":153760,"date":"2023-06-15T10:07:24","date_gmt":"2023-06-15T13:07:24","guid":{"rendered":"https:\/\/www.informelitoral.com.ar\/?p=153760"},"modified":"2023-06-15T10:10:44","modified_gmt":"2023-06-15T13:10:44","slug":"los-argentinos-usan-redes-sociales-3-horas-por-dia","status":"publish","type":"post","link":"https:\/\/informelitoral.com.ar\/los-argentinos-usan-redes-sociales-3-horas-por-dia\/","title":{"rendered":"Los Argentinos usan redes sociales 3 horas por d\u00eda"},"content":{"rendered":"<p>Son muchos los cambios que se evidencian hoy a la hora de consumir marcas, informaci\u00f3n, productos, etc.<\/p>\n<p>De acuerdo a un reciente informe de Havas Group, agencia de medios y comunicaci\u00f3n, los argentinos utilizan en promedio las redes sociales 3 horas y 15 minutos al d\u00eda, de las cuales TikTok lidera en tiempo de uso. Sin embargo, no alcanza los niveles de preferencia de meta &#8211; WhatsApp, Instagram y Facebook-. El 77.5% de los usuarios utilizan alguna de las redes sociales como herramienta de b\u00fasqueda de marcas, seguido por la utilizaci\u00f3n del espacio como lugar de interacci\u00f3n social en un 60.5%. Esto habla del crecimiento exponencial del e-commerce en la regi\u00f3n y especialmente en Argentina.<\/p>\n<div id=\"publi-584\" class=\"publi C7\" data-publicidad=\"584\" data-nombre=\"Adsense medio\" data-tipo=\"html\">\n<p>&nbsp;<\/p>\n<div id=\"aswift_3_host\" tabindex=\"0\" title=\"Advertisement\" aria-label=\"Advertisement\"><\/div>\n<p>&nbsp;<\/p>\n<\/div>\n<p>En tanto, el 96% de las personas encuestadas admiti\u00f3 que consume alg\u00fan tipo de contenido en video liderando el ranking la TV cable y abiertas, seguido por YouTube, Facebook, Instagram y Netflix. Luego de un 2021 caracterizado por la recuperaci\u00f3n del consumo de la TV, en 2022 la TV Abierta volvi\u00f3 a experimentar un leve descenso, aunque es menor en el prime time. Como consecuencia del uso del celular como segunda pantalla, se generaron programas en TV Abierta orientada al disfrute, si bien durante el 2022 el f\u00fatbol y las noticias se destacan como los contenidos m\u00e1s vistos en la regi\u00f3n.<br \/>\nArgentina se posiciona como el pa\u00eds con mayor audiencia multiplataforma en medios, y m\u00e1s de la mitad del tiempo de conexi\u00f3n es v\u00eda mobile. En el caso de la radio, se sostiene sobre un pilar de excelencia y confianza, y en cuanto al consumo de podcast, 1 de cada 10 personas lo escuchan diariamente y aparece como uno de los veh\u00edculos de mayor crecimiento en los pr\u00f3ximos a\u00f1os.<br \/>\nPor otro lado, 2 de cada 3 argentinos est\u00e1n suscriptos a una plataforma de streaming y, en promedio, est\u00e1n suscriptos a 3 servicios con Netflix como l\u00edder.<\/p>\n<p>\u201cEs un contexto de extrema complejidad, sin embargo, nos reconforta saber que las audiencias son expectantes acerca de lo que los medios y marcas tienen para decirles. Vemos que la atenci\u00f3n fragmentada puede leerse como un problema donde es muy dif\u00edcil ser relevantes, pero tambi\u00e9n como una oportunidad donde comprobamos que cada vez hay m\u00e1s puntos de contacto donde se puede llegar con el mensaje. Esta posibilidad, horizontalidad y democratizaci\u00f3n de medios y formatos; contribuyen a generar entornos de calidad y nos desaf\u00edan siempre a buscar la manera de poder conectar\u201d, concluy\u00f3 Daniel Viarengo head of Research de Havas Argentina<\/p>\n","protected":false},"excerpt":{"rendered":"<p>Las usan para b\u00fasqueda de marcas e interacci\u00f3n social. Fuerte crecimiento del e-commerce en la regi\u00f3n.<\/p>\n","protected":false},"author":8,"featured_media":153764,"comment_status":"open","ping_status":"open","sticky":false,"template":"","format":"standard","meta":{"fifu_image_url":"","fifu_image_alt":"","footnotes":""},"categories":[9],"tags":[4219,4220],"class_list":{"0":"post-153760","1":"post","2":"type-post","3":"status-publish","4":"format-standard","5":"has-post-thumbnail","7":"category-sociedad","8":"tag-tiktok","9":"tag-uso"},"yoast_head":"<title>Los Argentinos usan redes sociales 3 horas por d\u00eda - Informe Litoral<\/title>\n<meta name=\"robots\" content=\"index, follow, max-snippet:-1, max-image-preview:large, max-video-preview:-1\" \/>\n<link rel=\"canonical\" href=\"https:\/\/informelitoral.com.ar\/los-argentinos-usan-redes-sociales-3-horas-por-dia\/\" \/>\n<meta property=\"og:locale\" content=\"es_ES\" \/>\n<meta property=\"og:type\" content=\"article\" \/>\n<meta property=\"og:title\" content=\"Los Argentinos usan redes sociales 3 horas por d\u00eda - Informe Litoral\" \/>\n<meta property=\"og:description\" content=\"Las usan para b\u00fasqueda de marcas e interacci\u00f3n social. Fuerte crecimiento del e-commerce en la regi\u00f3n.\" \/>\n<meta property=\"og:url\" content=\"https:\/\/informelitoral.com.ar\/los-argentinos-usan-redes-sociales-3-horas-por-dia\/\" \/>\n<meta property=\"og:site_name\" content=\"Informe Litoral\" \/>\n<meta property=\"article:publisher\" content=\"https:\/\/www.facebook.com\/informelitoral\/\" \/>\n<meta property=\"article:published_time\" content=\"2023-06-15T13:07:24+00:00\" \/>\n<meta property=\"article:modified_time\" content=\"2023-06-15T13:10:44+00:00\" \/>\n<meta property=\"og:image\" content=\"https:\/\/informelitoral.com.ar\/%77%70%2d%63%6f%6e%74%65%6e%74\/uploads\/2023\/06\/p21-redes-sociales-t_optjpeg.webp\" \/>\n\t<meta property=\"og:image:width\" content=\"655\" \/>\n\t<meta property=\"og:image:height\" content=\"368\" \/>\n\t<meta property=\"og:image:type\" content=\"image\/webp\" \/>\n<meta name=\"author\" content=\"Sebastian\" \/>\n<meta name=\"twitter:card\" content=\"summary_large_image\" \/>\n<meta name=\"twitter:creator\" content=\"@InformeLitoral\" \/>\n<meta name=\"twitter:site\" content=\"@InformeLitoral\" \/>\n<meta name=\"twitter:label1\" content=\"Escrito por\" \/>\n\t<meta name=\"twitter:data1\" content=\"Sebastian\" \/>\n\t<meta name=\"twitter:label2\" content=\"Tiempo de lectura\" \/>\n\t<meta name=\"twitter:data2\" content=\"2 minutos\" \/>\n<script type=\"application\/ld+json\" class=\"yoast-schema-graph\">{\"@context\":\"https:\\\/\\\/schema.org\",\"@graph\":[{\"@type\":\"Article\",\"@id\":\"https:\\\/\\\/informelitoral.com.ar\\\/los-argentinos-usan-redes-sociales-3-horas-por-dia\\\/#article\",\"isPartOf\":{\"@id\":\"https:\\\/\\\/informelitoral.com.ar\\\/los-argentinos-usan-redes-sociales-3-horas-por-dia\\\/\"},\"author\":{\"name\":\"Sebastian\",\"@id\":\"https:\\\/\\\/informelitoral.com.ar\\\/#\\\/schema\\\/person\\\/f05f9f461677119578717524b127d6d5\"},\"headline\":\"Los Argentinos usan redes sociales 3 horas por d\u00eda\",\"datePublished\":\"2023-06-15T13:07:24+00:00\",\"dateModified\":\"2023-06-15T13:10:44+00:00\",\"mainEntityOfPage\":{\"@id\":\"https:\\\/\\\/informelitoral.com.ar\\\/los-argentinos-usan-redes-sociales-3-horas-por-dia\\\/\"},\"wordCount\":437,\"commentCount\":0,\"publisher\":{\"@id\":\"https:\\\/\\\/informelitoral.com.ar\\\/#organization\"},\"image\":{\"@id\":\"https:\\\/\\\/informelitoral.com.ar\\\/los-argentinos-usan-redes-sociales-3-horas-por-dia\\\/#primaryimage\"},\"thumbnailUrl\":\"https:\\\/\\\/informelitoral.com.ar\\\/%77%70%2d%63%6f%6e%74%65%6e%74\\\/uploads\\\/2023\\\/06\\\/p21-redes-sociales-t_optjpeg.webp\",\"keywords\":[\"Tiktok\",\"Uso\"],\"articleSection\":[\"Sociedad\"],\"inLanguage\":\"es\",\"potentialAction\":[{\"@type\":\"CommentAction\",\"name\":\"Comment\",\"target\":[\"https:\\\/\\\/informelitoral.com.ar\\\/los-argentinos-usan-redes-sociales-3-horas-por-dia\\\/#respond\"]}]},{\"@type\":\"WebPage\",\"@id\":\"https:\\\/\\\/informelitoral.com.ar\\\/los-argentinos-usan-redes-sociales-3-horas-por-dia\\\/\",\"url\":\"https:\\\/\\\/informelitoral.com.ar\\\/los-argentinos-usan-redes-sociales-3-horas-por-dia\\\/\",\"name\":\"Los Argentinos usan redes sociales 3 horas por d\u00eda - Informe Litoral\",\"isPartOf\":{\"@id\":\"https:\\\/\\\/informelitoral.com.ar\\\/#website\"},\"primaryImageOfPage\":{\"@id\":\"https:\\\/\\\/informelitoral.com.ar\\\/los-argentinos-usan-redes-sociales-3-horas-por-dia\\\/#primaryimage\"},\"image\":{\"@id\":\"https:\\\/\\\/informelitoral.com.ar\\\/los-argentinos-usan-redes-sociales-3-horas-por-dia\\\/#primaryimage\"},\"thumbnailUrl\":\"https:\\\/\\\/informelitoral.com.ar\\\/%77%70%2d%63%6f%6e%74%65%6e%74\\\/uploads\\\/2023\\\/06\\\/p21-redes-sociales-t_optjpeg.webp\",\"datePublished\":\"2023-06-15T13:07:24+00:00\",\"dateModified\":\"2023-06-15T13:10:44+00:00\",\"breadcrumb\":{\"@id\":\"https:\\\/\\\/informelitoral.com.ar\\\/los-argentinos-usan-redes-sociales-3-horas-por-dia\\\/#breadcrumb\"},\"inLanguage\":\"es\",\"potentialAction\":[{\"@type\":\"ReadAction\",\"target\":[\"https:\\\/\\\/informelitoral.com.ar\\\/los-argentinos-usan-redes-sociales-3-horas-por-dia\\\/\"]}]},{\"@type\":\"ImageObject\",\"inLanguage\":\"es\",\"@id\":\"https:\\\/\\\/informelitoral.com.ar\\\/los-argentinos-usan-redes-sociales-3-horas-por-dia\\\/#primaryimage\",\"url\":\"https:\\\/\\\/informelitoral.com.ar\\\/%77%70%2d%63%6f%6e%74%65%6e%74\\\/uploads\\\/2023\\\/06\\\/p21-redes-sociales-t_optjpeg.webp\",\"contentUrl\":\"https:\\\/\\\/informelitoral.com.ar\\\/%77%70%2d%63%6f%6e%74%65%6e%74\\\/uploads\\\/2023\\\/06\\\/p21-redes-sociales-t_optjpeg.webp\",\"width\":655,\"height\":368},{\"@type\":\"BreadcrumbList\",\"@id\":\"https:\\\/\\\/informelitoral.com.ar\\\/los-argentinos-usan-redes-sociales-3-horas-por-dia\\\/#breadcrumb\",\"itemListElement\":[{\"@type\":\"ListItem\",\"position\":1,\"name\":\"Portada\",\"item\":\"https:\\\/\\\/informelitoral.com.ar\\\/\"},{\"@type\":\"ListItem\",\"position\":2,\"name\":\"Los Argentinos usan redes sociales 3 horas por d\u00eda\"}]},{\"@type\":\"WebSite\",\"@id\":\"https:\\\/\\\/informelitoral.com.ar\\\/#website\",\"url\":\"https:\\\/\\\/informelitoral.com.ar\\\/\",\"name\":\"Informe Litoral\",\"description\":\"&quot;Nos informamos&quot; \",\"publisher\":{\"@id\":\"https:\\\/\\\/informelitoral.com.ar\\\/#organization\"},\"potentialAction\":[{\"@type\":\"SearchAction\",\"target\":{\"@type\":\"EntryPoint\",\"urlTemplate\":\"https:\\\/\\\/informelitoral.com.ar\\\/?s={search_term_string}\"},\"query-input\":{\"@type\":\"PropertyValueSpecification\",\"valueRequired\":true,\"valueName\":\"search_term_string\"}}],\"inLanguage\":\"es\"},{\"@type\":\"Organization\",\"@id\":\"https:\\\/\\\/informelitoral.com.ar\\\/#organization\",\"name\":\"Informe Litoral\",\"url\":\"https:\\\/\\\/informelitoral.com.ar\\\/\",\"logo\":{\"@type\":\"ImageObject\",\"inLanguage\":\"es\",\"@id\":\"https:\\\/\\\/informelitoral.com.ar\\\/#\\\/schema\\\/logo\\\/image\\\/\",\"url\":\"https:\\\/\\\/informelitoral.com.ar\\\/%77%70%2d%63%6f%6e%74%65%6e%74\\\/uploads\\\/2021\\\/01\\\/circulo.png\",\"contentUrl\":\"https:\\\/\\\/informelitoral.com.ar\\\/%77%70%2d%63%6f%6e%74%65%6e%74\\\/uploads\\\/2021\\\/01\\\/circulo.png\",\"width\":723,\"height\":731,\"caption\":\"Informe Litoral\"},\"image\":{\"@id\":\"https:\\\/\\\/informelitoral.com.ar\\\/#\\\/schema\\\/logo\\\/image\\\/\"},\"sameAs\":[\"https:\\\/\\\/www.facebook.com\\\/informelitoral\\\/\",\"https:\\\/\\\/x.com\\\/InformeLitoral\",\"https:\\\/\\\/www.instagram.com\\\/informelitoral\\\/\",\"https:\\\/\\\/www.youtube.com\\\/channel\\\/UCua4Qvz8Icb6MYqhoq9xLXw\"]},{\"@type\":\"Person\",\"@id\":\"https:\\\/\\\/informelitoral.com.ar\\\/#\\\/schema\\\/person\\\/f05f9f461677119578717524b127d6d5\",\"name\":\"Sebastian\",\"image\":{\"@type\":\"ImageObject\",\"inLanguage\":\"es\",\"@id\":\"https:\\\/\\\/secure.gravatar.com\\\/avatar\\\/b71bf7481d447dfb9583c7f2798e7cc64de6efb9067b74633ed8c31059a3bd82?s=96&d=mm&r=g\",\"url\":\"https:\\\/\\\/secure.gravatar.com\\\/avatar\\\/b71bf7481d447dfb9583c7f2798e7cc64de6efb9067b74633ed8c31059a3bd82?s=96&d=mm&r=g\",\"contentUrl\":\"https:\\\/\\\/secure.gravatar.com\\\/avatar\\\/b71bf7481d447dfb9583c7f2798e7cc64de6efb9067b74633ed8c31059a3bd82?s=96&d=mm&r=g\",\"caption\":\"Sebastian\"},\"url\":\"https:\\\/\\\/informelitoral.com.ar\\\/author\\\/sebastian\\\/\"}]}<\/script>","yoast_head_json":{"title":"Los Argentinos usan redes sociales 3 horas por d\u00eda - Informe Litoral","robots":{"index":"index","follow":"follow","max-snippet":"max-snippet:-1","max-image-preview":"max-image-preview:large","max-video-preview":"max-video-preview:-1"},"canonical":"https:\/\/informelitoral.com.ar\/los-argentinos-usan-redes-sociales-3-horas-por-dia\/","og_locale":"es_ES","og_type":"article","og_title":"Los Argentinos usan redes sociales 3 horas por d\u00eda - Informe Litoral","og_description":"Las usan para b\u00fasqueda de marcas e interacci\u00f3n social. Fuerte crecimiento del e-commerce en la regi\u00f3n.","og_url":"https:\/\/informelitoral.com.ar\/los-argentinos-usan-redes-sociales-3-horas-por-dia\/","og_site_name":"Informe Litoral","article_publisher":"https:\/\/www.facebook.com\/informelitoral\/","article_published_time":"2023-06-15T13:07:24+00:00","article_modified_time":"2023-06-15T13:10:44+00:00","og_image":[{"width":655,"height":368,"url":"https:\/\/informelitoral.com.ar\/%77%70%2d%63%6f%6e%74%65%6e%74\/uploads\/2023\/06\/p21-redes-sociales-t_optjpeg.webp","type":"image\/webp"}],"author":"Sebastian","twitter_card":"summary_large_image","twitter_creator":"@InformeLitoral","twitter_site":"@InformeLitoral","twitter_misc":{"Escrito por":"Sebastian","Tiempo de lectura":"2 minutos"},"schema":{"@context":"https:\/\/schema.org","@graph":[{"@type":"Article","@id":"https:\/\/informelitoral.com.ar\/los-argentinos-usan-redes-sociales-3-horas-por-dia\/#article","isPartOf":{"@id":"https:\/\/informelitoral.com.ar\/los-argentinos-usan-redes-sociales-3-horas-por-dia\/"},"author":{"name":"Sebastian","@id":"https:\/\/informelitoral.com.ar\/#\/schema\/person\/f05f9f461677119578717524b127d6d5"},"headline":"Los Argentinos usan redes sociales 3 horas por d\u00eda","datePublished":"2023-06-15T13:07:24+00:00","dateModified":"2023-06-15T13:10:44+00:00","mainEntityOfPage":{"@id":"https:\/\/informelitoral.com.ar\/los-argentinos-usan-redes-sociales-3-horas-por-dia\/"},"wordCount":437,"commentCount":0,"publisher":{"@id":"https:\/\/informelitoral.com.ar\/#organization"},"image":{"@id":"https:\/\/informelitoral.com.ar\/los-argentinos-usan-redes-sociales-3-horas-por-dia\/#primaryimage"},"thumbnailUrl":"https:\/\/informelitoral.com.ar\/%77%70%2d%63%6f%6e%74%65%6e%74\/uploads\/2023\/06\/p21-redes-sociales-t_optjpeg.webp","keywords":["Tiktok","Uso"],"articleSection":["Sociedad"],"inLanguage":"es","potentialAction":[{"@type":"CommentAction","name":"Comment","target":["https:\/\/informelitoral.com.ar\/los-argentinos-usan-redes-sociales-3-horas-por-dia\/#respond"]}]},{"@type":"WebPage","@id":"https:\/\/informelitoral.com.ar\/los-argentinos-usan-redes-sociales-3-horas-por-dia\/","url":"https:\/\/informelitoral.com.ar\/los-argentinos-usan-redes-sociales-3-horas-por-dia\/","name":"Los Argentinos usan redes sociales 3 horas por d\u00eda - Informe Litoral","isPartOf":{"@id":"https:\/\/informelitoral.com.ar\/#website"},"primaryImageOfPage":{"@id":"https:\/\/informelitoral.com.ar\/los-argentinos-usan-redes-sociales-3-horas-por-dia\/#primaryimage"},"image":{"@id":"https:\/\/informelitoral.com.ar\/los-argentinos-usan-redes-sociales-3-horas-por-dia\/#primaryimage"},"thumbnailUrl":"https:\/\/informelitoral.com.ar\/%77%70%2d%63%6f%6e%74%65%6e%74\/uploads\/2023\/06\/p21-redes-sociales-t_optjpeg.webp","datePublished":"2023-06-15T13:07:24+00:00","dateModified":"2023-06-15T13:10:44+00:00","breadcrumb":{"@id":"https:\/\/informelitoral.com.ar\/los-argentinos-usan-redes-sociales-3-horas-por-dia\/#breadcrumb"},"inLanguage":"es","potentialAction":[{"@type":"ReadAction","target":["https:\/\/informelitoral.com.ar\/los-argentinos-usan-redes-sociales-3-horas-por-dia\/"]}]},{"@type":"ImageObject","inLanguage":"es","@id":"https:\/\/informelitoral.com.ar\/los-argentinos-usan-redes-sociales-3-horas-por-dia\/#primaryimage","url":"https:\/\/informelitoral.com.ar\/%77%70%2d%63%6f%6e%74%65%6e%74\/uploads\/2023\/06\/p21-redes-sociales-t_optjpeg.webp","contentUrl":"https:\/\/informelitoral.com.ar\/%77%70%2d%63%6f%6e%74%65%6e%74\/uploads\/2023\/06\/p21-redes-sociales-t_optjpeg.webp","width":655,"height":368},{"@type":"BreadcrumbList","@id":"https:\/\/informelitoral.com.ar\/los-argentinos-usan-redes-sociales-3-horas-por-dia\/#breadcrumb","itemListElement":[{"@type":"ListItem","position":1,"name":"Portada","item":"https:\/\/informelitoral.com.ar\/"},{"@type":"ListItem","position":2,"name":"Los Argentinos usan redes sociales 3 horas por d\u00eda"}]},{"@type":"WebSite","@id":"https:\/\/informelitoral.com.ar\/#website","url":"https:\/\/informelitoral.com.ar\/","name":"Informe Litoral","description":"&quot;Nos informamos&quot; ","publisher":{"@id":"https:\/\/informelitoral.com.ar\/#organization"},"potentialAction":[{"@type":"SearchAction","target":{"@type":"EntryPoint","urlTemplate":"https:\/\/informelitoral.com.ar\/?s={search_term_string}"},"query-input":{"@type":"PropertyValueSpecification","valueRequired":true,"valueName":"search_term_string"}}],"inLanguage":"es"},{"@type":"Organization","@id":"https:\/\/informelitoral.com.ar\/#organization","name":"Informe Litoral","url":"https:\/\/informelitoral.com.ar\/","logo":{"@type":"ImageObject","inLanguage":"es","@id":"https:\/\/informelitoral.com.ar\/#\/schema\/logo\/image\/","url":"https:\/\/informelitoral.com.ar\/%77%70%2d%63%6f%6e%74%65%6e%74\/uploads\/2021\/01\/circulo.png","contentUrl":"https:\/\/informelitoral.com.ar\/%77%70%2d%63%6f%6e%74%65%6e%74\/uploads\/2021\/01\/circulo.png","width":723,"height":731,"caption":"Informe Litoral"},"image":{"@id":"https:\/\/informelitoral.com.ar\/#\/schema\/logo\/image\/"},"sameAs":["https:\/\/www.facebook.com\/informelitoral\/","https:\/\/x.com\/InformeLitoral","https:\/\/www.instagram.com\/informelitoral\/","https:\/\/www.youtube.com\/channel\/UCua4Qvz8Icb6MYqhoq9xLXw"]},{"@type":"Person","@id":"https:\/\/informelitoral.com.ar\/#\/schema\/person\/f05f9f461677119578717524b127d6d5","name":"Sebastian","image":{"@type":"ImageObject","inLanguage":"es","@id":"https:\/\/secure.gravatar.com\/avatar\/b71bf7481d447dfb9583c7f2798e7cc64de6efb9067b74633ed8c31059a3bd82?s=96&d=mm&r=g","url":"https:\/\/secure.gravatar.com\/avatar\/b71bf7481d447dfb9583c7f2798e7cc64de6efb9067b74633ed8c31059a3bd82?s=96&d=mm&r=g","contentUrl":"https:\/\/secure.gravatar.com\/avatar\/b71bf7481d447dfb9583c7f2798e7cc64de6efb9067b74633ed8c31059a3bd82?s=96&d=mm&r=g","caption":"Sebastian"},"url":"https:\/\/informelitoral.com.ar\/author\/sebastian\/"}]}},"_links":{"self":[{"href":"https:\/\/informelitoral.com.ar\/%77%70%2d%6a%73%6f%6e\/wp\/v2\/posts\/153760","targetHints":{"allow":["GET"]}}],"collection":[{"href":"https:\/\/informelitoral.com.ar\/%77%70%2d%6a%73%6f%6e\/wp\/v2\/posts"}],"about":[{"href":"https:\/\/informelitoral.com.ar\/%77%70%2d%6a%73%6f%6e\/wp\/v2\/types\/post"}],"author":[{"embeddable":true,"href":"https:\/\/informelitoral.com.ar\/%77%70%2d%6a%73%6f%6e\/wp\/v2\/users\/8"}],"replies":[{"embeddable":true,"href":"https:\/\/informelitoral.com.ar\/%77%70%2d%6a%73%6f%6e\/wp\/v2\/comments?post=153760"}],"version-history":[{"count":0,"href":"https:\/\/informelitoral.com.ar\/%77%70%2d%6a%73%6f%6e\/wp\/v2\/posts\/153760\/revisions"}],"wp:featuredmedia":[{"embeddable":true,"href":"https:\/\/informelitoral.com.ar\/%77%70%2d%6a%73%6f%6e\/wp\/v2\/media\/153764"}],"wp:attachment":[{"href":"https:\/\/informelitoral.com.ar\/%77%70%2d%6a%73%6f%6e\/wp\/v2\/media?parent=153760"}],"wp:term":[{"taxonomy":"category","embeddable":true,"href":"https:\/\/informelitoral.com.ar\/%77%70%2d%6a%73%6f%6e\/wp\/v2\/categories?post=153760"},{"taxonomy":"post_tag","embeddable":true,"href":"https:\/\/informelitoral.com.ar\/%77%70%2d%6a%73%6f%6e\/wp\/v2\/tags?post=153760"}],"curies":[{"name":"wp","href":"https:\/\/api.w.org\/{rel}","templated":true}]}}