{"id":153746,"date":"2023-06-15T09:57:30","date_gmt":"2023-06-15T12:57:30","guid":{"rendered":"https:\/\/www.informelitoral.com.ar\/?p=153746"},"modified":"2023-06-15T10:01:50","modified_gmt":"2023-06-15T13:01:50","slug":"entre-rios-se-convirtio-en-la-primera-provincia-que-exigira-titulo-de-grado-a-los-corredores-inmobiliarios","status":"publish","type":"post","link":"https:\/\/informelitoral.com.ar\/entre-rios-se-convirtio-en-la-primera-provincia-que-exigira-titulo-de-grado-a-los-corredores-inmobiliarios\/","title":{"rendered":"Entre R\u00edos se convirti\u00f3 en la primera provincia que exigir\u00e1 t\u00edtulo de grado a los corredores inmobiliarios"},"content":{"rendered":"<p>Esta es una larga lucha que viene llevando adelante el Colegio de Corredores P\u00fablicos Inmobiliarios de Entre R\u00edos (CCPIER), entidad que, por ley, otorga la matr\u00edcula a quienes desarrollan esta profesi\u00f3n.<\/p>\n<p>El gobernador Gustavo Bordet y la Legislatura hicieron propia esta propuesta que se inscribe en el paradigma de desarrollo territorial sustentable que impulsa el Colegio, que contempla las variables econom\u00eda, ambiente y sociedad y que requiere de profesionales con una visi\u00f3n integral. Precisamente, en el Congreso Internacional de Bienes Ra\u00edces que el Colegio realizar\u00e1 el 29 y 30 de este mes, en Concordia, el gobernador formalizar\u00e1 el anuncio de la promulgaci\u00f3n de esta ley.<\/p>\n<p>\u201cEl cambio en la normativa significa un avance en t\u00e9rminos de jerarquizaci\u00f3n de la profesi\u00f3n y un beneficio para la sociedad en general, que dispondr\u00e1 de profesionales con formaci\u00f3n acad\u00e9mica espec\u00edfica\u201d, destacaron desde el Colegio de Corredores Inmobiliarios de Entre R\u00edos.<\/p>\n<p>El proyecto fue presentado el a\u00f1o pasado en la C\u00e1mara de Diputados, a instancias del CCPIER, e introdujo una modificaci\u00f3n a la Ley 9739 para incorporar este nuevo requisito.<\/p>\n<p>Los d\u00edas 29 y 30 de este mes, en Concordia, el Colegio realizar\u00e1 el Segundo Congreso Internacional de Bienes Ra\u00edces, donde frente a entidades profesionales nacionales y de otras provincias, el gobernador formalizar\u00eda el anuncio de la promulgaci\u00f3n de esta ley.<\/p>\n<p>La presidenta del CCPIER, CPI Mar\u00eda Paula Arm\u00e1ndola, expres\u00f3: \u201cEl Colegio que representa a los corredores inmobiliarios entrerrianos tiene entre sus m\u00e1ximos objetivos desde su creaci\u00f3n \u2013hace 21 a\u00f1os-, la jerarquizaci\u00f3n de la profesi\u00f3n, para lo cual ha venido realizando una serie de acciones que se coronan con esta ley que posiciona a Entre R\u00edos como la primera provincia que en la legislaci\u00f3n incorpora esta condici\u00f3n para poder matricularse\u201d.<\/p>\n<p>\u201cHay un campo de trabajo que se ampl\u00eda, se diversifica, presenta nuevas oportunidades y desaf\u00edos, y el corredor inmobiliario debe estar formado para desenvolverse en renovadas incumbencias y especialmente, para dar respuesta a la sociedad en la que interact\u00faa permanentemente.<\/p>\n","protected":false},"excerpt":{"rendered":"<p>El Poder Ejecutivo de Entre R\u00edos promulg\u00f3 la ley que establece que ser\u00e1 requisito para ejercer el corretaje inmobiliario en el territorio provincial poseer t\u00edtulo universitario de grado espec\u00edfico.<\/p>\n","protected":false},"author":8,"featured_media":153747,"comment_status":"open","ping_status":"open","sticky":false,"template":"","format":"standard","meta":{"fifu_image_url":"","fifu_image_alt":"","footnotes":""},"categories":[6],"tags":[4218],"class_list":{"0":"post-153746","1":"post","2":"type-post","3":"status-publish","4":"format-standard","5":"has-post-thumbnail","7":"category-entre-rios","8":"tag-corredores-inmobiliario"},"yoast_head":"<title>Entre R\u00edos se convirti\u00f3 en la primera provincia que exigir\u00e1 t\u00edtulo de grado a los corredores inmobiliarios - Informe Litoral<\/title>\n<meta name=\"robots\" content=\"index, follow, max-snippet:-1, max-image-preview:large, max-video-preview:-1\" \/>\n<link rel=\"canonical\" href=\"https:\/\/informelitoral.com.ar\/entre-rios-se-convirtio-en-la-primera-provincia-que-exigira-titulo-de-grado-a-los-corredores-inmobiliarios\/\" \/>\n<meta property=\"og:locale\" content=\"es_ES\" \/>\n<meta property=\"og:type\" content=\"article\" \/>\n<meta property=\"og:title\" content=\"Entre R\u00edos se convirti\u00f3 en la primera provincia que exigir\u00e1 t\u00edtulo de grado a los corredores inmobiliarios - Informe Litoral\" \/>\n<meta property=\"og:description\" content=\"El Poder Ejecutivo de Entre R\u00edos promulg\u00f3 la ley que establece que ser\u00e1 requisito para ejercer el corretaje inmobiliario en el territorio provincial poseer t\u00edtulo universitario de grado espec\u00edfico.\" \/>\n<meta property=\"og:url\" content=\"https:\/\/informelitoral.com.ar\/entre-rios-se-convirtio-en-la-primera-provincia-que-exigira-titulo-de-grado-a-los-corredores-inmobiliarios\/\" \/>\n<meta property=\"og:site_name\" content=\"Informe Litoral\" \/>\n<meta property=\"article:publisher\" content=\"https:\/\/www.facebook.com\/informelitoral\/\" \/>\n<meta property=\"article:published_time\" content=\"2023-06-15T12:57:30+00:00\" \/>\n<meta property=\"article:modified_time\" content=\"2023-06-15T13:01:50+00:00\" \/>\n<meta property=\"og:image\" content=\"https:\/\/informelitoral.com.ar\/%77%70%2d%63%6f%6e%74%65%6e%74\/uploads\/2023\/06\/paula-armandola-2-759x500-1.jpeg\" \/>\n\t<meta property=\"og:image:width\" content=\"759\" \/>\n\t<meta property=\"og:image:height\" content=\"500\" \/>\n\t<meta property=\"og:image:type\" content=\"image\/jpeg\" \/>\n<meta name=\"author\" content=\"Sebastian\" \/>\n<meta name=\"twitter:card\" content=\"summary_large_image\" \/>\n<meta name=\"twitter:creator\" content=\"@InformeLitoral\" \/>\n<meta name=\"twitter:site\" content=\"@InformeLitoral\" \/>\n<meta name=\"twitter:label1\" content=\"Escrito por\" \/>\n\t<meta name=\"twitter:data1\" content=\"Sebastian\" \/>\n\t<meta name=\"twitter:label2\" content=\"Tiempo de lectura\" \/>\n\t<meta name=\"twitter:data2\" content=\"2 minutos\" \/>\n<script type=\"application\/ld+json\" class=\"yoast-schema-graph\">{\"@context\":\"https:\\\/\\\/schema.org\",\"@graph\":[{\"@type\":\"Article\",\"@id\":\"https:\\\/\\\/informelitoral.com.ar\\\/entre-rios-se-convirtio-en-la-primera-provincia-que-exigira-titulo-de-grado-a-los-corredores-inmobiliarios\\\/#article\",\"isPartOf\":{\"@id\":\"https:\\\/\\\/informelitoral.com.ar\\\/entre-rios-se-convirtio-en-la-primera-provincia-que-exigira-titulo-de-grado-a-los-corredores-inmobiliarios\\\/\"},\"author\":{\"name\":\"Sebastian\",\"@id\":\"https:\\\/\\\/informelitoral.com.ar\\\/#\\\/schema\\\/person\\\/f05f9f461677119578717524b127d6d5\"},\"headline\":\"Entre R\u00edos se convirti\u00f3 en la primera provincia que exigir\u00e1 t\u00edtulo de grado a los corredores inmobiliarios\",\"datePublished\":\"2023-06-15T12:57:30+00:00\",\"dateModified\":\"2023-06-15T13:01:50+00:00\",\"mainEntityOfPage\":{\"@id\":\"https:\\\/\\\/informelitoral.com.ar\\\/entre-rios-se-convirtio-en-la-primera-provincia-que-exigira-titulo-de-grado-a-los-corredores-inmobiliarios\\\/\"},\"wordCount\":373,\"commentCount\":0,\"publisher\":{\"@id\":\"https:\\\/\\\/informelitoral.com.ar\\\/#organization\"},\"image\":{\"@id\":\"https:\\\/\\\/informelitoral.com.ar\\\/entre-rios-se-convirtio-en-la-primera-provincia-que-exigira-titulo-de-grado-a-los-corredores-inmobiliarios\\\/#primaryimage\"},\"thumbnailUrl\":\"https:\\\/\\\/informelitoral.com.ar\\\/%77%70%2d%63%6f%6e%74%65%6e%74\\\/uploads\\\/2023\\\/06\\\/paula-armandola-2-759x500-1.jpeg\",\"keywords\":[\"Corredores Inmobiliario\"],\"articleSection\":[\"Entre R\u00edos\"],\"inLanguage\":\"es\",\"potentialAction\":[{\"@type\":\"CommentAction\",\"name\":\"Comment\",\"target\":[\"https:\\\/\\\/informelitoral.com.ar\\\/entre-rios-se-convirtio-en-la-primera-provincia-que-exigira-titulo-de-grado-a-los-corredores-inmobiliarios\\\/#respond\"]}]},{\"@type\":\"WebPage\",\"@id\":\"https:\\\/\\\/informelitoral.com.ar\\\/entre-rios-se-convirtio-en-la-primera-provincia-que-exigira-titulo-de-grado-a-los-corredores-inmobiliarios\\\/\",\"url\":\"https:\\\/\\\/informelitoral.com.ar\\\/entre-rios-se-convirtio-en-la-primera-provincia-que-exigira-titulo-de-grado-a-los-corredores-inmobiliarios\\\/\",\"name\":\"Entre R\u00edos se convirti\u00f3 en la primera provincia que exigir\u00e1 t\u00edtulo de grado a los corredores inmobiliarios - Informe Litoral\",\"isPartOf\":{\"@id\":\"https:\\\/\\\/informelitoral.com.ar\\\/#website\"},\"primaryImageOfPage\":{\"@id\":\"https:\\\/\\\/informelitoral.com.ar\\\/entre-rios-se-convirtio-en-la-primera-provincia-que-exigira-titulo-de-grado-a-los-corredores-inmobiliarios\\\/#primaryimage\"},\"image\":{\"@id\":\"https:\\\/\\\/informelitoral.com.ar\\\/entre-rios-se-convirtio-en-la-primera-provincia-que-exigira-titulo-de-grado-a-los-corredores-inmobiliarios\\\/#primaryimage\"},\"thumbnailUrl\":\"https:\\\/\\\/informelitoral.com.ar\\\/%77%70%2d%63%6f%6e%74%65%6e%74\\\/uploads\\\/2023\\\/06\\\/paula-armandola-2-759x500-1.jpeg\",\"datePublished\":\"2023-06-15T12:57:30+00:00\",\"dateModified\":\"2023-06-15T13:01:50+00:00\",\"breadcrumb\":{\"@id\":\"https:\\\/\\\/informelitoral.com.ar\\\/entre-rios-se-convirtio-en-la-primera-provincia-que-exigira-titulo-de-grado-a-los-corredores-inmobiliarios\\\/#breadcrumb\"},\"inLanguage\":\"es\",\"potentialAction\":[{\"@type\":\"ReadAction\",\"target\":[\"https:\\\/\\\/informelitoral.com.ar\\\/entre-rios-se-convirtio-en-la-primera-provincia-que-exigira-titulo-de-grado-a-los-corredores-inmobiliarios\\\/\"]}]},{\"@type\":\"ImageObject\",\"inLanguage\":\"es\",\"@id\":\"https:\\\/\\\/informelitoral.com.ar\\\/entre-rios-se-convirtio-en-la-primera-provincia-que-exigira-titulo-de-grado-a-los-corredores-inmobiliarios\\\/#primaryimage\",\"url\":\"https:\\\/\\\/informelitoral.com.ar\\\/%77%70%2d%63%6f%6e%74%65%6e%74\\\/uploads\\\/2023\\\/06\\\/paula-armandola-2-759x500-1.jpeg\",\"contentUrl\":\"https:\\\/\\\/informelitoral.com.ar\\\/%77%70%2d%63%6f%6e%74%65%6e%74\\\/uploads\\\/2023\\\/06\\\/paula-armandola-2-759x500-1.jpeg\",\"width\":759,\"height\":500},{\"@type\":\"BreadcrumbList\",\"@id\":\"https:\\\/\\\/informelitoral.com.ar\\\/entre-rios-se-convirtio-en-la-primera-provincia-que-exigira-titulo-de-grado-a-los-corredores-inmobiliarios\\\/#breadcrumb\",\"itemListElement\":[{\"@type\":\"ListItem\",\"position\":1,\"name\":\"Portada\",\"item\":\"https:\\\/\\\/informelitoral.com.ar\\\/\"},{\"@type\":\"ListItem\",\"position\":2,\"name\":\"Entre R\u00edos se convirti\u00f3 en la primera provincia que exigir\u00e1 t\u00edtulo de grado a los corredores inmobiliarios\"}]},{\"@type\":\"WebSite\",\"@id\":\"https:\\\/\\\/informelitoral.com.ar\\\/#website\",\"url\":\"https:\\\/\\\/informelitoral.com.ar\\\/\",\"name\":\"Informe Litoral\",\"description\":\"&quot;Nos informamos&quot; \",\"publisher\":{\"@id\":\"https:\\\/\\\/informelitoral.com.ar\\\/#organization\"},\"potentialAction\":[{\"@type\":\"SearchAction\",\"target\":{\"@type\":\"EntryPoint\",\"urlTemplate\":\"https:\\\/\\\/informelitoral.com.ar\\\/?s={search_term_string}\"},\"query-input\":{\"@type\":\"PropertyValueSpecification\",\"valueRequired\":true,\"valueName\":\"search_term_string\"}}],\"inLanguage\":\"es\"},{\"@type\":\"Organization\",\"@id\":\"https:\\\/\\\/informelitoral.com.ar\\\/#organization\",\"name\":\"Informe Litoral\",\"url\":\"https:\\\/\\\/informelitoral.com.ar\\\/\",\"logo\":{\"@type\":\"ImageObject\",\"inLanguage\":\"es\",\"@id\":\"https:\\\/\\\/informelitoral.com.ar\\\/#\\\/schema\\\/logo\\\/image\\\/\",\"url\":\"https:\\\/\\\/informelitoral.com.ar\\\/%77%70%2d%63%6f%6e%74%65%6e%74\\\/uploads\\\/2021\\\/01\\\/circulo.png\",\"contentUrl\":\"https:\\\/\\\/informelitoral.com.ar\\\/%77%70%2d%63%6f%6e%74%65%6e%74\\\/uploads\\\/2021\\\/01\\\/circulo.png\",\"width\":723,\"height\":731,\"caption\":\"Informe Litoral\"},\"image\":{\"@id\":\"https:\\\/\\\/informelitoral.com.ar\\\/#\\\/schema\\\/logo\\\/image\\\/\"},\"sameAs\":[\"https:\\\/\\\/www.facebook.com\\\/informelitoral\\\/\",\"https:\\\/\\\/x.com\\\/InformeLitoral\",\"https:\\\/\\\/www.instagram.com\\\/informelitoral\\\/\",\"https:\\\/\\\/www.youtube.com\\\/channel\\\/UCua4Qvz8Icb6MYqhoq9xLXw\"]},{\"@type\":\"Person\",\"@id\":\"https:\\\/\\\/informelitoral.com.ar\\\/#\\\/schema\\\/person\\\/f05f9f461677119578717524b127d6d5\",\"name\":\"Sebastian\",\"image\":{\"@type\":\"ImageObject\",\"inLanguage\":\"es\",\"@id\":\"https:\\\/\\\/secure.gravatar.com\\\/avatar\\\/b71bf7481d447dfb9583c7f2798e7cc64de6efb9067b74633ed8c31059a3bd82?s=96&d=mm&r=g\",\"url\":\"https:\\\/\\\/secure.gravatar.com\\\/avatar\\\/b71bf7481d447dfb9583c7f2798e7cc64de6efb9067b74633ed8c31059a3bd82?s=96&d=mm&r=g\",\"contentUrl\":\"https:\\\/\\\/secure.gravatar.com\\\/avatar\\\/b71bf7481d447dfb9583c7f2798e7cc64de6efb9067b74633ed8c31059a3bd82?s=96&d=mm&r=g\",\"caption\":\"Sebastian\"},\"url\":\"https:\\\/\\\/informelitoral.com.ar\\\/author\\\/sebastian\\\/\"}]}<\/script>","yoast_head_json":{"title":"Entre R\u00edos se convirti\u00f3 en la primera provincia que exigir\u00e1 t\u00edtulo de grado a los corredores inmobiliarios - Informe Litoral","robots":{"index":"index","follow":"follow","max-snippet":"max-snippet:-1","max-image-preview":"max-image-preview:large","max-video-preview":"max-video-preview:-1"},"canonical":"https:\/\/informelitoral.com.ar\/entre-rios-se-convirtio-en-la-primera-provincia-que-exigira-titulo-de-grado-a-los-corredores-inmobiliarios\/","og_locale":"es_ES","og_type":"article","og_title":"Entre R\u00edos se convirti\u00f3 en la primera provincia que exigir\u00e1 t\u00edtulo de grado a los corredores inmobiliarios - Informe Litoral","og_description":"El Poder Ejecutivo de Entre R\u00edos promulg\u00f3 la ley que establece que ser\u00e1 requisito para ejercer el corretaje inmobiliario en el territorio provincial poseer t\u00edtulo universitario de grado espec\u00edfico.","og_url":"https:\/\/informelitoral.com.ar\/entre-rios-se-convirtio-en-la-primera-provincia-que-exigira-titulo-de-grado-a-los-corredores-inmobiliarios\/","og_site_name":"Informe Litoral","article_publisher":"https:\/\/www.facebook.com\/informelitoral\/","article_published_time":"2023-06-15T12:57:30+00:00","article_modified_time":"2023-06-15T13:01:50+00:00","og_image":[{"width":759,"height":500,"url":"https:\/\/informelitoral.com.ar\/%77%70%2d%63%6f%6e%74%65%6e%74\/uploads\/2023\/06\/paula-armandola-2-759x500-1.jpeg","type":"image\/jpeg"}],"author":"Sebastian","twitter_card":"summary_large_image","twitter_creator":"@InformeLitoral","twitter_site":"@InformeLitoral","twitter_misc":{"Escrito por":"Sebastian","Tiempo de lectura":"2 minutos"},"schema":{"@context":"https:\/\/schema.org","@graph":[{"@type":"Article","@id":"https:\/\/informelitoral.com.ar\/entre-rios-se-convirtio-en-la-primera-provincia-que-exigira-titulo-de-grado-a-los-corredores-inmobiliarios\/#article","isPartOf":{"@id":"https:\/\/informelitoral.com.ar\/entre-rios-se-convirtio-en-la-primera-provincia-que-exigira-titulo-de-grado-a-los-corredores-inmobiliarios\/"},"author":{"name":"Sebastian","@id":"https:\/\/informelitoral.com.ar\/#\/schema\/person\/f05f9f461677119578717524b127d6d5"},"headline":"Entre R\u00edos se convirti\u00f3 en la primera provincia que exigir\u00e1 t\u00edtulo de grado a los corredores inmobiliarios","datePublished":"2023-06-15T12:57:30+00:00","dateModified":"2023-06-15T13:01:50+00:00","mainEntityOfPage":{"@id":"https:\/\/informelitoral.com.ar\/entre-rios-se-convirtio-en-la-primera-provincia-que-exigira-titulo-de-grado-a-los-corredores-inmobiliarios\/"},"wordCount":373,"commentCount":0,"publisher":{"@id":"https:\/\/informelitoral.com.ar\/#organization"},"image":{"@id":"https:\/\/informelitoral.com.ar\/entre-rios-se-convirtio-en-la-primera-provincia-que-exigira-titulo-de-grado-a-los-corredores-inmobiliarios\/#primaryimage"},"thumbnailUrl":"https:\/\/informelitoral.com.ar\/%77%70%2d%63%6f%6e%74%65%6e%74\/uploads\/2023\/06\/paula-armandola-2-759x500-1.jpeg","keywords":["Corredores Inmobiliario"],"articleSection":["Entre R\u00edos"],"inLanguage":"es","potentialAction":[{"@type":"CommentAction","name":"Comment","target":["https:\/\/informelitoral.com.ar\/entre-rios-se-convirtio-en-la-primera-provincia-que-exigira-titulo-de-grado-a-los-corredores-inmobiliarios\/#respond"]}]},{"@type":"WebPage","@id":"https:\/\/informelitoral.com.ar\/entre-rios-se-convirtio-en-la-primera-provincia-que-exigira-titulo-de-grado-a-los-corredores-inmobiliarios\/","url":"https:\/\/informelitoral.com.ar\/entre-rios-se-convirtio-en-la-primera-provincia-que-exigira-titulo-de-grado-a-los-corredores-inmobiliarios\/","name":"Entre R\u00edos se convirti\u00f3 en la primera provincia que exigir\u00e1 t\u00edtulo de grado a los corredores inmobiliarios - Informe Litoral","isPartOf":{"@id":"https:\/\/informelitoral.com.ar\/#website"},"primaryImageOfPage":{"@id":"https:\/\/informelitoral.com.ar\/entre-rios-se-convirtio-en-la-primera-provincia-que-exigira-titulo-de-grado-a-los-corredores-inmobiliarios\/#primaryimage"},"image":{"@id":"https:\/\/informelitoral.com.ar\/entre-rios-se-convirtio-en-la-primera-provincia-que-exigira-titulo-de-grado-a-los-corredores-inmobiliarios\/#primaryimage"},"thumbnailUrl":"https:\/\/informelitoral.com.ar\/%77%70%2d%63%6f%6e%74%65%6e%74\/uploads\/2023\/06\/paula-armandola-2-759x500-1.jpeg","datePublished":"2023-06-15T12:57:30+00:00","dateModified":"2023-06-15T13:01:50+00:00","breadcrumb":{"@id":"https:\/\/informelitoral.com.ar\/entre-rios-se-convirtio-en-la-primera-provincia-que-exigira-titulo-de-grado-a-los-corredores-inmobiliarios\/#breadcrumb"},"inLanguage":"es","potentialAction":[{"@type":"ReadAction","target":["https:\/\/informelitoral.com.ar\/entre-rios-se-convirtio-en-la-primera-provincia-que-exigira-titulo-de-grado-a-los-corredores-inmobiliarios\/"]}]},{"@type":"ImageObject","inLanguage":"es","@id":"https:\/\/informelitoral.com.ar\/entre-rios-se-convirtio-en-la-primera-provincia-que-exigira-titulo-de-grado-a-los-corredores-inmobiliarios\/#primaryimage","url":"https:\/\/informelitoral.com.ar\/%77%70%2d%63%6f%6e%74%65%6e%74\/uploads\/2023\/06\/paula-armandola-2-759x500-1.jpeg","contentUrl":"https:\/\/informelitoral.com.ar\/%77%70%2d%63%6f%6e%74%65%6e%74\/uploads\/2023\/06\/paula-armandola-2-759x500-1.jpeg","width":759,"height":500},{"@type":"BreadcrumbList","@id":"https:\/\/informelitoral.com.ar\/entre-rios-se-convirtio-en-la-primera-provincia-que-exigira-titulo-de-grado-a-los-corredores-inmobiliarios\/#breadcrumb","itemListElement":[{"@type":"ListItem","position":1,"name":"Portada","item":"https:\/\/informelitoral.com.ar\/"},{"@type":"ListItem","position":2,"name":"Entre R\u00edos se convirti\u00f3 en la primera provincia que exigir\u00e1 t\u00edtulo de grado a los corredores inmobiliarios"}]},{"@type":"WebSite","@id":"https:\/\/informelitoral.com.ar\/#website","url":"https:\/\/informelitoral.com.ar\/","name":"Informe Litoral","description":"&quot;Nos informamos&quot; ","publisher":{"@id":"https:\/\/informelitoral.com.ar\/#organization"},"potentialAction":[{"@type":"SearchAction","target":{"@type":"EntryPoint","urlTemplate":"https:\/\/informelitoral.com.ar\/?s={search_term_string}"},"query-input":{"@type":"PropertyValueSpecification","valueRequired":true,"valueName":"search_term_string"}}],"inLanguage":"es"},{"@type":"Organization","@id":"https:\/\/informelitoral.com.ar\/#organization","name":"Informe Litoral","url":"https:\/\/informelitoral.com.ar\/","logo":{"@type":"ImageObject","inLanguage":"es","@id":"https:\/\/informelitoral.com.ar\/#\/schema\/logo\/image\/","url":"https:\/\/informelitoral.com.ar\/%77%70%2d%63%6f%6e%74%65%6e%74\/uploads\/2021\/01\/circulo.png","contentUrl":"https:\/\/informelitoral.com.ar\/%77%70%2d%63%6f%6e%74%65%6e%74\/uploads\/2021\/01\/circulo.png","width":723,"height":731,"caption":"Informe Litoral"},"image":{"@id":"https:\/\/informelitoral.com.ar\/#\/schema\/logo\/image\/"},"sameAs":["https:\/\/www.facebook.com\/informelitoral\/","https:\/\/x.com\/InformeLitoral","https:\/\/www.instagram.com\/informelitoral\/","https:\/\/www.youtube.com\/channel\/UCua4Qvz8Icb6MYqhoq9xLXw"]},{"@type":"Person","@id":"https:\/\/informelitoral.com.ar\/#\/schema\/person\/f05f9f461677119578717524b127d6d5","name":"Sebastian","image":{"@type":"ImageObject","inLanguage":"es","@id":"https:\/\/secure.gravatar.com\/avatar\/b71bf7481d447dfb9583c7f2798e7cc64de6efb9067b74633ed8c31059a3bd82?s=96&d=mm&r=g","url":"https:\/\/secure.gravatar.com\/avatar\/b71bf7481d447dfb9583c7f2798e7cc64de6efb9067b74633ed8c31059a3bd82?s=96&d=mm&r=g","contentUrl":"https:\/\/secure.gravatar.com\/avatar\/b71bf7481d447dfb9583c7f2798e7cc64de6efb9067b74633ed8c31059a3bd82?s=96&d=mm&r=g","caption":"Sebastian"},"url":"https:\/\/informelitoral.com.ar\/author\/sebastian\/"}]}},"_links":{"self":[{"href":"https:\/\/informelitoral.com.ar\/%77%70%2d%6a%73%6f%6e\/wp\/v2\/posts\/153746","targetHints":{"allow":["GET"]}}],"collection":[{"href":"https:\/\/informelitoral.com.ar\/%77%70%2d%6a%73%6f%6e\/wp\/v2\/posts"}],"about":[{"href":"https:\/\/informelitoral.com.ar\/%77%70%2d%6a%73%6f%6e\/wp\/v2\/types\/post"}],"author":[{"embeddable":true,"href":"https:\/\/informelitoral.com.ar\/%77%70%2d%6a%73%6f%6e\/wp\/v2\/users\/8"}],"replies":[{"embeddable":true,"href":"https:\/\/informelitoral.com.ar\/%77%70%2d%6a%73%6f%6e\/wp\/v2\/comments?post=153746"}],"version-history":[{"count":0,"href":"https:\/\/informelitoral.com.ar\/%77%70%2d%6a%73%6f%6e\/wp\/v2\/posts\/153746\/revisions"}],"wp:featuredmedia":[{"embeddable":true,"href":"https:\/\/informelitoral.com.ar\/%77%70%2d%6a%73%6f%6e\/wp\/v2\/media\/153747"}],"wp:attachment":[{"href":"https:\/\/informelitoral.com.ar\/%77%70%2d%6a%73%6f%6e\/wp\/v2\/media?parent=153746"}],"wp:term":[{"taxonomy":"category","embeddable":true,"href":"https:\/\/informelitoral.com.ar\/%77%70%2d%6a%73%6f%6e\/wp\/v2\/categories?post=153746"},{"taxonomy":"post_tag","embeddable":true,"href":"https:\/\/informelitoral.com.ar\/%77%70%2d%6a%73%6f%6e\/wp\/v2\/tags?post=153746"}],"curies":[{"name":"wp","href":"https:\/\/api.w.org\/{rel}","templated":true}]}}