{"id":15368,"date":"2016-04-16T10:51:30","date_gmt":"2016-04-16T13:51:30","guid":{"rendered":"http:\/\/www.isletasnoticias.com.ar\/?p=15368"},"modified":"2016-04-16T10:52:39","modified_gmt":"2016-04-16T13:52:39","slug":"el-presidente-anuncio-la-universalizacion-de-la-auh-devolucion-del-iva-a-jubiladosuniversalizacion-de-la-auh-devolucion-del-iva-y-programas-de-empleo","status":"publish","type":"post","link":"https:\/\/informelitoral.com.ar\/el-presidente-anuncio-la-universalizacion-de-la-auh-devolucion-del-iva-a-jubiladosuniversalizacion-de-la-auh-devolucion-del-iva-y-programas-de-empleo\/","title":{"rendered":"El Presidente anunci\u00f3 la universalizaci\u00f3n de la AUH, devoluci\u00f3n del IVA y programas de empleo"},"content":{"rendered":"<p><strong>El presidente <em>Mauricio Macri<\/em> puntualiz\u00f3 tres ejes con los que se llevar\u00e1 la ayuda social a los m\u00e1s necesitados que consisten en universalizar el ingreso a la ni\u00f1ez para que los hijos de monotributistas tengan acceso a la AUH, \u00abmejorar el ingreso de la gente\u00bb con la devoluci\u00f3n del IVA a aquellos que reciban haberes menores, especialmente jubilados, y \u00abcuidar puestos de trabajo en esta transici\u00f3n\u00bb, afirm\u00f3.\u00a0<a href=\"http:\/\/www.isletasnoticias.com.ar\/%77%70%2d%63%6f%6e%74%65%6e%74\/uploads\/2016\/04\/56a8971501ce7_380x253.jpg\" rel=\"attachment wp-att-15369\"><img loading=\"lazy\" decoding=\"async\" class=\"aligncenter wp-image-15369 \" src=\"http:\/\/www.isletasnoticias.com.ar\/%77%70%2d%63%6f%6e%74%65%6e%74\/uploads\/2016\/04\/56a8971501ce7_380x253.jpg\" alt=\"56a8971501ce7_380x253\" width=\"559\" height=\"372\" srcset=\"https:\/\/informelitoral.com.ar\/%77%70%2d%63%6f%6e%74%65%6e%74\/uploads\/2016\/04\/56a8971501ce7_380x253.jpg 380w, https:\/\/informelitoral.com.ar\/%77%70%2d%63%6f%6e%74%65%6e%74\/uploads\/2016\/04\/56a8971501ce7_380x253-300x200.jpg 300w\" sizes=\"auto, (max-width: 559px) 100vw, 559px\" \/><\/a><\/strong>\u00abEste es el camino que estamos convencidos que hay que seguir\u00bb, dijo Macri desde el centro de jubilados Deshojando Margaritas, en el barrio porte\u00f1o de Mataderos.<\/p>\n<p>Acompa\u00f1aron al jefe de Estado los ministros de Trabajo, Jorge Triaca, y de Desarrollo Social, Carolina Stanley.<\/p>\n<aside class=\"S relacionadas\">\n<div class=\"techo\"><\/div>\n<\/aside>\n<p>Las medidas, anunciadas en un contexto de inflaci\u00f3n y suba de tarifas, se agrupan en tres ejes: <strong>universalizaci\u00f3n de la Asignaci\u00f3n Universal por Hijo<\/strong>,<strong> devoluci\u00f3n del IVA a las personas que perciben menores haberes,<\/strong> y <strong>programas de empleo para \u00abcuidar los puestos de trabajo\u00bb<\/strong>, seg\u00fan las palabras del mandatario.<\/p>\n<p>Con respecto a la AUH, se extender\u00e1 el beneficio a los hijos monotributistas. \u00abVamos a llegar a todos los hijos de monotributistas. Van a cobrar lo mismo que los que trabajan en relaci\u00f3n de dependencia\u00bb, dijo Carolina Stanley, public\u00f3 <em>La Naci\u00f3n.<\/em><\/p>\n<p>Adem\u00e1s, las personas que perciban subsidios o asignaciones provinciales tambi\u00e9n podr\u00e1n percibir la AUH. \u00abCompatibilizaremos los planes sociales con la asignaci\u00f3n\u00bb, dijo Stanley.<\/p>\n<p>Por otro lado, se instrumentar\u00e1 la devoluci\u00f3n del IVA a los beneficiarios de la AUH. Y tambi\u00e9n a los jubilados, con un tope de 300 pesos por compra. \u00abEsto significar\u00e1 un gran impacto en el bolsillo\u00bb, dijo el ministro de Trabajo Jorge Triaca.<\/p>\n<p>El impuesto se reintegrar\u00eda, total o parcialmente, en la tarjeta de d\u00e9bito que posee la persona de bajos recursos, al momento de realizar la compra; y el costo fiscal no ser\u00eda del comerciante sino que lo soportar\u00eda el Estado al efectuar el reintegro en la tarjeta.<\/p>\n<p>Tambi\u00e9n se asignar\u00e1 un subsidio de 500 pesos para beneficiarios de la jubilaci\u00f3n m\u00ednima y AUH en el mes de mayo. Y se convocar\u00e1 al Consejo de empleo y salario: \u00abQueremos que se discuta el m\u00ednimo vital y m\u00f3vil\u00bb, dijo Triaca.<\/p>\n<p>A su vez, habr\u00e1 nuevos programas de emprendimientos sociales, y subsidios para microemprendimientos.<\/p>\n<p>\u00abLa inflaci\u00f3n duele a\u00fan hoy. Pero soy optimista y vamos por el camino correcto\u00bb, dijo Macri, quien antes de anunciar el paquete de medidas ley\u00f3 comentarios que la gente deja en su p\u00e1gina de Facebook donde le piden \u00abayuda\u00bb.<\/p>\n<p>\u00abEl Estado va a ayudar a la gente. Y tambi\u00e9n s\u00e9 que la gente no baja los brazos, por eso quer\u00eda leer estos mensajes, que piden una mano pero son de apoyo. Hay que ser conscientes del estado en el que recibimos el pa\u00eds: despu\u00e9s de 10 a\u00f1os de grandes ingresos, terminamos con 30% de pobreza\u00bb, dijo el mandatario.<\/p>\n<p>\u00abEn el segundo semestre la inflaci\u00f3n va a bajar de forma dr\u00e1stica. Y no va a parar de bajar\u00bb, augur\u00f3 el Presidente.<\/p>\n","protected":false},"excerpt":{"rendered":"<p>El presidente Mauricio Macri puntualiz&oacute; tres ejes con los que se llevar&aacute; la ayuda social a los m&aacute;s necesitados que consisten en universalizar el ingreso a la ni&ntilde;ez para que los hijos de monotributistas tengan acceso a la AUH, &laquo;mejorar el ingreso de la gente&raquo; con la devoluci&oacute;n del IVA a aquellos que reciban haberes [&hellip;]<\/p>\n","protected":false},"author":2,"featured_media":0,"comment_status":"open","ping_status":"open","sticky":false,"template":"","format":"standard","meta":{"fifu_image_url":"","fifu_image_alt":"","footnotes":""},"categories":[7,16],"tags":[],"class_list":{"0":"post-15368","1":"post","2":"type-post","3":"status-publish","4":"format-standard","6":"category-nacionales","7":"category-politi"},"yoast_head":"<title>El Presidente anunci\u00f3 la universalizaci\u00f3n de la AUH, devoluci\u00f3n del IVA y programas de empleo - Informe Litoral<\/title>\n<meta name=\"robots\" content=\"index, follow, max-snippet:-1, max-image-preview:large, max-video-preview:-1\" \/>\n<link rel=\"canonical\" href=\"https:\/\/informelitoral.com.ar\/el-presidente-anuncio-la-universalizacion-de-la-auh-devolucion-del-iva-a-jubiladosuniversalizacion-de-la-auh-devolucion-del-iva-y-programas-de-empleo\/\" \/>\n<meta property=\"og:locale\" content=\"es_ES\" \/>\n<meta property=\"og:type\" content=\"article\" \/>\n<meta property=\"og:title\" content=\"El Presidente anunci\u00f3 la universalizaci\u00f3n de la AUH, devoluci\u00f3n del IVA y programas de empleo - Informe Litoral\" \/>\n<meta property=\"og:description\" content=\"El presidente Mauricio Macri puntualiz&oacute; tres ejes con los que se llevar&aacute; la ayuda social a los m&aacute;s necesitados que consisten en universalizar el ingreso a la ni&ntilde;ez para que los hijos de monotributistas tengan acceso a la AUH, &laquo;mejorar el ingreso de la gente&raquo; con la devoluci&oacute;n del IVA a aquellos que reciban haberes [&hellip;]\" \/>\n<meta property=\"og:url\" content=\"https:\/\/informelitoral.com.ar\/el-presidente-anuncio-la-universalizacion-de-la-auh-devolucion-del-iva-a-jubiladosuniversalizacion-de-la-auh-devolucion-del-iva-y-programas-de-empleo\/\" \/>\n<meta property=\"og:site_name\" content=\"Informe Litoral\" \/>\n<meta property=\"article:publisher\" content=\"https:\/\/www.facebook.com\/informelitoral\/\" \/>\n<meta property=\"article:published_time\" content=\"2016-04-16T13:51:30+00:00\" \/>\n<meta property=\"article:modified_time\" content=\"2016-04-16T13:52:39+00:00\" \/>\n<meta property=\"og:image\" content=\"https:\/\/informelitoral.com.ar\/%77%70%2d%63%6f%6e%74%65%6e%74\/uploads\/2016\/04\/56a8971501ce7_380x253.jpg\" \/>\n\t<meta property=\"og:image:width\" content=\"380\" \/>\n\t<meta property=\"og:image:height\" content=\"253\" \/>\n\t<meta property=\"og:image:type\" content=\"image\/jpeg\" \/>\n<meta name=\"author\" content=\"Gonzalo Schmidt\" \/>\n<meta name=\"twitter:card\" content=\"summary_large_image\" \/>\n<meta name=\"twitter:creator\" content=\"@InformeLitoral\" \/>\n<meta name=\"twitter:site\" content=\"@InformeLitoral\" \/>\n<meta name=\"twitter:label1\" content=\"Escrito por\" \/>\n\t<meta name=\"twitter:data1\" content=\"Gonzalo Schmidt\" \/>\n\t<meta name=\"twitter:label2\" content=\"Tiempo de lectura\" \/>\n\t<meta name=\"twitter:data2\" content=\"3 minutos\" \/>\n<script type=\"application\/ld+json\" class=\"yoast-schema-graph\">{\"@context\":\"https:\\\/\\\/schema.org\",\"@graph\":[{\"@type\":\"Article\",\"@id\":\"https:\\\/\\\/informelitoral.com.ar\\\/el-presidente-anuncio-la-universalizacion-de-la-auh-devolucion-del-iva-a-jubiladosuniversalizacion-de-la-auh-devolucion-del-iva-y-programas-de-empleo\\\/#article\",\"isPartOf\":{\"@id\":\"https:\\\/\\\/informelitoral.com.ar\\\/el-presidente-anuncio-la-universalizacion-de-la-auh-devolucion-del-iva-a-jubiladosuniversalizacion-de-la-auh-devolucion-del-iva-y-programas-de-empleo\\\/\"},\"author\":{\"name\":\"Gonzalo Schmidt\",\"@id\":\"https:\\\/\\\/informelitoral.com.ar\\\/#\\\/schema\\\/person\\\/b9d00407c836482871ef1d57bf8e3180\"},\"headline\":\"El Presidente anunci\u00f3 la universalizaci\u00f3n de la AUH, devoluci\u00f3n del IVA y programas de empleo\",\"datePublished\":\"2016-04-16T13:51:30+00:00\",\"dateModified\":\"2016-04-16T13:52:39+00:00\",\"mainEntityOfPage\":{\"@id\":\"https:\\\/\\\/informelitoral.com.ar\\\/el-presidente-anuncio-la-universalizacion-de-la-auh-devolucion-del-iva-a-jubiladosuniversalizacion-de-la-auh-devolucion-del-iva-y-programas-de-empleo\\\/\"},\"wordCount\":537,\"commentCount\":0,\"publisher\":{\"@id\":\"https:\\\/\\\/informelitoral.com.ar\\\/#organization\"},\"image\":{\"@id\":\"https:\\\/\\\/informelitoral.com.ar\\\/el-presidente-anuncio-la-universalizacion-de-la-auh-devolucion-del-iva-a-jubiladosuniversalizacion-de-la-auh-devolucion-del-iva-y-programas-de-empleo\\\/#primaryimage\"},\"thumbnailUrl\":\"http:\\\/\\\/www.isletasnoticias.com.ar\\\/%77%70%2d%63%6f%6e%74%65%6e%74\\\/uploads\\\/2016\\\/04\\\/56a8971501ce7_380x253.jpg\",\"articleSection\":[\"Nacionales\",\"Politica\"],\"inLanguage\":\"es\",\"potentialAction\":[{\"@type\":\"CommentAction\",\"name\":\"Comment\",\"target\":[\"https:\\\/\\\/informelitoral.com.ar\\\/el-presidente-anuncio-la-universalizacion-de-la-auh-devolucion-del-iva-a-jubiladosuniversalizacion-de-la-auh-devolucion-del-iva-y-programas-de-empleo\\\/#respond\"]}]},{\"@type\":\"WebPage\",\"@id\":\"https:\\\/\\\/informelitoral.com.ar\\\/el-presidente-anuncio-la-universalizacion-de-la-auh-devolucion-del-iva-a-jubiladosuniversalizacion-de-la-auh-devolucion-del-iva-y-programas-de-empleo\\\/\",\"url\":\"https:\\\/\\\/informelitoral.com.ar\\\/el-presidente-anuncio-la-universalizacion-de-la-auh-devolucion-del-iva-a-jubiladosuniversalizacion-de-la-auh-devolucion-del-iva-y-programas-de-empleo\\\/\",\"name\":\"El Presidente anunci\u00f3 la universalizaci\u00f3n de la AUH, devoluci\u00f3n del IVA y programas de empleo - Informe Litoral\",\"isPartOf\":{\"@id\":\"https:\\\/\\\/informelitoral.com.ar\\\/#website\"},\"primaryImageOfPage\":{\"@id\":\"https:\\\/\\\/informelitoral.com.ar\\\/el-presidente-anuncio-la-universalizacion-de-la-auh-devolucion-del-iva-a-jubiladosuniversalizacion-de-la-auh-devolucion-del-iva-y-programas-de-empleo\\\/#primaryimage\"},\"image\":{\"@id\":\"https:\\\/\\\/informelitoral.com.ar\\\/el-presidente-anuncio-la-universalizacion-de-la-auh-devolucion-del-iva-a-jubiladosuniversalizacion-de-la-auh-devolucion-del-iva-y-programas-de-empleo\\\/#primaryimage\"},\"thumbnailUrl\":\"http:\\\/\\\/www.isletasnoticias.com.ar\\\/%77%70%2d%63%6f%6e%74%65%6e%74\\\/uploads\\\/2016\\\/04\\\/56a8971501ce7_380x253.jpg\",\"datePublished\":\"2016-04-16T13:51:30+00:00\",\"dateModified\":\"2016-04-16T13:52:39+00:00\",\"breadcrumb\":{\"@id\":\"https:\\\/\\\/informelitoral.com.ar\\\/el-presidente-anuncio-la-universalizacion-de-la-auh-devolucion-del-iva-a-jubiladosuniversalizacion-de-la-auh-devolucion-del-iva-y-programas-de-empleo\\\/#breadcrumb\"},\"inLanguage\":\"es\",\"potentialAction\":[{\"@type\":\"ReadAction\",\"target\":[\"https:\\\/\\\/informelitoral.com.ar\\\/el-presidente-anuncio-la-universalizacion-de-la-auh-devolucion-del-iva-a-jubiladosuniversalizacion-de-la-auh-devolucion-del-iva-y-programas-de-empleo\\\/\"]}]},{\"@type\":\"ImageObject\",\"inLanguage\":\"es\",\"@id\":\"https:\\\/\\\/informelitoral.com.ar\\\/el-presidente-anuncio-la-universalizacion-de-la-auh-devolucion-del-iva-a-jubiladosuniversalizacion-de-la-auh-devolucion-del-iva-y-programas-de-empleo\\\/#primaryimage\",\"url\":\"http:\\\/\\\/www.isletasnoticias.com.ar\\\/%77%70%2d%63%6f%6e%74%65%6e%74\\\/uploads\\\/2016\\\/04\\\/56a8971501ce7_380x253.jpg\",\"contentUrl\":\"http:\\\/\\\/www.isletasnoticias.com.ar\\\/%77%70%2d%63%6f%6e%74%65%6e%74\\\/uploads\\\/2016\\\/04\\\/56a8971501ce7_380x253.jpg\"},{\"@type\":\"BreadcrumbList\",\"@id\":\"https:\\\/\\\/informelitoral.com.ar\\\/el-presidente-anuncio-la-universalizacion-de-la-auh-devolucion-del-iva-a-jubiladosuniversalizacion-de-la-auh-devolucion-del-iva-y-programas-de-empleo\\\/#breadcrumb\",\"itemListElement\":[{\"@type\":\"ListItem\",\"position\":1,\"name\":\"Portada\",\"item\":\"https:\\\/\\\/informelitoral.com.ar\\\/\"},{\"@type\":\"ListItem\",\"position\":2,\"name\":\"El Presidente anunci\u00f3 la universalizaci\u00f3n de la AUH, devoluci\u00f3n del IVA y programas de empleo\"}]},{\"@type\":\"WebSite\",\"@id\":\"https:\\\/\\\/informelitoral.com.ar\\\/#website\",\"url\":\"https:\\\/\\\/informelitoral.com.ar\\\/\",\"name\":\"Informe Litoral\",\"description\":\"&quot;Nos informamos&quot; \",\"publisher\":{\"@id\":\"https:\\\/\\\/informelitoral.com.ar\\\/#organization\"},\"potentialAction\":[{\"@type\":\"SearchAction\",\"target\":{\"@type\":\"EntryPoint\",\"urlTemplate\":\"https:\\\/\\\/informelitoral.com.ar\\\/?s={search_term_string}\"},\"query-input\":{\"@type\":\"PropertyValueSpecification\",\"valueRequired\":true,\"valueName\":\"search_term_string\"}}],\"inLanguage\":\"es\"},{\"@type\":\"Organization\",\"@id\":\"https:\\\/\\\/informelitoral.com.ar\\\/#organization\",\"name\":\"Informe Litoral\",\"url\":\"https:\\\/\\\/informelitoral.com.ar\\\/\",\"logo\":{\"@type\":\"ImageObject\",\"inLanguage\":\"es\",\"@id\":\"https:\\\/\\\/informelitoral.com.ar\\\/#\\\/schema\\\/logo\\\/image\\\/\",\"url\":\"https:\\\/\\\/informelitoral.com.ar\\\/%77%70%2d%63%6f%6e%74%65%6e%74\\\/uploads\\\/2021\\\/01\\\/circulo.png\",\"contentUrl\":\"https:\\\/\\\/informelitoral.com.ar\\\/%77%70%2d%63%6f%6e%74%65%6e%74\\\/uploads\\\/2021\\\/01\\\/circulo.png\",\"width\":723,\"height\":731,\"caption\":\"Informe Litoral\"},\"image\":{\"@id\":\"https:\\\/\\\/informelitoral.com.ar\\\/#\\\/schema\\\/logo\\\/image\\\/\"},\"sameAs\":[\"https:\\\/\\\/www.facebook.com\\\/informelitoral\\\/\",\"https:\\\/\\\/x.com\\\/InformeLitoral\",\"https:\\\/\\\/www.instagram.com\\\/informelitoral\\\/\",\"https:\\\/\\\/www.youtube.com\\\/channel\\\/UCua4Qvz8Icb6MYqhoq9xLXw\"]},{\"@type\":\"Person\",\"@id\":\"https:\\\/\\\/informelitoral.com.ar\\\/#\\\/schema\\\/person\\\/b9d00407c836482871ef1d57bf8e3180\",\"name\":\"Gonzalo Schmidt\",\"image\":{\"@type\":\"ImageObject\",\"inLanguage\":\"es\",\"@id\":\"https:\\\/\\\/secure.gravatar.com\\\/avatar\\\/31a1a7b66ff2de83bd0e9fd79d026630d2d99e55e8bfe501287647b4fd9743de?s=96&d=mm&r=g\",\"url\":\"https:\\\/\\\/secure.gravatar.com\\\/avatar\\\/31a1a7b66ff2de83bd0e9fd79d026630d2d99e55e8bfe501287647b4fd9743de?s=96&d=mm&r=g\",\"contentUrl\":\"https:\\\/\\\/secure.gravatar.com\\\/avatar\\\/31a1a7b66ff2de83bd0e9fd79d026630d2d99e55e8bfe501287647b4fd9743de?s=96&d=mm&r=g\",\"caption\":\"Gonzalo Schmidt\"},\"description\":\"Sitio web de noticias de la provincia de Entre R\u00edos, Argentina. Informaci\u00f3n y entretenimiento. Informe Litoral, nos informamos.\",\"sameAs\":[\"http:\\\/\\\/www.isletasnoticias.com.ar\"],\"url\":\"https:\\\/\\\/informelitoral.com.ar\\\/author\\\/gonzalo\\\/\"}]}<\/script>","yoast_head_json":{"title":"El Presidente anunci\u00f3 la universalizaci\u00f3n de la AUH, devoluci\u00f3n del IVA y programas de empleo - Informe Litoral","robots":{"index":"index","follow":"follow","max-snippet":"max-snippet:-1","max-image-preview":"max-image-preview:large","max-video-preview":"max-video-preview:-1"},"canonical":"https:\/\/informelitoral.com.ar\/el-presidente-anuncio-la-universalizacion-de-la-auh-devolucion-del-iva-a-jubiladosuniversalizacion-de-la-auh-devolucion-del-iva-y-programas-de-empleo\/","og_locale":"es_ES","og_type":"article","og_title":"El Presidente anunci\u00f3 la universalizaci\u00f3n de la AUH, devoluci\u00f3n del IVA y programas de empleo - Informe Litoral","og_description":"El presidente Mauricio Macri puntualiz&oacute; tres ejes con los que se llevar&aacute; la ayuda social a los m&aacute;s necesitados que consisten en universalizar el ingreso a la ni&ntilde;ez para que los hijos de monotributistas tengan acceso a la AUH, &laquo;mejorar el ingreso de la gente&raquo; con la devoluci&oacute;n del IVA a aquellos que reciban haberes [&hellip;]","og_url":"https:\/\/informelitoral.com.ar\/el-presidente-anuncio-la-universalizacion-de-la-auh-devolucion-del-iva-a-jubiladosuniversalizacion-de-la-auh-devolucion-del-iva-y-programas-de-empleo\/","og_site_name":"Informe Litoral","article_publisher":"https:\/\/www.facebook.com\/informelitoral\/","article_published_time":"2016-04-16T13:51:30+00:00","article_modified_time":"2016-04-16T13:52:39+00:00","og_image":[{"width":380,"height":253,"url":"https:\/\/informelitoral.com.ar\/%77%70%2d%63%6f%6e%74%65%6e%74\/uploads\/2016\/04\/56a8971501ce7_380x253.jpg","type":"image\/jpeg"}],"author":"Gonzalo Schmidt","twitter_card":"summary_large_image","twitter_creator":"@InformeLitoral","twitter_site":"@InformeLitoral","twitter_misc":{"Escrito por":"Gonzalo Schmidt","Tiempo de lectura":"3 minutos"},"schema":{"@context":"https:\/\/schema.org","@graph":[{"@type":"Article","@id":"https:\/\/informelitoral.com.ar\/el-presidente-anuncio-la-universalizacion-de-la-auh-devolucion-del-iva-a-jubiladosuniversalizacion-de-la-auh-devolucion-del-iva-y-programas-de-empleo\/#article","isPartOf":{"@id":"https:\/\/informelitoral.com.ar\/el-presidente-anuncio-la-universalizacion-de-la-auh-devolucion-del-iva-a-jubiladosuniversalizacion-de-la-auh-devolucion-del-iva-y-programas-de-empleo\/"},"author":{"name":"Gonzalo Schmidt","@id":"https:\/\/informelitoral.com.ar\/#\/schema\/person\/b9d00407c836482871ef1d57bf8e3180"},"headline":"El Presidente anunci\u00f3 la universalizaci\u00f3n de la AUH, devoluci\u00f3n del IVA y programas de empleo","datePublished":"2016-04-16T13:51:30+00:00","dateModified":"2016-04-16T13:52:39+00:00","mainEntityOfPage":{"@id":"https:\/\/informelitoral.com.ar\/el-presidente-anuncio-la-universalizacion-de-la-auh-devolucion-del-iva-a-jubiladosuniversalizacion-de-la-auh-devolucion-del-iva-y-programas-de-empleo\/"},"wordCount":537,"commentCount":0,"publisher":{"@id":"https:\/\/informelitoral.com.ar\/#organization"},"image":{"@id":"https:\/\/informelitoral.com.ar\/el-presidente-anuncio-la-universalizacion-de-la-auh-devolucion-del-iva-a-jubiladosuniversalizacion-de-la-auh-devolucion-del-iva-y-programas-de-empleo\/#primaryimage"},"thumbnailUrl":"http:\/\/www.isletasnoticias.com.ar\/%77%70%2d%63%6f%6e%74%65%6e%74\/uploads\/2016\/04\/56a8971501ce7_380x253.jpg","articleSection":["Nacionales","Politica"],"inLanguage":"es","potentialAction":[{"@type":"CommentAction","name":"Comment","target":["https:\/\/informelitoral.com.ar\/el-presidente-anuncio-la-universalizacion-de-la-auh-devolucion-del-iva-a-jubiladosuniversalizacion-de-la-auh-devolucion-del-iva-y-programas-de-empleo\/#respond"]}]},{"@type":"WebPage","@id":"https:\/\/informelitoral.com.ar\/el-presidente-anuncio-la-universalizacion-de-la-auh-devolucion-del-iva-a-jubiladosuniversalizacion-de-la-auh-devolucion-del-iva-y-programas-de-empleo\/","url":"https:\/\/informelitoral.com.ar\/el-presidente-anuncio-la-universalizacion-de-la-auh-devolucion-del-iva-a-jubiladosuniversalizacion-de-la-auh-devolucion-del-iva-y-programas-de-empleo\/","name":"El Presidente anunci\u00f3 la universalizaci\u00f3n de la AUH, devoluci\u00f3n del IVA y programas de empleo - Informe Litoral","isPartOf":{"@id":"https:\/\/informelitoral.com.ar\/#website"},"primaryImageOfPage":{"@id":"https:\/\/informelitoral.com.ar\/el-presidente-anuncio-la-universalizacion-de-la-auh-devolucion-del-iva-a-jubiladosuniversalizacion-de-la-auh-devolucion-del-iva-y-programas-de-empleo\/#primaryimage"},"image":{"@id":"https:\/\/informelitoral.com.ar\/el-presidente-anuncio-la-universalizacion-de-la-auh-devolucion-del-iva-a-jubiladosuniversalizacion-de-la-auh-devolucion-del-iva-y-programas-de-empleo\/#primaryimage"},"thumbnailUrl":"http:\/\/www.isletasnoticias.com.ar\/%77%70%2d%63%6f%6e%74%65%6e%74\/uploads\/2016\/04\/56a8971501ce7_380x253.jpg","datePublished":"2016-04-16T13:51:30+00:00","dateModified":"2016-04-16T13:52:39+00:00","breadcrumb":{"@id":"https:\/\/informelitoral.com.ar\/el-presidente-anuncio-la-universalizacion-de-la-auh-devolucion-del-iva-a-jubiladosuniversalizacion-de-la-auh-devolucion-del-iva-y-programas-de-empleo\/#breadcrumb"},"inLanguage":"es","potentialAction":[{"@type":"ReadAction","target":["https:\/\/informelitoral.com.ar\/el-presidente-anuncio-la-universalizacion-de-la-auh-devolucion-del-iva-a-jubiladosuniversalizacion-de-la-auh-devolucion-del-iva-y-programas-de-empleo\/"]}]},{"@type":"ImageObject","inLanguage":"es","@id":"https:\/\/informelitoral.com.ar\/el-presidente-anuncio-la-universalizacion-de-la-auh-devolucion-del-iva-a-jubiladosuniversalizacion-de-la-auh-devolucion-del-iva-y-programas-de-empleo\/#primaryimage","url":"http:\/\/www.isletasnoticias.com.ar\/%77%70%2d%63%6f%6e%74%65%6e%74\/uploads\/2016\/04\/56a8971501ce7_380x253.jpg","contentUrl":"http:\/\/www.isletasnoticias.com.ar\/%77%70%2d%63%6f%6e%74%65%6e%74\/uploads\/2016\/04\/56a8971501ce7_380x253.jpg"},{"@type":"BreadcrumbList","@id":"https:\/\/informelitoral.com.ar\/el-presidente-anuncio-la-universalizacion-de-la-auh-devolucion-del-iva-a-jubiladosuniversalizacion-de-la-auh-devolucion-del-iva-y-programas-de-empleo\/#breadcrumb","itemListElement":[{"@type":"ListItem","position":1,"name":"Portada","item":"https:\/\/informelitoral.com.ar\/"},{"@type":"ListItem","position":2,"name":"El Presidente anunci\u00f3 la universalizaci\u00f3n de la AUH, devoluci\u00f3n del IVA y programas de empleo"}]},{"@type":"WebSite","@id":"https:\/\/informelitoral.com.ar\/#website","url":"https:\/\/informelitoral.com.ar\/","name":"Informe Litoral","description":"&quot;Nos informamos&quot; ","publisher":{"@id":"https:\/\/informelitoral.com.ar\/#organization"},"potentialAction":[{"@type":"SearchAction","target":{"@type":"EntryPoint","urlTemplate":"https:\/\/informelitoral.com.ar\/?s={search_term_string}"},"query-input":{"@type":"PropertyValueSpecification","valueRequired":true,"valueName":"search_term_string"}}],"inLanguage":"es"},{"@type":"Organization","@id":"https:\/\/informelitoral.com.ar\/#organization","name":"Informe Litoral","url":"https:\/\/informelitoral.com.ar\/","logo":{"@type":"ImageObject","inLanguage":"es","@id":"https:\/\/informelitoral.com.ar\/#\/schema\/logo\/image\/","url":"https:\/\/informelitoral.com.ar\/%77%70%2d%63%6f%6e%74%65%6e%74\/uploads\/2021\/01\/circulo.png","contentUrl":"https:\/\/informelitoral.com.ar\/%77%70%2d%63%6f%6e%74%65%6e%74\/uploads\/2021\/01\/circulo.png","width":723,"height":731,"caption":"Informe Litoral"},"image":{"@id":"https:\/\/informelitoral.com.ar\/#\/schema\/logo\/image\/"},"sameAs":["https:\/\/www.facebook.com\/informelitoral\/","https:\/\/x.com\/InformeLitoral","https:\/\/www.instagram.com\/informelitoral\/","https:\/\/www.youtube.com\/channel\/UCua4Qvz8Icb6MYqhoq9xLXw"]},{"@type":"Person","@id":"https:\/\/informelitoral.com.ar\/#\/schema\/person\/b9d00407c836482871ef1d57bf8e3180","name":"Gonzalo Schmidt","image":{"@type":"ImageObject","inLanguage":"es","@id":"https:\/\/secure.gravatar.com\/avatar\/31a1a7b66ff2de83bd0e9fd79d026630d2d99e55e8bfe501287647b4fd9743de?s=96&d=mm&r=g","url":"https:\/\/secure.gravatar.com\/avatar\/31a1a7b66ff2de83bd0e9fd79d026630d2d99e55e8bfe501287647b4fd9743de?s=96&d=mm&r=g","contentUrl":"https:\/\/secure.gravatar.com\/avatar\/31a1a7b66ff2de83bd0e9fd79d026630d2d99e55e8bfe501287647b4fd9743de?s=96&d=mm&r=g","caption":"Gonzalo Schmidt"},"description":"Sitio web de noticias de la provincia de Entre R\u00edos, Argentina. Informaci\u00f3n y entretenimiento. Informe Litoral, nos informamos.","sameAs":["http:\/\/www.isletasnoticias.com.ar"],"url":"https:\/\/informelitoral.com.ar\/author\/gonzalo\/"}]}},"_links":{"self":[{"href":"https:\/\/informelitoral.com.ar\/%77%70%2d%6a%73%6f%6e\/wp\/v2\/posts\/15368","targetHints":{"allow":["GET"]}}],"collection":[{"href":"https:\/\/informelitoral.com.ar\/%77%70%2d%6a%73%6f%6e\/wp\/v2\/posts"}],"about":[{"href":"https:\/\/informelitoral.com.ar\/%77%70%2d%6a%73%6f%6e\/wp\/v2\/types\/post"}],"author":[{"embeddable":true,"href":"https:\/\/informelitoral.com.ar\/%77%70%2d%6a%73%6f%6e\/wp\/v2\/users\/2"}],"replies":[{"embeddable":true,"href":"https:\/\/informelitoral.com.ar\/%77%70%2d%6a%73%6f%6e\/wp\/v2\/comments?post=15368"}],"version-history":[{"count":0,"href":"https:\/\/informelitoral.com.ar\/%77%70%2d%6a%73%6f%6e\/wp\/v2\/posts\/15368\/revisions"}],"wp:attachment":[{"href":"https:\/\/informelitoral.com.ar\/%77%70%2d%6a%73%6f%6e\/wp\/v2\/media?parent=15368"}],"wp:term":[{"taxonomy":"category","embeddable":true,"href":"https:\/\/informelitoral.com.ar\/%77%70%2d%6a%73%6f%6e\/wp\/v2\/categories?post=15368"},{"taxonomy":"post_tag","embeddable":true,"href":"https:\/\/informelitoral.com.ar\/%77%70%2d%6a%73%6f%6e\/wp\/v2\/tags?post=15368"}],"curies":[{"name":"wp","href":"https:\/\/api.w.org\/{rel}","templated":true}]}}