{"id":15365,"date":"2016-04-16T10:27:55","date_gmt":"2016-04-16T13:27:55","guid":{"rendered":"http:\/\/www.isletasnoticias.com.ar\/?p=15365"},"modified":"2016-04-16T10:27:55","modified_gmt":"2016-04-16T13:27:55","slug":"capital-federal-cuatro-jovenes-murieron-en-una-fiesta-electronica","status":"publish","type":"post","link":"https:\/\/informelitoral.com.ar\/capital-federal-cuatro-jovenes-murieron-en-una-fiesta-electronica\/","title":{"rendered":"Capital Federal: cuatro j\u00f3venes murieron en una fiesta electr\u00f3nica"},"content":{"rendered":"<p><strong>Lo confirm\u00f3 el titular del SAME, <em>Alberto Crescenti.<\/em> Las v\u00edctimas ten\u00edan entre 21 y 25 a\u00f1os. Hay otros cuatro internados en estado de inconciencia. \u00abLa autopsia determinar\u00e1 qu\u00e9 tipo de sustancias ingirieron\u00bb, dijo.<a href=\"http:\/\/www.isletasnoticias.com.ar\/%77%70%2d%63%6f%6e%74%65%6e%74\/uploads\/2016\/04\/0014600784.jpg\" rel=\"attachment wp-att-15366\"><img loading=\"lazy\" decoding=\"async\" class=\"aligncenter wp-image-15366 size-full\" src=\"http:\/\/www.isletasnoticias.com.ar\/%77%70%2d%63%6f%6e%74%65%6e%74\/uploads\/2016\/04\/0014600784.jpg\" alt=\"0014600784\" width=\"770\" height=\"433\" srcset=\"https:\/\/informelitoral.com.ar\/%77%70%2d%63%6f%6e%74%65%6e%74\/uploads\/2016\/04\/0014600784.jpg 770w, https:\/\/informelitoral.com.ar\/%77%70%2d%63%6f%6e%74%65%6e%74\/uploads\/2016\/04\/0014600784-300x169.jpg 300w, https:\/\/informelitoral.com.ar\/%77%70%2d%63%6f%6e%74%65%6e%74\/uploads\/2016\/04\/0014600784-768x432.jpg 768w\" sizes=\"auto, (max-width: 770px) 100vw, 770px\" \/><\/a><\/strong><\/p>\n<p>Cuatro j\u00f3venes murieron esta madrugada durante una fiesta electr\u00f3nica conocida como Time Warp, realizada en el complejo Costa Salguero de esta Capital Federal. Seg\u00fan inform\u00f3 el titular del SAME, Alberto Crescenti, las personas fallecidas ten\u00edan entre 21 y 25 a\u00f1os y habr\u00edan ingerido alg\u00fan tipo de sustancia, aunque esto ser\u00e1 corroborado una vez realizadas las autopsias.<\/p>\n<p>Otros cinco j\u00f3venes se encuentran internados, cuatro de ellos en el Hospital Fern\u00e1ndez , uno en el Argerich y otro en el Rivadavia, todos en estado inconsciente. Presentan un cuadro de intoxicaci\u00f3n aguda.<b> \u00abEst\u00e1n en grav\u00edsimo estado, con asistencia respiratoria mec\u00e1nica\u00bb<\/b>, indic\u00f3 Crescenti en di\u00e1logo con el canal <i>Cr\u00f3nica. <\/i><\/p>\n<p>Adem\u00e1s, indic\u00f3 que las personas afectadas, que habr\u00edan consumido drogas en exceso, presentan alrededor de \u00ab42 grados de temperatura\u00bb.<\/p>\n<p>Seg\u00fan Crescenti, \u00abtodo el equipo del departamento de urgencia del Fern\u00e1ndez trabaja para tratar de sacar del cuadro\u00bb a los heridos, tres hombres y una mujer. Y agreg\u00f3 que la intoxicaci\u00f3n que sufrieron deriva en \u00abpatolog\u00edas graves, porque empieza a elevar la temperatura corporal, son pacientes con 42 grados de t\u00e9rmicas y arritmias card\u00edacas\u00bb.<\/p>\n<p>Cerca de las 8 de la ma\u00f1ana, unas <b>siete ambulancias<\/b> llegaron al lugar, ubicado en la avenida Rafael<br \/>\nObligado 1221, en la costanera norte de la ciudad. para asistir a los intoxicados. Seg\u00fan se inform\u00f3, al llegar la asistencia m\u00e9dica las personas fallecidas se encontraban en el interior del predio. El lugar ya fue desalojado, aunque permanecen trabajando personal de Gendarmer\u00eda Nacional y peritos.<\/p>\n<p>Entre 4 mil y 5 mil personas participaron anoche de la fiesta, que estaba convocada para este viernes 16 y s\u00e1bado 17. Seg\u00fan pudo saber <b>Infobae<\/b>, los tres pabellones designados para el evento no daban abasto para albergar a la cantidad de asistentes, algunos de los cuales se\u00f1alaron que<b> \u00abno se pod\u00eda respirar\u00bb<\/b>. El en el lugar hab\u00edan sido emplazados con <b>ba\u00f1os qu\u00edmicos<\/b> y contaba con<b> \u00abpuestos de hidrataci\u00f3n\u00bb <\/b>gratutos.<\/p>\n<p>La fiesta que se desarroll\u00f3 en el d\u00eda de ayer es conocida como Time Warp (distorsi\u00f3n del tiempo y el espacio), nacida en Alemania hace 20 a\u00f1os y replicada internacionalmente. Se trata de una fiesta indoor donde act\u00faan varios dj-s que pasan m\u00fasica electr\u00f3nica. Es la tercera vez que se organiza en nuestro pa\u00eds, donde asiste gran cantidad de p\u00fablico, entre ellos artistas y famosos.<\/p>\n<p>La fiesta Time Warp es uno de los eventos m\u00e1s importantes de este g\u00e9nero, donde predomina la m\u00fasica en combinaci\u00f3n con la ambientaci\u00f3n e iluminaci\u00f3n. Las entradas ten\u00edan un valor promedio de 600 pesos, y contaba con un sistema de ambulancias privadas, aunque los organizadores debieron recurrir al SAME, que envi\u00f3 sus propias unidades. <em>(Infobae)<\/em><\/p>\n","protected":false},"excerpt":{"rendered":"<p>Lo confirm&oacute; el titular del SAME, Alberto Crescenti. Las v&iacute;ctimas ten&iacute;an entre 21 y 25 a&ntilde;os. Hay otros cuatro internados en estado de inconciencia. &laquo;La autopsia determinar&aacute; qu&eacute; tipo de sustancias ingirieron&raquo;, dijo. Cuatro j&oacute;venes murieron esta madrugada durante una fiesta electr&oacute;nica conocida como Time Warp, realizada en el complejo Costa Salguero de esta Capital [&hellip;]<\/p>\n","protected":false},"author":2,"featured_media":0,"comment_status":"open","ping_status":"open","sticky":false,"template":"","format":"standard","meta":{"fifu_image_url":"","fifu_image_alt":"","footnotes":""},"categories":[7,9],"tags":[],"class_list":{"0":"post-15365","1":"post","2":"type-post","3":"status-publish","4":"format-standard","6":"category-nacionales","7":"category-sociedad"},"yoast_head":"<title>Capital Federal: cuatro j\u00f3venes murieron en una fiesta electr\u00f3nica - Informe Litoral<\/title>\n<meta name=\"robots\" content=\"index, follow, max-snippet:-1, max-image-preview:large, max-video-preview:-1\" \/>\n<link rel=\"canonical\" href=\"https:\/\/informelitoral.com.ar\/capital-federal-cuatro-jovenes-murieron-en-una-fiesta-electronica\/\" \/>\n<meta property=\"og:locale\" content=\"es_ES\" \/>\n<meta property=\"og:type\" content=\"article\" \/>\n<meta property=\"og:title\" content=\"Capital Federal: cuatro j\u00f3venes murieron en una fiesta electr\u00f3nica - Informe Litoral\" \/>\n<meta property=\"og:description\" content=\"Lo confirm&oacute; el titular del SAME, Alberto Crescenti. Las v&iacute;ctimas ten&iacute;an entre 21 y 25 a&ntilde;os. Hay otros cuatro internados en estado de inconciencia. &laquo;La autopsia determinar&aacute; qu&eacute; tipo de sustancias ingirieron&raquo;, dijo. Cuatro j&oacute;venes murieron esta madrugada durante una fiesta electr&oacute;nica conocida como Time Warp, realizada en el complejo Costa Salguero de esta Capital [&hellip;]\" \/>\n<meta property=\"og:url\" content=\"https:\/\/informelitoral.com.ar\/capital-federal-cuatro-jovenes-murieron-en-una-fiesta-electronica\/\" \/>\n<meta property=\"og:site_name\" content=\"Informe Litoral\" \/>\n<meta property=\"article:publisher\" content=\"https:\/\/www.facebook.com\/informelitoral\/\" \/>\n<meta property=\"article:published_time\" content=\"2016-04-16T13:27:55+00:00\" \/>\n<meta property=\"og:image\" content=\"https:\/\/informelitoral.com.ar\/%77%70%2d%63%6f%6e%74%65%6e%74\/uploads\/2016\/04\/0014600784.jpg\" \/>\n\t<meta property=\"og:image:width\" content=\"770\" \/>\n\t<meta property=\"og:image:height\" content=\"433\" \/>\n\t<meta property=\"og:image:type\" content=\"image\/jpeg\" \/>\n<meta name=\"author\" content=\"Gonzalo Schmidt\" \/>\n<meta name=\"twitter:card\" content=\"summary_large_image\" \/>\n<meta name=\"twitter:creator\" content=\"@InformeLitoral\" \/>\n<meta name=\"twitter:site\" content=\"@InformeLitoral\" \/>\n<meta name=\"twitter:label1\" content=\"Escrito por\" \/>\n\t<meta name=\"twitter:data1\" content=\"Gonzalo Schmidt\" \/>\n\t<meta name=\"twitter:label2\" content=\"Tiempo de lectura\" \/>\n\t<meta name=\"twitter:data2\" content=\"3 minutos\" \/>\n<script type=\"application\/ld+json\" class=\"yoast-schema-graph\">{\"@context\":\"https:\\\/\\\/schema.org\",\"@graph\":[{\"@type\":\"Article\",\"@id\":\"https:\\\/\\\/informelitoral.com.ar\\\/capital-federal-cuatro-jovenes-murieron-en-una-fiesta-electronica\\\/#article\",\"isPartOf\":{\"@id\":\"https:\\\/\\\/informelitoral.com.ar\\\/capital-federal-cuatro-jovenes-murieron-en-una-fiesta-electronica\\\/\"},\"author\":{\"name\":\"Gonzalo Schmidt\",\"@id\":\"https:\\\/\\\/informelitoral.com.ar\\\/#\\\/schema\\\/person\\\/b9d00407c836482871ef1d57bf8e3180\"},\"headline\":\"Capital Federal: cuatro j\u00f3venes murieron en una fiesta electr\u00f3nica\",\"datePublished\":\"2016-04-16T13:27:55+00:00\",\"mainEntityOfPage\":{\"@id\":\"https:\\\/\\\/informelitoral.com.ar\\\/capital-federal-cuatro-jovenes-murieron-en-una-fiesta-electronica\\\/\"},\"wordCount\":514,\"commentCount\":0,\"publisher\":{\"@id\":\"https:\\\/\\\/informelitoral.com.ar\\\/#organization\"},\"image\":{\"@id\":\"https:\\\/\\\/informelitoral.com.ar\\\/capital-federal-cuatro-jovenes-murieron-en-una-fiesta-electronica\\\/#primaryimage\"},\"thumbnailUrl\":\"http:\\\/\\\/www.isletasnoticias.com.ar\\\/%77%70%2d%63%6f%6e%74%65%6e%74\\\/uploads\\\/2016\\\/04\\\/0014600784.jpg\",\"articleSection\":[\"Nacionales\",\"Sociedad\"],\"inLanguage\":\"es\",\"potentialAction\":[{\"@type\":\"CommentAction\",\"name\":\"Comment\",\"target\":[\"https:\\\/\\\/informelitoral.com.ar\\\/capital-federal-cuatro-jovenes-murieron-en-una-fiesta-electronica\\\/#respond\"]}]},{\"@type\":\"WebPage\",\"@id\":\"https:\\\/\\\/informelitoral.com.ar\\\/capital-federal-cuatro-jovenes-murieron-en-una-fiesta-electronica\\\/\",\"url\":\"https:\\\/\\\/informelitoral.com.ar\\\/capital-federal-cuatro-jovenes-murieron-en-una-fiesta-electronica\\\/\",\"name\":\"Capital Federal: cuatro j\u00f3venes murieron en una fiesta electr\u00f3nica - Informe Litoral\",\"isPartOf\":{\"@id\":\"https:\\\/\\\/informelitoral.com.ar\\\/#website\"},\"primaryImageOfPage\":{\"@id\":\"https:\\\/\\\/informelitoral.com.ar\\\/capital-federal-cuatro-jovenes-murieron-en-una-fiesta-electronica\\\/#primaryimage\"},\"image\":{\"@id\":\"https:\\\/\\\/informelitoral.com.ar\\\/capital-federal-cuatro-jovenes-murieron-en-una-fiesta-electronica\\\/#primaryimage\"},\"thumbnailUrl\":\"http:\\\/\\\/www.isletasnoticias.com.ar\\\/%77%70%2d%63%6f%6e%74%65%6e%74\\\/uploads\\\/2016\\\/04\\\/0014600784.jpg\",\"datePublished\":\"2016-04-16T13:27:55+00:00\",\"breadcrumb\":{\"@id\":\"https:\\\/\\\/informelitoral.com.ar\\\/capital-federal-cuatro-jovenes-murieron-en-una-fiesta-electronica\\\/#breadcrumb\"},\"inLanguage\":\"es\",\"potentialAction\":[{\"@type\":\"ReadAction\",\"target\":[\"https:\\\/\\\/informelitoral.com.ar\\\/capital-federal-cuatro-jovenes-murieron-en-una-fiesta-electronica\\\/\"]}]},{\"@type\":\"ImageObject\",\"inLanguage\":\"es\",\"@id\":\"https:\\\/\\\/informelitoral.com.ar\\\/capital-federal-cuatro-jovenes-murieron-en-una-fiesta-electronica\\\/#primaryimage\",\"url\":\"http:\\\/\\\/www.isletasnoticias.com.ar\\\/%77%70%2d%63%6f%6e%74%65%6e%74\\\/uploads\\\/2016\\\/04\\\/0014600784.jpg\",\"contentUrl\":\"http:\\\/\\\/www.isletasnoticias.com.ar\\\/%77%70%2d%63%6f%6e%74%65%6e%74\\\/uploads\\\/2016\\\/04\\\/0014600784.jpg\"},{\"@type\":\"BreadcrumbList\",\"@id\":\"https:\\\/\\\/informelitoral.com.ar\\\/capital-federal-cuatro-jovenes-murieron-en-una-fiesta-electronica\\\/#breadcrumb\",\"itemListElement\":[{\"@type\":\"ListItem\",\"position\":1,\"name\":\"Portada\",\"item\":\"https:\\\/\\\/informelitoral.com.ar\\\/\"},{\"@type\":\"ListItem\",\"position\":2,\"name\":\"Capital Federal: cuatro j\u00f3venes murieron en una fiesta electr\u00f3nica\"}]},{\"@type\":\"WebSite\",\"@id\":\"https:\\\/\\\/informelitoral.com.ar\\\/#website\",\"url\":\"https:\\\/\\\/informelitoral.com.ar\\\/\",\"name\":\"Informe Litoral\",\"description\":\"&quot;Nos informamos&quot; \",\"publisher\":{\"@id\":\"https:\\\/\\\/informelitoral.com.ar\\\/#organization\"},\"potentialAction\":[{\"@type\":\"SearchAction\",\"target\":{\"@type\":\"EntryPoint\",\"urlTemplate\":\"https:\\\/\\\/informelitoral.com.ar\\\/?s={search_term_string}\"},\"query-input\":{\"@type\":\"PropertyValueSpecification\",\"valueRequired\":true,\"valueName\":\"search_term_string\"}}],\"inLanguage\":\"es\"},{\"@type\":\"Organization\",\"@id\":\"https:\\\/\\\/informelitoral.com.ar\\\/#organization\",\"name\":\"Informe Litoral\",\"url\":\"https:\\\/\\\/informelitoral.com.ar\\\/\",\"logo\":{\"@type\":\"ImageObject\",\"inLanguage\":\"es\",\"@id\":\"https:\\\/\\\/informelitoral.com.ar\\\/#\\\/schema\\\/logo\\\/image\\\/\",\"url\":\"https:\\\/\\\/informelitoral.com.ar\\\/%77%70%2d%63%6f%6e%74%65%6e%74\\\/uploads\\\/2021\\\/01\\\/circulo.png\",\"contentUrl\":\"https:\\\/\\\/informelitoral.com.ar\\\/%77%70%2d%63%6f%6e%74%65%6e%74\\\/uploads\\\/2021\\\/01\\\/circulo.png\",\"width\":723,\"height\":731,\"caption\":\"Informe Litoral\"},\"image\":{\"@id\":\"https:\\\/\\\/informelitoral.com.ar\\\/#\\\/schema\\\/logo\\\/image\\\/\"},\"sameAs\":[\"https:\\\/\\\/www.facebook.com\\\/informelitoral\\\/\",\"https:\\\/\\\/x.com\\\/InformeLitoral\",\"https:\\\/\\\/www.instagram.com\\\/informelitoral\\\/\",\"https:\\\/\\\/www.youtube.com\\\/channel\\\/UCua4Qvz8Icb6MYqhoq9xLXw\"]},{\"@type\":\"Person\",\"@id\":\"https:\\\/\\\/informelitoral.com.ar\\\/#\\\/schema\\\/person\\\/b9d00407c836482871ef1d57bf8e3180\",\"name\":\"Gonzalo Schmidt\",\"image\":{\"@type\":\"ImageObject\",\"inLanguage\":\"es\",\"@id\":\"https:\\\/\\\/secure.gravatar.com\\\/avatar\\\/31a1a7b66ff2de83bd0e9fd79d026630d2d99e55e8bfe501287647b4fd9743de?s=96&d=mm&r=g\",\"url\":\"https:\\\/\\\/secure.gravatar.com\\\/avatar\\\/31a1a7b66ff2de83bd0e9fd79d026630d2d99e55e8bfe501287647b4fd9743de?s=96&d=mm&r=g\",\"contentUrl\":\"https:\\\/\\\/secure.gravatar.com\\\/avatar\\\/31a1a7b66ff2de83bd0e9fd79d026630d2d99e55e8bfe501287647b4fd9743de?s=96&d=mm&r=g\",\"caption\":\"Gonzalo Schmidt\"},\"description\":\"Sitio web de noticias de la provincia de Entre R\u00edos, Argentina. Informaci\u00f3n y entretenimiento. Informe Litoral, nos informamos.\",\"sameAs\":[\"http:\\\/\\\/www.isletasnoticias.com.ar\"],\"url\":\"https:\\\/\\\/informelitoral.com.ar\\\/author\\\/gonzalo\\\/\"}]}<\/script>","yoast_head_json":{"title":"Capital Federal: cuatro j\u00f3venes murieron en una fiesta electr\u00f3nica - Informe Litoral","robots":{"index":"index","follow":"follow","max-snippet":"max-snippet:-1","max-image-preview":"max-image-preview:large","max-video-preview":"max-video-preview:-1"},"canonical":"https:\/\/informelitoral.com.ar\/capital-federal-cuatro-jovenes-murieron-en-una-fiesta-electronica\/","og_locale":"es_ES","og_type":"article","og_title":"Capital Federal: cuatro j\u00f3venes murieron en una fiesta electr\u00f3nica - Informe Litoral","og_description":"Lo confirm&oacute; el titular del SAME, Alberto Crescenti. Las v&iacute;ctimas ten&iacute;an entre 21 y 25 a&ntilde;os. Hay otros cuatro internados en estado de inconciencia. &laquo;La autopsia determinar&aacute; qu&eacute; tipo de sustancias ingirieron&raquo;, dijo. Cuatro j&oacute;venes murieron esta madrugada durante una fiesta electr&oacute;nica conocida como Time Warp, realizada en el complejo Costa Salguero de esta Capital [&hellip;]","og_url":"https:\/\/informelitoral.com.ar\/capital-federal-cuatro-jovenes-murieron-en-una-fiesta-electronica\/","og_site_name":"Informe Litoral","article_publisher":"https:\/\/www.facebook.com\/informelitoral\/","article_published_time":"2016-04-16T13:27:55+00:00","og_image":[{"width":770,"height":433,"url":"https:\/\/informelitoral.com.ar\/%77%70%2d%63%6f%6e%74%65%6e%74\/uploads\/2016\/04\/0014600784.jpg","type":"image\/jpeg"}],"author":"Gonzalo Schmidt","twitter_card":"summary_large_image","twitter_creator":"@InformeLitoral","twitter_site":"@InformeLitoral","twitter_misc":{"Escrito por":"Gonzalo Schmidt","Tiempo de lectura":"3 minutos"},"schema":{"@context":"https:\/\/schema.org","@graph":[{"@type":"Article","@id":"https:\/\/informelitoral.com.ar\/capital-federal-cuatro-jovenes-murieron-en-una-fiesta-electronica\/#article","isPartOf":{"@id":"https:\/\/informelitoral.com.ar\/capital-federal-cuatro-jovenes-murieron-en-una-fiesta-electronica\/"},"author":{"name":"Gonzalo Schmidt","@id":"https:\/\/informelitoral.com.ar\/#\/schema\/person\/b9d00407c836482871ef1d57bf8e3180"},"headline":"Capital Federal: cuatro j\u00f3venes murieron en una fiesta electr\u00f3nica","datePublished":"2016-04-16T13:27:55+00:00","mainEntityOfPage":{"@id":"https:\/\/informelitoral.com.ar\/capital-federal-cuatro-jovenes-murieron-en-una-fiesta-electronica\/"},"wordCount":514,"commentCount":0,"publisher":{"@id":"https:\/\/informelitoral.com.ar\/#organization"},"image":{"@id":"https:\/\/informelitoral.com.ar\/capital-federal-cuatro-jovenes-murieron-en-una-fiesta-electronica\/#primaryimage"},"thumbnailUrl":"http:\/\/www.isletasnoticias.com.ar\/%77%70%2d%63%6f%6e%74%65%6e%74\/uploads\/2016\/04\/0014600784.jpg","articleSection":["Nacionales","Sociedad"],"inLanguage":"es","potentialAction":[{"@type":"CommentAction","name":"Comment","target":["https:\/\/informelitoral.com.ar\/capital-federal-cuatro-jovenes-murieron-en-una-fiesta-electronica\/#respond"]}]},{"@type":"WebPage","@id":"https:\/\/informelitoral.com.ar\/capital-federal-cuatro-jovenes-murieron-en-una-fiesta-electronica\/","url":"https:\/\/informelitoral.com.ar\/capital-federal-cuatro-jovenes-murieron-en-una-fiesta-electronica\/","name":"Capital Federal: cuatro j\u00f3venes murieron en una fiesta electr\u00f3nica - Informe Litoral","isPartOf":{"@id":"https:\/\/informelitoral.com.ar\/#website"},"primaryImageOfPage":{"@id":"https:\/\/informelitoral.com.ar\/capital-federal-cuatro-jovenes-murieron-en-una-fiesta-electronica\/#primaryimage"},"image":{"@id":"https:\/\/informelitoral.com.ar\/capital-federal-cuatro-jovenes-murieron-en-una-fiesta-electronica\/#primaryimage"},"thumbnailUrl":"http:\/\/www.isletasnoticias.com.ar\/%77%70%2d%63%6f%6e%74%65%6e%74\/uploads\/2016\/04\/0014600784.jpg","datePublished":"2016-04-16T13:27:55+00:00","breadcrumb":{"@id":"https:\/\/informelitoral.com.ar\/capital-federal-cuatro-jovenes-murieron-en-una-fiesta-electronica\/#breadcrumb"},"inLanguage":"es","potentialAction":[{"@type":"ReadAction","target":["https:\/\/informelitoral.com.ar\/capital-federal-cuatro-jovenes-murieron-en-una-fiesta-electronica\/"]}]},{"@type":"ImageObject","inLanguage":"es","@id":"https:\/\/informelitoral.com.ar\/capital-federal-cuatro-jovenes-murieron-en-una-fiesta-electronica\/#primaryimage","url":"http:\/\/www.isletasnoticias.com.ar\/%77%70%2d%63%6f%6e%74%65%6e%74\/uploads\/2016\/04\/0014600784.jpg","contentUrl":"http:\/\/www.isletasnoticias.com.ar\/%77%70%2d%63%6f%6e%74%65%6e%74\/uploads\/2016\/04\/0014600784.jpg"},{"@type":"BreadcrumbList","@id":"https:\/\/informelitoral.com.ar\/capital-federal-cuatro-jovenes-murieron-en-una-fiesta-electronica\/#breadcrumb","itemListElement":[{"@type":"ListItem","position":1,"name":"Portada","item":"https:\/\/informelitoral.com.ar\/"},{"@type":"ListItem","position":2,"name":"Capital Federal: cuatro j\u00f3venes murieron en una fiesta electr\u00f3nica"}]},{"@type":"WebSite","@id":"https:\/\/informelitoral.com.ar\/#website","url":"https:\/\/informelitoral.com.ar\/","name":"Informe Litoral","description":"&quot;Nos informamos&quot; ","publisher":{"@id":"https:\/\/informelitoral.com.ar\/#organization"},"potentialAction":[{"@type":"SearchAction","target":{"@type":"EntryPoint","urlTemplate":"https:\/\/informelitoral.com.ar\/?s={search_term_string}"},"query-input":{"@type":"PropertyValueSpecification","valueRequired":true,"valueName":"search_term_string"}}],"inLanguage":"es"},{"@type":"Organization","@id":"https:\/\/informelitoral.com.ar\/#organization","name":"Informe Litoral","url":"https:\/\/informelitoral.com.ar\/","logo":{"@type":"ImageObject","inLanguage":"es","@id":"https:\/\/informelitoral.com.ar\/#\/schema\/logo\/image\/","url":"https:\/\/informelitoral.com.ar\/%77%70%2d%63%6f%6e%74%65%6e%74\/uploads\/2021\/01\/circulo.png","contentUrl":"https:\/\/informelitoral.com.ar\/%77%70%2d%63%6f%6e%74%65%6e%74\/uploads\/2021\/01\/circulo.png","width":723,"height":731,"caption":"Informe Litoral"},"image":{"@id":"https:\/\/informelitoral.com.ar\/#\/schema\/logo\/image\/"},"sameAs":["https:\/\/www.facebook.com\/informelitoral\/","https:\/\/x.com\/InformeLitoral","https:\/\/www.instagram.com\/informelitoral\/","https:\/\/www.youtube.com\/channel\/UCua4Qvz8Icb6MYqhoq9xLXw"]},{"@type":"Person","@id":"https:\/\/informelitoral.com.ar\/#\/schema\/person\/b9d00407c836482871ef1d57bf8e3180","name":"Gonzalo Schmidt","image":{"@type":"ImageObject","inLanguage":"es","@id":"https:\/\/secure.gravatar.com\/avatar\/31a1a7b66ff2de83bd0e9fd79d026630d2d99e55e8bfe501287647b4fd9743de?s=96&d=mm&r=g","url":"https:\/\/secure.gravatar.com\/avatar\/31a1a7b66ff2de83bd0e9fd79d026630d2d99e55e8bfe501287647b4fd9743de?s=96&d=mm&r=g","contentUrl":"https:\/\/secure.gravatar.com\/avatar\/31a1a7b66ff2de83bd0e9fd79d026630d2d99e55e8bfe501287647b4fd9743de?s=96&d=mm&r=g","caption":"Gonzalo Schmidt"},"description":"Sitio web de noticias de la provincia de Entre R\u00edos, Argentina. Informaci\u00f3n y entretenimiento. Informe Litoral, nos informamos.","sameAs":["http:\/\/www.isletasnoticias.com.ar"],"url":"https:\/\/informelitoral.com.ar\/author\/gonzalo\/"}]}},"_links":{"self":[{"href":"https:\/\/informelitoral.com.ar\/%77%70%2d%6a%73%6f%6e\/wp\/v2\/posts\/15365","targetHints":{"allow":["GET"]}}],"collection":[{"href":"https:\/\/informelitoral.com.ar\/%77%70%2d%6a%73%6f%6e\/wp\/v2\/posts"}],"about":[{"href":"https:\/\/informelitoral.com.ar\/%77%70%2d%6a%73%6f%6e\/wp\/v2\/types\/post"}],"author":[{"embeddable":true,"href":"https:\/\/informelitoral.com.ar\/%77%70%2d%6a%73%6f%6e\/wp\/v2\/users\/2"}],"replies":[{"embeddable":true,"href":"https:\/\/informelitoral.com.ar\/%77%70%2d%6a%73%6f%6e\/wp\/v2\/comments?post=15365"}],"version-history":[{"count":0,"href":"https:\/\/informelitoral.com.ar\/%77%70%2d%6a%73%6f%6e\/wp\/v2\/posts\/15365\/revisions"}],"wp:attachment":[{"href":"https:\/\/informelitoral.com.ar\/%77%70%2d%6a%73%6f%6e\/wp\/v2\/media?parent=15365"}],"wp:term":[{"taxonomy":"category","embeddable":true,"href":"https:\/\/informelitoral.com.ar\/%77%70%2d%6a%73%6f%6e\/wp\/v2\/categories?post=15365"},{"taxonomy":"post_tag","embeddable":true,"href":"https:\/\/informelitoral.com.ar\/%77%70%2d%6a%73%6f%6e\/wp\/v2\/tags?post=15365"}],"curies":[{"name":"wp","href":"https:\/\/api.w.org\/{rel}","templated":true}]}}