{"id":15352,"date":"2016-04-15T17:26:05","date_gmt":"2016-04-15T20:26:05","guid":{"rendered":"http:\/\/www.isletasnoticias.com.ar\/?p=15352"},"modified":"2016-04-15T17:26:05","modified_gmt":"2016-04-15T20:26:05","slug":"quien-es-jorge-chueco-el-abogado-desaparecido-vinculado-con-lazaro-baez","status":"publish","type":"post","link":"https:\/\/informelitoral.com.ar\/quien-es-jorge-chueco-el-abogado-desaparecido-vinculado-con-lazaro-baez\/","title":{"rendered":"Qui\u00e9n es Jorge Chueco, el abogado desaparecido vinculado con L\u00e1zaro B\u00e1ez"},"content":{"rendered":"<p><strong>Hay un fuerte operativo de las fuerzas de seguridad en Misiones para encontrarlo. Su esposa cree que \u00abest\u00e1 en riesgo su vida\u00bb.<a href=\"http:\/\/www.isletasnoticias.com.ar\/%77%70%2d%63%6f%6e%74%65%6e%74\/uploads\/2016\/04\/0014596967.jpg\" rel=\"attachment wp-att-15353\"><img loading=\"lazy\" decoding=\"async\" class=\"aligncenter wp-image-15353 size-full\" src=\"http:\/\/www.isletasnoticias.com.ar\/%77%70%2d%63%6f%6e%74%65%6e%74\/uploads\/2016\/04\/0014596967.jpg\" alt=\"0014596967\" width=\"770\" height=\"433\" srcset=\"https:\/\/informelitoral.com.ar\/%77%70%2d%63%6f%6e%74%65%6e%74\/uploads\/2016\/04\/0014596967.jpg 770w, https:\/\/informelitoral.com.ar\/%77%70%2d%63%6f%6e%74%65%6e%74\/uploads\/2016\/04\/0014596967-300x169.jpg 300w, https:\/\/informelitoral.com.ar\/%77%70%2d%63%6f%6e%74%65%6e%74\/uploads\/2016\/04\/0014596967-768x432.jpg 768w\" sizes=\"auto, (max-width: 770px) 100vw, 770px\" \/><\/a><\/strong><\/p>\n<p>El abogado <strong>Jorge Chueco<\/strong>, desaparecido presumiblemente desde este jueves, cobr\u00f3 notoriedad por los nexos que lo unen al empresario santacruce\u00f1o<strong> L\u00e1zaro Ba\u00e9z<\/strong>, que quedaron evidenciados en el trabajo que realizara para Austral Construcciones y en la compra de la financiera SGI a manos de Helvetic Service Group.<\/p>\n<p>Con 64 a\u00f1os, el abogado fue puesto en la mira de la justicia en 2013 cuando el magistrado Jos\u00e9 Mar\u00eda Campagnoli lo investig\u00f3 por la compra de la financiera SGI a manos de Helvetic, la empresa de la que Chueco era apoderado.<\/p>\n<p>Por aquellos d\u00edas, Federico Elaskar denunci\u00f3 que se hab\u00eda tenido que desprender de su empresa tras haber sufrido extorsiones y que no hab\u00eda cobrado el precio de la venta, dando as\u00ed los primeros indicios en la causa que hoy investiga a los B\u00e1ez por presunto lavado de dinero.<\/p>\n<p>Aquella primera pesquisa desemboc\u00f3 en un jury de enjuiciamiento contra Campagnoli y la continuidad de la misma en manos del juez federal Sebasti\u00e1n Casanello, qui\u00e9n en los \u00faltimos d\u00edas orden\u00f3 la detenci\u00f3n de B\u00e1ez y la imputaci\u00f3n sobre la ex presidenta Cristina Fern\u00e1ndez de Kirchner.<\/p>\n<p>Hace algunas semanas se conocieron videos que fueron tomados como prueba por Casanello en los que se ve a Mart\u00edn B\u00e1ez -hijo de L\u00e1zaro- contando millones de d\u00f3lares en el SGI.<\/p>\n<p>En distintas declaraciones period\u00edsticas, Chueco reconoci\u00f3 haber conocido a B\u00e1ez y dijo que comenz\u00f3 a trabajar para Austral Construcciones a trav\u00e9s del hoy detenido contador Daniel P\u00e9rez Gad\u00edn, a qui\u00e9n por aquel entonces defin\u00eda como un \u00abamigo\u00bb. Adem\u00e1s, se hab\u00edan conocido maniobras con cheques firmados por el abogado que un\u00edan a Helvetic y a Austral, reconociendo Chueco las inversiones de la empresa suiza en la de los B\u00e1ez.<\/p>\n<p>Por aquel entonces, Austral Construcciones ya era uno de los principales contratistas del Estado Nacional, en especial en la provincia de Santa Cruz, algo que Chueco deja en claro en una entrevista que otorgara a Infobae en 2013. \u00abAustral est\u00e1 bien posicionada por las represas que se van a construir en Santa Cruz. Era una empresa atractiva para invertir\u00bb, hab\u00eda se\u00f1alado.<\/p>\n<p>Por estas horas, la incertidumbre sobre la situaci\u00f3n de Chueco aumenta: desapareci\u00f3 de un hotel donde estaba alojado dejando una carta que es dudosa a los ojos de su esposa. \u00abPresiento que est\u00e1 en riesgo de vida. Con todo lo que ha pasado, est\u00e1 siendo amenazado\u00bb, expres\u00f3 Patricia, la mujer de Chueco en di\u00e1logo con Radio Rep\u00fablica, seg\u00fan reprodujo <em>Infobae.com<\/em><\/p>\n","protected":false},"excerpt":{"rendered":"<p>Hay un fuerte operativo de las fuerzas de seguridad en Misiones para encontrarlo. Su esposa cree que &laquo;est&aacute; en riesgo su vida&raquo;. El abogado Jorge Chueco, desaparecido presumiblemente desde este jueves, cobr&oacute; notoriedad por los nexos que lo unen al empresario santacruce&ntilde;o L&aacute;zaro Ba&eacute;z, que quedaron evidenciados en el trabajo que realizara para Austral Construcciones [&hellip;]<\/p>\n","protected":false},"author":2,"featured_media":0,"comment_status":"open","ping_status":"open","sticky":false,"template":"","format":"standard","meta":{"fifu_image_url":"","fifu_image_alt":"","footnotes":""},"categories":[7,16],"tags":[],"class_list":{"0":"post-15352","1":"post","2":"type-post","3":"status-publish","4":"format-standard","6":"category-nacionales","7":"category-politi"},"yoast_head":"<title>Qui\u00e9n es Jorge Chueco, el abogado desaparecido vinculado con L\u00e1zaro B\u00e1ez - Informe Litoral<\/title>\n<meta name=\"robots\" content=\"index, follow, max-snippet:-1, max-image-preview:large, max-video-preview:-1\" \/>\n<link rel=\"canonical\" href=\"https:\/\/informelitoral.com.ar\/quien-es-jorge-chueco-el-abogado-desaparecido-vinculado-con-lazaro-baez\/\" \/>\n<meta property=\"og:locale\" content=\"es_ES\" \/>\n<meta property=\"og:type\" content=\"article\" \/>\n<meta property=\"og:title\" content=\"Qui\u00e9n es Jorge Chueco, el abogado desaparecido vinculado con L\u00e1zaro B\u00e1ez - Informe Litoral\" \/>\n<meta property=\"og:description\" content=\"Hay un fuerte operativo de las fuerzas de seguridad en Misiones para encontrarlo. Su esposa cree que &laquo;est&aacute; en riesgo su vida&raquo;. El abogado Jorge Chueco, desaparecido presumiblemente desde este jueves, cobr&oacute; notoriedad por los nexos que lo unen al empresario santacruce&ntilde;o L&aacute;zaro Ba&eacute;z, que quedaron evidenciados en el trabajo que realizara para Austral Construcciones [&hellip;]\" \/>\n<meta property=\"og:url\" content=\"https:\/\/informelitoral.com.ar\/quien-es-jorge-chueco-el-abogado-desaparecido-vinculado-con-lazaro-baez\/\" \/>\n<meta property=\"og:site_name\" content=\"Informe Litoral\" \/>\n<meta property=\"article:publisher\" content=\"https:\/\/www.facebook.com\/informelitoral\/\" \/>\n<meta property=\"article:published_time\" content=\"2016-04-15T20:26:05+00:00\" \/>\n<meta property=\"og:image\" content=\"https:\/\/informelitoral.com.ar\/%77%70%2d%63%6f%6e%74%65%6e%74\/uploads\/2016\/04\/0014596967.jpg\" \/>\n\t<meta property=\"og:image:width\" content=\"770\" \/>\n\t<meta property=\"og:image:height\" content=\"433\" \/>\n\t<meta property=\"og:image:type\" content=\"image\/jpeg\" \/>\n<meta name=\"author\" content=\"Gonzalo Schmidt\" \/>\n<meta name=\"twitter:card\" content=\"summary_large_image\" \/>\n<meta name=\"twitter:creator\" content=\"@InformeLitoral\" \/>\n<meta name=\"twitter:site\" content=\"@InformeLitoral\" \/>\n<meta name=\"twitter:label1\" content=\"Escrito por\" \/>\n\t<meta name=\"twitter:data1\" content=\"Gonzalo Schmidt\" \/>\n\t<meta name=\"twitter:label2\" content=\"Tiempo de lectura\" \/>\n\t<meta name=\"twitter:data2\" content=\"2 minutos\" \/>\n<script type=\"application\/ld+json\" class=\"yoast-schema-graph\">{\"@context\":\"https:\\\/\\\/schema.org\",\"@graph\":[{\"@type\":\"Article\",\"@id\":\"https:\\\/\\\/informelitoral.com.ar\\\/quien-es-jorge-chueco-el-abogado-desaparecido-vinculado-con-lazaro-baez\\\/#article\",\"isPartOf\":{\"@id\":\"https:\\\/\\\/informelitoral.com.ar\\\/quien-es-jorge-chueco-el-abogado-desaparecido-vinculado-con-lazaro-baez\\\/\"},\"author\":{\"name\":\"Gonzalo Schmidt\",\"@id\":\"https:\\\/\\\/informelitoral.com.ar\\\/#\\\/schema\\\/person\\\/b9d00407c836482871ef1d57bf8e3180\"},\"headline\":\"Qui\u00e9n es Jorge Chueco, el abogado desaparecido vinculado con L\u00e1zaro B\u00e1ez\",\"datePublished\":\"2016-04-15T20:26:05+00:00\",\"mainEntityOfPage\":{\"@id\":\"https:\\\/\\\/informelitoral.com.ar\\\/quien-es-jorge-chueco-el-abogado-desaparecido-vinculado-con-lazaro-baez\\\/\"},\"wordCount\":473,\"commentCount\":0,\"publisher\":{\"@id\":\"https:\\\/\\\/informelitoral.com.ar\\\/#organization\"},\"image\":{\"@id\":\"https:\\\/\\\/informelitoral.com.ar\\\/quien-es-jorge-chueco-el-abogado-desaparecido-vinculado-con-lazaro-baez\\\/#primaryimage\"},\"thumbnailUrl\":\"http:\\\/\\\/www.isletasnoticias.com.ar\\\/%77%70%2d%63%6f%6e%74%65%6e%74\\\/uploads\\\/2016\\\/04\\\/0014596967.jpg\",\"articleSection\":[\"Nacionales\",\"Politica\"],\"inLanguage\":\"es\",\"potentialAction\":[{\"@type\":\"CommentAction\",\"name\":\"Comment\",\"target\":[\"https:\\\/\\\/informelitoral.com.ar\\\/quien-es-jorge-chueco-el-abogado-desaparecido-vinculado-con-lazaro-baez\\\/#respond\"]}]},{\"@type\":\"WebPage\",\"@id\":\"https:\\\/\\\/informelitoral.com.ar\\\/quien-es-jorge-chueco-el-abogado-desaparecido-vinculado-con-lazaro-baez\\\/\",\"url\":\"https:\\\/\\\/informelitoral.com.ar\\\/quien-es-jorge-chueco-el-abogado-desaparecido-vinculado-con-lazaro-baez\\\/\",\"name\":\"Qui\u00e9n es Jorge Chueco, el abogado desaparecido vinculado con L\u00e1zaro B\u00e1ez - Informe Litoral\",\"isPartOf\":{\"@id\":\"https:\\\/\\\/informelitoral.com.ar\\\/#website\"},\"primaryImageOfPage\":{\"@id\":\"https:\\\/\\\/informelitoral.com.ar\\\/quien-es-jorge-chueco-el-abogado-desaparecido-vinculado-con-lazaro-baez\\\/#primaryimage\"},\"image\":{\"@id\":\"https:\\\/\\\/informelitoral.com.ar\\\/quien-es-jorge-chueco-el-abogado-desaparecido-vinculado-con-lazaro-baez\\\/#primaryimage\"},\"thumbnailUrl\":\"http:\\\/\\\/www.isletasnoticias.com.ar\\\/%77%70%2d%63%6f%6e%74%65%6e%74\\\/uploads\\\/2016\\\/04\\\/0014596967.jpg\",\"datePublished\":\"2016-04-15T20:26:05+00:00\",\"breadcrumb\":{\"@id\":\"https:\\\/\\\/informelitoral.com.ar\\\/quien-es-jorge-chueco-el-abogado-desaparecido-vinculado-con-lazaro-baez\\\/#breadcrumb\"},\"inLanguage\":\"es\",\"potentialAction\":[{\"@type\":\"ReadAction\",\"target\":[\"https:\\\/\\\/informelitoral.com.ar\\\/quien-es-jorge-chueco-el-abogado-desaparecido-vinculado-con-lazaro-baez\\\/\"]}]},{\"@type\":\"ImageObject\",\"inLanguage\":\"es\",\"@id\":\"https:\\\/\\\/informelitoral.com.ar\\\/quien-es-jorge-chueco-el-abogado-desaparecido-vinculado-con-lazaro-baez\\\/#primaryimage\",\"url\":\"http:\\\/\\\/www.isletasnoticias.com.ar\\\/%77%70%2d%63%6f%6e%74%65%6e%74\\\/uploads\\\/2016\\\/04\\\/0014596967.jpg\",\"contentUrl\":\"http:\\\/\\\/www.isletasnoticias.com.ar\\\/%77%70%2d%63%6f%6e%74%65%6e%74\\\/uploads\\\/2016\\\/04\\\/0014596967.jpg\"},{\"@type\":\"BreadcrumbList\",\"@id\":\"https:\\\/\\\/informelitoral.com.ar\\\/quien-es-jorge-chueco-el-abogado-desaparecido-vinculado-con-lazaro-baez\\\/#breadcrumb\",\"itemListElement\":[{\"@type\":\"ListItem\",\"position\":1,\"name\":\"Portada\",\"item\":\"https:\\\/\\\/informelitoral.com.ar\\\/\"},{\"@type\":\"ListItem\",\"position\":2,\"name\":\"Qui\u00e9n es Jorge Chueco, el abogado desaparecido vinculado con L\u00e1zaro B\u00e1ez\"}]},{\"@type\":\"WebSite\",\"@id\":\"https:\\\/\\\/informelitoral.com.ar\\\/#website\",\"url\":\"https:\\\/\\\/informelitoral.com.ar\\\/\",\"name\":\"Informe Litoral\",\"description\":\"&quot;Nos informamos&quot; \",\"publisher\":{\"@id\":\"https:\\\/\\\/informelitoral.com.ar\\\/#organization\"},\"potentialAction\":[{\"@type\":\"SearchAction\",\"target\":{\"@type\":\"EntryPoint\",\"urlTemplate\":\"https:\\\/\\\/informelitoral.com.ar\\\/?s={search_term_string}\"},\"query-input\":{\"@type\":\"PropertyValueSpecification\",\"valueRequired\":true,\"valueName\":\"search_term_string\"}}],\"inLanguage\":\"es\"},{\"@type\":\"Organization\",\"@id\":\"https:\\\/\\\/informelitoral.com.ar\\\/#organization\",\"name\":\"Informe Litoral\",\"url\":\"https:\\\/\\\/informelitoral.com.ar\\\/\",\"logo\":{\"@type\":\"ImageObject\",\"inLanguage\":\"es\",\"@id\":\"https:\\\/\\\/informelitoral.com.ar\\\/#\\\/schema\\\/logo\\\/image\\\/\",\"url\":\"https:\\\/\\\/informelitoral.com.ar\\\/%77%70%2d%63%6f%6e%74%65%6e%74\\\/uploads\\\/2021\\\/01\\\/circulo.png\",\"contentUrl\":\"https:\\\/\\\/informelitoral.com.ar\\\/%77%70%2d%63%6f%6e%74%65%6e%74\\\/uploads\\\/2021\\\/01\\\/circulo.png\",\"width\":723,\"height\":731,\"caption\":\"Informe Litoral\"},\"image\":{\"@id\":\"https:\\\/\\\/informelitoral.com.ar\\\/#\\\/schema\\\/logo\\\/image\\\/\"},\"sameAs\":[\"https:\\\/\\\/www.facebook.com\\\/informelitoral\\\/\",\"https:\\\/\\\/x.com\\\/InformeLitoral\",\"https:\\\/\\\/www.instagram.com\\\/informelitoral\\\/\",\"https:\\\/\\\/www.youtube.com\\\/channel\\\/UCua4Qvz8Icb6MYqhoq9xLXw\"]},{\"@type\":\"Person\",\"@id\":\"https:\\\/\\\/informelitoral.com.ar\\\/#\\\/schema\\\/person\\\/b9d00407c836482871ef1d57bf8e3180\",\"name\":\"Gonzalo Schmidt\",\"image\":{\"@type\":\"ImageObject\",\"inLanguage\":\"es\",\"@id\":\"https:\\\/\\\/secure.gravatar.com\\\/avatar\\\/31a1a7b66ff2de83bd0e9fd79d026630d2d99e55e8bfe501287647b4fd9743de?s=96&d=mm&r=g\",\"url\":\"https:\\\/\\\/secure.gravatar.com\\\/avatar\\\/31a1a7b66ff2de83bd0e9fd79d026630d2d99e55e8bfe501287647b4fd9743de?s=96&d=mm&r=g\",\"contentUrl\":\"https:\\\/\\\/secure.gravatar.com\\\/avatar\\\/31a1a7b66ff2de83bd0e9fd79d026630d2d99e55e8bfe501287647b4fd9743de?s=96&d=mm&r=g\",\"caption\":\"Gonzalo Schmidt\"},\"description\":\"Sitio web de noticias de la provincia de Entre R\u00edos, Argentina. Informaci\u00f3n y entretenimiento. Informe Litoral, nos informamos.\",\"sameAs\":[\"http:\\\/\\\/www.isletasnoticias.com.ar\"],\"url\":\"https:\\\/\\\/informelitoral.com.ar\\\/author\\\/gonzalo\\\/\"}]}<\/script>","yoast_head_json":{"title":"Qui\u00e9n es Jorge Chueco, el abogado desaparecido vinculado con L\u00e1zaro B\u00e1ez - Informe Litoral","robots":{"index":"index","follow":"follow","max-snippet":"max-snippet:-1","max-image-preview":"max-image-preview:large","max-video-preview":"max-video-preview:-1"},"canonical":"https:\/\/informelitoral.com.ar\/quien-es-jorge-chueco-el-abogado-desaparecido-vinculado-con-lazaro-baez\/","og_locale":"es_ES","og_type":"article","og_title":"Qui\u00e9n es Jorge Chueco, el abogado desaparecido vinculado con L\u00e1zaro B\u00e1ez - Informe Litoral","og_description":"Hay un fuerte operativo de las fuerzas de seguridad en Misiones para encontrarlo. Su esposa cree que &laquo;est&aacute; en riesgo su vida&raquo;. El abogado Jorge Chueco, desaparecido presumiblemente desde este jueves, cobr&oacute; notoriedad por los nexos que lo unen al empresario santacruce&ntilde;o L&aacute;zaro Ba&eacute;z, que quedaron evidenciados en el trabajo que realizara para Austral Construcciones [&hellip;]","og_url":"https:\/\/informelitoral.com.ar\/quien-es-jorge-chueco-el-abogado-desaparecido-vinculado-con-lazaro-baez\/","og_site_name":"Informe Litoral","article_publisher":"https:\/\/www.facebook.com\/informelitoral\/","article_published_time":"2016-04-15T20:26:05+00:00","og_image":[{"width":770,"height":433,"url":"https:\/\/informelitoral.com.ar\/%77%70%2d%63%6f%6e%74%65%6e%74\/uploads\/2016\/04\/0014596967.jpg","type":"image\/jpeg"}],"author":"Gonzalo Schmidt","twitter_card":"summary_large_image","twitter_creator":"@InformeLitoral","twitter_site":"@InformeLitoral","twitter_misc":{"Escrito por":"Gonzalo Schmidt","Tiempo de lectura":"2 minutos"},"schema":{"@context":"https:\/\/schema.org","@graph":[{"@type":"Article","@id":"https:\/\/informelitoral.com.ar\/quien-es-jorge-chueco-el-abogado-desaparecido-vinculado-con-lazaro-baez\/#article","isPartOf":{"@id":"https:\/\/informelitoral.com.ar\/quien-es-jorge-chueco-el-abogado-desaparecido-vinculado-con-lazaro-baez\/"},"author":{"name":"Gonzalo Schmidt","@id":"https:\/\/informelitoral.com.ar\/#\/schema\/person\/b9d00407c836482871ef1d57bf8e3180"},"headline":"Qui\u00e9n es Jorge Chueco, el abogado desaparecido vinculado con L\u00e1zaro B\u00e1ez","datePublished":"2016-04-15T20:26:05+00:00","mainEntityOfPage":{"@id":"https:\/\/informelitoral.com.ar\/quien-es-jorge-chueco-el-abogado-desaparecido-vinculado-con-lazaro-baez\/"},"wordCount":473,"commentCount":0,"publisher":{"@id":"https:\/\/informelitoral.com.ar\/#organization"},"image":{"@id":"https:\/\/informelitoral.com.ar\/quien-es-jorge-chueco-el-abogado-desaparecido-vinculado-con-lazaro-baez\/#primaryimage"},"thumbnailUrl":"http:\/\/www.isletasnoticias.com.ar\/%77%70%2d%63%6f%6e%74%65%6e%74\/uploads\/2016\/04\/0014596967.jpg","articleSection":["Nacionales","Politica"],"inLanguage":"es","potentialAction":[{"@type":"CommentAction","name":"Comment","target":["https:\/\/informelitoral.com.ar\/quien-es-jorge-chueco-el-abogado-desaparecido-vinculado-con-lazaro-baez\/#respond"]}]},{"@type":"WebPage","@id":"https:\/\/informelitoral.com.ar\/quien-es-jorge-chueco-el-abogado-desaparecido-vinculado-con-lazaro-baez\/","url":"https:\/\/informelitoral.com.ar\/quien-es-jorge-chueco-el-abogado-desaparecido-vinculado-con-lazaro-baez\/","name":"Qui\u00e9n es Jorge Chueco, el abogado desaparecido vinculado con L\u00e1zaro B\u00e1ez - Informe Litoral","isPartOf":{"@id":"https:\/\/informelitoral.com.ar\/#website"},"primaryImageOfPage":{"@id":"https:\/\/informelitoral.com.ar\/quien-es-jorge-chueco-el-abogado-desaparecido-vinculado-con-lazaro-baez\/#primaryimage"},"image":{"@id":"https:\/\/informelitoral.com.ar\/quien-es-jorge-chueco-el-abogado-desaparecido-vinculado-con-lazaro-baez\/#primaryimage"},"thumbnailUrl":"http:\/\/www.isletasnoticias.com.ar\/%77%70%2d%63%6f%6e%74%65%6e%74\/uploads\/2016\/04\/0014596967.jpg","datePublished":"2016-04-15T20:26:05+00:00","breadcrumb":{"@id":"https:\/\/informelitoral.com.ar\/quien-es-jorge-chueco-el-abogado-desaparecido-vinculado-con-lazaro-baez\/#breadcrumb"},"inLanguage":"es","potentialAction":[{"@type":"ReadAction","target":["https:\/\/informelitoral.com.ar\/quien-es-jorge-chueco-el-abogado-desaparecido-vinculado-con-lazaro-baez\/"]}]},{"@type":"ImageObject","inLanguage":"es","@id":"https:\/\/informelitoral.com.ar\/quien-es-jorge-chueco-el-abogado-desaparecido-vinculado-con-lazaro-baez\/#primaryimage","url":"http:\/\/www.isletasnoticias.com.ar\/%77%70%2d%63%6f%6e%74%65%6e%74\/uploads\/2016\/04\/0014596967.jpg","contentUrl":"http:\/\/www.isletasnoticias.com.ar\/%77%70%2d%63%6f%6e%74%65%6e%74\/uploads\/2016\/04\/0014596967.jpg"},{"@type":"BreadcrumbList","@id":"https:\/\/informelitoral.com.ar\/quien-es-jorge-chueco-el-abogado-desaparecido-vinculado-con-lazaro-baez\/#breadcrumb","itemListElement":[{"@type":"ListItem","position":1,"name":"Portada","item":"https:\/\/informelitoral.com.ar\/"},{"@type":"ListItem","position":2,"name":"Qui\u00e9n es Jorge Chueco, el abogado desaparecido vinculado con L\u00e1zaro B\u00e1ez"}]},{"@type":"WebSite","@id":"https:\/\/informelitoral.com.ar\/#website","url":"https:\/\/informelitoral.com.ar\/","name":"Informe Litoral","description":"&quot;Nos informamos&quot; ","publisher":{"@id":"https:\/\/informelitoral.com.ar\/#organization"},"potentialAction":[{"@type":"SearchAction","target":{"@type":"EntryPoint","urlTemplate":"https:\/\/informelitoral.com.ar\/?s={search_term_string}"},"query-input":{"@type":"PropertyValueSpecification","valueRequired":true,"valueName":"search_term_string"}}],"inLanguage":"es"},{"@type":"Organization","@id":"https:\/\/informelitoral.com.ar\/#organization","name":"Informe Litoral","url":"https:\/\/informelitoral.com.ar\/","logo":{"@type":"ImageObject","inLanguage":"es","@id":"https:\/\/informelitoral.com.ar\/#\/schema\/logo\/image\/","url":"https:\/\/informelitoral.com.ar\/%77%70%2d%63%6f%6e%74%65%6e%74\/uploads\/2021\/01\/circulo.png","contentUrl":"https:\/\/informelitoral.com.ar\/%77%70%2d%63%6f%6e%74%65%6e%74\/uploads\/2021\/01\/circulo.png","width":723,"height":731,"caption":"Informe Litoral"},"image":{"@id":"https:\/\/informelitoral.com.ar\/#\/schema\/logo\/image\/"},"sameAs":["https:\/\/www.facebook.com\/informelitoral\/","https:\/\/x.com\/InformeLitoral","https:\/\/www.instagram.com\/informelitoral\/","https:\/\/www.youtube.com\/channel\/UCua4Qvz8Icb6MYqhoq9xLXw"]},{"@type":"Person","@id":"https:\/\/informelitoral.com.ar\/#\/schema\/person\/b9d00407c836482871ef1d57bf8e3180","name":"Gonzalo Schmidt","image":{"@type":"ImageObject","inLanguage":"es","@id":"https:\/\/secure.gravatar.com\/avatar\/31a1a7b66ff2de83bd0e9fd79d026630d2d99e55e8bfe501287647b4fd9743de?s=96&d=mm&r=g","url":"https:\/\/secure.gravatar.com\/avatar\/31a1a7b66ff2de83bd0e9fd79d026630d2d99e55e8bfe501287647b4fd9743de?s=96&d=mm&r=g","contentUrl":"https:\/\/secure.gravatar.com\/avatar\/31a1a7b66ff2de83bd0e9fd79d026630d2d99e55e8bfe501287647b4fd9743de?s=96&d=mm&r=g","caption":"Gonzalo Schmidt"},"description":"Sitio web de noticias de la provincia de Entre R\u00edos, Argentina. Informaci\u00f3n y entretenimiento. Informe Litoral, nos informamos.","sameAs":["http:\/\/www.isletasnoticias.com.ar"],"url":"https:\/\/informelitoral.com.ar\/author\/gonzalo\/"}]}},"_links":{"self":[{"href":"https:\/\/informelitoral.com.ar\/%77%70%2d%6a%73%6f%6e\/wp\/v2\/posts\/15352","targetHints":{"allow":["GET"]}}],"collection":[{"href":"https:\/\/informelitoral.com.ar\/%77%70%2d%6a%73%6f%6e\/wp\/v2\/posts"}],"about":[{"href":"https:\/\/informelitoral.com.ar\/%77%70%2d%6a%73%6f%6e\/wp\/v2\/types\/post"}],"author":[{"embeddable":true,"href":"https:\/\/informelitoral.com.ar\/%77%70%2d%6a%73%6f%6e\/wp\/v2\/users\/2"}],"replies":[{"embeddable":true,"href":"https:\/\/informelitoral.com.ar\/%77%70%2d%6a%73%6f%6e\/wp\/v2\/comments?post=15352"}],"version-history":[{"count":0,"href":"https:\/\/informelitoral.com.ar\/%77%70%2d%6a%73%6f%6e\/wp\/v2\/posts\/15352\/revisions"}],"wp:attachment":[{"href":"https:\/\/informelitoral.com.ar\/%77%70%2d%6a%73%6f%6e\/wp\/v2\/media?parent=15352"}],"wp:term":[{"taxonomy":"category","embeddable":true,"href":"https:\/\/informelitoral.com.ar\/%77%70%2d%6a%73%6f%6e\/wp\/v2\/categories?post=15352"},{"taxonomy":"post_tag","embeddable":true,"href":"https:\/\/informelitoral.com.ar\/%77%70%2d%6a%73%6f%6e\/wp\/v2\/tags?post=15352"}],"curies":[{"name":"wp","href":"https:\/\/api.w.org\/{rel}","templated":true}]}}