{"id":15339,"date":"2016-04-15T08:38:37","date_gmt":"2016-04-15T11:38:37","guid":{"rendered":"http:\/\/www.isletasnoticias.com.ar\/?p=15339"},"modified":"2016-04-15T08:38:37","modified_gmt":"2016-04-15T11:38:37","slug":"luego-de-un-cambio-de-planes-macri-llega-a-entre-rios-y-santa-fe","status":"publish","type":"post","link":"https:\/\/informelitoral.com.ar\/luego-de-un-cambio-de-planes-macri-llega-a-entre-rios-y-santa-fe\/","title":{"rendered":"Luego de un cambio de planes, Macri llega a Entre R\u00edos y Santa Fe"},"content":{"rendered":"<p><strong>Por las tormentas en Buenos Aires, el Presidente primero cancel\u00f3 el vuelo. No obstante, decidi\u00f3 desafiar el clima y finalmente arribar\u00e1.<a href=\"http:\/\/www.isletasnoticias.com.ar\/%77%70%2d%63%6f%6e%74%65%6e%74\/uploads\/2016\/04\/macri-bordet.jpg\" rel=\"attachment wp-att-15332\"><img loading=\"lazy\" decoding=\"async\" class=\"aligncenter wp-image-15332 size-full\" src=\"http:\/\/www.isletasnoticias.com.ar\/%77%70%2d%63%6f%6e%74%65%6e%74\/uploads\/2016\/04\/macri-bordet.jpg\" alt=\"macri-bordet\" width=\"640\" height=\"360\" srcset=\"https:\/\/informelitoral.com.ar\/%77%70%2d%63%6f%6e%74%65%6e%74\/uploads\/2016\/04\/macri-bordet.jpg 640w, https:\/\/informelitoral.com.ar\/%77%70%2d%63%6f%6e%74%65%6e%74\/uploads\/2016\/04\/macri-bordet-300x169.jpg 300w\" sizes=\"auto, (max-width: 640px) 100vw, 640px\" \/><\/a><\/strong><\/p>\n<p>Finalmente, tras un cambio de planes, el presidente <strong>Mauricio Macri<\/strong> llegar\u00e1 al Litoral, donde tiene previsto sobrevolar las zonas m\u00e1s afectadas por la inundaci\u00f3n a ra\u00edz de las intensas lluvias que azotan a esta parte del pa\u00eds. En principio informaron a <em>9 Ahora<\/em> de manera oficial que el mandatario debi\u00f3 cancelar el vuelo que lo traer\u00eda para Entre R\u00edos y Santa Fe producto de las fuertes tormentas que el Servicio Meteorol\u00f3gico Nacional \u2013SMN\u2013 emiti\u00f3 para la Regi\u00f3n. Sin embargo, aprovech\u00f3 que pararon las lluvias y decidi\u00f3 emprender viaje.<\/p>\n<p>Este jueves, en un comunicado enviado desde la Presidencia de la Naci\u00f3n, explicaron que el mandatario busca \u201cratificarles a los damnificados el apoyo que seguir\u00e1 d\u00e1ndoles el Gobierno Nacional para afrontar el dif\u00edcil momento\u201d. Cabe recordar que este jueves debieron suspender el viaje los ministros del Interior, Rogelio Frigerio, y de Agroindustria, Ricardo Buryaile, tambi\u00e9n producto de las inclemencias clim\u00e1ticas que obligaron a cerrar los aeropuertos de Buenos Aires.<\/p>\n<p>Macri iba a salir a las 8 rumbo a Paran\u00e1 y luego sobrevolar\u00eda parte de Entre R\u00edos y de Santa Fe a bordo de un helic\u00f3ptero \u201cpara ver el grado de deterioro que provoc\u00f3 el desborde de los r\u00edos en ciudades y campos\u201d. El presidente ten\u00eda pensado recorrer adem\u00e1s un centro de evacuados, acompa\u00f1ado por Frigerio, Buryaile y la titular de la cartera de Desarrollo Social, Carolina Stanley. Junto a ellos iban a estar el gobernador Gustavo Bordet y los intendentes Bruno Sarubi -La Paz- y Jos\u00e9 Corral -Santa Fe-.<\/p>\n<p>Por otro lado se inform\u00f3 que el ministro de Salud de la Naci\u00f3n, Jorge Lemus, encabezar\u00e1 ma\u00f1ana el Consejo Regional, que se realizar\u00e1 en el hospital Bicentenario de Gualeguaych\u00fa. Hasta all\u00ed llegar\u00e1n las autoridades sanitarias de Chaco, C\u00f3rdoba, Corrientes, Entre R\u00edos, Formosa, Misiones y Santa Fe. Se analizar\u00e1n las consecuencias provocadas por las inundaciones y coordinar las tareas de asistencia a los afectados\u201d. <em>(9 Ahora)<\/em><\/p>\n","protected":false},"excerpt":{"rendered":"<p>Por las tormentas en Buenos Aires, el Presidente primero cancel&oacute; el vuelo. No obstante, decidi&oacute; desafiar el clima y finalmente arribar&aacute;. Finalmente, tras un cambio de planes, el presidente Mauricio Macri llegar&aacute; al Litoral, donde tiene previsto sobrevolar las zonas m&aacute;s afectadas por la inundaci&oacute;n a ra&iacute;z de las intensas lluvias que azotan a esta [&hellip;]<\/p>\n","protected":false},"author":2,"featured_media":0,"comment_status":"open","ping_status":"open","sticky":false,"template":"","format":"standard","meta":{"fifu_image_url":"","fifu_image_alt":"","footnotes":""},"categories":[6,7,16],"tags":[],"class_list":{"0":"post-15339","1":"post","2":"type-post","3":"status-publish","4":"format-standard","6":"category-entre-rios","7":"category-nacionales","8":"category-politi"},"yoast_head":"<title>Luego de un cambio de planes, Macri llega a Entre R\u00edos y Santa Fe - Informe Litoral<\/title>\n<meta name=\"robots\" content=\"index, follow, max-snippet:-1, max-image-preview:large, max-video-preview:-1\" \/>\n<link rel=\"canonical\" href=\"https:\/\/informelitoral.com.ar\/luego-de-un-cambio-de-planes-macri-llega-a-entre-rios-y-santa-fe\/\" \/>\n<meta property=\"og:locale\" content=\"es_ES\" \/>\n<meta property=\"og:type\" content=\"article\" \/>\n<meta property=\"og:title\" content=\"Luego de un cambio de planes, Macri llega a Entre R\u00edos y Santa Fe - Informe Litoral\" \/>\n<meta property=\"og:description\" content=\"Por las tormentas en Buenos Aires, el Presidente primero cancel&oacute; el vuelo. No obstante, decidi&oacute; desafiar el clima y finalmente arribar&aacute;. Finalmente, tras un cambio de planes, el presidente Mauricio Macri llegar&aacute; al Litoral, donde tiene previsto sobrevolar las zonas m&aacute;s afectadas por la inundaci&oacute;n a ra&iacute;z de las intensas lluvias que azotan a esta [&hellip;]\" \/>\n<meta property=\"og:url\" content=\"https:\/\/informelitoral.com.ar\/luego-de-un-cambio-de-planes-macri-llega-a-entre-rios-y-santa-fe\/\" \/>\n<meta property=\"og:site_name\" content=\"Informe Litoral\" \/>\n<meta property=\"article:publisher\" content=\"https:\/\/www.facebook.com\/informelitoral\/\" \/>\n<meta property=\"article:published_time\" content=\"2016-04-15T11:38:37+00:00\" \/>\n<meta property=\"og:image\" content=\"https:\/\/informelitoral.com.ar\/%77%70%2d%63%6f%6e%74%65%6e%74\/uploads\/2016\/04\/macri-bordet.jpg\" \/>\n\t<meta property=\"og:image:width\" content=\"640\" \/>\n\t<meta property=\"og:image:height\" content=\"360\" \/>\n\t<meta property=\"og:image:type\" content=\"image\/jpeg\" \/>\n<meta name=\"author\" content=\"Gonzalo Schmidt\" \/>\n<meta name=\"twitter:card\" content=\"summary_large_image\" \/>\n<meta name=\"twitter:creator\" content=\"@InformeLitoral\" \/>\n<meta name=\"twitter:site\" content=\"@InformeLitoral\" \/>\n<meta name=\"twitter:label1\" content=\"Escrito por\" \/>\n\t<meta name=\"twitter:data1\" content=\"Gonzalo Schmidt\" \/>\n\t<meta name=\"twitter:label2\" content=\"Tiempo de lectura\" \/>\n\t<meta name=\"twitter:data2\" content=\"2 minutos\" \/>\n<script type=\"application\/ld+json\" class=\"yoast-schema-graph\">{\"@context\":\"https:\\\/\\\/schema.org\",\"@graph\":[{\"@type\":\"Article\",\"@id\":\"https:\\\/\\\/informelitoral.com.ar\\\/luego-de-un-cambio-de-planes-macri-llega-a-entre-rios-y-santa-fe\\\/#article\",\"isPartOf\":{\"@id\":\"https:\\\/\\\/informelitoral.com.ar\\\/luego-de-un-cambio-de-planes-macri-llega-a-entre-rios-y-santa-fe\\\/\"},\"author\":{\"name\":\"Gonzalo Schmidt\",\"@id\":\"https:\\\/\\\/informelitoral.com.ar\\\/#\\\/schema\\\/person\\\/b9d00407c836482871ef1d57bf8e3180\"},\"headline\":\"Luego de un cambio de planes, Macri llega a Entre R\u00edos y Santa Fe\",\"datePublished\":\"2016-04-15T11:38:37+00:00\",\"mainEntityOfPage\":{\"@id\":\"https:\\\/\\\/informelitoral.com.ar\\\/luego-de-un-cambio-de-planes-macri-llega-a-entre-rios-y-santa-fe\\\/\"},\"wordCount\":371,\"commentCount\":0,\"publisher\":{\"@id\":\"https:\\\/\\\/informelitoral.com.ar\\\/#organization\"},\"image\":{\"@id\":\"https:\\\/\\\/informelitoral.com.ar\\\/luego-de-un-cambio-de-planes-macri-llega-a-entre-rios-y-santa-fe\\\/#primaryimage\"},\"thumbnailUrl\":\"http:\\\/\\\/www.isletasnoticias.com.ar\\\/%77%70%2d%63%6f%6e%74%65%6e%74\\\/uploads\\\/2016\\\/04\\\/macri-bordet.jpg\",\"articleSection\":[\"Entre R\u00edos\",\"Nacionales\",\"Politica\"],\"inLanguage\":\"es\",\"potentialAction\":[{\"@type\":\"CommentAction\",\"name\":\"Comment\",\"target\":[\"https:\\\/\\\/informelitoral.com.ar\\\/luego-de-un-cambio-de-planes-macri-llega-a-entre-rios-y-santa-fe\\\/#respond\"]}]},{\"@type\":\"WebPage\",\"@id\":\"https:\\\/\\\/informelitoral.com.ar\\\/luego-de-un-cambio-de-planes-macri-llega-a-entre-rios-y-santa-fe\\\/\",\"url\":\"https:\\\/\\\/informelitoral.com.ar\\\/luego-de-un-cambio-de-planes-macri-llega-a-entre-rios-y-santa-fe\\\/\",\"name\":\"Luego de un cambio de planes, Macri llega a Entre R\u00edos y Santa Fe - Informe Litoral\",\"isPartOf\":{\"@id\":\"https:\\\/\\\/informelitoral.com.ar\\\/#website\"},\"primaryImageOfPage\":{\"@id\":\"https:\\\/\\\/informelitoral.com.ar\\\/luego-de-un-cambio-de-planes-macri-llega-a-entre-rios-y-santa-fe\\\/#primaryimage\"},\"image\":{\"@id\":\"https:\\\/\\\/informelitoral.com.ar\\\/luego-de-un-cambio-de-planes-macri-llega-a-entre-rios-y-santa-fe\\\/#primaryimage\"},\"thumbnailUrl\":\"http:\\\/\\\/www.isletasnoticias.com.ar\\\/%77%70%2d%63%6f%6e%74%65%6e%74\\\/uploads\\\/2016\\\/04\\\/macri-bordet.jpg\",\"datePublished\":\"2016-04-15T11:38:37+00:00\",\"breadcrumb\":{\"@id\":\"https:\\\/\\\/informelitoral.com.ar\\\/luego-de-un-cambio-de-planes-macri-llega-a-entre-rios-y-santa-fe\\\/#breadcrumb\"},\"inLanguage\":\"es\",\"potentialAction\":[{\"@type\":\"ReadAction\",\"target\":[\"https:\\\/\\\/informelitoral.com.ar\\\/luego-de-un-cambio-de-planes-macri-llega-a-entre-rios-y-santa-fe\\\/\"]}]},{\"@type\":\"ImageObject\",\"inLanguage\":\"es\",\"@id\":\"https:\\\/\\\/informelitoral.com.ar\\\/luego-de-un-cambio-de-planes-macri-llega-a-entre-rios-y-santa-fe\\\/#primaryimage\",\"url\":\"http:\\\/\\\/www.isletasnoticias.com.ar\\\/%77%70%2d%63%6f%6e%74%65%6e%74\\\/uploads\\\/2016\\\/04\\\/macri-bordet.jpg\",\"contentUrl\":\"http:\\\/\\\/www.isletasnoticias.com.ar\\\/%77%70%2d%63%6f%6e%74%65%6e%74\\\/uploads\\\/2016\\\/04\\\/macri-bordet.jpg\"},{\"@type\":\"BreadcrumbList\",\"@id\":\"https:\\\/\\\/informelitoral.com.ar\\\/luego-de-un-cambio-de-planes-macri-llega-a-entre-rios-y-santa-fe\\\/#breadcrumb\",\"itemListElement\":[{\"@type\":\"ListItem\",\"position\":1,\"name\":\"Portada\",\"item\":\"https:\\\/\\\/informelitoral.com.ar\\\/\"},{\"@type\":\"ListItem\",\"position\":2,\"name\":\"Luego de un cambio de planes, Macri llega a Entre R\u00edos y Santa Fe\"}]},{\"@type\":\"WebSite\",\"@id\":\"https:\\\/\\\/informelitoral.com.ar\\\/#website\",\"url\":\"https:\\\/\\\/informelitoral.com.ar\\\/\",\"name\":\"Informe Litoral\",\"description\":\"&quot;Nos informamos&quot; \",\"publisher\":{\"@id\":\"https:\\\/\\\/informelitoral.com.ar\\\/#organization\"},\"potentialAction\":[{\"@type\":\"SearchAction\",\"target\":{\"@type\":\"EntryPoint\",\"urlTemplate\":\"https:\\\/\\\/informelitoral.com.ar\\\/?s={search_term_string}\"},\"query-input\":{\"@type\":\"PropertyValueSpecification\",\"valueRequired\":true,\"valueName\":\"search_term_string\"}}],\"inLanguage\":\"es\"},{\"@type\":\"Organization\",\"@id\":\"https:\\\/\\\/informelitoral.com.ar\\\/#organization\",\"name\":\"Informe Litoral\",\"url\":\"https:\\\/\\\/informelitoral.com.ar\\\/\",\"logo\":{\"@type\":\"ImageObject\",\"inLanguage\":\"es\",\"@id\":\"https:\\\/\\\/informelitoral.com.ar\\\/#\\\/schema\\\/logo\\\/image\\\/\",\"url\":\"https:\\\/\\\/informelitoral.com.ar\\\/%77%70%2d%63%6f%6e%74%65%6e%74\\\/uploads\\\/2021\\\/01\\\/circulo.png\",\"contentUrl\":\"https:\\\/\\\/informelitoral.com.ar\\\/%77%70%2d%63%6f%6e%74%65%6e%74\\\/uploads\\\/2021\\\/01\\\/circulo.png\",\"width\":723,\"height\":731,\"caption\":\"Informe Litoral\"},\"image\":{\"@id\":\"https:\\\/\\\/informelitoral.com.ar\\\/#\\\/schema\\\/logo\\\/image\\\/\"},\"sameAs\":[\"https:\\\/\\\/www.facebook.com\\\/informelitoral\\\/\",\"https:\\\/\\\/x.com\\\/InformeLitoral\",\"https:\\\/\\\/www.instagram.com\\\/informelitoral\\\/\",\"https:\\\/\\\/www.youtube.com\\\/channel\\\/UCua4Qvz8Icb6MYqhoq9xLXw\"]},{\"@type\":\"Person\",\"@id\":\"https:\\\/\\\/informelitoral.com.ar\\\/#\\\/schema\\\/person\\\/b9d00407c836482871ef1d57bf8e3180\",\"name\":\"Gonzalo Schmidt\",\"image\":{\"@type\":\"ImageObject\",\"inLanguage\":\"es\",\"@id\":\"https:\\\/\\\/secure.gravatar.com\\\/avatar\\\/31a1a7b66ff2de83bd0e9fd79d026630d2d99e55e8bfe501287647b4fd9743de?s=96&d=mm&r=g\",\"url\":\"https:\\\/\\\/secure.gravatar.com\\\/avatar\\\/31a1a7b66ff2de83bd0e9fd79d026630d2d99e55e8bfe501287647b4fd9743de?s=96&d=mm&r=g\",\"contentUrl\":\"https:\\\/\\\/secure.gravatar.com\\\/avatar\\\/31a1a7b66ff2de83bd0e9fd79d026630d2d99e55e8bfe501287647b4fd9743de?s=96&d=mm&r=g\",\"caption\":\"Gonzalo Schmidt\"},\"description\":\"Sitio web de noticias de la provincia de Entre R\u00edos, Argentina. Informaci\u00f3n y entretenimiento. Informe Litoral, nos informamos.\",\"sameAs\":[\"http:\\\/\\\/www.isletasnoticias.com.ar\"],\"url\":\"https:\\\/\\\/informelitoral.com.ar\\\/author\\\/gonzalo\\\/\"}]}<\/script>","yoast_head_json":{"title":"Luego de un cambio de planes, Macri llega a Entre R\u00edos y Santa Fe - Informe Litoral","robots":{"index":"index","follow":"follow","max-snippet":"max-snippet:-1","max-image-preview":"max-image-preview:large","max-video-preview":"max-video-preview:-1"},"canonical":"https:\/\/informelitoral.com.ar\/luego-de-un-cambio-de-planes-macri-llega-a-entre-rios-y-santa-fe\/","og_locale":"es_ES","og_type":"article","og_title":"Luego de un cambio de planes, Macri llega a Entre R\u00edos y Santa Fe - Informe Litoral","og_description":"Por las tormentas en Buenos Aires, el Presidente primero cancel&oacute; el vuelo. No obstante, decidi&oacute; desafiar el clima y finalmente arribar&aacute;. Finalmente, tras un cambio de planes, el presidente Mauricio Macri llegar&aacute; al Litoral, donde tiene previsto sobrevolar las zonas m&aacute;s afectadas por la inundaci&oacute;n a ra&iacute;z de las intensas lluvias que azotan a esta [&hellip;]","og_url":"https:\/\/informelitoral.com.ar\/luego-de-un-cambio-de-planes-macri-llega-a-entre-rios-y-santa-fe\/","og_site_name":"Informe Litoral","article_publisher":"https:\/\/www.facebook.com\/informelitoral\/","article_published_time":"2016-04-15T11:38:37+00:00","og_image":[{"width":640,"height":360,"url":"https:\/\/informelitoral.com.ar\/%77%70%2d%63%6f%6e%74%65%6e%74\/uploads\/2016\/04\/macri-bordet.jpg","type":"image\/jpeg"}],"author":"Gonzalo Schmidt","twitter_card":"summary_large_image","twitter_creator":"@InformeLitoral","twitter_site":"@InformeLitoral","twitter_misc":{"Escrito por":"Gonzalo Schmidt","Tiempo de lectura":"2 minutos"},"schema":{"@context":"https:\/\/schema.org","@graph":[{"@type":"Article","@id":"https:\/\/informelitoral.com.ar\/luego-de-un-cambio-de-planes-macri-llega-a-entre-rios-y-santa-fe\/#article","isPartOf":{"@id":"https:\/\/informelitoral.com.ar\/luego-de-un-cambio-de-planes-macri-llega-a-entre-rios-y-santa-fe\/"},"author":{"name":"Gonzalo Schmidt","@id":"https:\/\/informelitoral.com.ar\/#\/schema\/person\/b9d00407c836482871ef1d57bf8e3180"},"headline":"Luego de un cambio de planes, Macri llega a Entre R\u00edos y Santa Fe","datePublished":"2016-04-15T11:38:37+00:00","mainEntityOfPage":{"@id":"https:\/\/informelitoral.com.ar\/luego-de-un-cambio-de-planes-macri-llega-a-entre-rios-y-santa-fe\/"},"wordCount":371,"commentCount":0,"publisher":{"@id":"https:\/\/informelitoral.com.ar\/#organization"},"image":{"@id":"https:\/\/informelitoral.com.ar\/luego-de-un-cambio-de-planes-macri-llega-a-entre-rios-y-santa-fe\/#primaryimage"},"thumbnailUrl":"http:\/\/www.isletasnoticias.com.ar\/%77%70%2d%63%6f%6e%74%65%6e%74\/uploads\/2016\/04\/macri-bordet.jpg","articleSection":["Entre R\u00edos","Nacionales","Politica"],"inLanguage":"es","potentialAction":[{"@type":"CommentAction","name":"Comment","target":["https:\/\/informelitoral.com.ar\/luego-de-un-cambio-de-planes-macri-llega-a-entre-rios-y-santa-fe\/#respond"]}]},{"@type":"WebPage","@id":"https:\/\/informelitoral.com.ar\/luego-de-un-cambio-de-planes-macri-llega-a-entre-rios-y-santa-fe\/","url":"https:\/\/informelitoral.com.ar\/luego-de-un-cambio-de-planes-macri-llega-a-entre-rios-y-santa-fe\/","name":"Luego de un cambio de planes, Macri llega a Entre R\u00edos y Santa Fe - Informe Litoral","isPartOf":{"@id":"https:\/\/informelitoral.com.ar\/#website"},"primaryImageOfPage":{"@id":"https:\/\/informelitoral.com.ar\/luego-de-un-cambio-de-planes-macri-llega-a-entre-rios-y-santa-fe\/#primaryimage"},"image":{"@id":"https:\/\/informelitoral.com.ar\/luego-de-un-cambio-de-planes-macri-llega-a-entre-rios-y-santa-fe\/#primaryimage"},"thumbnailUrl":"http:\/\/www.isletasnoticias.com.ar\/%77%70%2d%63%6f%6e%74%65%6e%74\/uploads\/2016\/04\/macri-bordet.jpg","datePublished":"2016-04-15T11:38:37+00:00","breadcrumb":{"@id":"https:\/\/informelitoral.com.ar\/luego-de-un-cambio-de-planes-macri-llega-a-entre-rios-y-santa-fe\/#breadcrumb"},"inLanguage":"es","potentialAction":[{"@type":"ReadAction","target":["https:\/\/informelitoral.com.ar\/luego-de-un-cambio-de-planes-macri-llega-a-entre-rios-y-santa-fe\/"]}]},{"@type":"ImageObject","inLanguage":"es","@id":"https:\/\/informelitoral.com.ar\/luego-de-un-cambio-de-planes-macri-llega-a-entre-rios-y-santa-fe\/#primaryimage","url":"http:\/\/www.isletasnoticias.com.ar\/%77%70%2d%63%6f%6e%74%65%6e%74\/uploads\/2016\/04\/macri-bordet.jpg","contentUrl":"http:\/\/www.isletasnoticias.com.ar\/%77%70%2d%63%6f%6e%74%65%6e%74\/uploads\/2016\/04\/macri-bordet.jpg"},{"@type":"BreadcrumbList","@id":"https:\/\/informelitoral.com.ar\/luego-de-un-cambio-de-planes-macri-llega-a-entre-rios-y-santa-fe\/#breadcrumb","itemListElement":[{"@type":"ListItem","position":1,"name":"Portada","item":"https:\/\/informelitoral.com.ar\/"},{"@type":"ListItem","position":2,"name":"Luego de un cambio de planes, Macri llega a Entre R\u00edos y Santa Fe"}]},{"@type":"WebSite","@id":"https:\/\/informelitoral.com.ar\/#website","url":"https:\/\/informelitoral.com.ar\/","name":"Informe Litoral","description":"&quot;Nos informamos&quot; ","publisher":{"@id":"https:\/\/informelitoral.com.ar\/#organization"},"potentialAction":[{"@type":"SearchAction","target":{"@type":"EntryPoint","urlTemplate":"https:\/\/informelitoral.com.ar\/?s={search_term_string}"},"query-input":{"@type":"PropertyValueSpecification","valueRequired":true,"valueName":"search_term_string"}}],"inLanguage":"es"},{"@type":"Organization","@id":"https:\/\/informelitoral.com.ar\/#organization","name":"Informe Litoral","url":"https:\/\/informelitoral.com.ar\/","logo":{"@type":"ImageObject","inLanguage":"es","@id":"https:\/\/informelitoral.com.ar\/#\/schema\/logo\/image\/","url":"https:\/\/informelitoral.com.ar\/%77%70%2d%63%6f%6e%74%65%6e%74\/uploads\/2021\/01\/circulo.png","contentUrl":"https:\/\/informelitoral.com.ar\/%77%70%2d%63%6f%6e%74%65%6e%74\/uploads\/2021\/01\/circulo.png","width":723,"height":731,"caption":"Informe Litoral"},"image":{"@id":"https:\/\/informelitoral.com.ar\/#\/schema\/logo\/image\/"},"sameAs":["https:\/\/www.facebook.com\/informelitoral\/","https:\/\/x.com\/InformeLitoral","https:\/\/www.instagram.com\/informelitoral\/","https:\/\/www.youtube.com\/channel\/UCua4Qvz8Icb6MYqhoq9xLXw"]},{"@type":"Person","@id":"https:\/\/informelitoral.com.ar\/#\/schema\/person\/b9d00407c836482871ef1d57bf8e3180","name":"Gonzalo Schmidt","image":{"@type":"ImageObject","inLanguage":"es","@id":"https:\/\/secure.gravatar.com\/avatar\/31a1a7b66ff2de83bd0e9fd79d026630d2d99e55e8bfe501287647b4fd9743de?s=96&d=mm&r=g","url":"https:\/\/secure.gravatar.com\/avatar\/31a1a7b66ff2de83bd0e9fd79d026630d2d99e55e8bfe501287647b4fd9743de?s=96&d=mm&r=g","contentUrl":"https:\/\/secure.gravatar.com\/avatar\/31a1a7b66ff2de83bd0e9fd79d026630d2d99e55e8bfe501287647b4fd9743de?s=96&d=mm&r=g","caption":"Gonzalo Schmidt"},"description":"Sitio web de noticias de la provincia de Entre R\u00edos, Argentina. Informaci\u00f3n y entretenimiento. Informe Litoral, nos informamos.","sameAs":["http:\/\/www.isletasnoticias.com.ar"],"url":"https:\/\/informelitoral.com.ar\/author\/gonzalo\/"}]}},"_links":{"self":[{"href":"https:\/\/informelitoral.com.ar\/%77%70%2d%6a%73%6f%6e\/wp\/v2\/posts\/15339","targetHints":{"allow":["GET"]}}],"collection":[{"href":"https:\/\/informelitoral.com.ar\/%77%70%2d%6a%73%6f%6e\/wp\/v2\/posts"}],"about":[{"href":"https:\/\/informelitoral.com.ar\/%77%70%2d%6a%73%6f%6e\/wp\/v2\/types\/post"}],"author":[{"embeddable":true,"href":"https:\/\/informelitoral.com.ar\/%77%70%2d%6a%73%6f%6e\/wp\/v2\/users\/2"}],"replies":[{"embeddable":true,"href":"https:\/\/informelitoral.com.ar\/%77%70%2d%6a%73%6f%6e\/wp\/v2\/comments?post=15339"}],"version-history":[{"count":0,"href":"https:\/\/informelitoral.com.ar\/%77%70%2d%6a%73%6f%6e\/wp\/v2\/posts\/15339\/revisions"}],"wp:attachment":[{"href":"https:\/\/informelitoral.com.ar\/%77%70%2d%6a%73%6f%6e\/wp\/v2\/media?parent=15339"}],"wp:term":[{"taxonomy":"category","embeddable":true,"href":"https:\/\/informelitoral.com.ar\/%77%70%2d%6a%73%6f%6e\/wp\/v2\/categories?post=15339"},{"taxonomy":"post_tag","embeddable":true,"href":"https:\/\/informelitoral.com.ar\/%77%70%2d%6a%73%6f%6e\/wp\/v2\/tags?post=15339"}],"curies":[{"name":"wp","href":"https:\/\/api.w.org\/{rel}","templated":true}]}}