{"id":153325,"date":"2023-06-14T08:14:51","date_gmt":"2023-06-14T11:14:51","guid":{"rendered":"https:\/\/www.informelitoral.com.ar\/?p=153325"},"modified":"2023-06-14T08:14:51","modified_gmt":"2023-06-14T11:14:51","slug":"la-superficie-destinada-a-cereales-invernales-sera-de-242-millones-de-hectareas","status":"publish","type":"post","link":"https:\/\/informelitoral.com.ar\/la-superficie-destinada-a-cereales-invernales-sera-de-242-millones-de-hectareas\/","title":{"rendered":"La superficie destinada a cereales invernales ser\u00e1 de 2,42 millones de hect\u00e1reas"},"content":{"rendered":"<p>La Bolsa de Cereales y Productos de Bah\u00eda Blanca estim\u00f3 que la superficie destinada a los principales cereales invernales ser\u00e1 de 2,42 millones de hect\u00e1reas, con un leve incremento de trigo y una disminuci\u00f3n proporcional en cebada, en sus \u00e1reas comprendidas por los distritos oeste, suroeste, centro y sur de la provincia de Buenos Aires y sectores de La Pampa.<\/p>\n<p>As\u00ed lo indic\u00f3 el primer reporte de junio elaborado por la entidad, que se\u00f1al\u00f3 que \u00abavanzan las labores de siembra en gran parte de la regi\u00f3n con una adecuada humedad superficial\u00bb.<\/p>\n<p>En el caso de la zona norte se indic\u00f3 que \u00ablas escasas precipitaciones ocurridas durante el oto\u00f1o y m\u00e1rgenes brutos acotados condicionaron negativamente el inicio de la siembra de los cultivos de fina, generando un retraso en el desarrollo de las labores respecto al ciclo pasado\u00bb.<\/p>\n<p>\u00abLas lluvias de la \u00faltima semana de mayo y primera de junio mejoraron levemente las expectativas de los productores\u00bb, sostuvo el an\u00e1lisis, al se\u00f1alar que \u00abel avance total de la siembra en la zona es del 17%\u00bb.<\/p>\n<figure class=\"embed\"><img decoding=\"async\" title=\"\" src=\"https:\/\/elonce-media.elonce.com\/fotos-nuevo\/2019\/07\/21\/o_1563731622.jpg\" alt=\"\" width=\"640\" \/><\/figure>\n<p>En la zona centro se se\u00f1al\u00f3 que \u00abes el \u00e1rea que presenta las mejores condiciones para el desarrollo de los cereales invernales debido a un almacenamiento h\u00eddrico \u00f3ptimo para la implantaci\u00f3n (principalmente en el sudeste bonaerense) y el desarrollo temprano de los mismos\u00bb.<\/p>\n<p>\u00abEsta zona presenta un avance del 33% siendo, en proporci\u00f3n, la m\u00e1s adelantada en la regi\u00f3n de estudio\u00bb, agreg\u00f3 el documento.<\/p>\n<p>Por su parte en la zona sur el informe se\u00f1al\u00f3 que \u00abun inicio anticipado en la siembra durante el mes de abril, debido a la presencia de humedad superficial por la ocurrencia de lluvias espor\u00e1dicas, y las necesidades de log\u00edstica por parte de los grandes productores, aceler\u00f3 el avance de las labores respecto a ciclos anteriores\u00bb.<\/p>\n<p>\u00abLa implantaci\u00f3n en la regi\u00f3n alcanz\u00f3 el 27% de la superficie programada para la presente campa\u00f1a\u00bb, sostuvo la entidad bahiense.<\/p>\n<p>En el caso del trigo se indic\u00f3 que se estima para la zona norte una superficie de siembra de 298.000 hect\u00e1reas, en el centro de 882.250 y en la sur de 297.000 respectivamente.<\/p>\n<p>Mientras que para la cebada se estim\u00f3 una superficie en la zona norte de 125.900 hect\u00e1reas, en la centro de 552.500 y en la zona sur de 119.600 respectivamente.<\/p>\n<p>En cuanto al pron\u00f3stico de precipitaciones al 16 de junio el informe indic\u00f3 que se \u201cprev\u00e9n milimetrajes acumulados menores a los 5 mil\u00edmetros en la regi\u00f3n de influencia\u00bb por lo que \u00abde cumplirse las previsiones beneficiar\u00eda el secado del ma\u00edz tard\u00edo acelerando el avance de la cosecha\u00bb.<\/p>\n<p>\u00abEn contraparte, la siembra fina en el oeste de la provincia de Buenos Aires presentar\u00eda un atraso por falta de humedad superficial\u00bb, puntualiz\u00f3 el informe<\/p>\n","protected":false},"excerpt":{"rendered":"<p>Este volumen tendr\u00e1 un leve incremento de trigo y una disminuci\u00f3n proporcional en cebada, seg\u00fan la Bolsa de Cereales y Productos de Bah\u00eda Blanca. Actualmente se avanza con las labores de siembra.<\/p>\n","protected":false},"author":8,"featured_media":74989,"comment_status":"open","ping_status":"open","sticky":false,"template":"","format":"standard","meta":{"fifu_image_url":"","fifu_image_alt":"","footnotes":""},"categories":[10],"tags":[4208],"class_list":{"0":"post-153325","1":"post","2":"type-post","3":"status-publish","4":"format-standard","5":"has-post-thumbnail","7":"category-campo","8":"tag-cereales-invernales"},"yoast_head":"<title>La superficie destinada a cereales invernales ser\u00e1 de 2,42 millones de hect\u00e1reas - Informe Litoral<\/title>\n<meta name=\"robots\" content=\"index, follow, max-snippet:-1, max-image-preview:large, max-video-preview:-1\" \/>\n<link rel=\"canonical\" href=\"https:\/\/informelitoral.com.ar\/la-superficie-destinada-a-cereales-invernales-sera-de-242-millones-de-hectareas\/\" \/>\n<meta property=\"og:locale\" content=\"es_ES\" \/>\n<meta property=\"og:type\" content=\"article\" \/>\n<meta property=\"og:title\" content=\"La superficie destinada a cereales invernales ser\u00e1 de 2,42 millones de hect\u00e1reas - Informe Litoral\" \/>\n<meta property=\"og:description\" content=\"Este volumen tendr\u00e1 un leve incremento de trigo y una disminuci\u00f3n proporcional en cebada, seg\u00fan la Bolsa de Cereales y Productos de Bah\u00eda Blanca. Actualmente se avanza con las labores de siembra.\" \/>\n<meta property=\"og:url\" content=\"https:\/\/informelitoral.com.ar\/la-superficie-destinada-a-cereales-invernales-sera-de-242-millones-de-hectareas\/\" \/>\n<meta property=\"og:site_name\" content=\"Informe Litoral\" \/>\n<meta property=\"article:publisher\" content=\"https:\/\/www.facebook.com\/informelitoral\/\" \/>\n<meta property=\"article:published_time\" content=\"2023-06-14T11:14:51+00:00\" \/>\n<meta property=\"og:image\" content=\"https:\/\/informelitoral.com.ar\/%77%70%2d%63%6f%6e%74%65%6e%74\/uploads\/2022\/04\/Cosecha-de-soja-john-deere-9770STS-3.jpg\" \/>\n\t<meta property=\"og:image:width\" content=\"768\" \/>\n\t<meta property=\"og:image:height\" content=\"514\" \/>\n\t<meta property=\"og:image:type\" content=\"image\/jpeg\" \/>\n<meta name=\"author\" content=\"Sebastian\" \/>\n<meta name=\"twitter:card\" content=\"summary_large_image\" \/>\n<meta name=\"twitter:creator\" content=\"@InformeLitoral\" \/>\n<meta name=\"twitter:site\" content=\"@InformeLitoral\" \/>\n<meta name=\"twitter:label1\" content=\"Escrito por\" \/>\n\t<meta name=\"twitter:data1\" content=\"Sebastian\" \/>\n\t<meta name=\"twitter:label2\" content=\"Tiempo de lectura\" \/>\n\t<meta name=\"twitter:data2\" content=\"2 minutos\" \/>\n<script type=\"application\/ld+json\" class=\"yoast-schema-graph\">{\"@context\":\"https:\\\/\\\/schema.org\",\"@graph\":[{\"@type\":\"Article\",\"@id\":\"https:\\\/\\\/informelitoral.com.ar\\\/la-superficie-destinada-a-cereales-invernales-sera-de-242-millones-de-hectareas\\\/#article\",\"isPartOf\":{\"@id\":\"https:\\\/\\\/informelitoral.com.ar\\\/la-superficie-destinada-a-cereales-invernales-sera-de-242-millones-de-hectareas\\\/\"},\"author\":{\"name\":\"Sebastian\",\"@id\":\"https:\\\/\\\/informelitoral.com.ar\\\/#\\\/schema\\\/person\\\/f05f9f461677119578717524b127d6d5\"},\"headline\":\"La superficie destinada a cereales invernales ser\u00e1 de 2,42 millones de hect\u00e1reas\",\"datePublished\":\"2023-06-14T11:14:51+00:00\",\"mainEntityOfPage\":{\"@id\":\"https:\\\/\\\/informelitoral.com.ar\\\/la-superficie-destinada-a-cereales-invernales-sera-de-242-millones-de-hectareas\\\/\"},\"wordCount\":479,\"commentCount\":0,\"publisher\":{\"@id\":\"https:\\\/\\\/informelitoral.com.ar\\\/#organization\"},\"image\":{\"@id\":\"https:\\\/\\\/informelitoral.com.ar\\\/la-superficie-destinada-a-cereales-invernales-sera-de-242-millones-de-hectareas\\\/#primaryimage\"},\"thumbnailUrl\":\"https:\\\/\\\/informelitoral.com.ar\\\/%77%70%2d%63%6f%6e%74%65%6e%74\\\/uploads\\\/2022\\\/04\\\/Cosecha-de-soja-john-deere-9770STS-3.jpg\",\"keywords\":[\"Cereales invernales\"],\"articleSection\":[\"Campo\"],\"inLanguage\":\"es\",\"potentialAction\":[{\"@type\":\"CommentAction\",\"name\":\"Comment\",\"target\":[\"https:\\\/\\\/informelitoral.com.ar\\\/la-superficie-destinada-a-cereales-invernales-sera-de-242-millones-de-hectareas\\\/#respond\"]}]},{\"@type\":\"WebPage\",\"@id\":\"https:\\\/\\\/informelitoral.com.ar\\\/la-superficie-destinada-a-cereales-invernales-sera-de-242-millones-de-hectareas\\\/\",\"url\":\"https:\\\/\\\/informelitoral.com.ar\\\/la-superficie-destinada-a-cereales-invernales-sera-de-242-millones-de-hectareas\\\/\",\"name\":\"La superficie destinada a cereales invernales ser\u00e1 de 2,42 millones de hect\u00e1reas - Informe Litoral\",\"isPartOf\":{\"@id\":\"https:\\\/\\\/informelitoral.com.ar\\\/#website\"},\"primaryImageOfPage\":{\"@id\":\"https:\\\/\\\/informelitoral.com.ar\\\/la-superficie-destinada-a-cereales-invernales-sera-de-242-millones-de-hectareas\\\/#primaryimage\"},\"image\":{\"@id\":\"https:\\\/\\\/informelitoral.com.ar\\\/la-superficie-destinada-a-cereales-invernales-sera-de-242-millones-de-hectareas\\\/#primaryimage\"},\"thumbnailUrl\":\"https:\\\/\\\/informelitoral.com.ar\\\/%77%70%2d%63%6f%6e%74%65%6e%74\\\/uploads\\\/2022\\\/04\\\/Cosecha-de-soja-john-deere-9770STS-3.jpg\",\"datePublished\":\"2023-06-14T11:14:51+00:00\",\"breadcrumb\":{\"@id\":\"https:\\\/\\\/informelitoral.com.ar\\\/la-superficie-destinada-a-cereales-invernales-sera-de-242-millones-de-hectareas\\\/#breadcrumb\"},\"inLanguage\":\"es\",\"potentialAction\":[{\"@type\":\"ReadAction\",\"target\":[\"https:\\\/\\\/informelitoral.com.ar\\\/la-superficie-destinada-a-cereales-invernales-sera-de-242-millones-de-hectareas\\\/\"]}]},{\"@type\":\"ImageObject\",\"inLanguage\":\"es\",\"@id\":\"https:\\\/\\\/informelitoral.com.ar\\\/la-superficie-destinada-a-cereales-invernales-sera-de-242-millones-de-hectareas\\\/#primaryimage\",\"url\":\"https:\\\/\\\/informelitoral.com.ar\\\/%77%70%2d%63%6f%6e%74%65%6e%74\\\/uploads\\\/2022\\\/04\\\/Cosecha-de-soja-john-deere-9770STS-3.jpg\",\"contentUrl\":\"https:\\\/\\\/informelitoral.com.ar\\\/%77%70%2d%63%6f%6e%74%65%6e%74\\\/uploads\\\/2022\\\/04\\\/Cosecha-de-soja-john-deere-9770STS-3.jpg\",\"width\":768,\"height\":514},{\"@type\":\"BreadcrumbList\",\"@id\":\"https:\\\/\\\/informelitoral.com.ar\\\/la-superficie-destinada-a-cereales-invernales-sera-de-242-millones-de-hectareas\\\/#breadcrumb\",\"itemListElement\":[{\"@type\":\"ListItem\",\"position\":1,\"name\":\"Portada\",\"item\":\"https:\\\/\\\/informelitoral.com.ar\\\/\"},{\"@type\":\"ListItem\",\"position\":2,\"name\":\"La superficie destinada a cereales invernales ser\u00e1 de 2,42 millones de hect\u00e1reas\"}]},{\"@type\":\"WebSite\",\"@id\":\"https:\\\/\\\/informelitoral.com.ar\\\/#website\",\"url\":\"https:\\\/\\\/informelitoral.com.ar\\\/\",\"name\":\"Informe Litoral\",\"description\":\"&quot;Nos informamos&quot; \",\"publisher\":{\"@id\":\"https:\\\/\\\/informelitoral.com.ar\\\/#organization\"},\"potentialAction\":[{\"@type\":\"SearchAction\",\"target\":{\"@type\":\"EntryPoint\",\"urlTemplate\":\"https:\\\/\\\/informelitoral.com.ar\\\/?s={search_term_string}\"},\"query-input\":{\"@type\":\"PropertyValueSpecification\",\"valueRequired\":true,\"valueName\":\"search_term_string\"}}],\"inLanguage\":\"es\"},{\"@type\":\"Organization\",\"@id\":\"https:\\\/\\\/informelitoral.com.ar\\\/#organization\",\"name\":\"Informe Litoral\",\"url\":\"https:\\\/\\\/informelitoral.com.ar\\\/\",\"logo\":{\"@type\":\"ImageObject\",\"inLanguage\":\"es\",\"@id\":\"https:\\\/\\\/informelitoral.com.ar\\\/#\\\/schema\\\/logo\\\/image\\\/\",\"url\":\"https:\\\/\\\/informelitoral.com.ar\\\/%77%70%2d%63%6f%6e%74%65%6e%74\\\/uploads\\\/2021\\\/01\\\/circulo.png\",\"contentUrl\":\"https:\\\/\\\/informelitoral.com.ar\\\/%77%70%2d%63%6f%6e%74%65%6e%74\\\/uploads\\\/2021\\\/01\\\/circulo.png\",\"width\":723,\"height\":731,\"caption\":\"Informe Litoral\"},\"image\":{\"@id\":\"https:\\\/\\\/informelitoral.com.ar\\\/#\\\/schema\\\/logo\\\/image\\\/\"},\"sameAs\":[\"https:\\\/\\\/www.facebook.com\\\/informelitoral\\\/\",\"https:\\\/\\\/x.com\\\/InformeLitoral\",\"https:\\\/\\\/www.instagram.com\\\/informelitoral\\\/\",\"https:\\\/\\\/www.youtube.com\\\/channel\\\/UCua4Qvz8Icb6MYqhoq9xLXw\"]},{\"@type\":\"Person\",\"@id\":\"https:\\\/\\\/informelitoral.com.ar\\\/#\\\/schema\\\/person\\\/f05f9f461677119578717524b127d6d5\",\"name\":\"Sebastian\",\"image\":{\"@type\":\"ImageObject\",\"inLanguage\":\"es\",\"@id\":\"https:\\\/\\\/secure.gravatar.com\\\/avatar\\\/b71bf7481d447dfb9583c7f2798e7cc64de6efb9067b74633ed8c31059a3bd82?s=96&d=mm&r=g\",\"url\":\"https:\\\/\\\/secure.gravatar.com\\\/avatar\\\/b71bf7481d447dfb9583c7f2798e7cc64de6efb9067b74633ed8c31059a3bd82?s=96&d=mm&r=g\",\"contentUrl\":\"https:\\\/\\\/secure.gravatar.com\\\/avatar\\\/b71bf7481d447dfb9583c7f2798e7cc64de6efb9067b74633ed8c31059a3bd82?s=96&d=mm&r=g\",\"caption\":\"Sebastian\"},\"url\":\"https:\\\/\\\/informelitoral.com.ar\\\/author\\\/sebastian\\\/\"}]}<\/script>","yoast_head_json":{"title":"La superficie destinada a cereales invernales ser\u00e1 de 2,42 millones de hect\u00e1reas - Informe Litoral","robots":{"index":"index","follow":"follow","max-snippet":"max-snippet:-1","max-image-preview":"max-image-preview:large","max-video-preview":"max-video-preview:-1"},"canonical":"https:\/\/informelitoral.com.ar\/la-superficie-destinada-a-cereales-invernales-sera-de-242-millones-de-hectareas\/","og_locale":"es_ES","og_type":"article","og_title":"La superficie destinada a cereales invernales ser\u00e1 de 2,42 millones de hect\u00e1reas - Informe Litoral","og_description":"Este volumen tendr\u00e1 un leve incremento de trigo y una disminuci\u00f3n proporcional en cebada, seg\u00fan la Bolsa de Cereales y Productos de Bah\u00eda Blanca. Actualmente se avanza con las labores de siembra.","og_url":"https:\/\/informelitoral.com.ar\/la-superficie-destinada-a-cereales-invernales-sera-de-242-millones-de-hectareas\/","og_site_name":"Informe Litoral","article_publisher":"https:\/\/www.facebook.com\/informelitoral\/","article_published_time":"2023-06-14T11:14:51+00:00","og_image":[{"width":768,"height":514,"url":"https:\/\/informelitoral.com.ar\/%77%70%2d%63%6f%6e%74%65%6e%74\/uploads\/2022\/04\/Cosecha-de-soja-john-deere-9770STS-3.jpg","type":"image\/jpeg"}],"author":"Sebastian","twitter_card":"summary_large_image","twitter_creator":"@InformeLitoral","twitter_site":"@InformeLitoral","twitter_misc":{"Escrito por":"Sebastian","Tiempo de lectura":"2 minutos"},"schema":{"@context":"https:\/\/schema.org","@graph":[{"@type":"Article","@id":"https:\/\/informelitoral.com.ar\/la-superficie-destinada-a-cereales-invernales-sera-de-242-millones-de-hectareas\/#article","isPartOf":{"@id":"https:\/\/informelitoral.com.ar\/la-superficie-destinada-a-cereales-invernales-sera-de-242-millones-de-hectareas\/"},"author":{"name":"Sebastian","@id":"https:\/\/informelitoral.com.ar\/#\/schema\/person\/f05f9f461677119578717524b127d6d5"},"headline":"La superficie destinada a cereales invernales ser\u00e1 de 2,42 millones de hect\u00e1reas","datePublished":"2023-06-14T11:14:51+00:00","mainEntityOfPage":{"@id":"https:\/\/informelitoral.com.ar\/la-superficie-destinada-a-cereales-invernales-sera-de-242-millones-de-hectareas\/"},"wordCount":479,"commentCount":0,"publisher":{"@id":"https:\/\/informelitoral.com.ar\/#organization"},"image":{"@id":"https:\/\/informelitoral.com.ar\/la-superficie-destinada-a-cereales-invernales-sera-de-242-millones-de-hectareas\/#primaryimage"},"thumbnailUrl":"https:\/\/informelitoral.com.ar\/%77%70%2d%63%6f%6e%74%65%6e%74\/uploads\/2022\/04\/Cosecha-de-soja-john-deere-9770STS-3.jpg","keywords":["Cereales invernales"],"articleSection":["Campo"],"inLanguage":"es","potentialAction":[{"@type":"CommentAction","name":"Comment","target":["https:\/\/informelitoral.com.ar\/la-superficie-destinada-a-cereales-invernales-sera-de-242-millones-de-hectareas\/#respond"]}]},{"@type":"WebPage","@id":"https:\/\/informelitoral.com.ar\/la-superficie-destinada-a-cereales-invernales-sera-de-242-millones-de-hectareas\/","url":"https:\/\/informelitoral.com.ar\/la-superficie-destinada-a-cereales-invernales-sera-de-242-millones-de-hectareas\/","name":"La superficie destinada a cereales invernales ser\u00e1 de 2,42 millones de hect\u00e1reas - Informe Litoral","isPartOf":{"@id":"https:\/\/informelitoral.com.ar\/#website"},"primaryImageOfPage":{"@id":"https:\/\/informelitoral.com.ar\/la-superficie-destinada-a-cereales-invernales-sera-de-242-millones-de-hectareas\/#primaryimage"},"image":{"@id":"https:\/\/informelitoral.com.ar\/la-superficie-destinada-a-cereales-invernales-sera-de-242-millones-de-hectareas\/#primaryimage"},"thumbnailUrl":"https:\/\/informelitoral.com.ar\/%77%70%2d%63%6f%6e%74%65%6e%74\/uploads\/2022\/04\/Cosecha-de-soja-john-deere-9770STS-3.jpg","datePublished":"2023-06-14T11:14:51+00:00","breadcrumb":{"@id":"https:\/\/informelitoral.com.ar\/la-superficie-destinada-a-cereales-invernales-sera-de-242-millones-de-hectareas\/#breadcrumb"},"inLanguage":"es","potentialAction":[{"@type":"ReadAction","target":["https:\/\/informelitoral.com.ar\/la-superficie-destinada-a-cereales-invernales-sera-de-242-millones-de-hectareas\/"]}]},{"@type":"ImageObject","inLanguage":"es","@id":"https:\/\/informelitoral.com.ar\/la-superficie-destinada-a-cereales-invernales-sera-de-242-millones-de-hectareas\/#primaryimage","url":"https:\/\/informelitoral.com.ar\/%77%70%2d%63%6f%6e%74%65%6e%74\/uploads\/2022\/04\/Cosecha-de-soja-john-deere-9770STS-3.jpg","contentUrl":"https:\/\/informelitoral.com.ar\/%77%70%2d%63%6f%6e%74%65%6e%74\/uploads\/2022\/04\/Cosecha-de-soja-john-deere-9770STS-3.jpg","width":768,"height":514},{"@type":"BreadcrumbList","@id":"https:\/\/informelitoral.com.ar\/la-superficie-destinada-a-cereales-invernales-sera-de-242-millones-de-hectareas\/#breadcrumb","itemListElement":[{"@type":"ListItem","position":1,"name":"Portada","item":"https:\/\/informelitoral.com.ar\/"},{"@type":"ListItem","position":2,"name":"La superficie destinada a cereales invernales ser\u00e1 de 2,42 millones de hect\u00e1reas"}]},{"@type":"WebSite","@id":"https:\/\/informelitoral.com.ar\/#website","url":"https:\/\/informelitoral.com.ar\/","name":"Informe Litoral","description":"&quot;Nos informamos&quot; ","publisher":{"@id":"https:\/\/informelitoral.com.ar\/#organization"},"potentialAction":[{"@type":"SearchAction","target":{"@type":"EntryPoint","urlTemplate":"https:\/\/informelitoral.com.ar\/?s={search_term_string}"},"query-input":{"@type":"PropertyValueSpecification","valueRequired":true,"valueName":"search_term_string"}}],"inLanguage":"es"},{"@type":"Organization","@id":"https:\/\/informelitoral.com.ar\/#organization","name":"Informe Litoral","url":"https:\/\/informelitoral.com.ar\/","logo":{"@type":"ImageObject","inLanguage":"es","@id":"https:\/\/informelitoral.com.ar\/#\/schema\/logo\/image\/","url":"https:\/\/informelitoral.com.ar\/%77%70%2d%63%6f%6e%74%65%6e%74\/uploads\/2021\/01\/circulo.png","contentUrl":"https:\/\/informelitoral.com.ar\/%77%70%2d%63%6f%6e%74%65%6e%74\/uploads\/2021\/01\/circulo.png","width":723,"height":731,"caption":"Informe Litoral"},"image":{"@id":"https:\/\/informelitoral.com.ar\/#\/schema\/logo\/image\/"},"sameAs":["https:\/\/www.facebook.com\/informelitoral\/","https:\/\/x.com\/InformeLitoral","https:\/\/www.instagram.com\/informelitoral\/","https:\/\/www.youtube.com\/channel\/UCua4Qvz8Icb6MYqhoq9xLXw"]},{"@type":"Person","@id":"https:\/\/informelitoral.com.ar\/#\/schema\/person\/f05f9f461677119578717524b127d6d5","name":"Sebastian","image":{"@type":"ImageObject","inLanguage":"es","@id":"https:\/\/secure.gravatar.com\/avatar\/b71bf7481d447dfb9583c7f2798e7cc64de6efb9067b74633ed8c31059a3bd82?s=96&d=mm&r=g","url":"https:\/\/secure.gravatar.com\/avatar\/b71bf7481d447dfb9583c7f2798e7cc64de6efb9067b74633ed8c31059a3bd82?s=96&d=mm&r=g","contentUrl":"https:\/\/secure.gravatar.com\/avatar\/b71bf7481d447dfb9583c7f2798e7cc64de6efb9067b74633ed8c31059a3bd82?s=96&d=mm&r=g","caption":"Sebastian"},"url":"https:\/\/informelitoral.com.ar\/author\/sebastian\/"}]}},"_links":{"self":[{"href":"https:\/\/informelitoral.com.ar\/%77%70%2d%6a%73%6f%6e\/wp\/v2\/posts\/153325","targetHints":{"allow":["GET"]}}],"collection":[{"href":"https:\/\/informelitoral.com.ar\/%77%70%2d%6a%73%6f%6e\/wp\/v2\/posts"}],"about":[{"href":"https:\/\/informelitoral.com.ar\/%77%70%2d%6a%73%6f%6e\/wp\/v2\/types\/post"}],"author":[{"embeddable":true,"href":"https:\/\/informelitoral.com.ar\/%77%70%2d%6a%73%6f%6e\/wp\/v2\/users\/8"}],"replies":[{"embeddable":true,"href":"https:\/\/informelitoral.com.ar\/%77%70%2d%6a%73%6f%6e\/wp\/v2\/comments?post=153325"}],"version-history":[{"count":0,"href":"https:\/\/informelitoral.com.ar\/%77%70%2d%6a%73%6f%6e\/wp\/v2\/posts\/153325\/revisions"}],"wp:featuredmedia":[{"embeddable":true,"href":"https:\/\/informelitoral.com.ar\/%77%70%2d%6a%73%6f%6e\/wp\/v2\/media\/74989"}],"wp:attachment":[{"href":"https:\/\/informelitoral.com.ar\/%77%70%2d%6a%73%6f%6e\/wp\/v2\/media?parent=153325"}],"wp:term":[{"taxonomy":"category","embeddable":true,"href":"https:\/\/informelitoral.com.ar\/%77%70%2d%6a%73%6f%6e\/wp\/v2\/categories?post=153325"},{"taxonomy":"post_tag","embeddable":true,"href":"https:\/\/informelitoral.com.ar\/%77%70%2d%6a%73%6f%6e\/wp\/v2\/tags?post=153325"}],"curies":[{"name":"wp","href":"https:\/\/api.w.org\/{rel}","templated":true}]}}