{"id":15328,"date":"2016-04-15T08:16:05","date_gmt":"2016-04-15T11:16:05","guid":{"rendered":"http:\/\/www.isletasnoticias.com.ar\/?p=15328"},"modified":"2016-04-15T08:16:05","modified_gmt":"2016-04-15T11:16:05","slug":"aseguran-que-el-63-de-la-soja-de-la-zona-nucleo-se-podria-perder","status":"publish","type":"post","link":"https:\/\/informelitoral.com.ar\/aseguran-que-el-63-de-la-soja-de-la-zona-nucleo-se-podria-perder\/","title":{"rendered":"Aseguran que el 63% de la soja de la zona n\u00facleo se podr\u00eda perder"},"content":{"rendered":"<p><strong>La Bolsa de Comercio de Rosario comunic\u00f3 que la situaci\u00f3n de la zona n\u00facleo es preocupante. \u00abM\u00e1s del 60% de la soja est\u00e1 comprometida y tambalean los 40 qq\/ha de promedio\u00bb, explic\u00f3 el GEA y defini\u00f3 a \u00e9ste abril como \u00abuno para el olvido\u00bb.<a href=\"http:\/\/www.isletasnoticias.com.ar\/%77%70%2d%63%6f%6e%74%65%6e%74\/uploads\/2016\/04\/12965-0000.jpg\" rel=\"attachment wp-att-15329\"><img loading=\"lazy\" decoding=\"async\" class=\"aligncenter wp-image-15329 size-full\" src=\"http:\/\/www.isletasnoticias.com.ar\/%77%70%2d%63%6f%6e%74%65%6e%74\/uploads\/2016\/04\/12965-0000.jpg\" alt=\"12965-0000\" width=\"647\" height=\"478\" srcset=\"https:\/\/informelitoral.com.ar\/%77%70%2d%63%6f%6e%74%65%6e%74\/uploads\/2016\/04\/12965-0000.jpg 647w, https:\/\/informelitoral.com.ar\/%77%70%2d%63%6f%6e%74%65%6e%74\/uploads\/2016\/04\/12965-0000-300x222.jpg 300w\" sizes=\"auto, (max-width: 647px) 100vw, 647px\" \/><\/a><\/strong><\/p>\n<div class=\"cajas-in-content\"><\/div>\n<p>\u00abEl 63% del \u00e1rea de soja de primera que resta cosechar se encuentra bajo riesgo de p\u00e9rdidas. El oscurecimiento de las plantas, producto de la proliferaci\u00f3n de enfermedades y el brotado de la semilla en la vaina, ponen en jaque la calidad comercial. Alertan la posibilidad de p\u00e9rdida por desgrane si las condiciones ambientales se tornan secas. La merma de rindes aun no puede predecirse, hay numerosos lotes a los que no puede accederse, pero los s\u00edntomas de deterioro comienzan a ser visibles\u00bb, asegura la Gu\u00eda Estrat\u00e9gica para el Agro de la Bolsa de Comercio de Rosario.<\/p>\n<p>En cuanto a los pron\u00f3sticos de lluvias, el GEA asegura que continuar\u00e1n \u00abhasta el lunes, con altas temperaturas que intensificar\u00edan los problemas. En las \u00faltimas dos semanas cayeron 150 mm de promedio, de lluvias casi continuas, paralizando el avance de la cosecha. Los caminos presentan un estado calamitoso. Se ans\u00eda una semana de cielo despejado y viento para salvar la cosecha\u00bb.<\/p>\n<p><strong>Tambalean los 40 qq\/ha de promedio<\/strong><\/p>\n<p>\u00abSin piso ni caminos transitables, se espera a que esclarezca el cielo. Los cuadros de soja se ti\u00f1en de negro producto del avance de las enfermedades. Los que presentaron chinches durante su maduraci\u00f3n son los m\u00e1s susceptibles al ingreso de pat\u00f3genos a la semilla. Por otro lado, la excesiva humedad embebe los granos provocando su brotado y la apertura de vainas. Este s\u00edntoma, si bien no est\u00e1 generalizado, puede agravarse con el aumento de las temperaturas y la continuidad de las lloviznas\u00bb, inform\u00f3 la BCR seg\u00fan reprodujo <em>Infocampo.\u00a0<\/em><\/p>\n<p>Sobre la calidad del grano, \u00abtiene altas chances de ser castigada al momento de la entrega. La cosecha, que hasta antes de las lluvias, en pocos d\u00edas lleg\u00f3 a cubrir el 37% de las hect\u00e1reas de soja de primera, hoy est\u00e1 lejos de retomar aquella intensa actividad. El estado de los caminos relentecer\u00e1 a\u00fan m\u00e1s el comienzo de la recolecci\u00f3n, promoviendo la estrategia de embolsar\u00bb, detalla el informe.<\/p>\n<p><strong>Un abril para el olvido<\/strong><br \/>\n\u00abProbablemente, la extensa duraci\u00f3n de este temporal justo en plena trilla quedar\u00e1 en la memoria como uno de los peores escenarios para cosechar. En solo dos semanas la localidad de Alvear acumul\u00f3 la impresionante cifra de 254 mm, le siguen Rosario y Pujato con 229 mm. La inestabilidad se mantendr\u00e1 hasta el pr\u00f3ximo lunes con acumulados importantes en la provincia de Santa Fe. El martes los pron\u00f3sticos indican un descenso de la temperatura y condiciones secas para la regi\u00f3n\u00bb, indic\u00f3 el GEA.<\/p>\n<p><strong>Los m\u00e1s tard\u00edos pueden resistir<\/strong><br \/>\nY finaliz\u00f3: \u00abLos ma\u00edces sembrados en diciembre mantienen buenas perspectivas por el momento. En tanto, las sojas de segunda, que a\u00fan se encuentran terminando de llenar el grano, pueden tolerar mejor la condici\u00f3n de humedad. Mientras tanto, el ma\u00edz de primera ser\u00e1 relegado por la cosecha de soja. Por el momento, al no haber vientos fuertes, no se esperan vuelcos de plantas\u00bb.<\/p>\n","protected":false},"excerpt":{"rendered":"<p>La Bolsa de Comercio de Rosario comunic&oacute; que la situaci&oacute;n de la zona n&uacute;cleo es preocupante. &laquo;M&aacute;s del 60% de la soja est&aacute; comprometida y tambalean los 40 qq\/ha de promedio&raquo;, explic&oacute; el GEA y defini&oacute; a &eacute;ste abril como &laquo;uno para el olvido&raquo;. &laquo;El 63% del &aacute;rea de soja de primera que resta cosechar [&hellip;]<\/p>\n","protected":false},"author":2,"featured_media":0,"comment_status":"open","ping_status":"open","sticky":false,"template":"","format":"standard","meta":{"fifu_image_url":"","fifu_image_alt":"","footnotes":""},"categories":[10],"tags":[],"class_list":{"0":"post-15328","1":"post","2":"type-post","3":"status-publish","4":"format-standard","6":"category-campo"},"yoast_head":"<title>Aseguran que el 63% de la soja de la zona n\u00facleo se podr\u00eda perder - Informe Litoral<\/title>\n<meta name=\"robots\" content=\"index, follow, max-snippet:-1, max-image-preview:large, max-video-preview:-1\" \/>\n<link rel=\"canonical\" href=\"https:\/\/informelitoral.com.ar\/aseguran-que-el-63-de-la-soja-de-la-zona-nucleo-se-podria-perder\/\" \/>\n<meta property=\"og:locale\" content=\"es_ES\" \/>\n<meta property=\"og:type\" content=\"article\" \/>\n<meta property=\"og:title\" content=\"Aseguran que el 63% de la soja de la zona n\u00facleo se podr\u00eda perder - Informe Litoral\" \/>\n<meta property=\"og:description\" content=\"La Bolsa de Comercio de Rosario comunic&oacute; que la situaci&oacute;n de la zona n&uacute;cleo es preocupante. &laquo;M&aacute;s del 60% de la soja est&aacute; comprometida y tambalean los 40 qq\/ha de promedio&raquo;, explic&oacute; el GEA y defini&oacute; a &eacute;ste abril como &laquo;uno para el olvido&raquo;. &laquo;El 63% del &aacute;rea de soja de primera que resta cosechar [&hellip;]\" \/>\n<meta property=\"og:url\" content=\"https:\/\/informelitoral.com.ar\/aseguran-que-el-63-de-la-soja-de-la-zona-nucleo-se-podria-perder\/\" \/>\n<meta property=\"og:site_name\" content=\"Informe Litoral\" \/>\n<meta property=\"article:publisher\" content=\"https:\/\/www.facebook.com\/informelitoral\/\" \/>\n<meta property=\"article:published_time\" content=\"2016-04-15T11:16:05+00:00\" \/>\n<meta property=\"og:image\" content=\"https:\/\/informelitoral.com.ar\/%77%70%2d%63%6f%6e%74%65%6e%74\/uploads\/2016\/04\/12965-0000.jpg\" \/>\n\t<meta property=\"og:image:width\" content=\"647\" \/>\n\t<meta property=\"og:image:height\" content=\"478\" \/>\n\t<meta property=\"og:image:type\" content=\"image\/jpeg\" \/>\n<meta name=\"author\" content=\"Gonzalo Schmidt\" \/>\n<meta name=\"twitter:card\" content=\"summary_large_image\" \/>\n<meta name=\"twitter:creator\" content=\"@InformeLitoral\" \/>\n<meta name=\"twitter:site\" content=\"@InformeLitoral\" \/>\n<meta name=\"twitter:label1\" content=\"Escrito por\" \/>\n\t<meta name=\"twitter:data1\" content=\"Gonzalo Schmidt\" \/>\n\t<meta name=\"twitter:label2\" content=\"Tiempo de lectura\" \/>\n\t<meta name=\"twitter:data2\" content=\"3 minutos\" \/>\n<script type=\"application\/ld+json\" class=\"yoast-schema-graph\">{\"@context\":\"https:\\\/\\\/schema.org\",\"@graph\":[{\"@type\":\"Article\",\"@id\":\"https:\\\/\\\/informelitoral.com.ar\\\/aseguran-que-el-63-de-la-soja-de-la-zona-nucleo-se-podria-perder\\\/#article\",\"isPartOf\":{\"@id\":\"https:\\\/\\\/informelitoral.com.ar\\\/aseguran-que-el-63-de-la-soja-de-la-zona-nucleo-se-podria-perder\\\/\"},\"author\":{\"name\":\"Gonzalo Schmidt\",\"@id\":\"https:\\\/\\\/informelitoral.com.ar\\\/#\\\/schema\\\/person\\\/b9d00407c836482871ef1d57bf8e3180\"},\"headline\":\"Aseguran que el 63% de la soja de la zona n\u00facleo se podr\u00eda perder\",\"datePublished\":\"2016-04-15T11:16:05+00:00\",\"mainEntityOfPage\":{\"@id\":\"https:\\\/\\\/informelitoral.com.ar\\\/aseguran-que-el-63-de-la-soja-de-la-zona-nucleo-se-podria-perder\\\/\"},\"wordCount\":561,\"commentCount\":0,\"publisher\":{\"@id\":\"https:\\\/\\\/informelitoral.com.ar\\\/#organization\"},\"image\":{\"@id\":\"https:\\\/\\\/informelitoral.com.ar\\\/aseguran-que-el-63-de-la-soja-de-la-zona-nucleo-se-podria-perder\\\/#primaryimage\"},\"thumbnailUrl\":\"http:\\\/\\\/www.isletasnoticias.com.ar\\\/%77%70%2d%63%6f%6e%74%65%6e%74\\\/uploads\\\/2016\\\/04\\\/12965-0000.jpg\",\"articleSection\":[\"Campo\"],\"inLanguage\":\"es\",\"potentialAction\":[{\"@type\":\"CommentAction\",\"name\":\"Comment\",\"target\":[\"https:\\\/\\\/informelitoral.com.ar\\\/aseguran-que-el-63-de-la-soja-de-la-zona-nucleo-se-podria-perder\\\/#respond\"]}]},{\"@type\":\"WebPage\",\"@id\":\"https:\\\/\\\/informelitoral.com.ar\\\/aseguran-que-el-63-de-la-soja-de-la-zona-nucleo-se-podria-perder\\\/\",\"url\":\"https:\\\/\\\/informelitoral.com.ar\\\/aseguran-que-el-63-de-la-soja-de-la-zona-nucleo-se-podria-perder\\\/\",\"name\":\"Aseguran que el 63% de la soja de la zona n\u00facleo se podr\u00eda perder - Informe Litoral\",\"isPartOf\":{\"@id\":\"https:\\\/\\\/informelitoral.com.ar\\\/#website\"},\"primaryImageOfPage\":{\"@id\":\"https:\\\/\\\/informelitoral.com.ar\\\/aseguran-que-el-63-de-la-soja-de-la-zona-nucleo-se-podria-perder\\\/#primaryimage\"},\"image\":{\"@id\":\"https:\\\/\\\/informelitoral.com.ar\\\/aseguran-que-el-63-de-la-soja-de-la-zona-nucleo-se-podria-perder\\\/#primaryimage\"},\"thumbnailUrl\":\"http:\\\/\\\/www.isletasnoticias.com.ar\\\/%77%70%2d%63%6f%6e%74%65%6e%74\\\/uploads\\\/2016\\\/04\\\/12965-0000.jpg\",\"datePublished\":\"2016-04-15T11:16:05+00:00\",\"breadcrumb\":{\"@id\":\"https:\\\/\\\/informelitoral.com.ar\\\/aseguran-que-el-63-de-la-soja-de-la-zona-nucleo-se-podria-perder\\\/#breadcrumb\"},\"inLanguage\":\"es\",\"potentialAction\":[{\"@type\":\"ReadAction\",\"target\":[\"https:\\\/\\\/informelitoral.com.ar\\\/aseguran-que-el-63-de-la-soja-de-la-zona-nucleo-se-podria-perder\\\/\"]}]},{\"@type\":\"ImageObject\",\"inLanguage\":\"es\",\"@id\":\"https:\\\/\\\/informelitoral.com.ar\\\/aseguran-que-el-63-de-la-soja-de-la-zona-nucleo-se-podria-perder\\\/#primaryimage\",\"url\":\"http:\\\/\\\/www.isletasnoticias.com.ar\\\/%77%70%2d%63%6f%6e%74%65%6e%74\\\/uploads\\\/2016\\\/04\\\/12965-0000.jpg\",\"contentUrl\":\"http:\\\/\\\/www.isletasnoticias.com.ar\\\/%77%70%2d%63%6f%6e%74%65%6e%74\\\/uploads\\\/2016\\\/04\\\/12965-0000.jpg\"},{\"@type\":\"BreadcrumbList\",\"@id\":\"https:\\\/\\\/informelitoral.com.ar\\\/aseguran-que-el-63-de-la-soja-de-la-zona-nucleo-se-podria-perder\\\/#breadcrumb\",\"itemListElement\":[{\"@type\":\"ListItem\",\"position\":1,\"name\":\"Portada\",\"item\":\"https:\\\/\\\/informelitoral.com.ar\\\/\"},{\"@type\":\"ListItem\",\"position\":2,\"name\":\"Aseguran que el 63% de la soja de la zona n\u00facleo se podr\u00eda perder\"}]},{\"@type\":\"WebSite\",\"@id\":\"https:\\\/\\\/informelitoral.com.ar\\\/#website\",\"url\":\"https:\\\/\\\/informelitoral.com.ar\\\/\",\"name\":\"Informe Litoral\",\"description\":\"&quot;Nos informamos&quot; \",\"publisher\":{\"@id\":\"https:\\\/\\\/informelitoral.com.ar\\\/#organization\"},\"potentialAction\":[{\"@type\":\"SearchAction\",\"target\":{\"@type\":\"EntryPoint\",\"urlTemplate\":\"https:\\\/\\\/informelitoral.com.ar\\\/?s={search_term_string}\"},\"query-input\":{\"@type\":\"PropertyValueSpecification\",\"valueRequired\":true,\"valueName\":\"search_term_string\"}}],\"inLanguage\":\"es\"},{\"@type\":\"Organization\",\"@id\":\"https:\\\/\\\/informelitoral.com.ar\\\/#organization\",\"name\":\"Informe Litoral\",\"url\":\"https:\\\/\\\/informelitoral.com.ar\\\/\",\"logo\":{\"@type\":\"ImageObject\",\"inLanguage\":\"es\",\"@id\":\"https:\\\/\\\/informelitoral.com.ar\\\/#\\\/schema\\\/logo\\\/image\\\/\",\"url\":\"https:\\\/\\\/informelitoral.com.ar\\\/%77%70%2d%63%6f%6e%74%65%6e%74\\\/uploads\\\/2021\\\/01\\\/circulo.png\",\"contentUrl\":\"https:\\\/\\\/informelitoral.com.ar\\\/%77%70%2d%63%6f%6e%74%65%6e%74\\\/uploads\\\/2021\\\/01\\\/circulo.png\",\"width\":723,\"height\":731,\"caption\":\"Informe Litoral\"},\"image\":{\"@id\":\"https:\\\/\\\/informelitoral.com.ar\\\/#\\\/schema\\\/logo\\\/image\\\/\"},\"sameAs\":[\"https:\\\/\\\/www.facebook.com\\\/informelitoral\\\/\",\"https:\\\/\\\/x.com\\\/InformeLitoral\",\"https:\\\/\\\/www.instagram.com\\\/informelitoral\\\/\",\"https:\\\/\\\/www.youtube.com\\\/channel\\\/UCua4Qvz8Icb6MYqhoq9xLXw\"]},{\"@type\":\"Person\",\"@id\":\"https:\\\/\\\/informelitoral.com.ar\\\/#\\\/schema\\\/person\\\/b9d00407c836482871ef1d57bf8e3180\",\"name\":\"Gonzalo Schmidt\",\"image\":{\"@type\":\"ImageObject\",\"inLanguage\":\"es\",\"@id\":\"https:\\\/\\\/secure.gravatar.com\\\/avatar\\\/31a1a7b66ff2de83bd0e9fd79d026630d2d99e55e8bfe501287647b4fd9743de?s=96&d=mm&r=g\",\"url\":\"https:\\\/\\\/secure.gravatar.com\\\/avatar\\\/31a1a7b66ff2de83bd0e9fd79d026630d2d99e55e8bfe501287647b4fd9743de?s=96&d=mm&r=g\",\"contentUrl\":\"https:\\\/\\\/secure.gravatar.com\\\/avatar\\\/31a1a7b66ff2de83bd0e9fd79d026630d2d99e55e8bfe501287647b4fd9743de?s=96&d=mm&r=g\",\"caption\":\"Gonzalo Schmidt\"},\"description\":\"Sitio web de noticias de la provincia de Entre R\u00edos, Argentina. Informaci\u00f3n y entretenimiento. Informe Litoral, nos informamos.\",\"sameAs\":[\"http:\\\/\\\/www.isletasnoticias.com.ar\"],\"url\":\"https:\\\/\\\/informelitoral.com.ar\\\/author\\\/gonzalo\\\/\"}]}<\/script>","yoast_head_json":{"title":"Aseguran que el 63% de la soja de la zona n\u00facleo se podr\u00eda perder - Informe Litoral","robots":{"index":"index","follow":"follow","max-snippet":"max-snippet:-1","max-image-preview":"max-image-preview:large","max-video-preview":"max-video-preview:-1"},"canonical":"https:\/\/informelitoral.com.ar\/aseguran-que-el-63-de-la-soja-de-la-zona-nucleo-se-podria-perder\/","og_locale":"es_ES","og_type":"article","og_title":"Aseguran que el 63% de la soja de la zona n\u00facleo se podr\u00eda perder - Informe Litoral","og_description":"La Bolsa de Comercio de Rosario comunic&oacute; que la situaci&oacute;n de la zona n&uacute;cleo es preocupante. &laquo;M&aacute;s del 60% de la soja est&aacute; comprometida y tambalean los 40 qq\/ha de promedio&raquo;, explic&oacute; el GEA y defini&oacute; a &eacute;ste abril como &laquo;uno para el olvido&raquo;. &laquo;El 63% del &aacute;rea de soja de primera que resta cosechar [&hellip;]","og_url":"https:\/\/informelitoral.com.ar\/aseguran-que-el-63-de-la-soja-de-la-zona-nucleo-se-podria-perder\/","og_site_name":"Informe Litoral","article_publisher":"https:\/\/www.facebook.com\/informelitoral\/","article_published_time":"2016-04-15T11:16:05+00:00","og_image":[{"width":647,"height":478,"url":"https:\/\/informelitoral.com.ar\/%77%70%2d%63%6f%6e%74%65%6e%74\/uploads\/2016\/04\/12965-0000.jpg","type":"image\/jpeg"}],"author":"Gonzalo Schmidt","twitter_card":"summary_large_image","twitter_creator":"@InformeLitoral","twitter_site":"@InformeLitoral","twitter_misc":{"Escrito por":"Gonzalo Schmidt","Tiempo de lectura":"3 minutos"},"schema":{"@context":"https:\/\/schema.org","@graph":[{"@type":"Article","@id":"https:\/\/informelitoral.com.ar\/aseguran-que-el-63-de-la-soja-de-la-zona-nucleo-se-podria-perder\/#article","isPartOf":{"@id":"https:\/\/informelitoral.com.ar\/aseguran-que-el-63-de-la-soja-de-la-zona-nucleo-se-podria-perder\/"},"author":{"name":"Gonzalo Schmidt","@id":"https:\/\/informelitoral.com.ar\/#\/schema\/person\/b9d00407c836482871ef1d57bf8e3180"},"headline":"Aseguran que el 63% de la soja de la zona n\u00facleo se podr\u00eda perder","datePublished":"2016-04-15T11:16:05+00:00","mainEntityOfPage":{"@id":"https:\/\/informelitoral.com.ar\/aseguran-que-el-63-de-la-soja-de-la-zona-nucleo-se-podria-perder\/"},"wordCount":561,"commentCount":0,"publisher":{"@id":"https:\/\/informelitoral.com.ar\/#organization"},"image":{"@id":"https:\/\/informelitoral.com.ar\/aseguran-que-el-63-de-la-soja-de-la-zona-nucleo-se-podria-perder\/#primaryimage"},"thumbnailUrl":"http:\/\/www.isletasnoticias.com.ar\/%77%70%2d%63%6f%6e%74%65%6e%74\/uploads\/2016\/04\/12965-0000.jpg","articleSection":["Campo"],"inLanguage":"es","potentialAction":[{"@type":"CommentAction","name":"Comment","target":["https:\/\/informelitoral.com.ar\/aseguran-que-el-63-de-la-soja-de-la-zona-nucleo-se-podria-perder\/#respond"]}]},{"@type":"WebPage","@id":"https:\/\/informelitoral.com.ar\/aseguran-que-el-63-de-la-soja-de-la-zona-nucleo-se-podria-perder\/","url":"https:\/\/informelitoral.com.ar\/aseguran-que-el-63-de-la-soja-de-la-zona-nucleo-se-podria-perder\/","name":"Aseguran que el 63% de la soja de la zona n\u00facleo se podr\u00eda perder - Informe Litoral","isPartOf":{"@id":"https:\/\/informelitoral.com.ar\/#website"},"primaryImageOfPage":{"@id":"https:\/\/informelitoral.com.ar\/aseguran-que-el-63-de-la-soja-de-la-zona-nucleo-se-podria-perder\/#primaryimage"},"image":{"@id":"https:\/\/informelitoral.com.ar\/aseguran-que-el-63-de-la-soja-de-la-zona-nucleo-se-podria-perder\/#primaryimage"},"thumbnailUrl":"http:\/\/www.isletasnoticias.com.ar\/%77%70%2d%63%6f%6e%74%65%6e%74\/uploads\/2016\/04\/12965-0000.jpg","datePublished":"2016-04-15T11:16:05+00:00","breadcrumb":{"@id":"https:\/\/informelitoral.com.ar\/aseguran-que-el-63-de-la-soja-de-la-zona-nucleo-se-podria-perder\/#breadcrumb"},"inLanguage":"es","potentialAction":[{"@type":"ReadAction","target":["https:\/\/informelitoral.com.ar\/aseguran-que-el-63-de-la-soja-de-la-zona-nucleo-se-podria-perder\/"]}]},{"@type":"ImageObject","inLanguage":"es","@id":"https:\/\/informelitoral.com.ar\/aseguran-que-el-63-de-la-soja-de-la-zona-nucleo-se-podria-perder\/#primaryimage","url":"http:\/\/www.isletasnoticias.com.ar\/%77%70%2d%63%6f%6e%74%65%6e%74\/uploads\/2016\/04\/12965-0000.jpg","contentUrl":"http:\/\/www.isletasnoticias.com.ar\/%77%70%2d%63%6f%6e%74%65%6e%74\/uploads\/2016\/04\/12965-0000.jpg"},{"@type":"BreadcrumbList","@id":"https:\/\/informelitoral.com.ar\/aseguran-que-el-63-de-la-soja-de-la-zona-nucleo-se-podria-perder\/#breadcrumb","itemListElement":[{"@type":"ListItem","position":1,"name":"Portada","item":"https:\/\/informelitoral.com.ar\/"},{"@type":"ListItem","position":2,"name":"Aseguran que el 63% de la soja de la zona n\u00facleo se podr\u00eda perder"}]},{"@type":"WebSite","@id":"https:\/\/informelitoral.com.ar\/#website","url":"https:\/\/informelitoral.com.ar\/","name":"Informe Litoral","description":"&quot;Nos informamos&quot; ","publisher":{"@id":"https:\/\/informelitoral.com.ar\/#organization"},"potentialAction":[{"@type":"SearchAction","target":{"@type":"EntryPoint","urlTemplate":"https:\/\/informelitoral.com.ar\/?s={search_term_string}"},"query-input":{"@type":"PropertyValueSpecification","valueRequired":true,"valueName":"search_term_string"}}],"inLanguage":"es"},{"@type":"Organization","@id":"https:\/\/informelitoral.com.ar\/#organization","name":"Informe Litoral","url":"https:\/\/informelitoral.com.ar\/","logo":{"@type":"ImageObject","inLanguage":"es","@id":"https:\/\/informelitoral.com.ar\/#\/schema\/logo\/image\/","url":"https:\/\/informelitoral.com.ar\/%77%70%2d%63%6f%6e%74%65%6e%74\/uploads\/2021\/01\/circulo.png","contentUrl":"https:\/\/informelitoral.com.ar\/%77%70%2d%63%6f%6e%74%65%6e%74\/uploads\/2021\/01\/circulo.png","width":723,"height":731,"caption":"Informe Litoral"},"image":{"@id":"https:\/\/informelitoral.com.ar\/#\/schema\/logo\/image\/"},"sameAs":["https:\/\/www.facebook.com\/informelitoral\/","https:\/\/x.com\/InformeLitoral","https:\/\/www.instagram.com\/informelitoral\/","https:\/\/www.youtube.com\/channel\/UCua4Qvz8Icb6MYqhoq9xLXw"]},{"@type":"Person","@id":"https:\/\/informelitoral.com.ar\/#\/schema\/person\/b9d00407c836482871ef1d57bf8e3180","name":"Gonzalo Schmidt","image":{"@type":"ImageObject","inLanguage":"es","@id":"https:\/\/secure.gravatar.com\/avatar\/31a1a7b66ff2de83bd0e9fd79d026630d2d99e55e8bfe501287647b4fd9743de?s=96&d=mm&r=g","url":"https:\/\/secure.gravatar.com\/avatar\/31a1a7b66ff2de83bd0e9fd79d026630d2d99e55e8bfe501287647b4fd9743de?s=96&d=mm&r=g","contentUrl":"https:\/\/secure.gravatar.com\/avatar\/31a1a7b66ff2de83bd0e9fd79d026630d2d99e55e8bfe501287647b4fd9743de?s=96&d=mm&r=g","caption":"Gonzalo Schmidt"},"description":"Sitio web de noticias de la provincia de Entre R\u00edos, Argentina. Informaci\u00f3n y entretenimiento. Informe Litoral, nos informamos.","sameAs":["http:\/\/www.isletasnoticias.com.ar"],"url":"https:\/\/informelitoral.com.ar\/author\/gonzalo\/"}]}},"_links":{"self":[{"href":"https:\/\/informelitoral.com.ar\/%77%70%2d%6a%73%6f%6e\/wp\/v2\/posts\/15328","targetHints":{"allow":["GET"]}}],"collection":[{"href":"https:\/\/informelitoral.com.ar\/%77%70%2d%6a%73%6f%6e\/wp\/v2\/posts"}],"about":[{"href":"https:\/\/informelitoral.com.ar\/%77%70%2d%6a%73%6f%6e\/wp\/v2\/types\/post"}],"author":[{"embeddable":true,"href":"https:\/\/informelitoral.com.ar\/%77%70%2d%6a%73%6f%6e\/wp\/v2\/users\/2"}],"replies":[{"embeddable":true,"href":"https:\/\/informelitoral.com.ar\/%77%70%2d%6a%73%6f%6e\/wp\/v2\/comments?post=15328"}],"version-history":[{"count":0,"href":"https:\/\/informelitoral.com.ar\/%77%70%2d%6a%73%6f%6e\/wp\/v2\/posts\/15328\/revisions"}],"wp:attachment":[{"href":"https:\/\/informelitoral.com.ar\/%77%70%2d%6a%73%6f%6e\/wp\/v2\/media?parent=15328"}],"wp:term":[{"taxonomy":"category","embeddable":true,"href":"https:\/\/informelitoral.com.ar\/%77%70%2d%6a%73%6f%6e\/wp\/v2\/categories?post=15328"},{"taxonomy":"post_tag","embeddable":true,"href":"https:\/\/informelitoral.com.ar\/%77%70%2d%6a%73%6f%6e\/wp\/v2\/tags?post=15328"}],"curies":[{"name":"wp","href":"https:\/\/api.w.org\/{rel}","templated":true}]}}