{"id":15324,"date":"2016-04-15T08:07:27","date_gmt":"2016-04-15T11:07:27","guid":{"rendered":"http:\/\/www.isletasnoticias.com.ar\/?p=15324"},"modified":"2016-04-15T08:10:14","modified_gmt":"2016-04-15T11:10:14","slug":"parana-bordet-y-el-intendente-varisco-avanzaron-en-la-concrecion-de-obras","status":"publish","type":"post","link":"https:\/\/informelitoral.com.ar\/parana-bordet-y-el-intendente-varisco-avanzaron-en-la-concrecion-de-obras\/","title":{"rendered":"Paran\u00e1: Bordet y el intendente Varisco avanzaron en la concreci\u00f3n de obras"},"content":{"rendered":"<div class=\"interior-bajada\"><strong>Se trata de\u00a0los desag\u00fces pluviales de Barrio Capib\u00e1, cuya inversi\u00f3n asciende a los 18 millones de pesos y que se concretar\u00e1 con una inversi\u00f3n del Fondo Fiduciario para el Desarrollo Regional. Tambi\u00e9n dialogaron sobre el mejoramiento de los accesos a la capital provincial y la realizaci\u00f3n, en conjunto, de los actos conmemorativos por el Bicentenario de la Independencia.<\/strong><\/div>\n<div class=\"interior-bajada\"><strong><a href=\"http:\/\/www.isletasnoticias.com.ar\/%77%70%2d%63%6f%6e%74%65%6e%74\/uploads\/2016\/04\/b_1460670328.jpg\" rel=\"attachment wp-att-15325\"><img loading=\"lazy\" decoding=\"async\" class=\"aligncenter wp-image-15325 size-full\" src=\"http:\/\/www.isletasnoticias.com.ar\/%77%70%2d%63%6f%6e%74%65%6e%74\/uploads\/2016\/04\/b_1460670328.jpg\" alt=\"b_1460670328\" width=\"492\" height=\"328\" srcset=\"https:\/\/informelitoral.com.ar\/%77%70%2d%63%6f%6e%74%65%6e%74\/uploads\/2016\/04\/b_1460670328.jpg 492w, https:\/\/informelitoral.com.ar\/%77%70%2d%63%6f%6e%74%65%6e%74\/uploads\/2016\/04\/b_1460670328-300x200.jpg 300w\" sizes=\"auto, (max-width: 492px) 100vw, 492px\" \/><\/a><\/strong><\/div>\n<div class=\"interior-bajada\">El gobernador <strong>Gustavo Bordet<\/strong> recibi\u00f3 este jueves en Casa de Gobierno al intendente de Paran\u00e1, <strong>Sergio Varisco<\/strong>, con quien dialog\u00f3 sobre la posibilidad de concretar obras para la ciudad y la forma de financiamiento para las mismas. Entre las que avanzaron, se encuentran los desag\u00fces pluviales de Barrio Capib\u00e1, cuya inversi\u00f3n asciende a los 18 millones de pesos y que se concretar\u00e1 con una inversi\u00f3n del Fondo Fiduciario para el Desarrollo Regional. Tambi\u00e9n se crear\u00e1 una comisi\u00f3n entre ambos gobiernos para llevar adelante los actos conmemorativos del Bicentenario de la Independencia.<\/p>\n<p>Luego del encuentro, Varisco explic\u00f3 que \u201cson obras que vamos a encarar con fondos del Fondo Fiduciario para el Desarrollo Regional, como es la del acceso a la ciudad y una en especial que nos interesa mucho que es el desag\u00fce pluvial de Barrio Capib\u00e1, obra de 18 millones de pesos y que va a beneficiar a la zona de Zanni y Newbery\u201d.<br \/>\nConsider\u00f3 que \u201cva llevar un tiempo la papeler\u00eda y posterior adjudicaci\u00f3n, pero nos vamos contentos porque esta obra se va hacer durante el a\u00f1o\u201d, afirm\u00f3.<br \/>\nVarisco observ\u00f3 que la falta de esta mejora obstaculiza el crecimiento de ese barrio: \u00abEs una zona que sin esta obra de desag\u00fce todo lo que se hace es precario\u201d.<\/p>\n<p>El jefe comunal acot\u00f3 que tambi\u00e9n el municipio est\u00e1 avanzando en un cr\u00e9dito del Banco Interamericano de Desarrollo (BID) \u201cy con \u00e9l vamos a encarar otras obras de mayor cuant\u00eda que \u00e9sta incluso, para beneficiar a Paran\u00e1\u201d.<\/p>\n<p>Otro tema que fue abordado con el mandatario provincial fue \u201ccrear un comisi\u00f3n entre provincia y municipio por el tema del Bicentenario de la Declaraci\u00f3n de la Independencia, ya se acerca el 9 de julio y esperamos llevar adelante obras conmemorativas y engalanar toda la ciudad\u201d, dijo.<\/p>\n<p>Finalmente indic\u00f3 que se avanza en gestiones para mejorar los accesos de la ciudad: \u201cUna que el gobernador mencion\u00f3 en su discurso ante la Asamblea Legislativa en febrero que es la segunda mano del acceso norte de calle Maya hasta la ruta 12; otras son el acceso sur que tiene que ver con avenida de las Am\u00e9ricas y el tramo de la Circunvalaci\u00f3n que falta entre Almafuerte y ese puente trunco, que nos une al acceso con San Benito. Son tres obras en la que est\u00e1n encaminadas las gestiones\u201d.<\/p><\/div>\n<div class=\"interior-bajada\"><\/div>\n<div class=\"interior-texto\"><\/div>\n","protected":false},"excerpt":{"rendered":"<p>Se trata de&nbsp;los desag&uuml;es pluviales de Barrio Capib&aacute;, cuya inversi&oacute;n asciende a los 18 millones de pesos y que se concretar&aacute; con una inversi&oacute;n del Fondo Fiduciario para el Desarrollo Regional. Tambi&eacute;n dialogaron sobre el mejoramiento de los accesos a la capital provincial y la realizaci&oacute;n, en conjunto, de los actos conmemorativos por el Bicentenario [&hellip;]<\/p>\n","protected":false},"author":2,"featured_media":0,"comment_status":"open","ping_status":"open","sticky":false,"template":"","format":"standard","meta":{"fifu_image_url":"","fifu_image_alt":"","footnotes":""},"categories":[6,16],"tags":[],"class_list":{"0":"post-15324","1":"post","2":"type-post","3":"status-publish","4":"format-standard","6":"category-entre-rios","7":"category-politi"},"yoast_head":"<title>Paran\u00e1: Bordet y el intendente Varisco avanzaron en la concreci\u00f3n de obras - Informe Litoral<\/title>\n<meta name=\"robots\" content=\"index, follow, max-snippet:-1, max-image-preview:large, max-video-preview:-1\" \/>\n<link rel=\"canonical\" href=\"https:\/\/informelitoral.com.ar\/parana-bordet-y-el-intendente-varisco-avanzaron-en-la-concrecion-de-obras\/\" \/>\n<meta property=\"og:locale\" content=\"es_ES\" \/>\n<meta property=\"og:type\" content=\"article\" \/>\n<meta property=\"og:title\" content=\"Paran\u00e1: Bordet y el intendente Varisco avanzaron en la concreci\u00f3n de obras - Informe Litoral\" \/>\n<meta property=\"og:description\" content=\"Se trata de&nbsp;los desag&uuml;es pluviales de Barrio Capib&aacute;, cuya inversi&oacute;n asciende a los 18 millones de pesos y que se concretar&aacute; con una inversi&oacute;n del Fondo Fiduciario para el Desarrollo Regional. Tambi&eacute;n dialogaron sobre el mejoramiento de los accesos a la capital provincial y la realizaci&oacute;n, en conjunto, de los actos conmemorativos por el Bicentenario [&hellip;]\" \/>\n<meta property=\"og:url\" content=\"https:\/\/informelitoral.com.ar\/parana-bordet-y-el-intendente-varisco-avanzaron-en-la-concrecion-de-obras\/\" \/>\n<meta property=\"og:site_name\" content=\"Informe Litoral\" \/>\n<meta property=\"article:publisher\" content=\"https:\/\/www.facebook.com\/informelitoral\/\" \/>\n<meta property=\"article:published_time\" content=\"2016-04-15T11:07:27+00:00\" \/>\n<meta property=\"article:modified_time\" content=\"2016-04-15T11:10:14+00:00\" \/>\n<meta property=\"og:image\" content=\"https:\/\/informelitoral.com.ar\/%77%70%2d%63%6f%6e%74%65%6e%74\/uploads\/2016\/04\/b_1460670328.jpg\" \/>\n\t<meta property=\"og:image:width\" content=\"492\" \/>\n\t<meta property=\"og:image:height\" content=\"328\" \/>\n\t<meta property=\"og:image:type\" content=\"image\/jpeg\" \/>\n<meta name=\"author\" content=\"Gonzalo Schmidt\" \/>\n<meta name=\"twitter:card\" content=\"summary_large_image\" \/>\n<meta name=\"twitter:creator\" content=\"@InformeLitoral\" \/>\n<meta name=\"twitter:site\" content=\"@InformeLitoral\" \/>\n<meta name=\"twitter:label1\" content=\"Escrito por\" \/>\n\t<meta name=\"twitter:data1\" content=\"Gonzalo Schmidt\" \/>\n\t<meta name=\"twitter:label2\" content=\"Tiempo de lectura\" \/>\n\t<meta name=\"twitter:data2\" content=\"2 minutos\" \/>\n<script type=\"application\/ld+json\" class=\"yoast-schema-graph\">{\"@context\":\"https:\\\/\\\/schema.org\",\"@graph\":[{\"@type\":\"Article\",\"@id\":\"https:\\\/\\\/informelitoral.com.ar\\\/parana-bordet-y-el-intendente-varisco-avanzaron-en-la-concrecion-de-obras\\\/#article\",\"isPartOf\":{\"@id\":\"https:\\\/\\\/informelitoral.com.ar\\\/parana-bordet-y-el-intendente-varisco-avanzaron-en-la-concrecion-de-obras\\\/\"},\"author\":{\"name\":\"Gonzalo Schmidt\",\"@id\":\"https:\\\/\\\/informelitoral.com.ar\\\/#\\\/schema\\\/person\\\/b9d00407c836482871ef1d57bf8e3180\"},\"headline\":\"Paran\u00e1: Bordet y el intendente Varisco avanzaron en la concreci\u00f3n de obras\",\"datePublished\":\"2016-04-15T11:07:27+00:00\",\"dateModified\":\"2016-04-15T11:10:14+00:00\",\"mainEntityOfPage\":{\"@id\":\"https:\\\/\\\/informelitoral.com.ar\\\/parana-bordet-y-el-intendente-varisco-avanzaron-en-la-concrecion-de-obras\\\/\"},\"wordCount\":472,\"commentCount\":0,\"publisher\":{\"@id\":\"https:\\\/\\\/informelitoral.com.ar\\\/#organization\"},\"image\":{\"@id\":\"https:\\\/\\\/informelitoral.com.ar\\\/parana-bordet-y-el-intendente-varisco-avanzaron-en-la-concrecion-de-obras\\\/#primaryimage\"},\"thumbnailUrl\":\"http:\\\/\\\/www.isletasnoticias.com.ar\\\/%77%70%2d%63%6f%6e%74%65%6e%74\\\/uploads\\\/2016\\\/04\\\/b_1460670328.jpg\",\"articleSection\":[\"Entre R\u00edos\",\"Politica\"],\"inLanguage\":\"es\",\"potentialAction\":[{\"@type\":\"CommentAction\",\"name\":\"Comment\",\"target\":[\"https:\\\/\\\/informelitoral.com.ar\\\/parana-bordet-y-el-intendente-varisco-avanzaron-en-la-concrecion-de-obras\\\/#respond\"]}]},{\"@type\":\"WebPage\",\"@id\":\"https:\\\/\\\/informelitoral.com.ar\\\/parana-bordet-y-el-intendente-varisco-avanzaron-en-la-concrecion-de-obras\\\/\",\"url\":\"https:\\\/\\\/informelitoral.com.ar\\\/parana-bordet-y-el-intendente-varisco-avanzaron-en-la-concrecion-de-obras\\\/\",\"name\":\"Paran\u00e1: Bordet y el intendente Varisco avanzaron en la concreci\u00f3n de obras - Informe Litoral\",\"isPartOf\":{\"@id\":\"https:\\\/\\\/informelitoral.com.ar\\\/#website\"},\"primaryImageOfPage\":{\"@id\":\"https:\\\/\\\/informelitoral.com.ar\\\/parana-bordet-y-el-intendente-varisco-avanzaron-en-la-concrecion-de-obras\\\/#primaryimage\"},\"image\":{\"@id\":\"https:\\\/\\\/informelitoral.com.ar\\\/parana-bordet-y-el-intendente-varisco-avanzaron-en-la-concrecion-de-obras\\\/#primaryimage\"},\"thumbnailUrl\":\"http:\\\/\\\/www.isletasnoticias.com.ar\\\/%77%70%2d%63%6f%6e%74%65%6e%74\\\/uploads\\\/2016\\\/04\\\/b_1460670328.jpg\",\"datePublished\":\"2016-04-15T11:07:27+00:00\",\"dateModified\":\"2016-04-15T11:10:14+00:00\",\"breadcrumb\":{\"@id\":\"https:\\\/\\\/informelitoral.com.ar\\\/parana-bordet-y-el-intendente-varisco-avanzaron-en-la-concrecion-de-obras\\\/#breadcrumb\"},\"inLanguage\":\"es\",\"potentialAction\":[{\"@type\":\"ReadAction\",\"target\":[\"https:\\\/\\\/informelitoral.com.ar\\\/parana-bordet-y-el-intendente-varisco-avanzaron-en-la-concrecion-de-obras\\\/\"]}]},{\"@type\":\"ImageObject\",\"inLanguage\":\"es\",\"@id\":\"https:\\\/\\\/informelitoral.com.ar\\\/parana-bordet-y-el-intendente-varisco-avanzaron-en-la-concrecion-de-obras\\\/#primaryimage\",\"url\":\"http:\\\/\\\/www.isletasnoticias.com.ar\\\/%77%70%2d%63%6f%6e%74%65%6e%74\\\/uploads\\\/2016\\\/04\\\/b_1460670328.jpg\",\"contentUrl\":\"http:\\\/\\\/www.isletasnoticias.com.ar\\\/%77%70%2d%63%6f%6e%74%65%6e%74\\\/uploads\\\/2016\\\/04\\\/b_1460670328.jpg\"},{\"@type\":\"BreadcrumbList\",\"@id\":\"https:\\\/\\\/informelitoral.com.ar\\\/parana-bordet-y-el-intendente-varisco-avanzaron-en-la-concrecion-de-obras\\\/#breadcrumb\",\"itemListElement\":[{\"@type\":\"ListItem\",\"position\":1,\"name\":\"Portada\",\"item\":\"https:\\\/\\\/informelitoral.com.ar\\\/\"},{\"@type\":\"ListItem\",\"position\":2,\"name\":\"Paran\u00e1: Bordet y el intendente Varisco avanzaron en la concreci\u00f3n de obras\"}]},{\"@type\":\"WebSite\",\"@id\":\"https:\\\/\\\/informelitoral.com.ar\\\/#website\",\"url\":\"https:\\\/\\\/informelitoral.com.ar\\\/\",\"name\":\"Informe Litoral\",\"description\":\"&quot;Nos informamos&quot; \",\"publisher\":{\"@id\":\"https:\\\/\\\/informelitoral.com.ar\\\/#organization\"},\"potentialAction\":[{\"@type\":\"SearchAction\",\"target\":{\"@type\":\"EntryPoint\",\"urlTemplate\":\"https:\\\/\\\/informelitoral.com.ar\\\/?s={search_term_string}\"},\"query-input\":{\"@type\":\"PropertyValueSpecification\",\"valueRequired\":true,\"valueName\":\"search_term_string\"}}],\"inLanguage\":\"es\"},{\"@type\":\"Organization\",\"@id\":\"https:\\\/\\\/informelitoral.com.ar\\\/#organization\",\"name\":\"Informe Litoral\",\"url\":\"https:\\\/\\\/informelitoral.com.ar\\\/\",\"logo\":{\"@type\":\"ImageObject\",\"inLanguage\":\"es\",\"@id\":\"https:\\\/\\\/informelitoral.com.ar\\\/#\\\/schema\\\/logo\\\/image\\\/\",\"url\":\"https:\\\/\\\/informelitoral.com.ar\\\/%77%70%2d%63%6f%6e%74%65%6e%74\\\/uploads\\\/2021\\\/01\\\/circulo.png\",\"contentUrl\":\"https:\\\/\\\/informelitoral.com.ar\\\/%77%70%2d%63%6f%6e%74%65%6e%74\\\/uploads\\\/2021\\\/01\\\/circulo.png\",\"width\":723,\"height\":731,\"caption\":\"Informe Litoral\"},\"image\":{\"@id\":\"https:\\\/\\\/informelitoral.com.ar\\\/#\\\/schema\\\/logo\\\/image\\\/\"},\"sameAs\":[\"https:\\\/\\\/www.facebook.com\\\/informelitoral\\\/\",\"https:\\\/\\\/x.com\\\/InformeLitoral\",\"https:\\\/\\\/www.instagram.com\\\/informelitoral\\\/\",\"https:\\\/\\\/www.youtube.com\\\/channel\\\/UCua4Qvz8Icb6MYqhoq9xLXw\"]},{\"@type\":\"Person\",\"@id\":\"https:\\\/\\\/informelitoral.com.ar\\\/#\\\/schema\\\/person\\\/b9d00407c836482871ef1d57bf8e3180\",\"name\":\"Gonzalo Schmidt\",\"image\":{\"@type\":\"ImageObject\",\"inLanguage\":\"es\",\"@id\":\"https:\\\/\\\/secure.gravatar.com\\\/avatar\\\/31a1a7b66ff2de83bd0e9fd79d026630d2d99e55e8bfe501287647b4fd9743de?s=96&d=mm&r=g\",\"url\":\"https:\\\/\\\/secure.gravatar.com\\\/avatar\\\/31a1a7b66ff2de83bd0e9fd79d026630d2d99e55e8bfe501287647b4fd9743de?s=96&d=mm&r=g\",\"contentUrl\":\"https:\\\/\\\/secure.gravatar.com\\\/avatar\\\/31a1a7b66ff2de83bd0e9fd79d026630d2d99e55e8bfe501287647b4fd9743de?s=96&d=mm&r=g\",\"caption\":\"Gonzalo Schmidt\"},\"description\":\"Sitio web de noticias de la provincia de Entre R\u00edos, Argentina. Informaci\u00f3n y entretenimiento. Informe Litoral, nos informamos.\",\"sameAs\":[\"http:\\\/\\\/www.isletasnoticias.com.ar\"],\"url\":\"https:\\\/\\\/informelitoral.com.ar\\\/author\\\/gonzalo\\\/\"}]}<\/script>","yoast_head_json":{"title":"Paran\u00e1: Bordet y el intendente Varisco avanzaron en la concreci\u00f3n de obras - Informe Litoral","robots":{"index":"index","follow":"follow","max-snippet":"max-snippet:-1","max-image-preview":"max-image-preview:large","max-video-preview":"max-video-preview:-1"},"canonical":"https:\/\/informelitoral.com.ar\/parana-bordet-y-el-intendente-varisco-avanzaron-en-la-concrecion-de-obras\/","og_locale":"es_ES","og_type":"article","og_title":"Paran\u00e1: Bordet y el intendente Varisco avanzaron en la concreci\u00f3n de obras - Informe Litoral","og_description":"Se trata de&nbsp;los desag&uuml;es pluviales de Barrio Capib&aacute;, cuya inversi&oacute;n asciende a los 18 millones de pesos y que se concretar&aacute; con una inversi&oacute;n del Fondo Fiduciario para el Desarrollo Regional. Tambi&eacute;n dialogaron sobre el mejoramiento de los accesos a la capital provincial y la realizaci&oacute;n, en conjunto, de los actos conmemorativos por el Bicentenario [&hellip;]","og_url":"https:\/\/informelitoral.com.ar\/parana-bordet-y-el-intendente-varisco-avanzaron-en-la-concrecion-de-obras\/","og_site_name":"Informe Litoral","article_publisher":"https:\/\/www.facebook.com\/informelitoral\/","article_published_time":"2016-04-15T11:07:27+00:00","article_modified_time":"2016-04-15T11:10:14+00:00","og_image":[{"width":492,"height":328,"url":"https:\/\/informelitoral.com.ar\/%77%70%2d%63%6f%6e%74%65%6e%74\/uploads\/2016\/04\/b_1460670328.jpg","type":"image\/jpeg"}],"author":"Gonzalo Schmidt","twitter_card":"summary_large_image","twitter_creator":"@InformeLitoral","twitter_site":"@InformeLitoral","twitter_misc":{"Escrito por":"Gonzalo Schmidt","Tiempo de lectura":"2 minutos"},"schema":{"@context":"https:\/\/schema.org","@graph":[{"@type":"Article","@id":"https:\/\/informelitoral.com.ar\/parana-bordet-y-el-intendente-varisco-avanzaron-en-la-concrecion-de-obras\/#article","isPartOf":{"@id":"https:\/\/informelitoral.com.ar\/parana-bordet-y-el-intendente-varisco-avanzaron-en-la-concrecion-de-obras\/"},"author":{"name":"Gonzalo Schmidt","@id":"https:\/\/informelitoral.com.ar\/#\/schema\/person\/b9d00407c836482871ef1d57bf8e3180"},"headline":"Paran\u00e1: Bordet y el intendente Varisco avanzaron en la concreci\u00f3n de obras","datePublished":"2016-04-15T11:07:27+00:00","dateModified":"2016-04-15T11:10:14+00:00","mainEntityOfPage":{"@id":"https:\/\/informelitoral.com.ar\/parana-bordet-y-el-intendente-varisco-avanzaron-en-la-concrecion-de-obras\/"},"wordCount":472,"commentCount":0,"publisher":{"@id":"https:\/\/informelitoral.com.ar\/#organization"},"image":{"@id":"https:\/\/informelitoral.com.ar\/parana-bordet-y-el-intendente-varisco-avanzaron-en-la-concrecion-de-obras\/#primaryimage"},"thumbnailUrl":"http:\/\/www.isletasnoticias.com.ar\/%77%70%2d%63%6f%6e%74%65%6e%74\/uploads\/2016\/04\/b_1460670328.jpg","articleSection":["Entre R\u00edos","Politica"],"inLanguage":"es","potentialAction":[{"@type":"CommentAction","name":"Comment","target":["https:\/\/informelitoral.com.ar\/parana-bordet-y-el-intendente-varisco-avanzaron-en-la-concrecion-de-obras\/#respond"]}]},{"@type":"WebPage","@id":"https:\/\/informelitoral.com.ar\/parana-bordet-y-el-intendente-varisco-avanzaron-en-la-concrecion-de-obras\/","url":"https:\/\/informelitoral.com.ar\/parana-bordet-y-el-intendente-varisco-avanzaron-en-la-concrecion-de-obras\/","name":"Paran\u00e1: Bordet y el intendente Varisco avanzaron en la concreci\u00f3n de obras - Informe Litoral","isPartOf":{"@id":"https:\/\/informelitoral.com.ar\/#website"},"primaryImageOfPage":{"@id":"https:\/\/informelitoral.com.ar\/parana-bordet-y-el-intendente-varisco-avanzaron-en-la-concrecion-de-obras\/#primaryimage"},"image":{"@id":"https:\/\/informelitoral.com.ar\/parana-bordet-y-el-intendente-varisco-avanzaron-en-la-concrecion-de-obras\/#primaryimage"},"thumbnailUrl":"http:\/\/www.isletasnoticias.com.ar\/%77%70%2d%63%6f%6e%74%65%6e%74\/uploads\/2016\/04\/b_1460670328.jpg","datePublished":"2016-04-15T11:07:27+00:00","dateModified":"2016-04-15T11:10:14+00:00","breadcrumb":{"@id":"https:\/\/informelitoral.com.ar\/parana-bordet-y-el-intendente-varisco-avanzaron-en-la-concrecion-de-obras\/#breadcrumb"},"inLanguage":"es","potentialAction":[{"@type":"ReadAction","target":["https:\/\/informelitoral.com.ar\/parana-bordet-y-el-intendente-varisco-avanzaron-en-la-concrecion-de-obras\/"]}]},{"@type":"ImageObject","inLanguage":"es","@id":"https:\/\/informelitoral.com.ar\/parana-bordet-y-el-intendente-varisco-avanzaron-en-la-concrecion-de-obras\/#primaryimage","url":"http:\/\/www.isletasnoticias.com.ar\/%77%70%2d%63%6f%6e%74%65%6e%74\/uploads\/2016\/04\/b_1460670328.jpg","contentUrl":"http:\/\/www.isletasnoticias.com.ar\/%77%70%2d%63%6f%6e%74%65%6e%74\/uploads\/2016\/04\/b_1460670328.jpg"},{"@type":"BreadcrumbList","@id":"https:\/\/informelitoral.com.ar\/parana-bordet-y-el-intendente-varisco-avanzaron-en-la-concrecion-de-obras\/#breadcrumb","itemListElement":[{"@type":"ListItem","position":1,"name":"Portada","item":"https:\/\/informelitoral.com.ar\/"},{"@type":"ListItem","position":2,"name":"Paran\u00e1: Bordet y el intendente Varisco avanzaron en la concreci\u00f3n de obras"}]},{"@type":"WebSite","@id":"https:\/\/informelitoral.com.ar\/#website","url":"https:\/\/informelitoral.com.ar\/","name":"Informe Litoral","description":"&quot;Nos informamos&quot; ","publisher":{"@id":"https:\/\/informelitoral.com.ar\/#organization"},"potentialAction":[{"@type":"SearchAction","target":{"@type":"EntryPoint","urlTemplate":"https:\/\/informelitoral.com.ar\/?s={search_term_string}"},"query-input":{"@type":"PropertyValueSpecification","valueRequired":true,"valueName":"search_term_string"}}],"inLanguage":"es"},{"@type":"Organization","@id":"https:\/\/informelitoral.com.ar\/#organization","name":"Informe Litoral","url":"https:\/\/informelitoral.com.ar\/","logo":{"@type":"ImageObject","inLanguage":"es","@id":"https:\/\/informelitoral.com.ar\/#\/schema\/logo\/image\/","url":"https:\/\/informelitoral.com.ar\/%77%70%2d%63%6f%6e%74%65%6e%74\/uploads\/2021\/01\/circulo.png","contentUrl":"https:\/\/informelitoral.com.ar\/%77%70%2d%63%6f%6e%74%65%6e%74\/uploads\/2021\/01\/circulo.png","width":723,"height":731,"caption":"Informe Litoral"},"image":{"@id":"https:\/\/informelitoral.com.ar\/#\/schema\/logo\/image\/"},"sameAs":["https:\/\/www.facebook.com\/informelitoral\/","https:\/\/x.com\/InformeLitoral","https:\/\/www.instagram.com\/informelitoral\/","https:\/\/www.youtube.com\/channel\/UCua4Qvz8Icb6MYqhoq9xLXw"]},{"@type":"Person","@id":"https:\/\/informelitoral.com.ar\/#\/schema\/person\/b9d00407c836482871ef1d57bf8e3180","name":"Gonzalo Schmidt","image":{"@type":"ImageObject","inLanguage":"es","@id":"https:\/\/secure.gravatar.com\/avatar\/31a1a7b66ff2de83bd0e9fd79d026630d2d99e55e8bfe501287647b4fd9743de?s=96&d=mm&r=g","url":"https:\/\/secure.gravatar.com\/avatar\/31a1a7b66ff2de83bd0e9fd79d026630d2d99e55e8bfe501287647b4fd9743de?s=96&d=mm&r=g","contentUrl":"https:\/\/secure.gravatar.com\/avatar\/31a1a7b66ff2de83bd0e9fd79d026630d2d99e55e8bfe501287647b4fd9743de?s=96&d=mm&r=g","caption":"Gonzalo Schmidt"},"description":"Sitio web de noticias de la provincia de Entre R\u00edos, Argentina. Informaci\u00f3n y entretenimiento. Informe Litoral, nos informamos.","sameAs":["http:\/\/www.isletasnoticias.com.ar"],"url":"https:\/\/informelitoral.com.ar\/author\/gonzalo\/"}]}},"_links":{"self":[{"href":"https:\/\/informelitoral.com.ar\/%77%70%2d%6a%73%6f%6e\/wp\/v2\/posts\/15324","targetHints":{"allow":["GET"]}}],"collection":[{"href":"https:\/\/informelitoral.com.ar\/%77%70%2d%6a%73%6f%6e\/wp\/v2\/posts"}],"about":[{"href":"https:\/\/informelitoral.com.ar\/%77%70%2d%6a%73%6f%6e\/wp\/v2\/types\/post"}],"author":[{"embeddable":true,"href":"https:\/\/informelitoral.com.ar\/%77%70%2d%6a%73%6f%6e\/wp\/v2\/users\/2"}],"replies":[{"embeddable":true,"href":"https:\/\/informelitoral.com.ar\/%77%70%2d%6a%73%6f%6e\/wp\/v2\/comments?post=15324"}],"version-history":[{"count":0,"href":"https:\/\/informelitoral.com.ar\/%77%70%2d%6a%73%6f%6e\/wp\/v2\/posts\/15324\/revisions"}],"wp:attachment":[{"href":"https:\/\/informelitoral.com.ar\/%77%70%2d%6a%73%6f%6e\/wp\/v2\/media?parent=15324"}],"wp:term":[{"taxonomy":"category","embeddable":true,"href":"https:\/\/informelitoral.com.ar\/%77%70%2d%6a%73%6f%6e\/wp\/v2\/categories?post=15324"},{"taxonomy":"post_tag","embeddable":true,"href":"https:\/\/informelitoral.com.ar\/%77%70%2d%6a%73%6f%6e\/wp\/v2\/tags?post=15324"}],"curies":[{"name":"wp","href":"https:\/\/api.w.org\/{rel}","templated":true}]}}