{"id":15319,"date":"2016-04-14T15:03:51","date_gmt":"2016-04-14T18:03:51","guid":{"rendered":"http:\/\/www.isletasnoticias.com.ar\/?p=15319"},"modified":"2016-04-14T15:04:38","modified_gmt":"2016-04-14T18:04:38","slug":"sin-tregua-pronostican-que-el-mal-clima-se-mantendra-al-menos-por-10-dias","status":"publish","type":"post","link":"https:\/\/informelitoral.com.ar\/sin-tregua-pronostican-que-el-mal-clima-se-mantendra-al-menos-por-10-dias\/","title":{"rendered":"Sin tregua: pronostican que el mal tiempo se mantendr\u00e1 al menos por 10 d\u00edas"},"content":{"rendered":"<p><strong>En casi dos semanas, llovi\u00f3 el triple de lo habitual en el Litoral y el SMN anuncia abundantes precipitaciones el fin de semana de hasta los 200 mil\u00edmetros. El norte de Entre R\u00edos, el sur de Corrientes y Santa Fe son las zonas m\u00e1s afectadas.<a href=\"http:\/\/www.isletasnoticias.com.ar\/%77%70%2d%63%6f%6e%74%65%6e%74\/uploads\/2016\/04\/o_1460651647.jpg\" rel=\"attachment wp-att-15321\"><img loading=\"lazy\" decoding=\"async\" class=\"aligncenter wp-image-15321 size-full\" src=\"http:\/\/www.isletasnoticias.com.ar\/%77%70%2d%63%6f%6e%74%65%6e%74\/uploads\/2016\/04\/o_1460651647.jpg\" alt=\"o_1460651647\" width=\"800\" height=\"450\" srcset=\"https:\/\/informelitoral.com.ar\/%77%70%2d%63%6f%6e%74%65%6e%74\/uploads\/2016\/04\/o_1460651647.jpg 800w, https:\/\/informelitoral.com.ar\/%77%70%2d%63%6f%6e%74%65%6e%74\/uploads\/2016\/04\/o_1460651647-300x169.jpg 300w, https:\/\/informelitoral.com.ar\/%77%70%2d%63%6f%6e%74%65%6e%74\/uploads\/2016\/04\/o_1460651647-768x432.jpg 768w\" sizes=\"auto, (max-width: 800px) 100vw, 800px\" \/><\/a><\/strong><\/p>\n<p>No son buenas las noticias para los miles de afectados por las lluvias en las \u00faltimas dos semanas en el Litoral: el agua seguir\u00e1 cayendo, al menos hasta el 23 de abril. As\u00ed lo indican las previsiones del Servicio Meteorol\u00f3gico Nacional (SMN), que dan cuenta de que en varias ciudades se ha hasta triplicado el registro habitual para este mes.<br \/>\n<i><\/i><\/p>\n<p><strong>Pron\u00f3stico del SMN para el fin de semana en Paran\u00e1 y La Paz<\/strong><\/p>\n<figure class=\"embed\"><img decoding=\"async\" title=\"\" src=\"http:\/\/elonce-media.elonce.com\/fotos-nuevo\/2016\/04\/14\/o_1460649741.jpg\" alt=\"\" width=\"640\" \/><\/figure>\n<p>La ciudad de Paran\u00e1 amaneci\u00f3 este jueves con el cielo \u00abencapotado\u00bb y, de ratos, apareci\u00f3 el sol. Sin embargo, persiste una suerte de \u00abtensa calma\u00bb a la espera de las lluvias que anuncian para los pr\u00f3ximos d\u00edas.<br \/>\nLos informes del Servicio Meteorol\u00f3gico Nacional no son alentadores, sobre todo teniendo en cuenta los casi 200 mil\u00edmetros que, en promedio, cayeron en la capital provincial.<\/p>\n<p>La lluvia da una tregua este jueves, pero el cielo sigue cubierto de nubes y se anuncian lluvias para los pr\u00f3ximos d\u00edas. El SMN mantiene vigente el pron\u00f3stico de \u00e1reas de lluvias y tormentas de variada intensidad que afectar\u00e1n a la provincia de Santa Fe, como as\u00ed tambi\u00e9n a Entre R\u00edos y Corrientes.<\/p>\n<figure class=\"embed\"><img decoding=\"async\" title=\"\" src=\"http:\/\/elonce-media.elonce.com\/fotos-nuevo\/2016\/04\/14\/o_1460649743.jpg\" alt=\"\" width=\"640\" \/><\/figure>\n<h5>Otros 200 mil\u00edmetros<\/h5>\n<p>El Servicio Meteorol\u00f3gico Nacional emiti\u00f3 para la Regi\u00f3n Mesopot\u00e1mica un informe especial que advierte por abundantes precipitaciones para el fin de semana que podr\u00edan superar localmente los 200 mil\u00edmetros.<br \/>\nA partir de este viernes, el SMN prev\u00e9 que \u00abcomenzar\u00e1n nuevamente a generarse \u00e1reas de lluvias y tormentas de variada intensidad que afectaran principalmente a las provincias de Santa Fe, Entre R\u00edos y sur de Corrientes\u00bb.<br \/>\nLas condiciones tender\u00e1n a persistir al menos hasta el martes 19 inclusive. \u00abLos totales de precipitaci\u00f3n acumulada durante este periodo podr\u00edan superar localmente los 200 mil\u00edmetros\u00bb, advierten.<\/p>\n<h5>El fen\u00f3meno del ni\u00f1o<\/h5>\n<p>\u00abLos oto\u00f1os posteriores a un fen\u00f3meno de El Ni\u00f1o fuerte, en general, suelen mostrar consecuencias, y \u00e9ste no es la excepci\u00f3n\u00bb, explica a <i>La Naci\u00f3n<\/i> el meteor\u00f3logo del SMN Jos\u00e9 Ignacio L\u00f3pez Amor\u00edn. El especialista se refiere a la influencia que la corriente c\u00e1lida del Pac\u00edfico genera en estas latitudes cuando se desarrolla. El a\u00f1o pasado el fen\u00f3meno alcanz\u00f3 la categor\u00eda de fuerte al haber mostrado, en octubre, un aumento de 3\u00b0C de temperatura por encima de lo normal. \u00abAunque en este momento estamos atravesando un Ni\u00f1o d\u00e9bil [la suba que registra es de 0\u00b08], igual favorece que persistan estas condiciones\u00bb, agreg\u00f3.<\/p>\n<h5>En alerta por las lluvias<\/h5>\n<p>En Entre R\u00edos, Gualeguaych\u00fa y Concordia aparecen tambi\u00e9n con altos registros: en la primera localidad, cayeron 187,8 mm de agua frente a un promedio mensual de 85 mil\u00edmetros. En la segunda, se midieron 326 mm y la media es de 132,4 mm para esta \u00e9poca del a\u00f1o.<br \/>\n\u00abHasta el 23 de este mes continuaremos con la misma circulaci\u00f3n. Estimamos que persistir\u00e1n el anticicl\u00f3n y el centro de baja presi\u00f3n. Es de prever que este fin de semana desde el norte de Buenos Aires hasta el sur de Corrientes se produzcan lluvias y tormentas con una previsi\u00f3n de ca\u00edda de agua de al menos 200 mil\u00edmetros\u00bb, se\u00f1al\u00f3 L\u00f3pez Amor\u00edn. Seg\u00fan los meteor\u00f3logos, la semana pr\u00f3xima el fen\u00f3meno se correr\u00e1 hacia el Este para afectar la cuenca del r\u00edo Uruguay.<\/p>\n<p>Tal como lo advert\u00edan los especialistas, se est\u00e1 ante las consecuencias de la corriente de El Ni\u00f1o, que calienta el Pac\u00edfico y provoca en la Argentina las condiciones propicias para que se produzcan lluvias, anegamientos e inundaciones. A este fen\u00f3meno se suma el registro de altas temperaturas, que en algunos casos marcaron r\u00e9cords. Las peores mediciones de este fen\u00f3meno se dieron en el pa\u00eds en 1983 y en 1998.<br \/>\nLas provincias m\u00e1s vulnerables son Formosa, Chaco, Santa Fe, Buenos Aires, Corrientes y Entre R\u00edos. Esta vez, los problemas alcanzar\u00e1n a las localidades cercanas a los r\u00edos Uruguay y Paran\u00e1 y del interior de las provincias, con lluvias intensas y desbordes de r\u00edos y arroyos tributarios de aquellos que conforman la Cuenca del Plata.<\/p>\n<figure class=\"embed\"><\/figure>\n<h5>Un escenario previsto<\/h5>\n<p>Un informe del equipo t\u00e9cnico de la Secretar\u00eda de Protecci\u00f3n Civil y Abordaje Integral de Emergencias y Cat\u00e1strofes del Ministerio de Seguridad de la Naci\u00f3n que se present\u00f3 en enero pasado mostr\u00f3 un panorama desolador.<br \/>\n\u00abPensamos que este fen\u00f3meno de El Ni\u00f1o puede llegar a ser similar o tal vez peor que el de 1983, que es uno de los peores registrados que tenemos. Si es similar, aunque las ciudades est\u00e1n algo m\u00e1s robustecidas o resilientes con sus defensas, tambi\u00e9n hay m\u00e1s poblaci\u00f3n\u00bb, dijo el especialista.<\/p>\n<p>\u00abPodemos estimar que habr\u00e1 entre 120.000 y 130.000 evacuados (m\u00e1s de 140.000 en el pico m\u00e1ximo de afectaci\u00f3n), con una gran p\u00e9rdida en la producci\u00f3n ganadera y cultivos en m\u00e1s de tres millones de hect\u00e1reas que quedar\u00e1n bajo el agua\u00bb, resumi\u00f3, en ese entonces, el secretario de Protecci\u00f3n Civil y Abordaje Integral de Emergencias y Cat\u00e1strofes, Emilio Renda.<br \/>\nEl mejoramiento de las condiciones podr\u00eda darse el mes pr\u00f3ximo cuando se espera que El Ni\u00f1o entre en fase neutra. \u00abSi eso ocurre, tal vez tengamos un invierno normal\u00bb, indic\u00f3 L\u00f3pez Amor\u00edn. <em>(Elonce.com)<\/em><\/p>\n","protected":false},"excerpt":{"rendered":"<p>En casi dos semanas, llovi&oacute; el triple de lo habitual en el Litoral y el SMN anuncia abundantes precipitaciones el fin de semana de hasta los 200 mil&iacute;metros. El norte de Entre R&iacute;os, el sur de Corrientes y Santa Fe son las zonas m&aacute;s afectadas. No son buenas las noticias para los miles de afectados [&hellip;]<\/p>\n","protected":false},"author":2,"featured_media":0,"comment_status":"open","ping_status":"open","sticky":false,"template":"","format":"standard","meta":{"fifu_image_url":"","fifu_image_alt":"","footnotes":""},"categories":[6],"tags":[],"class_list":{"0":"post-15319","1":"post","2":"type-post","3":"status-publish","4":"format-standard","6":"category-entre-rios"},"yoast_head":"<title>Sin tregua: pronostican que el mal tiempo se mantendr\u00e1 al menos por 10 d\u00edas - Informe Litoral<\/title>\n<meta name=\"robots\" content=\"index, follow, max-snippet:-1, max-image-preview:large, max-video-preview:-1\" \/>\n<link rel=\"canonical\" href=\"https:\/\/informelitoral.com.ar\/sin-tregua-pronostican-que-el-mal-clima-se-mantendra-al-menos-por-10-dias\/\" \/>\n<meta property=\"og:locale\" content=\"es_ES\" \/>\n<meta property=\"og:type\" content=\"article\" \/>\n<meta property=\"og:title\" content=\"Sin tregua: pronostican que el mal tiempo se mantendr\u00e1 al menos por 10 d\u00edas - Informe Litoral\" \/>\n<meta property=\"og:description\" content=\"En casi dos semanas, llovi&oacute; el triple de lo habitual en el Litoral y el SMN anuncia abundantes precipitaciones el fin de semana de hasta los 200 mil&iacute;metros. El norte de Entre R&iacute;os, el sur de Corrientes y Santa Fe son las zonas m&aacute;s afectadas. No son buenas las noticias para los miles de afectados [&hellip;]\" \/>\n<meta property=\"og:url\" content=\"https:\/\/informelitoral.com.ar\/sin-tregua-pronostican-que-el-mal-clima-se-mantendra-al-menos-por-10-dias\/\" \/>\n<meta property=\"og:site_name\" content=\"Informe Litoral\" \/>\n<meta property=\"article:publisher\" content=\"https:\/\/www.facebook.com\/informelitoral\/\" \/>\n<meta property=\"article:published_time\" content=\"2016-04-14T18:03:51+00:00\" \/>\n<meta property=\"article:modified_time\" content=\"2016-04-14T18:04:38+00:00\" \/>\n<meta property=\"og:image\" content=\"https:\/\/informelitoral.com.ar\/%77%70%2d%63%6f%6e%74%65%6e%74\/uploads\/2016\/04\/o_1460651647.jpg\" \/>\n\t<meta property=\"og:image:width\" content=\"800\" \/>\n\t<meta property=\"og:image:height\" content=\"450\" \/>\n\t<meta property=\"og:image:type\" content=\"image\/jpeg\" \/>\n<meta name=\"author\" content=\"Gonzalo Schmidt\" \/>\n<meta name=\"twitter:card\" content=\"summary_large_image\" \/>\n<meta name=\"twitter:creator\" content=\"@InformeLitoral\" \/>\n<meta name=\"twitter:site\" content=\"@InformeLitoral\" \/>\n<meta name=\"twitter:label1\" content=\"Escrito por\" \/>\n\t<meta name=\"twitter:data1\" content=\"Gonzalo Schmidt\" \/>\n\t<meta name=\"twitter:label2\" content=\"Tiempo de lectura\" \/>\n\t<meta name=\"twitter:data2\" content=\"5 minutos\" \/>\n<script type=\"application\/ld+json\" class=\"yoast-schema-graph\">{\"@context\":\"https:\\\/\\\/schema.org\",\"@graph\":[{\"@type\":\"Article\",\"@id\":\"https:\\\/\\\/informelitoral.com.ar\\\/sin-tregua-pronostican-que-el-mal-clima-se-mantendra-al-menos-por-10-dias\\\/#article\",\"isPartOf\":{\"@id\":\"https:\\\/\\\/informelitoral.com.ar\\\/sin-tregua-pronostican-que-el-mal-clima-se-mantendra-al-menos-por-10-dias\\\/\"},\"author\":{\"name\":\"Gonzalo Schmidt\",\"@id\":\"https:\\\/\\\/informelitoral.com.ar\\\/#\\\/schema\\\/person\\\/b9d00407c836482871ef1d57bf8e3180\"},\"headline\":\"Sin tregua: pronostican que el mal tiempo se mantendr\u00e1 al menos por 10 d\u00edas\",\"datePublished\":\"2016-04-14T18:03:51+00:00\",\"dateModified\":\"2016-04-14T18:04:38+00:00\",\"mainEntityOfPage\":{\"@id\":\"https:\\\/\\\/informelitoral.com.ar\\\/sin-tregua-pronostican-que-el-mal-clima-se-mantendra-al-menos-por-10-dias\\\/\"},\"wordCount\":968,\"commentCount\":0,\"publisher\":{\"@id\":\"https:\\\/\\\/informelitoral.com.ar\\\/#organization\"},\"image\":{\"@id\":\"https:\\\/\\\/informelitoral.com.ar\\\/sin-tregua-pronostican-que-el-mal-clima-se-mantendra-al-menos-por-10-dias\\\/#primaryimage\"},\"thumbnailUrl\":\"http:\\\/\\\/www.isletasnoticias.com.ar\\\/%77%70%2d%63%6f%6e%74%65%6e%74\\\/uploads\\\/2016\\\/04\\\/o_1460651647.jpg\",\"articleSection\":[\"Entre R\u00edos\"],\"inLanguage\":\"es\",\"potentialAction\":[{\"@type\":\"CommentAction\",\"name\":\"Comment\",\"target\":[\"https:\\\/\\\/informelitoral.com.ar\\\/sin-tregua-pronostican-que-el-mal-clima-se-mantendra-al-menos-por-10-dias\\\/#respond\"]}]},{\"@type\":\"WebPage\",\"@id\":\"https:\\\/\\\/informelitoral.com.ar\\\/sin-tregua-pronostican-que-el-mal-clima-se-mantendra-al-menos-por-10-dias\\\/\",\"url\":\"https:\\\/\\\/informelitoral.com.ar\\\/sin-tregua-pronostican-que-el-mal-clima-se-mantendra-al-menos-por-10-dias\\\/\",\"name\":\"Sin tregua: pronostican que el mal tiempo se mantendr\u00e1 al menos por 10 d\u00edas - Informe Litoral\",\"isPartOf\":{\"@id\":\"https:\\\/\\\/informelitoral.com.ar\\\/#website\"},\"primaryImageOfPage\":{\"@id\":\"https:\\\/\\\/informelitoral.com.ar\\\/sin-tregua-pronostican-que-el-mal-clima-se-mantendra-al-menos-por-10-dias\\\/#primaryimage\"},\"image\":{\"@id\":\"https:\\\/\\\/informelitoral.com.ar\\\/sin-tregua-pronostican-que-el-mal-clima-se-mantendra-al-menos-por-10-dias\\\/#primaryimage\"},\"thumbnailUrl\":\"http:\\\/\\\/www.isletasnoticias.com.ar\\\/%77%70%2d%63%6f%6e%74%65%6e%74\\\/uploads\\\/2016\\\/04\\\/o_1460651647.jpg\",\"datePublished\":\"2016-04-14T18:03:51+00:00\",\"dateModified\":\"2016-04-14T18:04:38+00:00\",\"breadcrumb\":{\"@id\":\"https:\\\/\\\/informelitoral.com.ar\\\/sin-tregua-pronostican-que-el-mal-clima-se-mantendra-al-menos-por-10-dias\\\/#breadcrumb\"},\"inLanguage\":\"es\",\"potentialAction\":[{\"@type\":\"ReadAction\",\"target\":[\"https:\\\/\\\/informelitoral.com.ar\\\/sin-tregua-pronostican-que-el-mal-clima-se-mantendra-al-menos-por-10-dias\\\/\"]}]},{\"@type\":\"ImageObject\",\"inLanguage\":\"es\",\"@id\":\"https:\\\/\\\/informelitoral.com.ar\\\/sin-tregua-pronostican-que-el-mal-clima-se-mantendra-al-menos-por-10-dias\\\/#primaryimage\",\"url\":\"http:\\\/\\\/www.isletasnoticias.com.ar\\\/%77%70%2d%63%6f%6e%74%65%6e%74\\\/uploads\\\/2016\\\/04\\\/o_1460651647.jpg\",\"contentUrl\":\"http:\\\/\\\/www.isletasnoticias.com.ar\\\/%77%70%2d%63%6f%6e%74%65%6e%74\\\/uploads\\\/2016\\\/04\\\/o_1460651647.jpg\"},{\"@type\":\"BreadcrumbList\",\"@id\":\"https:\\\/\\\/informelitoral.com.ar\\\/sin-tregua-pronostican-que-el-mal-clima-se-mantendra-al-menos-por-10-dias\\\/#breadcrumb\",\"itemListElement\":[{\"@type\":\"ListItem\",\"position\":1,\"name\":\"Portada\",\"item\":\"https:\\\/\\\/informelitoral.com.ar\\\/\"},{\"@type\":\"ListItem\",\"position\":2,\"name\":\"Sin tregua: pronostican que el mal tiempo se mantendr\u00e1 al menos por 10 d\u00edas\"}]},{\"@type\":\"WebSite\",\"@id\":\"https:\\\/\\\/informelitoral.com.ar\\\/#website\",\"url\":\"https:\\\/\\\/informelitoral.com.ar\\\/\",\"name\":\"Informe Litoral\",\"description\":\"&quot;Nos informamos&quot; \",\"publisher\":{\"@id\":\"https:\\\/\\\/informelitoral.com.ar\\\/#organization\"},\"potentialAction\":[{\"@type\":\"SearchAction\",\"target\":{\"@type\":\"EntryPoint\",\"urlTemplate\":\"https:\\\/\\\/informelitoral.com.ar\\\/?s={search_term_string}\"},\"query-input\":{\"@type\":\"PropertyValueSpecification\",\"valueRequired\":true,\"valueName\":\"search_term_string\"}}],\"inLanguage\":\"es\"},{\"@type\":\"Organization\",\"@id\":\"https:\\\/\\\/informelitoral.com.ar\\\/#organization\",\"name\":\"Informe Litoral\",\"url\":\"https:\\\/\\\/informelitoral.com.ar\\\/\",\"logo\":{\"@type\":\"ImageObject\",\"inLanguage\":\"es\",\"@id\":\"https:\\\/\\\/informelitoral.com.ar\\\/#\\\/schema\\\/logo\\\/image\\\/\",\"url\":\"https:\\\/\\\/informelitoral.com.ar\\\/%77%70%2d%63%6f%6e%74%65%6e%74\\\/uploads\\\/2021\\\/01\\\/circulo.png\",\"contentUrl\":\"https:\\\/\\\/informelitoral.com.ar\\\/%77%70%2d%63%6f%6e%74%65%6e%74\\\/uploads\\\/2021\\\/01\\\/circulo.png\",\"width\":723,\"height\":731,\"caption\":\"Informe Litoral\"},\"image\":{\"@id\":\"https:\\\/\\\/informelitoral.com.ar\\\/#\\\/schema\\\/logo\\\/image\\\/\"},\"sameAs\":[\"https:\\\/\\\/www.facebook.com\\\/informelitoral\\\/\",\"https:\\\/\\\/x.com\\\/InformeLitoral\",\"https:\\\/\\\/www.instagram.com\\\/informelitoral\\\/\",\"https:\\\/\\\/www.youtube.com\\\/channel\\\/UCua4Qvz8Icb6MYqhoq9xLXw\"]},{\"@type\":\"Person\",\"@id\":\"https:\\\/\\\/informelitoral.com.ar\\\/#\\\/schema\\\/person\\\/b9d00407c836482871ef1d57bf8e3180\",\"name\":\"Gonzalo Schmidt\",\"image\":{\"@type\":\"ImageObject\",\"inLanguage\":\"es\",\"@id\":\"https:\\\/\\\/secure.gravatar.com\\\/avatar\\\/31a1a7b66ff2de83bd0e9fd79d026630d2d99e55e8bfe501287647b4fd9743de?s=96&d=mm&r=g\",\"url\":\"https:\\\/\\\/secure.gravatar.com\\\/avatar\\\/31a1a7b66ff2de83bd0e9fd79d026630d2d99e55e8bfe501287647b4fd9743de?s=96&d=mm&r=g\",\"contentUrl\":\"https:\\\/\\\/secure.gravatar.com\\\/avatar\\\/31a1a7b66ff2de83bd0e9fd79d026630d2d99e55e8bfe501287647b4fd9743de?s=96&d=mm&r=g\",\"caption\":\"Gonzalo Schmidt\"},\"description\":\"Sitio web de noticias de la provincia de Entre R\u00edos, Argentina. Informaci\u00f3n y entretenimiento. Informe Litoral, nos informamos.\",\"sameAs\":[\"http:\\\/\\\/www.isletasnoticias.com.ar\"],\"url\":\"https:\\\/\\\/informelitoral.com.ar\\\/author\\\/gonzalo\\\/\"}]}<\/script>","yoast_head_json":{"title":"Sin tregua: pronostican que el mal tiempo se mantendr\u00e1 al menos por 10 d\u00edas - Informe Litoral","robots":{"index":"index","follow":"follow","max-snippet":"max-snippet:-1","max-image-preview":"max-image-preview:large","max-video-preview":"max-video-preview:-1"},"canonical":"https:\/\/informelitoral.com.ar\/sin-tregua-pronostican-que-el-mal-clima-se-mantendra-al-menos-por-10-dias\/","og_locale":"es_ES","og_type":"article","og_title":"Sin tregua: pronostican que el mal tiempo se mantendr\u00e1 al menos por 10 d\u00edas - Informe Litoral","og_description":"En casi dos semanas, llovi&oacute; el triple de lo habitual en el Litoral y el SMN anuncia abundantes precipitaciones el fin de semana de hasta los 200 mil&iacute;metros. El norte de Entre R&iacute;os, el sur de Corrientes y Santa Fe son las zonas m&aacute;s afectadas. No son buenas las noticias para los miles de afectados [&hellip;]","og_url":"https:\/\/informelitoral.com.ar\/sin-tregua-pronostican-que-el-mal-clima-se-mantendra-al-menos-por-10-dias\/","og_site_name":"Informe Litoral","article_publisher":"https:\/\/www.facebook.com\/informelitoral\/","article_published_time":"2016-04-14T18:03:51+00:00","article_modified_time":"2016-04-14T18:04:38+00:00","og_image":[{"width":800,"height":450,"url":"https:\/\/informelitoral.com.ar\/%77%70%2d%63%6f%6e%74%65%6e%74\/uploads\/2016\/04\/o_1460651647.jpg","type":"image\/jpeg"}],"author":"Gonzalo Schmidt","twitter_card":"summary_large_image","twitter_creator":"@InformeLitoral","twitter_site":"@InformeLitoral","twitter_misc":{"Escrito por":"Gonzalo Schmidt","Tiempo de lectura":"5 minutos"},"schema":{"@context":"https:\/\/schema.org","@graph":[{"@type":"Article","@id":"https:\/\/informelitoral.com.ar\/sin-tregua-pronostican-que-el-mal-clima-se-mantendra-al-menos-por-10-dias\/#article","isPartOf":{"@id":"https:\/\/informelitoral.com.ar\/sin-tregua-pronostican-que-el-mal-clima-se-mantendra-al-menos-por-10-dias\/"},"author":{"name":"Gonzalo Schmidt","@id":"https:\/\/informelitoral.com.ar\/#\/schema\/person\/b9d00407c836482871ef1d57bf8e3180"},"headline":"Sin tregua: pronostican que el mal tiempo se mantendr\u00e1 al menos por 10 d\u00edas","datePublished":"2016-04-14T18:03:51+00:00","dateModified":"2016-04-14T18:04:38+00:00","mainEntityOfPage":{"@id":"https:\/\/informelitoral.com.ar\/sin-tregua-pronostican-que-el-mal-clima-se-mantendra-al-menos-por-10-dias\/"},"wordCount":968,"commentCount":0,"publisher":{"@id":"https:\/\/informelitoral.com.ar\/#organization"},"image":{"@id":"https:\/\/informelitoral.com.ar\/sin-tregua-pronostican-que-el-mal-clima-se-mantendra-al-menos-por-10-dias\/#primaryimage"},"thumbnailUrl":"http:\/\/www.isletasnoticias.com.ar\/%77%70%2d%63%6f%6e%74%65%6e%74\/uploads\/2016\/04\/o_1460651647.jpg","articleSection":["Entre R\u00edos"],"inLanguage":"es","potentialAction":[{"@type":"CommentAction","name":"Comment","target":["https:\/\/informelitoral.com.ar\/sin-tregua-pronostican-que-el-mal-clima-se-mantendra-al-menos-por-10-dias\/#respond"]}]},{"@type":"WebPage","@id":"https:\/\/informelitoral.com.ar\/sin-tregua-pronostican-que-el-mal-clima-se-mantendra-al-menos-por-10-dias\/","url":"https:\/\/informelitoral.com.ar\/sin-tregua-pronostican-que-el-mal-clima-se-mantendra-al-menos-por-10-dias\/","name":"Sin tregua: pronostican que el mal tiempo se mantendr\u00e1 al menos por 10 d\u00edas - Informe Litoral","isPartOf":{"@id":"https:\/\/informelitoral.com.ar\/#website"},"primaryImageOfPage":{"@id":"https:\/\/informelitoral.com.ar\/sin-tregua-pronostican-que-el-mal-clima-se-mantendra-al-menos-por-10-dias\/#primaryimage"},"image":{"@id":"https:\/\/informelitoral.com.ar\/sin-tregua-pronostican-que-el-mal-clima-se-mantendra-al-menos-por-10-dias\/#primaryimage"},"thumbnailUrl":"http:\/\/www.isletasnoticias.com.ar\/%77%70%2d%63%6f%6e%74%65%6e%74\/uploads\/2016\/04\/o_1460651647.jpg","datePublished":"2016-04-14T18:03:51+00:00","dateModified":"2016-04-14T18:04:38+00:00","breadcrumb":{"@id":"https:\/\/informelitoral.com.ar\/sin-tregua-pronostican-que-el-mal-clima-se-mantendra-al-menos-por-10-dias\/#breadcrumb"},"inLanguage":"es","potentialAction":[{"@type":"ReadAction","target":["https:\/\/informelitoral.com.ar\/sin-tregua-pronostican-que-el-mal-clima-se-mantendra-al-menos-por-10-dias\/"]}]},{"@type":"ImageObject","inLanguage":"es","@id":"https:\/\/informelitoral.com.ar\/sin-tregua-pronostican-que-el-mal-clima-se-mantendra-al-menos-por-10-dias\/#primaryimage","url":"http:\/\/www.isletasnoticias.com.ar\/%77%70%2d%63%6f%6e%74%65%6e%74\/uploads\/2016\/04\/o_1460651647.jpg","contentUrl":"http:\/\/www.isletasnoticias.com.ar\/%77%70%2d%63%6f%6e%74%65%6e%74\/uploads\/2016\/04\/o_1460651647.jpg"},{"@type":"BreadcrumbList","@id":"https:\/\/informelitoral.com.ar\/sin-tregua-pronostican-que-el-mal-clima-se-mantendra-al-menos-por-10-dias\/#breadcrumb","itemListElement":[{"@type":"ListItem","position":1,"name":"Portada","item":"https:\/\/informelitoral.com.ar\/"},{"@type":"ListItem","position":2,"name":"Sin tregua: pronostican que el mal tiempo se mantendr\u00e1 al menos por 10 d\u00edas"}]},{"@type":"WebSite","@id":"https:\/\/informelitoral.com.ar\/#website","url":"https:\/\/informelitoral.com.ar\/","name":"Informe Litoral","description":"&quot;Nos informamos&quot; ","publisher":{"@id":"https:\/\/informelitoral.com.ar\/#organization"},"potentialAction":[{"@type":"SearchAction","target":{"@type":"EntryPoint","urlTemplate":"https:\/\/informelitoral.com.ar\/?s={search_term_string}"},"query-input":{"@type":"PropertyValueSpecification","valueRequired":true,"valueName":"search_term_string"}}],"inLanguage":"es"},{"@type":"Organization","@id":"https:\/\/informelitoral.com.ar\/#organization","name":"Informe Litoral","url":"https:\/\/informelitoral.com.ar\/","logo":{"@type":"ImageObject","inLanguage":"es","@id":"https:\/\/informelitoral.com.ar\/#\/schema\/logo\/image\/","url":"https:\/\/informelitoral.com.ar\/%77%70%2d%63%6f%6e%74%65%6e%74\/uploads\/2021\/01\/circulo.png","contentUrl":"https:\/\/informelitoral.com.ar\/%77%70%2d%63%6f%6e%74%65%6e%74\/uploads\/2021\/01\/circulo.png","width":723,"height":731,"caption":"Informe Litoral"},"image":{"@id":"https:\/\/informelitoral.com.ar\/#\/schema\/logo\/image\/"},"sameAs":["https:\/\/www.facebook.com\/informelitoral\/","https:\/\/x.com\/InformeLitoral","https:\/\/www.instagram.com\/informelitoral\/","https:\/\/www.youtube.com\/channel\/UCua4Qvz8Icb6MYqhoq9xLXw"]},{"@type":"Person","@id":"https:\/\/informelitoral.com.ar\/#\/schema\/person\/b9d00407c836482871ef1d57bf8e3180","name":"Gonzalo Schmidt","image":{"@type":"ImageObject","inLanguage":"es","@id":"https:\/\/secure.gravatar.com\/avatar\/31a1a7b66ff2de83bd0e9fd79d026630d2d99e55e8bfe501287647b4fd9743de?s=96&d=mm&r=g","url":"https:\/\/secure.gravatar.com\/avatar\/31a1a7b66ff2de83bd0e9fd79d026630d2d99e55e8bfe501287647b4fd9743de?s=96&d=mm&r=g","contentUrl":"https:\/\/secure.gravatar.com\/avatar\/31a1a7b66ff2de83bd0e9fd79d026630d2d99e55e8bfe501287647b4fd9743de?s=96&d=mm&r=g","caption":"Gonzalo Schmidt"},"description":"Sitio web de noticias de la provincia de Entre R\u00edos, Argentina. Informaci\u00f3n y entretenimiento. Informe Litoral, nos informamos.","sameAs":["http:\/\/www.isletasnoticias.com.ar"],"url":"https:\/\/informelitoral.com.ar\/author\/gonzalo\/"}]}},"_links":{"self":[{"href":"https:\/\/informelitoral.com.ar\/%77%70%2d%6a%73%6f%6e\/wp\/v2\/posts\/15319","targetHints":{"allow":["GET"]}}],"collection":[{"href":"https:\/\/informelitoral.com.ar\/%77%70%2d%6a%73%6f%6e\/wp\/v2\/posts"}],"about":[{"href":"https:\/\/informelitoral.com.ar\/%77%70%2d%6a%73%6f%6e\/wp\/v2\/types\/post"}],"author":[{"embeddable":true,"href":"https:\/\/informelitoral.com.ar\/%77%70%2d%6a%73%6f%6e\/wp\/v2\/users\/2"}],"replies":[{"embeddable":true,"href":"https:\/\/informelitoral.com.ar\/%77%70%2d%6a%73%6f%6e\/wp\/v2\/comments?post=15319"}],"version-history":[{"count":0,"href":"https:\/\/informelitoral.com.ar\/%77%70%2d%6a%73%6f%6e\/wp\/v2\/posts\/15319\/revisions"}],"wp:attachment":[{"href":"https:\/\/informelitoral.com.ar\/%77%70%2d%6a%73%6f%6e\/wp\/v2\/media?parent=15319"}],"wp:term":[{"taxonomy":"category","embeddable":true,"href":"https:\/\/informelitoral.com.ar\/%77%70%2d%6a%73%6f%6e\/wp\/v2\/categories?post=15319"},{"taxonomy":"post_tag","embeddable":true,"href":"https:\/\/informelitoral.com.ar\/%77%70%2d%6a%73%6f%6e\/wp\/v2\/tags?post=15319"}],"curies":[{"name":"wp","href":"https:\/\/api.w.org\/{rel}","templated":true}]}}