{"id":15219,"date":"2016-04-12T12:06:51","date_gmt":"2016-04-12T15:06:51","guid":{"rendered":"http:\/\/www.isletasnoticias.com.ar\/?p=15219"},"modified":"2016-04-12T09:15:31","modified_gmt":"2016-04-12T12:15:31","slug":"macri-a-empresarios-necesitamos-que-piensen-en-mediano-y-en-largo-plazo","status":"publish","type":"post","link":"https:\/\/informelitoral.com.ar\/macri-a-empresarios-necesitamos-que-piensen-en-mediano-y-en-largo-plazo\/","title":{"rendered":"Macri a empresarios: \u00abNecesitamos que piensen en mediano y en largo plazo\u00bb"},"content":{"rendered":"<p><strong>El presidente <em>Mauricio Macri<\/em> expres\u00f3 adem\u00e1s que est\u00e1 \u00abfeliz\u00bb porque \u00abhemos empezado a ver una justicia que act\u00faa en forma independiente, tanto que imputa a un presidente antes de sus 100 d\u00edas de gobierno porque un fiscal tiene dudas\u00bb.<a href=\"http:\/\/www.isletasnoticias.com.ar\/%77%70%2d%63%6f%6e%74%65%6e%74\/uploads\/2016\/04\/0010489284.jpg\" rel=\"attachment wp-att-15220\"><img loading=\"lazy\" decoding=\"async\" class=\"aligncenter wp-image-15220 size-full\" src=\"http:\/\/www.isletasnoticias.com.ar\/%77%70%2d%63%6f%6e%74%65%6e%74\/uploads\/2016\/04\/0010489284.jpg\" alt=\"0010489284\" width=\"678\" height=\"451\" srcset=\"https:\/\/informelitoral.com.ar\/%77%70%2d%63%6f%6e%74%65%6e%74\/uploads\/2016\/04\/0010489284.jpg 678w, https:\/\/informelitoral.com.ar\/%77%70%2d%63%6f%6e%74%65%6e%74\/uploads\/2016\/04\/0010489284-300x200.jpg 300w\" sizes=\"auto, (max-width: 678px) 100vw, 678px\" \/><\/a><\/strong><\/p>\n<p>En un discurso en el Hotel Hilton de Puerto Madero, organizado por el Cippec (Centro de Implementaci\u00f3n de Pol\u00edticas P\u00fablicas para la Equidad y el Crecimiento), Macri dijo: \u00abamigo presidente de la Corte; lo hemos hablado, pero la consolidaci\u00f3n de la democracia requiere que nuestro poder judicial act\u00fae no solo con celeridad sino con imparcialidad, con rigurosidad, y que los jueces y fiscales vuelvan a hablar a partir de sus fallos, todos tenemos que asumir este desaf\u00edo\u00bb.<\/p>\n<p>Asimismo, en otro plano, el jefe de Estado felicit\u00f3 a \u00aba toda la dirigencia, pero en especial a toda la dirigencia pol\u00edtica de este pa\u00eds y me refiero a los gobernadores, a los senadores y diputados que por aplastante mayor\u00eda decidieron terminar con los conflictos financieros de este pa\u00eds\u00bb al sancionar las leyes que permitir\u00e1n pagarle en d\u00edas a los holdouts.<\/p>\n<p>En ese plano, agreg\u00f3 que han dado \u00abal mundo un mensaje de madurez y de futuro\u00bb y pidi\u00f3 \u00abun aplauso para todos ellos\u00bb, seg\u00fan reprodujo<em> Minutouno.<\/em><\/p>\n<p>Luego se refiri\u00f3 a los empresarios, a quienes describi\u00f3 como \u00abparte esa grandeza y responsabilidad que necesita la Argentina\u00bb y a los cuales \u00abnecesitamos que piensen en el mediano y en el largo plazo, que se pongan a invertir, y no empresarios que al primer s\u00edntoma de libertad aprovecharon para remarca precios de una manera descarada\u00bb.<\/p>\n<p>\u00abEsa no es la Argentina que necesitamos, y la Argentina necesita de sus empresarios\u00bb, a\u00f1adi\u00f3 el jefe de Estado, y continu\u00f3: \u00abEl pa\u00eds conf\u00eda en ustedes, por favor, pong\u00e1monos a trabajar\u00bb.<br \/>\nM\u00e1s adelante, al referirse a los \u00abamigos del periodismo presente, sostuvo que \u00abhemos batallado mucho por la libertad de expresi\u00f3n, ese valor fuerte de una sociedad s\u00f3lida, y tenemos que seguir batallando y fortaleciendo ese valor y, la mejor manera, es generando valor en la palabra, respetando el valor de la palabra\u00bb.<\/p>\n<div><\/div>\n","protected":false},"excerpt":{"rendered":"<p>El presidente Mauricio Macri expres&oacute; adem&aacute;s que est&aacute; &laquo;feliz&raquo; porque &laquo;hemos empezado a ver una justicia que act&uacute;a en forma independiente, tanto que imputa a un presidente antes de sus 100 d&iacute;as de gobierno porque un fiscal tiene dudas&raquo;. En un discurso en el Hotel Hilton de Puerto Madero, organizado por el Cippec (Centro de [&hellip;]<\/p>\n","protected":false},"author":2,"featured_media":0,"comment_status":"open","ping_status":"open","sticky":false,"template":"","format":"standard","meta":{"fifu_image_url":"","fifu_image_alt":"","footnotes":""},"categories":[7,16],"tags":[],"class_list":{"0":"post-15219","1":"post","2":"type-post","3":"status-publish","4":"format-standard","6":"category-nacionales","7":"category-politi"},"yoast_head":"<title>Macri a empresarios: &quot;Necesitamos que piensen en mediano y en largo plazo&quot; - Informe Litoral<\/title>\n<meta name=\"robots\" content=\"index, follow, max-snippet:-1, max-image-preview:large, max-video-preview:-1\" \/>\n<link rel=\"canonical\" href=\"https:\/\/informelitoral.com.ar\/macri-a-empresarios-necesitamos-que-piensen-en-mediano-y-en-largo-plazo\/\" \/>\n<meta property=\"og:locale\" content=\"es_ES\" \/>\n<meta property=\"og:type\" content=\"article\" \/>\n<meta property=\"og:title\" content=\"Macri a empresarios: &quot;Necesitamos que piensen en mediano y en largo plazo&quot; - Informe Litoral\" \/>\n<meta property=\"og:description\" content=\"El presidente Mauricio Macri expres&oacute; adem&aacute;s que est&aacute; &laquo;feliz&raquo; porque &laquo;hemos empezado a ver una justicia que act&uacute;a en forma independiente, tanto que imputa a un presidente antes de sus 100 d&iacute;as de gobierno porque un fiscal tiene dudas&raquo;. En un discurso en el Hotel Hilton de Puerto Madero, organizado por el Cippec (Centro de [&hellip;]\" \/>\n<meta property=\"og:url\" content=\"https:\/\/informelitoral.com.ar\/macri-a-empresarios-necesitamos-que-piensen-en-mediano-y-en-largo-plazo\/\" \/>\n<meta property=\"og:site_name\" content=\"Informe Litoral\" \/>\n<meta property=\"article:publisher\" content=\"https:\/\/www.facebook.com\/informelitoral\/\" \/>\n<meta property=\"article:published_time\" content=\"2016-04-12T15:06:51+00:00\" \/>\n<meta property=\"og:image\" content=\"https:\/\/informelitoral.com.ar\/%77%70%2d%63%6f%6e%74%65%6e%74\/uploads\/2016\/04\/0010489284.jpg\" \/>\n\t<meta property=\"og:image:width\" content=\"678\" \/>\n\t<meta property=\"og:image:height\" content=\"451\" \/>\n\t<meta property=\"og:image:type\" content=\"image\/jpeg\" \/>\n<meta name=\"author\" content=\"Gonzalo Schmidt\" \/>\n<meta name=\"twitter:card\" content=\"summary_large_image\" \/>\n<meta name=\"twitter:creator\" content=\"@InformeLitoral\" \/>\n<meta name=\"twitter:site\" content=\"@InformeLitoral\" \/>\n<meta name=\"twitter:label1\" content=\"Escrito por\" \/>\n\t<meta name=\"twitter:data1\" content=\"Gonzalo Schmidt\" \/>\n\t<meta name=\"twitter:label2\" content=\"Tiempo de lectura\" \/>\n\t<meta name=\"twitter:data2\" content=\"2 minutos\" \/>\n<script type=\"application\/ld+json\" class=\"yoast-schema-graph\">{\"@context\":\"https:\\\/\\\/schema.org\",\"@graph\":[{\"@type\":\"Article\",\"@id\":\"https:\\\/\\\/informelitoral.com.ar\\\/macri-a-empresarios-necesitamos-que-piensen-en-mediano-y-en-largo-plazo\\\/#article\",\"isPartOf\":{\"@id\":\"https:\\\/\\\/informelitoral.com.ar\\\/macri-a-empresarios-necesitamos-que-piensen-en-mediano-y-en-largo-plazo\\\/\"},\"author\":{\"name\":\"Gonzalo Schmidt\",\"@id\":\"https:\\\/\\\/informelitoral.com.ar\\\/#\\\/schema\\\/person\\\/b9d00407c836482871ef1d57bf8e3180\"},\"headline\":\"Macri a empresarios: \u00abNecesitamos que piensen en mediano y en largo plazo\u00bb\",\"datePublished\":\"2016-04-12T15:06:51+00:00\",\"mainEntityOfPage\":{\"@id\":\"https:\\\/\\\/informelitoral.com.ar\\\/macri-a-empresarios-necesitamos-que-piensen-en-mediano-y-en-largo-plazo\\\/\"},\"wordCount\":377,\"commentCount\":0,\"publisher\":{\"@id\":\"https:\\\/\\\/informelitoral.com.ar\\\/#organization\"},\"image\":{\"@id\":\"https:\\\/\\\/informelitoral.com.ar\\\/macri-a-empresarios-necesitamos-que-piensen-en-mediano-y-en-largo-plazo\\\/#primaryimage\"},\"thumbnailUrl\":\"http:\\\/\\\/www.isletasnoticias.com.ar\\\/%77%70%2d%63%6f%6e%74%65%6e%74\\\/uploads\\\/2016\\\/04\\\/0010489284.jpg\",\"articleSection\":[\"Nacionales\",\"Politica\"],\"inLanguage\":\"es\",\"potentialAction\":[{\"@type\":\"CommentAction\",\"name\":\"Comment\",\"target\":[\"https:\\\/\\\/informelitoral.com.ar\\\/macri-a-empresarios-necesitamos-que-piensen-en-mediano-y-en-largo-plazo\\\/#respond\"]}]},{\"@type\":\"WebPage\",\"@id\":\"https:\\\/\\\/informelitoral.com.ar\\\/macri-a-empresarios-necesitamos-que-piensen-en-mediano-y-en-largo-plazo\\\/\",\"url\":\"https:\\\/\\\/informelitoral.com.ar\\\/macri-a-empresarios-necesitamos-que-piensen-en-mediano-y-en-largo-plazo\\\/\",\"name\":\"Macri a empresarios: \\\"Necesitamos que piensen en mediano y en largo plazo\\\" - Informe Litoral\",\"isPartOf\":{\"@id\":\"https:\\\/\\\/informelitoral.com.ar\\\/#website\"},\"primaryImageOfPage\":{\"@id\":\"https:\\\/\\\/informelitoral.com.ar\\\/macri-a-empresarios-necesitamos-que-piensen-en-mediano-y-en-largo-plazo\\\/#primaryimage\"},\"image\":{\"@id\":\"https:\\\/\\\/informelitoral.com.ar\\\/macri-a-empresarios-necesitamos-que-piensen-en-mediano-y-en-largo-plazo\\\/#primaryimage\"},\"thumbnailUrl\":\"http:\\\/\\\/www.isletasnoticias.com.ar\\\/%77%70%2d%63%6f%6e%74%65%6e%74\\\/uploads\\\/2016\\\/04\\\/0010489284.jpg\",\"datePublished\":\"2016-04-12T15:06:51+00:00\",\"breadcrumb\":{\"@id\":\"https:\\\/\\\/informelitoral.com.ar\\\/macri-a-empresarios-necesitamos-que-piensen-en-mediano-y-en-largo-plazo\\\/#breadcrumb\"},\"inLanguage\":\"es\",\"potentialAction\":[{\"@type\":\"ReadAction\",\"target\":[\"https:\\\/\\\/informelitoral.com.ar\\\/macri-a-empresarios-necesitamos-que-piensen-en-mediano-y-en-largo-plazo\\\/\"]}]},{\"@type\":\"ImageObject\",\"inLanguage\":\"es\",\"@id\":\"https:\\\/\\\/informelitoral.com.ar\\\/macri-a-empresarios-necesitamos-que-piensen-en-mediano-y-en-largo-plazo\\\/#primaryimage\",\"url\":\"http:\\\/\\\/www.isletasnoticias.com.ar\\\/%77%70%2d%63%6f%6e%74%65%6e%74\\\/uploads\\\/2016\\\/04\\\/0010489284.jpg\",\"contentUrl\":\"http:\\\/\\\/www.isletasnoticias.com.ar\\\/%77%70%2d%63%6f%6e%74%65%6e%74\\\/uploads\\\/2016\\\/04\\\/0010489284.jpg\"},{\"@type\":\"BreadcrumbList\",\"@id\":\"https:\\\/\\\/informelitoral.com.ar\\\/macri-a-empresarios-necesitamos-que-piensen-en-mediano-y-en-largo-plazo\\\/#breadcrumb\",\"itemListElement\":[{\"@type\":\"ListItem\",\"position\":1,\"name\":\"Portada\",\"item\":\"https:\\\/\\\/informelitoral.com.ar\\\/\"},{\"@type\":\"ListItem\",\"position\":2,\"name\":\"Macri a empresarios: \u00abNecesitamos que piensen en mediano y en largo plazo\u00bb\"}]},{\"@type\":\"WebSite\",\"@id\":\"https:\\\/\\\/informelitoral.com.ar\\\/#website\",\"url\":\"https:\\\/\\\/informelitoral.com.ar\\\/\",\"name\":\"Informe Litoral\",\"description\":\"&quot;Nos informamos&quot; \",\"publisher\":{\"@id\":\"https:\\\/\\\/informelitoral.com.ar\\\/#organization\"},\"potentialAction\":[{\"@type\":\"SearchAction\",\"target\":{\"@type\":\"EntryPoint\",\"urlTemplate\":\"https:\\\/\\\/informelitoral.com.ar\\\/?s={search_term_string}\"},\"query-input\":{\"@type\":\"PropertyValueSpecification\",\"valueRequired\":true,\"valueName\":\"search_term_string\"}}],\"inLanguage\":\"es\"},{\"@type\":\"Organization\",\"@id\":\"https:\\\/\\\/informelitoral.com.ar\\\/#organization\",\"name\":\"Informe Litoral\",\"url\":\"https:\\\/\\\/informelitoral.com.ar\\\/\",\"logo\":{\"@type\":\"ImageObject\",\"inLanguage\":\"es\",\"@id\":\"https:\\\/\\\/informelitoral.com.ar\\\/#\\\/schema\\\/logo\\\/image\\\/\",\"url\":\"https:\\\/\\\/informelitoral.com.ar\\\/%77%70%2d%63%6f%6e%74%65%6e%74\\\/uploads\\\/2021\\\/01\\\/circulo.png\",\"contentUrl\":\"https:\\\/\\\/informelitoral.com.ar\\\/%77%70%2d%63%6f%6e%74%65%6e%74\\\/uploads\\\/2021\\\/01\\\/circulo.png\",\"width\":723,\"height\":731,\"caption\":\"Informe Litoral\"},\"image\":{\"@id\":\"https:\\\/\\\/informelitoral.com.ar\\\/#\\\/schema\\\/logo\\\/image\\\/\"},\"sameAs\":[\"https:\\\/\\\/www.facebook.com\\\/informelitoral\\\/\",\"https:\\\/\\\/x.com\\\/InformeLitoral\",\"https:\\\/\\\/www.instagram.com\\\/informelitoral\\\/\",\"https:\\\/\\\/www.youtube.com\\\/channel\\\/UCua4Qvz8Icb6MYqhoq9xLXw\"]},{\"@type\":\"Person\",\"@id\":\"https:\\\/\\\/informelitoral.com.ar\\\/#\\\/schema\\\/person\\\/b9d00407c836482871ef1d57bf8e3180\",\"name\":\"Gonzalo Schmidt\",\"image\":{\"@type\":\"ImageObject\",\"inLanguage\":\"es\",\"@id\":\"https:\\\/\\\/secure.gravatar.com\\\/avatar\\\/31a1a7b66ff2de83bd0e9fd79d026630d2d99e55e8bfe501287647b4fd9743de?s=96&d=mm&r=g\",\"url\":\"https:\\\/\\\/secure.gravatar.com\\\/avatar\\\/31a1a7b66ff2de83bd0e9fd79d026630d2d99e55e8bfe501287647b4fd9743de?s=96&d=mm&r=g\",\"contentUrl\":\"https:\\\/\\\/secure.gravatar.com\\\/avatar\\\/31a1a7b66ff2de83bd0e9fd79d026630d2d99e55e8bfe501287647b4fd9743de?s=96&d=mm&r=g\",\"caption\":\"Gonzalo Schmidt\"},\"description\":\"Sitio web de noticias de la provincia de Entre R\u00edos, Argentina. Informaci\u00f3n y entretenimiento. Informe Litoral, nos informamos.\",\"sameAs\":[\"http:\\\/\\\/www.isletasnoticias.com.ar\"],\"url\":\"https:\\\/\\\/informelitoral.com.ar\\\/author\\\/gonzalo\\\/\"}]}<\/script>","yoast_head_json":{"title":"Macri a empresarios: \"Necesitamos que piensen en mediano y en largo plazo\" - Informe Litoral","robots":{"index":"index","follow":"follow","max-snippet":"max-snippet:-1","max-image-preview":"max-image-preview:large","max-video-preview":"max-video-preview:-1"},"canonical":"https:\/\/informelitoral.com.ar\/macri-a-empresarios-necesitamos-que-piensen-en-mediano-y-en-largo-plazo\/","og_locale":"es_ES","og_type":"article","og_title":"Macri a empresarios: \"Necesitamos que piensen en mediano y en largo plazo\" - Informe Litoral","og_description":"El presidente Mauricio Macri expres&oacute; adem&aacute;s que est&aacute; &laquo;feliz&raquo; porque &laquo;hemos empezado a ver una justicia que act&uacute;a en forma independiente, tanto que imputa a un presidente antes de sus 100 d&iacute;as de gobierno porque un fiscal tiene dudas&raquo;. En un discurso en el Hotel Hilton de Puerto Madero, organizado por el Cippec (Centro de [&hellip;]","og_url":"https:\/\/informelitoral.com.ar\/macri-a-empresarios-necesitamos-que-piensen-en-mediano-y-en-largo-plazo\/","og_site_name":"Informe Litoral","article_publisher":"https:\/\/www.facebook.com\/informelitoral\/","article_published_time":"2016-04-12T15:06:51+00:00","og_image":[{"width":678,"height":451,"url":"https:\/\/informelitoral.com.ar\/%77%70%2d%63%6f%6e%74%65%6e%74\/uploads\/2016\/04\/0010489284.jpg","type":"image\/jpeg"}],"author":"Gonzalo Schmidt","twitter_card":"summary_large_image","twitter_creator":"@InformeLitoral","twitter_site":"@InformeLitoral","twitter_misc":{"Escrito por":"Gonzalo Schmidt","Tiempo de lectura":"2 minutos"},"schema":{"@context":"https:\/\/schema.org","@graph":[{"@type":"Article","@id":"https:\/\/informelitoral.com.ar\/macri-a-empresarios-necesitamos-que-piensen-en-mediano-y-en-largo-plazo\/#article","isPartOf":{"@id":"https:\/\/informelitoral.com.ar\/macri-a-empresarios-necesitamos-que-piensen-en-mediano-y-en-largo-plazo\/"},"author":{"name":"Gonzalo Schmidt","@id":"https:\/\/informelitoral.com.ar\/#\/schema\/person\/b9d00407c836482871ef1d57bf8e3180"},"headline":"Macri a empresarios: \u00abNecesitamos que piensen en mediano y en largo plazo\u00bb","datePublished":"2016-04-12T15:06:51+00:00","mainEntityOfPage":{"@id":"https:\/\/informelitoral.com.ar\/macri-a-empresarios-necesitamos-que-piensen-en-mediano-y-en-largo-plazo\/"},"wordCount":377,"commentCount":0,"publisher":{"@id":"https:\/\/informelitoral.com.ar\/#organization"},"image":{"@id":"https:\/\/informelitoral.com.ar\/macri-a-empresarios-necesitamos-que-piensen-en-mediano-y-en-largo-plazo\/#primaryimage"},"thumbnailUrl":"http:\/\/www.isletasnoticias.com.ar\/%77%70%2d%63%6f%6e%74%65%6e%74\/uploads\/2016\/04\/0010489284.jpg","articleSection":["Nacionales","Politica"],"inLanguage":"es","potentialAction":[{"@type":"CommentAction","name":"Comment","target":["https:\/\/informelitoral.com.ar\/macri-a-empresarios-necesitamos-que-piensen-en-mediano-y-en-largo-plazo\/#respond"]}]},{"@type":"WebPage","@id":"https:\/\/informelitoral.com.ar\/macri-a-empresarios-necesitamos-que-piensen-en-mediano-y-en-largo-plazo\/","url":"https:\/\/informelitoral.com.ar\/macri-a-empresarios-necesitamos-que-piensen-en-mediano-y-en-largo-plazo\/","name":"Macri a empresarios: \"Necesitamos que piensen en mediano y en largo plazo\" - Informe Litoral","isPartOf":{"@id":"https:\/\/informelitoral.com.ar\/#website"},"primaryImageOfPage":{"@id":"https:\/\/informelitoral.com.ar\/macri-a-empresarios-necesitamos-que-piensen-en-mediano-y-en-largo-plazo\/#primaryimage"},"image":{"@id":"https:\/\/informelitoral.com.ar\/macri-a-empresarios-necesitamos-que-piensen-en-mediano-y-en-largo-plazo\/#primaryimage"},"thumbnailUrl":"http:\/\/www.isletasnoticias.com.ar\/%77%70%2d%63%6f%6e%74%65%6e%74\/uploads\/2016\/04\/0010489284.jpg","datePublished":"2016-04-12T15:06:51+00:00","breadcrumb":{"@id":"https:\/\/informelitoral.com.ar\/macri-a-empresarios-necesitamos-que-piensen-en-mediano-y-en-largo-plazo\/#breadcrumb"},"inLanguage":"es","potentialAction":[{"@type":"ReadAction","target":["https:\/\/informelitoral.com.ar\/macri-a-empresarios-necesitamos-que-piensen-en-mediano-y-en-largo-plazo\/"]}]},{"@type":"ImageObject","inLanguage":"es","@id":"https:\/\/informelitoral.com.ar\/macri-a-empresarios-necesitamos-que-piensen-en-mediano-y-en-largo-plazo\/#primaryimage","url":"http:\/\/www.isletasnoticias.com.ar\/%77%70%2d%63%6f%6e%74%65%6e%74\/uploads\/2016\/04\/0010489284.jpg","contentUrl":"http:\/\/www.isletasnoticias.com.ar\/%77%70%2d%63%6f%6e%74%65%6e%74\/uploads\/2016\/04\/0010489284.jpg"},{"@type":"BreadcrumbList","@id":"https:\/\/informelitoral.com.ar\/macri-a-empresarios-necesitamos-que-piensen-en-mediano-y-en-largo-plazo\/#breadcrumb","itemListElement":[{"@type":"ListItem","position":1,"name":"Portada","item":"https:\/\/informelitoral.com.ar\/"},{"@type":"ListItem","position":2,"name":"Macri a empresarios: \u00abNecesitamos que piensen en mediano y en largo plazo\u00bb"}]},{"@type":"WebSite","@id":"https:\/\/informelitoral.com.ar\/#website","url":"https:\/\/informelitoral.com.ar\/","name":"Informe Litoral","description":"&quot;Nos informamos&quot; ","publisher":{"@id":"https:\/\/informelitoral.com.ar\/#organization"},"potentialAction":[{"@type":"SearchAction","target":{"@type":"EntryPoint","urlTemplate":"https:\/\/informelitoral.com.ar\/?s={search_term_string}"},"query-input":{"@type":"PropertyValueSpecification","valueRequired":true,"valueName":"search_term_string"}}],"inLanguage":"es"},{"@type":"Organization","@id":"https:\/\/informelitoral.com.ar\/#organization","name":"Informe Litoral","url":"https:\/\/informelitoral.com.ar\/","logo":{"@type":"ImageObject","inLanguage":"es","@id":"https:\/\/informelitoral.com.ar\/#\/schema\/logo\/image\/","url":"https:\/\/informelitoral.com.ar\/%77%70%2d%63%6f%6e%74%65%6e%74\/uploads\/2021\/01\/circulo.png","contentUrl":"https:\/\/informelitoral.com.ar\/%77%70%2d%63%6f%6e%74%65%6e%74\/uploads\/2021\/01\/circulo.png","width":723,"height":731,"caption":"Informe Litoral"},"image":{"@id":"https:\/\/informelitoral.com.ar\/#\/schema\/logo\/image\/"},"sameAs":["https:\/\/www.facebook.com\/informelitoral\/","https:\/\/x.com\/InformeLitoral","https:\/\/www.instagram.com\/informelitoral\/","https:\/\/www.youtube.com\/channel\/UCua4Qvz8Icb6MYqhoq9xLXw"]},{"@type":"Person","@id":"https:\/\/informelitoral.com.ar\/#\/schema\/person\/b9d00407c836482871ef1d57bf8e3180","name":"Gonzalo Schmidt","image":{"@type":"ImageObject","inLanguage":"es","@id":"https:\/\/secure.gravatar.com\/avatar\/31a1a7b66ff2de83bd0e9fd79d026630d2d99e55e8bfe501287647b4fd9743de?s=96&d=mm&r=g","url":"https:\/\/secure.gravatar.com\/avatar\/31a1a7b66ff2de83bd0e9fd79d026630d2d99e55e8bfe501287647b4fd9743de?s=96&d=mm&r=g","contentUrl":"https:\/\/secure.gravatar.com\/avatar\/31a1a7b66ff2de83bd0e9fd79d026630d2d99e55e8bfe501287647b4fd9743de?s=96&d=mm&r=g","caption":"Gonzalo Schmidt"},"description":"Sitio web de noticias de la provincia de Entre R\u00edos, Argentina. Informaci\u00f3n y entretenimiento. Informe Litoral, nos informamos.","sameAs":["http:\/\/www.isletasnoticias.com.ar"],"url":"https:\/\/informelitoral.com.ar\/author\/gonzalo\/"}]}},"_links":{"self":[{"href":"https:\/\/informelitoral.com.ar\/%77%70%2d%6a%73%6f%6e\/wp\/v2\/posts\/15219","targetHints":{"allow":["GET"]}}],"collection":[{"href":"https:\/\/informelitoral.com.ar\/%77%70%2d%6a%73%6f%6e\/wp\/v2\/posts"}],"about":[{"href":"https:\/\/informelitoral.com.ar\/%77%70%2d%6a%73%6f%6e\/wp\/v2\/types\/post"}],"author":[{"embeddable":true,"href":"https:\/\/informelitoral.com.ar\/%77%70%2d%6a%73%6f%6e\/wp\/v2\/users\/2"}],"replies":[{"embeddable":true,"href":"https:\/\/informelitoral.com.ar\/%77%70%2d%6a%73%6f%6e\/wp\/v2\/comments?post=15219"}],"version-history":[{"count":0,"href":"https:\/\/informelitoral.com.ar\/%77%70%2d%6a%73%6f%6e\/wp\/v2\/posts\/15219\/revisions"}],"wp:attachment":[{"href":"https:\/\/informelitoral.com.ar\/%77%70%2d%6a%73%6f%6e\/wp\/v2\/media?parent=15219"}],"wp:term":[{"taxonomy":"category","embeddable":true,"href":"https:\/\/informelitoral.com.ar\/%77%70%2d%6a%73%6f%6e\/wp\/v2\/categories?post=15219"},{"taxonomy":"post_tag","embeddable":true,"href":"https:\/\/informelitoral.com.ar\/%77%70%2d%6a%73%6f%6e\/wp\/v2\/tags?post=15219"}],"curies":[{"name":"wp","href":"https:\/\/api.w.org\/{rel}","templated":true}]}}