{"id":15211,"date":"2016-04-12T08:51:45","date_gmt":"2016-04-12T11:51:45","guid":{"rendered":"http:\/\/www.isletasnoticias.com.ar\/?p=15211"},"modified":"2016-04-12T08:51:45","modified_gmt":"2016-04-12T11:51:45","slug":"aumentarian-frutas-y-verduras-por-el-impacto-de-las-lluvias","status":"publish","type":"post","link":"https:\/\/informelitoral.com.ar\/aumentarian-frutas-y-verduras-por-el-impacto-de-las-lluvias\/","title":{"rendered":"Aumentar\u00edan frutas y verduras por el impacto de las lluvias"},"content":{"rendered":"<p><strong>Las precipitaciones dejan a la producci\u00f3n frutihort\u00edcola en situaci\u00f3n cr\u00edtica. Cosechas arruinadas y una declaraci\u00f3n de emergencia que se demora. Los precios en la verduler\u00eda.<a href=\"http:\/\/www.isletasnoticias.com.ar\/%77%70%2d%63%6f%6e%74%65%6e%74\/uploads\/2016\/04\/o_1460454081.jpg\" rel=\"attachment wp-att-15212\"><img loading=\"lazy\" decoding=\"async\" class=\"aligncenter wp-image-15212 size-full\" src=\"http:\/\/www.isletasnoticias.com.ar\/%77%70%2d%63%6f%6e%74%65%6e%74\/uploads\/2016\/04\/o_1460454081.jpg\" alt=\"o_1460454081\" width=\"640\" height=\"360\" srcset=\"https:\/\/informelitoral.com.ar\/%77%70%2d%63%6f%6e%74%65%6e%74\/uploads\/2016\/04\/o_1460454081.jpg 640w, https:\/\/informelitoral.com.ar\/%77%70%2d%63%6f%6e%74%65%6e%74\/uploads\/2016\/04\/o_1460454081-300x169.jpg 300w\" sizes=\"auto, (max-width: 640px) 100vw, 640px\" \/><\/a><\/strong><\/p>\n<p>\u00abTengo 49 a\u00f1os, desde los 12 que trabajo en la quinta, y nunca vi algo igual\u00bb, dice con angustia Mario Bevilacqua, presidente de la Asociaci\u00f3n de Horticultores de Entre R\u00edos, en di\u00e1logo con El Diario.<\/p>\n<p>No qued\u00f3 nada, son las palabras que usa Mario para describir la situaci\u00f3n que se vive en el cord\u00f3n hort\u00edcola de la ciudad, tras 25 d\u00edas de inclemencias, granizo, lluvia.<\/p>\n<p>\u00abEl d\u00eda 23 de febrero nos reunimos con el ministro de la Producci\u00f3n, Carlos Schepens. Luego de esa reuni\u00f3n empezar\u00edamos a cultivar en la escala acostumbrada, que es una escala medianamente aceptable. Pero hoy no est\u00e1 quedando nada\u00bb, afirma Bevilacqua.<\/p>\n<p>En este \u00abno est\u00e1 quedando nada\u00bb se incluye la espinaca que seg\u00fan \u00e9l est\u00e1 podrida, el tomate est\u00e1 afectado, el pimiento no se pudo recuperar, la lechuga, la achicoria y el repollo. \u00abEl repollo parece una baba que se disuelve en el piso. Las calabacitas coreanas est\u00e1n hechas unos panes en el piso, hay una hect\u00e1rea y media, que son unos 40 o 50 mil kilos y no sirve nada\u00bb, dice con tristeza.<\/p>\n<p>\u00abHay una o dos hect\u00e1reas de acelga que tienen hongos, al igual que la espinaca y la lechuga\u00bb, describe.<\/p>\n<p><strong>El pedido<\/strong><\/p>\n<p>En esa reuni\u00f3n mencionada ped\u00edan al ministro cr\u00e9ditos blandos y una ayuda urgente para paliar la situaci\u00f3n.<\/p>\n<p>Tuvieron la confirmaci\u00f3n de que se gestionar\u00edan esos cr\u00e9ditos, pero su gesti\u00f3n depende de la declaraci\u00f3n de emergencia hort\u00edcola en la provincia. \u00abEl jueves de la semana pasada la firmaba el ministro de Econom\u00eda, Carlos Ballay y el viernes 8 la firmaba el gobernador y de ah\u00ed iba al Consejo Federal de Inversiones (CFI). Los cr\u00e9ditos son de cien mil pesos, con tasa cero, por cuatro a\u00f1os, con un a\u00f1o de gracia. Los cr\u00e9ditos demoran un mes y medio o dos\u00bb, explica.<\/p>\n<p>En cuanto al destino y utilidad que pueden brindar esos cr\u00e9ditos, Bevilacqua dice: \u00abLos cr\u00e9ditos nos permite pagar la semilla que estamos debiendo, volver a tener cr\u00e9dito con nuestros acreedores\u00bb.<\/p>\n<p>\u00abS\u00e9 que el gobierno est\u00e1 ocupado con tantas inundaciones \u2013aclara Bevilacqua-, pero estamos desde febrero con esta situaci\u00f3n. Pedimos que nos subsanen algo. No puede ser que paguemos impuestos como patronales sojeras y somos productores hort\u00edcolas\u00bb.<\/p>\n<p>Para poder optar por la exenci\u00f3n de impuestos se necesita la declaraci\u00f3n de emergencia.<\/p>\n<p>\u00abAtr\u00e1s m\u00edo tengo un mont\u00f3n de gente. Estamos anotando productores del interior, para que se acerquen y se haga un poco m\u00e1s fuerte la Asociaci\u00f3n. Tenemos respuesta pero no con la rapidez que necesitamos\u00bb, comenta.<\/p>\n<p>En cuanto a la situaci\u00f3n cr\u00edtica que atraviesa la provincia en cuanto a las inclemencias meteorol\u00f3gicas, afirma que no tiene informaci\u00f3n de que haya alguna parte de la provincia que zafe de esta situaci\u00f3n, \u00abme llegan noticias de puras inundaciones\u00bb.<\/p>\n<p>\u00abHan pasado cosas graves, como tornados, granizo, pero ahora vamos diez d\u00edas de lluvias continuas. La emergencia hort\u00edcola la tienen que agregar a las otras emergencias: a la h\u00eddrica y a la ap\u00edcola\u00bb, agrega.<\/p>\n<p><strong>Algunos ejemplos<\/strong><\/p>\n<p>La lechuga de la zona, el caj\u00f3n de 6 o 7 kilos, cuesta 150 pesos. La espinaca y la acelga bajaron los precios. La espinaca lleg\u00f3 a 35 pesos y ahora est\u00e1 a 18 o 20. El tomate, la calabaza, y la papa, est\u00e1n m\u00e1s o menos en precio. La fruta est\u00e1 empezando a escasear, por ejemplo, la ciruela, el durazno. Ahora hay en el mercado pera y uva. Empez\u00f3 a llegar una nueva producci\u00f3n de naranja de Entre R\u00edos. La naranja lleg\u00f3 hasta los 35 pesos, y esta nueva tanda se consigue a 25. Falt\u00f3 un poco de zapallito, porque hab\u00eda oferta previa y all\u00ed no hubo muchos cambios. El caj\u00f3n de tomates redondos se ubic\u00f3 en 250 pesos, y \u00abhasta ahora lo que viene de afuera no tuvo muchos cambios. La papa tucumana no tuvo mucho aumento, y se ubic\u00f3 en los 95 pesos la bolsa. Si no ten\u00e9s una c\u00e1mara no pod\u00e9s acumular y adelantarse a los aumentos\u00bb, Fabi\u00e1n, un comprador cotidiano para su verduler\u00eda de Mariano Moreno.<\/p>\n<p><strong>En la verduler\u00eda<\/strong><\/p>\n<p>Las contingencias clim\u00e1ticas que vienen afectando de manera continua a los cordones productivos de la provincia provocan que se incrementen los precios de las verduras.<\/p>\n<p>\u00abLa lluvia como \u00e9sta no rompe la verdura. Lo que pasa es que se complica para sacarla. Es probable que la semana que viene tengan impacto en los precios\u00bb, dice Dan de una verduler\u00eda c\u00e9ntrica.<\/p>\n<p>Las verduras de hoja, seg\u00fan \u00e9l, por estos d\u00edas han bajado, la espinaca, la lechuga, la acelga. Baj\u00f3 porque hay mucha oferta, de productos que vienen de La Plata o Mendoza, lo cual tambi\u00e9n significa un impacto en los precios, por el traslado. Los verduleros, los que a diario tienen contacto con su clientela, manifiestan que tratan de no subir tanto los precios, porque adem\u00e1s corren el riesgo de que la verdura no se venda. El comerciante narr\u00f3 que ya los camiones que deb\u00edan regresar de San Juan y Mendoza con productos frescos llegaron vac\u00edos, \u00ablo que muestra que ser\u00e1 como dicen en el Mercado, y que se vienen aumentos grandes\u00bb.<\/p>\n<p>Estela, una verdulera del este de ciudad comparte con Dan el criterio acerca de la lluvia, pero apunta que hab\u00eda stock para cubrir estos d\u00edas, pero no lo habr\u00e1 para los pr\u00f3ximos, por lo que se espera un aumento importante para los pr\u00f3ximos d\u00edas. En el cord\u00f3n hort\u00edcola de Santa Fe \u2013de donde Paran\u00e1 importa gran cantidad de vegetales- se habla de \u00abdesolaci\u00f3n y p\u00e9rdida total\u00bb por la situaci\u00f3n h\u00eddrica. All\u00ed los productores nucleados en la c\u00e1mara arriesgan una cifra de aumento para los pr\u00f3ximos d\u00edas: 30 %. <em>(El Diario)<\/em><\/p>\n","protected":false},"excerpt":{"rendered":"<p>Las precipitaciones dejan a la producci&oacute;n frutihort&iacute;cola en situaci&oacute;n cr&iacute;tica. Cosechas arruinadas y una declaraci&oacute;n de emergencia que se demora. Los precios en la verduler&iacute;a. &laquo;Tengo 49 a&ntilde;os, desde los 12 que trabajo en la quinta, y nunca vi algo igual&raquo;, dice con angustia Mario Bevilacqua, presidente de la Asociaci&oacute;n de Horticultores de Entre R&iacute;os, [&hellip;]<\/p>\n","protected":false},"author":2,"featured_media":0,"comment_status":"open","ping_status":"open","sticky":false,"template":"","format":"standard","meta":{"fifu_image_url":"","fifu_image_alt":"","footnotes":""},"categories":[6],"tags":[],"class_list":{"0":"post-15211","1":"post","2":"type-post","3":"status-publish","4":"format-standard","6":"category-entre-rios"},"yoast_head":"<title>Aumentar\u00edan frutas y verduras por el impacto de las lluvias - Informe Litoral<\/title>\n<meta name=\"robots\" content=\"index, follow, max-snippet:-1, max-image-preview:large, max-video-preview:-1\" \/>\n<link rel=\"canonical\" href=\"https:\/\/informelitoral.com.ar\/aumentarian-frutas-y-verduras-por-el-impacto-de-las-lluvias\/\" \/>\n<meta property=\"og:locale\" content=\"es_ES\" \/>\n<meta property=\"og:type\" content=\"article\" \/>\n<meta property=\"og:title\" content=\"Aumentar\u00edan frutas y verduras por el impacto de las lluvias - Informe Litoral\" \/>\n<meta property=\"og:description\" content=\"Las precipitaciones dejan a la producci&oacute;n frutihort&iacute;cola en situaci&oacute;n cr&iacute;tica. Cosechas arruinadas y una declaraci&oacute;n de emergencia que se demora. Los precios en la verduler&iacute;a. &laquo;Tengo 49 a&ntilde;os, desde los 12 que trabajo en la quinta, y nunca vi algo igual&raquo;, dice con angustia Mario Bevilacqua, presidente de la Asociaci&oacute;n de Horticultores de Entre R&iacute;os, [&hellip;]\" \/>\n<meta property=\"og:url\" content=\"https:\/\/informelitoral.com.ar\/aumentarian-frutas-y-verduras-por-el-impacto-de-las-lluvias\/\" \/>\n<meta property=\"og:site_name\" content=\"Informe Litoral\" \/>\n<meta property=\"article:publisher\" content=\"https:\/\/www.facebook.com\/informelitoral\/\" \/>\n<meta property=\"article:published_time\" content=\"2016-04-12T11:51:45+00:00\" \/>\n<meta property=\"og:image\" content=\"https:\/\/informelitoral.com.ar\/%77%70%2d%63%6f%6e%74%65%6e%74\/uploads\/2016\/04\/o_1460454081.jpg\" \/>\n\t<meta property=\"og:image:width\" content=\"640\" \/>\n\t<meta property=\"og:image:height\" content=\"360\" \/>\n\t<meta property=\"og:image:type\" content=\"image\/jpeg\" \/>\n<meta name=\"author\" content=\"Gonzalo Schmidt\" \/>\n<meta name=\"twitter:card\" content=\"summary_large_image\" \/>\n<meta name=\"twitter:creator\" content=\"@InformeLitoral\" \/>\n<meta name=\"twitter:site\" content=\"@InformeLitoral\" \/>\n<meta name=\"twitter:label1\" content=\"Escrito por\" \/>\n\t<meta name=\"twitter:data1\" content=\"Gonzalo Schmidt\" \/>\n\t<meta name=\"twitter:label2\" content=\"Tiempo de lectura\" \/>\n\t<meta name=\"twitter:data2\" content=\"5 minutos\" \/>\n<script type=\"application\/ld+json\" class=\"yoast-schema-graph\">{\"@context\":\"https:\\\/\\\/schema.org\",\"@graph\":[{\"@type\":\"Article\",\"@id\":\"https:\\\/\\\/informelitoral.com.ar\\\/aumentarian-frutas-y-verduras-por-el-impacto-de-las-lluvias\\\/#article\",\"isPartOf\":{\"@id\":\"https:\\\/\\\/informelitoral.com.ar\\\/aumentarian-frutas-y-verduras-por-el-impacto-de-las-lluvias\\\/\"},\"author\":{\"name\":\"Gonzalo Schmidt\",\"@id\":\"https:\\\/\\\/informelitoral.com.ar\\\/#\\\/schema\\\/person\\\/b9d00407c836482871ef1d57bf8e3180\"},\"headline\":\"Aumentar\u00edan frutas y verduras por el impacto de las lluvias\",\"datePublished\":\"2016-04-12T11:51:45+00:00\",\"mainEntityOfPage\":{\"@id\":\"https:\\\/\\\/informelitoral.com.ar\\\/aumentarian-frutas-y-verduras-por-el-impacto-de-las-lluvias\\\/\"},\"wordCount\":1035,\"commentCount\":0,\"publisher\":{\"@id\":\"https:\\\/\\\/informelitoral.com.ar\\\/#organization\"},\"image\":{\"@id\":\"https:\\\/\\\/informelitoral.com.ar\\\/aumentarian-frutas-y-verduras-por-el-impacto-de-las-lluvias\\\/#primaryimage\"},\"thumbnailUrl\":\"http:\\\/\\\/www.isletasnoticias.com.ar\\\/%77%70%2d%63%6f%6e%74%65%6e%74\\\/uploads\\\/2016\\\/04\\\/o_1460454081.jpg\",\"articleSection\":[\"Entre R\u00edos\"],\"inLanguage\":\"es\",\"potentialAction\":[{\"@type\":\"CommentAction\",\"name\":\"Comment\",\"target\":[\"https:\\\/\\\/informelitoral.com.ar\\\/aumentarian-frutas-y-verduras-por-el-impacto-de-las-lluvias\\\/#respond\"]}]},{\"@type\":\"WebPage\",\"@id\":\"https:\\\/\\\/informelitoral.com.ar\\\/aumentarian-frutas-y-verduras-por-el-impacto-de-las-lluvias\\\/\",\"url\":\"https:\\\/\\\/informelitoral.com.ar\\\/aumentarian-frutas-y-verduras-por-el-impacto-de-las-lluvias\\\/\",\"name\":\"Aumentar\u00edan frutas y verduras por el impacto de las lluvias - Informe Litoral\",\"isPartOf\":{\"@id\":\"https:\\\/\\\/informelitoral.com.ar\\\/#website\"},\"primaryImageOfPage\":{\"@id\":\"https:\\\/\\\/informelitoral.com.ar\\\/aumentarian-frutas-y-verduras-por-el-impacto-de-las-lluvias\\\/#primaryimage\"},\"image\":{\"@id\":\"https:\\\/\\\/informelitoral.com.ar\\\/aumentarian-frutas-y-verduras-por-el-impacto-de-las-lluvias\\\/#primaryimage\"},\"thumbnailUrl\":\"http:\\\/\\\/www.isletasnoticias.com.ar\\\/%77%70%2d%63%6f%6e%74%65%6e%74\\\/uploads\\\/2016\\\/04\\\/o_1460454081.jpg\",\"datePublished\":\"2016-04-12T11:51:45+00:00\",\"breadcrumb\":{\"@id\":\"https:\\\/\\\/informelitoral.com.ar\\\/aumentarian-frutas-y-verduras-por-el-impacto-de-las-lluvias\\\/#breadcrumb\"},\"inLanguage\":\"es\",\"potentialAction\":[{\"@type\":\"ReadAction\",\"target\":[\"https:\\\/\\\/informelitoral.com.ar\\\/aumentarian-frutas-y-verduras-por-el-impacto-de-las-lluvias\\\/\"]}]},{\"@type\":\"ImageObject\",\"inLanguage\":\"es\",\"@id\":\"https:\\\/\\\/informelitoral.com.ar\\\/aumentarian-frutas-y-verduras-por-el-impacto-de-las-lluvias\\\/#primaryimage\",\"url\":\"http:\\\/\\\/www.isletasnoticias.com.ar\\\/%77%70%2d%63%6f%6e%74%65%6e%74\\\/uploads\\\/2016\\\/04\\\/o_1460454081.jpg\",\"contentUrl\":\"http:\\\/\\\/www.isletasnoticias.com.ar\\\/%77%70%2d%63%6f%6e%74%65%6e%74\\\/uploads\\\/2016\\\/04\\\/o_1460454081.jpg\"},{\"@type\":\"BreadcrumbList\",\"@id\":\"https:\\\/\\\/informelitoral.com.ar\\\/aumentarian-frutas-y-verduras-por-el-impacto-de-las-lluvias\\\/#breadcrumb\",\"itemListElement\":[{\"@type\":\"ListItem\",\"position\":1,\"name\":\"Portada\",\"item\":\"https:\\\/\\\/informelitoral.com.ar\\\/\"},{\"@type\":\"ListItem\",\"position\":2,\"name\":\"Aumentar\u00edan frutas y verduras por el impacto de las lluvias\"}]},{\"@type\":\"WebSite\",\"@id\":\"https:\\\/\\\/informelitoral.com.ar\\\/#website\",\"url\":\"https:\\\/\\\/informelitoral.com.ar\\\/\",\"name\":\"Informe Litoral\",\"description\":\"&quot;Nos informamos&quot; \",\"publisher\":{\"@id\":\"https:\\\/\\\/informelitoral.com.ar\\\/#organization\"},\"potentialAction\":[{\"@type\":\"SearchAction\",\"target\":{\"@type\":\"EntryPoint\",\"urlTemplate\":\"https:\\\/\\\/informelitoral.com.ar\\\/?s={search_term_string}\"},\"query-input\":{\"@type\":\"PropertyValueSpecification\",\"valueRequired\":true,\"valueName\":\"search_term_string\"}}],\"inLanguage\":\"es\"},{\"@type\":\"Organization\",\"@id\":\"https:\\\/\\\/informelitoral.com.ar\\\/#organization\",\"name\":\"Informe Litoral\",\"url\":\"https:\\\/\\\/informelitoral.com.ar\\\/\",\"logo\":{\"@type\":\"ImageObject\",\"inLanguage\":\"es\",\"@id\":\"https:\\\/\\\/informelitoral.com.ar\\\/#\\\/schema\\\/logo\\\/image\\\/\",\"url\":\"https:\\\/\\\/informelitoral.com.ar\\\/%77%70%2d%63%6f%6e%74%65%6e%74\\\/uploads\\\/2021\\\/01\\\/circulo.png\",\"contentUrl\":\"https:\\\/\\\/informelitoral.com.ar\\\/%77%70%2d%63%6f%6e%74%65%6e%74\\\/uploads\\\/2021\\\/01\\\/circulo.png\",\"width\":723,\"height\":731,\"caption\":\"Informe Litoral\"},\"image\":{\"@id\":\"https:\\\/\\\/informelitoral.com.ar\\\/#\\\/schema\\\/logo\\\/image\\\/\"},\"sameAs\":[\"https:\\\/\\\/www.facebook.com\\\/informelitoral\\\/\",\"https:\\\/\\\/x.com\\\/InformeLitoral\",\"https:\\\/\\\/www.instagram.com\\\/informelitoral\\\/\",\"https:\\\/\\\/www.youtube.com\\\/channel\\\/UCua4Qvz8Icb6MYqhoq9xLXw\"]},{\"@type\":\"Person\",\"@id\":\"https:\\\/\\\/informelitoral.com.ar\\\/#\\\/schema\\\/person\\\/b9d00407c836482871ef1d57bf8e3180\",\"name\":\"Gonzalo Schmidt\",\"image\":{\"@type\":\"ImageObject\",\"inLanguage\":\"es\",\"@id\":\"https:\\\/\\\/secure.gravatar.com\\\/avatar\\\/31a1a7b66ff2de83bd0e9fd79d026630d2d99e55e8bfe501287647b4fd9743de?s=96&d=mm&r=g\",\"url\":\"https:\\\/\\\/secure.gravatar.com\\\/avatar\\\/31a1a7b66ff2de83bd0e9fd79d026630d2d99e55e8bfe501287647b4fd9743de?s=96&d=mm&r=g\",\"contentUrl\":\"https:\\\/\\\/secure.gravatar.com\\\/avatar\\\/31a1a7b66ff2de83bd0e9fd79d026630d2d99e55e8bfe501287647b4fd9743de?s=96&d=mm&r=g\",\"caption\":\"Gonzalo Schmidt\"},\"description\":\"Sitio web de noticias de la provincia de Entre R\u00edos, Argentina. Informaci\u00f3n y entretenimiento. Informe Litoral, nos informamos.\",\"sameAs\":[\"http:\\\/\\\/www.isletasnoticias.com.ar\"],\"url\":\"https:\\\/\\\/informelitoral.com.ar\\\/author\\\/gonzalo\\\/\"}]}<\/script>","yoast_head_json":{"title":"Aumentar\u00edan frutas y verduras por el impacto de las lluvias - Informe Litoral","robots":{"index":"index","follow":"follow","max-snippet":"max-snippet:-1","max-image-preview":"max-image-preview:large","max-video-preview":"max-video-preview:-1"},"canonical":"https:\/\/informelitoral.com.ar\/aumentarian-frutas-y-verduras-por-el-impacto-de-las-lluvias\/","og_locale":"es_ES","og_type":"article","og_title":"Aumentar\u00edan frutas y verduras por el impacto de las lluvias - Informe Litoral","og_description":"Las precipitaciones dejan a la producci&oacute;n frutihort&iacute;cola en situaci&oacute;n cr&iacute;tica. Cosechas arruinadas y una declaraci&oacute;n de emergencia que se demora. Los precios en la verduler&iacute;a. &laquo;Tengo 49 a&ntilde;os, desde los 12 que trabajo en la quinta, y nunca vi algo igual&raquo;, dice con angustia Mario Bevilacqua, presidente de la Asociaci&oacute;n de Horticultores de Entre R&iacute;os, [&hellip;]","og_url":"https:\/\/informelitoral.com.ar\/aumentarian-frutas-y-verduras-por-el-impacto-de-las-lluvias\/","og_site_name":"Informe Litoral","article_publisher":"https:\/\/www.facebook.com\/informelitoral\/","article_published_time":"2016-04-12T11:51:45+00:00","og_image":[{"width":640,"height":360,"url":"https:\/\/informelitoral.com.ar\/%77%70%2d%63%6f%6e%74%65%6e%74\/uploads\/2016\/04\/o_1460454081.jpg","type":"image\/jpeg"}],"author":"Gonzalo Schmidt","twitter_card":"summary_large_image","twitter_creator":"@InformeLitoral","twitter_site":"@InformeLitoral","twitter_misc":{"Escrito por":"Gonzalo Schmidt","Tiempo de lectura":"5 minutos"},"schema":{"@context":"https:\/\/schema.org","@graph":[{"@type":"Article","@id":"https:\/\/informelitoral.com.ar\/aumentarian-frutas-y-verduras-por-el-impacto-de-las-lluvias\/#article","isPartOf":{"@id":"https:\/\/informelitoral.com.ar\/aumentarian-frutas-y-verduras-por-el-impacto-de-las-lluvias\/"},"author":{"name":"Gonzalo Schmidt","@id":"https:\/\/informelitoral.com.ar\/#\/schema\/person\/b9d00407c836482871ef1d57bf8e3180"},"headline":"Aumentar\u00edan frutas y verduras por el impacto de las lluvias","datePublished":"2016-04-12T11:51:45+00:00","mainEntityOfPage":{"@id":"https:\/\/informelitoral.com.ar\/aumentarian-frutas-y-verduras-por-el-impacto-de-las-lluvias\/"},"wordCount":1035,"commentCount":0,"publisher":{"@id":"https:\/\/informelitoral.com.ar\/#organization"},"image":{"@id":"https:\/\/informelitoral.com.ar\/aumentarian-frutas-y-verduras-por-el-impacto-de-las-lluvias\/#primaryimage"},"thumbnailUrl":"http:\/\/www.isletasnoticias.com.ar\/%77%70%2d%63%6f%6e%74%65%6e%74\/uploads\/2016\/04\/o_1460454081.jpg","articleSection":["Entre R\u00edos"],"inLanguage":"es","potentialAction":[{"@type":"CommentAction","name":"Comment","target":["https:\/\/informelitoral.com.ar\/aumentarian-frutas-y-verduras-por-el-impacto-de-las-lluvias\/#respond"]}]},{"@type":"WebPage","@id":"https:\/\/informelitoral.com.ar\/aumentarian-frutas-y-verduras-por-el-impacto-de-las-lluvias\/","url":"https:\/\/informelitoral.com.ar\/aumentarian-frutas-y-verduras-por-el-impacto-de-las-lluvias\/","name":"Aumentar\u00edan frutas y verduras por el impacto de las lluvias - Informe Litoral","isPartOf":{"@id":"https:\/\/informelitoral.com.ar\/#website"},"primaryImageOfPage":{"@id":"https:\/\/informelitoral.com.ar\/aumentarian-frutas-y-verduras-por-el-impacto-de-las-lluvias\/#primaryimage"},"image":{"@id":"https:\/\/informelitoral.com.ar\/aumentarian-frutas-y-verduras-por-el-impacto-de-las-lluvias\/#primaryimage"},"thumbnailUrl":"http:\/\/www.isletasnoticias.com.ar\/%77%70%2d%63%6f%6e%74%65%6e%74\/uploads\/2016\/04\/o_1460454081.jpg","datePublished":"2016-04-12T11:51:45+00:00","breadcrumb":{"@id":"https:\/\/informelitoral.com.ar\/aumentarian-frutas-y-verduras-por-el-impacto-de-las-lluvias\/#breadcrumb"},"inLanguage":"es","potentialAction":[{"@type":"ReadAction","target":["https:\/\/informelitoral.com.ar\/aumentarian-frutas-y-verduras-por-el-impacto-de-las-lluvias\/"]}]},{"@type":"ImageObject","inLanguage":"es","@id":"https:\/\/informelitoral.com.ar\/aumentarian-frutas-y-verduras-por-el-impacto-de-las-lluvias\/#primaryimage","url":"http:\/\/www.isletasnoticias.com.ar\/%77%70%2d%63%6f%6e%74%65%6e%74\/uploads\/2016\/04\/o_1460454081.jpg","contentUrl":"http:\/\/www.isletasnoticias.com.ar\/%77%70%2d%63%6f%6e%74%65%6e%74\/uploads\/2016\/04\/o_1460454081.jpg"},{"@type":"BreadcrumbList","@id":"https:\/\/informelitoral.com.ar\/aumentarian-frutas-y-verduras-por-el-impacto-de-las-lluvias\/#breadcrumb","itemListElement":[{"@type":"ListItem","position":1,"name":"Portada","item":"https:\/\/informelitoral.com.ar\/"},{"@type":"ListItem","position":2,"name":"Aumentar\u00edan frutas y verduras por el impacto de las lluvias"}]},{"@type":"WebSite","@id":"https:\/\/informelitoral.com.ar\/#website","url":"https:\/\/informelitoral.com.ar\/","name":"Informe Litoral","description":"&quot;Nos informamos&quot; ","publisher":{"@id":"https:\/\/informelitoral.com.ar\/#organization"},"potentialAction":[{"@type":"SearchAction","target":{"@type":"EntryPoint","urlTemplate":"https:\/\/informelitoral.com.ar\/?s={search_term_string}"},"query-input":{"@type":"PropertyValueSpecification","valueRequired":true,"valueName":"search_term_string"}}],"inLanguage":"es"},{"@type":"Organization","@id":"https:\/\/informelitoral.com.ar\/#organization","name":"Informe Litoral","url":"https:\/\/informelitoral.com.ar\/","logo":{"@type":"ImageObject","inLanguage":"es","@id":"https:\/\/informelitoral.com.ar\/#\/schema\/logo\/image\/","url":"https:\/\/informelitoral.com.ar\/%77%70%2d%63%6f%6e%74%65%6e%74\/uploads\/2021\/01\/circulo.png","contentUrl":"https:\/\/informelitoral.com.ar\/%77%70%2d%63%6f%6e%74%65%6e%74\/uploads\/2021\/01\/circulo.png","width":723,"height":731,"caption":"Informe Litoral"},"image":{"@id":"https:\/\/informelitoral.com.ar\/#\/schema\/logo\/image\/"},"sameAs":["https:\/\/www.facebook.com\/informelitoral\/","https:\/\/x.com\/InformeLitoral","https:\/\/www.instagram.com\/informelitoral\/","https:\/\/www.youtube.com\/channel\/UCua4Qvz8Icb6MYqhoq9xLXw"]},{"@type":"Person","@id":"https:\/\/informelitoral.com.ar\/#\/schema\/person\/b9d00407c836482871ef1d57bf8e3180","name":"Gonzalo Schmidt","image":{"@type":"ImageObject","inLanguage":"es","@id":"https:\/\/secure.gravatar.com\/avatar\/31a1a7b66ff2de83bd0e9fd79d026630d2d99e55e8bfe501287647b4fd9743de?s=96&d=mm&r=g","url":"https:\/\/secure.gravatar.com\/avatar\/31a1a7b66ff2de83bd0e9fd79d026630d2d99e55e8bfe501287647b4fd9743de?s=96&d=mm&r=g","contentUrl":"https:\/\/secure.gravatar.com\/avatar\/31a1a7b66ff2de83bd0e9fd79d026630d2d99e55e8bfe501287647b4fd9743de?s=96&d=mm&r=g","caption":"Gonzalo Schmidt"},"description":"Sitio web de noticias de la provincia de Entre R\u00edos, Argentina. Informaci\u00f3n y entretenimiento. Informe Litoral, nos informamos.","sameAs":["http:\/\/www.isletasnoticias.com.ar"],"url":"https:\/\/informelitoral.com.ar\/author\/gonzalo\/"}]}},"_links":{"self":[{"href":"https:\/\/informelitoral.com.ar\/%77%70%2d%6a%73%6f%6e\/wp\/v2\/posts\/15211","targetHints":{"allow":["GET"]}}],"collection":[{"href":"https:\/\/informelitoral.com.ar\/%77%70%2d%6a%73%6f%6e\/wp\/v2\/posts"}],"about":[{"href":"https:\/\/informelitoral.com.ar\/%77%70%2d%6a%73%6f%6e\/wp\/v2\/types\/post"}],"author":[{"embeddable":true,"href":"https:\/\/informelitoral.com.ar\/%77%70%2d%6a%73%6f%6e\/wp\/v2\/users\/2"}],"replies":[{"embeddable":true,"href":"https:\/\/informelitoral.com.ar\/%77%70%2d%6a%73%6f%6e\/wp\/v2\/comments?post=15211"}],"version-history":[{"count":0,"href":"https:\/\/informelitoral.com.ar\/%77%70%2d%6a%73%6f%6e\/wp\/v2\/posts\/15211\/revisions"}],"wp:attachment":[{"href":"https:\/\/informelitoral.com.ar\/%77%70%2d%6a%73%6f%6e\/wp\/v2\/media?parent=15211"}],"wp:term":[{"taxonomy":"category","embeddable":true,"href":"https:\/\/informelitoral.com.ar\/%77%70%2d%6a%73%6f%6e\/wp\/v2\/categories?post=15211"},{"taxonomy":"post_tag","embeddable":true,"href":"https:\/\/informelitoral.com.ar\/%77%70%2d%6a%73%6f%6e\/wp\/v2\/tags?post=15211"}],"curies":[{"name":"wp","href":"https:\/\/api.w.org\/{rel}","templated":true}]}}