{"id":15203,"date":"2016-04-12T08:23:17","date_gmt":"2016-04-12T11:23:17","guid":{"rendered":"http:\/\/www.isletasnoticias.com.ar\/?p=15203"},"modified":"2016-04-12T08:23:17","modified_gmt":"2016-04-12T11:23:17","slug":"la-provincia-lanzo-la-campana-de-vacunacion-antigripal-2016","status":"publish","type":"post","link":"https:\/\/informelitoral.com.ar\/la-provincia-lanzo-la-campana-de-vacunacion-antigripal-2016\/","title":{"rendered":"La provincia lanz\u00f3 la campa\u00f1a de vacunaci\u00f3n antigripal 2016"},"content":{"rendered":"<p><strong>\u201cIniciamos la campa\u00f1a de vacunaci\u00f3n antigripal 2016 y ya se distribuyeron las primeras 75.000 dosis \u2013de un total de 150.000-, las que se encuentran disponibles en hospitales y centros de salud de todo el territorio provincial\u201d, expres\u00f3 el gobernador <em>Gustavo Bordet.<a href=\"http:\/\/www.isletasnoticias.com.ar\/%77%70%2d%63%6f%6e%74%65%6e%74\/uploads\/2016\/04\/vacuna1.jpg\" rel=\"attachment wp-att-15204\"><img loading=\"lazy\" decoding=\"async\" class=\"aligncenter wp-image-15204 size-full\" src=\"http:\/\/www.isletasnoticias.com.ar\/%77%70%2d%63%6f%6e%74%65%6e%74\/uploads\/2016\/04\/vacuna1.jpg\" alt=\"vacuna(1)\" width=\"700\" height=\"400\" srcset=\"https:\/\/informelitoral.com.ar\/%77%70%2d%63%6f%6e%74%65%6e%74\/uploads\/2016\/04\/vacuna1.jpg 700w, https:\/\/informelitoral.com.ar\/%77%70%2d%63%6f%6e%74%65%6e%74\/uploads\/2016\/04\/vacuna1-300x171.jpg 300w\" sizes=\"auto, (max-width: 700px) 100vw, 700px\" \/><\/a><\/em><\/strong><\/p>\n<p>\u201cLa cobertura es absolutamente gratuita y obligatoria para toda la poblaci\u00f3n comprendida en los grupos de riesgo y se hace sin distinci\u00f3n de beneficiarios de la seguridad social o fuera de ella\u201d, dijo el mandatario.<\/p>\n<p>El total de las dosis previstas para la campa\u00f1a 2016 en la provincia son 150.000, y con las mismas se garantiza la cobertura en forma gratuita y obligatoria de toda la poblaci\u00f3n comprendida en los grupos de riesgo. \u201cComo es una vacuna de calendario se hace sin distinci\u00f3n de beneficiarios de la seguridad social o fuera de ella\u201d, complet\u00f3 el ministro de Salud, <strong>Ariel de la Rosa.<\/strong><\/p>\n<p>Luego, inform\u00f3 que la campa\u00f1a est\u00e1 destinada a inmunizar a los grupos de riesgo, que comprenden al personal de salud y fuerzas de seguridad; los ni\u00f1os de seis meses a dos a\u00f1os; adultos mayores de 65; embarazadas en cualquier trimestre; personas que tengan patolog\u00edas cr\u00f3nicas como enfermedades respiratorias, card\u00edacas, inmunodeficiencias cong\u00e9nitas o adquiridas; pacientes oncohematol\u00f3gicos y trasplantados; personas obesas con \u00edndice de masa corporal mayor a 40, con insuficiencia renal cr\u00f3nica en di\u00e1lisis y diab\u00e9ticas.<\/p>\n<p>La poblaci\u00f3n identificada dentro de esos grupos debe acudir a vacunarse en forma gratuita al hospital o centro de salud m\u00e1s cercano a su vivienda. El ministro destac\u00f3 la importancia de la inmunizaci\u00f3n: \u201cHay que vacunarse porque las complicaciones que puede tener la gripe en estos grupos de riego pone en peligro la vida de estas personas, por eso la inmunizaci\u00f3n es una forma de bajar la cantidad de eventos que puedan ocurrir con respecto a la enfermedad\u201d.<\/p>\n","protected":false},"excerpt":{"rendered":"<p>&ldquo;Iniciamos la campa&ntilde;a de vacunaci&oacute;n antigripal 2016 y ya se distribuyeron las primeras 75.000 dosis &ndash;de un total de 150.000-, las que se encuentran disponibles en hospitales y centros de salud de todo el territorio provincial&rdquo;, expres&oacute; el gobernador Gustavo Bordet. &ldquo;La cobertura es absolutamente gratuita y obligatoria para toda la poblaci&oacute;n comprendida en los [&hellip;]<\/p>\n","protected":false},"author":2,"featured_media":0,"comment_status":"open","ping_status":"open","sticky":false,"template":"","format":"standard","meta":{"fifu_image_url":"","fifu_image_alt":"","footnotes":""},"categories":[6],"tags":[],"class_list":{"0":"post-15203","1":"post","2":"type-post","3":"status-publish","4":"format-standard","6":"category-entre-rios"},"yoast_head":"<title>La provincia lanz\u00f3 la campa\u00f1a de vacunaci\u00f3n antigripal 2016 - Informe Litoral<\/title>\n<meta name=\"robots\" content=\"index, follow, max-snippet:-1, max-image-preview:large, max-video-preview:-1\" \/>\n<link rel=\"canonical\" href=\"https:\/\/informelitoral.com.ar\/la-provincia-lanzo-la-campana-de-vacunacion-antigripal-2016\/\" \/>\n<meta property=\"og:locale\" content=\"es_ES\" \/>\n<meta property=\"og:type\" content=\"article\" \/>\n<meta property=\"og:title\" content=\"La provincia lanz\u00f3 la campa\u00f1a de vacunaci\u00f3n antigripal 2016 - Informe Litoral\" \/>\n<meta property=\"og:description\" content=\"&ldquo;Iniciamos la campa&ntilde;a de vacunaci&oacute;n antigripal 2016 y ya se distribuyeron las primeras 75.000 dosis &ndash;de un total de 150.000-, las que se encuentran disponibles en hospitales y centros de salud de todo el territorio provincial&rdquo;, expres&oacute; el gobernador Gustavo Bordet. &ldquo;La cobertura es absolutamente gratuita y obligatoria para toda la poblaci&oacute;n comprendida en los [&hellip;]\" \/>\n<meta property=\"og:url\" content=\"https:\/\/informelitoral.com.ar\/la-provincia-lanzo-la-campana-de-vacunacion-antigripal-2016\/\" \/>\n<meta property=\"og:site_name\" content=\"Informe Litoral\" \/>\n<meta property=\"article:publisher\" content=\"https:\/\/www.facebook.com\/informelitoral\/\" \/>\n<meta property=\"article:published_time\" content=\"2016-04-12T11:23:17+00:00\" \/>\n<meta property=\"og:image\" content=\"https:\/\/informelitoral.com.ar\/%77%70%2d%63%6f%6e%74%65%6e%74\/uploads\/2016\/04\/vacuna1.jpg\" \/>\n\t<meta property=\"og:image:width\" content=\"700\" \/>\n\t<meta property=\"og:image:height\" content=\"400\" \/>\n\t<meta property=\"og:image:type\" content=\"image\/jpeg\" \/>\n<meta name=\"author\" content=\"Gonzalo Schmidt\" \/>\n<meta name=\"twitter:card\" content=\"summary_large_image\" \/>\n<meta name=\"twitter:creator\" content=\"@InformeLitoral\" \/>\n<meta name=\"twitter:site\" content=\"@InformeLitoral\" \/>\n<meta name=\"twitter:label1\" content=\"Escrito por\" \/>\n\t<meta name=\"twitter:data1\" content=\"Gonzalo Schmidt\" \/>\n\t<meta name=\"twitter:label2\" content=\"Tiempo de lectura\" \/>\n\t<meta name=\"twitter:data2\" content=\"2 minutos\" \/>\n<script type=\"application\/ld+json\" class=\"yoast-schema-graph\">{\"@context\":\"https:\\\/\\\/schema.org\",\"@graph\":[{\"@type\":\"Article\",\"@id\":\"https:\\\/\\\/informelitoral.com.ar\\\/la-provincia-lanzo-la-campana-de-vacunacion-antigripal-2016\\\/#article\",\"isPartOf\":{\"@id\":\"https:\\\/\\\/informelitoral.com.ar\\\/la-provincia-lanzo-la-campana-de-vacunacion-antigripal-2016\\\/\"},\"author\":{\"name\":\"Gonzalo Schmidt\",\"@id\":\"https:\\\/\\\/informelitoral.com.ar\\\/#\\\/schema\\\/person\\\/b9d00407c836482871ef1d57bf8e3180\"},\"headline\":\"La provincia lanz\u00f3 la campa\u00f1a de vacunaci\u00f3n antigripal 2016\",\"datePublished\":\"2016-04-12T11:23:17+00:00\",\"mainEntityOfPage\":{\"@id\":\"https:\\\/\\\/informelitoral.com.ar\\\/la-provincia-lanzo-la-campana-de-vacunacion-antigripal-2016\\\/\"},\"wordCount\":322,\"commentCount\":0,\"publisher\":{\"@id\":\"https:\\\/\\\/informelitoral.com.ar\\\/#organization\"},\"image\":{\"@id\":\"https:\\\/\\\/informelitoral.com.ar\\\/la-provincia-lanzo-la-campana-de-vacunacion-antigripal-2016\\\/#primaryimage\"},\"thumbnailUrl\":\"http:\\\/\\\/www.isletasnoticias.com.ar\\\/%77%70%2d%63%6f%6e%74%65%6e%74\\\/uploads\\\/2016\\\/04\\\/vacuna1.jpg\",\"articleSection\":[\"Entre R\u00edos\"],\"inLanguage\":\"es\",\"potentialAction\":[{\"@type\":\"CommentAction\",\"name\":\"Comment\",\"target\":[\"https:\\\/\\\/informelitoral.com.ar\\\/la-provincia-lanzo-la-campana-de-vacunacion-antigripal-2016\\\/#respond\"]}]},{\"@type\":\"WebPage\",\"@id\":\"https:\\\/\\\/informelitoral.com.ar\\\/la-provincia-lanzo-la-campana-de-vacunacion-antigripal-2016\\\/\",\"url\":\"https:\\\/\\\/informelitoral.com.ar\\\/la-provincia-lanzo-la-campana-de-vacunacion-antigripal-2016\\\/\",\"name\":\"La provincia lanz\u00f3 la campa\u00f1a de vacunaci\u00f3n antigripal 2016 - Informe Litoral\",\"isPartOf\":{\"@id\":\"https:\\\/\\\/informelitoral.com.ar\\\/#website\"},\"primaryImageOfPage\":{\"@id\":\"https:\\\/\\\/informelitoral.com.ar\\\/la-provincia-lanzo-la-campana-de-vacunacion-antigripal-2016\\\/#primaryimage\"},\"image\":{\"@id\":\"https:\\\/\\\/informelitoral.com.ar\\\/la-provincia-lanzo-la-campana-de-vacunacion-antigripal-2016\\\/#primaryimage\"},\"thumbnailUrl\":\"http:\\\/\\\/www.isletasnoticias.com.ar\\\/%77%70%2d%63%6f%6e%74%65%6e%74\\\/uploads\\\/2016\\\/04\\\/vacuna1.jpg\",\"datePublished\":\"2016-04-12T11:23:17+00:00\",\"breadcrumb\":{\"@id\":\"https:\\\/\\\/informelitoral.com.ar\\\/la-provincia-lanzo-la-campana-de-vacunacion-antigripal-2016\\\/#breadcrumb\"},\"inLanguage\":\"es\",\"potentialAction\":[{\"@type\":\"ReadAction\",\"target\":[\"https:\\\/\\\/informelitoral.com.ar\\\/la-provincia-lanzo-la-campana-de-vacunacion-antigripal-2016\\\/\"]}]},{\"@type\":\"ImageObject\",\"inLanguage\":\"es\",\"@id\":\"https:\\\/\\\/informelitoral.com.ar\\\/la-provincia-lanzo-la-campana-de-vacunacion-antigripal-2016\\\/#primaryimage\",\"url\":\"http:\\\/\\\/www.isletasnoticias.com.ar\\\/%77%70%2d%63%6f%6e%74%65%6e%74\\\/uploads\\\/2016\\\/04\\\/vacuna1.jpg\",\"contentUrl\":\"http:\\\/\\\/www.isletasnoticias.com.ar\\\/%77%70%2d%63%6f%6e%74%65%6e%74\\\/uploads\\\/2016\\\/04\\\/vacuna1.jpg\"},{\"@type\":\"BreadcrumbList\",\"@id\":\"https:\\\/\\\/informelitoral.com.ar\\\/la-provincia-lanzo-la-campana-de-vacunacion-antigripal-2016\\\/#breadcrumb\",\"itemListElement\":[{\"@type\":\"ListItem\",\"position\":1,\"name\":\"Portada\",\"item\":\"https:\\\/\\\/informelitoral.com.ar\\\/\"},{\"@type\":\"ListItem\",\"position\":2,\"name\":\"La provincia lanz\u00f3 la campa\u00f1a de vacunaci\u00f3n antigripal 2016\"}]},{\"@type\":\"WebSite\",\"@id\":\"https:\\\/\\\/informelitoral.com.ar\\\/#website\",\"url\":\"https:\\\/\\\/informelitoral.com.ar\\\/\",\"name\":\"Informe Litoral\",\"description\":\"&quot;Nos informamos&quot; \",\"publisher\":{\"@id\":\"https:\\\/\\\/informelitoral.com.ar\\\/#organization\"},\"potentialAction\":[{\"@type\":\"SearchAction\",\"target\":{\"@type\":\"EntryPoint\",\"urlTemplate\":\"https:\\\/\\\/informelitoral.com.ar\\\/?s={search_term_string}\"},\"query-input\":{\"@type\":\"PropertyValueSpecification\",\"valueRequired\":true,\"valueName\":\"search_term_string\"}}],\"inLanguage\":\"es\"},{\"@type\":\"Organization\",\"@id\":\"https:\\\/\\\/informelitoral.com.ar\\\/#organization\",\"name\":\"Informe Litoral\",\"url\":\"https:\\\/\\\/informelitoral.com.ar\\\/\",\"logo\":{\"@type\":\"ImageObject\",\"inLanguage\":\"es\",\"@id\":\"https:\\\/\\\/informelitoral.com.ar\\\/#\\\/schema\\\/logo\\\/image\\\/\",\"url\":\"https:\\\/\\\/informelitoral.com.ar\\\/%77%70%2d%63%6f%6e%74%65%6e%74\\\/uploads\\\/2021\\\/01\\\/circulo.png\",\"contentUrl\":\"https:\\\/\\\/informelitoral.com.ar\\\/%77%70%2d%63%6f%6e%74%65%6e%74\\\/uploads\\\/2021\\\/01\\\/circulo.png\",\"width\":723,\"height\":731,\"caption\":\"Informe Litoral\"},\"image\":{\"@id\":\"https:\\\/\\\/informelitoral.com.ar\\\/#\\\/schema\\\/logo\\\/image\\\/\"},\"sameAs\":[\"https:\\\/\\\/www.facebook.com\\\/informelitoral\\\/\",\"https:\\\/\\\/x.com\\\/InformeLitoral\",\"https:\\\/\\\/www.instagram.com\\\/informelitoral\\\/\",\"https:\\\/\\\/www.youtube.com\\\/channel\\\/UCua4Qvz8Icb6MYqhoq9xLXw\"]},{\"@type\":\"Person\",\"@id\":\"https:\\\/\\\/informelitoral.com.ar\\\/#\\\/schema\\\/person\\\/b9d00407c836482871ef1d57bf8e3180\",\"name\":\"Gonzalo Schmidt\",\"image\":{\"@type\":\"ImageObject\",\"inLanguage\":\"es\",\"@id\":\"https:\\\/\\\/secure.gravatar.com\\\/avatar\\\/31a1a7b66ff2de83bd0e9fd79d026630d2d99e55e8bfe501287647b4fd9743de?s=96&d=mm&r=g\",\"url\":\"https:\\\/\\\/secure.gravatar.com\\\/avatar\\\/31a1a7b66ff2de83bd0e9fd79d026630d2d99e55e8bfe501287647b4fd9743de?s=96&d=mm&r=g\",\"contentUrl\":\"https:\\\/\\\/secure.gravatar.com\\\/avatar\\\/31a1a7b66ff2de83bd0e9fd79d026630d2d99e55e8bfe501287647b4fd9743de?s=96&d=mm&r=g\",\"caption\":\"Gonzalo Schmidt\"},\"description\":\"Sitio web de noticias de la provincia de Entre R\u00edos, Argentina. Informaci\u00f3n y entretenimiento. Informe Litoral, nos informamos.\",\"sameAs\":[\"http:\\\/\\\/www.isletasnoticias.com.ar\"],\"url\":\"https:\\\/\\\/informelitoral.com.ar\\\/author\\\/gonzalo\\\/\"}]}<\/script>","yoast_head_json":{"title":"La provincia lanz\u00f3 la campa\u00f1a de vacunaci\u00f3n antigripal 2016 - Informe Litoral","robots":{"index":"index","follow":"follow","max-snippet":"max-snippet:-1","max-image-preview":"max-image-preview:large","max-video-preview":"max-video-preview:-1"},"canonical":"https:\/\/informelitoral.com.ar\/la-provincia-lanzo-la-campana-de-vacunacion-antigripal-2016\/","og_locale":"es_ES","og_type":"article","og_title":"La provincia lanz\u00f3 la campa\u00f1a de vacunaci\u00f3n antigripal 2016 - Informe Litoral","og_description":"&ldquo;Iniciamos la campa&ntilde;a de vacunaci&oacute;n antigripal 2016 y ya se distribuyeron las primeras 75.000 dosis &ndash;de un total de 150.000-, las que se encuentran disponibles en hospitales y centros de salud de todo el territorio provincial&rdquo;, expres&oacute; el gobernador Gustavo Bordet. &ldquo;La cobertura es absolutamente gratuita y obligatoria para toda la poblaci&oacute;n comprendida en los [&hellip;]","og_url":"https:\/\/informelitoral.com.ar\/la-provincia-lanzo-la-campana-de-vacunacion-antigripal-2016\/","og_site_name":"Informe Litoral","article_publisher":"https:\/\/www.facebook.com\/informelitoral\/","article_published_time":"2016-04-12T11:23:17+00:00","og_image":[{"width":700,"height":400,"url":"https:\/\/informelitoral.com.ar\/%77%70%2d%63%6f%6e%74%65%6e%74\/uploads\/2016\/04\/vacuna1.jpg","type":"image\/jpeg"}],"author":"Gonzalo Schmidt","twitter_card":"summary_large_image","twitter_creator":"@InformeLitoral","twitter_site":"@InformeLitoral","twitter_misc":{"Escrito por":"Gonzalo Schmidt","Tiempo de lectura":"2 minutos"},"schema":{"@context":"https:\/\/schema.org","@graph":[{"@type":"Article","@id":"https:\/\/informelitoral.com.ar\/la-provincia-lanzo-la-campana-de-vacunacion-antigripal-2016\/#article","isPartOf":{"@id":"https:\/\/informelitoral.com.ar\/la-provincia-lanzo-la-campana-de-vacunacion-antigripal-2016\/"},"author":{"name":"Gonzalo Schmidt","@id":"https:\/\/informelitoral.com.ar\/#\/schema\/person\/b9d00407c836482871ef1d57bf8e3180"},"headline":"La provincia lanz\u00f3 la campa\u00f1a de vacunaci\u00f3n antigripal 2016","datePublished":"2016-04-12T11:23:17+00:00","mainEntityOfPage":{"@id":"https:\/\/informelitoral.com.ar\/la-provincia-lanzo-la-campana-de-vacunacion-antigripal-2016\/"},"wordCount":322,"commentCount":0,"publisher":{"@id":"https:\/\/informelitoral.com.ar\/#organization"},"image":{"@id":"https:\/\/informelitoral.com.ar\/la-provincia-lanzo-la-campana-de-vacunacion-antigripal-2016\/#primaryimage"},"thumbnailUrl":"http:\/\/www.isletasnoticias.com.ar\/%77%70%2d%63%6f%6e%74%65%6e%74\/uploads\/2016\/04\/vacuna1.jpg","articleSection":["Entre R\u00edos"],"inLanguage":"es","potentialAction":[{"@type":"CommentAction","name":"Comment","target":["https:\/\/informelitoral.com.ar\/la-provincia-lanzo-la-campana-de-vacunacion-antigripal-2016\/#respond"]}]},{"@type":"WebPage","@id":"https:\/\/informelitoral.com.ar\/la-provincia-lanzo-la-campana-de-vacunacion-antigripal-2016\/","url":"https:\/\/informelitoral.com.ar\/la-provincia-lanzo-la-campana-de-vacunacion-antigripal-2016\/","name":"La provincia lanz\u00f3 la campa\u00f1a de vacunaci\u00f3n antigripal 2016 - Informe Litoral","isPartOf":{"@id":"https:\/\/informelitoral.com.ar\/#website"},"primaryImageOfPage":{"@id":"https:\/\/informelitoral.com.ar\/la-provincia-lanzo-la-campana-de-vacunacion-antigripal-2016\/#primaryimage"},"image":{"@id":"https:\/\/informelitoral.com.ar\/la-provincia-lanzo-la-campana-de-vacunacion-antigripal-2016\/#primaryimage"},"thumbnailUrl":"http:\/\/www.isletasnoticias.com.ar\/%77%70%2d%63%6f%6e%74%65%6e%74\/uploads\/2016\/04\/vacuna1.jpg","datePublished":"2016-04-12T11:23:17+00:00","breadcrumb":{"@id":"https:\/\/informelitoral.com.ar\/la-provincia-lanzo-la-campana-de-vacunacion-antigripal-2016\/#breadcrumb"},"inLanguage":"es","potentialAction":[{"@type":"ReadAction","target":["https:\/\/informelitoral.com.ar\/la-provincia-lanzo-la-campana-de-vacunacion-antigripal-2016\/"]}]},{"@type":"ImageObject","inLanguage":"es","@id":"https:\/\/informelitoral.com.ar\/la-provincia-lanzo-la-campana-de-vacunacion-antigripal-2016\/#primaryimage","url":"http:\/\/www.isletasnoticias.com.ar\/%77%70%2d%63%6f%6e%74%65%6e%74\/uploads\/2016\/04\/vacuna1.jpg","contentUrl":"http:\/\/www.isletasnoticias.com.ar\/%77%70%2d%63%6f%6e%74%65%6e%74\/uploads\/2016\/04\/vacuna1.jpg"},{"@type":"BreadcrumbList","@id":"https:\/\/informelitoral.com.ar\/la-provincia-lanzo-la-campana-de-vacunacion-antigripal-2016\/#breadcrumb","itemListElement":[{"@type":"ListItem","position":1,"name":"Portada","item":"https:\/\/informelitoral.com.ar\/"},{"@type":"ListItem","position":2,"name":"La provincia lanz\u00f3 la campa\u00f1a de vacunaci\u00f3n antigripal 2016"}]},{"@type":"WebSite","@id":"https:\/\/informelitoral.com.ar\/#website","url":"https:\/\/informelitoral.com.ar\/","name":"Informe Litoral","description":"&quot;Nos informamos&quot; ","publisher":{"@id":"https:\/\/informelitoral.com.ar\/#organization"},"potentialAction":[{"@type":"SearchAction","target":{"@type":"EntryPoint","urlTemplate":"https:\/\/informelitoral.com.ar\/?s={search_term_string}"},"query-input":{"@type":"PropertyValueSpecification","valueRequired":true,"valueName":"search_term_string"}}],"inLanguage":"es"},{"@type":"Organization","@id":"https:\/\/informelitoral.com.ar\/#organization","name":"Informe Litoral","url":"https:\/\/informelitoral.com.ar\/","logo":{"@type":"ImageObject","inLanguage":"es","@id":"https:\/\/informelitoral.com.ar\/#\/schema\/logo\/image\/","url":"https:\/\/informelitoral.com.ar\/%77%70%2d%63%6f%6e%74%65%6e%74\/uploads\/2021\/01\/circulo.png","contentUrl":"https:\/\/informelitoral.com.ar\/%77%70%2d%63%6f%6e%74%65%6e%74\/uploads\/2021\/01\/circulo.png","width":723,"height":731,"caption":"Informe Litoral"},"image":{"@id":"https:\/\/informelitoral.com.ar\/#\/schema\/logo\/image\/"},"sameAs":["https:\/\/www.facebook.com\/informelitoral\/","https:\/\/x.com\/InformeLitoral","https:\/\/www.instagram.com\/informelitoral\/","https:\/\/www.youtube.com\/channel\/UCua4Qvz8Icb6MYqhoq9xLXw"]},{"@type":"Person","@id":"https:\/\/informelitoral.com.ar\/#\/schema\/person\/b9d00407c836482871ef1d57bf8e3180","name":"Gonzalo Schmidt","image":{"@type":"ImageObject","inLanguage":"es","@id":"https:\/\/secure.gravatar.com\/avatar\/31a1a7b66ff2de83bd0e9fd79d026630d2d99e55e8bfe501287647b4fd9743de?s=96&d=mm&r=g","url":"https:\/\/secure.gravatar.com\/avatar\/31a1a7b66ff2de83bd0e9fd79d026630d2d99e55e8bfe501287647b4fd9743de?s=96&d=mm&r=g","contentUrl":"https:\/\/secure.gravatar.com\/avatar\/31a1a7b66ff2de83bd0e9fd79d026630d2d99e55e8bfe501287647b4fd9743de?s=96&d=mm&r=g","caption":"Gonzalo Schmidt"},"description":"Sitio web de noticias de la provincia de Entre R\u00edos, Argentina. Informaci\u00f3n y entretenimiento. Informe Litoral, nos informamos.","sameAs":["http:\/\/www.isletasnoticias.com.ar"],"url":"https:\/\/informelitoral.com.ar\/author\/gonzalo\/"}]}},"_links":{"self":[{"href":"https:\/\/informelitoral.com.ar\/%77%70%2d%6a%73%6f%6e\/wp\/v2\/posts\/15203","targetHints":{"allow":["GET"]}}],"collection":[{"href":"https:\/\/informelitoral.com.ar\/%77%70%2d%6a%73%6f%6e\/wp\/v2\/posts"}],"about":[{"href":"https:\/\/informelitoral.com.ar\/%77%70%2d%6a%73%6f%6e\/wp\/v2\/types\/post"}],"author":[{"embeddable":true,"href":"https:\/\/informelitoral.com.ar\/%77%70%2d%6a%73%6f%6e\/wp\/v2\/users\/2"}],"replies":[{"embeddable":true,"href":"https:\/\/informelitoral.com.ar\/%77%70%2d%6a%73%6f%6e\/wp\/v2\/comments?post=15203"}],"version-history":[{"count":0,"href":"https:\/\/informelitoral.com.ar\/%77%70%2d%6a%73%6f%6e\/wp\/v2\/posts\/15203\/revisions"}],"wp:attachment":[{"href":"https:\/\/informelitoral.com.ar\/%77%70%2d%6a%73%6f%6e\/wp\/v2\/media?parent=15203"}],"wp:term":[{"taxonomy":"category","embeddable":true,"href":"https:\/\/informelitoral.com.ar\/%77%70%2d%6a%73%6f%6e\/wp\/v2\/categories?post=15203"},{"taxonomy":"post_tag","embeddable":true,"href":"https:\/\/informelitoral.com.ar\/%77%70%2d%6a%73%6f%6e\/wp\/v2\/tags?post=15203"}],"curies":[{"name":"wp","href":"https:\/\/api.w.org\/{rel}","templated":true}]}}