{"id":15200,"date":"2016-04-12T08:17:48","date_gmt":"2016-04-12T11:17:48","guid":{"rendered":"http:\/\/www.isletasnoticias.com.ar\/?p=15200"},"modified":"2016-04-12T08:17:48","modified_gmt":"2016-04-12T11:17:48","slug":"el-fiscal-que-imputo-a-cristina-kirchner-por-la-ruta-del-dinero-recibio-amenazas","status":"publish","type":"post","link":"https:\/\/informelitoral.com.ar\/el-fiscal-que-imputo-a-cristina-kirchner-por-la-ruta-del-dinero-recibio-amenazas\/","title":{"rendered":"El fiscal que imput\u00f3 a Cristina Kirchner por la ruta del dinero recibi\u00f3 amenazas"},"content":{"rendered":"<p><strong><em>Guillermo Marijuan<\/em> denunci\u00f3 que \u00e9l y su familia recibieron mensajes intimidantes luego de su actuaci\u00f3n en la causa por lavado que salpica al gobierno anterior. \u00abNi mi pap\u00e1 ni mi familia nos queremos suicidar\u00bb, alert\u00f3 su hija.<a href=\"http:\/\/www.isletasnoticias.com.ar\/%77%70%2d%63%6f%6e%74%65%6e%74\/uploads\/2016\/04\/0012023282.jpg\" rel=\"attachment wp-att-15201\"><img loading=\"lazy\" decoding=\"async\" class=\"alignnone wp-image-15201 size-full\" src=\"http:\/\/www.isletasnoticias.com.ar\/%77%70%2d%63%6f%6e%74%65%6e%74\/uploads\/2016\/04\/0012023282.jpg\" alt=\"0012023282\" width=\"770\" height=\"433\" srcset=\"https:\/\/informelitoral.com.ar\/%77%70%2d%63%6f%6e%74%65%6e%74\/uploads\/2016\/04\/0012023282.jpg 770w, https:\/\/informelitoral.com.ar\/%77%70%2d%63%6f%6e%74%65%6e%74\/uploads\/2016\/04\/0012023282-300x169.jpg 300w, https:\/\/informelitoral.com.ar\/%77%70%2d%63%6f%6e%74%65%6e%74\/uploads\/2016\/04\/0012023282-768x432.jpg 768w\" sizes=\"auto, (max-width: 770px) 100vw, 770px\" \/><\/a><\/strong>El fiscal federal<strong> Guillermo Marijuan<\/strong> denunci\u00f3 que recibi\u00f3 amenazas luego de imputar formalmente a la ex presidente <strong>Cristina Kirchner<\/strong> en la causa por la ruta del dinero que hasta ahora ten\u00eda como principal sospechoso al empresario <strong>L\u00e1zaro B\u00e1ez<\/strong>.<\/p>\n<div>De viaje en los Estados Unidos, el representante del Ministerio P\u00fablico pidi\u00f3 una custodia especial de la Embajada de la Argentina luego de que recibiera algunos mensajes que buscaban intimidarlo. Preventivamente, la Polic\u00eda Federal tambi\u00e9n dispuso un refuerzo en la seguridad de su familia y de los empleados de su Fiscal\u00eda por orden del juez federal <b>Sergio Torres<\/b>.<\/div>\n<div><\/div>\n<div><strong>Florencia Marijuan<\/strong>, hija del fiscal, grafic\u00f3 en las redes sociales el momento que est\u00e1n viviendo. \u00abTengo miedo, pero aviso: ni mi pap\u00e1 ni mi familia nos queremos suicidar\u00bb, grafic\u00f3. La frase est\u00e1 relacionada con la muerte de <strong>Alberto Nisman<\/strong>, quien apareci\u00f3 sin vida en su departamento luego de denunciar a Cristina Kirchner.<\/div>\n<div><\/div>\n<div>\n<div>Seg\u00fan trascendi\u00f3, Marijuan habr\u00eda recibido una carta con rigurosos detalles sobre su viaje a los Estados Unidos. El mensaje inclu\u00eda datos precisos sobre vuelos, reservas, hoteles y otros movimientos privados que el fiscal ten\u00eda previsto realizar en los Estados Unidos, hacia donde lleg\u00f3 invitado por un grupo de investigadores que entienden en un caso por coimas que involucrar\u00eda a la petrolera Pan American Energy.<\/div>\n<div><\/div>\n<div>El fin de semana, Marijuan acus\u00f3 formalmente a Cristina Kirchner de integrar una banda que lavaba dinero proveniente de la obra p\u00fablica. Las sospechas surgieron luego de que otro acusado en la investigaci\u00f3n, el asesor Leonardo Fari\u00f1a, diera precisiones hasta hoy desconocidas sobre c\u00f3mo eran los movimientos de la denominada \u00abruta de dinero K\u00bb.<\/div>\n<div><\/div>\n<div>La imputaci\u00f3n del fiscal alcanz\u00f3 tambi\u00e9n al ex ministro de Planificaci\u00f3n Federal, Julio De Vido, al financista Ernesto Clarens y al presidente de la C\u00e1mara de la Construcci\u00f3n, Carlos Wagner. La causa, a cargo de Sebasti\u00e1n Casanello, entr\u00f3 en secreto de sumario a la espera de que se concreten nuevas medidas de prueba. <em>(Infobae)<\/em><\/div>\n<\/div>\n","protected":false},"excerpt":{"rendered":"<p>Guillermo Marijuan denunci&oacute; que &eacute;l y su familia recibieron mensajes intimidantes luego de su actuaci&oacute;n en la causa por lavado que salpica al gobierno anterior. &laquo;Ni mi pap&aacute; ni mi familia nos queremos suicidar&raquo;, alert&oacute; su hija.El fiscal federal Guillermo Marijuan denunci&oacute; que recibi&oacute; amenazas luego de imputar formalmente a la ex presidente Cristina Kirchner [&hellip;]<\/p>\n","protected":false},"author":2,"featured_media":0,"comment_status":"open","ping_status":"open","sticky":false,"template":"","format":"standard","meta":{"fifu_image_url":"","fifu_image_alt":"","footnotes":""},"categories":[7,16],"tags":[],"class_list":{"0":"post-15200","1":"post","2":"type-post","3":"status-publish","4":"format-standard","6":"category-nacionales","7":"category-politi"},"yoast_head":"<title>El fiscal que imput\u00f3 a Cristina Kirchner por la ruta del dinero recibi\u00f3 amenazas - Informe Litoral<\/title>\n<meta name=\"robots\" content=\"index, follow, max-snippet:-1, max-image-preview:large, max-video-preview:-1\" \/>\n<link rel=\"canonical\" href=\"https:\/\/informelitoral.com.ar\/el-fiscal-que-imputo-a-cristina-kirchner-por-la-ruta-del-dinero-recibio-amenazas\/\" \/>\n<meta property=\"og:locale\" content=\"es_ES\" \/>\n<meta property=\"og:type\" content=\"article\" \/>\n<meta property=\"og:title\" content=\"El fiscal que imput\u00f3 a Cristina Kirchner por la ruta del dinero recibi\u00f3 amenazas - Informe Litoral\" \/>\n<meta property=\"og:description\" content=\"Guillermo Marijuan denunci&oacute; que &eacute;l y su familia recibieron mensajes intimidantes luego de su actuaci&oacute;n en la causa por lavado que salpica al gobierno anterior. &laquo;Ni mi pap&aacute; ni mi familia nos queremos suicidar&raquo;, alert&oacute; su hija.El fiscal federal Guillermo Marijuan denunci&oacute; que recibi&oacute; amenazas luego de imputar formalmente a la ex presidente Cristina Kirchner [&hellip;]\" \/>\n<meta property=\"og:url\" content=\"https:\/\/informelitoral.com.ar\/el-fiscal-que-imputo-a-cristina-kirchner-por-la-ruta-del-dinero-recibio-amenazas\/\" \/>\n<meta property=\"og:site_name\" content=\"Informe Litoral\" \/>\n<meta property=\"article:publisher\" content=\"https:\/\/www.facebook.com\/informelitoral\/\" \/>\n<meta property=\"article:published_time\" content=\"2016-04-12T11:17:48+00:00\" \/>\n<meta property=\"og:image\" content=\"https:\/\/informelitoral.com.ar\/%77%70%2d%63%6f%6e%74%65%6e%74\/uploads\/2016\/04\/0012023282.jpg\" \/>\n\t<meta property=\"og:image:width\" content=\"770\" \/>\n\t<meta property=\"og:image:height\" content=\"433\" \/>\n\t<meta property=\"og:image:type\" content=\"image\/jpeg\" \/>\n<meta name=\"author\" content=\"Gonzalo Schmidt\" \/>\n<meta name=\"twitter:card\" content=\"summary_large_image\" \/>\n<meta name=\"twitter:creator\" content=\"@InformeLitoral\" \/>\n<meta name=\"twitter:site\" content=\"@InformeLitoral\" \/>\n<meta name=\"twitter:label1\" content=\"Escrito por\" \/>\n\t<meta name=\"twitter:data1\" content=\"Gonzalo Schmidt\" \/>\n\t<meta name=\"twitter:label2\" content=\"Tiempo de lectura\" \/>\n\t<meta name=\"twitter:data2\" content=\"2 minutos\" \/>\n<script type=\"application\/ld+json\" class=\"yoast-schema-graph\">{\"@context\":\"https:\\\/\\\/schema.org\",\"@graph\":[{\"@type\":\"Article\",\"@id\":\"https:\\\/\\\/informelitoral.com.ar\\\/el-fiscal-que-imputo-a-cristina-kirchner-por-la-ruta-del-dinero-recibio-amenazas\\\/#article\",\"isPartOf\":{\"@id\":\"https:\\\/\\\/informelitoral.com.ar\\\/el-fiscal-que-imputo-a-cristina-kirchner-por-la-ruta-del-dinero-recibio-amenazas\\\/\"},\"author\":{\"name\":\"Gonzalo Schmidt\",\"@id\":\"https:\\\/\\\/informelitoral.com.ar\\\/#\\\/schema\\\/person\\\/b9d00407c836482871ef1d57bf8e3180\"},\"headline\":\"El fiscal que imput\u00f3 a Cristina Kirchner por la ruta del dinero recibi\u00f3 amenazas\",\"datePublished\":\"2016-04-12T11:17:48+00:00\",\"mainEntityOfPage\":{\"@id\":\"https:\\\/\\\/informelitoral.com.ar\\\/el-fiscal-que-imputo-a-cristina-kirchner-por-la-ruta-del-dinero-recibio-amenazas\\\/\"},\"wordCount\":395,\"commentCount\":0,\"publisher\":{\"@id\":\"https:\\\/\\\/informelitoral.com.ar\\\/#organization\"},\"image\":{\"@id\":\"https:\\\/\\\/informelitoral.com.ar\\\/el-fiscal-que-imputo-a-cristina-kirchner-por-la-ruta-del-dinero-recibio-amenazas\\\/#primaryimage\"},\"thumbnailUrl\":\"http:\\\/\\\/www.isletasnoticias.com.ar\\\/%77%70%2d%63%6f%6e%74%65%6e%74\\\/uploads\\\/2016\\\/04\\\/0012023282.jpg\",\"articleSection\":[\"Nacionales\",\"Politica\"],\"inLanguage\":\"es\",\"potentialAction\":[{\"@type\":\"CommentAction\",\"name\":\"Comment\",\"target\":[\"https:\\\/\\\/informelitoral.com.ar\\\/el-fiscal-que-imputo-a-cristina-kirchner-por-la-ruta-del-dinero-recibio-amenazas\\\/#respond\"]}]},{\"@type\":\"WebPage\",\"@id\":\"https:\\\/\\\/informelitoral.com.ar\\\/el-fiscal-que-imputo-a-cristina-kirchner-por-la-ruta-del-dinero-recibio-amenazas\\\/\",\"url\":\"https:\\\/\\\/informelitoral.com.ar\\\/el-fiscal-que-imputo-a-cristina-kirchner-por-la-ruta-del-dinero-recibio-amenazas\\\/\",\"name\":\"El fiscal que imput\u00f3 a Cristina Kirchner por la ruta del dinero recibi\u00f3 amenazas - Informe Litoral\",\"isPartOf\":{\"@id\":\"https:\\\/\\\/informelitoral.com.ar\\\/#website\"},\"primaryImageOfPage\":{\"@id\":\"https:\\\/\\\/informelitoral.com.ar\\\/el-fiscal-que-imputo-a-cristina-kirchner-por-la-ruta-del-dinero-recibio-amenazas\\\/#primaryimage\"},\"image\":{\"@id\":\"https:\\\/\\\/informelitoral.com.ar\\\/el-fiscal-que-imputo-a-cristina-kirchner-por-la-ruta-del-dinero-recibio-amenazas\\\/#primaryimage\"},\"thumbnailUrl\":\"http:\\\/\\\/www.isletasnoticias.com.ar\\\/%77%70%2d%63%6f%6e%74%65%6e%74\\\/uploads\\\/2016\\\/04\\\/0012023282.jpg\",\"datePublished\":\"2016-04-12T11:17:48+00:00\",\"breadcrumb\":{\"@id\":\"https:\\\/\\\/informelitoral.com.ar\\\/el-fiscal-que-imputo-a-cristina-kirchner-por-la-ruta-del-dinero-recibio-amenazas\\\/#breadcrumb\"},\"inLanguage\":\"es\",\"potentialAction\":[{\"@type\":\"ReadAction\",\"target\":[\"https:\\\/\\\/informelitoral.com.ar\\\/el-fiscal-que-imputo-a-cristina-kirchner-por-la-ruta-del-dinero-recibio-amenazas\\\/\"]}]},{\"@type\":\"ImageObject\",\"inLanguage\":\"es\",\"@id\":\"https:\\\/\\\/informelitoral.com.ar\\\/el-fiscal-que-imputo-a-cristina-kirchner-por-la-ruta-del-dinero-recibio-amenazas\\\/#primaryimage\",\"url\":\"http:\\\/\\\/www.isletasnoticias.com.ar\\\/%77%70%2d%63%6f%6e%74%65%6e%74\\\/uploads\\\/2016\\\/04\\\/0012023282.jpg\",\"contentUrl\":\"http:\\\/\\\/www.isletasnoticias.com.ar\\\/%77%70%2d%63%6f%6e%74%65%6e%74\\\/uploads\\\/2016\\\/04\\\/0012023282.jpg\"},{\"@type\":\"BreadcrumbList\",\"@id\":\"https:\\\/\\\/informelitoral.com.ar\\\/el-fiscal-que-imputo-a-cristina-kirchner-por-la-ruta-del-dinero-recibio-amenazas\\\/#breadcrumb\",\"itemListElement\":[{\"@type\":\"ListItem\",\"position\":1,\"name\":\"Portada\",\"item\":\"https:\\\/\\\/informelitoral.com.ar\\\/\"},{\"@type\":\"ListItem\",\"position\":2,\"name\":\"El fiscal que imput\u00f3 a Cristina Kirchner por la ruta del dinero recibi\u00f3 amenazas\"}]},{\"@type\":\"WebSite\",\"@id\":\"https:\\\/\\\/informelitoral.com.ar\\\/#website\",\"url\":\"https:\\\/\\\/informelitoral.com.ar\\\/\",\"name\":\"Informe Litoral\",\"description\":\"&quot;Nos informamos&quot; \",\"publisher\":{\"@id\":\"https:\\\/\\\/informelitoral.com.ar\\\/#organization\"},\"potentialAction\":[{\"@type\":\"SearchAction\",\"target\":{\"@type\":\"EntryPoint\",\"urlTemplate\":\"https:\\\/\\\/informelitoral.com.ar\\\/?s={search_term_string}\"},\"query-input\":{\"@type\":\"PropertyValueSpecification\",\"valueRequired\":true,\"valueName\":\"search_term_string\"}}],\"inLanguage\":\"es\"},{\"@type\":\"Organization\",\"@id\":\"https:\\\/\\\/informelitoral.com.ar\\\/#organization\",\"name\":\"Informe Litoral\",\"url\":\"https:\\\/\\\/informelitoral.com.ar\\\/\",\"logo\":{\"@type\":\"ImageObject\",\"inLanguage\":\"es\",\"@id\":\"https:\\\/\\\/informelitoral.com.ar\\\/#\\\/schema\\\/logo\\\/image\\\/\",\"url\":\"https:\\\/\\\/informelitoral.com.ar\\\/%77%70%2d%63%6f%6e%74%65%6e%74\\\/uploads\\\/2021\\\/01\\\/circulo.png\",\"contentUrl\":\"https:\\\/\\\/informelitoral.com.ar\\\/%77%70%2d%63%6f%6e%74%65%6e%74\\\/uploads\\\/2021\\\/01\\\/circulo.png\",\"width\":723,\"height\":731,\"caption\":\"Informe Litoral\"},\"image\":{\"@id\":\"https:\\\/\\\/informelitoral.com.ar\\\/#\\\/schema\\\/logo\\\/image\\\/\"},\"sameAs\":[\"https:\\\/\\\/www.facebook.com\\\/informelitoral\\\/\",\"https:\\\/\\\/x.com\\\/InformeLitoral\",\"https:\\\/\\\/www.instagram.com\\\/informelitoral\\\/\",\"https:\\\/\\\/www.youtube.com\\\/channel\\\/UCua4Qvz8Icb6MYqhoq9xLXw\"]},{\"@type\":\"Person\",\"@id\":\"https:\\\/\\\/informelitoral.com.ar\\\/#\\\/schema\\\/person\\\/b9d00407c836482871ef1d57bf8e3180\",\"name\":\"Gonzalo Schmidt\",\"image\":{\"@type\":\"ImageObject\",\"inLanguage\":\"es\",\"@id\":\"https:\\\/\\\/secure.gravatar.com\\\/avatar\\\/31a1a7b66ff2de83bd0e9fd79d026630d2d99e55e8bfe501287647b4fd9743de?s=96&d=mm&r=g\",\"url\":\"https:\\\/\\\/secure.gravatar.com\\\/avatar\\\/31a1a7b66ff2de83bd0e9fd79d026630d2d99e55e8bfe501287647b4fd9743de?s=96&d=mm&r=g\",\"contentUrl\":\"https:\\\/\\\/secure.gravatar.com\\\/avatar\\\/31a1a7b66ff2de83bd0e9fd79d026630d2d99e55e8bfe501287647b4fd9743de?s=96&d=mm&r=g\",\"caption\":\"Gonzalo Schmidt\"},\"description\":\"Sitio web de noticias de la provincia de Entre R\u00edos, Argentina. Informaci\u00f3n y entretenimiento. Informe Litoral, nos informamos.\",\"sameAs\":[\"http:\\\/\\\/www.isletasnoticias.com.ar\"],\"url\":\"https:\\\/\\\/informelitoral.com.ar\\\/author\\\/gonzalo\\\/\"}]}<\/script>","yoast_head_json":{"title":"El fiscal que imput\u00f3 a Cristina Kirchner por la ruta del dinero recibi\u00f3 amenazas - Informe Litoral","robots":{"index":"index","follow":"follow","max-snippet":"max-snippet:-1","max-image-preview":"max-image-preview:large","max-video-preview":"max-video-preview:-1"},"canonical":"https:\/\/informelitoral.com.ar\/el-fiscal-que-imputo-a-cristina-kirchner-por-la-ruta-del-dinero-recibio-amenazas\/","og_locale":"es_ES","og_type":"article","og_title":"El fiscal que imput\u00f3 a Cristina Kirchner por la ruta del dinero recibi\u00f3 amenazas - Informe Litoral","og_description":"Guillermo Marijuan denunci&oacute; que &eacute;l y su familia recibieron mensajes intimidantes luego de su actuaci&oacute;n en la causa por lavado que salpica al gobierno anterior. &laquo;Ni mi pap&aacute; ni mi familia nos queremos suicidar&raquo;, alert&oacute; su hija.El fiscal federal Guillermo Marijuan denunci&oacute; que recibi&oacute; amenazas luego de imputar formalmente a la ex presidente Cristina Kirchner [&hellip;]","og_url":"https:\/\/informelitoral.com.ar\/el-fiscal-que-imputo-a-cristina-kirchner-por-la-ruta-del-dinero-recibio-amenazas\/","og_site_name":"Informe Litoral","article_publisher":"https:\/\/www.facebook.com\/informelitoral\/","article_published_time":"2016-04-12T11:17:48+00:00","og_image":[{"width":770,"height":433,"url":"https:\/\/informelitoral.com.ar\/%77%70%2d%63%6f%6e%74%65%6e%74\/uploads\/2016\/04\/0012023282.jpg","type":"image\/jpeg"}],"author":"Gonzalo Schmidt","twitter_card":"summary_large_image","twitter_creator":"@InformeLitoral","twitter_site":"@InformeLitoral","twitter_misc":{"Escrito por":"Gonzalo Schmidt","Tiempo de lectura":"2 minutos"},"schema":{"@context":"https:\/\/schema.org","@graph":[{"@type":"Article","@id":"https:\/\/informelitoral.com.ar\/el-fiscal-que-imputo-a-cristina-kirchner-por-la-ruta-del-dinero-recibio-amenazas\/#article","isPartOf":{"@id":"https:\/\/informelitoral.com.ar\/el-fiscal-que-imputo-a-cristina-kirchner-por-la-ruta-del-dinero-recibio-amenazas\/"},"author":{"name":"Gonzalo Schmidt","@id":"https:\/\/informelitoral.com.ar\/#\/schema\/person\/b9d00407c836482871ef1d57bf8e3180"},"headline":"El fiscal que imput\u00f3 a Cristina Kirchner por la ruta del dinero recibi\u00f3 amenazas","datePublished":"2016-04-12T11:17:48+00:00","mainEntityOfPage":{"@id":"https:\/\/informelitoral.com.ar\/el-fiscal-que-imputo-a-cristina-kirchner-por-la-ruta-del-dinero-recibio-amenazas\/"},"wordCount":395,"commentCount":0,"publisher":{"@id":"https:\/\/informelitoral.com.ar\/#organization"},"image":{"@id":"https:\/\/informelitoral.com.ar\/el-fiscal-que-imputo-a-cristina-kirchner-por-la-ruta-del-dinero-recibio-amenazas\/#primaryimage"},"thumbnailUrl":"http:\/\/www.isletasnoticias.com.ar\/%77%70%2d%63%6f%6e%74%65%6e%74\/uploads\/2016\/04\/0012023282.jpg","articleSection":["Nacionales","Politica"],"inLanguage":"es","potentialAction":[{"@type":"CommentAction","name":"Comment","target":["https:\/\/informelitoral.com.ar\/el-fiscal-que-imputo-a-cristina-kirchner-por-la-ruta-del-dinero-recibio-amenazas\/#respond"]}]},{"@type":"WebPage","@id":"https:\/\/informelitoral.com.ar\/el-fiscal-que-imputo-a-cristina-kirchner-por-la-ruta-del-dinero-recibio-amenazas\/","url":"https:\/\/informelitoral.com.ar\/el-fiscal-que-imputo-a-cristina-kirchner-por-la-ruta-del-dinero-recibio-amenazas\/","name":"El fiscal que imput\u00f3 a Cristina Kirchner por la ruta del dinero recibi\u00f3 amenazas - Informe Litoral","isPartOf":{"@id":"https:\/\/informelitoral.com.ar\/#website"},"primaryImageOfPage":{"@id":"https:\/\/informelitoral.com.ar\/el-fiscal-que-imputo-a-cristina-kirchner-por-la-ruta-del-dinero-recibio-amenazas\/#primaryimage"},"image":{"@id":"https:\/\/informelitoral.com.ar\/el-fiscal-que-imputo-a-cristina-kirchner-por-la-ruta-del-dinero-recibio-amenazas\/#primaryimage"},"thumbnailUrl":"http:\/\/www.isletasnoticias.com.ar\/%77%70%2d%63%6f%6e%74%65%6e%74\/uploads\/2016\/04\/0012023282.jpg","datePublished":"2016-04-12T11:17:48+00:00","breadcrumb":{"@id":"https:\/\/informelitoral.com.ar\/el-fiscal-que-imputo-a-cristina-kirchner-por-la-ruta-del-dinero-recibio-amenazas\/#breadcrumb"},"inLanguage":"es","potentialAction":[{"@type":"ReadAction","target":["https:\/\/informelitoral.com.ar\/el-fiscal-que-imputo-a-cristina-kirchner-por-la-ruta-del-dinero-recibio-amenazas\/"]}]},{"@type":"ImageObject","inLanguage":"es","@id":"https:\/\/informelitoral.com.ar\/el-fiscal-que-imputo-a-cristina-kirchner-por-la-ruta-del-dinero-recibio-amenazas\/#primaryimage","url":"http:\/\/www.isletasnoticias.com.ar\/%77%70%2d%63%6f%6e%74%65%6e%74\/uploads\/2016\/04\/0012023282.jpg","contentUrl":"http:\/\/www.isletasnoticias.com.ar\/%77%70%2d%63%6f%6e%74%65%6e%74\/uploads\/2016\/04\/0012023282.jpg"},{"@type":"BreadcrumbList","@id":"https:\/\/informelitoral.com.ar\/el-fiscal-que-imputo-a-cristina-kirchner-por-la-ruta-del-dinero-recibio-amenazas\/#breadcrumb","itemListElement":[{"@type":"ListItem","position":1,"name":"Portada","item":"https:\/\/informelitoral.com.ar\/"},{"@type":"ListItem","position":2,"name":"El fiscal que imput\u00f3 a Cristina Kirchner por la ruta del dinero recibi\u00f3 amenazas"}]},{"@type":"WebSite","@id":"https:\/\/informelitoral.com.ar\/#website","url":"https:\/\/informelitoral.com.ar\/","name":"Informe Litoral","description":"&quot;Nos informamos&quot; ","publisher":{"@id":"https:\/\/informelitoral.com.ar\/#organization"},"potentialAction":[{"@type":"SearchAction","target":{"@type":"EntryPoint","urlTemplate":"https:\/\/informelitoral.com.ar\/?s={search_term_string}"},"query-input":{"@type":"PropertyValueSpecification","valueRequired":true,"valueName":"search_term_string"}}],"inLanguage":"es"},{"@type":"Organization","@id":"https:\/\/informelitoral.com.ar\/#organization","name":"Informe Litoral","url":"https:\/\/informelitoral.com.ar\/","logo":{"@type":"ImageObject","inLanguage":"es","@id":"https:\/\/informelitoral.com.ar\/#\/schema\/logo\/image\/","url":"https:\/\/informelitoral.com.ar\/%77%70%2d%63%6f%6e%74%65%6e%74\/uploads\/2021\/01\/circulo.png","contentUrl":"https:\/\/informelitoral.com.ar\/%77%70%2d%63%6f%6e%74%65%6e%74\/uploads\/2021\/01\/circulo.png","width":723,"height":731,"caption":"Informe Litoral"},"image":{"@id":"https:\/\/informelitoral.com.ar\/#\/schema\/logo\/image\/"},"sameAs":["https:\/\/www.facebook.com\/informelitoral\/","https:\/\/x.com\/InformeLitoral","https:\/\/www.instagram.com\/informelitoral\/","https:\/\/www.youtube.com\/channel\/UCua4Qvz8Icb6MYqhoq9xLXw"]},{"@type":"Person","@id":"https:\/\/informelitoral.com.ar\/#\/schema\/person\/b9d00407c836482871ef1d57bf8e3180","name":"Gonzalo Schmidt","image":{"@type":"ImageObject","inLanguage":"es","@id":"https:\/\/secure.gravatar.com\/avatar\/31a1a7b66ff2de83bd0e9fd79d026630d2d99e55e8bfe501287647b4fd9743de?s=96&d=mm&r=g","url":"https:\/\/secure.gravatar.com\/avatar\/31a1a7b66ff2de83bd0e9fd79d026630d2d99e55e8bfe501287647b4fd9743de?s=96&d=mm&r=g","contentUrl":"https:\/\/secure.gravatar.com\/avatar\/31a1a7b66ff2de83bd0e9fd79d026630d2d99e55e8bfe501287647b4fd9743de?s=96&d=mm&r=g","caption":"Gonzalo Schmidt"},"description":"Sitio web de noticias de la provincia de Entre R\u00edos, Argentina. Informaci\u00f3n y entretenimiento. Informe Litoral, nos informamos.","sameAs":["http:\/\/www.isletasnoticias.com.ar"],"url":"https:\/\/informelitoral.com.ar\/author\/gonzalo\/"}]}},"_links":{"self":[{"href":"https:\/\/informelitoral.com.ar\/%77%70%2d%6a%73%6f%6e\/wp\/v2\/posts\/15200","targetHints":{"allow":["GET"]}}],"collection":[{"href":"https:\/\/informelitoral.com.ar\/%77%70%2d%6a%73%6f%6e\/wp\/v2\/posts"}],"about":[{"href":"https:\/\/informelitoral.com.ar\/%77%70%2d%6a%73%6f%6e\/wp\/v2\/types\/post"}],"author":[{"embeddable":true,"href":"https:\/\/informelitoral.com.ar\/%77%70%2d%6a%73%6f%6e\/wp\/v2\/users\/2"}],"replies":[{"embeddable":true,"href":"https:\/\/informelitoral.com.ar\/%77%70%2d%6a%73%6f%6e\/wp\/v2\/comments?post=15200"}],"version-history":[{"count":0,"href":"https:\/\/informelitoral.com.ar\/%77%70%2d%6a%73%6f%6e\/wp\/v2\/posts\/15200\/revisions"}],"wp:attachment":[{"href":"https:\/\/informelitoral.com.ar\/%77%70%2d%6a%73%6f%6e\/wp\/v2\/media?parent=15200"}],"wp:term":[{"taxonomy":"category","embeddable":true,"href":"https:\/\/informelitoral.com.ar\/%77%70%2d%6a%73%6f%6e\/wp\/v2\/categories?post=15200"},{"taxonomy":"post_tag","embeddable":true,"href":"https:\/\/informelitoral.com.ar\/%77%70%2d%6a%73%6f%6e\/wp\/v2\/tags?post=15200"}],"curies":[{"name":"wp","href":"https:\/\/api.w.org\/{rel}","templated":true}]}}