{"id":151489,"date":"2023-06-02T09:01:14","date_gmt":"2023-06-02T12:01:14","guid":{"rendered":"https:\/\/www.informelitoral.com.ar\/?p=151489"},"modified":"2023-06-02T18:31:15","modified_gmt":"2023-06-02T21:31:15","slug":"instalaran-la-primera-empresa-en-el-parque-industrial","status":"publish","type":"post","link":"https:\/\/informelitoral.com.ar\/instalaran-la-primera-empresa-en-el-parque-industrial\/","title":{"rendered":"Valle Mar\u00eda: instalar\u00e1n la primera empresa en el Parque Industrial"},"content":{"rendered":"<p>El presidente municipal de Valle Mar\u00eda, <strong>Mario Sokolovsky,<\/strong> firm\u00f3 este jueves el primer convenio de radicaci\u00f3n en el parque industrial de la localidad, ubicado en la Chacra N\u00b0100.<\/p>\n<p>Se trata de la firma G.O Plast \u2013 Hidr\u00e1ulica Longchamps, cuyo propietario es <strong>Gustavo Orellana.<\/strong><\/p>\n<p>En Valle Mar\u00eda se instalar\u00e1 la fusi\u00f3n de dos empresas, la primera produce art\u00edculos pl\u00e1sticos por inyecci\u00f3n y la segunda el armado de mangueras hidr\u00e1ulicas.<\/p>\n<p>El convenio firmado establece la adjudicaci\u00f3n de un lote, seg\u00fan lo regulado en la ordenanza N\u00b0300\/2020.<\/p>\n<p>\u201cEstamos felices por lo logrado, seguramente ser\u00e1 la primera de muchas industrias que se ir\u00e1n radicando en nuestra localidad a lo largo del tiempo\u201d, dijo Sokolovsky.<\/p>\n<p>En tanto, Orellana destac\u00f3 que se encuentran \u00abansiosos\u00bb y a la espera de \u00abcomenzar con las obras para poder instalarnos cuanto antes, por lo que ya fuimos a ver el terreno y tomar posesi\u00f3n del mismo\u201d.<\/p>\n<p>\u00abEs el inicio material de un nuevo horizonte que se avizora para la localidad, horizonte que se abri\u00f3 en el a\u00f1o 2010 cuando iniciaron las gestiones para un parque industrial local. Esto sin dudas viene a dinamizar la econom\u00eda local y regional, garantizando puestos de trabajo y oportunidades para nuestros j\u00f3venes\u00bb, indicaron desde el municipio.<\/p>\n","protected":false},"excerpt":{"rendered":"<p>\u00abEstamos ansiosos por comenzar las obras\u00bb, dijo el propietario de la empresa.<\/p>\n","protected":false},"author":8,"featured_media":151492,"comment_status":"open","ping_status":"open","sticky":false,"template":"","format":"standard","meta":{"fifu_image_url":"","fifu_image_alt":"","footnotes":""},"categories":[5],"tags":[486,2497,1520,61],"class_list":{"0":"post-151489","1":"post","2":"type-post","3":"status-publish","4":"format-standard","5":"has-post-thumbnail","7":"category-zonales","8":"tag-empresas","9":"tag-inversiones","10":"tag-parque-industrial","11":"tag-valle-maria"},"yoast_head":"<title>Valle Mar\u00eda: instalar\u00e1n la primera empresa en el Parque Industrial - Informe Litoral<\/title>\n<meta name=\"robots\" content=\"index, follow, max-snippet:-1, max-image-preview:large, max-video-preview:-1\" \/>\n<link rel=\"canonical\" href=\"https:\/\/informelitoral.com.ar\/instalaran-la-primera-empresa-en-el-parque-industrial\/\" \/>\n<meta property=\"og:locale\" content=\"es_ES\" \/>\n<meta property=\"og:type\" content=\"article\" \/>\n<meta property=\"og:title\" content=\"Valle Mar\u00eda: instalar\u00e1n la primera empresa en el Parque Industrial - Informe Litoral\" \/>\n<meta property=\"og:description\" content=\"\u00abEstamos ansiosos por comenzar las obras\u00bb, dijo el propietario de la empresa.\" \/>\n<meta property=\"og:url\" content=\"https:\/\/informelitoral.com.ar\/instalaran-la-primera-empresa-en-el-parque-industrial\/\" \/>\n<meta property=\"og:site_name\" content=\"Informe Litoral\" \/>\n<meta property=\"article:publisher\" content=\"https:\/\/www.facebook.com\/informelitoral\/\" \/>\n<meta property=\"article:published_time\" content=\"2023-06-02T12:01:14+00:00\" \/>\n<meta property=\"article:modified_time\" content=\"2023-06-02T21:31:15+00:00\" \/>\n<meta property=\"og:image\" content=\"https:\/\/informelitoral.com.ar\/%77%70%2d%63%6f%6e%74%65%6e%74\/uploads\/2023\/06\/valle-maria-parque-industrial-1024x525.jpg.webp\" \/>\n\t<meta property=\"og:image:width\" content=\"1024\" \/>\n\t<meta property=\"og:image:height\" content=\"525\" \/>\n\t<meta property=\"og:image:type\" content=\"image\/webp\" \/>\n<meta name=\"author\" content=\"Sebastian\" \/>\n<meta name=\"twitter:card\" content=\"summary_large_image\" \/>\n<meta name=\"twitter:creator\" content=\"@InformeLitoral\" \/>\n<meta name=\"twitter:site\" content=\"@InformeLitoral\" \/>\n<meta name=\"twitter:label1\" content=\"Escrito por\" \/>\n\t<meta name=\"twitter:data1\" content=\"Sebastian\" \/>\n\t<meta name=\"twitter:label2\" content=\"Tiempo de lectura\" \/>\n\t<meta name=\"twitter:data2\" content=\"1 minuto\" \/>\n<script type=\"application\/ld+json\" class=\"yoast-schema-graph\">{\"@context\":\"https:\\\/\\\/schema.org\",\"@graph\":[{\"@type\":\"Article\",\"@id\":\"https:\\\/\\\/informelitoral.com.ar\\\/instalaran-la-primera-empresa-en-el-parque-industrial\\\/#article\",\"isPartOf\":{\"@id\":\"https:\\\/\\\/informelitoral.com.ar\\\/instalaran-la-primera-empresa-en-el-parque-industrial\\\/\"},\"author\":{\"name\":\"Sebastian\",\"@id\":\"https:\\\/\\\/informelitoral.com.ar\\\/#\\\/schema\\\/person\\\/f05f9f461677119578717524b127d6d5\"},\"headline\":\"Valle Mar\u00eda: instalar\u00e1n la primera empresa en el Parque Industrial\",\"datePublished\":\"2023-06-02T12:01:14+00:00\",\"dateModified\":\"2023-06-02T21:31:15+00:00\",\"mainEntityOfPage\":{\"@id\":\"https:\\\/\\\/informelitoral.com.ar\\\/instalaran-la-primera-empresa-en-el-parque-industrial\\\/\"},\"wordCount\":228,\"commentCount\":0,\"publisher\":{\"@id\":\"https:\\\/\\\/informelitoral.com.ar\\\/#organization\"},\"image\":{\"@id\":\"https:\\\/\\\/informelitoral.com.ar\\\/instalaran-la-primera-empresa-en-el-parque-industrial\\\/#primaryimage\"},\"thumbnailUrl\":\"https:\\\/\\\/informelitoral.com.ar\\\/%77%70%2d%63%6f%6e%74%65%6e%74\\\/uploads\\\/2023\\\/06\\\/valle-maria-parque-industrial-1024x525.jpg.webp\",\"keywords\":[\"Empresas\",\"Inversiones\",\"Parque Industrial\",\"Valle Mar\u00eda\"],\"articleSection\":[\"Departamento Diamante\"],\"inLanguage\":\"es\",\"potentialAction\":[{\"@type\":\"CommentAction\",\"name\":\"Comment\",\"target\":[\"https:\\\/\\\/informelitoral.com.ar\\\/instalaran-la-primera-empresa-en-el-parque-industrial\\\/#respond\"]}]},{\"@type\":\"WebPage\",\"@id\":\"https:\\\/\\\/informelitoral.com.ar\\\/instalaran-la-primera-empresa-en-el-parque-industrial\\\/\",\"url\":\"https:\\\/\\\/informelitoral.com.ar\\\/instalaran-la-primera-empresa-en-el-parque-industrial\\\/\",\"name\":\"Valle Mar\u00eda: instalar\u00e1n la primera empresa en el Parque Industrial - Informe Litoral\",\"isPartOf\":{\"@id\":\"https:\\\/\\\/informelitoral.com.ar\\\/#website\"},\"primaryImageOfPage\":{\"@id\":\"https:\\\/\\\/informelitoral.com.ar\\\/instalaran-la-primera-empresa-en-el-parque-industrial\\\/#primaryimage\"},\"image\":{\"@id\":\"https:\\\/\\\/informelitoral.com.ar\\\/instalaran-la-primera-empresa-en-el-parque-industrial\\\/#primaryimage\"},\"thumbnailUrl\":\"https:\\\/\\\/informelitoral.com.ar\\\/%77%70%2d%63%6f%6e%74%65%6e%74\\\/uploads\\\/2023\\\/06\\\/valle-maria-parque-industrial-1024x525.jpg.webp\",\"datePublished\":\"2023-06-02T12:01:14+00:00\",\"dateModified\":\"2023-06-02T21:31:15+00:00\",\"breadcrumb\":{\"@id\":\"https:\\\/\\\/informelitoral.com.ar\\\/instalaran-la-primera-empresa-en-el-parque-industrial\\\/#breadcrumb\"},\"inLanguage\":\"es\",\"potentialAction\":[{\"@type\":\"ReadAction\",\"target\":[\"https:\\\/\\\/informelitoral.com.ar\\\/instalaran-la-primera-empresa-en-el-parque-industrial\\\/\"]}]},{\"@type\":\"ImageObject\",\"inLanguage\":\"es\",\"@id\":\"https:\\\/\\\/informelitoral.com.ar\\\/instalaran-la-primera-empresa-en-el-parque-industrial\\\/#primaryimage\",\"url\":\"https:\\\/\\\/informelitoral.com.ar\\\/%77%70%2d%63%6f%6e%74%65%6e%74\\\/uploads\\\/2023\\\/06\\\/valle-maria-parque-industrial-1024x525.jpg.webp\",\"contentUrl\":\"https:\\\/\\\/informelitoral.com.ar\\\/%77%70%2d%63%6f%6e%74%65%6e%74\\\/uploads\\\/2023\\\/06\\\/valle-maria-parque-industrial-1024x525.jpg.webp\",\"width\":1024,\"height\":525},{\"@type\":\"BreadcrumbList\",\"@id\":\"https:\\\/\\\/informelitoral.com.ar\\\/instalaran-la-primera-empresa-en-el-parque-industrial\\\/#breadcrumb\",\"itemListElement\":[{\"@type\":\"ListItem\",\"position\":1,\"name\":\"Portada\",\"item\":\"https:\\\/\\\/informelitoral.com.ar\\\/\"},{\"@type\":\"ListItem\",\"position\":2,\"name\":\"Valle Mar\u00eda: instalar\u00e1n la primera empresa en el Parque Industrial\"}]},{\"@type\":\"WebSite\",\"@id\":\"https:\\\/\\\/informelitoral.com.ar\\\/#website\",\"url\":\"https:\\\/\\\/informelitoral.com.ar\\\/\",\"name\":\"Informe Litoral\",\"description\":\"&quot;Nos informamos&quot; \",\"publisher\":{\"@id\":\"https:\\\/\\\/informelitoral.com.ar\\\/#organization\"},\"potentialAction\":[{\"@type\":\"SearchAction\",\"target\":{\"@type\":\"EntryPoint\",\"urlTemplate\":\"https:\\\/\\\/informelitoral.com.ar\\\/?s={search_term_string}\"},\"query-input\":{\"@type\":\"PropertyValueSpecification\",\"valueRequired\":true,\"valueName\":\"search_term_string\"}}],\"inLanguage\":\"es\"},{\"@type\":\"Organization\",\"@id\":\"https:\\\/\\\/informelitoral.com.ar\\\/#organization\",\"name\":\"Informe Litoral\",\"url\":\"https:\\\/\\\/informelitoral.com.ar\\\/\",\"logo\":{\"@type\":\"ImageObject\",\"inLanguage\":\"es\",\"@id\":\"https:\\\/\\\/informelitoral.com.ar\\\/#\\\/schema\\\/logo\\\/image\\\/\",\"url\":\"https:\\\/\\\/informelitoral.com.ar\\\/%77%70%2d%63%6f%6e%74%65%6e%74\\\/uploads\\\/2021\\\/01\\\/circulo.png\",\"contentUrl\":\"https:\\\/\\\/informelitoral.com.ar\\\/%77%70%2d%63%6f%6e%74%65%6e%74\\\/uploads\\\/2021\\\/01\\\/circulo.png\",\"width\":723,\"height\":731,\"caption\":\"Informe Litoral\"},\"image\":{\"@id\":\"https:\\\/\\\/informelitoral.com.ar\\\/#\\\/schema\\\/logo\\\/image\\\/\"},\"sameAs\":[\"https:\\\/\\\/www.facebook.com\\\/informelitoral\\\/\",\"https:\\\/\\\/x.com\\\/InformeLitoral\",\"https:\\\/\\\/www.instagram.com\\\/informelitoral\\\/\",\"https:\\\/\\\/www.youtube.com\\\/channel\\\/UCua4Qvz8Icb6MYqhoq9xLXw\"]},{\"@type\":\"Person\",\"@id\":\"https:\\\/\\\/informelitoral.com.ar\\\/#\\\/schema\\\/person\\\/f05f9f461677119578717524b127d6d5\",\"name\":\"Sebastian\",\"image\":{\"@type\":\"ImageObject\",\"inLanguage\":\"es\",\"@id\":\"https:\\\/\\\/secure.gravatar.com\\\/avatar\\\/b71bf7481d447dfb9583c7f2798e7cc64de6efb9067b74633ed8c31059a3bd82?s=96&d=mm&r=g\",\"url\":\"https:\\\/\\\/secure.gravatar.com\\\/avatar\\\/b71bf7481d447dfb9583c7f2798e7cc64de6efb9067b74633ed8c31059a3bd82?s=96&d=mm&r=g\",\"contentUrl\":\"https:\\\/\\\/secure.gravatar.com\\\/avatar\\\/b71bf7481d447dfb9583c7f2798e7cc64de6efb9067b74633ed8c31059a3bd82?s=96&d=mm&r=g\",\"caption\":\"Sebastian\"},\"url\":\"https:\\\/\\\/informelitoral.com.ar\\\/author\\\/sebastian\\\/\"}]}<\/script>","yoast_head_json":{"title":"Valle Mar\u00eda: instalar\u00e1n la primera empresa en el Parque Industrial - Informe Litoral","robots":{"index":"index","follow":"follow","max-snippet":"max-snippet:-1","max-image-preview":"max-image-preview:large","max-video-preview":"max-video-preview:-1"},"canonical":"https:\/\/informelitoral.com.ar\/instalaran-la-primera-empresa-en-el-parque-industrial\/","og_locale":"es_ES","og_type":"article","og_title":"Valle Mar\u00eda: instalar\u00e1n la primera empresa en el Parque Industrial - Informe Litoral","og_description":"\u00abEstamos ansiosos por comenzar las obras\u00bb, dijo el propietario de la empresa.","og_url":"https:\/\/informelitoral.com.ar\/instalaran-la-primera-empresa-en-el-parque-industrial\/","og_site_name":"Informe Litoral","article_publisher":"https:\/\/www.facebook.com\/informelitoral\/","article_published_time":"2023-06-02T12:01:14+00:00","article_modified_time":"2023-06-02T21:31:15+00:00","og_image":[{"width":1024,"height":525,"url":"https:\/\/informelitoral.com.ar\/%77%70%2d%63%6f%6e%74%65%6e%74\/uploads\/2023\/06\/valle-maria-parque-industrial-1024x525.jpg.webp","type":"image\/webp"}],"author":"Sebastian","twitter_card":"summary_large_image","twitter_creator":"@InformeLitoral","twitter_site":"@InformeLitoral","twitter_misc":{"Escrito por":"Sebastian","Tiempo de lectura":"1 minuto"},"schema":{"@context":"https:\/\/schema.org","@graph":[{"@type":"Article","@id":"https:\/\/informelitoral.com.ar\/instalaran-la-primera-empresa-en-el-parque-industrial\/#article","isPartOf":{"@id":"https:\/\/informelitoral.com.ar\/instalaran-la-primera-empresa-en-el-parque-industrial\/"},"author":{"name":"Sebastian","@id":"https:\/\/informelitoral.com.ar\/#\/schema\/person\/f05f9f461677119578717524b127d6d5"},"headline":"Valle Mar\u00eda: instalar\u00e1n la primera empresa en el Parque Industrial","datePublished":"2023-06-02T12:01:14+00:00","dateModified":"2023-06-02T21:31:15+00:00","mainEntityOfPage":{"@id":"https:\/\/informelitoral.com.ar\/instalaran-la-primera-empresa-en-el-parque-industrial\/"},"wordCount":228,"commentCount":0,"publisher":{"@id":"https:\/\/informelitoral.com.ar\/#organization"},"image":{"@id":"https:\/\/informelitoral.com.ar\/instalaran-la-primera-empresa-en-el-parque-industrial\/#primaryimage"},"thumbnailUrl":"https:\/\/informelitoral.com.ar\/%77%70%2d%63%6f%6e%74%65%6e%74\/uploads\/2023\/06\/valle-maria-parque-industrial-1024x525.jpg.webp","keywords":["Empresas","Inversiones","Parque Industrial","Valle Mar\u00eda"],"articleSection":["Departamento Diamante"],"inLanguage":"es","potentialAction":[{"@type":"CommentAction","name":"Comment","target":["https:\/\/informelitoral.com.ar\/instalaran-la-primera-empresa-en-el-parque-industrial\/#respond"]}]},{"@type":"WebPage","@id":"https:\/\/informelitoral.com.ar\/instalaran-la-primera-empresa-en-el-parque-industrial\/","url":"https:\/\/informelitoral.com.ar\/instalaran-la-primera-empresa-en-el-parque-industrial\/","name":"Valle Mar\u00eda: instalar\u00e1n la primera empresa en el Parque Industrial - Informe Litoral","isPartOf":{"@id":"https:\/\/informelitoral.com.ar\/#website"},"primaryImageOfPage":{"@id":"https:\/\/informelitoral.com.ar\/instalaran-la-primera-empresa-en-el-parque-industrial\/#primaryimage"},"image":{"@id":"https:\/\/informelitoral.com.ar\/instalaran-la-primera-empresa-en-el-parque-industrial\/#primaryimage"},"thumbnailUrl":"https:\/\/informelitoral.com.ar\/%77%70%2d%63%6f%6e%74%65%6e%74\/uploads\/2023\/06\/valle-maria-parque-industrial-1024x525.jpg.webp","datePublished":"2023-06-02T12:01:14+00:00","dateModified":"2023-06-02T21:31:15+00:00","breadcrumb":{"@id":"https:\/\/informelitoral.com.ar\/instalaran-la-primera-empresa-en-el-parque-industrial\/#breadcrumb"},"inLanguage":"es","potentialAction":[{"@type":"ReadAction","target":["https:\/\/informelitoral.com.ar\/instalaran-la-primera-empresa-en-el-parque-industrial\/"]}]},{"@type":"ImageObject","inLanguage":"es","@id":"https:\/\/informelitoral.com.ar\/instalaran-la-primera-empresa-en-el-parque-industrial\/#primaryimage","url":"https:\/\/informelitoral.com.ar\/%77%70%2d%63%6f%6e%74%65%6e%74\/uploads\/2023\/06\/valle-maria-parque-industrial-1024x525.jpg.webp","contentUrl":"https:\/\/informelitoral.com.ar\/%77%70%2d%63%6f%6e%74%65%6e%74\/uploads\/2023\/06\/valle-maria-parque-industrial-1024x525.jpg.webp","width":1024,"height":525},{"@type":"BreadcrumbList","@id":"https:\/\/informelitoral.com.ar\/instalaran-la-primera-empresa-en-el-parque-industrial\/#breadcrumb","itemListElement":[{"@type":"ListItem","position":1,"name":"Portada","item":"https:\/\/informelitoral.com.ar\/"},{"@type":"ListItem","position":2,"name":"Valle Mar\u00eda: instalar\u00e1n la primera empresa en el Parque Industrial"}]},{"@type":"WebSite","@id":"https:\/\/informelitoral.com.ar\/#website","url":"https:\/\/informelitoral.com.ar\/","name":"Informe Litoral","description":"&quot;Nos informamos&quot; ","publisher":{"@id":"https:\/\/informelitoral.com.ar\/#organization"},"potentialAction":[{"@type":"SearchAction","target":{"@type":"EntryPoint","urlTemplate":"https:\/\/informelitoral.com.ar\/?s={search_term_string}"},"query-input":{"@type":"PropertyValueSpecification","valueRequired":true,"valueName":"search_term_string"}}],"inLanguage":"es"},{"@type":"Organization","@id":"https:\/\/informelitoral.com.ar\/#organization","name":"Informe Litoral","url":"https:\/\/informelitoral.com.ar\/","logo":{"@type":"ImageObject","inLanguage":"es","@id":"https:\/\/informelitoral.com.ar\/#\/schema\/logo\/image\/","url":"https:\/\/informelitoral.com.ar\/%77%70%2d%63%6f%6e%74%65%6e%74\/uploads\/2021\/01\/circulo.png","contentUrl":"https:\/\/informelitoral.com.ar\/%77%70%2d%63%6f%6e%74%65%6e%74\/uploads\/2021\/01\/circulo.png","width":723,"height":731,"caption":"Informe Litoral"},"image":{"@id":"https:\/\/informelitoral.com.ar\/#\/schema\/logo\/image\/"},"sameAs":["https:\/\/www.facebook.com\/informelitoral\/","https:\/\/x.com\/InformeLitoral","https:\/\/www.instagram.com\/informelitoral\/","https:\/\/www.youtube.com\/channel\/UCua4Qvz8Icb6MYqhoq9xLXw"]},{"@type":"Person","@id":"https:\/\/informelitoral.com.ar\/#\/schema\/person\/f05f9f461677119578717524b127d6d5","name":"Sebastian","image":{"@type":"ImageObject","inLanguage":"es","@id":"https:\/\/secure.gravatar.com\/avatar\/b71bf7481d447dfb9583c7f2798e7cc64de6efb9067b74633ed8c31059a3bd82?s=96&d=mm&r=g","url":"https:\/\/secure.gravatar.com\/avatar\/b71bf7481d447dfb9583c7f2798e7cc64de6efb9067b74633ed8c31059a3bd82?s=96&d=mm&r=g","contentUrl":"https:\/\/secure.gravatar.com\/avatar\/b71bf7481d447dfb9583c7f2798e7cc64de6efb9067b74633ed8c31059a3bd82?s=96&d=mm&r=g","caption":"Sebastian"},"url":"https:\/\/informelitoral.com.ar\/author\/sebastian\/"}]}},"_links":{"self":[{"href":"https:\/\/informelitoral.com.ar\/%77%70%2d%6a%73%6f%6e\/wp\/v2\/posts\/151489","targetHints":{"allow":["GET"]}}],"collection":[{"href":"https:\/\/informelitoral.com.ar\/%77%70%2d%6a%73%6f%6e\/wp\/v2\/posts"}],"about":[{"href":"https:\/\/informelitoral.com.ar\/%77%70%2d%6a%73%6f%6e\/wp\/v2\/types\/post"}],"author":[{"embeddable":true,"href":"https:\/\/informelitoral.com.ar\/%77%70%2d%6a%73%6f%6e\/wp\/v2\/users\/8"}],"replies":[{"embeddable":true,"href":"https:\/\/informelitoral.com.ar\/%77%70%2d%6a%73%6f%6e\/wp\/v2\/comments?post=151489"}],"version-history":[{"count":0,"href":"https:\/\/informelitoral.com.ar\/%77%70%2d%6a%73%6f%6e\/wp\/v2\/posts\/151489\/revisions"}],"wp:featuredmedia":[{"embeddable":true,"href":"https:\/\/informelitoral.com.ar\/%77%70%2d%6a%73%6f%6e\/wp\/v2\/media\/151492"}],"wp:attachment":[{"href":"https:\/\/informelitoral.com.ar\/%77%70%2d%6a%73%6f%6e\/wp\/v2\/media?parent=151489"}],"wp:term":[{"taxonomy":"category","embeddable":true,"href":"https:\/\/informelitoral.com.ar\/%77%70%2d%6a%73%6f%6e\/wp\/v2\/categories?post=151489"},{"taxonomy":"post_tag","embeddable":true,"href":"https:\/\/informelitoral.com.ar\/%77%70%2d%6a%73%6f%6e\/wp\/v2\/tags?post=151489"}],"curies":[{"name":"wp","href":"https:\/\/api.w.org\/{rel}","templated":true}]}}