{"id":151473,"date":"2023-06-02T08:55:32","date_gmt":"2023-06-02T11:55:32","guid":{"rendered":"https:\/\/www.informelitoral.com.ar\/?p=151473"},"modified":"2023-06-02T18:33:57","modified_gmt":"2023-06-02T21:33:57","slug":"la-inflacion-de-mayo-fue-del-91-segun-un-relevamiento-privado","status":"publish","type":"post","link":"https:\/\/informelitoral.com.ar\/la-inflacion-de-mayo-fue-del-91-segun-un-relevamiento-privado\/","title":{"rendered":"La inflaci\u00f3n de mayo fue del 9,1%, seg\u00fan un relevamiento privado"},"content":{"rendered":"<p>La inflaci\u00f3n de mayo fue del 9,1% seg\u00fan el relevamiento que lleva a cabo mes a mes la Fundaci\u00f3n Libertad y Progreso.<\/p>\n<p>De esta forma, la inflaci\u00f3n acumulada en lo que va del a\u00f1o ser\u00eda del 44%, acelerando en 0,7 puntos porcentuales respecto del \u00faltimo valor dado a conocer por el Indec correspondiente a abril.<\/p>\n<p>Si se compara la inflaci\u00f3n acumulada en los primeros cinco meses contra 2022, la aceleraci\u00f3n es significativa (29,3% acumulado durante mismo per\u00edodo del 2022).<\/p>\n<p>Por su parte, la variaci\u00f3n interanual asciende a 116,9% desde el 108,8% de abril, sosteni\u00e9ndose en tres d\u00edgitos.<\/p>\n<p>Siendo as\u00ed mayo es el sexto mes consecutivo de aceleraci\u00f3n en la suba de precios mensual. En noviembre de 2022 hab\u00eda tocado un piso de 4,9%, y desde all\u00ed rebot\u00f3 hasta la actualidad.<\/p>\n<p>Respecto de los principales rubros que empujaron la suba, \u00abAlimentos y bebidas no alcoh\u00f3licas\u00bb mostr\u00f3 una suba del 9,1% mensual, sosteniendo el crecimiento por encima del 9% por tercer mes consecutivo, a pesar que la \u00faltima semana de mayo registr\u00f3 una fuerte desaceleraci\u00f3n aumentando solo un 0,2%.<\/p>\n<p>Santiago Casas, economista de la Fundaci\u00f3n Libertad y Progreso, dijo que \u00ablos aumentos en alimentos son muy preocupantes porque afectan fuertemente los valores de la canasta b\u00e1sica, poni\u00e9ndole pisos m\u00e1s altos a los l\u00edmites de pobreza. Si hac\u00eda falta volver a demostrarlo, los programas de precios justos fracasaron y lo \u00fanico que consiguieron fue mayores distorsiones en la econom\u00eda. La inflaci\u00f3n se acelera a medida que aumenta la incertidumbre sobre lo que pasar\u00e1 a partir del 10 de diciembre. Para arreglar el problema, el pr\u00f3ximo gobierno tendr\u00e1 el desaf\u00edo de dise\u00f1ar un plan de estabilizaci\u00f3n que recupere la confianza en la moneda, o la sustituya por otra\u00bb.<\/p>\n<p>Por otro lado, y como se hab\u00eda anticipado, el aumento de los precios regulados impacto en mayo sobre todo en el rubro de \u00abVivienda, agua, electricidad, gas y otros combustibles\u00bb (16,3%), explicado mayormente por la nueva suba de tarifas para los hogares catalogados como de Nivel 1 y 3.<\/p>\n<p>De esta forma, la \u00faltima semana de mayo deja un efecto arrastre para el IPC de junio de 1,7 puntos.<\/p>\n<p>A pesar de esto, proyectamos que la inflaci\u00f3n del sexto mes del a\u00f1o ser\u00e1 menor, en un rango, por ahora, de entre 7%-8%, fruto de una menor incidencia de los precios regulados (seg\u00fan los aumentos conocidos hasta ahora) y una desaceleraci\u00f3n en el rubro de alimentos y bebidas.<\/p>\n<p>En tanto, Lautaro Moschet, economista de la Fundaci\u00f3n Libertad y Progreso dijo que \u00abla aceleraci\u00f3n de mayo refleja la ca\u00edda en la demanda de dinero que propici\u00f3 la corrida cambiaria en la segunda mitad de abril y provoc\u00f3 un fuerte arrastre durante el quinto mes del a\u00f1o\u00bb.<\/p>\n<p>\u00abPara el mes entrante, esto ejercer\u00e1 menos presi\u00f3n por lo que esperamos una peque\u00f1a desaceleraci\u00f3n. De todas formas, no ser\u00e1 una se\u00f1al del todo positiva, ya que en la medida en la que no se lleven a cabo pol\u00edticas consistentes con la preservaci\u00f3n del valor del peso, la din\u00e1mica inflacionaria seguir\u00e1 mostrando una tendencia al alza y posiblemente cerremos el a\u00f1o con una inflaci\u00f3n cercana a 140%\u00bb, se\u00f1al\u00f3.<\/p>\n<p>El 14 de junio el Indec dar\u00e1 a conocer el dato de inflaci\u00f3n oficial de mayo.<\/p>\n","protected":false},"excerpt":{"rendered":"<p>De esta forma, la inflaci\u00f3n acumulada en lo que va del a\u00f1o ser\u00eda del 44%. Si se compara con los primeros cinco meses contra 2022, la aceleraci\u00f3n es significativa ya que el a\u00f1o pasado en ese periodo fue de 29,3%.<\/p>\n","protected":false},"author":8,"featured_media":77584,"comment_status":"open","ping_status":"open","sticky":false,"template":"","format":"standard","meta":{"fifu_image_url":"","fifu_image_alt":"","footnotes":""},"categories":[1594,7],"tags":[95,32],"class_list":{"0":"post-151473","1":"post","2":"type-post","3":"status-publish","4":"format-standard","5":"has-post-thumbnail","7":"category-economia","8":"category-nacionales","9":"tag-inflacion","10":"tag-precios"},"yoast_head":"<title>La inflaci\u00f3n de mayo fue del 9,1%, seg\u00fan un relevamiento privado - Informe Litoral<\/title>\n<meta name=\"robots\" content=\"index, follow, max-snippet:-1, max-image-preview:large, max-video-preview:-1\" \/>\n<link rel=\"canonical\" href=\"https:\/\/informelitoral.com.ar\/la-inflacion-de-mayo-fue-del-91-segun-un-relevamiento-privado\/\" \/>\n<meta property=\"og:locale\" content=\"es_ES\" \/>\n<meta property=\"og:type\" content=\"article\" \/>\n<meta property=\"og:title\" content=\"La inflaci\u00f3n de mayo fue del 9,1%, seg\u00fan un relevamiento privado - Informe Litoral\" \/>\n<meta property=\"og:description\" content=\"De esta forma, la inflaci\u00f3n acumulada en lo que va del a\u00f1o ser\u00eda del 44%. Si se compara con los primeros cinco meses contra 2022, la aceleraci\u00f3n es significativa ya que el a\u00f1o pasado en ese periodo fue de 29,3%.\" \/>\n<meta property=\"og:url\" content=\"https:\/\/informelitoral.com.ar\/la-inflacion-de-mayo-fue-del-91-segun-un-relevamiento-privado\/\" \/>\n<meta property=\"og:site_name\" content=\"Informe Litoral\" \/>\n<meta property=\"article:publisher\" content=\"https:\/\/www.facebook.com\/informelitoral\/\" \/>\n<meta property=\"article:published_time\" content=\"2023-06-02T11:55:32+00:00\" \/>\n<meta property=\"article:modified_time\" content=\"2023-06-02T21:33:57+00:00\" \/>\n<meta property=\"og:image\" content=\"https:\/\/informelitoral.com.ar\/%77%70%2d%63%6f%6e%74%65%6e%74\/uploads\/2022\/05\/super.jpg\" \/>\n\t<meta property=\"og:image:width\" content=\"1200\" \/>\n\t<meta property=\"og:image:height\" content=\"800\" \/>\n\t<meta property=\"og:image:type\" content=\"image\/jpeg\" \/>\n<meta name=\"author\" content=\"Sebastian\" \/>\n<meta name=\"twitter:card\" content=\"summary_large_image\" \/>\n<meta name=\"twitter:creator\" content=\"@InformeLitoral\" \/>\n<meta name=\"twitter:site\" content=\"@InformeLitoral\" \/>\n<meta name=\"twitter:label1\" content=\"Escrito por\" \/>\n\t<meta name=\"twitter:data1\" content=\"Sebastian\" \/>\n\t<meta name=\"twitter:label2\" content=\"Tiempo de lectura\" \/>\n\t<meta name=\"twitter:data2\" content=\"3 minutos\" \/>\n<script type=\"application\/ld+json\" class=\"yoast-schema-graph\">{\"@context\":\"https:\\\/\\\/schema.org\",\"@graph\":[{\"@type\":\"Article\",\"@id\":\"https:\\\/\\\/informelitoral.com.ar\\\/la-inflacion-de-mayo-fue-del-91-segun-un-relevamiento-privado\\\/#article\",\"isPartOf\":{\"@id\":\"https:\\\/\\\/informelitoral.com.ar\\\/la-inflacion-de-mayo-fue-del-91-segun-un-relevamiento-privado\\\/\"},\"author\":{\"name\":\"Sebastian\",\"@id\":\"https:\\\/\\\/informelitoral.com.ar\\\/#\\\/schema\\\/person\\\/f05f9f461677119578717524b127d6d5\"},\"headline\":\"La inflaci\u00f3n de mayo fue del 9,1%, seg\u00fan un relevamiento privado\",\"datePublished\":\"2023-06-02T11:55:32+00:00\",\"dateModified\":\"2023-06-02T21:33:57+00:00\",\"mainEntityOfPage\":{\"@id\":\"https:\\\/\\\/informelitoral.com.ar\\\/la-inflacion-de-mayo-fue-del-91-segun-un-relevamiento-privado\\\/\"},\"wordCount\":572,\"commentCount\":0,\"publisher\":{\"@id\":\"https:\\\/\\\/informelitoral.com.ar\\\/#organization\"},\"image\":{\"@id\":\"https:\\\/\\\/informelitoral.com.ar\\\/la-inflacion-de-mayo-fue-del-91-segun-un-relevamiento-privado\\\/#primaryimage\"},\"thumbnailUrl\":\"https:\\\/\\\/informelitoral.com.ar\\\/%77%70%2d%63%6f%6e%74%65%6e%74\\\/uploads\\\/2022\\\/05\\\/super.jpg\",\"keywords\":[\"Inflaci\u00f3n\",\"precios\"],\"articleSection\":[\"Econom\u00eda\",\"Nacionales\"],\"inLanguage\":\"es\",\"potentialAction\":[{\"@type\":\"CommentAction\",\"name\":\"Comment\",\"target\":[\"https:\\\/\\\/informelitoral.com.ar\\\/la-inflacion-de-mayo-fue-del-91-segun-un-relevamiento-privado\\\/#respond\"]}]},{\"@type\":\"WebPage\",\"@id\":\"https:\\\/\\\/informelitoral.com.ar\\\/la-inflacion-de-mayo-fue-del-91-segun-un-relevamiento-privado\\\/\",\"url\":\"https:\\\/\\\/informelitoral.com.ar\\\/la-inflacion-de-mayo-fue-del-91-segun-un-relevamiento-privado\\\/\",\"name\":\"La inflaci\u00f3n de mayo fue del 9,1%, seg\u00fan un relevamiento privado - Informe Litoral\",\"isPartOf\":{\"@id\":\"https:\\\/\\\/informelitoral.com.ar\\\/#website\"},\"primaryImageOfPage\":{\"@id\":\"https:\\\/\\\/informelitoral.com.ar\\\/la-inflacion-de-mayo-fue-del-91-segun-un-relevamiento-privado\\\/#primaryimage\"},\"image\":{\"@id\":\"https:\\\/\\\/informelitoral.com.ar\\\/la-inflacion-de-mayo-fue-del-91-segun-un-relevamiento-privado\\\/#primaryimage\"},\"thumbnailUrl\":\"https:\\\/\\\/informelitoral.com.ar\\\/%77%70%2d%63%6f%6e%74%65%6e%74\\\/uploads\\\/2022\\\/05\\\/super.jpg\",\"datePublished\":\"2023-06-02T11:55:32+00:00\",\"dateModified\":\"2023-06-02T21:33:57+00:00\",\"breadcrumb\":{\"@id\":\"https:\\\/\\\/informelitoral.com.ar\\\/la-inflacion-de-mayo-fue-del-91-segun-un-relevamiento-privado\\\/#breadcrumb\"},\"inLanguage\":\"es\",\"potentialAction\":[{\"@type\":\"ReadAction\",\"target\":[\"https:\\\/\\\/informelitoral.com.ar\\\/la-inflacion-de-mayo-fue-del-91-segun-un-relevamiento-privado\\\/\"]}]},{\"@type\":\"ImageObject\",\"inLanguage\":\"es\",\"@id\":\"https:\\\/\\\/informelitoral.com.ar\\\/la-inflacion-de-mayo-fue-del-91-segun-un-relevamiento-privado\\\/#primaryimage\",\"url\":\"https:\\\/\\\/informelitoral.com.ar\\\/%77%70%2d%63%6f%6e%74%65%6e%74\\\/uploads\\\/2022\\\/05\\\/super.jpg\",\"contentUrl\":\"https:\\\/\\\/informelitoral.com.ar\\\/%77%70%2d%63%6f%6e%74%65%6e%74\\\/uploads\\\/2022\\\/05\\\/super.jpg\",\"width\":1200,\"height\":800},{\"@type\":\"BreadcrumbList\",\"@id\":\"https:\\\/\\\/informelitoral.com.ar\\\/la-inflacion-de-mayo-fue-del-91-segun-un-relevamiento-privado\\\/#breadcrumb\",\"itemListElement\":[{\"@type\":\"ListItem\",\"position\":1,\"name\":\"Portada\",\"item\":\"https:\\\/\\\/informelitoral.com.ar\\\/\"},{\"@type\":\"ListItem\",\"position\":2,\"name\":\"La inflaci\u00f3n de mayo fue del 9,1%, seg\u00fan un relevamiento privado\"}]},{\"@type\":\"WebSite\",\"@id\":\"https:\\\/\\\/informelitoral.com.ar\\\/#website\",\"url\":\"https:\\\/\\\/informelitoral.com.ar\\\/\",\"name\":\"Informe Litoral\",\"description\":\"&quot;Nos informamos&quot; \",\"publisher\":{\"@id\":\"https:\\\/\\\/informelitoral.com.ar\\\/#organization\"},\"potentialAction\":[{\"@type\":\"SearchAction\",\"target\":{\"@type\":\"EntryPoint\",\"urlTemplate\":\"https:\\\/\\\/informelitoral.com.ar\\\/?s={search_term_string}\"},\"query-input\":{\"@type\":\"PropertyValueSpecification\",\"valueRequired\":true,\"valueName\":\"search_term_string\"}}],\"inLanguage\":\"es\"},{\"@type\":\"Organization\",\"@id\":\"https:\\\/\\\/informelitoral.com.ar\\\/#organization\",\"name\":\"Informe Litoral\",\"url\":\"https:\\\/\\\/informelitoral.com.ar\\\/\",\"logo\":{\"@type\":\"ImageObject\",\"inLanguage\":\"es\",\"@id\":\"https:\\\/\\\/informelitoral.com.ar\\\/#\\\/schema\\\/logo\\\/image\\\/\",\"url\":\"https:\\\/\\\/informelitoral.com.ar\\\/%77%70%2d%63%6f%6e%74%65%6e%74\\\/uploads\\\/2021\\\/01\\\/circulo.png\",\"contentUrl\":\"https:\\\/\\\/informelitoral.com.ar\\\/%77%70%2d%63%6f%6e%74%65%6e%74\\\/uploads\\\/2021\\\/01\\\/circulo.png\",\"width\":723,\"height\":731,\"caption\":\"Informe Litoral\"},\"image\":{\"@id\":\"https:\\\/\\\/informelitoral.com.ar\\\/#\\\/schema\\\/logo\\\/image\\\/\"},\"sameAs\":[\"https:\\\/\\\/www.facebook.com\\\/informelitoral\\\/\",\"https:\\\/\\\/x.com\\\/InformeLitoral\",\"https:\\\/\\\/www.instagram.com\\\/informelitoral\\\/\",\"https:\\\/\\\/www.youtube.com\\\/channel\\\/UCua4Qvz8Icb6MYqhoq9xLXw\"]},{\"@type\":\"Person\",\"@id\":\"https:\\\/\\\/informelitoral.com.ar\\\/#\\\/schema\\\/person\\\/f05f9f461677119578717524b127d6d5\",\"name\":\"Sebastian\",\"image\":{\"@type\":\"ImageObject\",\"inLanguage\":\"es\",\"@id\":\"https:\\\/\\\/secure.gravatar.com\\\/avatar\\\/b71bf7481d447dfb9583c7f2798e7cc64de6efb9067b74633ed8c31059a3bd82?s=96&d=mm&r=g\",\"url\":\"https:\\\/\\\/secure.gravatar.com\\\/avatar\\\/b71bf7481d447dfb9583c7f2798e7cc64de6efb9067b74633ed8c31059a3bd82?s=96&d=mm&r=g\",\"contentUrl\":\"https:\\\/\\\/secure.gravatar.com\\\/avatar\\\/b71bf7481d447dfb9583c7f2798e7cc64de6efb9067b74633ed8c31059a3bd82?s=96&d=mm&r=g\",\"caption\":\"Sebastian\"},\"url\":\"https:\\\/\\\/informelitoral.com.ar\\\/author\\\/sebastian\\\/\"}]}<\/script>","yoast_head_json":{"title":"La inflaci\u00f3n de mayo fue del 9,1%, seg\u00fan un relevamiento privado - Informe Litoral","robots":{"index":"index","follow":"follow","max-snippet":"max-snippet:-1","max-image-preview":"max-image-preview:large","max-video-preview":"max-video-preview:-1"},"canonical":"https:\/\/informelitoral.com.ar\/la-inflacion-de-mayo-fue-del-91-segun-un-relevamiento-privado\/","og_locale":"es_ES","og_type":"article","og_title":"La inflaci\u00f3n de mayo fue del 9,1%, seg\u00fan un relevamiento privado - Informe Litoral","og_description":"De esta forma, la inflaci\u00f3n acumulada en lo que va del a\u00f1o ser\u00eda del 44%. Si se compara con los primeros cinco meses contra 2022, la aceleraci\u00f3n es significativa ya que el a\u00f1o pasado en ese periodo fue de 29,3%.","og_url":"https:\/\/informelitoral.com.ar\/la-inflacion-de-mayo-fue-del-91-segun-un-relevamiento-privado\/","og_site_name":"Informe Litoral","article_publisher":"https:\/\/www.facebook.com\/informelitoral\/","article_published_time":"2023-06-02T11:55:32+00:00","article_modified_time":"2023-06-02T21:33:57+00:00","og_image":[{"width":1200,"height":800,"url":"https:\/\/informelitoral.com.ar\/%77%70%2d%63%6f%6e%74%65%6e%74\/uploads\/2022\/05\/super.jpg","type":"image\/jpeg"}],"author":"Sebastian","twitter_card":"summary_large_image","twitter_creator":"@InformeLitoral","twitter_site":"@InformeLitoral","twitter_misc":{"Escrito por":"Sebastian","Tiempo de lectura":"3 minutos"},"schema":{"@context":"https:\/\/schema.org","@graph":[{"@type":"Article","@id":"https:\/\/informelitoral.com.ar\/la-inflacion-de-mayo-fue-del-91-segun-un-relevamiento-privado\/#article","isPartOf":{"@id":"https:\/\/informelitoral.com.ar\/la-inflacion-de-mayo-fue-del-91-segun-un-relevamiento-privado\/"},"author":{"name":"Sebastian","@id":"https:\/\/informelitoral.com.ar\/#\/schema\/person\/f05f9f461677119578717524b127d6d5"},"headline":"La inflaci\u00f3n de mayo fue del 9,1%, seg\u00fan un relevamiento privado","datePublished":"2023-06-02T11:55:32+00:00","dateModified":"2023-06-02T21:33:57+00:00","mainEntityOfPage":{"@id":"https:\/\/informelitoral.com.ar\/la-inflacion-de-mayo-fue-del-91-segun-un-relevamiento-privado\/"},"wordCount":572,"commentCount":0,"publisher":{"@id":"https:\/\/informelitoral.com.ar\/#organization"},"image":{"@id":"https:\/\/informelitoral.com.ar\/la-inflacion-de-mayo-fue-del-91-segun-un-relevamiento-privado\/#primaryimage"},"thumbnailUrl":"https:\/\/informelitoral.com.ar\/%77%70%2d%63%6f%6e%74%65%6e%74\/uploads\/2022\/05\/super.jpg","keywords":["Inflaci\u00f3n","precios"],"articleSection":["Econom\u00eda","Nacionales"],"inLanguage":"es","potentialAction":[{"@type":"CommentAction","name":"Comment","target":["https:\/\/informelitoral.com.ar\/la-inflacion-de-mayo-fue-del-91-segun-un-relevamiento-privado\/#respond"]}]},{"@type":"WebPage","@id":"https:\/\/informelitoral.com.ar\/la-inflacion-de-mayo-fue-del-91-segun-un-relevamiento-privado\/","url":"https:\/\/informelitoral.com.ar\/la-inflacion-de-mayo-fue-del-91-segun-un-relevamiento-privado\/","name":"La inflaci\u00f3n de mayo fue del 9,1%, seg\u00fan un relevamiento privado - Informe Litoral","isPartOf":{"@id":"https:\/\/informelitoral.com.ar\/#website"},"primaryImageOfPage":{"@id":"https:\/\/informelitoral.com.ar\/la-inflacion-de-mayo-fue-del-91-segun-un-relevamiento-privado\/#primaryimage"},"image":{"@id":"https:\/\/informelitoral.com.ar\/la-inflacion-de-mayo-fue-del-91-segun-un-relevamiento-privado\/#primaryimage"},"thumbnailUrl":"https:\/\/informelitoral.com.ar\/%77%70%2d%63%6f%6e%74%65%6e%74\/uploads\/2022\/05\/super.jpg","datePublished":"2023-06-02T11:55:32+00:00","dateModified":"2023-06-02T21:33:57+00:00","breadcrumb":{"@id":"https:\/\/informelitoral.com.ar\/la-inflacion-de-mayo-fue-del-91-segun-un-relevamiento-privado\/#breadcrumb"},"inLanguage":"es","potentialAction":[{"@type":"ReadAction","target":["https:\/\/informelitoral.com.ar\/la-inflacion-de-mayo-fue-del-91-segun-un-relevamiento-privado\/"]}]},{"@type":"ImageObject","inLanguage":"es","@id":"https:\/\/informelitoral.com.ar\/la-inflacion-de-mayo-fue-del-91-segun-un-relevamiento-privado\/#primaryimage","url":"https:\/\/informelitoral.com.ar\/%77%70%2d%63%6f%6e%74%65%6e%74\/uploads\/2022\/05\/super.jpg","contentUrl":"https:\/\/informelitoral.com.ar\/%77%70%2d%63%6f%6e%74%65%6e%74\/uploads\/2022\/05\/super.jpg","width":1200,"height":800},{"@type":"BreadcrumbList","@id":"https:\/\/informelitoral.com.ar\/la-inflacion-de-mayo-fue-del-91-segun-un-relevamiento-privado\/#breadcrumb","itemListElement":[{"@type":"ListItem","position":1,"name":"Portada","item":"https:\/\/informelitoral.com.ar\/"},{"@type":"ListItem","position":2,"name":"La inflaci\u00f3n de mayo fue del 9,1%, seg\u00fan un relevamiento privado"}]},{"@type":"WebSite","@id":"https:\/\/informelitoral.com.ar\/#website","url":"https:\/\/informelitoral.com.ar\/","name":"Informe Litoral","description":"&quot;Nos informamos&quot; ","publisher":{"@id":"https:\/\/informelitoral.com.ar\/#organization"},"potentialAction":[{"@type":"SearchAction","target":{"@type":"EntryPoint","urlTemplate":"https:\/\/informelitoral.com.ar\/?s={search_term_string}"},"query-input":{"@type":"PropertyValueSpecification","valueRequired":true,"valueName":"search_term_string"}}],"inLanguage":"es"},{"@type":"Organization","@id":"https:\/\/informelitoral.com.ar\/#organization","name":"Informe Litoral","url":"https:\/\/informelitoral.com.ar\/","logo":{"@type":"ImageObject","inLanguage":"es","@id":"https:\/\/informelitoral.com.ar\/#\/schema\/logo\/image\/","url":"https:\/\/informelitoral.com.ar\/%77%70%2d%63%6f%6e%74%65%6e%74\/uploads\/2021\/01\/circulo.png","contentUrl":"https:\/\/informelitoral.com.ar\/%77%70%2d%63%6f%6e%74%65%6e%74\/uploads\/2021\/01\/circulo.png","width":723,"height":731,"caption":"Informe Litoral"},"image":{"@id":"https:\/\/informelitoral.com.ar\/#\/schema\/logo\/image\/"},"sameAs":["https:\/\/www.facebook.com\/informelitoral\/","https:\/\/x.com\/InformeLitoral","https:\/\/www.instagram.com\/informelitoral\/","https:\/\/www.youtube.com\/channel\/UCua4Qvz8Icb6MYqhoq9xLXw"]},{"@type":"Person","@id":"https:\/\/informelitoral.com.ar\/#\/schema\/person\/f05f9f461677119578717524b127d6d5","name":"Sebastian","image":{"@type":"ImageObject","inLanguage":"es","@id":"https:\/\/secure.gravatar.com\/avatar\/b71bf7481d447dfb9583c7f2798e7cc64de6efb9067b74633ed8c31059a3bd82?s=96&d=mm&r=g","url":"https:\/\/secure.gravatar.com\/avatar\/b71bf7481d447dfb9583c7f2798e7cc64de6efb9067b74633ed8c31059a3bd82?s=96&d=mm&r=g","contentUrl":"https:\/\/secure.gravatar.com\/avatar\/b71bf7481d447dfb9583c7f2798e7cc64de6efb9067b74633ed8c31059a3bd82?s=96&d=mm&r=g","caption":"Sebastian"},"url":"https:\/\/informelitoral.com.ar\/author\/sebastian\/"}]}},"_links":{"self":[{"href":"https:\/\/informelitoral.com.ar\/%77%70%2d%6a%73%6f%6e\/wp\/v2\/posts\/151473","targetHints":{"allow":["GET"]}}],"collection":[{"href":"https:\/\/informelitoral.com.ar\/%77%70%2d%6a%73%6f%6e\/wp\/v2\/posts"}],"about":[{"href":"https:\/\/informelitoral.com.ar\/%77%70%2d%6a%73%6f%6e\/wp\/v2\/types\/post"}],"author":[{"embeddable":true,"href":"https:\/\/informelitoral.com.ar\/%77%70%2d%6a%73%6f%6e\/wp\/v2\/users\/8"}],"replies":[{"embeddable":true,"href":"https:\/\/informelitoral.com.ar\/%77%70%2d%6a%73%6f%6e\/wp\/v2\/comments?post=151473"}],"version-history":[{"count":0,"href":"https:\/\/informelitoral.com.ar\/%77%70%2d%6a%73%6f%6e\/wp\/v2\/posts\/151473\/revisions"}],"wp:featuredmedia":[{"embeddable":true,"href":"https:\/\/informelitoral.com.ar\/%77%70%2d%6a%73%6f%6e\/wp\/v2\/media\/77584"}],"wp:attachment":[{"href":"https:\/\/informelitoral.com.ar\/%77%70%2d%6a%73%6f%6e\/wp\/v2\/media?parent=151473"}],"wp:term":[{"taxonomy":"category","embeddable":true,"href":"https:\/\/informelitoral.com.ar\/%77%70%2d%6a%73%6f%6e\/wp\/v2\/categories?post=151473"},{"taxonomy":"post_tag","embeddable":true,"href":"https:\/\/informelitoral.com.ar\/%77%70%2d%6a%73%6f%6e\/wp\/v2\/tags?post=151473"}],"curies":[{"name":"wp","href":"https:\/\/api.w.org\/{rel}","templated":true}]}}