{"id":151450,"date":"2023-06-02T08:48:22","date_gmt":"2023-06-02T11:48:22","guid":{"rendered":"https:\/\/www.informelitoral.com.ar\/?p=151450"},"modified":"2023-06-02T08:51:41","modified_gmt":"2023-06-02T11:51:41","slug":"bajo-15-000-la-tonelada-de-soja-tras-fin-del-programa-de-incremento-exportador","status":"publish","type":"post","link":"https:\/\/informelitoral.com.ar\/bajo-15-000-la-tonelada-de-soja-tras-fin-del-programa-de-incremento-exportador\/","title":{"rendered":"Baj\u00f3 $15.000 la tonelada de soja tras fin del Programa de Incremento Exportador"},"content":{"rendered":"<p>El precio de la soja disponible y para fijaciones cay\u00f3 $15.000 el jueves respecto al mi\u00e9rcoles. Cotiz\u00f3 a $80.000 la tonelada, en la Bolsa de Comercio de Rosario (BCR) en la primera jornada tras el vencimiento del Programa de Incremento Exportador (PIE III) para la liquidaci\u00f3n de la oleaginosa a un tipo de cambio de diferencial de $300 por d\u00f3lar.<\/p>\n<p>En tanto, el segmento disponible se mantuvo US$ 190 la tonelada, mientras que para la entrega pactada entre el 15 de junio y el 15 de julio se registraron ofertas de US$ 195 la tonelada.<\/p>\n<p>Por \u00faltimo, por el girasol el precio ofertado fue de $80.000 la tonelada, al tiempo que no se registraron ofertas por trigo, sorgo y cebada.<\/p>\n","protected":false},"excerpt":{"rendered":"<p>Cotiz\u00f3 a $80.000 la tonelada, en la Bolsa de Comercio de Rosario en la primera jornada tras el vencimiento del Programa de Incremento Exportador para la liquidaci\u00f3n de la oleaginosa a un tipo de cambio de diferencial de $300 por d\u00f3lar.<\/p>\n","protected":false},"author":8,"featured_media":80977,"comment_status":"open","ping_status":"open","sticky":false,"template":"","format":"standard","meta":{"fifu_image_url":"","fifu_image_alt":"","footnotes":""},"categories":[1594,9],"tags":[73],"class_list":{"0":"post-151450","1":"post","2":"type-post","3":"status-publish","4":"format-standard","5":"has-post-thumbnail","7":"category-economia","8":"category-sociedad","9":"tag-soja"},"yoast_head":"<title>Baj\u00f3 $15.000 la tonelada de soja tras fin del Programa de Incremento Exportador - Informe Litoral<\/title>\n<meta name=\"robots\" content=\"index, follow, max-snippet:-1, max-image-preview:large, max-video-preview:-1\" \/>\n<link rel=\"canonical\" href=\"https:\/\/informelitoral.com.ar\/bajo-15-000-la-tonelada-de-soja-tras-fin-del-programa-de-incremento-exportador\/\" \/>\n<meta property=\"og:locale\" content=\"es_ES\" \/>\n<meta property=\"og:type\" content=\"article\" \/>\n<meta property=\"og:title\" content=\"Baj\u00f3 $15.000 la tonelada de soja tras fin del Programa de Incremento Exportador - Informe Litoral\" \/>\n<meta property=\"og:description\" content=\"Cotiz\u00f3 a $80.000 la tonelada, en la Bolsa de Comercio de Rosario en la primera jornada tras el vencimiento del Programa de Incremento Exportador para la liquidaci\u00f3n de la oleaginosa a un tipo de cambio de diferencial de $300 por d\u00f3lar.\" \/>\n<meta property=\"og:url\" content=\"https:\/\/informelitoral.com.ar\/bajo-15-000-la-tonelada-de-soja-tras-fin-del-programa-de-incremento-exportador\/\" \/>\n<meta property=\"og:site_name\" content=\"Informe Litoral\" \/>\n<meta property=\"article:publisher\" content=\"https:\/\/www.facebook.com\/informelitoral\/\" \/>\n<meta property=\"article:published_time\" content=\"2023-06-02T11:48:22+00:00\" \/>\n<meta property=\"article:modified_time\" content=\"2023-06-02T11:51:41+00:00\" \/>\n<meta property=\"og:image\" content=\"https:\/\/informelitoral.com.ar\/%77%70%2d%63%6f%6e%74%65%6e%74\/uploads\/2022\/07\/soja-2-696x522-1.jpg\" \/>\n\t<meta property=\"og:image:width\" content=\"696\" \/>\n\t<meta property=\"og:image:height\" content=\"522\" \/>\n\t<meta property=\"og:image:type\" content=\"image\/jpeg\" \/>\n<meta name=\"author\" content=\"Sebastian\" \/>\n<meta name=\"twitter:card\" content=\"summary_large_image\" \/>\n<meta name=\"twitter:creator\" content=\"@InformeLitoral\" \/>\n<meta name=\"twitter:site\" content=\"@InformeLitoral\" \/>\n<meta name=\"twitter:label1\" content=\"Escrito por\" \/>\n\t<meta name=\"twitter:data1\" content=\"Sebastian\" \/>\n\t<meta name=\"twitter:label2\" content=\"Tiempo de lectura\" \/>\n\t<meta name=\"twitter:data2\" content=\"1 minuto\" \/>\n<script type=\"application\/ld+json\" class=\"yoast-schema-graph\">{\"@context\":\"https:\\\/\\\/schema.org\",\"@graph\":[{\"@type\":\"Article\",\"@id\":\"https:\\\/\\\/informelitoral.com.ar\\\/bajo-15-000-la-tonelada-de-soja-tras-fin-del-programa-de-incremento-exportador\\\/#article\",\"isPartOf\":{\"@id\":\"https:\\\/\\\/informelitoral.com.ar\\\/bajo-15-000-la-tonelada-de-soja-tras-fin-del-programa-de-incremento-exportador\\\/\"},\"author\":{\"name\":\"Sebastian\",\"@id\":\"https:\\\/\\\/informelitoral.com.ar\\\/#\\\/schema\\\/person\\\/f05f9f461677119578717524b127d6d5\"},\"headline\":\"Baj\u00f3 $15.000 la tonelada de soja tras fin del Programa de Incremento Exportador\",\"datePublished\":\"2023-06-02T11:48:22+00:00\",\"dateModified\":\"2023-06-02T11:51:41+00:00\",\"mainEntityOfPage\":{\"@id\":\"https:\\\/\\\/informelitoral.com.ar\\\/bajo-15-000-la-tonelada-de-soja-tras-fin-del-programa-de-incremento-exportador\\\/\"},\"wordCount\":127,\"commentCount\":0,\"publisher\":{\"@id\":\"https:\\\/\\\/informelitoral.com.ar\\\/#organization\"},\"image\":{\"@id\":\"https:\\\/\\\/informelitoral.com.ar\\\/bajo-15-000-la-tonelada-de-soja-tras-fin-del-programa-de-incremento-exportador\\\/#primaryimage\"},\"thumbnailUrl\":\"https:\\\/\\\/informelitoral.com.ar\\\/%77%70%2d%63%6f%6e%74%65%6e%74\\\/uploads\\\/2022\\\/07\\\/soja-2-696x522-1.jpg\",\"keywords\":[\"Soja\"],\"articleSection\":[\"Econom\u00eda\",\"Sociedad\"],\"inLanguage\":\"es\",\"potentialAction\":[{\"@type\":\"CommentAction\",\"name\":\"Comment\",\"target\":[\"https:\\\/\\\/informelitoral.com.ar\\\/bajo-15-000-la-tonelada-de-soja-tras-fin-del-programa-de-incremento-exportador\\\/#respond\"]}]},{\"@type\":\"WebPage\",\"@id\":\"https:\\\/\\\/informelitoral.com.ar\\\/bajo-15-000-la-tonelada-de-soja-tras-fin-del-programa-de-incremento-exportador\\\/\",\"url\":\"https:\\\/\\\/informelitoral.com.ar\\\/bajo-15-000-la-tonelada-de-soja-tras-fin-del-programa-de-incremento-exportador\\\/\",\"name\":\"Baj\u00f3 $15.000 la tonelada de soja tras fin del Programa de Incremento Exportador - Informe Litoral\",\"isPartOf\":{\"@id\":\"https:\\\/\\\/informelitoral.com.ar\\\/#website\"},\"primaryImageOfPage\":{\"@id\":\"https:\\\/\\\/informelitoral.com.ar\\\/bajo-15-000-la-tonelada-de-soja-tras-fin-del-programa-de-incremento-exportador\\\/#primaryimage\"},\"image\":{\"@id\":\"https:\\\/\\\/informelitoral.com.ar\\\/bajo-15-000-la-tonelada-de-soja-tras-fin-del-programa-de-incremento-exportador\\\/#primaryimage\"},\"thumbnailUrl\":\"https:\\\/\\\/informelitoral.com.ar\\\/%77%70%2d%63%6f%6e%74%65%6e%74\\\/uploads\\\/2022\\\/07\\\/soja-2-696x522-1.jpg\",\"datePublished\":\"2023-06-02T11:48:22+00:00\",\"dateModified\":\"2023-06-02T11:51:41+00:00\",\"breadcrumb\":{\"@id\":\"https:\\\/\\\/informelitoral.com.ar\\\/bajo-15-000-la-tonelada-de-soja-tras-fin-del-programa-de-incremento-exportador\\\/#breadcrumb\"},\"inLanguage\":\"es\",\"potentialAction\":[{\"@type\":\"ReadAction\",\"target\":[\"https:\\\/\\\/informelitoral.com.ar\\\/bajo-15-000-la-tonelada-de-soja-tras-fin-del-programa-de-incremento-exportador\\\/\"]}]},{\"@type\":\"ImageObject\",\"inLanguage\":\"es\",\"@id\":\"https:\\\/\\\/informelitoral.com.ar\\\/bajo-15-000-la-tonelada-de-soja-tras-fin-del-programa-de-incremento-exportador\\\/#primaryimage\",\"url\":\"https:\\\/\\\/informelitoral.com.ar\\\/%77%70%2d%63%6f%6e%74%65%6e%74\\\/uploads\\\/2022\\\/07\\\/soja-2-696x522-1.jpg\",\"contentUrl\":\"https:\\\/\\\/informelitoral.com.ar\\\/%77%70%2d%63%6f%6e%74%65%6e%74\\\/uploads\\\/2022\\\/07\\\/soja-2-696x522-1.jpg\",\"width\":696,\"height\":522},{\"@type\":\"BreadcrumbList\",\"@id\":\"https:\\\/\\\/informelitoral.com.ar\\\/bajo-15-000-la-tonelada-de-soja-tras-fin-del-programa-de-incremento-exportador\\\/#breadcrumb\",\"itemListElement\":[{\"@type\":\"ListItem\",\"position\":1,\"name\":\"Portada\",\"item\":\"https:\\\/\\\/informelitoral.com.ar\\\/\"},{\"@type\":\"ListItem\",\"position\":2,\"name\":\"Baj\u00f3 $15.000 la tonelada de soja tras fin del Programa de Incremento Exportador\"}]},{\"@type\":\"WebSite\",\"@id\":\"https:\\\/\\\/informelitoral.com.ar\\\/#website\",\"url\":\"https:\\\/\\\/informelitoral.com.ar\\\/\",\"name\":\"Informe Litoral\",\"description\":\"&quot;Nos informamos&quot; \",\"publisher\":{\"@id\":\"https:\\\/\\\/informelitoral.com.ar\\\/#organization\"},\"potentialAction\":[{\"@type\":\"SearchAction\",\"target\":{\"@type\":\"EntryPoint\",\"urlTemplate\":\"https:\\\/\\\/informelitoral.com.ar\\\/?s={search_term_string}\"},\"query-input\":{\"@type\":\"PropertyValueSpecification\",\"valueRequired\":true,\"valueName\":\"search_term_string\"}}],\"inLanguage\":\"es\"},{\"@type\":\"Organization\",\"@id\":\"https:\\\/\\\/informelitoral.com.ar\\\/#organization\",\"name\":\"Informe Litoral\",\"url\":\"https:\\\/\\\/informelitoral.com.ar\\\/\",\"logo\":{\"@type\":\"ImageObject\",\"inLanguage\":\"es\",\"@id\":\"https:\\\/\\\/informelitoral.com.ar\\\/#\\\/schema\\\/logo\\\/image\\\/\",\"url\":\"https:\\\/\\\/informelitoral.com.ar\\\/%77%70%2d%63%6f%6e%74%65%6e%74\\\/uploads\\\/2021\\\/01\\\/circulo.png\",\"contentUrl\":\"https:\\\/\\\/informelitoral.com.ar\\\/%77%70%2d%63%6f%6e%74%65%6e%74\\\/uploads\\\/2021\\\/01\\\/circulo.png\",\"width\":723,\"height\":731,\"caption\":\"Informe Litoral\"},\"image\":{\"@id\":\"https:\\\/\\\/informelitoral.com.ar\\\/#\\\/schema\\\/logo\\\/image\\\/\"},\"sameAs\":[\"https:\\\/\\\/www.facebook.com\\\/informelitoral\\\/\",\"https:\\\/\\\/x.com\\\/InformeLitoral\",\"https:\\\/\\\/www.instagram.com\\\/informelitoral\\\/\",\"https:\\\/\\\/www.youtube.com\\\/channel\\\/UCua4Qvz8Icb6MYqhoq9xLXw\"]},{\"@type\":\"Person\",\"@id\":\"https:\\\/\\\/informelitoral.com.ar\\\/#\\\/schema\\\/person\\\/f05f9f461677119578717524b127d6d5\",\"name\":\"Sebastian\",\"image\":{\"@type\":\"ImageObject\",\"inLanguage\":\"es\",\"@id\":\"https:\\\/\\\/secure.gravatar.com\\\/avatar\\\/b71bf7481d447dfb9583c7f2798e7cc64de6efb9067b74633ed8c31059a3bd82?s=96&d=mm&r=g\",\"url\":\"https:\\\/\\\/secure.gravatar.com\\\/avatar\\\/b71bf7481d447dfb9583c7f2798e7cc64de6efb9067b74633ed8c31059a3bd82?s=96&d=mm&r=g\",\"contentUrl\":\"https:\\\/\\\/secure.gravatar.com\\\/avatar\\\/b71bf7481d447dfb9583c7f2798e7cc64de6efb9067b74633ed8c31059a3bd82?s=96&d=mm&r=g\",\"caption\":\"Sebastian\"},\"url\":\"https:\\\/\\\/informelitoral.com.ar\\\/author\\\/sebastian\\\/\"}]}<\/script>","yoast_head_json":{"title":"Baj\u00f3 $15.000 la tonelada de soja tras fin del Programa de Incremento Exportador - Informe Litoral","robots":{"index":"index","follow":"follow","max-snippet":"max-snippet:-1","max-image-preview":"max-image-preview:large","max-video-preview":"max-video-preview:-1"},"canonical":"https:\/\/informelitoral.com.ar\/bajo-15-000-la-tonelada-de-soja-tras-fin-del-programa-de-incremento-exportador\/","og_locale":"es_ES","og_type":"article","og_title":"Baj\u00f3 $15.000 la tonelada de soja tras fin del Programa de Incremento Exportador - Informe Litoral","og_description":"Cotiz\u00f3 a $80.000 la tonelada, en la Bolsa de Comercio de Rosario en la primera jornada tras el vencimiento del Programa de Incremento Exportador para la liquidaci\u00f3n de la oleaginosa a un tipo de cambio de diferencial de $300 por d\u00f3lar.","og_url":"https:\/\/informelitoral.com.ar\/bajo-15-000-la-tonelada-de-soja-tras-fin-del-programa-de-incremento-exportador\/","og_site_name":"Informe Litoral","article_publisher":"https:\/\/www.facebook.com\/informelitoral\/","article_published_time":"2023-06-02T11:48:22+00:00","article_modified_time":"2023-06-02T11:51:41+00:00","og_image":[{"width":696,"height":522,"url":"https:\/\/informelitoral.com.ar\/%77%70%2d%63%6f%6e%74%65%6e%74\/uploads\/2022\/07\/soja-2-696x522-1.jpg","type":"image\/jpeg"}],"author":"Sebastian","twitter_card":"summary_large_image","twitter_creator":"@InformeLitoral","twitter_site":"@InformeLitoral","twitter_misc":{"Escrito por":"Sebastian","Tiempo de lectura":"1 minuto"},"schema":{"@context":"https:\/\/schema.org","@graph":[{"@type":"Article","@id":"https:\/\/informelitoral.com.ar\/bajo-15-000-la-tonelada-de-soja-tras-fin-del-programa-de-incremento-exportador\/#article","isPartOf":{"@id":"https:\/\/informelitoral.com.ar\/bajo-15-000-la-tonelada-de-soja-tras-fin-del-programa-de-incremento-exportador\/"},"author":{"name":"Sebastian","@id":"https:\/\/informelitoral.com.ar\/#\/schema\/person\/f05f9f461677119578717524b127d6d5"},"headline":"Baj\u00f3 $15.000 la tonelada de soja tras fin del Programa de Incremento Exportador","datePublished":"2023-06-02T11:48:22+00:00","dateModified":"2023-06-02T11:51:41+00:00","mainEntityOfPage":{"@id":"https:\/\/informelitoral.com.ar\/bajo-15-000-la-tonelada-de-soja-tras-fin-del-programa-de-incremento-exportador\/"},"wordCount":127,"commentCount":0,"publisher":{"@id":"https:\/\/informelitoral.com.ar\/#organization"},"image":{"@id":"https:\/\/informelitoral.com.ar\/bajo-15-000-la-tonelada-de-soja-tras-fin-del-programa-de-incremento-exportador\/#primaryimage"},"thumbnailUrl":"https:\/\/informelitoral.com.ar\/%77%70%2d%63%6f%6e%74%65%6e%74\/uploads\/2022\/07\/soja-2-696x522-1.jpg","keywords":["Soja"],"articleSection":["Econom\u00eda","Sociedad"],"inLanguage":"es","potentialAction":[{"@type":"CommentAction","name":"Comment","target":["https:\/\/informelitoral.com.ar\/bajo-15-000-la-tonelada-de-soja-tras-fin-del-programa-de-incremento-exportador\/#respond"]}]},{"@type":"WebPage","@id":"https:\/\/informelitoral.com.ar\/bajo-15-000-la-tonelada-de-soja-tras-fin-del-programa-de-incremento-exportador\/","url":"https:\/\/informelitoral.com.ar\/bajo-15-000-la-tonelada-de-soja-tras-fin-del-programa-de-incremento-exportador\/","name":"Baj\u00f3 $15.000 la tonelada de soja tras fin del Programa de Incremento Exportador - Informe Litoral","isPartOf":{"@id":"https:\/\/informelitoral.com.ar\/#website"},"primaryImageOfPage":{"@id":"https:\/\/informelitoral.com.ar\/bajo-15-000-la-tonelada-de-soja-tras-fin-del-programa-de-incremento-exportador\/#primaryimage"},"image":{"@id":"https:\/\/informelitoral.com.ar\/bajo-15-000-la-tonelada-de-soja-tras-fin-del-programa-de-incremento-exportador\/#primaryimage"},"thumbnailUrl":"https:\/\/informelitoral.com.ar\/%77%70%2d%63%6f%6e%74%65%6e%74\/uploads\/2022\/07\/soja-2-696x522-1.jpg","datePublished":"2023-06-02T11:48:22+00:00","dateModified":"2023-06-02T11:51:41+00:00","breadcrumb":{"@id":"https:\/\/informelitoral.com.ar\/bajo-15-000-la-tonelada-de-soja-tras-fin-del-programa-de-incremento-exportador\/#breadcrumb"},"inLanguage":"es","potentialAction":[{"@type":"ReadAction","target":["https:\/\/informelitoral.com.ar\/bajo-15-000-la-tonelada-de-soja-tras-fin-del-programa-de-incremento-exportador\/"]}]},{"@type":"ImageObject","inLanguage":"es","@id":"https:\/\/informelitoral.com.ar\/bajo-15-000-la-tonelada-de-soja-tras-fin-del-programa-de-incremento-exportador\/#primaryimage","url":"https:\/\/informelitoral.com.ar\/%77%70%2d%63%6f%6e%74%65%6e%74\/uploads\/2022\/07\/soja-2-696x522-1.jpg","contentUrl":"https:\/\/informelitoral.com.ar\/%77%70%2d%63%6f%6e%74%65%6e%74\/uploads\/2022\/07\/soja-2-696x522-1.jpg","width":696,"height":522},{"@type":"BreadcrumbList","@id":"https:\/\/informelitoral.com.ar\/bajo-15-000-la-tonelada-de-soja-tras-fin-del-programa-de-incremento-exportador\/#breadcrumb","itemListElement":[{"@type":"ListItem","position":1,"name":"Portada","item":"https:\/\/informelitoral.com.ar\/"},{"@type":"ListItem","position":2,"name":"Baj\u00f3 $15.000 la tonelada de soja tras fin del Programa de Incremento Exportador"}]},{"@type":"WebSite","@id":"https:\/\/informelitoral.com.ar\/#website","url":"https:\/\/informelitoral.com.ar\/","name":"Informe Litoral","description":"&quot;Nos informamos&quot; ","publisher":{"@id":"https:\/\/informelitoral.com.ar\/#organization"},"potentialAction":[{"@type":"SearchAction","target":{"@type":"EntryPoint","urlTemplate":"https:\/\/informelitoral.com.ar\/?s={search_term_string}"},"query-input":{"@type":"PropertyValueSpecification","valueRequired":true,"valueName":"search_term_string"}}],"inLanguage":"es"},{"@type":"Organization","@id":"https:\/\/informelitoral.com.ar\/#organization","name":"Informe Litoral","url":"https:\/\/informelitoral.com.ar\/","logo":{"@type":"ImageObject","inLanguage":"es","@id":"https:\/\/informelitoral.com.ar\/#\/schema\/logo\/image\/","url":"https:\/\/informelitoral.com.ar\/%77%70%2d%63%6f%6e%74%65%6e%74\/uploads\/2021\/01\/circulo.png","contentUrl":"https:\/\/informelitoral.com.ar\/%77%70%2d%63%6f%6e%74%65%6e%74\/uploads\/2021\/01\/circulo.png","width":723,"height":731,"caption":"Informe Litoral"},"image":{"@id":"https:\/\/informelitoral.com.ar\/#\/schema\/logo\/image\/"},"sameAs":["https:\/\/www.facebook.com\/informelitoral\/","https:\/\/x.com\/InformeLitoral","https:\/\/www.instagram.com\/informelitoral\/","https:\/\/www.youtube.com\/channel\/UCua4Qvz8Icb6MYqhoq9xLXw"]},{"@type":"Person","@id":"https:\/\/informelitoral.com.ar\/#\/schema\/person\/f05f9f461677119578717524b127d6d5","name":"Sebastian","image":{"@type":"ImageObject","inLanguage":"es","@id":"https:\/\/secure.gravatar.com\/avatar\/b71bf7481d447dfb9583c7f2798e7cc64de6efb9067b74633ed8c31059a3bd82?s=96&d=mm&r=g","url":"https:\/\/secure.gravatar.com\/avatar\/b71bf7481d447dfb9583c7f2798e7cc64de6efb9067b74633ed8c31059a3bd82?s=96&d=mm&r=g","contentUrl":"https:\/\/secure.gravatar.com\/avatar\/b71bf7481d447dfb9583c7f2798e7cc64de6efb9067b74633ed8c31059a3bd82?s=96&d=mm&r=g","caption":"Sebastian"},"url":"https:\/\/informelitoral.com.ar\/author\/sebastian\/"}]}},"_links":{"self":[{"href":"https:\/\/informelitoral.com.ar\/%77%70%2d%6a%73%6f%6e\/wp\/v2\/posts\/151450","targetHints":{"allow":["GET"]}}],"collection":[{"href":"https:\/\/informelitoral.com.ar\/%77%70%2d%6a%73%6f%6e\/wp\/v2\/posts"}],"about":[{"href":"https:\/\/informelitoral.com.ar\/%77%70%2d%6a%73%6f%6e\/wp\/v2\/types\/post"}],"author":[{"embeddable":true,"href":"https:\/\/informelitoral.com.ar\/%77%70%2d%6a%73%6f%6e\/wp\/v2\/users\/8"}],"replies":[{"embeddable":true,"href":"https:\/\/informelitoral.com.ar\/%77%70%2d%6a%73%6f%6e\/wp\/v2\/comments?post=151450"}],"version-history":[{"count":0,"href":"https:\/\/informelitoral.com.ar\/%77%70%2d%6a%73%6f%6e\/wp\/v2\/posts\/151450\/revisions"}],"wp:featuredmedia":[{"embeddable":true,"href":"https:\/\/informelitoral.com.ar\/%77%70%2d%6a%73%6f%6e\/wp\/v2\/media\/80977"}],"wp:attachment":[{"href":"https:\/\/informelitoral.com.ar\/%77%70%2d%6a%73%6f%6e\/wp\/v2\/media?parent=151450"}],"wp:term":[{"taxonomy":"category","embeddable":true,"href":"https:\/\/informelitoral.com.ar\/%77%70%2d%6a%73%6f%6e\/wp\/v2\/categories?post=151450"},{"taxonomy":"post_tag","embeddable":true,"href":"https:\/\/informelitoral.com.ar\/%77%70%2d%6a%73%6f%6e\/wp\/v2\/tags?post=151450"}],"curies":[{"name":"wp","href":"https:\/\/api.w.org\/{rel}","templated":true}]}}