{"id":15142,"date":"2016-04-11T00:05:37","date_gmt":"2016-04-11T03:05:37","guid":{"rendered":"http:\/\/www.isletasnoticias.com.ar\/?p=15142"},"modified":"2016-04-11T07:58:41","modified_gmt":"2016-04-11T10:58:41","slug":"isletas-suspensiones-y-mas-de-una-semana-sin-clases-por-las-lluvias","status":"publish","type":"post","link":"https:\/\/informelitoral.com.ar\/isletas-suspensiones-y-mas-de-una-semana-sin-clases-por-las-lluvias\/","title":{"rendered":"Isletas: suspensiones y m\u00e1s de una semana sin clases por las lluvias"},"content":{"rendered":"<p><strong>Tras una semana sin clases, este lunes las escuelas de esta localidad del departamento Diamante nuevamente permanecer\u00e1n cerradas. Por las precipitaciones tambi\u00e9n se suspendi\u00f3 el inicio de las clases de m\u00fasica previstas para hoy. Ya se hab\u00eda cancelado el acto por el aniversario de la Junta de Gobierno. Preocupaci\u00f3n desde el ente gubernamental local.<\/strong><\/p>\n<figure id=\"attachment_15145\" aria-describedby=\"caption-attachment-15145\" style=\"width: 561px\" class=\"wp-caption aligncenter\"><a href=\"http:\/\/www.isletasnoticias.com.ar\/%77%70%2d%63%6f%6e%74%65%6e%74\/uploads\/2016\/04\/12932887_969972656427184_3704548029554485019_n.jpg\" rel=\"attachment wp-att-15145\"><img loading=\"lazy\" decoding=\"async\" class=\"wp-image-15145 \" src=\"http:\/\/www.isletasnoticias.com.ar\/%77%70%2d%63%6f%6e%74%65%6e%74\/uploads\/2016\/04\/12932887_969972656427184_3704548029554485019_n.jpg\" alt=\"12932887_969972656427184_3704548029554485019_n\" width=\"561\" height=\"561\" srcset=\"https:\/\/informelitoral.com.ar\/%77%70%2d%63%6f%6e%74%65%6e%74\/uploads\/2016\/04\/12932887_969972656427184_3704548029554485019_n.jpg 960w, https:\/\/informelitoral.com.ar\/%77%70%2d%63%6f%6e%74%65%6e%74\/uploads\/2016\/04\/12932887_969972656427184_3704548029554485019_n-150x150.jpg 150w, https:\/\/informelitoral.com.ar\/%77%70%2d%63%6f%6e%74%65%6e%74\/uploads\/2016\/04\/12932887_969972656427184_3704548029554485019_n-300x300.jpg 300w, https:\/\/informelitoral.com.ar\/%77%70%2d%63%6f%6e%74%65%6e%74\/uploads\/2016\/04\/12932887_969972656427184_3704548029554485019_n-768x768.jpg 768w\" sizes=\"auto, (max-width: 561px) 100vw, 561px\" \/><\/a><figcaption id=\"caption-attachment-15145\" class=\"wp-caption-text\"><em><strong>Foto:<\/strong> Los productores tamberos sufren las lluvias tanto para orde\u00f1ar como para sacar la producci\u00f3n. Cr\u00e9dito: Yoha Graf (F)<\/em><\/figcaption><\/figure>\n<p>El fen\u00f3meno de las intensas lluvias que se registran en Entre R\u00edos y otras provincias desde hace m\u00e1s de una semana, est\u00e1n provocando da\u00f1os de diferentes maginitudes a nivel social, ambiental y econ\u00f3mico.<\/p>\n<p>En el caso de Isletas, en el departamento Diamante y otras zonas rurales, las lluvias provocan que gran parte de los caminos, en su mayor\u00eda de tierra, est\u00e9n intransitables por lo que hay preocupaci\u00f3n por la situaci\u00f3n de las familias que no pueden salir de sus hogares para realizar las compras o ante cualquier emergencia. Adem\u00e1s afecta seriamente a los establecimientos productivos, como los tambos y granjas y a la cosecha de soja.<\/p>\n<p>Por otro lado, en lo que respecta a la educaci\u00f3n,<a href=\"http:\/\/www.isletasnoticias.com.ar\/?p=15094\"> la semana pasada las siete escuelas estuvieron cerradas<\/a>, salvo algunas, en donde se dictaron clases el jueves por la ma\u00f1ana. Para esta semana el panorama sigue siendo no alentador porque este lunes tampoco habr\u00e1 clases. De continuar las lluvias, esto se ir\u00e1 repitiendo en los pr\u00f3ximos d\u00edas provocando una notable reducci\u00f3n en la incorporaci\u00f3n de saberes del ciclo lectivo 2016.<\/p>\n<p><em>\u00abChicos, por cuestiones clim\u00e1ticas, ma\u00f1ana lunes NO HAY CLASES !!! <\/em><em>Vayan trabajando en lo que algunos profesores han subido a sus grupo de facebook. Nos vemos cuando el tiempo lo permita.Que est\u00e9n bien.Equipo Directivo\u00bb,\u00a0<\/em>postearon desde la cuenta de Facebook de la Escuela Agrot\u00e9cnica N\u00b0 153, el domingo por la tarde.<\/p>\n<p>En tanto en el \u00e1mbito cultural, el martes 5, se tuvo que suspender el <a href=\"http:\/\/www.isletasnoticias.com.ar\/?p=14965\">acto por el 32\u00b0 aniversario de la creaci\u00f3n de la Junta de Gobierno<\/a> y a\u00fan no hay nueva fecha porque todo depende de las condiciones clim\u00e1ticas. Suerte similar corri\u00f3 el inicio de las clases de m\u00fasica, en el marco del proyecto\u00a0<em><a href=\"http:\/\/www.isletasnoticias.com.ar\/?p=14696\">Elegidos por la M\u00fasica<\/a><\/em>. El mismo iba a comenzar este lunes 11, a cargo del <strong>Prof. Fernando \u00abCoco\u00bb Codrino<\/strong>, pero se posterg\u00f3 para el lunes 18, siempre y cuando no llueva.<\/p>\n<p><strong>Preocupaci\u00f3n en la Junta de Gobierno\u00a0<\/strong><\/p>\n<p>Ante esta situaci\u00f3n, el presidente de la Junta de Gobierno de Isletas, <strong>Alcides Wolf<\/strong> (Cambiemos), reconoci\u00f3 la preocupaci\u00f3n que existe desde el organismo, en especial por el estado de los caminos, su efecto social y en el normal trasporte de la producci\u00f3n.<\/p>\n<p>Durante el programa radial <em>Uno por Semana<\/em> que se emite los s\u00e1bados de 15.00 a 18.00 por <em>FM Eco 100.3<\/em> de Ram\u00edrez, Wolf reconoci\u00f3 que \u00abestuve viendo que hay caminos destruidos y estamos todos preocupados, entendemos lo necesarios que son y lo sufrimos en carne propia pero no podemos hacer nada\u00bb.<\/p>\n<p>En ese marco, el funcionario inform\u00f3 que \u00abpermanentemente hacemos las gestiones ante Vialidad y ellos tambi\u00e9n saben muy bien c\u00f3mo est\u00e1n las cosas, por eso a medida de sus posibilidades seguramente trabajar\u00e1n ni bien d\u00e9 el terreno. De nuestra parte se har\u00e1 lo que se pueda con el tractor y la pala niveladora cuando mejore el tiempo\u00bb, adelant\u00f3 el jefe comunal.<\/p>\n<p>La mayor preocupaci\u00f3n se encuentra en caso que contin\u00fae este fen\u00f3meno, que se atribuye a El Ni\u00f1o, en los meses de invierno ya que la situaci\u00f3n de los caminos se podr\u00eda agravar a\u00fan m\u00e1s por la menor cantidad de horas de sol que reduce el secado del terreno.\u00a0<em style=\"line-height: 1.55;\">(IN)<\/em><\/p>\n","protected":false},"excerpt":{"rendered":"<p>Tras una semana sin clases, este lunes las escuelas de esta localidad del departamento Diamante nuevamente permanecer&aacute;n cerradas. Por las precipitaciones tambi&eacute;n se suspendi&oacute; el inicio de las clases de m&uacute;sica previstas para hoy. Ya se hab&iacute;a cancelado el acto por el aniversario de la Junta de Gobierno. Preocupaci&oacute;n desde el ente gubernamental local. El [&hellip;]<\/p>\n","protected":false},"author":2,"featured_media":0,"comment_status":"open","ping_status":"open","sticky":false,"template":"","format":"standard","meta":{"fifu_image_url":"","fifu_image_alt":"","footnotes":""},"categories":[4],"tags":[],"class_list":{"0":"post-15142","1":"post","2":"type-post","3":"status-publish","4":"format-standard","6":"category-locales"},"yoast_head":"<title>Isletas: suspensiones y m\u00e1s de una semana sin clases por las lluvias - Informe Litoral<\/title>\n<meta name=\"robots\" content=\"index, follow, max-snippet:-1, max-image-preview:large, max-video-preview:-1\" \/>\n<link rel=\"canonical\" href=\"https:\/\/informelitoral.com.ar\/isletas-suspensiones-y-mas-de-una-semana-sin-clases-por-las-lluvias\/\" \/>\n<meta property=\"og:locale\" content=\"es_ES\" \/>\n<meta property=\"og:type\" content=\"article\" \/>\n<meta property=\"og:title\" content=\"Isletas: suspensiones y m\u00e1s de una semana sin clases por las lluvias - Informe Litoral\" \/>\n<meta property=\"og:description\" content=\"Tras una semana sin clases, este lunes las escuelas de esta localidad del departamento Diamante nuevamente permanecer&aacute;n cerradas. Por las precipitaciones tambi&eacute;n se suspendi&oacute; el inicio de las clases de m&uacute;sica previstas para hoy. Ya se hab&iacute;a cancelado el acto por el aniversario de la Junta de Gobierno. Preocupaci&oacute;n desde el ente gubernamental local. El [&hellip;]\" \/>\n<meta property=\"og:url\" content=\"https:\/\/informelitoral.com.ar\/isletas-suspensiones-y-mas-de-una-semana-sin-clases-por-las-lluvias\/\" \/>\n<meta property=\"og:site_name\" content=\"Informe Litoral\" \/>\n<meta property=\"article:publisher\" content=\"https:\/\/www.facebook.com\/informelitoral\/\" \/>\n<meta property=\"article:published_time\" content=\"2016-04-11T03:05:37+00:00\" \/>\n<meta property=\"article:modified_time\" content=\"2016-04-11T10:58:41+00:00\" \/>\n<meta property=\"og:image\" content=\"https:\/\/informelitoral.com.ar\/%77%70%2d%63%6f%6e%74%65%6e%74\/uploads\/2016\/04\/12932887_969972656427184_3704548029554485019_n.jpg\" \/>\n\t<meta property=\"og:image:width\" content=\"960\" \/>\n\t<meta property=\"og:image:height\" content=\"960\" \/>\n\t<meta property=\"og:image:type\" content=\"image\/jpeg\" \/>\n<meta name=\"author\" content=\"Gonzalo Schmidt\" \/>\n<meta name=\"twitter:card\" content=\"summary_large_image\" \/>\n<meta name=\"twitter:creator\" content=\"@InformeLitoral\" \/>\n<meta name=\"twitter:site\" content=\"@InformeLitoral\" \/>\n<meta name=\"twitter:label1\" content=\"Escrito por\" \/>\n\t<meta name=\"twitter:data1\" content=\"Gonzalo Schmidt\" \/>\n\t<meta name=\"twitter:label2\" content=\"Tiempo de lectura\" \/>\n\t<meta name=\"twitter:data2\" content=\"3 minutos\" \/>\n<script type=\"application\/ld+json\" class=\"yoast-schema-graph\">{\"@context\":\"https:\\\/\\\/schema.org\",\"@graph\":[{\"@type\":\"Article\",\"@id\":\"https:\\\/\\\/informelitoral.com.ar\\\/isletas-suspensiones-y-mas-de-una-semana-sin-clases-por-las-lluvias\\\/#article\",\"isPartOf\":{\"@id\":\"https:\\\/\\\/informelitoral.com.ar\\\/isletas-suspensiones-y-mas-de-una-semana-sin-clases-por-las-lluvias\\\/\"},\"author\":{\"name\":\"Gonzalo Schmidt\",\"@id\":\"https:\\\/\\\/informelitoral.com.ar\\\/#\\\/schema\\\/person\\\/b9d00407c836482871ef1d57bf8e3180\"},\"headline\":\"Isletas: suspensiones y m\u00e1s de una semana sin clases por las lluvias\",\"datePublished\":\"2016-04-11T03:05:37+00:00\",\"dateModified\":\"2016-04-11T10:58:41+00:00\",\"mainEntityOfPage\":{\"@id\":\"https:\\\/\\\/informelitoral.com.ar\\\/isletas-suspensiones-y-mas-de-una-semana-sin-clases-por-las-lluvias\\\/\"},\"wordCount\":659,\"commentCount\":0,\"publisher\":{\"@id\":\"https:\\\/\\\/informelitoral.com.ar\\\/#organization\"},\"image\":{\"@id\":\"https:\\\/\\\/informelitoral.com.ar\\\/isletas-suspensiones-y-mas-de-una-semana-sin-clases-por-las-lluvias\\\/#primaryimage\"},\"thumbnailUrl\":\"http:\\\/\\\/www.isletasnoticias.com.ar\\\/%77%70%2d%63%6f%6e%74%65%6e%74\\\/uploads\\\/2016\\\/04\\\/12932887_969972656427184_3704548029554485019_n.jpg\",\"articleSection\":[\"Isletas\"],\"inLanguage\":\"es\",\"potentialAction\":[{\"@type\":\"CommentAction\",\"name\":\"Comment\",\"target\":[\"https:\\\/\\\/informelitoral.com.ar\\\/isletas-suspensiones-y-mas-de-una-semana-sin-clases-por-las-lluvias\\\/#respond\"]}]},{\"@type\":\"WebPage\",\"@id\":\"https:\\\/\\\/informelitoral.com.ar\\\/isletas-suspensiones-y-mas-de-una-semana-sin-clases-por-las-lluvias\\\/\",\"url\":\"https:\\\/\\\/informelitoral.com.ar\\\/isletas-suspensiones-y-mas-de-una-semana-sin-clases-por-las-lluvias\\\/\",\"name\":\"Isletas: suspensiones y m\u00e1s de una semana sin clases por las lluvias - Informe Litoral\",\"isPartOf\":{\"@id\":\"https:\\\/\\\/informelitoral.com.ar\\\/#website\"},\"primaryImageOfPage\":{\"@id\":\"https:\\\/\\\/informelitoral.com.ar\\\/isletas-suspensiones-y-mas-de-una-semana-sin-clases-por-las-lluvias\\\/#primaryimage\"},\"image\":{\"@id\":\"https:\\\/\\\/informelitoral.com.ar\\\/isletas-suspensiones-y-mas-de-una-semana-sin-clases-por-las-lluvias\\\/#primaryimage\"},\"thumbnailUrl\":\"http:\\\/\\\/www.isletasnoticias.com.ar\\\/%77%70%2d%63%6f%6e%74%65%6e%74\\\/uploads\\\/2016\\\/04\\\/12932887_969972656427184_3704548029554485019_n.jpg\",\"datePublished\":\"2016-04-11T03:05:37+00:00\",\"dateModified\":\"2016-04-11T10:58:41+00:00\",\"breadcrumb\":{\"@id\":\"https:\\\/\\\/informelitoral.com.ar\\\/isletas-suspensiones-y-mas-de-una-semana-sin-clases-por-las-lluvias\\\/#breadcrumb\"},\"inLanguage\":\"es\",\"potentialAction\":[{\"@type\":\"ReadAction\",\"target\":[\"https:\\\/\\\/informelitoral.com.ar\\\/isletas-suspensiones-y-mas-de-una-semana-sin-clases-por-las-lluvias\\\/\"]}]},{\"@type\":\"ImageObject\",\"inLanguage\":\"es\",\"@id\":\"https:\\\/\\\/informelitoral.com.ar\\\/isletas-suspensiones-y-mas-de-una-semana-sin-clases-por-las-lluvias\\\/#primaryimage\",\"url\":\"http:\\\/\\\/www.isletasnoticias.com.ar\\\/%77%70%2d%63%6f%6e%74%65%6e%74\\\/uploads\\\/2016\\\/04\\\/12932887_969972656427184_3704548029554485019_n.jpg\",\"contentUrl\":\"http:\\\/\\\/www.isletasnoticias.com.ar\\\/%77%70%2d%63%6f%6e%74%65%6e%74\\\/uploads\\\/2016\\\/04\\\/12932887_969972656427184_3704548029554485019_n.jpg\"},{\"@type\":\"BreadcrumbList\",\"@id\":\"https:\\\/\\\/informelitoral.com.ar\\\/isletas-suspensiones-y-mas-de-una-semana-sin-clases-por-las-lluvias\\\/#breadcrumb\",\"itemListElement\":[{\"@type\":\"ListItem\",\"position\":1,\"name\":\"Portada\",\"item\":\"https:\\\/\\\/informelitoral.com.ar\\\/\"},{\"@type\":\"ListItem\",\"position\":2,\"name\":\"Isletas: suspensiones y m\u00e1s de una semana sin clases por las lluvias\"}]},{\"@type\":\"WebSite\",\"@id\":\"https:\\\/\\\/informelitoral.com.ar\\\/#website\",\"url\":\"https:\\\/\\\/informelitoral.com.ar\\\/\",\"name\":\"Informe Litoral\",\"description\":\"&quot;Nos informamos&quot; \",\"publisher\":{\"@id\":\"https:\\\/\\\/informelitoral.com.ar\\\/#organization\"},\"potentialAction\":[{\"@type\":\"SearchAction\",\"target\":{\"@type\":\"EntryPoint\",\"urlTemplate\":\"https:\\\/\\\/informelitoral.com.ar\\\/?s={search_term_string}\"},\"query-input\":{\"@type\":\"PropertyValueSpecification\",\"valueRequired\":true,\"valueName\":\"search_term_string\"}}],\"inLanguage\":\"es\"},{\"@type\":\"Organization\",\"@id\":\"https:\\\/\\\/informelitoral.com.ar\\\/#organization\",\"name\":\"Informe Litoral\",\"url\":\"https:\\\/\\\/informelitoral.com.ar\\\/\",\"logo\":{\"@type\":\"ImageObject\",\"inLanguage\":\"es\",\"@id\":\"https:\\\/\\\/informelitoral.com.ar\\\/#\\\/schema\\\/logo\\\/image\\\/\",\"url\":\"https:\\\/\\\/informelitoral.com.ar\\\/%77%70%2d%63%6f%6e%74%65%6e%74\\\/uploads\\\/2021\\\/01\\\/circulo.png\",\"contentUrl\":\"https:\\\/\\\/informelitoral.com.ar\\\/%77%70%2d%63%6f%6e%74%65%6e%74\\\/uploads\\\/2021\\\/01\\\/circulo.png\",\"width\":723,\"height\":731,\"caption\":\"Informe Litoral\"},\"image\":{\"@id\":\"https:\\\/\\\/informelitoral.com.ar\\\/#\\\/schema\\\/logo\\\/image\\\/\"},\"sameAs\":[\"https:\\\/\\\/www.facebook.com\\\/informelitoral\\\/\",\"https:\\\/\\\/x.com\\\/InformeLitoral\",\"https:\\\/\\\/www.instagram.com\\\/informelitoral\\\/\",\"https:\\\/\\\/www.youtube.com\\\/channel\\\/UCua4Qvz8Icb6MYqhoq9xLXw\"]},{\"@type\":\"Person\",\"@id\":\"https:\\\/\\\/informelitoral.com.ar\\\/#\\\/schema\\\/person\\\/b9d00407c836482871ef1d57bf8e3180\",\"name\":\"Gonzalo Schmidt\",\"image\":{\"@type\":\"ImageObject\",\"inLanguage\":\"es\",\"@id\":\"https:\\\/\\\/secure.gravatar.com\\\/avatar\\\/31a1a7b66ff2de83bd0e9fd79d026630d2d99e55e8bfe501287647b4fd9743de?s=96&d=mm&r=g\",\"url\":\"https:\\\/\\\/secure.gravatar.com\\\/avatar\\\/31a1a7b66ff2de83bd0e9fd79d026630d2d99e55e8bfe501287647b4fd9743de?s=96&d=mm&r=g\",\"contentUrl\":\"https:\\\/\\\/secure.gravatar.com\\\/avatar\\\/31a1a7b66ff2de83bd0e9fd79d026630d2d99e55e8bfe501287647b4fd9743de?s=96&d=mm&r=g\",\"caption\":\"Gonzalo Schmidt\"},\"description\":\"Sitio web de noticias de la provincia de Entre R\u00edos, Argentina. Informaci\u00f3n y entretenimiento. Informe Litoral, nos informamos.\",\"sameAs\":[\"http:\\\/\\\/www.isletasnoticias.com.ar\"],\"url\":\"https:\\\/\\\/informelitoral.com.ar\\\/author\\\/gonzalo\\\/\"}]}<\/script>","yoast_head_json":{"title":"Isletas: suspensiones y m\u00e1s de una semana sin clases por las lluvias - Informe Litoral","robots":{"index":"index","follow":"follow","max-snippet":"max-snippet:-1","max-image-preview":"max-image-preview:large","max-video-preview":"max-video-preview:-1"},"canonical":"https:\/\/informelitoral.com.ar\/isletas-suspensiones-y-mas-de-una-semana-sin-clases-por-las-lluvias\/","og_locale":"es_ES","og_type":"article","og_title":"Isletas: suspensiones y m\u00e1s de una semana sin clases por las lluvias - Informe Litoral","og_description":"Tras una semana sin clases, este lunes las escuelas de esta localidad del departamento Diamante nuevamente permanecer&aacute;n cerradas. Por las precipitaciones tambi&eacute;n se suspendi&oacute; el inicio de las clases de m&uacute;sica previstas para hoy. Ya se hab&iacute;a cancelado el acto por el aniversario de la Junta de Gobierno. Preocupaci&oacute;n desde el ente gubernamental local. El [&hellip;]","og_url":"https:\/\/informelitoral.com.ar\/isletas-suspensiones-y-mas-de-una-semana-sin-clases-por-las-lluvias\/","og_site_name":"Informe Litoral","article_publisher":"https:\/\/www.facebook.com\/informelitoral\/","article_published_time":"2016-04-11T03:05:37+00:00","article_modified_time":"2016-04-11T10:58:41+00:00","og_image":[{"width":960,"height":960,"url":"https:\/\/informelitoral.com.ar\/%77%70%2d%63%6f%6e%74%65%6e%74\/uploads\/2016\/04\/12932887_969972656427184_3704548029554485019_n.jpg","type":"image\/jpeg"}],"author":"Gonzalo Schmidt","twitter_card":"summary_large_image","twitter_creator":"@InformeLitoral","twitter_site":"@InformeLitoral","twitter_misc":{"Escrito por":"Gonzalo Schmidt","Tiempo de lectura":"3 minutos"},"schema":{"@context":"https:\/\/schema.org","@graph":[{"@type":"Article","@id":"https:\/\/informelitoral.com.ar\/isletas-suspensiones-y-mas-de-una-semana-sin-clases-por-las-lluvias\/#article","isPartOf":{"@id":"https:\/\/informelitoral.com.ar\/isletas-suspensiones-y-mas-de-una-semana-sin-clases-por-las-lluvias\/"},"author":{"name":"Gonzalo Schmidt","@id":"https:\/\/informelitoral.com.ar\/#\/schema\/person\/b9d00407c836482871ef1d57bf8e3180"},"headline":"Isletas: suspensiones y m\u00e1s de una semana sin clases por las lluvias","datePublished":"2016-04-11T03:05:37+00:00","dateModified":"2016-04-11T10:58:41+00:00","mainEntityOfPage":{"@id":"https:\/\/informelitoral.com.ar\/isletas-suspensiones-y-mas-de-una-semana-sin-clases-por-las-lluvias\/"},"wordCount":659,"commentCount":0,"publisher":{"@id":"https:\/\/informelitoral.com.ar\/#organization"},"image":{"@id":"https:\/\/informelitoral.com.ar\/isletas-suspensiones-y-mas-de-una-semana-sin-clases-por-las-lluvias\/#primaryimage"},"thumbnailUrl":"http:\/\/www.isletasnoticias.com.ar\/%77%70%2d%63%6f%6e%74%65%6e%74\/uploads\/2016\/04\/12932887_969972656427184_3704548029554485019_n.jpg","articleSection":["Isletas"],"inLanguage":"es","potentialAction":[{"@type":"CommentAction","name":"Comment","target":["https:\/\/informelitoral.com.ar\/isletas-suspensiones-y-mas-de-una-semana-sin-clases-por-las-lluvias\/#respond"]}]},{"@type":"WebPage","@id":"https:\/\/informelitoral.com.ar\/isletas-suspensiones-y-mas-de-una-semana-sin-clases-por-las-lluvias\/","url":"https:\/\/informelitoral.com.ar\/isletas-suspensiones-y-mas-de-una-semana-sin-clases-por-las-lluvias\/","name":"Isletas: suspensiones y m\u00e1s de una semana sin clases por las lluvias - Informe Litoral","isPartOf":{"@id":"https:\/\/informelitoral.com.ar\/#website"},"primaryImageOfPage":{"@id":"https:\/\/informelitoral.com.ar\/isletas-suspensiones-y-mas-de-una-semana-sin-clases-por-las-lluvias\/#primaryimage"},"image":{"@id":"https:\/\/informelitoral.com.ar\/isletas-suspensiones-y-mas-de-una-semana-sin-clases-por-las-lluvias\/#primaryimage"},"thumbnailUrl":"http:\/\/www.isletasnoticias.com.ar\/%77%70%2d%63%6f%6e%74%65%6e%74\/uploads\/2016\/04\/12932887_969972656427184_3704548029554485019_n.jpg","datePublished":"2016-04-11T03:05:37+00:00","dateModified":"2016-04-11T10:58:41+00:00","breadcrumb":{"@id":"https:\/\/informelitoral.com.ar\/isletas-suspensiones-y-mas-de-una-semana-sin-clases-por-las-lluvias\/#breadcrumb"},"inLanguage":"es","potentialAction":[{"@type":"ReadAction","target":["https:\/\/informelitoral.com.ar\/isletas-suspensiones-y-mas-de-una-semana-sin-clases-por-las-lluvias\/"]}]},{"@type":"ImageObject","inLanguage":"es","@id":"https:\/\/informelitoral.com.ar\/isletas-suspensiones-y-mas-de-una-semana-sin-clases-por-las-lluvias\/#primaryimage","url":"http:\/\/www.isletasnoticias.com.ar\/%77%70%2d%63%6f%6e%74%65%6e%74\/uploads\/2016\/04\/12932887_969972656427184_3704548029554485019_n.jpg","contentUrl":"http:\/\/www.isletasnoticias.com.ar\/%77%70%2d%63%6f%6e%74%65%6e%74\/uploads\/2016\/04\/12932887_969972656427184_3704548029554485019_n.jpg"},{"@type":"BreadcrumbList","@id":"https:\/\/informelitoral.com.ar\/isletas-suspensiones-y-mas-de-una-semana-sin-clases-por-las-lluvias\/#breadcrumb","itemListElement":[{"@type":"ListItem","position":1,"name":"Portada","item":"https:\/\/informelitoral.com.ar\/"},{"@type":"ListItem","position":2,"name":"Isletas: suspensiones y m\u00e1s de una semana sin clases por las lluvias"}]},{"@type":"WebSite","@id":"https:\/\/informelitoral.com.ar\/#website","url":"https:\/\/informelitoral.com.ar\/","name":"Informe Litoral","description":"&quot;Nos informamos&quot; ","publisher":{"@id":"https:\/\/informelitoral.com.ar\/#organization"},"potentialAction":[{"@type":"SearchAction","target":{"@type":"EntryPoint","urlTemplate":"https:\/\/informelitoral.com.ar\/?s={search_term_string}"},"query-input":{"@type":"PropertyValueSpecification","valueRequired":true,"valueName":"search_term_string"}}],"inLanguage":"es"},{"@type":"Organization","@id":"https:\/\/informelitoral.com.ar\/#organization","name":"Informe Litoral","url":"https:\/\/informelitoral.com.ar\/","logo":{"@type":"ImageObject","inLanguage":"es","@id":"https:\/\/informelitoral.com.ar\/#\/schema\/logo\/image\/","url":"https:\/\/informelitoral.com.ar\/%77%70%2d%63%6f%6e%74%65%6e%74\/uploads\/2021\/01\/circulo.png","contentUrl":"https:\/\/informelitoral.com.ar\/%77%70%2d%63%6f%6e%74%65%6e%74\/uploads\/2021\/01\/circulo.png","width":723,"height":731,"caption":"Informe Litoral"},"image":{"@id":"https:\/\/informelitoral.com.ar\/#\/schema\/logo\/image\/"},"sameAs":["https:\/\/www.facebook.com\/informelitoral\/","https:\/\/x.com\/InformeLitoral","https:\/\/www.instagram.com\/informelitoral\/","https:\/\/www.youtube.com\/channel\/UCua4Qvz8Icb6MYqhoq9xLXw"]},{"@type":"Person","@id":"https:\/\/informelitoral.com.ar\/#\/schema\/person\/b9d00407c836482871ef1d57bf8e3180","name":"Gonzalo Schmidt","image":{"@type":"ImageObject","inLanguage":"es","@id":"https:\/\/secure.gravatar.com\/avatar\/31a1a7b66ff2de83bd0e9fd79d026630d2d99e55e8bfe501287647b4fd9743de?s=96&d=mm&r=g","url":"https:\/\/secure.gravatar.com\/avatar\/31a1a7b66ff2de83bd0e9fd79d026630d2d99e55e8bfe501287647b4fd9743de?s=96&d=mm&r=g","contentUrl":"https:\/\/secure.gravatar.com\/avatar\/31a1a7b66ff2de83bd0e9fd79d026630d2d99e55e8bfe501287647b4fd9743de?s=96&d=mm&r=g","caption":"Gonzalo Schmidt"},"description":"Sitio web de noticias de la provincia de Entre R\u00edos, Argentina. Informaci\u00f3n y entretenimiento. Informe Litoral, nos informamos.","sameAs":["http:\/\/www.isletasnoticias.com.ar"],"url":"https:\/\/informelitoral.com.ar\/author\/gonzalo\/"}]}},"_links":{"self":[{"href":"https:\/\/informelitoral.com.ar\/%77%70%2d%6a%73%6f%6e\/wp\/v2\/posts\/15142","targetHints":{"allow":["GET"]}}],"collection":[{"href":"https:\/\/informelitoral.com.ar\/%77%70%2d%6a%73%6f%6e\/wp\/v2\/posts"}],"about":[{"href":"https:\/\/informelitoral.com.ar\/%77%70%2d%6a%73%6f%6e\/wp\/v2\/types\/post"}],"author":[{"embeddable":true,"href":"https:\/\/informelitoral.com.ar\/%77%70%2d%6a%73%6f%6e\/wp\/v2\/users\/2"}],"replies":[{"embeddable":true,"href":"https:\/\/informelitoral.com.ar\/%77%70%2d%6a%73%6f%6e\/wp\/v2\/comments?post=15142"}],"version-history":[{"count":0,"href":"https:\/\/informelitoral.com.ar\/%77%70%2d%6a%73%6f%6e\/wp\/v2\/posts\/15142\/revisions"}],"wp:attachment":[{"href":"https:\/\/informelitoral.com.ar\/%77%70%2d%6a%73%6f%6e\/wp\/v2\/media?parent=15142"}],"wp:term":[{"taxonomy":"category","embeddable":true,"href":"https:\/\/informelitoral.com.ar\/%77%70%2d%6a%73%6f%6e\/wp\/v2\/categories?post=15142"},{"taxonomy":"post_tag","embeddable":true,"href":"https:\/\/informelitoral.com.ar\/%77%70%2d%6a%73%6f%6e\/wp\/v2\/tags?post=15142"}],"curies":[{"name":"wp","href":"https:\/\/api.w.org\/{rel}","templated":true}]}}