{"id":151366,"date":"2023-06-01T09:28:20","date_gmt":"2023-06-01T12:28:20","guid":{"rendered":"https:\/\/www.informelitoral.com.ar\/?p=151366"},"modified":"2023-06-01T09:28:20","modified_gmt":"2023-06-01T12:28:20","slug":"este-jueves-comienza-el-plan-de-regularizacion-de-deudas-de-ater","status":"publish","type":"post","link":"https:\/\/informelitoral.com.ar\/este-jueves-comienza-el-plan-de-regularizacion-de-deudas-de-ater\/","title":{"rendered":"Este jueves comienza el plan de regularizaci\u00f3n de deudas de ATER"},"content":{"rendered":"<p>En el marco de las pol\u00edticas de alivio fiscal que lleva adelante la provincia, desde este jueves 1 de junio la Administradora Tributaria (ATER) pone a disposici\u00f3n de los entrerrianos un nuevo plan de regularizaci\u00f3n de deudas.<\/p>\n<p>A partir de lo establecido en el Decreto N\u00ba 1.313 MEHF, el plan ofrece la condonaci\u00f3n de hasta el 100 por ciento de las multas y hasta el 80 por ciento de los intereses de las deudas generadas hasta el 31 de marzo de 2023, seg\u00fan diferentes esquemas de financiaci\u00f3n habilitados. El plazo m\u00e1ximo ser\u00e1 de 24 meses para el segmento de deudas generales y de seis meses para el segmento de agentes.<\/p>\n<p>Adem\u00e1s, el plan clasifica a los deudores en tres grupos: peque\u00f1os, medianos o grandes seg\u00fan el monto adeudado y la capacidad contributiva. En todos los casos, los esquemas para cada grupo comprenden intereses de financiaci\u00f3n y porcentajes de anticipo a partir de las 12 cuotas y montos m\u00ednimos de pago para todos. Adem\u00e1s, establece un esquema especial para el grupo de deudores de retenciones y percepciones y recaudaciones efectuadas.<\/p>\n<p><b>La modalidad de suscripci\u00f3n es v\u00eda web pero hay excepciones<\/b><\/p>\n<p>En relaci\u00f3n a la operatoria, desde ATER ratificaron que si bien la modalidad de suscripci\u00f3n general obligatoria es v\u00eda web (desde los servicios de ATER con clave fiscal), hay grupos de contribuyentes exceptuados que podr\u00e1n concurrir directamente con cita previa (turno web) a las oficinas de la Administrador,a como el caso de los peque\u00f1os deudores que no est\u00e1n obligados a constituir el domicilio fiscal electr\u00f3nico.<\/p>\n<p>Del mismo modo, aquellos grupos de deudores en situaci\u00f3n de apremio y\/o de fiscalizaci\u00f3n deber\u00e1n presentarse a las oficinas con turno siguiendo los requisitos previstos seg\u00fan cada caso.<\/p>\n<p>Finalmente, se invita a obtener m\u00e1s informaci\u00f3n, turnos, tutoriales y detalles del programa ingresando a\u00a0<a href=\"http:\/\/www.ater.gob.ar\/\" target=\"_blank\" rel=\"noopener\">www.ater.gob.ar<\/a>, o a linktr.ee\/RegularizacionesATER o comunic\u00e1ndose con el Servicio de Atenci\u00f3n al Contribuyente (SAC) llamando al 0810-888-2837, de lunes a viernes de 8 a 13 horas.<\/p>\n","protected":false},"excerpt":{"rendered":"<p>Ser\u00e1 hasta el 30 de junio y contempla la condonaci\u00f3n de multas e intereses para los contribuyentes con deudas generadas hasta el 31 de marzo de 2023. La suscripci\u00f3n general es v\u00eda web y presencial con turnos para grupos exceptuados.<\/p>\n","protected":false},"author":8,"featured_media":68358,"comment_status":"open","ping_status":"open","sticky":false,"template":"","format":"standard","meta":{"fifu_image_url":"","fifu_image_alt":"","footnotes":""},"categories":[6],"tags":[591],"class_list":{"0":"post-151366","1":"post","2":"type-post","3":"status-publish","4":"format-standard","5":"has-post-thumbnail","7":"category-entre-rios","8":"tag-ater"},"yoast_head":"<title>Este jueves comienza el plan de regularizaci\u00f3n de deudas de ATER - Informe Litoral<\/title>\n<meta name=\"robots\" content=\"index, follow, max-snippet:-1, max-image-preview:large, max-video-preview:-1\" \/>\n<link rel=\"canonical\" href=\"https:\/\/informelitoral.com.ar\/este-jueves-comienza-el-plan-de-regularizacion-de-deudas-de-ater\/\" \/>\n<meta property=\"og:locale\" content=\"es_ES\" \/>\n<meta property=\"og:type\" content=\"article\" \/>\n<meta property=\"og:title\" content=\"Este jueves comienza el plan de regularizaci\u00f3n de deudas de ATER - Informe Litoral\" \/>\n<meta property=\"og:description\" content=\"Ser\u00e1 hasta el 30 de junio y contempla la condonaci\u00f3n de multas e intereses para los contribuyentes con deudas generadas hasta el 31 de marzo de 2023. La suscripci\u00f3n general es v\u00eda web y presencial con turnos para grupos exceptuados.\" \/>\n<meta property=\"og:url\" content=\"https:\/\/informelitoral.com.ar\/este-jueves-comienza-el-plan-de-regularizacion-de-deudas-de-ater\/\" \/>\n<meta property=\"og:site_name\" content=\"Informe Litoral\" \/>\n<meta property=\"article:publisher\" content=\"https:\/\/www.facebook.com\/informelitoral\/\" \/>\n<meta property=\"article:published_time\" content=\"2023-06-01T12:28:20+00:00\" \/>\n<meta property=\"og:image\" content=\"https:\/\/informelitoral.com.ar\/%77%70%2d%63%6f%6e%74%65%6e%74\/uploads\/2021\/12\/ater.jpg\" \/>\n\t<meta property=\"og:image:width\" content=\"1920\" \/>\n\t<meta property=\"og:image:height\" content=\"800\" \/>\n\t<meta property=\"og:image:type\" content=\"image\/jpeg\" \/>\n<meta name=\"author\" content=\"Sebastian\" \/>\n<meta name=\"twitter:card\" content=\"summary_large_image\" \/>\n<meta name=\"twitter:creator\" content=\"@InformeLitoral\" \/>\n<meta name=\"twitter:site\" content=\"@InformeLitoral\" \/>\n<meta name=\"twitter:label1\" content=\"Escrito por\" \/>\n\t<meta name=\"twitter:data1\" content=\"Sebastian\" \/>\n\t<meta name=\"twitter:label2\" content=\"Tiempo de lectura\" \/>\n\t<meta name=\"twitter:data2\" content=\"2 minutos\" \/>\n<script type=\"application\/ld+json\" class=\"yoast-schema-graph\">{\"@context\":\"https:\\\/\\\/schema.org\",\"@graph\":[{\"@type\":\"Article\",\"@id\":\"https:\\\/\\\/informelitoral.com.ar\\\/este-jueves-comienza-el-plan-de-regularizacion-de-deudas-de-ater\\\/#article\",\"isPartOf\":{\"@id\":\"https:\\\/\\\/informelitoral.com.ar\\\/este-jueves-comienza-el-plan-de-regularizacion-de-deudas-de-ater\\\/\"},\"author\":{\"name\":\"Sebastian\",\"@id\":\"https:\\\/\\\/informelitoral.com.ar\\\/#\\\/schema\\\/person\\\/f05f9f461677119578717524b127d6d5\"},\"headline\":\"Este jueves comienza el plan de regularizaci\u00f3n de deudas de ATER\",\"datePublished\":\"2023-06-01T12:28:20+00:00\",\"mainEntityOfPage\":{\"@id\":\"https:\\\/\\\/informelitoral.com.ar\\\/este-jueves-comienza-el-plan-de-regularizacion-de-deudas-de-ater\\\/\"},\"wordCount\":363,\"commentCount\":0,\"publisher\":{\"@id\":\"https:\\\/\\\/informelitoral.com.ar\\\/#organization\"},\"image\":{\"@id\":\"https:\\\/\\\/informelitoral.com.ar\\\/este-jueves-comienza-el-plan-de-regularizacion-de-deudas-de-ater\\\/#primaryimage\"},\"thumbnailUrl\":\"https:\\\/\\\/informelitoral.com.ar\\\/%77%70%2d%63%6f%6e%74%65%6e%74\\\/uploads\\\/2021\\\/12\\\/ater.jpg\",\"keywords\":[\"ATER\"],\"articleSection\":[\"Entre R\u00edos\"],\"inLanguage\":\"es\",\"potentialAction\":[{\"@type\":\"CommentAction\",\"name\":\"Comment\",\"target\":[\"https:\\\/\\\/informelitoral.com.ar\\\/este-jueves-comienza-el-plan-de-regularizacion-de-deudas-de-ater\\\/#respond\"]}]},{\"@type\":\"WebPage\",\"@id\":\"https:\\\/\\\/informelitoral.com.ar\\\/este-jueves-comienza-el-plan-de-regularizacion-de-deudas-de-ater\\\/\",\"url\":\"https:\\\/\\\/informelitoral.com.ar\\\/este-jueves-comienza-el-plan-de-regularizacion-de-deudas-de-ater\\\/\",\"name\":\"Este jueves comienza el plan de regularizaci\u00f3n de deudas de ATER - Informe Litoral\",\"isPartOf\":{\"@id\":\"https:\\\/\\\/informelitoral.com.ar\\\/#website\"},\"primaryImageOfPage\":{\"@id\":\"https:\\\/\\\/informelitoral.com.ar\\\/este-jueves-comienza-el-plan-de-regularizacion-de-deudas-de-ater\\\/#primaryimage\"},\"image\":{\"@id\":\"https:\\\/\\\/informelitoral.com.ar\\\/este-jueves-comienza-el-plan-de-regularizacion-de-deudas-de-ater\\\/#primaryimage\"},\"thumbnailUrl\":\"https:\\\/\\\/informelitoral.com.ar\\\/%77%70%2d%63%6f%6e%74%65%6e%74\\\/uploads\\\/2021\\\/12\\\/ater.jpg\",\"datePublished\":\"2023-06-01T12:28:20+00:00\",\"breadcrumb\":{\"@id\":\"https:\\\/\\\/informelitoral.com.ar\\\/este-jueves-comienza-el-plan-de-regularizacion-de-deudas-de-ater\\\/#breadcrumb\"},\"inLanguage\":\"es\",\"potentialAction\":[{\"@type\":\"ReadAction\",\"target\":[\"https:\\\/\\\/informelitoral.com.ar\\\/este-jueves-comienza-el-plan-de-regularizacion-de-deudas-de-ater\\\/\"]}]},{\"@type\":\"ImageObject\",\"inLanguage\":\"es\",\"@id\":\"https:\\\/\\\/informelitoral.com.ar\\\/este-jueves-comienza-el-plan-de-regularizacion-de-deudas-de-ater\\\/#primaryimage\",\"url\":\"https:\\\/\\\/informelitoral.com.ar\\\/%77%70%2d%63%6f%6e%74%65%6e%74\\\/uploads\\\/2021\\\/12\\\/ater.jpg\",\"contentUrl\":\"https:\\\/\\\/informelitoral.com.ar\\\/%77%70%2d%63%6f%6e%74%65%6e%74\\\/uploads\\\/2021\\\/12\\\/ater.jpg\",\"width\":1920,\"height\":800},{\"@type\":\"BreadcrumbList\",\"@id\":\"https:\\\/\\\/informelitoral.com.ar\\\/este-jueves-comienza-el-plan-de-regularizacion-de-deudas-de-ater\\\/#breadcrumb\",\"itemListElement\":[{\"@type\":\"ListItem\",\"position\":1,\"name\":\"Portada\",\"item\":\"https:\\\/\\\/informelitoral.com.ar\\\/\"},{\"@type\":\"ListItem\",\"position\":2,\"name\":\"Este jueves comienza el plan de regularizaci\u00f3n de deudas de ATER\"}]},{\"@type\":\"WebSite\",\"@id\":\"https:\\\/\\\/informelitoral.com.ar\\\/#website\",\"url\":\"https:\\\/\\\/informelitoral.com.ar\\\/\",\"name\":\"Informe Litoral\",\"description\":\"&quot;Nos informamos&quot; \",\"publisher\":{\"@id\":\"https:\\\/\\\/informelitoral.com.ar\\\/#organization\"},\"potentialAction\":[{\"@type\":\"SearchAction\",\"target\":{\"@type\":\"EntryPoint\",\"urlTemplate\":\"https:\\\/\\\/informelitoral.com.ar\\\/?s={search_term_string}\"},\"query-input\":{\"@type\":\"PropertyValueSpecification\",\"valueRequired\":true,\"valueName\":\"search_term_string\"}}],\"inLanguage\":\"es\"},{\"@type\":\"Organization\",\"@id\":\"https:\\\/\\\/informelitoral.com.ar\\\/#organization\",\"name\":\"Informe Litoral\",\"url\":\"https:\\\/\\\/informelitoral.com.ar\\\/\",\"logo\":{\"@type\":\"ImageObject\",\"inLanguage\":\"es\",\"@id\":\"https:\\\/\\\/informelitoral.com.ar\\\/#\\\/schema\\\/logo\\\/image\\\/\",\"url\":\"https:\\\/\\\/informelitoral.com.ar\\\/%77%70%2d%63%6f%6e%74%65%6e%74\\\/uploads\\\/2021\\\/01\\\/circulo.png\",\"contentUrl\":\"https:\\\/\\\/informelitoral.com.ar\\\/%77%70%2d%63%6f%6e%74%65%6e%74\\\/uploads\\\/2021\\\/01\\\/circulo.png\",\"width\":723,\"height\":731,\"caption\":\"Informe Litoral\"},\"image\":{\"@id\":\"https:\\\/\\\/informelitoral.com.ar\\\/#\\\/schema\\\/logo\\\/image\\\/\"},\"sameAs\":[\"https:\\\/\\\/www.facebook.com\\\/informelitoral\\\/\",\"https:\\\/\\\/x.com\\\/InformeLitoral\",\"https:\\\/\\\/www.instagram.com\\\/informelitoral\\\/\",\"https:\\\/\\\/www.youtube.com\\\/channel\\\/UCua4Qvz8Icb6MYqhoq9xLXw\"]},{\"@type\":\"Person\",\"@id\":\"https:\\\/\\\/informelitoral.com.ar\\\/#\\\/schema\\\/person\\\/f05f9f461677119578717524b127d6d5\",\"name\":\"Sebastian\",\"image\":{\"@type\":\"ImageObject\",\"inLanguage\":\"es\",\"@id\":\"https:\\\/\\\/secure.gravatar.com\\\/avatar\\\/b71bf7481d447dfb9583c7f2798e7cc64de6efb9067b74633ed8c31059a3bd82?s=96&d=mm&r=g\",\"url\":\"https:\\\/\\\/secure.gravatar.com\\\/avatar\\\/b71bf7481d447dfb9583c7f2798e7cc64de6efb9067b74633ed8c31059a3bd82?s=96&d=mm&r=g\",\"contentUrl\":\"https:\\\/\\\/secure.gravatar.com\\\/avatar\\\/b71bf7481d447dfb9583c7f2798e7cc64de6efb9067b74633ed8c31059a3bd82?s=96&d=mm&r=g\",\"caption\":\"Sebastian\"},\"url\":\"https:\\\/\\\/informelitoral.com.ar\\\/author\\\/sebastian\\\/\"}]}<\/script>","yoast_head_json":{"title":"Este jueves comienza el plan de regularizaci\u00f3n de deudas de ATER - Informe Litoral","robots":{"index":"index","follow":"follow","max-snippet":"max-snippet:-1","max-image-preview":"max-image-preview:large","max-video-preview":"max-video-preview:-1"},"canonical":"https:\/\/informelitoral.com.ar\/este-jueves-comienza-el-plan-de-regularizacion-de-deudas-de-ater\/","og_locale":"es_ES","og_type":"article","og_title":"Este jueves comienza el plan de regularizaci\u00f3n de deudas de ATER - Informe Litoral","og_description":"Ser\u00e1 hasta el 30 de junio y contempla la condonaci\u00f3n de multas e intereses para los contribuyentes con deudas generadas hasta el 31 de marzo de 2023. La suscripci\u00f3n general es v\u00eda web y presencial con turnos para grupos exceptuados.","og_url":"https:\/\/informelitoral.com.ar\/este-jueves-comienza-el-plan-de-regularizacion-de-deudas-de-ater\/","og_site_name":"Informe Litoral","article_publisher":"https:\/\/www.facebook.com\/informelitoral\/","article_published_time":"2023-06-01T12:28:20+00:00","og_image":[{"width":1920,"height":800,"url":"https:\/\/informelitoral.com.ar\/%77%70%2d%63%6f%6e%74%65%6e%74\/uploads\/2021\/12\/ater.jpg","type":"image\/jpeg"}],"author":"Sebastian","twitter_card":"summary_large_image","twitter_creator":"@InformeLitoral","twitter_site":"@InformeLitoral","twitter_misc":{"Escrito por":"Sebastian","Tiempo de lectura":"2 minutos"},"schema":{"@context":"https:\/\/schema.org","@graph":[{"@type":"Article","@id":"https:\/\/informelitoral.com.ar\/este-jueves-comienza-el-plan-de-regularizacion-de-deudas-de-ater\/#article","isPartOf":{"@id":"https:\/\/informelitoral.com.ar\/este-jueves-comienza-el-plan-de-regularizacion-de-deudas-de-ater\/"},"author":{"name":"Sebastian","@id":"https:\/\/informelitoral.com.ar\/#\/schema\/person\/f05f9f461677119578717524b127d6d5"},"headline":"Este jueves comienza el plan de regularizaci\u00f3n de deudas de ATER","datePublished":"2023-06-01T12:28:20+00:00","mainEntityOfPage":{"@id":"https:\/\/informelitoral.com.ar\/este-jueves-comienza-el-plan-de-regularizacion-de-deudas-de-ater\/"},"wordCount":363,"commentCount":0,"publisher":{"@id":"https:\/\/informelitoral.com.ar\/#organization"},"image":{"@id":"https:\/\/informelitoral.com.ar\/este-jueves-comienza-el-plan-de-regularizacion-de-deudas-de-ater\/#primaryimage"},"thumbnailUrl":"https:\/\/informelitoral.com.ar\/%77%70%2d%63%6f%6e%74%65%6e%74\/uploads\/2021\/12\/ater.jpg","keywords":["ATER"],"articleSection":["Entre R\u00edos"],"inLanguage":"es","potentialAction":[{"@type":"CommentAction","name":"Comment","target":["https:\/\/informelitoral.com.ar\/este-jueves-comienza-el-plan-de-regularizacion-de-deudas-de-ater\/#respond"]}]},{"@type":"WebPage","@id":"https:\/\/informelitoral.com.ar\/este-jueves-comienza-el-plan-de-regularizacion-de-deudas-de-ater\/","url":"https:\/\/informelitoral.com.ar\/este-jueves-comienza-el-plan-de-regularizacion-de-deudas-de-ater\/","name":"Este jueves comienza el plan de regularizaci\u00f3n de deudas de ATER - Informe Litoral","isPartOf":{"@id":"https:\/\/informelitoral.com.ar\/#website"},"primaryImageOfPage":{"@id":"https:\/\/informelitoral.com.ar\/este-jueves-comienza-el-plan-de-regularizacion-de-deudas-de-ater\/#primaryimage"},"image":{"@id":"https:\/\/informelitoral.com.ar\/este-jueves-comienza-el-plan-de-regularizacion-de-deudas-de-ater\/#primaryimage"},"thumbnailUrl":"https:\/\/informelitoral.com.ar\/%77%70%2d%63%6f%6e%74%65%6e%74\/uploads\/2021\/12\/ater.jpg","datePublished":"2023-06-01T12:28:20+00:00","breadcrumb":{"@id":"https:\/\/informelitoral.com.ar\/este-jueves-comienza-el-plan-de-regularizacion-de-deudas-de-ater\/#breadcrumb"},"inLanguage":"es","potentialAction":[{"@type":"ReadAction","target":["https:\/\/informelitoral.com.ar\/este-jueves-comienza-el-plan-de-regularizacion-de-deudas-de-ater\/"]}]},{"@type":"ImageObject","inLanguage":"es","@id":"https:\/\/informelitoral.com.ar\/este-jueves-comienza-el-plan-de-regularizacion-de-deudas-de-ater\/#primaryimage","url":"https:\/\/informelitoral.com.ar\/%77%70%2d%63%6f%6e%74%65%6e%74\/uploads\/2021\/12\/ater.jpg","contentUrl":"https:\/\/informelitoral.com.ar\/%77%70%2d%63%6f%6e%74%65%6e%74\/uploads\/2021\/12\/ater.jpg","width":1920,"height":800},{"@type":"BreadcrumbList","@id":"https:\/\/informelitoral.com.ar\/este-jueves-comienza-el-plan-de-regularizacion-de-deudas-de-ater\/#breadcrumb","itemListElement":[{"@type":"ListItem","position":1,"name":"Portada","item":"https:\/\/informelitoral.com.ar\/"},{"@type":"ListItem","position":2,"name":"Este jueves comienza el plan de regularizaci\u00f3n de deudas de ATER"}]},{"@type":"WebSite","@id":"https:\/\/informelitoral.com.ar\/#website","url":"https:\/\/informelitoral.com.ar\/","name":"Informe Litoral","description":"&quot;Nos informamos&quot; ","publisher":{"@id":"https:\/\/informelitoral.com.ar\/#organization"},"potentialAction":[{"@type":"SearchAction","target":{"@type":"EntryPoint","urlTemplate":"https:\/\/informelitoral.com.ar\/?s={search_term_string}"},"query-input":{"@type":"PropertyValueSpecification","valueRequired":true,"valueName":"search_term_string"}}],"inLanguage":"es"},{"@type":"Organization","@id":"https:\/\/informelitoral.com.ar\/#organization","name":"Informe Litoral","url":"https:\/\/informelitoral.com.ar\/","logo":{"@type":"ImageObject","inLanguage":"es","@id":"https:\/\/informelitoral.com.ar\/#\/schema\/logo\/image\/","url":"https:\/\/informelitoral.com.ar\/%77%70%2d%63%6f%6e%74%65%6e%74\/uploads\/2021\/01\/circulo.png","contentUrl":"https:\/\/informelitoral.com.ar\/%77%70%2d%63%6f%6e%74%65%6e%74\/uploads\/2021\/01\/circulo.png","width":723,"height":731,"caption":"Informe Litoral"},"image":{"@id":"https:\/\/informelitoral.com.ar\/#\/schema\/logo\/image\/"},"sameAs":["https:\/\/www.facebook.com\/informelitoral\/","https:\/\/x.com\/InformeLitoral","https:\/\/www.instagram.com\/informelitoral\/","https:\/\/www.youtube.com\/channel\/UCua4Qvz8Icb6MYqhoq9xLXw"]},{"@type":"Person","@id":"https:\/\/informelitoral.com.ar\/#\/schema\/person\/f05f9f461677119578717524b127d6d5","name":"Sebastian","image":{"@type":"ImageObject","inLanguage":"es","@id":"https:\/\/secure.gravatar.com\/avatar\/b71bf7481d447dfb9583c7f2798e7cc64de6efb9067b74633ed8c31059a3bd82?s=96&d=mm&r=g","url":"https:\/\/secure.gravatar.com\/avatar\/b71bf7481d447dfb9583c7f2798e7cc64de6efb9067b74633ed8c31059a3bd82?s=96&d=mm&r=g","contentUrl":"https:\/\/secure.gravatar.com\/avatar\/b71bf7481d447dfb9583c7f2798e7cc64de6efb9067b74633ed8c31059a3bd82?s=96&d=mm&r=g","caption":"Sebastian"},"url":"https:\/\/informelitoral.com.ar\/author\/sebastian\/"}]}},"_links":{"self":[{"href":"https:\/\/informelitoral.com.ar\/%77%70%2d%6a%73%6f%6e\/wp\/v2\/posts\/151366","targetHints":{"allow":["GET"]}}],"collection":[{"href":"https:\/\/informelitoral.com.ar\/%77%70%2d%6a%73%6f%6e\/wp\/v2\/posts"}],"about":[{"href":"https:\/\/informelitoral.com.ar\/%77%70%2d%6a%73%6f%6e\/wp\/v2\/types\/post"}],"author":[{"embeddable":true,"href":"https:\/\/informelitoral.com.ar\/%77%70%2d%6a%73%6f%6e\/wp\/v2\/users\/8"}],"replies":[{"embeddable":true,"href":"https:\/\/informelitoral.com.ar\/%77%70%2d%6a%73%6f%6e\/wp\/v2\/comments?post=151366"}],"version-history":[{"count":0,"href":"https:\/\/informelitoral.com.ar\/%77%70%2d%6a%73%6f%6e\/wp\/v2\/posts\/151366\/revisions"}],"wp:featuredmedia":[{"embeddable":true,"href":"https:\/\/informelitoral.com.ar\/%77%70%2d%6a%73%6f%6e\/wp\/v2\/media\/68358"}],"wp:attachment":[{"href":"https:\/\/informelitoral.com.ar\/%77%70%2d%6a%73%6f%6e\/wp\/v2\/media?parent=151366"}],"wp:term":[{"taxonomy":"category","embeddable":true,"href":"https:\/\/informelitoral.com.ar\/%77%70%2d%6a%73%6f%6e\/wp\/v2\/categories?post=151366"},{"taxonomy":"post_tag","embeddable":true,"href":"https:\/\/informelitoral.com.ar\/%77%70%2d%6a%73%6f%6e\/wp\/v2\/tags?post=151366"}],"curies":[{"name":"wp","href":"https:\/\/api.w.org\/{rel}","templated":true}]}}