{"id":15136,"date":"2016-04-10T20:56:49","date_gmt":"2016-04-10T23:56:49","guid":{"rendered":"http:\/\/www.isletasnoticias.com.ar\/?p=15136"},"modified":"2016-04-10T21:02:36","modified_gmt":"2016-04-11T00:02:36","slug":"entre-rios-una-iniciativa-de-diputados-busca-frenar-el-avance-de-la-acacia-negra","status":"publish","type":"post","link":"https:\/\/informelitoral.com.ar\/entre-rios-una-iniciativa-de-diputados-busca-frenar-el-avance-de-la-acacia-negra\/","title":{"rendered":"Entre R\u00edos: una iniciativa de Diputados busca frenar el avance de la acacia negra"},"content":{"rendered":"<p><strong>La comisi\u00f3n de Tierras, Obras P\u00fablicas, Recursos Naturales y Ambiente de la C\u00e1mara Baja, emiti\u00f3 un dictamen favorable para que la legislatura entrerriana sancione una ley que declare a la acacia negra como una plaga. El proyecto de ley fue presentado en 2014\u00a0por el\u00a0diputado <em>Jorge Monge<\/em> (Cambiemos) y suscripto tambi\u00e9n, como coautores, por su par de bancada <em>Fuad Amado Sosa<\/em> (Nogoy\u00e1); <em>Juan Navarro<\/em> (FPV) y <em>Estela Almiron<\/em> (FPV, con mandato cumplido).<a href=\"http:\/\/www.isletasnoticias.com.ar\/%77%70%2d%63%6f%6e%74%65%6e%74\/uploads\/2016\/04\/acacia-negra.jpg\" rel=\"attachment wp-att-15137\"><img loading=\"lazy\" decoding=\"async\" class=\"aligncenter wp-image-15137 size-full\" src=\"http:\/\/www.isletasnoticias.com.ar\/%77%70%2d%63%6f%6e%74%65%6e%74\/uploads\/2016\/04\/acacia-negra.jpg\" alt=\"acacia-negra\" width=\"866\" height=\"534\" srcset=\"https:\/\/informelitoral.com.ar\/%77%70%2d%63%6f%6e%74%65%6e%74\/uploads\/2016\/04\/acacia-negra.jpg 866w, https:\/\/informelitoral.com.ar\/%77%70%2d%63%6f%6e%74%65%6e%74\/uploads\/2016\/04\/acacia-negra-300x185.jpg 300w, https:\/\/informelitoral.com.ar\/%77%70%2d%63%6f%6e%74%65%6e%74\/uploads\/2016\/04\/acacia-negra-768x474.jpg 768w\" sizes=\"auto, (max-width: 866px) 100vw, 866px\" \/><\/a><\/strong><\/p>\n<div id=\"attachment_229814\" class=\"wp-caption alignright\"><\/div>\n<p>Luego de dos a\u00f1os el proyecto tuvo un despacho favorable de los diputados que ahora integran la comisi\u00f3n, de manera que este asunto pronto ser\u00e1 tratado en el recinto, con el objetivo de concederle el rango de Ley de la provincia.<\/p>\n<p><strong>\u00bfQu\u00e9 es la acacia negra?<\/strong><\/p>\n<p>La acacia negra es una especie arb\u00f3rea cuyo nombre cient\u00edfico es \u201cgleditsia triacanthos\u201d. Se trata de un \u00e1rbol de crecimiento r\u00e1pido que puede llegar hasta unos 20 o 30 metros de altura en menos de 40 a\u00f1os. Tiene gran capacidad de rebrote, por las ra\u00edces, y adem\u00e1s de ser resistente a la poda y a la sequ\u00eda tambi\u00e9n se lo considera nocivo para el desarrollo de la agricultura.<\/p>\n<p><strong>Efectos negativos<\/strong><\/p>\n<p>La acacia negra es una especie ex\u00f3tica, no natural de nuestra macro regi\u00f3n (es originaria de Estados Unidos) que en Argentina tiene efectos da\u00f1inos ya que al formar bosques hace que los productores pierdan terrenos con pasturas para el ganado.<\/p>\n<p>El \u00e1rbol, adem\u00e1s, cambia el paisaje de pradera pampeana por el de bosque templado y avanza transformando pastizales abiertos en sabanas y, dentro de sectores bajos y banquinas, forma montes densos.<\/p>\n<p>Adem\u00e1s la acacia negra se extiende muy r\u00e1pidamente y donde lo hace, abajo de ella, no crece casi nada, ocupa espacios aptos para el pastoreo animal (al cual reemplaza) y con sus espinas provoca lesiones en los vacunos, que son disparadoras de otras complicaciones sobre la salud animal. Es una plaga agresiva e invasora, que atenta contra los \u00e1rboles del monte del Espinal. En tal sentido y dado el alto car\u00e1cter reproductivo de la especie por la dispersi\u00f3n ocasionada por medio de los cursos de agua y de los sistemas fluviales y el ganado bobino al bostear, se observan formaciones r\u00e1pidas de bosques de esta especie sobre las m\u00e1rgenes de los cursos de agua.<\/p>\n<p><strong>Da\u00f1os a la fauna aut\u00f3ctona<\/strong><\/p>\n<p>Los especialistas en la conservaci\u00f3n de los ecosistemas se\u00f1alan que los h\u00e1bitats de borde (de vasta extensi\u00f3n en nuestra provincia) y sobre los que avanza la acacia negra, son muy importantes para sostener las poblaciones de vertebrados nativos, como el coipo, el zorro gris, la comadreja colorada, el cuis (Cavia aperea), la rana del zarzal, el lagarto overo, el pato maicero, la garza bruja, todas especies que el avance de la acacia negra pone en peligro.<\/p>\n<p><strong>La palabra del autor de la iniciativa<\/strong><\/p>\n<p>\u201cDesde el sector de la producci\u00f3n agropecuaria como de los especialistas de los ecosistemas y la flora \u2013 manifest\u00f3 el diputado <strong>Jorge Monge<\/strong> en los fundamentos del proyecto \u2013 se observa una clara coincidencia en que la significativa invasi\u00f3n que esta especie viene desarrollando en amplias zonas de nuestro territorio provincial produce una problem\u00e1tica que requiere una intervenci\u00f3n de los poderes p\u00fablicos que morigere en primera instancia los inconvenientes que ocasiona y luego elimine esta especie ex\u00f3tica\u2026\u201d.<\/p>\n<p>Tambi\u00e9n las espinas en forma de pir\u00e1mide, de significativa longitud y dureza, \u201cson motivadoras de otra serie de inconvenientes sobre la log\u00edstica de la actividad agropecuaria de nuestra provincia, ya que la r\u00e1pida formaci\u00f3n de ejemplares robustos de esta especie a los m\u00e1rgenes de los caminos y senderos interiores de los establecimientos, produce con facilidad la rotura de la lonas de protecci\u00f3n de los camiones transportadores de cereal a la vez de producir ralladuras sobre su chasis lo mismo que pinchaduras en los neum\u00e1ticos\u201d, se sostiene en los fundamentos del proyecto.<\/p>\n<p>En consideraci\u00f3n de todas estas razones ahora la comisi\u00f3n propone declarar con fuerza de ley a la acacia negra como una plaga de la agricultura, promoviendo su control y erradicaci\u00f3n de todo el territorio provincial, con intervenci\u00f3n del ministerio de la Producci\u00f3n.<\/p>\n<p>En este sentido, para cumplir con los objetivos de la Ley se propone crear un programa provincial de control y erradicaci\u00f3n y definir un protocolo de pr\u00e1cticas para el manejo de la especie declarada plaga. Tambi\u00e9n proh\u00edbe la reproducci\u00f3n y plantaci\u00f3n de esta especie y se obliga a la erradicaci\u00f3n de la misma a propietarios, arrendatarios, usufructuarios u ocupantes de parcelas privadas y fiscales, estableciendo multas en el caso que eso no ocurra.<\/p>\n","protected":false},"excerpt":{"rendered":"<p>La comisi&oacute;n de Tierras, Obras P&uacute;blicas, Recursos Naturales y Ambiente de la C&aacute;mara Baja, emiti&oacute; un dictamen favorable para que la legislatura entrerriana sancione una ley que declare a la acacia negra como una plaga. El proyecto de ley fue presentado en 2014&nbsp;por el&nbsp;diputado Jorge Monge (Cambiemos) y suscripto tambi&eacute;n, como coautores, por su par [&hellip;]<\/p>\n","protected":false},"author":2,"featured_media":0,"comment_status":"open","ping_status":"open","sticky":false,"template":"","format":"standard","meta":{"fifu_image_url":"","fifu_image_alt":"","footnotes":""},"categories":[10,16],"tags":[],"class_list":{"0":"post-15136","1":"post","2":"type-post","3":"status-publish","4":"format-standard","6":"category-campo","7":"category-politi"},"yoast_head":"<title>Entre R\u00edos: una iniciativa de Diputados busca frenar el avance de la acacia negra - Informe Litoral<\/title>\n<meta name=\"robots\" content=\"index, follow, max-snippet:-1, max-image-preview:large, max-video-preview:-1\" \/>\n<link rel=\"canonical\" href=\"https:\/\/informelitoral.com.ar\/entre-rios-una-iniciativa-de-diputados-busca-frenar-el-avance-de-la-acacia-negra\/\" \/>\n<meta property=\"og:locale\" content=\"es_ES\" \/>\n<meta property=\"og:type\" content=\"article\" \/>\n<meta property=\"og:title\" content=\"Entre R\u00edos: una iniciativa de Diputados busca frenar el avance de la acacia negra - Informe Litoral\" \/>\n<meta property=\"og:description\" content=\"La comisi&oacute;n de Tierras, Obras P&uacute;blicas, Recursos Naturales y Ambiente de la C&aacute;mara Baja, emiti&oacute; un dictamen favorable para que la legislatura entrerriana sancione una ley que declare a la acacia negra como una plaga. El proyecto de ley fue presentado en 2014&nbsp;por el&nbsp;diputado Jorge Monge (Cambiemos) y suscripto tambi&eacute;n, como coautores, por su par [&hellip;]\" \/>\n<meta property=\"og:url\" content=\"https:\/\/informelitoral.com.ar\/entre-rios-una-iniciativa-de-diputados-busca-frenar-el-avance-de-la-acacia-negra\/\" \/>\n<meta property=\"og:site_name\" content=\"Informe Litoral\" \/>\n<meta property=\"article:publisher\" content=\"https:\/\/www.facebook.com\/informelitoral\/\" \/>\n<meta property=\"article:published_time\" content=\"2016-04-10T23:56:49+00:00\" \/>\n<meta property=\"article:modified_time\" content=\"2016-04-11T00:02:36+00:00\" \/>\n<meta property=\"og:image\" content=\"https:\/\/informelitoral.com.ar\/%77%70%2d%63%6f%6e%74%65%6e%74\/uploads\/2016\/04\/acacia-negra.jpg\" \/>\n\t<meta property=\"og:image:width\" content=\"866\" \/>\n\t<meta property=\"og:image:height\" content=\"534\" \/>\n\t<meta property=\"og:image:type\" content=\"image\/jpeg\" \/>\n<meta name=\"author\" content=\"Gonzalo Schmidt\" \/>\n<meta name=\"twitter:card\" content=\"summary_large_image\" \/>\n<meta name=\"twitter:creator\" content=\"@InformeLitoral\" \/>\n<meta name=\"twitter:site\" content=\"@InformeLitoral\" \/>\n<meta name=\"twitter:label1\" content=\"Escrito por\" \/>\n\t<meta name=\"twitter:data1\" content=\"Gonzalo Schmidt\" \/>\n\t<meta name=\"twitter:label2\" content=\"Tiempo de lectura\" \/>\n\t<meta name=\"twitter:data2\" content=\"4 minutos\" \/>\n<script type=\"application\/ld+json\" class=\"yoast-schema-graph\">{\"@context\":\"https:\\\/\\\/schema.org\",\"@graph\":[{\"@type\":\"Article\",\"@id\":\"https:\\\/\\\/informelitoral.com.ar\\\/entre-rios-una-iniciativa-de-diputados-busca-frenar-el-avance-de-la-acacia-negra\\\/#article\",\"isPartOf\":{\"@id\":\"https:\\\/\\\/informelitoral.com.ar\\\/entre-rios-una-iniciativa-de-diputados-busca-frenar-el-avance-de-la-acacia-negra\\\/\"},\"author\":{\"name\":\"Gonzalo Schmidt\",\"@id\":\"https:\\\/\\\/informelitoral.com.ar\\\/#\\\/schema\\\/person\\\/b9d00407c836482871ef1d57bf8e3180\"},\"headline\":\"Entre R\u00edos: una iniciativa de Diputados busca frenar el avance de la acacia negra\",\"datePublished\":\"2016-04-10T23:56:49+00:00\",\"dateModified\":\"2016-04-11T00:02:36+00:00\",\"mainEntityOfPage\":{\"@id\":\"https:\\\/\\\/informelitoral.com.ar\\\/entre-rios-una-iniciativa-de-diputados-busca-frenar-el-avance-de-la-acacia-negra\\\/\"},\"wordCount\":810,\"commentCount\":0,\"publisher\":{\"@id\":\"https:\\\/\\\/informelitoral.com.ar\\\/#organization\"},\"image\":{\"@id\":\"https:\\\/\\\/informelitoral.com.ar\\\/entre-rios-una-iniciativa-de-diputados-busca-frenar-el-avance-de-la-acacia-negra\\\/#primaryimage\"},\"thumbnailUrl\":\"http:\\\/\\\/www.isletasnoticias.com.ar\\\/%77%70%2d%63%6f%6e%74%65%6e%74\\\/uploads\\\/2016\\\/04\\\/acacia-negra.jpg\",\"articleSection\":[\"Campo\",\"Politica\"],\"inLanguage\":\"es\",\"potentialAction\":[{\"@type\":\"CommentAction\",\"name\":\"Comment\",\"target\":[\"https:\\\/\\\/informelitoral.com.ar\\\/entre-rios-una-iniciativa-de-diputados-busca-frenar-el-avance-de-la-acacia-negra\\\/#respond\"]}]},{\"@type\":\"WebPage\",\"@id\":\"https:\\\/\\\/informelitoral.com.ar\\\/entre-rios-una-iniciativa-de-diputados-busca-frenar-el-avance-de-la-acacia-negra\\\/\",\"url\":\"https:\\\/\\\/informelitoral.com.ar\\\/entre-rios-una-iniciativa-de-diputados-busca-frenar-el-avance-de-la-acacia-negra\\\/\",\"name\":\"Entre R\u00edos: una iniciativa de Diputados busca frenar el avance de la acacia negra - Informe Litoral\",\"isPartOf\":{\"@id\":\"https:\\\/\\\/informelitoral.com.ar\\\/#website\"},\"primaryImageOfPage\":{\"@id\":\"https:\\\/\\\/informelitoral.com.ar\\\/entre-rios-una-iniciativa-de-diputados-busca-frenar-el-avance-de-la-acacia-negra\\\/#primaryimage\"},\"image\":{\"@id\":\"https:\\\/\\\/informelitoral.com.ar\\\/entre-rios-una-iniciativa-de-diputados-busca-frenar-el-avance-de-la-acacia-negra\\\/#primaryimage\"},\"thumbnailUrl\":\"http:\\\/\\\/www.isletasnoticias.com.ar\\\/%77%70%2d%63%6f%6e%74%65%6e%74\\\/uploads\\\/2016\\\/04\\\/acacia-negra.jpg\",\"datePublished\":\"2016-04-10T23:56:49+00:00\",\"dateModified\":\"2016-04-11T00:02:36+00:00\",\"breadcrumb\":{\"@id\":\"https:\\\/\\\/informelitoral.com.ar\\\/entre-rios-una-iniciativa-de-diputados-busca-frenar-el-avance-de-la-acacia-negra\\\/#breadcrumb\"},\"inLanguage\":\"es\",\"potentialAction\":[{\"@type\":\"ReadAction\",\"target\":[\"https:\\\/\\\/informelitoral.com.ar\\\/entre-rios-una-iniciativa-de-diputados-busca-frenar-el-avance-de-la-acacia-negra\\\/\"]}]},{\"@type\":\"ImageObject\",\"inLanguage\":\"es\",\"@id\":\"https:\\\/\\\/informelitoral.com.ar\\\/entre-rios-una-iniciativa-de-diputados-busca-frenar-el-avance-de-la-acacia-negra\\\/#primaryimage\",\"url\":\"http:\\\/\\\/www.isletasnoticias.com.ar\\\/%77%70%2d%63%6f%6e%74%65%6e%74\\\/uploads\\\/2016\\\/04\\\/acacia-negra.jpg\",\"contentUrl\":\"http:\\\/\\\/www.isletasnoticias.com.ar\\\/%77%70%2d%63%6f%6e%74%65%6e%74\\\/uploads\\\/2016\\\/04\\\/acacia-negra.jpg\"},{\"@type\":\"BreadcrumbList\",\"@id\":\"https:\\\/\\\/informelitoral.com.ar\\\/entre-rios-una-iniciativa-de-diputados-busca-frenar-el-avance-de-la-acacia-negra\\\/#breadcrumb\",\"itemListElement\":[{\"@type\":\"ListItem\",\"position\":1,\"name\":\"Portada\",\"item\":\"https:\\\/\\\/informelitoral.com.ar\\\/\"},{\"@type\":\"ListItem\",\"position\":2,\"name\":\"Entre R\u00edos: una iniciativa de Diputados busca frenar el avance de la acacia negra\"}]},{\"@type\":\"WebSite\",\"@id\":\"https:\\\/\\\/informelitoral.com.ar\\\/#website\",\"url\":\"https:\\\/\\\/informelitoral.com.ar\\\/\",\"name\":\"Informe Litoral\",\"description\":\"&quot;Nos informamos&quot; \",\"publisher\":{\"@id\":\"https:\\\/\\\/informelitoral.com.ar\\\/#organization\"},\"potentialAction\":[{\"@type\":\"SearchAction\",\"target\":{\"@type\":\"EntryPoint\",\"urlTemplate\":\"https:\\\/\\\/informelitoral.com.ar\\\/?s={search_term_string}\"},\"query-input\":{\"@type\":\"PropertyValueSpecification\",\"valueRequired\":true,\"valueName\":\"search_term_string\"}}],\"inLanguage\":\"es\"},{\"@type\":\"Organization\",\"@id\":\"https:\\\/\\\/informelitoral.com.ar\\\/#organization\",\"name\":\"Informe Litoral\",\"url\":\"https:\\\/\\\/informelitoral.com.ar\\\/\",\"logo\":{\"@type\":\"ImageObject\",\"inLanguage\":\"es\",\"@id\":\"https:\\\/\\\/informelitoral.com.ar\\\/#\\\/schema\\\/logo\\\/image\\\/\",\"url\":\"https:\\\/\\\/informelitoral.com.ar\\\/%77%70%2d%63%6f%6e%74%65%6e%74\\\/uploads\\\/2021\\\/01\\\/circulo.png\",\"contentUrl\":\"https:\\\/\\\/informelitoral.com.ar\\\/%77%70%2d%63%6f%6e%74%65%6e%74\\\/uploads\\\/2021\\\/01\\\/circulo.png\",\"width\":723,\"height\":731,\"caption\":\"Informe Litoral\"},\"image\":{\"@id\":\"https:\\\/\\\/informelitoral.com.ar\\\/#\\\/schema\\\/logo\\\/image\\\/\"},\"sameAs\":[\"https:\\\/\\\/www.facebook.com\\\/informelitoral\\\/\",\"https:\\\/\\\/x.com\\\/InformeLitoral\",\"https:\\\/\\\/www.instagram.com\\\/informelitoral\\\/\",\"https:\\\/\\\/www.youtube.com\\\/channel\\\/UCua4Qvz8Icb6MYqhoq9xLXw\"]},{\"@type\":\"Person\",\"@id\":\"https:\\\/\\\/informelitoral.com.ar\\\/#\\\/schema\\\/person\\\/b9d00407c836482871ef1d57bf8e3180\",\"name\":\"Gonzalo Schmidt\",\"image\":{\"@type\":\"ImageObject\",\"inLanguage\":\"es\",\"@id\":\"https:\\\/\\\/secure.gravatar.com\\\/avatar\\\/31a1a7b66ff2de83bd0e9fd79d026630d2d99e55e8bfe501287647b4fd9743de?s=96&d=mm&r=g\",\"url\":\"https:\\\/\\\/secure.gravatar.com\\\/avatar\\\/31a1a7b66ff2de83bd0e9fd79d026630d2d99e55e8bfe501287647b4fd9743de?s=96&d=mm&r=g\",\"contentUrl\":\"https:\\\/\\\/secure.gravatar.com\\\/avatar\\\/31a1a7b66ff2de83bd0e9fd79d026630d2d99e55e8bfe501287647b4fd9743de?s=96&d=mm&r=g\",\"caption\":\"Gonzalo Schmidt\"},\"description\":\"Sitio web de noticias de la provincia de Entre R\u00edos, Argentina. Informaci\u00f3n y entretenimiento. Informe Litoral, nos informamos.\",\"sameAs\":[\"http:\\\/\\\/www.isletasnoticias.com.ar\"],\"url\":\"https:\\\/\\\/informelitoral.com.ar\\\/author\\\/gonzalo\\\/\"}]}<\/script>","yoast_head_json":{"title":"Entre R\u00edos: una iniciativa de Diputados busca frenar el avance de la acacia negra - Informe Litoral","robots":{"index":"index","follow":"follow","max-snippet":"max-snippet:-1","max-image-preview":"max-image-preview:large","max-video-preview":"max-video-preview:-1"},"canonical":"https:\/\/informelitoral.com.ar\/entre-rios-una-iniciativa-de-diputados-busca-frenar-el-avance-de-la-acacia-negra\/","og_locale":"es_ES","og_type":"article","og_title":"Entre R\u00edos: una iniciativa de Diputados busca frenar el avance de la acacia negra - Informe Litoral","og_description":"La comisi&oacute;n de Tierras, Obras P&uacute;blicas, Recursos Naturales y Ambiente de la C&aacute;mara Baja, emiti&oacute; un dictamen favorable para que la legislatura entrerriana sancione una ley que declare a la acacia negra como una plaga. El proyecto de ley fue presentado en 2014&nbsp;por el&nbsp;diputado Jorge Monge (Cambiemos) y suscripto tambi&eacute;n, como coautores, por su par [&hellip;]","og_url":"https:\/\/informelitoral.com.ar\/entre-rios-una-iniciativa-de-diputados-busca-frenar-el-avance-de-la-acacia-negra\/","og_site_name":"Informe Litoral","article_publisher":"https:\/\/www.facebook.com\/informelitoral\/","article_published_time":"2016-04-10T23:56:49+00:00","article_modified_time":"2016-04-11T00:02:36+00:00","og_image":[{"width":866,"height":534,"url":"https:\/\/informelitoral.com.ar\/%77%70%2d%63%6f%6e%74%65%6e%74\/uploads\/2016\/04\/acacia-negra.jpg","type":"image\/jpeg"}],"author":"Gonzalo Schmidt","twitter_card":"summary_large_image","twitter_creator":"@InformeLitoral","twitter_site":"@InformeLitoral","twitter_misc":{"Escrito por":"Gonzalo Schmidt","Tiempo de lectura":"4 minutos"},"schema":{"@context":"https:\/\/schema.org","@graph":[{"@type":"Article","@id":"https:\/\/informelitoral.com.ar\/entre-rios-una-iniciativa-de-diputados-busca-frenar-el-avance-de-la-acacia-negra\/#article","isPartOf":{"@id":"https:\/\/informelitoral.com.ar\/entre-rios-una-iniciativa-de-diputados-busca-frenar-el-avance-de-la-acacia-negra\/"},"author":{"name":"Gonzalo Schmidt","@id":"https:\/\/informelitoral.com.ar\/#\/schema\/person\/b9d00407c836482871ef1d57bf8e3180"},"headline":"Entre R\u00edos: una iniciativa de Diputados busca frenar el avance de la acacia negra","datePublished":"2016-04-10T23:56:49+00:00","dateModified":"2016-04-11T00:02:36+00:00","mainEntityOfPage":{"@id":"https:\/\/informelitoral.com.ar\/entre-rios-una-iniciativa-de-diputados-busca-frenar-el-avance-de-la-acacia-negra\/"},"wordCount":810,"commentCount":0,"publisher":{"@id":"https:\/\/informelitoral.com.ar\/#organization"},"image":{"@id":"https:\/\/informelitoral.com.ar\/entre-rios-una-iniciativa-de-diputados-busca-frenar-el-avance-de-la-acacia-negra\/#primaryimage"},"thumbnailUrl":"http:\/\/www.isletasnoticias.com.ar\/%77%70%2d%63%6f%6e%74%65%6e%74\/uploads\/2016\/04\/acacia-negra.jpg","articleSection":["Campo","Politica"],"inLanguage":"es","potentialAction":[{"@type":"CommentAction","name":"Comment","target":["https:\/\/informelitoral.com.ar\/entre-rios-una-iniciativa-de-diputados-busca-frenar-el-avance-de-la-acacia-negra\/#respond"]}]},{"@type":"WebPage","@id":"https:\/\/informelitoral.com.ar\/entre-rios-una-iniciativa-de-diputados-busca-frenar-el-avance-de-la-acacia-negra\/","url":"https:\/\/informelitoral.com.ar\/entre-rios-una-iniciativa-de-diputados-busca-frenar-el-avance-de-la-acacia-negra\/","name":"Entre R\u00edos: una iniciativa de Diputados busca frenar el avance de la acacia negra - Informe Litoral","isPartOf":{"@id":"https:\/\/informelitoral.com.ar\/#website"},"primaryImageOfPage":{"@id":"https:\/\/informelitoral.com.ar\/entre-rios-una-iniciativa-de-diputados-busca-frenar-el-avance-de-la-acacia-negra\/#primaryimage"},"image":{"@id":"https:\/\/informelitoral.com.ar\/entre-rios-una-iniciativa-de-diputados-busca-frenar-el-avance-de-la-acacia-negra\/#primaryimage"},"thumbnailUrl":"http:\/\/www.isletasnoticias.com.ar\/%77%70%2d%63%6f%6e%74%65%6e%74\/uploads\/2016\/04\/acacia-negra.jpg","datePublished":"2016-04-10T23:56:49+00:00","dateModified":"2016-04-11T00:02:36+00:00","breadcrumb":{"@id":"https:\/\/informelitoral.com.ar\/entre-rios-una-iniciativa-de-diputados-busca-frenar-el-avance-de-la-acacia-negra\/#breadcrumb"},"inLanguage":"es","potentialAction":[{"@type":"ReadAction","target":["https:\/\/informelitoral.com.ar\/entre-rios-una-iniciativa-de-diputados-busca-frenar-el-avance-de-la-acacia-negra\/"]}]},{"@type":"ImageObject","inLanguage":"es","@id":"https:\/\/informelitoral.com.ar\/entre-rios-una-iniciativa-de-diputados-busca-frenar-el-avance-de-la-acacia-negra\/#primaryimage","url":"http:\/\/www.isletasnoticias.com.ar\/%77%70%2d%63%6f%6e%74%65%6e%74\/uploads\/2016\/04\/acacia-negra.jpg","contentUrl":"http:\/\/www.isletasnoticias.com.ar\/%77%70%2d%63%6f%6e%74%65%6e%74\/uploads\/2016\/04\/acacia-negra.jpg"},{"@type":"BreadcrumbList","@id":"https:\/\/informelitoral.com.ar\/entre-rios-una-iniciativa-de-diputados-busca-frenar-el-avance-de-la-acacia-negra\/#breadcrumb","itemListElement":[{"@type":"ListItem","position":1,"name":"Portada","item":"https:\/\/informelitoral.com.ar\/"},{"@type":"ListItem","position":2,"name":"Entre R\u00edos: una iniciativa de Diputados busca frenar el avance de la acacia negra"}]},{"@type":"WebSite","@id":"https:\/\/informelitoral.com.ar\/#website","url":"https:\/\/informelitoral.com.ar\/","name":"Informe Litoral","description":"&quot;Nos informamos&quot; ","publisher":{"@id":"https:\/\/informelitoral.com.ar\/#organization"},"potentialAction":[{"@type":"SearchAction","target":{"@type":"EntryPoint","urlTemplate":"https:\/\/informelitoral.com.ar\/?s={search_term_string}"},"query-input":{"@type":"PropertyValueSpecification","valueRequired":true,"valueName":"search_term_string"}}],"inLanguage":"es"},{"@type":"Organization","@id":"https:\/\/informelitoral.com.ar\/#organization","name":"Informe Litoral","url":"https:\/\/informelitoral.com.ar\/","logo":{"@type":"ImageObject","inLanguage":"es","@id":"https:\/\/informelitoral.com.ar\/#\/schema\/logo\/image\/","url":"https:\/\/informelitoral.com.ar\/%77%70%2d%63%6f%6e%74%65%6e%74\/uploads\/2021\/01\/circulo.png","contentUrl":"https:\/\/informelitoral.com.ar\/%77%70%2d%63%6f%6e%74%65%6e%74\/uploads\/2021\/01\/circulo.png","width":723,"height":731,"caption":"Informe Litoral"},"image":{"@id":"https:\/\/informelitoral.com.ar\/#\/schema\/logo\/image\/"},"sameAs":["https:\/\/www.facebook.com\/informelitoral\/","https:\/\/x.com\/InformeLitoral","https:\/\/www.instagram.com\/informelitoral\/","https:\/\/www.youtube.com\/channel\/UCua4Qvz8Icb6MYqhoq9xLXw"]},{"@type":"Person","@id":"https:\/\/informelitoral.com.ar\/#\/schema\/person\/b9d00407c836482871ef1d57bf8e3180","name":"Gonzalo Schmidt","image":{"@type":"ImageObject","inLanguage":"es","@id":"https:\/\/secure.gravatar.com\/avatar\/31a1a7b66ff2de83bd0e9fd79d026630d2d99e55e8bfe501287647b4fd9743de?s=96&d=mm&r=g","url":"https:\/\/secure.gravatar.com\/avatar\/31a1a7b66ff2de83bd0e9fd79d026630d2d99e55e8bfe501287647b4fd9743de?s=96&d=mm&r=g","contentUrl":"https:\/\/secure.gravatar.com\/avatar\/31a1a7b66ff2de83bd0e9fd79d026630d2d99e55e8bfe501287647b4fd9743de?s=96&d=mm&r=g","caption":"Gonzalo Schmidt"},"description":"Sitio web de noticias de la provincia de Entre R\u00edos, Argentina. Informaci\u00f3n y entretenimiento. Informe Litoral, nos informamos.","sameAs":["http:\/\/www.isletasnoticias.com.ar"],"url":"https:\/\/informelitoral.com.ar\/author\/gonzalo\/"}]}},"_links":{"self":[{"href":"https:\/\/informelitoral.com.ar\/%77%70%2d%6a%73%6f%6e\/wp\/v2\/posts\/15136","targetHints":{"allow":["GET"]}}],"collection":[{"href":"https:\/\/informelitoral.com.ar\/%77%70%2d%6a%73%6f%6e\/wp\/v2\/posts"}],"about":[{"href":"https:\/\/informelitoral.com.ar\/%77%70%2d%6a%73%6f%6e\/wp\/v2\/types\/post"}],"author":[{"embeddable":true,"href":"https:\/\/informelitoral.com.ar\/%77%70%2d%6a%73%6f%6e\/wp\/v2\/users\/2"}],"replies":[{"embeddable":true,"href":"https:\/\/informelitoral.com.ar\/%77%70%2d%6a%73%6f%6e\/wp\/v2\/comments?post=15136"}],"version-history":[{"count":0,"href":"https:\/\/informelitoral.com.ar\/%77%70%2d%6a%73%6f%6e\/wp\/v2\/posts\/15136\/revisions"}],"wp:attachment":[{"href":"https:\/\/informelitoral.com.ar\/%77%70%2d%6a%73%6f%6e\/wp\/v2\/media?parent=15136"}],"wp:term":[{"taxonomy":"category","embeddable":true,"href":"https:\/\/informelitoral.com.ar\/%77%70%2d%6a%73%6f%6e\/wp\/v2\/categories?post=15136"},{"taxonomy":"post_tag","embeddable":true,"href":"https:\/\/informelitoral.com.ar\/%77%70%2d%6a%73%6f%6e\/wp\/v2\/tags?post=15136"}],"curies":[{"name":"wp","href":"https:\/\/api.w.org\/{rel}","templated":true}]}}