{"id":15131,"date":"2016-04-08T18:37:38","date_gmt":"2016-04-08T21:37:38","guid":{"rendered":"http:\/\/www.isletasnoticias.com.ar\/?p=15131"},"modified":"2016-04-08T18:40:33","modified_gmt":"2016-04-08T21:40:33","slug":"varias-localidades-continuan-aisladas-por-caminos-y-rutas-cortados","status":"publish","type":"post","link":"https:\/\/informelitoral.com.ar\/varias-localidades-continuan-aisladas-por-caminos-y-rutas-cortados\/","title":{"rendered":"Varias localidades contin\u00faan aisladas por caminos y rutas cortados"},"content":{"rendered":"<p><strong>M\u00e1s de 1.100 familias est\u00e1n siendo asistidas en el departamento La Paz; 92 en departamento Concordia y 33 en departamento Federal.<\/strong><\/p>\n<figure id=\"attachment_15132\" aria-describedby=\"caption-attachment-15132\" style=\"width: 557px\" class=\"wp-caption aligncenter\"><a href=\"http:\/\/www.isletasnoticias.com.ar\/%77%70%2d%63%6f%6e%74%65%6e%74\/uploads\/2016\/04\/La-Paz-ante-el-agua.jpg_925051666.jpg\" rel=\"attachment wp-att-15132\"><img loading=\"lazy\" decoding=\"async\" class=\"wp-image-15132 \" src=\"http:\/\/www.isletasnoticias.com.ar\/%77%70%2d%63%6f%6e%74%65%6e%74\/uploads\/2016\/04\/La-Paz-ante-el-agua.jpg_925051666.jpg\" alt=\"La-Paz-ante-el-agua.jpg_925051666\" width=\"557\" height=\"388\" srcset=\"https:\/\/informelitoral.com.ar\/%77%70%2d%63%6f%6e%74%65%6e%74\/uploads\/2016\/04\/La-Paz-ante-el-agua.jpg_925051666.jpg 789w, https:\/\/informelitoral.com.ar\/%77%70%2d%63%6f%6e%74%65%6e%74\/uploads\/2016\/04\/La-Paz-ante-el-agua.jpg_925051666-300x209.jpg 300w, https:\/\/informelitoral.com.ar\/%77%70%2d%63%6f%6e%74%65%6e%74\/uploads\/2016\/04\/La-Paz-ante-el-agua.jpg_925051666-768x535.jpg 768w\" sizes=\"auto, (max-width: 557px) 100vw, 557px\" \/><\/a><figcaption id=\"caption-attachment-15132\" class=\"wp-caption-text\"><em>Cr\u00e9dito: Polic\u00eda de Entre R\u00edos.<\/em><\/figcaption><\/figure>\n<p>Rutas y caminos que vinculan localidades entrerrianas, y a la provincia de Entre R\u00edos con Corrientes, contin\u00faan cortadas por el desborde de r\u00edos y arroyos; y las malas condiciones clim\u00e1ticas continuar\u00e1n, al menos hasta ma\u00f1ana, seg\u00fan el Servicio Meteorol\u00f3gico Nacional (SMN).\u00a0A excepci\u00f3n de la autopista Mesopotamica Artigas (ex ruta nacional 14), que es el \u00fanico paso habilitado por el momento hacia esa provincia de Corrientes, el resto de la trama vial en el norte entrerriano, est\u00e1 complicada.<\/p>\n<p>Anoche desbord\u00f3 el arroyo Feliciano, provocando el corte de la ruta nacional 12 y la evacuaci\u00f3n de los pobladores de El Quebracho, un paraje rural del noroeste provincial.<\/p>\n<p>La crecida de ese curso oblig\u00f3 a las autoridades de Vialidad a interrumpir el tr\u00e1nsito por esa ruta nacional en inmediaciones del acceso a Santa Elena, otra localidad del departamento Las Paz fuertemente afectada por las lluvias y la creciente del r\u00edo Paran\u00e1, que provocaron desmoronamientos en las barrancas ribere\u00f1as y afectado casas de fines de semana y de residentes permanentes.<\/p>\n<p>En la ruta 12, los t\u00e9cnicos de Vialidad descubrieron una fisura en la estructura del puente que atraviesa el arroyo Feliciano, cerca de Santa Elena, por lo que recomiendan circular con precauci\u00f3n por ese lugar.<\/p>\n<p>La necesidad de habilitar albergues para los afectados por las lluvias oblig\u00f3 al Consejo General de Educaci\u00f3n (CGE) a suspender las clases en los departamentos Federal, Feliciano y La Paz para acondicionar los establecimientos educativos como albergues en caso de que aumenten las evacuaciones en el norte entrerriano.<\/p>\n<p><strong>Asistencia<\/strong><\/p>\n<p>La Polic\u00eda de Entre R\u00edos se encuentra abocada con la utilizaci\u00f3n de recursos humanos, t\u00e9cnicos y log\u00edsticos, en la ayuda y asistencia ante la emergencia h\u00eddrica.<\/p>\n<p>En ese sentido confirm\u00f3 que se asiste a 1.105 personas en el departamento La Paz; a 92 en el departamento Concordia y a 33 en departamento Federal.<\/p>\n<p><strong>Precauci\u00f3n<\/strong><\/p>\n<p>En tanto solicit\u00f3 a la poblaci\u00f3n guardar recaudos para prevenir accidentes y p\u00e9rdida de bienes materiales y seguir los consejos y medidas que tome el personal interviniente, ue se encuentra en la zona.<\/p>\n<p><strong>La situaci\u00f3n de rutas y caminos<\/strong><\/p>\n<ul>\n<li>Ruta Nacional 12 cortada totalmente en los km 571 a 574. Del 632 y 635. Ante esto se encuentra un operativo especial en cruce de rutas nacionales 12 y 127 que ordenan el desv\u00edo por ruta provincial 6.<\/li>\n<li>La comunicaci\u00f3n vial con la vecina provincia de Corrientes se encuentra cortada en los pasos fronterizos de Paso Tel\u00e9grafo por ruta nacional 12 en el departamento La Paz, y en Puente de Hierro por ruta provincial 28 en el departamento Feliciano.<\/li>\n<li>La ruta provincial 22 a la altura de Paso Duarte sobre el r\u00edo Gualeguay en el dpto. Federal se encuentra cortada para tr\u00e1nsito de veh\u00edculos de menor porte.<\/li>\n<li>La ruta provincial 5 a la altura de Paso Birrinch\u00edn sobre el r\u00edo Feliciano se encuentra cortada. <em>(UNO)<\/em><\/li>\n<\/ul>\n","protected":false},"excerpt":{"rendered":"<p>M&aacute;s de 1.100 familias est&aacute;n siendo asistidas en el departamento La Paz; 92 en departamento Concordia y 33 en departamento Federal. Rutas y caminos que vinculan localidades entrerrianas, y a la provincia de Entre R&iacute;os con Corrientes, contin&uacute;an cortadas por el desborde de r&iacute;os y arroyos; y las malas condiciones clim&aacute;ticas continuar&aacute;n, al menos hasta [&hellip;]<\/p>\n","protected":false},"author":2,"featured_media":0,"comment_status":"open","ping_status":"open","sticky":false,"template":"","format":"standard","meta":{"fifu_image_url":"","fifu_image_alt":"","footnotes":""},"categories":[6],"tags":[],"class_list":{"0":"post-15131","1":"post","2":"type-post","3":"status-publish","4":"format-standard","6":"category-entre-rios"},"yoast_head":"<title>Varias localidades contin\u00faan aisladas por caminos y rutas cortados - Informe Litoral<\/title>\n<meta name=\"robots\" content=\"index, follow, max-snippet:-1, max-image-preview:large, max-video-preview:-1\" \/>\n<link rel=\"canonical\" href=\"https:\/\/informelitoral.com.ar\/varias-localidades-continuan-aisladas-por-caminos-y-rutas-cortados\/\" \/>\n<meta property=\"og:locale\" content=\"es_ES\" \/>\n<meta property=\"og:type\" content=\"article\" \/>\n<meta property=\"og:title\" content=\"Varias localidades contin\u00faan aisladas por caminos y rutas cortados - Informe Litoral\" \/>\n<meta property=\"og:description\" content=\"M&aacute;s de 1.100 familias est&aacute;n siendo asistidas en el departamento La Paz; 92 en departamento Concordia y 33 en departamento Federal. Rutas y caminos que vinculan localidades entrerrianas, y a la provincia de Entre R&iacute;os con Corrientes, contin&uacute;an cortadas por el desborde de r&iacute;os y arroyos; y las malas condiciones clim&aacute;ticas continuar&aacute;n, al menos hasta [&hellip;]\" \/>\n<meta property=\"og:url\" content=\"https:\/\/informelitoral.com.ar\/varias-localidades-continuan-aisladas-por-caminos-y-rutas-cortados\/\" \/>\n<meta property=\"og:site_name\" content=\"Informe Litoral\" \/>\n<meta property=\"article:publisher\" content=\"https:\/\/www.facebook.com\/informelitoral\/\" \/>\n<meta property=\"article:published_time\" content=\"2016-04-08T21:37:38+00:00\" \/>\n<meta property=\"article:modified_time\" content=\"2016-04-08T21:40:33+00:00\" \/>\n<meta property=\"og:image\" content=\"https:\/\/informelitoral.com.ar\/%77%70%2d%63%6f%6e%74%65%6e%74\/uploads\/2016\/04\/La-Paz-ante-el-agua.jpg_925051666.jpg\" \/>\n\t<meta property=\"og:image:width\" content=\"789\" \/>\n\t<meta property=\"og:image:height\" content=\"550\" \/>\n\t<meta property=\"og:image:type\" content=\"image\/jpeg\" \/>\n<meta name=\"author\" content=\"Gonzalo Schmidt\" \/>\n<meta name=\"twitter:card\" content=\"summary_large_image\" \/>\n<meta name=\"twitter:creator\" content=\"@InformeLitoral\" \/>\n<meta name=\"twitter:site\" content=\"@InformeLitoral\" \/>\n<meta name=\"twitter:label1\" content=\"Escrito por\" \/>\n\t<meta name=\"twitter:data1\" content=\"Gonzalo Schmidt\" \/>\n\t<meta name=\"twitter:label2\" content=\"Tiempo de lectura\" \/>\n\t<meta name=\"twitter:data2\" content=\"3 minutos\" \/>\n<script type=\"application\/ld+json\" class=\"yoast-schema-graph\">{\"@context\":\"https:\\\/\\\/schema.org\",\"@graph\":[{\"@type\":\"Article\",\"@id\":\"https:\\\/\\\/informelitoral.com.ar\\\/varias-localidades-continuan-aisladas-por-caminos-y-rutas-cortados\\\/#article\",\"isPartOf\":{\"@id\":\"https:\\\/\\\/informelitoral.com.ar\\\/varias-localidades-continuan-aisladas-por-caminos-y-rutas-cortados\\\/\"},\"author\":{\"name\":\"Gonzalo Schmidt\",\"@id\":\"https:\\\/\\\/informelitoral.com.ar\\\/#\\\/schema\\\/person\\\/b9d00407c836482871ef1d57bf8e3180\"},\"headline\":\"Varias localidades contin\u00faan aisladas por caminos y rutas cortados\",\"datePublished\":\"2016-04-08T21:37:38+00:00\",\"dateModified\":\"2016-04-08T21:40:33+00:00\",\"mainEntityOfPage\":{\"@id\":\"https:\\\/\\\/informelitoral.com.ar\\\/varias-localidades-continuan-aisladas-por-caminos-y-rutas-cortados\\\/\"},\"wordCount\":530,\"commentCount\":0,\"publisher\":{\"@id\":\"https:\\\/\\\/informelitoral.com.ar\\\/#organization\"},\"image\":{\"@id\":\"https:\\\/\\\/informelitoral.com.ar\\\/varias-localidades-continuan-aisladas-por-caminos-y-rutas-cortados\\\/#primaryimage\"},\"thumbnailUrl\":\"http:\\\/\\\/www.isletasnoticias.com.ar\\\/%77%70%2d%63%6f%6e%74%65%6e%74\\\/uploads\\\/2016\\\/04\\\/La-Paz-ante-el-agua.jpg_925051666.jpg\",\"articleSection\":[\"Entre R\u00edos\"],\"inLanguage\":\"es\",\"potentialAction\":[{\"@type\":\"CommentAction\",\"name\":\"Comment\",\"target\":[\"https:\\\/\\\/informelitoral.com.ar\\\/varias-localidades-continuan-aisladas-por-caminos-y-rutas-cortados\\\/#respond\"]}]},{\"@type\":\"WebPage\",\"@id\":\"https:\\\/\\\/informelitoral.com.ar\\\/varias-localidades-continuan-aisladas-por-caminos-y-rutas-cortados\\\/\",\"url\":\"https:\\\/\\\/informelitoral.com.ar\\\/varias-localidades-continuan-aisladas-por-caminos-y-rutas-cortados\\\/\",\"name\":\"Varias localidades contin\u00faan aisladas por caminos y rutas cortados - Informe Litoral\",\"isPartOf\":{\"@id\":\"https:\\\/\\\/informelitoral.com.ar\\\/#website\"},\"primaryImageOfPage\":{\"@id\":\"https:\\\/\\\/informelitoral.com.ar\\\/varias-localidades-continuan-aisladas-por-caminos-y-rutas-cortados\\\/#primaryimage\"},\"image\":{\"@id\":\"https:\\\/\\\/informelitoral.com.ar\\\/varias-localidades-continuan-aisladas-por-caminos-y-rutas-cortados\\\/#primaryimage\"},\"thumbnailUrl\":\"http:\\\/\\\/www.isletasnoticias.com.ar\\\/%77%70%2d%63%6f%6e%74%65%6e%74\\\/uploads\\\/2016\\\/04\\\/La-Paz-ante-el-agua.jpg_925051666.jpg\",\"datePublished\":\"2016-04-08T21:37:38+00:00\",\"dateModified\":\"2016-04-08T21:40:33+00:00\",\"breadcrumb\":{\"@id\":\"https:\\\/\\\/informelitoral.com.ar\\\/varias-localidades-continuan-aisladas-por-caminos-y-rutas-cortados\\\/#breadcrumb\"},\"inLanguage\":\"es\",\"potentialAction\":[{\"@type\":\"ReadAction\",\"target\":[\"https:\\\/\\\/informelitoral.com.ar\\\/varias-localidades-continuan-aisladas-por-caminos-y-rutas-cortados\\\/\"]}]},{\"@type\":\"ImageObject\",\"inLanguage\":\"es\",\"@id\":\"https:\\\/\\\/informelitoral.com.ar\\\/varias-localidades-continuan-aisladas-por-caminos-y-rutas-cortados\\\/#primaryimage\",\"url\":\"http:\\\/\\\/www.isletasnoticias.com.ar\\\/%77%70%2d%63%6f%6e%74%65%6e%74\\\/uploads\\\/2016\\\/04\\\/La-Paz-ante-el-agua.jpg_925051666.jpg\",\"contentUrl\":\"http:\\\/\\\/www.isletasnoticias.com.ar\\\/%77%70%2d%63%6f%6e%74%65%6e%74\\\/uploads\\\/2016\\\/04\\\/La-Paz-ante-el-agua.jpg_925051666.jpg\"},{\"@type\":\"BreadcrumbList\",\"@id\":\"https:\\\/\\\/informelitoral.com.ar\\\/varias-localidades-continuan-aisladas-por-caminos-y-rutas-cortados\\\/#breadcrumb\",\"itemListElement\":[{\"@type\":\"ListItem\",\"position\":1,\"name\":\"Portada\",\"item\":\"https:\\\/\\\/informelitoral.com.ar\\\/\"},{\"@type\":\"ListItem\",\"position\":2,\"name\":\"Varias localidades contin\u00faan aisladas por caminos y rutas cortados\"}]},{\"@type\":\"WebSite\",\"@id\":\"https:\\\/\\\/informelitoral.com.ar\\\/#website\",\"url\":\"https:\\\/\\\/informelitoral.com.ar\\\/\",\"name\":\"Informe Litoral\",\"description\":\"&quot;Nos informamos&quot; \",\"publisher\":{\"@id\":\"https:\\\/\\\/informelitoral.com.ar\\\/#organization\"},\"potentialAction\":[{\"@type\":\"SearchAction\",\"target\":{\"@type\":\"EntryPoint\",\"urlTemplate\":\"https:\\\/\\\/informelitoral.com.ar\\\/?s={search_term_string}\"},\"query-input\":{\"@type\":\"PropertyValueSpecification\",\"valueRequired\":true,\"valueName\":\"search_term_string\"}}],\"inLanguage\":\"es\"},{\"@type\":\"Organization\",\"@id\":\"https:\\\/\\\/informelitoral.com.ar\\\/#organization\",\"name\":\"Informe Litoral\",\"url\":\"https:\\\/\\\/informelitoral.com.ar\\\/\",\"logo\":{\"@type\":\"ImageObject\",\"inLanguage\":\"es\",\"@id\":\"https:\\\/\\\/informelitoral.com.ar\\\/#\\\/schema\\\/logo\\\/image\\\/\",\"url\":\"https:\\\/\\\/informelitoral.com.ar\\\/%77%70%2d%63%6f%6e%74%65%6e%74\\\/uploads\\\/2021\\\/01\\\/circulo.png\",\"contentUrl\":\"https:\\\/\\\/informelitoral.com.ar\\\/%77%70%2d%63%6f%6e%74%65%6e%74\\\/uploads\\\/2021\\\/01\\\/circulo.png\",\"width\":723,\"height\":731,\"caption\":\"Informe Litoral\"},\"image\":{\"@id\":\"https:\\\/\\\/informelitoral.com.ar\\\/#\\\/schema\\\/logo\\\/image\\\/\"},\"sameAs\":[\"https:\\\/\\\/www.facebook.com\\\/informelitoral\\\/\",\"https:\\\/\\\/x.com\\\/InformeLitoral\",\"https:\\\/\\\/www.instagram.com\\\/informelitoral\\\/\",\"https:\\\/\\\/www.youtube.com\\\/channel\\\/UCua4Qvz8Icb6MYqhoq9xLXw\"]},{\"@type\":\"Person\",\"@id\":\"https:\\\/\\\/informelitoral.com.ar\\\/#\\\/schema\\\/person\\\/b9d00407c836482871ef1d57bf8e3180\",\"name\":\"Gonzalo Schmidt\",\"image\":{\"@type\":\"ImageObject\",\"inLanguage\":\"es\",\"@id\":\"https:\\\/\\\/secure.gravatar.com\\\/avatar\\\/31a1a7b66ff2de83bd0e9fd79d026630d2d99e55e8bfe501287647b4fd9743de?s=96&d=mm&r=g\",\"url\":\"https:\\\/\\\/secure.gravatar.com\\\/avatar\\\/31a1a7b66ff2de83bd0e9fd79d026630d2d99e55e8bfe501287647b4fd9743de?s=96&d=mm&r=g\",\"contentUrl\":\"https:\\\/\\\/secure.gravatar.com\\\/avatar\\\/31a1a7b66ff2de83bd0e9fd79d026630d2d99e55e8bfe501287647b4fd9743de?s=96&d=mm&r=g\",\"caption\":\"Gonzalo Schmidt\"},\"description\":\"Sitio web de noticias de la provincia de Entre R\u00edos, Argentina. Informaci\u00f3n y entretenimiento. Informe Litoral, nos informamos.\",\"sameAs\":[\"http:\\\/\\\/www.isletasnoticias.com.ar\"],\"url\":\"https:\\\/\\\/informelitoral.com.ar\\\/author\\\/gonzalo\\\/\"}]}<\/script>","yoast_head_json":{"title":"Varias localidades contin\u00faan aisladas por caminos y rutas cortados - Informe Litoral","robots":{"index":"index","follow":"follow","max-snippet":"max-snippet:-1","max-image-preview":"max-image-preview:large","max-video-preview":"max-video-preview:-1"},"canonical":"https:\/\/informelitoral.com.ar\/varias-localidades-continuan-aisladas-por-caminos-y-rutas-cortados\/","og_locale":"es_ES","og_type":"article","og_title":"Varias localidades contin\u00faan aisladas por caminos y rutas cortados - Informe Litoral","og_description":"M&aacute;s de 1.100 familias est&aacute;n siendo asistidas en el departamento La Paz; 92 en departamento Concordia y 33 en departamento Federal. Rutas y caminos que vinculan localidades entrerrianas, y a la provincia de Entre R&iacute;os con Corrientes, contin&uacute;an cortadas por el desborde de r&iacute;os y arroyos; y las malas condiciones clim&aacute;ticas continuar&aacute;n, al menos hasta [&hellip;]","og_url":"https:\/\/informelitoral.com.ar\/varias-localidades-continuan-aisladas-por-caminos-y-rutas-cortados\/","og_site_name":"Informe Litoral","article_publisher":"https:\/\/www.facebook.com\/informelitoral\/","article_published_time":"2016-04-08T21:37:38+00:00","article_modified_time":"2016-04-08T21:40:33+00:00","og_image":[{"width":789,"height":550,"url":"https:\/\/informelitoral.com.ar\/%77%70%2d%63%6f%6e%74%65%6e%74\/uploads\/2016\/04\/La-Paz-ante-el-agua.jpg_925051666.jpg","type":"image\/jpeg"}],"author":"Gonzalo Schmidt","twitter_card":"summary_large_image","twitter_creator":"@InformeLitoral","twitter_site":"@InformeLitoral","twitter_misc":{"Escrito por":"Gonzalo Schmidt","Tiempo de lectura":"3 minutos"},"schema":{"@context":"https:\/\/schema.org","@graph":[{"@type":"Article","@id":"https:\/\/informelitoral.com.ar\/varias-localidades-continuan-aisladas-por-caminos-y-rutas-cortados\/#article","isPartOf":{"@id":"https:\/\/informelitoral.com.ar\/varias-localidades-continuan-aisladas-por-caminos-y-rutas-cortados\/"},"author":{"name":"Gonzalo Schmidt","@id":"https:\/\/informelitoral.com.ar\/#\/schema\/person\/b9d00407c836482871ef1d57bf8e3180"},"headline":"Varias localidades contin\u00faan aisladas por caminos y rutas cortados","datePublished":"2016-04-08T21:37:38+00:00","dateModified":"2016-04-08T21:40:33+00:00","mainEntityOfPage":{"@id":"https:\/\/informelitoral.com.ar\/varias-localidades-continuan-aisladas-por-caminos-y-rutas-cortados\/"},"wordCount":530,"commentCount":0,"publisher":{"@id":"https:\/\/informelitoral.com.ar\/#organization"},"image":{"@id":"https:\/\/informelitoral.com.ar\/varias-localidades-continuan-aisladas-por-caminos-y-rutas-cortados\/#primaryimage"},"thumbnailUrl":"http:\/\/www.isletasnoticias.com.ar\/%77%70%2d%63%6f%6e%74%65%6e%74\/uploads\/2016\/04\/La-Paz-ante-el-agua.jpg_925051666.jpg","articleSection":["Entre R\u00edos"],"inLanguage":"es","potentialAction":[{"@type":"CommentAction","name":"Comment","target":["https:\/\/informelitoral.com.ar\/varias-localidades-continuan-aisladas-por-caminos-y-rutas-cortados\/#respond"]}]},{"@type":"WebPage","@id":"https:\/\/informelitoral.com.ar\/varias-localidades-continuan-aisladas-por-caminos-y-rutas-cortados\/","url":"https:\/\/informelitoral.com.ar\/varias-localidades-continuan-aisladas-por-caminos-y-rutas-cortados\/","name":"Varias localidades contin\u00faan aisladas por caminos y rutas cortados - Informe Litoral","isPartOf":{"@id":"https:\/\/informelitoral.com.ar\/#website"},"primaryImageOfPage":{"@id":"https:\/\/informelitoral.com.ar\/varias-localidades-continuan-aisladas-por-caminos-y-rutas-cortados\/#primaryimage"},"image":{"@id":"https:\/\/informelitoral.com.ar\/varias-localidades-continuan-aisladas-por-caminos-y-rutas-cortados\/#primaryimage"},"thumbnailUrl":"http:\/\/www.isletasnoticias.com.ar\/%77%70%2d%63%6f%6e%74%65%6e%74\/uploads\/2016\/04\/La-Paz-ante-el-agua.jpg_925051666.jpg","datePublished":"2016-04-08T21:37:38+00:00","dateModified":"2016-04-08T21:40:33+00:00","breadcrumb":{"@id":"https:\/\/informelitoral.com.ar\/varias-localidades-continuan-aisladas-por-caminos-y-rutas-cortados\/#breadcrumb"},"inLanguage":"es","potentialAction":[{"@type":"ReadAction","target":["https:\/\/informelitoral.com.ar\/varias-localidades-continuan-aisladas-por-caminos-y-rutas-cortados\/"]}]},{"@type":"ImageObject","inLanguage":"es","@id":"https:\/\/informelitoral.com.ar\/varias-localidades-continuan-aisladas-por-caminos-y-rutas-cortados\/#primaryimage","url":"http:\/\/www.isletasnoticias.com.ar\/%77%70%2d%63%6f%6e%74%65%6e%74\/uploads\/2016\/04\/La-Paz-ante-el-agua.jpg_925051666.jpg","contentUrl":"http:\/\/www.isletasnoticias.com.ar\/%77%70%2d%63%6f%6e%74%65%6e%74\/uploads\/2016\/04\/La-Paz-ante-el-agua.jpg_925051666.jpg"},{"@type":"BreadcrumbList","@id":"https:\/\/informelitoral.com.ar\/varias-localidades-continuan-aisladas-por-caminos-y-rutas-cortados\/#breadcrumb","itemListElement":[{"@type":"ListItem","position":1,"name":"Portada","item":"https:\/\/informelitoral.com.ar\/"},{"@type":"ListItem","position":2,"name":"Varias localidades contin\u00faan aisladas por caminos y rutas cortados"}]},{"@type":"WebSite","@id":"https:\/\/informelitoral.com.ar\/#website","url":"https:\/\/informelitoral.com.ar\/","name":"Informe Litoral","description":"&quot;Nos informamos&quot; ","publisher":{"@id":"https:\/\/informelitoral.com.ar\/#organization"},"potentialAction":[{"@type":"SearchAction","target":{"@type":"EntryPoint","urlTemplate":"https:\/\/informelitoral.com.ar\/?s={search_term_string}"},"query-input":{"@type":"PropertyValueSpecification","valueRequired":true,"valueName":"search_term_string"}}],"inLanguage":"es"},{"@type":"Organization","@id":"https:\/\/informelitoral.com.ar\/#organization","name":"Informe Litoral","url":"https:\/\/informelitoral.com.ar\/","logo":{"@type":"ImageObject","inLanguage":"es","@id":"https:\/\/informelitoral.com.ar\/#\/schema\/logo\/image\/","url":"https:\/\/informelitoral.com.ar\/%77%70%2d%63%6f%6e%74%65%6e%74\/uploads\/2021\/01\/circulo.png","contentUrl":"https:\/\/informelitoral.com.ar\/%77%70%2d%63%6f%6e%74%65%6e%74\/uploads\/2021\/01\/circulo.png","width":723,"height":731,"caption":"Informe Litoral"},"image":{"@id":"https:\/\/informelitoral.com.ar\/#\/schema\/logo\/image\/"},"sameAs":["https:\/\/www.facebook.com\/informelitoral\/","https:\/\/x.com\/InformeLitoral","https:\/\/www.instagram.com\/informelitoral\/","https:\/\/www.youtube.com\/channel\/UCua4Qvz8Icb6MYqhoq9xLXw"]},{"@type":"Person","@id":"https:\/\/informelitoral.com.ar\/#\/schema\/person\/b9d00407c836482871ef1d57bf8e3180","name":"Gonzalo Schmidt","image":{"@type":"ImageObject","inLanguage":"es","@id":"https:\/\/secure.gravatar.com\/avatar\/31a1a7b66ff2de83bd0e9fd79d026630d2d99e55e8bfe501287647b4fd9743de?s=96&d=mm&r=g","url":"https:\/\/secure.gravatar.com\/avatar\/31a1a7b66ff2de83bd0e9fd79d026630d2d99e55e8bfe501287647b4fd9743de?s=96&d=mm&r=g","contentUrl":"https:\/\/secure.gravatar.com\/avatar\/31a1a7b66ff2de83bd0e9fd79d026630d2d99e55e8bfe501287647b4fd9743de?s=96&d=mm&r=g","caption":"Gonzalo Schmidt"},"description":"Sitio web de noticias de la provincia de Entre R\u00edos, Argentina. Informaci\u00f3n y entretenimiento. Informe Litoral, nos informamos.","sameAs":["http:\/\/www.isletasnoticias.com.ar"],"url":"https:\/\/informelitoral.com.ar\/author\/gonzalo\/"}]}},"_links":{"self":[{"href":"https:\/\/informelitoral.com.ar\/%77%70%2d%6a%73%6f%6e\/wp\/v2\/posts\/15131","targetHints":{"allow":["GET"]}}],"collection":[{"href":"https:\/\/informelitoral.com.ar\/%77%70%2d%6a%73%6f%6e\/wp\/v2\/posts"}],"about":[{"href":"https:\/\/informelitoral.com.ar\/%77%70%2d%6a%73%6f%6e\/wp\/v2\/types\/post"}],"author":[{"embeddable":true,"href":"https:\/\/informelitoral.com.ar\/%77%70%2d%6a%73%6f%6e\/wp\/v2\/users\/2"}],"replies":[{"embeddable":true,"href":"https:\/\/informelitoral.com.ar\/%77%70%2d%6a%73%6f%6e\/wp\/v2\/comments?post=15131"}],"version-history":[{"count":0,"href":"https:\/\/informelitoral.com.ar\/%77%70%2d%6a%73%6f%6e\/wp\/v2\/posts\/15131\/revisions"}],"wp:attachment":[{"href":"https:\/\/informelitoral.com.ar\/%77%70%2d%6a%73%6f%6e\/wp\/v2\/media?parent=15131"}],"wp:term":[{"taxonomy":"category","embeddable":true,"href":"https:\/\/informelitoral.com.ar\/%77%70%2d%6a%73%6f%6e\/wp\/v2\/categories?post=15131"},{"taxonomy":"post_tag","embeddable":true,"href":"https:\/\/informelitoral.com.ar\/%77%70%2d%6a%73%6f%6e\/wp\/v2\/tags?post=15131"}],"curies":[{"name":"wp","href":"https:\/\/api.w.org\/{rel}","templated":true}]}}