{"id":14968,"date":"2016-04-04T15:04:44","date_gmt":"2016-04-04T18:04:44","guid":{"rendered":"http:\/\/www.isletasnoticias.com.ar\/?p=14968"},"modified":"2016-04-04T15:09:10","modified_gmt":"2016-04-04T18:09:10","slug":"elisa-carrio-mauricio-macri-debe-presentar-las-pruebas-de-sus-dichos","status":"publish","type":"post","link":"https:\/\/informelitoral.com.ar\/elisa-carrio-mauricio-macri-debe-presentar-las-pruebas-de-sus-dichos\/","title":{"rendered":"Elisa Carri\u00f3: \u00abMauricio Macri debe presentar las pruebas de sus dichos\u00bb"},"content":{"rendered":"<p><strong>La diputada nacional de Cambiemos pidi\u00f3 que su aliado, el Presidente de la Naci\u00f3n, d\u00e9 explicaciones por el esc\u00e1ndalo de las filtraciones en Panam\u00e1.<a href=\"http:\/\/www.isletasnoticias.com.ar\/%77%70%2d%63%6f%6e%74%65%6e%74\/uploads\/2016\/04\/0014423978.jpg\" rel=\"attachment wp-att-14969\"><img loading=\"lazy\" decoding=\"async\" class=\"aligncenter wp-image-14969 size-full\" src=\"http:\/\/www.isletasnoticias.com.ar\/%77%70%2d%63%6f%6e%74%65%6e%74\/uploads\/2016\/04\/0014423978.jpg\" alt=\"0014423978\" width=\"770\" height=\"433\" srcset=\"https:\/\/informelitoral.com.ar\/%77%70%2d%63%6f%6e%74%65%6e%74\/uploads\/2016\/04\/0014423978.jpg 770w, https:\/\/informelitoral.com.ar\/%77%70%2d%63%6f%6e%74%65%6e%74\/uploads\/2016\/04\/0014423978-300x169.jpg 300w, https:\/\/informelitoral.com.ar\/%77%70%2d%63%6f%6e%74%65%6e%74\/uploads\/2016\/04\/0014423978-768x432.jpg 768w\" sizes=\"auto, (max-width: 770px) 100vw, 770px\" \/><\/a><\/strong><\/p>\n<div><strong>Elisa Carri\u00f3<\/strong> se transform\u00f3 este lunes en la primera dirigente de Cambiemos en pedirle al presidente<strong> Mauricio Macri<\/strong> que d\u00e9 explicaciones por las filtraciones de #PanamaPapers. Con esta declaraci\u00f3n, \u00abLilita\u00bb volvi\u00f3 a generar tensi\u00f3n en el seno de la alianza gobernante, luego de los cruces de la semana pasada.<\/p>\n<p>La diputada nacional volvi\u00f3 a elegir las redes sociales\u00a0Twitter\u00a0y Facebook para hablar sobre uno de los temas que conmovi\u00f3 a la clase pol\u00edtica mundial. Por ese medio, la semana pasada hab\u00eda criticado los ajustes en las tarifas de gas, agua, telefon\u00eda y transporte.<br \/>\nLa fundadora del ARI y la Coalici\u00f3n C\u00edvica record\u00f3 que hace 15 a\u00f1os se hab\u00eda formado una comisi\u00f3n en el Congreso para investigar las sociedades offshore de la Argentina. De aquel trabajo surgieron vinculaciones con el estudio de abogados Mossack Fonseca, cuyas filtraciones originaron el esc\u00e1ndalo, public\u00f3<em> Infobae.com.<\/em><\/p>\n<p>De acuerdo con los documentos analizados por m\u00e1s de 300 integrantes del Consejo Internacional de Periodistas de Investigaci\u00f3n (ICIJ), entre ellos los argentinos Hugo Alconada Mon, Maia Jastreblansky, Iv\u00e1n Ruiz y Mariel Fitz Patrick, el presidente Macri form\u00f3 parte del directorio de una sociedad offshore.<\/p><\/div>\n<div><\/div>\n<div><\/div>\n<div><strong>El posteo de Carri\u00f3 en Facebook:<\/strong><\/div>\n<div>\n<p><em>La primera investigaci\u00f3n sobre Lavado de Dinero proveniente del delito se realiz\u00f3 en el seno de la C\u00e1mara de Diputados de la Naci\u00f3n en la Comisi\u00f3n Especial sobre hechos il\u00edcitos vinculados al Lavado de Dinero, que presid\u00ed entre agosto y diciembre de 2001.<\/em><\/p>\n<p><em>2) Sobre la base de esa experiencia, es muy bueno para el mundo que toda esta informaci\u00f3n se de a conocer. <strong>El Presidente Mauricio Macri, que proviene de una familia de empresarios y \u00e9l mismo lo ha sido, debe probar sus dichos.<\/strong><\/em><\/p>\n<p><em>3) En el caso de Daniel Mu\u00f1\u00f3z, que fue Secretario Privado del matrimonio Kirchner y que fue el portador de los bolsos repletos de dinero que el ex Presidente recib\u00eda, se trata lisa y llanamente de dinero proveniente de la corrupci\u00f3n pol\u00edtica. Esto fue denunciado por Mariana Zuvic y por mi en una causa que fue cerrada por el Juez Bonad\u00edo. De la misma manera, hemos denunciado al titular de la Unidad de Investigaci\u00f3n Financiera durante el kirhnerismo, Jos\u00e9 Sbatella.<\/em><\/p>\n<p><em>4) El Estudio arm\u00f3 a pedido de Helvetic 148 empresas fantasmas en Nevada y puso como administradora a Aldyne, que est\u00e1 ubicada en las Islas Seychelles. Los \u00bb beneficials owners\u00bb de Aldyne son Jorge Galitis y Edgardo Levita. Galitis es socio en Desarrollos Maip\u00fa de Daniel Angelici.<\/em><\/p>\n<p><em>5) Para aportar informaci\u00f3n, deber\u00eda declarar N\u00e9stor Ramos, qui\u00e9n todav\u00eda no fue indagado por el Juez Cassanello, como parte de la ruta del dinero K.<\/em><\/p>\n<p><em>6) la situaci\u00f3n de N\u00e9stor Grindetti es inexplicable.<\/em><\/p>\n<p><em>7) Hasta tal punto la informaci\u00f3n que se ha conocido en las \u00faltimas horas es importante que el estudio Mossack Fonseca canalizaba la ruta del dinero proveniente de la droga del General Noriega, tal como lo investigamos en la Comisi\u00f3n de Lavado hace 16 a\u00f1os.<\/em><\/p>\n<\/div>\n","protected":false},"excerpt":{"rendered":"<p>La diputada nacional de Cambiemos pidi&oacute; que su aliado, el Presidente de la Naci&oacute;n, d&eacute; explicaciones por el esc&aacute;ndalo de las filtraciones en Panam&aacute;. Elisa Carri&oacute; se transform&oacute; este lunes en la primera dirigente de Cambiemos en pedirle al presidente Mauricio Macri que d&eacute; explicaciones por las filtraciones de #PanamaPapers. Con esta declaraci&oacute;n, &laquo;Lilita&raquo; volvi&oacute; [&hellip;]<\/p>\n","protected":false},"author":2,"featured_media":0,"comment_status":"open","ping_status":"open","sticky":false,"template":"","format":"standard","meta":{"fifu_image_url":"","fifu_image_alt":"","footnotes":""},"categories":[7,16],"tags":[],"class_list":{"0":"post-14968","1":"post","2":"type-post","3":"status-publish","4":"format-standard","6":"category-nacionales","7":"category-politi"},"yoast_head":"<title>Elisa Carri\u00f3: &quot;Mauricio Macri debe presentar las pruebas de sus dichos&quot; - Informe Litoral<\/title>\n<meta name=\"robots\" content=\"index, follow, max-snippet:-1, max-image-preview:large, max-video-preview:-1\" \/>\n<link rel=\"canonical\" href=\"https:\/\/informelitoral.com.ar\/elisa-carrio-mauricio-macri-debe-presentar-las-pruebas-de-sus-dichos\/\" \/>\n<meta property=\"og:locale\" content=\"es_ES\" \/>\n<meta property=\"og:type\" content=\"article\" \/>\n<meta property=\"og:title\" content=\"Elisa Carri\u00f3: &quot;Mauricio Macri debe presentar las pruebas de sus dichos&quot; - Informe Litoral\" \/>\n<meta property=\"og:description\" content=\"La diputada nacional de Cambiemos pidi&oacute; que su aliado, el Presidente de la Naci&oacute;n, d&eacute; explicaciones por el esc&aacute;ndalo de las filtraciones en Panam&aacute;. Elisa Carri&oacute; se transform&oacute; este lunes en la primera dirigente de Cambiemos en pedirle al presidente Mauricio Macri que d&eacute; explicaciones por las filtraciones de #PanamaPapers. Con esta declaraci&oacute;n, &laquo;Lilita&raquo; volvi&oacute; [&hellip;]\" \/>\n<meta property=\"og:url\" content=\"https:\/\/informelitoral.com.ar\/elisa-carrio-mauricio-macri-debe-presentar-las-pruebas-de-sus-dichos\/\" \/>\n<meta property=\"og:site_name\" content=\"Informe Litoral\" \/>\n<meta property=\"article:publisher\" content=\"https:\/\/www.facebook.com\/informelitoral\/\" \/>\n<meta property=\"article:published_time\" content=\"2016-04-04T18:04:44+00:00\" \/>\n<meta property=\"article:modified_time\" content=\"2016-04-04T18:09:10+00:00\" \/>\n<meta property=\"og:image\" content=\"https:\/\/informelitoral.com.ar\/%77%70%2d%63%6f%6e%74%65%6e%74\/uploads\/2016\/04\/0014423978.jpg\" \/>\n\t<meta property=\"og:image:width\" content=\"770\" \/>\n\t<meta property=\"og:image:height\" content=\"433\" \/>\n\t<meta property=\"og:image:type\" content=\"image\/jpeg\" \/>\n<meta name=\"author\" content=\"Gonzalo Schmidt\" \/>\n<meta name=\"twitter:card\" content=\"summary_large_image\" \/>\n<meta name=\"twitter:creator\" content=\"@InformeLitoral\" \/>\n<meta name=\"twitter:site\" content=\"@InformeLitoral\" \/>\n<meta name=\"twitter:label1\" content=\"Escrito por\" \/>\n\t<meta name=\"twitter:data1\" content=\"Gonzalo Schmidt\" \/>\n\t<meta name=\"twitter:label2\" content=\"Tiempo de lectura\" \/>\n\t<meta name=\"twitter:data2\" content=\"3 minutos\" \/>\n<script type=\"application\/ld+json\" class=\"yoast-schema-graph\">{\"@context\":\"https:\\\/\\\/schema.org\",\"@graph\":[{\"@type\":\"Article\",\"@id\":\"https:\\\/\\\/informelitoral.com.ar\\\/elisa-carrio-mauricio-macri-debe-presentar-las-pruebas-de-sus-dichos\\\/#article\",\"isPartOf\":{\"@id\":\"https:\\\/\\\/informelitoral.com.ar\\\/elisa-carrio-mauricio-macri-debe-presentar-las-pruebas-de-sus-dichos\\\/\"},\"author\":{\"name\":\"Gonzalo Schmidt\",\"@id\":\"https:\\\/\\\/informelitoral.com.ar\\\/#\\\/schema\\\/person\\\/b9d00407c836482871ef1d57bf8e3180\"},\"headline\":\"Elisa Carri\u00f3: \u00abMauricio Macri debe presentar las pruebas de sus dichos\u00bb\",\"datePublished\":\"2016-04-04T18:04:44+00:00\",\"dateModified\":\"2016-04-04T18:09:10+00:00\",\"mainEntityOfPage\":{\"@id\":\"https:\\\/\\\/informelitoral.com.ar\\\/elisa-carrio-mauricio-macri-debe-presentar-las-pruebas-de-sus-dichos\\\/\"},\"wordCount\":545,\"commentCount\":0,\"publisher\":{\"@id\":\"https:\\\/\\\/informelitoral.com.ar\\\/#organization\"},\"image\":{\"@id\":\"https:\\\/\\\/informelitoral.com.ar\\\/elisa-carrio-mauricio-macri-debe-presentar-las-pruebas-de-sus-dichos\\\/#primaryimage\"},\"thumbnailUrl\":\"http:\\\/\\\/www.isletasnoticias.com.ar\\\/%77%70%2d%63%6f%6e%74%65%6e%74\\\/uploads\\\/2016\\\/04\\\/0014423978.jpg\",\"articleSection\":[\"Nacionales\",\"Politica\"],\"inLanguage\":\"es\",\"potentialAction\":[{\"@type\":\"CommentAction\",\"name\":\"Comment\",\"target\":[\"https:\\\/\\\/informelitoral.com.ar\\\/elisa-carrio-mauricio-macri-debe-presentar-las-pruebas-de-sus-dichos\\\/#respond\"]}]},{\"@type\":\"WebPage\",\"@id\":\"https:\\\/\\\/informelitoral.com.ar\\\/elisa-carrio-mauricio-macri-debe-presentar-las-pruebas-de-sus-dichos\\\/\",\"url\":\"https:\\\/\\\/informelitoral.com.ar\\\/elisa-carrio-mauricio-macri-debe-presentar-las-pruebas-de-sus-dichos\\\/\",\"name\":\"Elisa Carri\u00f3: \\\"Mauricio Macri debe presentar las pruebas de sus dichos\\\" - Informe Litoral\",\"isPartOf\":{\"@id\":\"https:\\\/\\\/informelitoral.com.ar\\\/#website\"},\"primaryImageOfPage\":{\"@id\":\"https:\\\/\\\/informelitoral.com.ar\\\/elisa-carrio-mauricio-macri-debe-presentar-las-pruebas-de-sus-dichos\\\/#primaryimage\"},\"image\":{\"@id\":\"https:\\\/\\\/informelitoral.com.ar\\\/elisa-carrio-mauricio-macri-debe-presentar-las-pruebas-de-sus-dichos\\\/#primaryimage\"},\"thumbnailUrl\":\"http:\\\/\\\/www.isletasnoticias.com.ar\\\/%77%70%2d%63%6f%6e%74%65%6e%74\\\/uploads\\\/2016\\\/04\\\/0014423978.jpg\",\"datePublished\":\"2016-04-04T18:04:44+00:00\",\"dateModified\":\"2016-04-04T18:09:10+00:00\",\"breadcrumb\":{\"@id\":\"https:\\\/\\\/informelitoral.com.ar\\\/elisa-carrio-mauricio-macri-debe-presentar-las-pruebas-de-sus-dichos\\\/#breadcrumb\"},\"inLanguage\":\"es\",\"potentialAction\":[{\"@type\":\"ReadAction\",\"target\":[\"https:\\\/\\\/informelitoral.com.ar\\\/elisa-carrio-mauricio-macri-debe-presentar-las-pruebas-de-sus-dichos\\\/\"]}]},{\"@type\":\"ImageObject\",\"inLanguage\":\"es\",\"@id\":\"https:\\\/\\\/informelitoral.com.ar\\\/elisa-carrio-mauricio-macri-debe-presentar-las-pruebas-de-sus-dichos\\\/#primaryimage\",\"url\":\"http:\\\/\\\/www.isletasnoticias.com.ar\\\/%77%70%2d%63%6f%6e%74%65%6e%74\\\/uploads\\\/2016\\\/04\\\/0014423978.jpg\",\"contentUrl\":\"http:\\\/\\\/www.isletasnoticias.com.ar\\\/%77%70%2d%63%6f%6e%74%65%6e%74\\\/uploads\\\/2016\\\/04\\\/0014423978.jpg\"},{\"@type\":\"BreadcrumbList\",\"@id\":\"https:\\\/\\\/informelitoral.com.ar\\\/elisa-carrio-mauricio-macri-debe-presentar-las-pruebas-de-sus-dichos\\\/#breadcrumb\",\"itemListElement\":[{\"@type\":\"ListItem\",\"position\":1,\"name\":\"Portada\",\"item\":\"https:\\\/\\\/informelitoral.com.ar\\\/\"},{\"@type\":\"ListItem\",\"position\":2,\"name\":\"Elisa Carri\u00f3: \u00abMauricio Macri debe presentar las pruebas de sus dichos\u00bb\"}]},{\"@type\":\"WebSite\",\"@id\":\"https:\\\/\\\/informelitoral.com.ar\\\/#website\",\"url\":\"https:\\\/\\\/informelitoral.com.ar\\\/\",\"name\":\"Informe Litoral\",\"description\":\"&quot;Nos informamos&quot; \",\"publisher\":{\"@id\":\"https:\\\/\\\/informelitoral.com.ar\\\/#organization\"},\"potentialAction\":[{\"@type\":\"SearchAction\",\"target\":{\"@type\":\"EntryPoint\",\"urlTemplate\":\"https:\\\/\\\/informelitoral.com.ar\\\/?s={search_term_string}\"},\"query-input\":{\"@type\":\"PropertyValueSpecification\",\"valueRequired\":true,\"valueName\":\"search_term_string\"}}],\"inLanguage\":\"es\"},{\"@type\":\"Organization\",\"@id\":\"https:\\\/\\\/informelitoral.com.ar\\\/#organization\",\"name\":\"Informe Litoral\",\"url\":\"https:\\\/\\\/informelitoral.com.ar\\\/\",\"logo\":{\"@type\":\"ImageObject\",\"inLanguage\":\"es\",\"@id\":\"https:\\\/\\\/informelitoral.com.ar\\\/#\\\/schema\\\/logo\\\/image\\\/\",\"url\":\"https:\\\/\\\/informelitoral.com.ar\\\/%77%70%2d%63%6f%6e%74%65%6e%74\\\/uploads\\\/2021\\\/01\\\/circulo.png\",\"contentUrl\":\"https:\\\/\\\/informelitoral.com.ar\\\/%77%70%2d%63%6f%6e%74%65%6e%74\\\/uploads\\\/2021\\\/01\\\/circulo.png\",\"width\":723,\"height\":731,\"caption\":\"Informe Litoral\"},\"image\":{\"@id\":\"https:\\\/\\\/informelitoral.com.ar\\\/#\\\/schema\\\/logo\\\/image\\\/\"},\"sameAs\":[\"https:\\\/\\\/www.facebook.com\\\/informelitoral\\\/\",\"https:\\\/\\\/x.com\\\/InformeLitoral\",\"https:\\\/\\\/www.instagram.com\\\/informelitoral\\\/\",\"https:\\\/\\\/www.youtube.com\\\/channel\\\/UCua4Qvz8Icb6MYqhoq9xLXw\"]},{\"@type\":\"Person\",\"@id\":\"https:\\\/\\\/informelitoral.com.ar\\\/#\\\/schema\\\/person\\\/b9d00407c836482871ef1d57bf8e3180\",\"name\":\"Gonzalo Schmidt\",\"image\":{\"@type\":\"ImageObject\",\"inLanguage\":\"es\",\"@id\":\"https:\\\/\\\/secure.gravatar.com\\\/avatar\\\/31a1a7b66ff2de83bd0e9fd79d026630d2d99e55e8bfe501287647b4fd9743de?s=96&d=mm&r=g\",\"url\":\"https:\\\/\\\/secure.gravatar.com\\\/avatar\\\/31a1a7b66ff2de83bd0e9fd79d026630d2d99e55e8bfe501287647b4fd9743de?s=96&d=mm&r=g\",\"contentUrl\":\"https:\\\/\\\/secure.gravatar.com\\\/avatar\\\/31a1a7b66ff2de83bd0e9fd79d026630d2d99e55e8bfe501287647b4fd9743de?s=96&d=mm&r=g\",\"caption\":\"Gonzalo Schmidt\"},\"description\":\"Sitio web de noticias de la provincia de Entre R\u00edos, Argentina. Informaci\u00f3n y entretenimiento. Informe Litoral, nos informamos.\",\"sameAs\":[\"http:\\\/\\\/www.isletasnoticias.com.ar\"],\"url\":\"https:\\\/\\\/informelitoral.com.ar\\\/author\\\/gonzalo\\\/\"}]}<\/script>","yoast_head_json":{"title":"Elisa Carri\u00f3: \"Mauricio Macri debe presentar las pruebas de sus dichos\" - Informe Litoral","robots":{"index":"index","follow":"follow","max-snippet":"max-snippet:-1","max-image-preview":"max-image-preview:large","max-video-preview":"max-video-preview:-1"},"canonical":"https:\/\/informelitoral.com.ar\/elisa-carrio-mauricio-macri-debe-presentar-las-pruebas-de-sus-dichos\/","og_locale":"es_ES","og_type":"article","og_title":"Elisa Carri\u00f3: \"Mauricio Macri debe presentar las pruebas de sus dichos\" - Informe Litoral","og_description":"La diputada nacional de Cambiemos pidi&oacute; que su aliado, el Presidente de la Naci&oacute;n, d&eacute; explicaciones por el esc&aacute;ndalo de las filtraciones en Panam&aacute;. Elisa Carri&oacute; se transform&oacute; este lunes en la primera dirigente de Cambiemos en pedirle al presidente Mauricio Macri que d&eacute; explicaciones por las filtraciones de #PanamaPapers. Con esta declaraci&oacute;n, &laquo;Lilita&raquo; volvi&oacute; [&hellip;]","og_url":"https:\/\/informelitoral.com.ar\/elisa-carrio-mauricio-macri-debe-presentar-las-pruebas-de-sus-dichos\/","og_site_name":"Informe Litoral","article_publisher":"https:\/\/www.facebook.com\/informelitoral\/","article_published_time":"2016-04-04T18:04:44+00:00","article_modified_time":"2016-04-04T18:09:10+00:00","og_image":[{"width":770,"height":433,"url":"https:\/\/informelitoral.com.ar\/%77%70%2d%63%6f%6e%74%65%6e%74\/uploads\/2016\/04\/0014423978.jpg","type":"image\/jpeg"}],"author":"Gonzalo Schmidt","twitter_card":"summary_large_image","twitter_creator":"@InformeLitoral","twitter_site":"@InformeLitoral","twitter_misc":{"Escrito por":"Gonzalo Schmidt","Tiempo de lectura":"3 minutos"},"schema":{"@context":"https:\/\/schema.org","@graph":[{"@type":"Article","@id":"https:\/\/informelitoral.com.ar\/elisa-carrio-mauricio-macri-debe-presentar-las-pruebas-de-sus-dichos\/#article","isPartOf":{"@id":"https:\/\/informelitoral.com.ar\/elisa-carrio-mauricio-macri-debe-presentar-las-pruebas-de-sus-dichos\/"},"author":{"name":"Gonzalo Schmidt","@id":"https:\/\/informelitoral.com.ar\/#\/schema\/person\/b9d00407c836482871ef1d57bf8e3180"},"headline":"Elisa Carri\u00f3: \u00abMauricio Macri debe presentar las pruebas de sus dichos\u00bb","datePublished":"2016-04-04T18:04:44+00:00","dateModified":"2016-04-04T18:09:10+00:00","mainEntityOfPage":{"@id":"https:\/\/informelitoral.com.ar\/elisa-carrio-mauricio-macri-debe-presentar-las-pruebas-de-sus-dichos\/"},"wordCount":545,"commentCount":0,"publisher":{"@id":"https:\/\/informelitoral.com.ar\/#organization"},"image":{"@id":"https:\/\/informelitoral.com.ar\/elisa-carrio-mauricio-macri-debe-presentar-las-pruebas-de-sus-dichos\/#primaryimage"},"thumbnailUrl":"http:\/\/www.isletasnoticias.com.ar\/%77%70%2d%63%6f%6e%74%65%6e%74\/uploads\/2016\/04\/0014423978.jpg","articleSection":["Nacionales","Politica"],"inLanguage":"es","potentialAction":[{"@type":"CommentAction","name":"Comment","target":["https:\/\/informelitoral.com.ar\/elisa-carrio-mauricio-macri-debe-presentar-las-pruebas-de-sus-dichos\/#respond"]}]},{"@type":"WebPage","@id":"https:\/\/informelitoral.com.ar\/elisa-carrio-mauricio-macri-debe-presentar-las-pruebas-de-sus-dichos\/","url":"https:\/\/informelitoral.com.ar\/elisa-carrio-mauricio-macri-debe-presentar-las-pruebas-de-sus-dichos\/","name":"Elisa Carri\u00f3: \"Mauricio Macri debe presentar las pruebas de sus dichos\" - Informe Litoral","isPartOf":{"@id":"https:\/\/informelitoral.com.ar\/#website"},"primaryImageOfPage":{"@id":"https:\/\/informelitoral.com.ar\/elisa-carrio-mauricio-macri-debe-presentar-las-pruebas-de-sus-dichos\/#primaryimage"},"image":{"@id":"https:\/\/informelitoral.com.ar\/elisa-carrio-mauricio-macri-debe-presentar-las-pruebas-de-sus-dichos\/#primaryimage"},"thumbnailUrl":"http:\/\/www.isletasnoticias.com.ar\/%77%70%2d%63%6f%6e%74%65%6e%74\/uploads\/2016\/04\/0014423978.jpg","datePublished":"2016-04-04T18:04:44+00:00","dateModified":"2016-04-04T18:09:10+00:00","breadcrumb":{"@id":"https:\/\/informelitoral.com.ar\/elisa-carrio-mauricio-macri-debe-presentar-las-pruebas-de-sus-dichos\/#breadcrumb"},"inLanguage":"es","potentialAction":[{"@type":"ReadAction","target":["https:\/\/informelitoral.com.ar\/elisa-carrio-mauricio-macri-debe-presentar-las-pruebas-de-sus-dichos\/"]}]},{"@type":"ImageObject","inLanguage":"es","@id":"https:\/\/informelitoral.com.ar\/elisa-carrio-mauricio-macri-debe-presentar-las-pruebas-de-sus-dichos\/#primaryimage","url":"http:\/\/www.isletasnoticias.com.ar\/%77%70%2d%63%6f%6e%74%65%6e%74\/uploads\/2016\/04\/0014423978.jpg","contentUrl":"http:\/\/www.isletasnoticias.com.ar\/%77%70%2d%63%6f%6e%74%65%6e%74\/uploads\/2016\/04\/0014423978.jpg"},{"@type":"BreadcrumbList","@id":"https:\/\/informelitoral.com.ar\/elisa-carrio-mauricio-macri-debe-presentar-las-pruebas-de-sus-dichos\/#breadcrumb","itemListElement":[{"@type":"ListItem","position":1,"name":"Portada","item":"https:\/\/informelitoral.com.ar\/"},{"@type":"ListItem","position":2,"name":"Elisa Carri\u00f3: \u00abMauricio Macri debe presentar las pruebas de sus dichos\u00bb"}]},{"@type":"WebSite","@id":"https:\/\/informelitoral.com.ar\/#website","url":"https:\/\/informelitoral.com.ar\/","name":"Informe Litoral","description":"&quot;Nos informamos&quot; ","publisher":{"@id":"https:\/\/informelitoral.com.ar\/#organization"},"potentialAction":[{"@type":"SearchAction","target":{"@type":"EntryPoint","urlTemplate":"https:\/\/informelitoral.com.ar\/?s={search_term_string}"},"query-input":{"@type":"PropertyValueSpecification","valueRequired":true,"valueName":"search_term_string"}}],"inLanguage":"es"},{"@type":"Organization","@id":"https:\/\/informelitoral.com.ar\/#organization","name":"Informe Litoral","url":"https:\/\/informelitoral.com.ar\/","logo":{"@type":"ImageObject","inLanguage":"es","@id":"https:\/\/informelitoral.com.ar\/#\/schema\/logo\/image\/","url":"https:\/\/informelitoral.com.ar\/%77%70%2d%63%6f%6e%74%65%6e%74\/uploads\/2021\/01\/circulo.png","contentUrl":"https:\/\/informelitoral.com.ar\/%77%70%2d%63%6f%6e%74%65%6e%74\/uploads\/2021\/01\/circulo.png","width":723,"height":731,"caption":"Informe Litoral"},"image":{"@id":"https:\/\/informelitoral.com.ar\/#\/schema\/logo\/image\/"},"sameAs":["https:\/\/www.facebook.com\/informelitoral\/","https:\/\/x.com\/InformeLitoral","https:\/\/www.instagram.com\/informelitoral\/","https:\/\/www.youtube.com\/channel\/UCua4Qvz8Icb6MYqhoq9xLXw"]},{"@type":"Person","@id":"https:\/\/informelitoral.com.ar\/#\/schema\/person\/b9d00407c836482871ef1d57bf8e3180","name":"Gonzalo Schmidt","image":{"@type":"ImageObject","inLanguage":"es","@id":"https:\/\/secure.gravatar.com\/avatar\/31a1a7b66ff2de83bd0e9fd79d026630d2d99e55e8bfe501287647b4fd9743de?s=96&d=mm&r=g","url":"https:\/\/secure.gravatar.com\/avatar\/31a1a7b66ff2de83bd0e9fd79d026630d2d99e55e8bfe501287647b4fd9743de?s=96&d=mm&r=g","contentUrl":"https:\/\/secure.gravatar.com\/avatar\/31a1a7b66ff2de83bd0e9fd79d026630d2d99e55e8bfe501287647b4fd9743de?s=96&d=mm&r=g","caption":"Gonzalo Schmidt"},"description":"Sitio web de noticias de la provincia de Entre R\u00edos, Argentina. Informaci\u00f3n y entretenimiento. Informe Litoral, nos informamos.","sameAs":["http:\/\/www.isletasnoticias.com.ar"],"url":"https:\/\/informelitoral.com.ar\/author\/gonzalo\/"}]}},"_links":{"self":[{"href":"https:\/\/informelitoral.com.ar\/%77%70%2d%6a%73%6f%6e\/wp\/v2\/posts\/14968","targetHints":{"allow":["GET"]}}],"collection":[{"href":"https:\/\/informelitoral.com.ar\/%77%70%2d%6a%73%6f%6e\/wp\/v2\/posts"}],"about":[{"href":"https:\/\/informelitoral.com.ar\/%77%70%2d%6a%73%6f%6e\/wp\/v2\/types\/post"}],"author":[{"embeddable":true,"href":"https:\/\/informelitoral.com.ar\/%77%70%2d%6a%73%6f%6e\/wp\/v2\/users\/2"}],"replies":[{"embeddable":true,"href":"https:\/\/informelitoral.com.ar\/%77%70%2d%6a%73%6f%6e\/wp\/v2\/comments?post=14968"}],"version-history":[{"count":0,"href":"https:\/\/informelitoral.com.ar\/%77%70%2d%6a%73%6f%6e\/wp\/v2\/posts\/14968\/revisions"}],"wp:attachment":[{"href":"https:\/\/informelitoral.com.ar\/%77%70%2d%6a%73%6f%6e\/wp\/v2\/media?parent=14968"}],"wp:term":[{"taxonomy":"category","embeddable":true,"href":"https:\/\/informelitoral.com.ar\/%77%70%2d%6a%73%6f%6e\/wp\/v2\/categories?post=14968"},{"taxonomy":"post_tag","embeddable":true,"href":"https:\/\/informelitoral.com.ar\/%77%70%2d%6a%73%6f%6e\/wp\/v2\/tags?post=14968"}],"curies":[{"name":"wp","href":"https:\/\/api.w.org\/{rel}","templated":true}]}}