{"id":14965,"date":"2016-04-04T08:41:24","date_gmt":"2016-04-04T11:41:24","guid":{"rendered":"http:\/\/www.isletasnoticias.com.ar\/?p=14965"},"modified":"2016-04-04T08:43:03","modified_gmt":"2016-04-04T11:43:03","slug":"isletas-por-el-mal-tiempo-se-suspendio-el-acto-por-los-32-anos-de-la-junta-de-gobierno","status":"publish","type":"post","link":"https:\/\/informelitoral.com.ar\/isletas-por-el-mal-tiempo-se-suspendio-el-acto-por-los-32-anos-de-la-junta-de-gobierno\/","title":{"rendered":"Isletas: por el mal tiempo se suspendi\u00f3 el acto por los 32 a\u00f1os de la Junta de Gobierno"},"content":{"rendered":"<p><strong>Se hab\u00eda programado para este martes 5 de abril. De la celebraci\u00f3n estaba previsto que participen las escuelas de la localidad, autoridades comunales, del departamento y el director de Juntas de Gobierno de la Provincia. Por el momento no hay nueva fecha para la realizaci\u00f3n del acto.\u00a0<\/strong><\/p>\n<div id=\"attachment_2593\" class=\"wp-caption alignnone\"><a href=\"http:\/\/www.isletasnoticias.com.ar\/%77%70%2d%63%6f%6e%74%65%6e%74\/uploads\/2013\/07\/junta.jpg\" rel=\"attachment wp-att-2593\"><img loading=\"lazy\" decoding=\"async\" class=\"aligncenter wp-image-2593\" src=\"http:\/\/www.isletasnoticias.com.ar\/%77%70%2d%63%6f%6e%74%65%6e%74\/uploads\/2013\/07\/junta.jpg\" sizes=\"auto, (max-width: 551px) 100vw, 551px\" srcset=\"http:\/\/www.isletasnoticias.com.ar\/%77%70%2d%63%6f%6e%74%65%6e%74\/uploads\/2013\/07\/junta-300x225.jpg 300w, http:\/\/www.isletasnoticias.com.ar\/%77%70%2d%63%6f%6e%74%65%6e%74\/uploads\/2013\/07\/junta.jpg 640w\" alt=\"junta\" width=\"551\" height=\"413\" \/><\/a><\/div>\n<div class=\"wp-caption alignnone\">Debido a las lluvias de los \u00faltimos d\u00edas y los pron\u00f3sticos que indican que el mal tiempo continuar\u00eda, desde la Junta de Gobierno de esta localidad del departamento Diamante, decidieron suspender el acto por\u00a0el 32\u00b0 aniversario de la creaci\u00f3n del ente gubernamental.<\/div>\n<div class=\"wp-caption alignnone\">El acto estaba previsto para este martes 5, a partir de las 9.45 en la sede comunal. Adem\u00e1s de la participaci\u00f3n de las diferentes escuelas de la localidad con sus banderas de ceremonia, se hab\u00eda invitado a autoridades del departamento y\u00a0al director de Juntas de Gobierno de Entre R\u00edos,\u00a0<strong>Mauro Diaz Chaves.<\/strong><\/div>\n<div class=\"wp-caption alignnone\">Hasta este lunes, las autoridades reconocieron que a\u00fan no tienen una nueva fecha para la realizaci\u00f3n del acto. <em>(IN)<\/em><\/div>\n<div class=\"wp-caption alignnone\"><\/div>\n","protected":false},"excerpt":{"rendered":"<p>Se hab&iacute;a programado para este martes 5 de abril. De la celebraci&oacute;n estaba previsto que participen las escuelas de la localidad, autoridades comunales, del departamento y el director de Juntas de Gobierno de la Provincia. Por el momento no hay nueva fecha para la realizaci&oacute;n del acto.&nbsp; Debido a las lluvias de los &uacute;ltimos d&iacute;as [&hellip;]<\/p>\n","protected":false},"author":2,"featured_media":0,"comment_status":"open","ping_status":"open","sticky":false,"template":"","format":"standard","meta":{"fifu_image_url":"","fifu_image_alt":"","footnotes":""},"categories":[4],"tags":[],"class_list":{"0":"post-14965","1":"post","2":"type-post","3":"status-publish","4":"format-standard","6":"category-locales"},"yoast_head":"<title>Isletas: por el mal tiempo se suspendi\u00f3 el acto por los 32 a\u00f1os de la Junta de Gobierno - Informe Litoral<\/title>\n<meta name=\"robots\" content=\"index, follow, max-snippet:-1, max-image-preview:large, max-video-preview:-1\" \/>\n<link rel=\"canonical\" href=\"https:\/\/informelitoral.com.ar\/isletas-por-el-mal-tiempo-se-suspendio-el-acto-por-los-32-anos-de-la-junta-de-gobierno\/\" \/>\n<meta property=\"og:locale\" content=\"es_ES\" \/>\n<meta property=\"og:type\" content=\"article\" \/>\n<meta property=\"og:title\" content=\"Isletas: por el mal tiempo se suspendi\u00f3 el acto por los 32 a\u00f1os de la Junta de Gobierno - Informe Litoral\" \/>\n<meta property=\"og:description\" content=\"Se hab&iacute;a programado para este martes 5 de abril. De la celebraci&oacute;n estaba previsto que participen las escuelas de la localidad, autoridades comunales, del departamento y el director de Juntas de Gobierno de la Provincia. Por el momento no hay nueva fecha para la realizaci&oacute;n del acto.&nbsp; Debido a las lluvias de los &uacute;ltimos d&iacute;as [&hellip;]\" \/>\n<meta property=\"og:url\" content=\"https:\/\/informelitoral.com.ar\/isletas-por-el-mal-tiempo-se-suspendio-el-acto-por-los-32-anos-de-la-junta-de-gobierno\/\" \/>\n<meta property=\"og:site_name\" content=\"Informe Litoral\" \/>\n<meta property=\"article:publisher\" content=\"https:\/\/www.facebook.com\/informelitoral\/\" \/>\n<meta property=\"article:published_time\" content=\"2016-04-04T11:41:24+00:00\" \/>\n<meta property=\"article:modified_time\" content=\"2016-04-04T11:43:03+00:00\" \/>\n<meta property=\"og:image\" content=\"https:\/\/informelitoral.com.ar\/%77%70%2d%63%6f%6e%74%65%6e%74\/uploads\/2013\/07\/junta.jpg\" \/>\n\t<meta property=\"og:image:width\" content=\"640\" \/>\n\t<meta property=\"og:image:height\" content=\"480\" \/>\n\t<meta property=\"og:image:type\" content=\"image\/jpeg\" \/>\n<meta name=\"author\" content=\"Gonzalo Schmidt\" \/>\n<meta name=\"twitter:card\" content=\"summary_large_image\" \/>\n<meta name=\"twitter:creator\" content=\"@InformeLitoral\" \/>\n<meta name=\"twitter:site\" content=\"@InformeLitoral\" \/>\n<meta name=\"twitter:label1\" content=\"Escrito por\" \/>\n\t<meta name=\"twitter:data1\" content=\"Gonzalo Schmidt\" \/>\n\t<meta name=\"twitter:label2\" content=\"Tiempo de lectura\" \/>\n\t<meta name=\"twitter:data2\" content=\"1 minuto\" \/>\n<script type=\"application\/ld+json\" class=\"yoast-schema-graph\">{\"@context\":\"https:\\\/\\\/schema.org\",\"@graph\":[{\"@type\":\"Article\",\"@id\":\"https:\\\/\\\/informelitoral.com.ar\\\/isletas-por-el-mal-tiempo-se-suspendio-el-acto-por-los-32-anos-de-la-junta-de-gobierno\\\/#article\",\"isPartOf\":{\"@id\":\"https:\\\/\\\/informelitoral.com.ar\\\/isletas-por-el-mal-tiempo-se-suspendio-el-acto-por-los-32-anos-de-la-junta-de-gobierno\\\/\"},\"author\":{\"name\":\"Gonzalo Schmidt\",\"@id\":\"https:\\\/\\\/informelitoral.com.ar\\\/#\\\/schema\\\/person\\\/b9d00407c836482871ef1d57bf8e3180\"},\"headline\":\"Isletas: por el mal tiempo se suspendi\u00f3 el acto por los 32 a\u00f1os de la Junta de Gobierno\",\"datePublished\":\"2016-04-04T11:41:24+00:00\",\"dateModified\":\"2016-04-04T11:43:03+00:00\",\"mainEntityOfPage\":{\"@id\":\"https:\\\/\\\/informelitoral.com.ar\\\/isletas-por-el-mal-tiempo-se-suspendio-el-acto-por-los-32-anos-de-la-junta-de-gobierno\\\/\"},\"wordCount\":189,\"commentCount\":0,\"publisher\":{\"@id\":\"https:\\\/\\\/informelitoral.com.ar\\\/#organization\"},\"image\":{\"@id\":\"https:\\\/\\\/informelitoral.com.ar\\\/isletas-por-el-mal-tiempo-se-suspendio-el-acto-por-los-32-anos-de-la-junta-de-gobierno\\\/#primaryimage\"},\"thumbnailUrl\":\"http:\\\/\\\/www.isletasnoticias.com.ar\\\/%77%70%2d%63%6f%6e%74%65%6e%74\\\/uploads\\\/2013\\\/07\\\/junta.jpg\",\"articleSection\":[\"Isletas\"],\"inLanguage\":\"es\",\"potentialAction\":[{\"@type\":\"CommentAction\",\"name\":\"Comment\",\"target\":[\"https:\\\/\\\/informelitoral.com.ar\\\/isletas-por-el-mal-tiempo-se-suspendio-el-acto-por-los-32-anos-de-la-junta-de-gobierno\\\/#respond\"]}]},{\"@type\":\"WebPage\",\"@id\":\"https:\\\/\\\/informelitoral.com.ar\\\/isletas-por-el-mal-tiempo-se-suspendio-el-acto-por-los-32-anos-de-la-junta-de-gobierno\\\/\",\"url\":\"https:\\\/\\\/informelitoral.com.ar\\\/isletas-por-el-mal-tiempo-se-suspendio-el-acto-por-los-32-anos-de-la-junta-de-gobierno\\\/\",\"name\":\"Isletas: por el mal tiempo se suspendi\u00f3 el acto por los 32 a\u00f1os de la Junta de Gobierno - Informe Litoral\",\"isPartOf\":{\"@id\":\"https:\\\/\\\/informelitoral.com.ar\\\/#website\"},\"primaryImageOfPage\":{\"@id\":\"https:\\\/\\\/informelitoral.com.ar\\\/isletas-por-el-mal-tiempo-se-suspendio-el-acto-por-los-32-anos-de-la-junta-de-gobierno\\\/#primaryimage\"},\"image\":{\"@id\":\"https:\\\/\\\/informelitoral.com.ar\\\/isletas-por-el-mal-tiempo-se-suspendio-el-acto-por-los-32-anos-de-la-junta-de-gobierno\\\/#primaryimage\"},\"thumbnailUrl\":\"http:\\\/\\\/www.isletasnoticias.com.ar\\\/%77%70%2d%63%6f%6e%74%65%6e%74\\\/uploads\\\/2013\\\/07\\\/junta.jpg\",\"datePublished\":\"2016-04-04T11:41:24+00:00\",\"dateModified\":\"2016-04-04T11:43:03+00:00\",\"breadcrumb\":{\"@id\":\"https:\\\/\\\/informelitoral.com.ar\\\/isletas-por-el-mal-tiempo-se-suspendio-el-acto-por-los-32-anos-de-la-junta-de-gobierno\\\/#breadcrumb\"},\"inLanguage\":\"es\",\"potentialAction\":[{\"@type\":\"ReadAction\",\"target\":[\"https:\\\/\\\/informelitoral.com.ar\\\/isletas-por-el-mal-tiempo-se-suspendio-el-acto-por-los-32-anos-de-la-junta-de-gobierno\\\/\"]}]},{\"@type\":\"ImageObject\",\"inLanguage\":\"es\",\"@id\":\"https:\\\/\\\/informelitoral.com.ar\\\/isletas-por-el-mal-tiempo-se-suspendio-el-acto-por-los-32-anos-de-la-junta-de-gobierno\\\/#primaryimage\",\"url\":\"http:\\\/\\\/www.isletasnoticias.com.ar\\\/%77%70%2d%63%6f%6e%74%65%6e%74\\\/uploads\\\/2013\\\/07\\\/junta.jpg\",\"contentUrl\":\"http:\\\/\\\/www.isletasnoticias.com.ar\\\/%77%70%2d%63%6f%6e%74%65%6e%74\\\/uploads\\\/2013\\\/07\\\/junta.jpg\"},{\"@type\":\"BreadcrumbList\",\"@id\":\"https:\\\/\\\/informelitoral.com.ar\\\/isletas-por-el-mal-tiempo-se-suspendio-el-acto-por-los-32-anos-de-la-junta-de-gobierno\\\/#breadcrumb\",\"itemListElement\":[{\"@type\":\"ListItem\",\"position\":1,\"name\":\"Portada\",\"item\":\"https:\\\/\\\/informelitoral.com.ar\\\/\"},{\"@type\":\"ListItem\",\"position\":2,\"name\":\"Isletas: por el mal tiempo se suspendi\u00f3 el acto por los 32 a\u00f1os de la Junta de Gobierno\"}]},{\"@type\":\"WebSite\",\"@id\":\"https:\\\/\\\/informelitoral.com.ar\\\/#website\",\"url\":\"https:\\\/\\\/informelitoral.com.ar\\\/\",\"name\":\"Informe Litoral\",\"description\":\"&quot;Nos informamos&quot; \",\"publisher\":{\"@id\":\"https:\\\/\\\/informelitoral.com.ar\\\/#organization\"},\"potentialAction\":[{\"@type\":\"SearchAction\",\"target\":{\"@type\":\"EntryPoint\",\"urlTemplate\":\"https:\\\/\\\/informelitoral.com.ar\\\/?s={search_term_string}\"},\"query-input\":{\"@type\":\"PropertyValueSpecification\",\"valueRequired\":true,\"valueName\":\"search_term_string\"}}],\"inLanguage\":\"es\"},{\"@type\":\"Organization\",\"@id\":\"https:\\\/\\\/informelitoral.com.ar\\\/#organization\",\"name\":\"Informe Litoral\",\"url\":\"https:\\\/\\\/informelitoral.com.ar\\\/\",\"logo\":{\"@type\":\"ImageObject\",\"inLanguage\":\"es\",\"@id\":\"https:\\\/\\\/informelitoral.com.ar\\\/#\\\/schema\\\/logo\\\/image\\\/\",\"url\":\"https:\\\/\\\/informelitoral.com.ar\\\/%77%70%2d%63%6f%6e%74%65%6e%74\\\/uploads\\\/2021\\\/01\\\/circulo.png\",\"contentUrl\":\"https:\\\/\\\/informelitoral.com.ar\\\/%77%70%2d%63%6f%6e%74%65%6e%74\\\/uploads\\\/2021\\\/01\\\/circulo.png\",\"width\":723,\"height\":731,\"caption\":\"Informe Litoral\"},\"image\":{\"@id\":\"https:\\\/\\\/informelitoral.com.ar\\\/#\\\/schema\\\/logo\\\/image\\\/\"},\"sameAs\":[\"https:\\\/\\\/www.facebook.com\\\/informelitoral\\\/\",\"https:\\\/\\\/x.com\\\/InformeLitoral\",\"https:\\\/\\\/www.instagram.com\\\/informelitoral\\\/\",\"https:\\\/\\\/www.youtube.com\\\/channel\\\/UCua4Qvz8Icb6MYqhoq9xLXw\"]},{\"@type\":\"Person\",\"@id\":\"https:\\\/\\\/informelitoral.com.ar\\\/#\\\/schema\\\/person\\\/b9d00407c836482871ef1d57bf8e3180\",\"name\":\"Gonzalo Schmidt\",\"image\":{\"@type\":\"ImageObject\",\"inLanguage\":\"es\",\"@id\":\"https:\\\/\\\/secure.gravatar.com\\\/avatar\\\/31a1a7b66ff2de83bd0e9fd79d026630d2d99e55e8bfe501287647b4fd9743de?s=96&d=mm&r=g\",\"url\":\"https:\\\/\\\/secure.gravatar.com\\\/avatar\\\/31a1a7b66ff2de83bd0e9fd79d026630d2d99e55e8bfe501287647b4fd9743de?s=96&d=mm&r=g\",\"contentUrl\":\"https:\\\/\\\/secure.gravatar.com\\\/avatar\\\/31a1a7b66ff2de83bd0e9fd79d026630d2d99e55e8bfe501287647b4fd9743de?s=96&d=mm&r=g\",\"caption\":\"Gonzalo Schmidt\"},\"description\":\"Sitio web de noticias de la provincia de Entre R\u00edos, Argentina. Informaci\u00f3n y entretenimiento. Informe Litoral, nos informamos.\",\"sameAs\":[\"http:\\\/\\\/www.isletasnoticias.com.ar\"],\"url\":\"https:\\\/\\\/informelitoral.com.ar\\\/author\\\/gonzalo\\\/\"}]}<\/script>","yoast_head_json":{"title":"Isletas: por el mal tiempo se suspendi\u00f3 el acto por los 32 a\u00f1os de la Junta de Gobierno - Informe Litoral","robots":{"index":"index","follow":"follow","max-snippet":"max-snippet:-1","max-image-preview":"max-image-preview:large","max-video-preview":"max-video-preview:-1"},"canonical":"https:\/\/informelitoral.com.ar\/isletas-por-el-mal-tiempo-se-suspendio-el-acto-por-los-32-anos-de-la-junta-de-gobierno\/","og_locale":"es_ES","og_type":"article","og_title":"Isletas: por el mal tiempo se suspendi\u00f3 el acto por los 32 a\u00f1os de la Junta de Gobierno - Informe Litoral","og_description":"Se hab&iacute;a programado para este martes 5 de abril. De la celebraci&oacute;n estaba previsto que participen las escuelas de la localidad, autoridades comunales, del departamento y el director de Juntas de Gobierno de la Provincia. Por el momento no hay nueva fecha para la realizaci&oacute;n del acto.&nbsp; Debido a las lluvias de los &uacute;ltimos d&iacute;as [&hellip;]","og_url":"https:\/\/informelitoral.com.ar\/isletas-por-el-mal-tiempo-se-suspendio-el-acto-por-los-32-anos-de-la-junta-de-gobierno\/","og_site_name":"Informe Litoral","article_publisher":"https:\/\/www.facebook.com\/informelitoral\/","article_published_time":"2016-04-04T11:41:24+00:00","article_modified_time":"2016-04-04T11:43:03+00:00","og_image":[{"width":640,"height":480,"url":"https:\/\/informelitoral.com.ar\/%77%70%2d%63%6f%6e%74%65%6e%74\/uploads\/2013\/07\/junta.jpg","type":"image\/jpeg"}],"author":"Gonzalo Schmidt","twitter_card":"summary_large_image","twitter_creator":"@InformeLitoral","twitter_site":"@InformeLitoral","twitter_misc":{"Escrito por":"Gonzalo Schmidt","Tiempo de lectura":"1 minuto"},"schema":{"@context":"https:\/\/schema.org","@graph":[{"@type":"Article","@id":"https:\/\/informelitoral.com.ar\/isletas-por-el-mal-tiempo-se-suspendio-el-acto-por-los-32-anos-de-la-junta-de-gobierno\/#article","isPartOf":{"@id":"https:\/\/informelitoral.com.ar\/isletas-por-el-mal-tiempo-se-suspendio-el-acto-por-los-32-anos-de-la-junta-de-gobierno\/"},"author":{"name":"Gonzalo Schmidt","@id":"https:\/\/informelitoral.com.ar\/#\/schema\/person\/b9d00407c836482871ef1d57bf8e3180"},"headline":"Isletas: por el mal tiempo se suspendi\u00f3 el acto por los 32 a\u00f1os de la Junta de Gobierno","datePublished":"2016-04-04T11:41:24+00:00","dateModified":"2016-04-04T11:43:03+00:00","mainEntityOfPage":{"@id":"https:\/\/informelitoral.com.ar\/isletas-por-el-mal-tiempo-se-suspendio-el-acto-por-los-32-anos-de-la-junta-de-gobierno\/"},"wordCount":189,"commentCount":0,"publisher":{"@id":"https:\/\/informelitoral.com.ar\/#organization"},"image":{"@id":"https:\/\/informelitoral.com.ar\/isletas-por-el-mal-tiempo-se-suspendio-el-acto-por-los-32-anos-de-la-junta-de-gobierno\/#primaryimage"},"thumbnailUrl":"http:\/\/www.isletasnoticias.com.ar\/%77%70%2d%63%6f%6e%74%65%6e%74\/uploads\/2013\/07\/junta.jpg","articleSection":["Isletas"],"inLanguage":"es","potentialAction":[{"@type":"CommentAction","name":"Comment","target":["https:\/\/informelitoral.com.ar\/isletas-por-el-mal-tiempo-se-suspendio-el-acto-por-los-32-anos-de-la-junta-de-gobierno\/#respond"]}]},{"@type":"WebPage","@id":"https:\/\/informelitoral.com.ar\/isletas-por-el-mal-tiempo-se-suspendio-el-acto-por-los-32-anos-de-la-junta-de-gobierno\/","url":"https:\/\/informelitoral.com.ar\/isletas-por-el-mal-tiempo-se-suspendio-el-acto-por-los-32-anos-de-la-junta-de-gobierno\/","name":"Isletas: por el mal tiempo se suspendi\u00f3 el acto por los 32 a\u00f1os de la Junta de Gobierno - Informe Litoral","isPartOf":{"@id":"https:\/\/informelitoral.com.ar\/#website"},"primaryImageOfPage":{"@id":"https:\/\/informelitoral.com.ar\/isletas-por-el-mal-tiempo-se-suspendio-el-acto-por-los-32-anos-de-la-junta-de-gobierno\/#primaryimage"},"image":{"@id":"https:\/\/informelitoral.com.ar\/isletas-por-el-mal-tiempo-se-suspendio-el-acto-por-los-32-anos-de-la-junta-de-gobierno\/#primaryimage"},"thumbnailUrl":"http:\/\/www.isletasnoticias.com.ar\/%77%70%2d%63%6f%6e%74%65%6e%74\/uploads\/2013\/07\/junta.jpg","datePublished":"2016-04-04T11:41:24+00:00","dateModified":"2016-04-04T11:43:03+00:00","breadcrumb":{"@id":"https:\/\/informelitoral.com.ar\/isletas-por-el-mal-tiempo-se-suspendio-el-acto-por-los-32-anos-de-la-junta-de-gobierno\/#breadcrumb"},"inLanguage":"es","potentialAction":[{"@type":"ReadAction","target":["https:\/\/informelitoral.com.ar\/isletas-por-el-mal-tiempo-se-suspendio-el-acto-por-los-32-anos-de-la-junta-de-gobierno\/"]}]},{"@type":"ImageObject","inLanguage":"es","@id":"https:\/\/informelitoral.com.ar\/isletas-por-el-mal-tiempo-se-suspendio-el-acto-por-los-32-anos-de-la-junta-de-gobierno\/#primaryimage","url":"http:\/\/www.isletasnoticias.com.ar\/%77%70%2d%63%6f%6e%74%65%6e%74\/uploads\/2013\/07\/junta.jpg","contentUrl":"http:\/\/www.isletasnoticias.com.ar\/%77%70%2d%63%6f%6e%74%65%6e%74\/uploads\/2013\/07\/junta.jpg"},{"@type":"BreadcrumbList","@id":"https:\/\/informelitoral.com.ar\/isletas-por-el-mal-tiempo-se-suspendio-el-acto-por-los-32-anos-de-la-junta-de-gobierno\/#breadcrumb","itemListElement":[{"@type":"ListItem","position":1,"name":"Portada","item":"https:\/\/informelitoral.com.ar\/"},{"@type":"ListItem","position":2,"name":"Isletas: por el mal tiempo se suspendi\u00f3 el acto por los 32 a\u00f1os de la Junta de Gobierno"}]},{"@type":"WebSite","@id":"https:\/\/informelitoral.com.ar\/#website","url":"https:\/\/informelitoral.com.ar\/","name":"Informe Litoral","description":"&quot;Nos informamos&quot; ","publisher":{"@id":"https:\/\/informelitoral.com.ar\/#organization"},"potentialAction":[{"@type":"SearchAction","target":{"@type":"EntryPoint","urlTemplate":"https:\/\/informelitoral.com.ar\/?s={search_term_string}"},"query-input":{"@type":"PropertyValueSpecification","valueRequired":true,"valueName":"search_term_string"}}],"inLanguage":"es"},{"@type":"Organization","@id":"https:\/\/informelitoral.com.ar\/#organization","name":"Informe Litoral","url":"https:\/\/informelitoral.com.ar\/","logo":{"@type":"ImageObject","inLanguage":"es","@id":"https:\/\/informelitoral.com.ar\/#\/schema\/logo\/image\/","url":"https:\/\/informelitoral.com.ar\/%77%70%2d%63%6f%6e%74%65%6e%74\/uploads\/2021\/01\/circulo.png","contentUrl":"https:\/\/informelitoral.com.ar\/%77%70%2d%63%6f%6e%74%65%6e%74\/uploads\/2021\/01\/circulo.png","width":723,"height":731,"caption":"Informe Litoral"},"image":{"@id":"https:\/\/informelitoral.com.ar\/#\/schema\/logo\/image\/"},"sameAs":["https:\/\/www.facebook.com\/informelitoral\/","https:\/\/x.com\/InformeLitoral","https:\/\/www.instagram.com\/informelitoral\/","https:\/\/www.youtube.com\/channel\/UCua4Qvz8Icb6MYqhoq9xLXw"]},{"@type":"Person","@id":"https:\/\/informelitoral.com.ar\/#\/schema\/person\/b9d00407c836482871ef1d57bf8e3180","name":"Gonzalo Schmidt","image":{"@type":"ImageObject","inLanguage":"es","@id":"https:\/\/secure.gravatar.com\/avatar\/31a1a7b66ff2de83bd0e9fd79d026630d2d99e55e8bfe501287647b4fd9743de?s=96&d=mm&r=g","url":"https:\/\/secure.gravatar.com\/avatar\/31a1a7b66ff2de83bd0e9fd79d026630d2d99e55e8bfe501287647b4fd9743de?s=96&d=mm&r=g","contentUrl":"https:\/\/secure.gravatar.com\/avatar\/31a1a7b66ff2de83bd0e9fd79d026630d2d99e55e8bfe501287647b4fd9743de?s=96&d=mm&r=g","caption":"Gonzalo Schmidt"},"description":"Sitio web de noticias de la provincia de Entre R\u00edos, Argentina. Informaci\u00f3n y entretenimiento. Informe Litoral, nos informamos.","sameAs":["http:\/\/www.isletasnoticias.com.ar"],"url":"https:\/\/informelitoral.com.ar\/author\/gonzalo\/"}]}},"_links":{"self":[{"href":"https:\/\/informelitoral.com.ar\/%77%70%2d%6a%73%6f%6e\/wp\/v2\/posts\/14965","targetHints":{"allow":["GET"]}}],"collection":[{"href":"https:\/\/informelitoral.com.ar\/%77%70%2d%6a%73%6f%6e\/wp\/v2\/posts"}],"about":[{"href":"https:\/\/informelitoral.com.ar\/%77%70%2d%6a%73%6f%6e\/wp\/v2\/types\/post"}],"author":[{"embeddable":true,"href":"https:\/\/informelitoral.com.ar\/%77%70%2d%6a%73%6f%6e\/wp\/v2\/users\/2"}],"replies":[{"embeddable":true,"href":"https:\/\/informelitoral.com.ar\/%77%70%2d%6a%73%6f%6e\/wp\/v2\/comments?post=14965"}],"version-history":[{"count":0,"href":"https:\/\/informelitoral.com.ar\/%77%70%2d%6a%73%6f%6e\/wp\/v2\/posts\/14965\/revisions"}],"wp:attachment":[{"href":"https:\/\/informelitoral.com.ar\/%77%70%2d%6a%73%6f%6e\/wp\/v2\/media?parent=14965"}],"wp:term":[{"taxonomy":"category","embeddable":true,"href":"https:\/\/informelitoral.com.ar\/%77%70%2d%6a%73%6f%6e\/wp\/v2\/categories?post=14965"},{"taxonomy":"post_tag","embeddable":true,"href":"https:\/\/informelitoral.com.ar\/%77%70%2d%6a%73%6f%6e\/wp\/v2\/tags?post=14965"}],"curies":[{"name":"wp","href":"https:\/\/api.w.org\/{rel}","templated":true}]}}