{"id":14951,"date":"2016-04-04T08:02:05","date_gmt":"2016-04-04T11:02:05","guid":{"rendered":"http:\/\/www.isletasnoticias.com.ar\/?p=14951"},"modified":"2016-04-04T08:06:16","modified_gmt":"2016-04-04T11:06:16","slug":"el-gobierno-entrerriano-fomentara-acciones-para-garantizar-la-equidad-de-genero","status":"publish","type":"post","link":"https:\/\/informelitoral.com.ar\/el-gobierno-entrerriano-fomentara-acciones-para-garantizar-la-equidad-de-genero\/","title":{"rendered":"El gobierno entrerriano fomentar\u00e1 acciones para garantizar la equidad de g\u00e9nero"},"content":{"rendered":"<div class=\"interior-bajada\"><strong>El gobierno entrerriano y la Asociaci\u00f3n de Mujeres Jueces de Argentina (AMJA) van a promover la capacitaci\u00f3n, investigaci\u00f3n y el desarrollo de programas de cooperaci\u00f3n internacional para garantizar la equidad de g\u00e9nero. As\u00ed lo acordaron el gobernador <em>Gustavo Bordet<\/em> y la presidenta de la entidad y vocal del Superior Tribunal de Justicia de Entre R\u00edos, <em>Susana Medina de Rizzo<\/em>, quien destac\u00f3 \u201cel apoyo y receptividad\u201d del mandatario entrerriano para trabajar fuertemente en este tema.<a href=\"http:\/\/www.isletasnoticias.com.ar\/%77%70%2d%63%6f%6e%74%65%6e%74\/uploads\/2016\/04\/b_1459710110.jpg\" rel=\"attachment wp-att-14952\"><img loading=\"lazy\" decoding=\"async\" class=\"aligncenter wp-image-14952 size-full\" src=\"http:\/\/www.isletasnoticias.com.ar\/%77%70%2d%63%6f%6e%74%65%6e%74\/uploads\/2016\/04\/b_1459710110.jpg\" alt=\"b_1459710110\" width=\"390\" height=\"369\" srcset=\"https:\/\/informelitoral.com.ar\/%77%70%2d%63%6f%6e%74%65%6e%74\/uploads\/2016\/04\/b_1459710110.jpg 390w, https:\/\/informelitoral.com.ar\/%77%70%2d%63%6f%6e%74%65%6e%74\/uploads\/2016\/04\/b_1459710110-300x284.jpg 300w\" sizes=\"auto, (max-width: 390px) 100vw, 390px\" \/><\/a><\/strong><\/div>\n<div class=\"herramientas\">\n<div class=\"interior-fecha\">\n<p>\u00a0\u201cProtegiendo a la mitad de la poblaci\u00f3n como somos las mujeres vamos en camino al verdadero desarrollo, de estos temas estuvimos hablando con el gobernador, quien se mostr\u00f3 receptivo, \u00e9l ya conoce nuestra obra y nuestro trabajo de hace m\u00e1s de 20 a\u00f1os llevando el mensaje de incorporar la perspectiva de g\u00e9nero en todos los \u00e1mbitos de la mano de Carmen Argibay la fundadora de la asociaci\u00f3n que tengo el honor de presidir hoy. En verdad me siento muy satisfecha con la reuni\u00f3n, muy agradecida\u201d, dijo Medina de Rizzo.<\/p>\n<p>Luego de un encuentro que se realiz\u00f3 en el Sal\u00f3n de Acuerdos de la Casa Gris, y del que participaron el ministro de gobierno, Mauro Urribarri, y el secretario de Gesti\u00f3n P\u00fablica, Sergio Reggi, la jueza Medina de Rizzo adelant\u00f3 que el gobierno entrerriano va a colaborar con la Asociaci\u00f3n de Mujeres Jueces de Argentina en vistas a la preparaci\u00f3n de la Conferencia Bienal Internacional que deberemos realizar en mayo de 2018 en Buenos Aires.<\/p>\n<p>Como contrapartida, \u201cnosotros vamos a capacitar en temas de g\u00e9nero en todo el \u00e1mbito provincial para los organismos p\u00fablicos, por ejemplo los hospitales, hablar sobre violencia obst\u00e9trica, llevar la ley de protecci\u00f3n integral de la mujer a todos los municipios de la provincia\u201d, que seg\u00fan manifest\u00f3 Medina de Rizzo, estar\u00e1n a cargo de disertantes de primer nivel sobre la elaboraci\u00f3n de sanciones contra la violencia de g\u00e9nero \u201cpara concientizar, capacitar, sensibilizar a los operadores de todos los sistemas p\u00fablicos sobre la necesidad de proteger a la mujer, porque protegiendo a la mujer se protege a la comunidad, a la sociedad y vamos a obtener si Dios quiere una provincia y una patria en desarrollo y en paz\u201d.<\/p>\n<\/div>\n<\/div>\n<div class=\"interior-texto\">\n<p><b>Detalles del convenio<\/b><\/p>\n<p>En los considerando se se\u00f1ala que \u201cla Rep\u00fablica Argentina al firmar e incorporar en 1994 diversos tratados, convenios y declaraciones, ha asumido el compromiso de incorporar la perspectiva de g\u00e9nero en el dise\u00f1o de las pol\u00edticas p\u00fablicas para ser llevadas a cabo por los poderes del Estado. Entre esos instrumentos suscriptos se encuentra la Convenci\u00f3n sobre la Eliminaci\u00f3n de todas las Formas de Discriminaci\u00f3n Contra la Mujer (Cedaw), incorporada al texto constitucional, as\u00ed como la Convenci\u00f3n Interamericana para Prevenir, Sancionar y Erradicar la Violencia contra la Mujer (\u201cConvenci\u00f3n de Bel\u00e9m do Par\u00e1\u201d), aprobada por ley 24.6322.<\/p>\n<p>Adem\u00e1s, se agrega que \u201cpara ello se han previsto determinadas acciones en diversas \u00e1reas como la capacitaci\u00f3n, la investigaci\u00f3n y el desarrollo de programas de cooperaci\u00f3n internacional\u201d y que la \u201cAsociaci\u00f3n de Mujeres Jueces de Argentina tiene como objetivo informar, concientizar y sensibilizar a la ciudadan\u00eda y a las\/os magistradas\/os en general sobre la necesidad impostergable de la defensa irrestricta y vigencia de los derechos humanos de todos, pero en particular de las mujeres, con el objetivo de ayudar a mejorar su nivel de vida mediante la imparcial administraci\u00f3n de justicia\u201d.<\/p>\n<p>Por otro lado, el gobierno auspiciar\u00e1 la realizaci\u00f3n de la XXVI Conferencia Bienal Internacional de la Asociaci\u00f3n Internacional de Mujeres Jueces, a desarrollarse en Buenos Aires en mayo de 2018, para la cobertura de los gastos que demanden la preparaci\u00f3n, organizaci\u00f3n y realizaci\u00f3n del evento.<\/p>\n<p>Por su parte, la AMJA organizar\u00e1 en la provincia de Entre R\u00edos una serie de jornadas destinadas a difundir la organizaci\u00f3n de la Bienal y a abordar las tem\u00e1ticas Violencia Obstetricia y Corrupci\u00f3n y \u00c9tica.<\/p>\n<p>En los considerando se se\u00f1ala que \u201cel gobierno tiene inter\u00e9s en auspiciar dicho evento, que congregar\u00e1 a m\u00e1s de 800 juezas de todo el mundo, teniendo en cuenta que la presidencia de la AMJA est\u00e1 a cargo de la vocal del Superior Tribunal de Justicia de Entre R\u00edos, doctora Susana Medina de Rizzo, la primera entrerriana en ocupar un cargo a nivel internacional de estas caracter\u00edsticas\u201d.<\/p>\n<\/div>\n","protected":false},"excerpt":{"rendered":"<p>El gobierno entrerriano y la Asociaci&oacute;n de Mujeres Jueces de Argentina (AMJA) van a promover la capacitaci&oacute;n, investigaci&oacute;n y el desarrollo de programas de cooperaci&oacute;n internacional para garantizar la equidad de g&eacute;nero. As&iacute; lo acordaron el gobernador Gustavo Bordet y la presidenta de la entidad y vocal del Superior Tribunal de Justicia de Entre R&iacute;os, [&hellip;]<\/p>\n","protected":false},"author":2,"featured_media":0,"comment_status":"open","ping_status":"open","sticky":false,"template":"","format":"standard","meta":{"fifu_image_url":"","fifu_image_alt":"","footnotes":""},"categories":[6,9],"tags":[],"class_list":{"0":"post-14951","1":"post","2":"type-post","3":"status-publish","4":"format-standard","6":"category-entre-rios","7":"category-sociedad"},"yoast_head":"<title>El gobierno entrerriano fomentar\u00e1 acciones para garantizar la equidad de g\u00e9nero - Informe Litoral<\/title>\n<meta name=\"robots\" content=\"index, follow, max-snippet:-1, max-image-preview:large, max-video-preview:-1\" \/>\n<link rel=\"canonical\" href=\"https:\/\/informelitoral.com.ar\/el-gobierno-entrerriano-fomentara-acciones-para-garantizar-la-equidad-de-genero\/\" \/>\n<meta property=\"og:locale\" content=\"es_ES\" \/>\n<meta property=\"og:type\" content=\"article\" \/>\n<meta property=\"og:title\" content=\"El gobierno entrerriano fomentar\u00e1 acciones para garantizar la equidad de g\u00e9nero - Informe Litoral\" \/>\n<meta property=\"og:description\" content=\"El gobierno entrerriano y la Asociaci&oacute;n de Mujeres Jueces de Argentina (AMJA) van a promover la capacitaci&oacute;n, investigaci&oacute;n y el desarrollo de programas de cooperaci&oacute;n internacional para garantizar la equidad de g&eacute;nero. As&iacute; lo acordaron el gobernador Gustavo Bordet y la presidenta de la entidad y vocal del Superior Tribunal de Justicia de Entre R&iacute;os, [&hellip;]\" \/>\n<meta property=\"og:url\" content=\"https:\/\/informelitoral.com.ar\/el-gobierno-entrerriano-fomentara-acciones-para-garantizar-la-equidad-de-genero\/\" \/>\n<meta property=\"og:site_name\" content=\"Informe Litoral\" \/>\n<meta property=\"article:publisher\" content=\"https:\/\/www.facebook.com\/informelitoral\/\" \/>\n<meta property=\"article:published_time\" content=\"2016-04-04T11:02:05+00:00\" \/>\n<meta property=\"article:modified_time\" content=\"2016-04-04T11:06:16+00:00\" \/>\n<meta property=\"og:image\" content=\"https:\/\/informelitoral.com.ar\/%77%70%2d%63%6f%6e%74%65%6e%74\/uploads\/2016\/04\/b_1459710110.jpg\" \/>\n\t<meta property=\"og:image:width\" content=\"390\" \/>\n\t<meta property=\"og:image:height\" content=\"369\" \/>\n\t<meta property=\"og:image:type\" content=\"image\/jpeg\" \/>\n<meta name=\"author\" content=\"Gonzalo Schmidt\" \/>\n<meta name=\"twitter:card\" content=\"summary_large_image\" \/>\n<meta name=\"twitter:creator\" content=\"@InformeLitoral\" \/>\n<meta name=\"twitter:site\" content=\"@InformeLitoral\" \/>\n<meta name=\"twitter:label1\" content=\"Escrito por\" \/>\n\t<meta name=\"twitter:data1\" content=\"Gonzalo Schmidt\" \/>\n\t<meta name=\"twitter:label2\" content=\"Tiempo de lectura\" \/>\n\t<meta name=\"twitter:data2\" content=\"4 minutos\" \/>\n<script type=\"application\/ld+json\" class=\"yoast-schema-graph\">{\"@context\":\"https:\\\/\\\/schema.org\",\"@graph\":[{\"@type\":\"Article\",\"@id\":\"https:\\\/\\\/informelitoral.com.ar\\\/el-gobierno-entrerriano-fomentara-acciones-para-garantizar-la-equidad-de-genero\\\/#article\",\"isPartOf\":{\"@id\":\"https:\\\/\\\/informelitoral.com.ar\\\/el-gobierno-entrerriano-fomentara-acciones-para-garantizar-la-equidad-de-genero\\\/\"},\"author\":{\"name\":\"Gonzalo Schmidt\",\"@id\":\"https:\\\/\\\/informelitoral.com.ar\\\/#\\\/schema\\\/person\\\/b9d00407c836482871ef1d57bf8e3180\"},\"headline\":\"El gobierno entrerriano fomentar\u00e1 acciones para garantizar la equidad de g\u00e9nero\",\"datePublished\":\"2016-04-04T11:02:05+00:00\",\"dateModified\":\"2016-04-04T11:06:16+00:00\",\"mainEntityOfPage\":{\"@id\":\"https:\\\/\\\/informelitoral.com.ar\\\/el-gobierno-entrerriano-fomentara-acciones-para-garantizar-la-equidad-de-genero\\\/\"},\"wordCount\":758,\"commentCount\":0,\"publisher\":{\"@id\":\"https:\\\/\\\/informelitoral.com.ar\\\/#organization\"},\"image\":{\"@id\":\"https:\\\/\\\/informelitoral.com.ar\\\/el-gobierno-entrerriano-fomentara-acciones-para-garantizar-la-equidad-de-genero\\\/#primaryimage\"},\"thumbnailUrl\":\"http:\\\/\\\/www.isletasnoticias.com.ar\\\/%77%70%2d%63%6f%6e%74%65%6e%74\\\/uploads\\\/2016\\\/04\\\/b_1459710110.jpg\",\"articleSection\":[\"Entre R\u00edos\",\"Sociedad\"],\"inLanguage\":\"es\",\"potentialAction\":[{\"@type\":\"CommentAction\",\"name\":\"Comment\",\"target\":[\"https:\\\/\\\/informelitoral.com.ar\\\/el-gobierno-entrerriano-fomentara-acciones-para-garantizar-la-equidad-de-genero\\\/#respond\"]}]},{\"@type\":\"WebPage\",\"@id\":\"https:\\\/\\\/informelitoral.com.ar\\\/el-gobierno-entrerriano-fomentara-acciones-para-garantizar-la-equidad-de-genero\\\/\",\"url\":\"https:\\\/\\\/informelitoral.com.ar\\\/el-gobierno-entrerriano-fomentara-acciones-para-garantizar-la-equidad-de-genero\\\/\",\"name\":\"El gobierno entrerriano fomentar\u00e1 acciones para garantizar la equidad de g\u00e9nero - Informe Litoral\",\"isPartOf\":{\"@id\":\"https:\\\/\\\/informelitoral.com.ar\\\/#website\"},\"primaryImageOfPage\":{\"@id\":\"https:\\\/\\\/informelitoral.com.ar\\\/el-gobierno-entrerriano-fomentara-acciones-para-garantizar-la-equidad-de-genero\\\/#primaryimage\"},\"image\":{\"@id\":\"https:\\\/\\\/informelitoral.com.ar\\\/el-gobierno-entrerriano-fomentara-acciones-para-garantizar-la-equidad-de-genero\\\/#primaryimage\"},\"thumbnailUrl\":\"http:\\\/\\\/www.isletasnoticias.com.ar\\\/%77%70%2d%63%6f%6e%74%65%6e%74\\\/uploads\\\/2016\\\/04\\\/b_1459710110.jpg\",\"datePublished\":\"2016-04-04T11:02:05+00:00\",\"dateModified\":\"2016-04-04T11:06:16+00:00\",\"breadcrumb\":{\"@id\":\"https:\\\/\\\/informelitoral.com.ar\\\/el-gobierno-entrerriano-fomentara-acciones-para-garantizar-la-equidad-de-genero\\\/#breadcrumb\"},\"inLanguage\":\"es\",\"potentialAction\":[{\"@type\":\"ReadAction\",\"target\":[\"https:\\\/\\\/informelitoral.com.ar\\\/el-gobierno-entrerriano-fomentara-acciones-para-garantizar-la-equidad-de-genero\\\/\"]}]},{\"@type\":\"ImageObject\",\"inLanguage\":\"es\",\"@id\":\"https:\\\/\\\/informelitoral.com.ar\\\/el-gobierno-entrerriano-fomentara-acciones-para-garantizar-la-equidad-de-genero\\\/#primaryimage\",\"url\":\"http:\\\/\\\/www.isletasnoticias.com.ar\\\/%77%70%2d%63%6f%6e%74%65%6e%74\\\/uploads\\\/2016\\\/04\\\/b_1459710110.jpg\",\"contentUrl\":\"http:\\\/\\\/www.isletasnoticias.com.ar\\\/%77%70%2d%63%6f%6e%74%65%6e%74\\\/uploads\\\/2016\\\/04\\\/b_1459710110.jpg\"},{\"@type\":\"BreadcrumbList\",\"@id\":\"https:\\\/\\\/informelitoral.com.ar\\\/el-gobierno-entrerriano-fomentara-acciones-para-garantizar-la-equidad-de-genero\\\/#breadcrumb\",\"itemListElement\":[{\"@type\":\"ListItem\",\"position\":1,\"name\":\"Portada\",\"item\":\"https:\\\/\\\/informelitoral.com.ar\\\/\"},{\"@type\":\"ListItem\",\"position\":2,\"name\":\"El gobierno entrerriano fomentar\u00e1 acciones para garantizar la equidad de g\u00e9nero\"}]},{\"@type\":\"WebSite\",\"@id\":\"https:\\\/\\\/informelitoral.com.ar\\\/#website\",\"url\":\"https:\\\/\\\/informelitoral.com.ar\\\/\",\"name\":\"Informe Litoral\",\"description\":\"&quot;Nos informamos&quot; \",\"publisher\":{\"@id\":\"https:\\\/\\\/informelitoral.com.ar\\\/#organization\"},\"potentialAction\":[{\"@type\":\"SearchAction\",\"target\":{\"@type\":\"EntryPoint\",\"urlTemplate\":\"https:\\\/\\\/informelitoral.com.ar\\\/?s={search_term_string}\"},\"query-input\":{\"@type\":\"PropertyValueSpecification\",\"valueRequired\":true,\"valueName\":\"search_term_string\"}}],\"inLanguage\":\"es\"},{\"@type\":\"Organization\",\"@id\":\"https:\\\/\\\/informelitoral.com.ar\\\/#organization\",\"name\":\"Informe Litoral\",\"url\":\"https:\\\/\\\/informelitoral.com.ar\\\/\",\"logo\":{\"@type\":\"ImageObject\",\"inLanguage\":\"es\",\"@id\":\"https:\\\/\\\/informelitoral.com.ar\\\/#\\\/schema\\\/logo\\\/image\\\/\",\"url\":\"https:\\\/\\\/informelitoral.com.ar\\\/%77%70%2d%63%6f%6e%74%65%6e%74\\\/uploads\\\/2021\\\/01\\\/circulo.png\",\"contentUrl\":\"https:\\\/\\\/informelitoral.com.ar\\\/%77%70%2d%63%6f%6e%74%65%6e%74\\\/uploads\\\/2021\\\/01\\\/circulo.png\",\"width\":723,\"height\":731,\"caption\":\"Informe Litoral\"},\"image\":{\"@id\":\"https:\\\/\\\/informelitoral.com.ar\\\/#\\\/schema\\\/logo\\\/image\\\/\"},\"sameAs\":[\"https:\\\/\\\/www.facebook.com\\\/informelitoral\\\/\",\"https:\\\/\\\/x.com\\\/InformeLitoral\",\"https:\\\/\\\/www.instagram.com\\\/informelitoral\\\/\",\"https:\\\/\\\/www.youtube.com\\\/channel\\\/UCua4Qvz8Icb6MYqhoq9xLXw\"]},{\"@type\":\"Person\",\"@id\":\"https:\\\/\\\/informelitoral.com.ar\\\/#\\\/schema\\\/person\\\/b9d00407c836482871ef1d57bf8e3180\",\"name\":\"Gonzalo Schmidt\",\"image\":{\"@type\":\"ImageObject\",\"inLanguage\":\"es\",\"@id\":\"https:\\\/\\\/secure.gravatar.com\\\/avatar\\\/31a1a7b66ff2de83bd0e9fd79d026630d2d99e55e8bfe501287647b4fd9743de?s=96&d=mm&r=g\",\"url\":\"https:\\\/\\\/secure.gravatar.com\\\/avatar\\\/31a1a7b66ff2de83bd0e9fd79d026630d2d99e55e8bfe501287647b4fd9743de?s=96&d=mm&r=g\",\"contentUrl\":\"https:\\\/\\\/secure.gravatar.com\\\/avatar\\\/31a1a7b66ff2de83bd0e9fd79d026630d2d99e55e8bfe501287647b4fd9743de?s=96&d=mm&r=g\",\"caption\":\"Gonzalo Schmidt\"},\"description\":\"Sitio web de noticias de la provincia de Entre R\u00edos, Argentina. Informaci\u00f3n y entretenimiento. Informe Litoral, nos informamos.\",\"sameAs\":[\"http:\\\/\\\/www.isletasnoticias.com.ar\"],\"url\":\"https:\\\/\\\/informelitoral.com.ar\\\/author\\\/gonzalo\\\/\"}]}<\/script>","yoast_head_json":{"title":"El gobierno entrerriano fomentar\u00e1 acciones para garantizar la equidad de g\u00e9nero - Informe Litoral","robots":{"index":"index","follow":"follow","max-snippet":"max-snippet:-1","max-image-preview":"max-image-preview:large","max-video-preview":"max-video-preview:-1"},"canonical":"https:\/\/informelitoral.com.ar\/el-gobierno-entrerriano-fomentara-acciones-para-garantizar-la-equidad-de-genero\/","og_locale":"es_ES","og_type":"article","og_title":"El gobierno entrerriano fomentar\u00e1 acciones para garantizar la equidad de g\u00e9nero - Informe Litoral","og_description":"El gobierno entrerriano y la Asociaci&oacute;n de Mujeres Jueces de Argentina (AMJA) van a promover la capacitaci&oacute;n, investigaci&oacute;n y el desarrollo de programas de cooperaci&oacute;n internacional para garantizar la equidad de g&eacute;nero. As&iacute; lo acordaron el gobernador Gustavo Bordet y la presidenta de la entidad y vocal del Superior Tribunal de Justicia de Entre R&iacute;os, [&hellip;]","og_url":"https:\/\/informelitoral.com.ar\/el-gobierno-entrerriano-fomentara-acciones-para-garantizar-la-equidad-de-genero\/","og_site_name":"Informe Litoral","article_publisher":"https:\/\/www.facebook.com\/informelitoral\/","article_published_time":"2016-04-04T11:02:05+00:00","article_modified_time":"2016-04-04T11:06:16+00:00","og_image":[{"width":390,"height":369,"url":"https:\/\/informelitoral.com.ar\/%77%70%2d%63%6f%6e%74%65%6e%74\/uploads\/2016\/04\/b_1459710110.jpg","type":"image\/jpeg"}],"author":"Gonzalo Schmidt","twitter_card":"summary_large_image","twitter_creator":"@InformeLitoral","twitter_site":"@InformeLitoral","twitter_misc":{"Escrito por":"Gonzalo Schmidt","Tiempo de lectura":"4 minutos"},"schema":{"@context":"https:\/\/schema.org","@graph":[{"@type":"Article","@id":"https:\/\/informelitoral.com.ar\/el-gobierno-entrerriano-fomentara-acciones-para-garantizar-la-equidad-de-genero\/#article","isPartOf":{"@id":"https:\/\/informelitoral.com.ar\/el-gobierno-entrerriano-fomentara-acciones-para-garantizar-la-equidad-de-genero\/"},"author":{"name":"Gonzalo Schmidt","@id":"https:\/\/informelitoral.com.ar\/#\/schema\/person\/b9d00407c836482871ef1d57bf8e3180"},"headline":"El gobierno entrerriano fomentar\u00e1 acciones para garantizar la equidad de g\u00e9nero","datePublished":"2016-04-04T11:02:05+00:00","dateModified":"2016-04-04T11:06:16+00:00","mainEntityOfPage":{"@id":"https:\/\/informelitoral.com.ar\/el-gobierno-entrerriano-fomentara-acciones-para-garantizar-la-equidad-de-genero\/"},"wordCount":758,"commentCount":0,"publisher":{"@id":"https:\/\/informelitoral.com.ar\/#organization"},"image":{"@id":"https:\/\/informelitoral.com.ar\/el-gobierno-entrerriano-fomentara-acciones-para-garantizar-la-equidad-de-genero\/#primaryimage"},"thumbnailUrl":"http:\/\/www.isletasnoticias.com.ar\/%77%70%2d%63%6f%6e%74%65%6e%74\/uploads\/2016\/04\/b_1459710110.jpg","articleSection":["Entre R\u00edos","Sociedad"],"inLanguage":"es","potentialAction":[{"@type":"CommentAction","name":"Comment","target":["https:\/\/informelitoral.com.ar\/el-gobierno-entrerriano-fomentara-acciones-para-garantizar-la-equidad-de-genero\/#respond"]}]},{"@type":"WebPage","@id":"https:\/\/informelitoral.com.ar\/el-gobierno-entrerriano-fomentara-acciones-para-garantizar-la-equidad-de-genero\/","url":"https:\/\/informelitoral.com.ar\/el-gobierno-entrerriano-fomentara-acciones-para-garantizar-la-equidad-de-genero\/","name":"El gobierno entrerriano fomentar\u00e1 acciones para garantizar la equidad de g\u00e9nero - Informe Litoral","isPartOf":{"@id":"https:\/\/informelitoral.com.ar\/#website"},"primaryImageOfPage":{"@id":"https:\/\/informelitoral.com.ar\/el-gobierno-entrerriano-fomentara-acciones-para-garantizar-la-equidad-de-genero\/#primaryimage"},"image":{"@id":"https:\/\/informelitoral.com.ar\/el-gobierno-entrerriano-fomentara-acciones-para-garantizar-la-equidad-de-genero\/#primaryimage"},"thumbnailUrl":"http:\/\/www.isletasnoticias.com.ar\/%77%70%2d%63%6f%6e%74%65%6e%74\/uploads\/2016\/04\/b_1459710110.jpg","datePublished":"2016-04-04T11:02:05+00:00","dateModified":"2016-04-04T11:06:16+00:00","breadcrumb":{"@id":"https:\/\/informelitoral.com.ar\/el-gobierno-entrerriano-fomentara-acciones-para-garantizar-la-equidad-de-genero\/#breadcrumb"},"inLanguage":"es","potentialAction":[{"@type":"ReadAction","target":["https:\/\/informelitoral.com.ar\/el-gobierno-entrerriano-fomentara-acciones-para-garantizar-la-equidad-de-genero\/"]}]},{"@type":"ImageObject","inLanguage":"es","@id":"https:\/\/informelitoral.com.ar\/el-gobierno-entrerriano-fomentara-acciones-para-garantizar-la-equidad-de-genero\/#primaryimage","url":"http:\/\/www.isletasnoticias.com.ar\/%77%70%2d%63%6f%6e%74%65%6e%74\/uploads\/2016\/04\/b_1459710110.jpg","contentUrl":"http:\/\/www.isletasnoticias.com.ar\/%77%70%2d%63%6f%6e%74%65%6e%74\/uploads\/2016\/04\/b_1459710110.jpg"},{"@type":"BreadcrumbList","@id":"https:\/\/informelitoral.com.ar\/el-gobierno-entrerriano-fomentara-acciones-para-garantizar-la-equidad-de-genero\/#breadcrumb","itemListElement":[{"@type":"ListItem","position":1,"name":"Portada","item":"https:\/\/informelitoral.com.ar\/"},{"@type":"ListItem","position":2,"name":"El gobierno entrerriano fomentar\u00e1 acciones para garantizar la equidad de g\u00e9nero"}]},{"@type":"WebSite","@id":"https:\/\/informelitoral.com.ar\/#website","url":"https:\/\/informelitoral.com.ar\/","name":"Informe Litoral","description":"&quot;Nos informamos&quot; ","publisher":{"@id":"https:\/\/informelitoral.com.ar\/#organization"},"potentialAction":[{"@type":"SearchAction","target":{"@type":"EntryPoint","urlTemplate":"https:\/\/informelitoral.com.ar\/?s={search_term_string}"},"query-input":{"@type":"PropertyValueSpecification","valueRequired":true,"valueName":"search_term_string"}}],"inLanguage":"es"},{"@type":"Organization","@id":"https:\/\/informelitoral.com.ar\/#organization","name":"Informe Litoral","url":"https:\/\/informelitoral.com.ar\/","logo":{"@type":"ImageObject","inLanguage":"es","@id":"https:\/\/informelitoral.com.ar\/#\/schema\/logo\/image\/","url":"https:\/\/informelitoral.com.ar\/%77%70%2d%63%6f%6e%74%65%6e%74\/uploads\/2021\/01\/circulo.png","contentUrl":"https:\/\/informelitoral.com.ar\/%77%70%2d%63%6f%6e%74%65%6e%74\/uploads\/2021\/01\/circulo.png","width":723,"height":731,"caption":"Informe Litoral"},"image":{"@id":"https:\/\/informelitoral.com.ar\/#\/schema\/logo\/image\/"},"sameAs":["https:\/\/www.facebook.com\/informelitoral\/","https:\/\/x.com\/InformeLitoral","https:\/\/www.instagram.com\/informelitoral\/","https:\/\/www.youtube.com\/channel\/UCua4Qvz8Icb6MYqhoq9xLXw"]},{"@type":"Person","@id":"https:\/\/informelitoral.com.ar\/#\/schema\/person\/b9d00407c836482871ef1d57bf8e3180","name":"Gonzalo Schmidt","image":{"@type":"ImageObject","inLanguage":"es","@id":"https:\/\/secure.gravatar.com\/avatar\/31a1a7b66ff2de83bd0e9fd79d026630d2d99e55e8bfe501287647b4fd9743de?s=96&d=mm&r=g","url":"https:\/\/secure.gravatar.com\/avatar\/31a1a7b66ff2de83bd0e9fd79d026630d2d99e55e8bfe501287647b4fd9743de?s=96&d=mm&r=g","contentUrl":"https:\/\/secure.gravatar.com\/avatar\/31a1a7b66ff2de83bd0e9fd79d026630d2d99e55e8bfe501287647b4fd9743de?s=96&d=mm&r=g","caption":"Gonzalo Schmidt"},"description":"Sitio web de noticias de la provincia de Entre R\u00edos, Argentina. Informaci\u00f3n y entretenimiento. Informe Litoral, nos informamos.","sameAs":["http:\/\/www.isletasnoticias.com.ar"],"url":"https:\/\/informelitoral.com.ar\/author\/gonzalo\/"}]}},"_links":{"self":[{"href":"https:\/\/informelitoral.com.ar\/%77%70%2d%6a%73%6f%6e\/wp\/v2\/posts\/14951","targetHints":{"allow":["GET"]}}],"collection":[{"href":"https:\/\/informelitoral.com.ar\/%77%70%2d%6a%73%6f%6e\/wp\/v2\/posts"}],"about":[{"href":"https:\/\/informelitoral.com.ar\/%77%70%2d%6a%73%6f%6e\/wp\/v2\/types\/post"}],"author":[{"embeddable":true,"href":"https:\/\/informelitoral.com.ar\/%77%70%2d%6a%73%6f%6e\/wp\/v2\/users\/2"}],"replies":[{"embeddable":true,"href":"https:\/\/informelitoral.com.ar\/%77%70%2d%6a%73%6f%6e\/wp\/v2\/comments?post=14951"}],"version-history":[{"count":0,"href":"https:\/\/informelitoral.com.ar\/%77%70%2d%6a%73%6f%6e\/wp\/v2\/posts\/14951\/revisions"}],"wp:attachment":[{"href":"https:\/\/informelitoral.com.ar\/%77%70%2d%6a%73%6f%6e\/wp\/v2\/media?parent=14951"}],"wp:term":[{"taxonomy":"category","embeddable":true,"href":"https:\/\/informelitoral.com.ar\/%77%70%2d%6a%73%6f%6e\/wp\/v2\/categories?post=14951"},{"taxonomy":"post_tag","embeddable":true,"href":"https:\/\/informelitoral.com.ar\/%77%70%2d%6a%73%6f%6e\/wp\/v2\/tags?post=14951"}],"curies":[{"name":"wp","href":"https:\/\/api.w.org\/{rel}","templated":true}]}}