{"id":149327,"date":"2023-05-20T12:31:41","date_gmt":"2023-05-20T15:31:41","guid":{"rendered":"https:\/\/www.informelitoral.com.ar\/?p=149327"},"modified":"2023-05-20T12:31:58","modified_gmt":"2023-05-20T15:31:58","slug":"stratta-valoro-el-rol-de-las-organizaciones-e-instituciones-que-fortalecen-el-tejido-social","status":"publish","type":"post","link":"https:\/\/informelitoral.com.ar\/stratta-valoro-el-rol-de-las-organizaciones-e-instituciones-que-fortalecen-el-tejido-social\/","title":{"rendered":"Stratta valor\u00f3 el rol de las organizaciones e instituciones que \u00abfortalecen el tejido social\u00bb"},"content":{"rendered":"<p><strong>La vicegobernadora Laura Stratta estuvo este viernes por la ma\u00f1ana en el Hogar de Cristo Nuestra Se\u00f1ora de Lourdes, de Paran\u00e1.<\/strong> Tras recorrer las instalaciones, mantuvo una charla con las y los coordinadores del espacio y tambi\u00e9n con quienes asisten a la instituci\u00f3n.<\/p>\n<p>\u201cTrabajar junto a quienes llevan adelante proyectos colectivos y solidarios, es un compromiso que sostenemos porque sabemos de la valiosa tarea que desarrollan las organizaciones e instituciones para fortalecer el tejido social\u201d, se\u00f1al\u00f3 Stratta y destac\u00f3 este proyecto que permite \u201crecomponer lazos y abrir puertas a quienes m\u00e1s lo necesitan, construyendo sentido de pertenencia y comunidad\u201d.<\/p>\n<h4><strong>Una estrategia comunitaria para acompa\u00f1ar la vida<\/strong><\/h4>\n<p><strong><a href=\"https:\/\/www.informelitoral.com.ar\/%77%70%2d%63%6f%6e%74%65%6e%74\/uploads\/2023\/05\/1684531770jpg.jpg\"><img loading=\"lazy\" decoding=\"async\" class=\"aligncenter wp-image-149329 size-full\" src=\"https:\/\/www.informelitoral.com.ar\/%77%70%2d%63%6f%6e%74%65%6e%74\/uploads\/2023\/05\/1684531770jpg.jpg\" alt=\"\" width=\"1920\" height=\"1280\" srcset=\"https:\/\/informelitoral.com.ar\/%77%70%2d%63%6f%6e%74%65%6e%74\/uploads\/2023\/05\/1684531770jpg.jpg 1920w, https:\/\/informelitoral.com.ar\/%77%70%2d%63%6f%6e%74%65%6e%74\/uploads\/2023\/05\/1684531770jpg-300x200.jpg 300w, https:\/\/informelitoral.com.ar\/%77%70%2d%63%6f%6e%74%65%6e%74\/uploads\/2023\/05\/1684531770jpg-1024x683.jpg 1024w, https:\/\/informelitoral.com.ar\/%77%70%2d%63%6f%6e%74%65%6e%74\/uploads\/2023\/05\/1684531770jpg-768x512.jpg 768w, https:\/\/informelitoral.com.ar\/%77%70%2d%63%6f%6e%74%65%6e%74\/uploads\/2023\/05\/1684531770jpg-1536x1024.jpg 1536w, https:\/\/informelitoral.com.ar\/%77%70%2d%63%6f%6e%74%65%6e%74\/uploads\/2023\/05\/1684531770jpg-696x464.jpg 696w, https:\/\/informelitoral.com.ar\/%77%70%2d%63%6f%6e%74%65%6e%74\/uploads\/2023\/05\/1684531770jpg-1068x712.jpg 1068w, https:\/\/informelitoral.com.ar\/%77%70%2d%63%6f%6e%74%65%6e%74\/uploads\/2023\/05\/1684531770jpg-630x420.jpg 630w\" sizes=\"auto, (max-width: 1920px) 100vw, 1920px\" \/><\/a><\/strong>Los Centros Barriales de la Familia Grande del Hogar de Cristo \u201creciben la vida como viene, en su totalidad y complejidad\u201d. Tienen como finalidad dar respuesta integral a situaciones de vulnerabilidad social y\/o consumos problem\u00e1ticos de sustancias, poniendo en primer lugar a la persona y sus cualidades. Est\u00e1n presentes en todo el pa\u00eds a trav\u00e9s de 280 programas sociales, su referente a nivel nacional es el Padre Jos\u00e9 \u201cPepe\u201d Di Paola.<\/p>\n<p>Esta red de contenci\u00f3n que se fue consolidando a lo largo de este tiempo, lleg\u00f3 a Entre R\u00edos para tender una mano a quienes lo necesitan. En Paran\u00e1 abrieron sus puertas en el 2018 y en el 2022, acompa\u00f1ando a mujeres y ni\u00f1os en situaci\u00f3n de adicciones, violencia y vulnerabilidad habitacional. En el Hogar aprenden oficios, comparten espacios de encuentro junto a voluntarios que los acompa\u00f1an en sus ganas de superarse.<\/p>\n<p>Quienes quieran asistir o colaborar con el Hogar de Cristo Nuestra Se\u00f1ora de Lourdes, pueden hacerlo los lunes, mi\u00e9rcoles y viernes 10 a 16, en estos d\u00edas y horarios se comparte desayuno, almuerzo y talleres en oficio. En tanto, los martes y jueves tambi\u00e9n de 10 a 16 se brinda un espacio de formaci\u00f3n y reinserci\u00f3n laboral para quienes transitan la segunda etapa del tratamiento. Los jueves est\u00e1n destinados al acompa\u00f1amiento escolar de adolescentes de 18.30 a 20. La direcci\u00f3n es 25 de Junio 876, esquina Sarmiento de Paran\u00e1.<\/p>\n","protected":false},"excerpt":{"rendered":"<p>La vicegobernadora visit\u00f3 este viernes el Hogar de Cristo Nuestra Se\u00f1ora de Lourdes, de Paran\u00e1. All\u00ed, recorri\u00f3 las instalaciones y dialog\u00f3 con las y los coordinadores de la instituci\u00f3n sobre la valiosa y comprometida tarea que realizan a diario. <\/p>\n","protected":false},"author":2,"featured_media":149328,"comment_status":"open","ping_status":"open","sticky":false,"template":"","format":"standard","meta":{"fifu_image_url":"","fifu_image_alt":"","footnotes":""},"categories":[16],"tags":[680,45,1654],"class_list":{"0":"post-149327","1":"post","2":"type-post","3":"status-publish","4":"format-standard","5":"has-post-thumbnail","7":"category-politi","8":"tag-laura-stratta","9":"tag-parana","10":"tag-vicegobernacion"},"yoast_head":"<title>Stratta valor\u00f3 el rol de las organizaciones e instituciones que &quot;fortalecen el tejido social&quot; - Informe Litoral<\/title>\n<meta name=\"robots\" content=\"index, follow, max-snippet:-1, max-image-preview:large, max-video-preview:-1\" \/>\n<link rel=\"canonical\" href=\"https:\/\/informelitoral.com.ar\/stratta-valoro-el-rol-de-las-organizaciones-e-instituciones-que-fortalecen-el-tejido-social\/\" \/>\n<meta property=\"og:locale\" content=\"es_ES\" \/>\n<meta property=\"og:type\" content=\"article\" \/>\n<meta property=\"og:title\" content=\"Stratta valor\u00f3 el rol de las organizaciones e instituciones que &quot;fortalecen el tejido social&quot; - Informe Litoral\" \/>\n<meta property=\"og:description\" content=\"La vicegobernadora visit\u00f3 este viernes el Hogar de Cristo Nuestra Se\u00f1ora de Lourdes, de Paran\u00e1. All\u00ed, recorri\u00f3 las instalaciones y dialog\u00f3 con las y los coordinadores de la instituci\u00f3n sobre la valiosa y comprometida tarea que realizan a diario.\" \/>\n<meta property=\"og:url\" content=\"https:\/\/informelitoral.com.ar\/stratta-valoro-el-rol-de-las-organizaciones-e-instituciones-que-fortalecen-el-tejido-social\/\" \/>\n<meta property=\"og:site_name\" content=\"Informe Litoral\" \/>\n<meta property=\"article:publisher\" content=\"https:\/\/www.facebook.com\/informelitoral\/\" \/>\n<meta property=\"article:published_time\" content=\"2023-05-20T15:31:41+00:00\" \/>\n<meta property=\"article:modified_time\" content=\"2023-05-20T15:31:58+00:00\" \/>\n<meta property=\"og:image\" content=\"https:\/\/informelitoral.com.ar\/%77%70%2d%63%6f%6e%74%65%6e%74\/uploads\/2023\/05\/1684531761jpg.jpg\" \/>\n\t<meta property=\"og:image:width\" content=\"1920\" \/>\n\t<meta property=\"og:image:height\" content=\"1280\" \/>\n\t<meta property=\"og:image:type\" content=\"image\/jpeg\" \/>\n<meta name=\"author\" content=\"Gonzalo Schmidt\" \/>\n<meta name=\"twitter:card\" content=\"summary_large_image\" \/>\n<meta name=\"twitter:creator\" content=\"@InformeLitoral\" \/>\n<meta name=\"twitter:site\" content=\"@InformeLitoral\" \/>\n<meta name=\"twitter:label1\" content=\"Escrito por\" \/>\n\t<meta name=\"twitter:data1\" content=\"Gonzalo Schmidt\" \/>\n\t<meta name=\"twitter:label2\" content=\"Tiempo de lectura\" \/>\n\t<meta name=\"twitter:data2\" content=\"2 minutos\" \/>\n<script type=\"application\/ld+json\" class=\"yoast-schema-graph\">{\"@context\":\"https:\\\/\\\/schema.org\",\"@graph\":[{\"@type\":\"Article\",\"@id\":\"https:\\\/\\\/informelitoral.com.ar\\\/stratta-valoro-el-rol-de-las-organizaciones-e-instituciones-que-fortalecen-el-tejido-social\\\/#article\",\"isPartOf\":{\"@id\":\"https:\\\/\\\/informelitoral.com.ar\\\/stratta-valoro-el-rol-de-las-organizaciones-e-instituciones-que-fortalecen-el-tejido-social\\\/\"},\"author\":{\"name\":\"Gonzalo Schmidt\",\"@id\":\"https:\\\/\\\/informelitoral.com.ar\\\/#\\\/schema\\\/person\\\/b9d00407c836482871ef1d57bf8e3180\"},\"headline\":\"Stratta valor\u00f3 el rol de las organizaciones e instituciones que \u00abfortalecen el tejido social\u00bb\",\"datePublished\":\"2023-05-20T15:31:41+00:00\",\"dateModified\":\"2023-05-20T15:31:58+00:00\",\"mainEntityOfPage\":{\"@id\":\"https:\\\/\\\/informelitoral.com.ar\\\/stratta-valoro-el-rol-de-las-organizaciones-e-instituciones-que-fortalecen-el-tejido-social\\\/\"},\"wordCount\":367,\"commentCount\":0,\"publisher\":{\"@id\":\"https:\\\/\\\/informelitoral.com.ar\\\/#organization\"},\"image\":{\"@id\":\"https:\\\/\\\/informelitoral.com.ar\\\/stratta-valoro-el-rol-de-las-organizaciones-e-instituciones-que-fortalecen-el-tejido-social\\\/#primaryimage\"},\"thumbnailUrl\":\"https:\\\/\\\/informelitoral.com.ar\\\/%77%70%2d%63%6f%6e%74%65%6e%74\\\/uploads\\\/2023\\\/05\\\/1684531761jpg.jpg\",\"keywords\":[\"Laura Stratta\",\"Paran\u00e1\",\"Vicegobernacion\"],\"articleSection\":[\"Politica\"],\"inLanguage\":\"es\",\"potentialAction\":[{\"@type\":\"CommentAction\",\"name\":\"Comment\",\"target\":[\"https:\\\/\\\/informelitoral.com.ar\\\/stratta-valoro-el-rol-de-las-organizaciones-e-instituciones-que-fortalecen-el-tejido-social\\\/#respond\"]}]},{\"@type\":\"WebPage\",\"@id\":\"https:\\\/\\\/informelitoral.com.ar\\\/stratta-valoro-el-rol-de-las-organizaciones-e-instituciones-que-fortalecen-el-tejido-social\\\/\",\"url\":\"https:\\\/\\\/informelitoral.com.ar\\\/stratta-valoro-el-rol-de-las-organizaciones-e-instituciones-que-fortalecen-el-tejido-social\\\/\",\"name\":\"Stratta valor\u00f3 el rol de las organizaciones e instituciones que \\\"fortalecen el tejido social\\\" - Informe Litoral\",\"isPartOf\":{\"@id\":\"https:\\\/\\\/informelitoral.com.ar\\\/#website\"},\"primaryImageOfPage\":{\"@id\":\"https:\\\/\\\/informelitoral.com.ar\\\/stratta-valoro-el-rol-de-las-organizaciones-e-instituciones-que-fortalecen-el-tejido-social\\\/#primaryimage\"},\"image\":{\"@id\":\"https:\\\/\\\/informelitoral.com.ar\\\/stratta-valoro-el-rol-de-las-organizaciones-e-instituciones-que-fortalecen-el-tejido-social\\\/#primaryimage\"},\"thumbnailUrl\":\"https:\\\/\\\/informelitoral.com.ar\\\/%77%70%2d%63%6f%6e%74%65%6e%74\\\/uploads\\\/2023\\\/05\\\/1684531761jpg.jpg\",\"datePublished\":\"2023-05-20T15:31:41+00:00\",\"dateModified\":\"2023-05-20T15:31:58+00:00\",\"breadcrumb\":{\"@id\":\"https:\\\/\\\/informelitoral.com.ar\\\/stratta-valoro-el-rol-de-las-organizaciones-e-instituciones-que-fortalecen-el-tejido-social\\\/#breadcrumb\"},\"inLanguage\":\"es\",\"potentialAction\":[{\"@type\":\"ReadAction\",\"target\":[\"https:\\\/\\\/informelitoral.com.ar\\\/stratta-valoro-el-rol-de-las-organizaciones-e-instituciones-que-fortalecen-el-tejido-social\\\/\"]}]},{\"@type\":\"ImageObject\",\"inLanguage\":\"es\",\"@id\":\"https:\\\/\\\/informelitoral.com.ar\\\/stratta-valoro-el-rol-de-las-organizaciones-e-instituciones-que-fortalecen-el-tejido-social\\\/#primaryimage\",\"url\":\"https:\\\/\\\/informelitoral.com.ar\\\/%77%70%2d%63%6f%6e%74%65%6e%74\\\/uploads\\\/2023\\\/05\\\/1684531761jpg.jpg\",\"contentUrl\":\"https:\\\/\\\/informelitoral.com.ar\\\/%77%70%2d%63%6f%6e%74%65%6e%74\\\/uploads\\\/2023\\\/05\\\/1684531761jpg.jpg\",\"width\":1920,\"height\":1280},{\"@type\":\"BreadcrumbList\",\"@id\":\"https:\\\/\\\/informelitoral.com.ar\\\/stratta-valoro-el-rol-de-las-organizaciones-e-instituciones-que-fortalecen-el-tejido-social\\\/#breadcrumb\",\"itemListElement\":[{\"@type\":\"ListItem\",\"position\":1,\"name\":\"Portada\",\"item\":\"https:\\\/\\\/informelitoral.com.ar\\\/\"},{\"@type\":\"ListItem\",\"position\":2,\"name\":\"Stratta valor\u00f3 el rol de las organizaciones e instituciones que \u00abfortalecen el tejido social\u00bb\"}]},{\"@type\":\"WebSite\",\"@id\":\"https:\\\/\\\/informelitoral.com.ar\\\/#website\",\"url\":\"https:\\\/\\\/informelitoral.com.ar\\\/\",\"name\":\"Informe Litoral\",\"description\":\"&quot;Nos informamos&quot; \",\"publisher\":{\"@id\":\"https:\\\/\\\/informelitoral.com.ar\\\/#organization\"},\"potentialAction\":[{\"@type\":\"SearchAction\",\"target\":{\"@type\":\"EntryPoint\",\"urlTemplate\":\"https:\\\/\\\/informelitoral.com.ar\\\/?s={search_term_string}\"},\"query-input\":{\"@type\":\"PropertyValueSpecification\",\"valueRequired\":true,\"valueName\":\"search_term_string\"}}],\"inLanguage\":\"es\"},{\"@type\":\"Organization\",\"@id\":\"https:\\\/\\\/informelitoral.com.ar\\\/#organization\",\"name\":\"Informe Litoral\",\"url\":\"https:\\\/\\\/informelitoral.com.ar\\\/\",\"logo\":{\"@type\":\"ImageObject\",\"inLanguage\":\"es\",\"@id\":\"https:\\\/\\\/informelitoral.com.ar\\\/#\\\/schema\\\/logo\\\/image\\\/\",\"url\":\"https:\\\/\\\/informelitoral.com.ar\\\/%77%70%2d%63%6f%6e%74%65%6e%74\\\/uploads\\\/2021\\\/01\\\/circulo.png\",\"contentUrl\":\"https:\\\/\\\/informelitoral.com.ar\\\/%77%70%2d%63%6f%6e%74%65%6e%74\\\/uploads\\\/2021\\\/01\\\/circulo.png\",\"width\":723,\"height\":731,\"caption\":\"Informe Litoral\"},\"image\":{\"@id\":\"https:\\\/\\\/informelitoral.com.ar\\\/#\\\/schema\\\/logo\\\/image\\\/\"},\"sameAs\":[\"https:\\\/\\\/www.facebook.com\\\/informelitoral\\\/\",\"https:\\\/\\\/x.com\\\/InformeLitoral\",\"https:\\\/\\\/www.instagram.com\\\/informelitoral\\\/\",\"https:\\\/\\\/www.youtube.com\\\/channel\\\/UCua4Qvz8Icb6MYqhoq9xLXw\"]},{\"@type\":\"Person\",\"@id\":\"https:\\\/\\\/informelitoral.com.ar\\\/#\\\/schema\\\/person\\\/b9d00407c836482871ef1d57bf8e3180\",\"name\":\"Gonzalo Schmidt\",\"image\":{\"@type\":\"ImageObject\",\"inLanguage\":\"es\",\"@id\":\"https:\\\/\\\/secure.gravatar.com\\\/avatar\\\/31a1a7b66ff2de83bd0e9fd79d026630d2d99e55e8bfe501287647b4fd9743de?s=96&d=mm&r=g\",\"url\":\"https:\\\/\\\/secure.gravatar.com\\\/avatar\\\/31a1a7b66ff2de83bd0e9fd79d026630d2d99e55e8bfe501287647b4fd9743de?s=96&d=mm&r=g\",\"contentUrl\":\"https:\\\/\\\/secure.gravatar.com\\\/avatar\\\/31a1a7b66ff2de83bd0e9fd79d026630d2d99e55e8bfe501287647b4fd9743de?s=96&d=mm&r=g\",\"caption\":\"Gonzalo Schmidt\"},\"description\":\"Sitio web de noticias de la provincia de Entre R\u00edos, Argentina. Informaci\u00f3n y entretenimiento. Informe Litoral, nos informamos.\",\"sameAs\":[\"http:\\\/\\\/www.isletasnoticias.com.ar\"],\"url\":\"https:\\\/\\\/informelitoral.com.ar\\\/author\\\/gonzalo\\\/\"}]}<\/script>","yoast_head_json":{"title":"Stratta valor\u00f3 el rol de las organizaciones e instituciones que \"fortalecen el tejido social\" - Informe Litoral","robots":{"index":"index","follow":"follow","max-snippet":"max-snippet:-1","max-image-preview":"max-image-preview:large","max-video-preview":"max-video-preview:-1"},"canonical":"https:\/\/informelitoral.com.ar\/stratta-valoro-el-rol-de-las-organizaciones-e-instituciones-que-fortalecen-el-tejido-social\/","og_locale":"es_ES","og_type":"article","og_title":"Stratta valor\u00f3 el rol de las organizaciones e instituciones que \"fortalecen el tejido social\" - Informe Litoral","og_description":"La vicegobernadora visit\u00f3 este viernes el Hogar de Cristo Nuestra Se\u00f1ora de Lourdes, de Paran\u00e1. All\u00ed, recorri\u00f3 las instalaciones y dialog\u00f3 con las y los coordinadores de la instituci\u00f3n sobre la valiosa y comprometida tarea que realizan a diario.","og_url":"https:\/\/informelitoral.com.ar\/stratta-valoro-el-rol-de-las-organizaciones-e-instituciones-que-fortalecen-el-tejido-social\/","og_site_name":"Informe Litoral","article_publisher":"https:\/\/www.facebook.com\/informelitoral\/","article_published_time":"2023-05-20T15:31:41+00:00","article_modified_time":"2023-05-20T15:31:58+00:00","og_image":[{"width":1920,"height":1280,"url":"https:\/\/informelitoral.com.ar\/%77%70%2d%63%6f%6e%74%65%6e%74\/uploads\/2023\/05\/1684531761jpg.jpg","type":"image\/jpeg"}],"author":"Gonzalo Schmidt","twitter_card":"summary_large_image","twitter_creator":"@InformeLitoral","twitter_site":"@InformeLitoral","twitter_misc":{"Escrito por":"Gonzalo Schmidt","Tiempo de lectura":"2 minutos"},"schema":{"@context":"https:\/\/schema.org","@graph":[{"@type":"Article","@id":"https:\/\/informelitoral.com.ar\/stratta-valoro-el-rol-de-las-organizaciones-e-instituciones-que-fortalecen-el-tejido-social\/#article","isPartOf":{"@id":"https:\/\/informelitoral.com.ar\/stratta-valoro-el-rol-de-las-organizaciones-e-instituciones-que-fortalecen-el-tejido-social\/"},"author":{"name":"Gonzalo Schmidt","@id":"https:\/\/informelitoral.com.ar\/#\/schema\/person\/b9d00407c836482871ef1d57bf8e3180"},"headline":"Stratta valor\u00f3 el rol de las organizaciones e instituciones que \u00abfortalecen el tejido social\u00bb","datePublished":"2023-05-20T15:31:41+00:00","dateModified":"2023-05-20T15:31:58+00:00","mainEntityOfPage":{"@id":"https:\/\/informelitoral.com.ar\/stratta-valoro-el-rol-de-las-organizaciones-e-instituciones-que-fortalecen-el-tejido-social\/"},"wordCount":367,"commentCount":0,"publisher":{"@id":"https:\/\/informelitoral.com.ar\/#organization"},"image":{"@id":"https:\/\/informelitoral.com.ar\/stratta-valoro-el-rol-de-las-organizaciones-e-instituciones-que-fortalecen-el-tejido-social\/#primaryimage"},"thumbnailUrl":"https:\/\/informelitoral.com.ar\/%77%70%2d%63%6f%6e%74%65%6e%74\/uploads\/2023\/05\/1684531761jpg.jpg","keywords":["Laura Stratta","Paran\u00e1","Vicegobernacion"],"articleSection":["Politica"],"inLanguage":"es","potentialAction":[{"@type":"CommentAction","name":"Comment","target":["https:\/\/informelitoral.com.ar\/stratta-valoro-el-rol-de-las-organizaciones-e-instituciones-que-fortalecen-el-tejido-social\/#respond"]}]},{"@type":"WebPage","@id":"https:\/\/informelitoral.com.ar\/stratta-valoro-el-rol-de-las-organizaciones-e-instituciones-que-fortalecen-el-tejido-social\/","url":"https:\/\/informelitoral.com.ar\/stratta-valoro-el-rol-de-las-organizaciones-e-instituciones-que-fortalecen-el-tejido-social\/","name":"Stratta valor\u00f3 el rol de las organizaciones e instituciones que \"fortalecen el tejido social\" - Informe Litoral","isPartOf":{"@id":"https:\/\/informelitoral.com.ar\/#website"},"primaryImageOfPage":{"@id":"https:\/\/informelitoral.com.ar\/stratta-valoro-el-rol-de-las-organizaciones-e-instituciones-que-fortalecen-el-tejido-social\/#primaryimage"},"image":{"@id":"https:\/\/informelitoral.com.ar\/stratta-valoro-el-rol-de-las-organizaciones-e-instituciones-que-fortalecen-el-tejido-social\/#primaryimage"},"thumbnailUrl":"https:\/\/informelitoral.com.ar\/%77%70%2d%63%6f%6e%74%65%6e%74\/uploads\/2023\/05\/1684531761jpg.jpg","datePublished":"2023-05-20T15:31:41+00:00","dateModified":"2023-05-20T15:31:58+00:00","breadcrumb":{"@id":"https:\/\/informelitoral.com.ar\/stratta-valoro-el-rol-de-las-organizaciones-e-instituciones-que-fortalecen-el-tejido-social\/#breadcrumb"},"inLanguage":"es","potentialAction":[{"@type":"ReadAction","target":["https:\/\/informelitoral.com.ar\/stratta-valoro-el-rol-de-las-organizaciones-e-instituciones-que-fortalecen-el-tejido-social\/"]}]},{"@type":"ImageObject","inLanguage":"es","@id":"https:\/\/informelitoral.com.ar\/stratta-valoro-el-rol-de-las-organizaciones-e-instituciones-que-fortalecen-el-tejido-social\/#primaryimage","url":"https:\/\/informelitoral.com.ar\/%77%70%2d%63%6f%6e%74%65%6e%74\/uploads\/2023\/05\/1684531761jpg.jpg","contentUrl":"https:\/\/informelitoral.com.ar\/%77%70%2d%63%6f%6e%74%65%6e%74\/uploads\/2023\/05\/1684531761jpg.jpg","width":1920,"height":1280},{"@type":"BreadcrumbList","@id":"https:\/\/informelitoral.com.ar\/stratta-valoro-el-rol-de-las-organizaciones-e-instituciones-que-fortalecen-el-tejido-social\/#breadcrumb","itemListElement":[{"@type":"ListItem","position":1,"name":"Portada","item":"https:\/\/informelitoral.com.ar\/"},{"@type":"ListItem","position":2,"name":"Stratta valor\u00f3 el rol de las organizaciones e instituciones que \u00abfortalecen el tejido social\u00bb"}]},{"@type":"WebSite","@id":"https:\/\/informelitoral.com.ar\/#website","url":"https:\/\/informelitoral.com.ar\/","name":"Informe Litoral","description":"&quot;Nos informamos&quot; ","publisher":{"@id":"https:\/\/informelitoral.com.ar\/#organization"},"potentialAction":[{"@type":"SearchAction","target":{"@type":"EntryPoint","urlTemplate":"https:\/\/informelitoral.com.ar\/?s={search_term_string}"},"query-input":{"@type":"PropertyValueSpecification","valueRequired":true,"valueName":"search_term_string"}}],"inLanguage":"es"},{"@type":"Organization","@id":"https:\/\/informelitoral.com.ar\/#organization","name":"Informe Litoral","url":"https:\/\/informelitoral.com.ar\/","logo":{"@type":"ImageObject","inLanguage":"es","@id":"https:\/\/informelitoral.com.ar\/#\/schema\/logo\/image\/","url":"https:\/\/informelitoral.com.ar\/%77%70%2d%63%6f%6e%74%65%6e%74\/uploads\/2021\/01\/circulo.png","contentUrl":"https:\/\/informelitoral.com.ar\/%77%70%2d%63%6f%6e%74%65%6e%74\/uploads\/2021\/01\/circulo.png","width":723,"height":731,"caption":"Informe Litoral"},"image":{"@id":"https:\/\/informelitoral.com.ar\/#\/schema\/logo\/image\/"},"sameAs":["https:\/\/www.facebook.com\/informelitoral\/","https:\/\/x.com\/InformeLitoral","https:\/\/www.instagram.com\/informelitoral\/","https:\/\/www.youtube.com\/channel\/UCua4Qvz8Icb6MYqhoq9xLXw"]},{"@type":"Person","@id":"https:\/\/informelitoral.com.ar\/#\/schema\/person\/b9d00407c836482871ef1d57bf8e3180","name":"Gonzalo Schmidt","image":{"@type":"ImageObject","inLanguage":"es","@id":"https:\/\/secure.gravatar.com\/avatar\/31a1a7b66ff2de83bd0e9fd79d026630d2d99e55e8bfe501287647b4fd9743de?s=96&d=mm&r=g","url":"https:\/\/secure.gravatar.com\/avatar\/31a1a7b66ff2de83bd0e9fd79d026630d2d99e55e8bfe501287647b4fd9743de?s=96&d=mm&r=g","contentUrl":"https:\/\/secure.gravatar.com\/avatar\/31a1a7b66ff2de83bd0e9fd79d026630d2d99e55e8bfe501287647b4fd9743de?s=96&d=mm&r=g","caption":"Gonzalo Schmidt"},"description":"Sitio web de noticias de la provincia de Entre R\u00edos, Argentina. Informaci\u00f3n y entretenimiento. Informe Litoral, nos informamos.","sameAs":["http:\/\/www.isletasnoticias.com.ar"],"url":"https:\/\/informelitoral.com.ar\/author\/gonzalo\/"}]}},"_links":{"self":[{"href":"https:\/\/informelitoral.com.ar\/%77%70%2d%6a%73%6f%6e\/wp\/v2\/posts\/149327","targetHints":{"allow":["GET"]}}],"collection":[{"href":"https:\/\/informelitoral.com.ar\/%77%70%2d%6a%73%6f%6e\/wp\/v2\/posts"}],"about":[{"href":"https:\/\/informelitoral.com.ar\/%77%70%2d%6a%73%6f%6e\/wp\/v2\/types\/post"}],"author":[{"embeddable":true,"href":"https:\/\/informelitoral.com.ar\/%77%70%2d%6a%73%6f%6e\/wp\/v2\/users\/2"}],"replies":[{"embeddable":true,"href":"https:\/\/informelitoral.com.ar\/%77%70%2d%6a%73%6f%6e\/wp\/v2\/comments?post=149327"}],"version-history":[{"count":0,"href":"https:\/\/informelitoral.com.ar\/%77%70%2d%6a%73%6f%6e\/wp\/v2\/posts\/149327\/revisions"}],"wp:featuredmedia":[{"embeddable":true,"href":"https:\/\/informelitoral.com.ar\/%77%70%2d%6a%73%6f%6e\/wp\/v2\/media\/149328"}],"wp:attachment":[{"href":"https:\/\/informelitoral.com.ar\/%77%70%2d%6a%73%6f%6e\/wp\/v2\/media?parent=149327"}],"wp:term":[{"taxonomy":"category","embeddable":true,"href":"https:\/\/informelitoral.com.ar\/%77%70%2d%6a%73%6f%6e\/wp\/v2\/categories?post=149327"},{"taxonomy":"post_tag","embeddable":true,"href":"https:\/\/informelitoral.com.ar\/%77%70%2d%6a%73%6f%6e\/wp\/v2\/tags?post=149327"}],"curies":[{"name":"wp","href":"https:\/\/api.w.org\/{rel}","templated":true}]}}