{"id":149322,"date":"2023-05-20T12:17:14","date_gmt":"2023-05-20T15:17:14","guid":{"rendered":"https:\/\/www.informelitoral.com.ar\/?p=149322"},"modified":"2023-05-20T12:18:19","modified_gmt":"2023-05-20T15:18:19","slug":"exigen-la-reparacion-y-mantenimiento-de-calles-centricas-de-parana","status":"publish","type":"post","link":"https:\/\/informelitoral.com.ar\/exigen-la-reparacion-y-mantenimiento-de-calles-centricas-de-parana\/","title":{"rendered":"Exigen la reparaci\u00f3n y mantenimiento de calles c\u00e9ntricas de Paran\u00e1"},"content":{"rendered":"<p>En la sexta sesi\u00f3n legislativa del a\u00f1o, los ediles de Pol\u00edticas para la Rep\u00fablica presentaron un proyecto de resoluci\u00f3n instando al Departamento Ejecutivo Municipal a la <strong>reparaci\u00f3n de de las calles C\u00f3rdoba y Santa Fe, calles c\u00e9ntricas de la ciudad, donde circula \u201cel 70% de las l\u00edneas de colectivos, y se realizan transbordos de personas de forma ininterrumpida\u201d.<\/strong><\/p>\n<p>Al ser consultada sobre el porqu\u00e9 de este proyecto, la concejal <strong>Anabel Beccar\u00eda<\/strong> se pronunci\u00f3: \u201des indispensable que estas calles sean reparadas a la brevedad, ya que en esos tramos hay establecimientos e instituciones de vital importancia, no s\u00f3lo para la ciudad sino tambi\u00e9n para nuestra provincia\u201d.<\/p>\n<p>En ese marco a\u00f1adi\u00f3: <strong>\u201cel estado de las calles es deplorable. Se puede ver el levantamiento del cord\u00f3n cuneta de calle C\u00f3rdoba, siendo sumamente peligroso. Tambi\u00e9n en calle Santa Fe se puede observar el deterioro en la calzada por p\u00e9rdida de asfalto.<\/strong> Necesitamos que esto se solucione lo m\u00e1s r\u00e1pido posible, por el bien de la ciudadan\u00eda\u201d.<\/p>\n","protected":false},"excerpt":{"rendered":"<p>Fue a trav\u00e9s de un proyecto de resoluci\u00f3n presentado en el HCD. El pedido es especialmente para las calles C\u00f3rdoba y Santa Fe, donde circula \u201cel 70% de las l\u00edneas de colectivos, y se realizan transbordos de personas de forma ininterrumpida\u201d.<\/p>\n","protected":false},"author":2,"featured_media":149323,"comment_status":"open","ping_status":"open","sticky":false,"template":"","format":"standard","meta":{"fifu_image_url":"","fifu_image_alt":"","footnotes":""},"categories":[16],"tags":[45],"class_list":{"0":"post-149322","1":"post","2":"type-post","3":"status-publish","4":"format-standard","5":"has-post-thumbnail","7":"category-politi","8":"tag-parana"},"yoast_head":"<title>Exigen la reparaci\u00f3n y mantenimiento de calles c\u00e9ntricas de Paran\u00e1 - Informe Litoral<\/title>\n<meta name=\"robots\" content=\"index, follow, max-snippet:-1, max-image-preview:large, max-video-preview:-1\" \/>\n<link rel=\"canonical\" href=\"https:\/\/informelitoral.com.ar\/exigen-la-reparacion-y-mantenimiento-de-calles-centricas-de-parana\/\" \/>\n<meta property=\"og:locale\" content=\"es_ES\" \/>\n<meta property=\"og:type\" content=\"article\" \/>\n<meta property=\"og:title\" content=\"Exigen la reparaci\u00f3n y mantenimiento de calles c\u00e9ntricas de Paran\u00e1 - Informe Litoral\" \/>\n<meta property=\"og:description\" content=\"Fue a trav\u00e9s de un proyecto de resoluci\u00f3n presentado en el HCD. El pedido es especialmente para las calles C\u00f3rdoba y Santa Fe, donde circula \u201cel 70% de las l\u00edneas de colectivos, y se realizan transbordos de personas de forma ininterrumpida\u201d.\" \/>\n<meta property=\"og:url\" content=\"https:\/\/informelitoral.com.ar\/exigen-la-reparacion-y-mantenimiento-de-calles-centricas-de-parana\/\" \/>\n<meta property=\"og:site_name\" content=\"Informe Litoral\" \/>\n<meta property=\"article:publisher\" content=\"https:\/\/www.facebook.com\/informelitoral\/\" \/>\n<meta property=\"article:published_time\" content=\"2023-05-20T15:17:14+00:00\" \/>\n<meta property=\"article:modified_time\" content=\"2023-05-20T15:18:19+00:00\" \/>\n<meta property=\"og:image\" content=\"https:\/\/informelitoral.com.ar\/%77%70%2d%63%6f%6e%74%65%6e%74\/uploads\/2023\/05\/3e5a668a-671a-9953-0c2d-74d61ecd3761-scaled.jpg\" \/>\n\t<meta property=\"og:image:width\" content=\"2560\" \/>\n\t<meta property=\"og:image:height\" content=\"1697\" \/>\n\t<meta property=\"og:image:type\" content=\"image\/jpeg\" \/>\n<meta name=\"author\" content=\"Gonzalo Schmidt\" \/>\n<meta name=\"twitter:card\" content=\"summary_large_image\" \/>\n<meta name=\"twitter:creator\" content=\"@InformeLitoral\" \/>\n<meta name=\"twitter:site\" content=\"@InformeLitoral\" \/>\n<meta name=\"twitter:label1\" content=\"Escrito por\" \/>\n\t<meta name=\"twitter:data1\" content=\"Gonzalo Schmidt\" \/>\n\t<meta name=\"twitter:label2\" content=\"Tiempo de lectura\" \/>\n\t<meta name=\"twitter:data2\" content=\"1 minuto\" \/>\n<script type=\"application\/ld+json\" class=\"yoast-schema-graph\">{\"@context\":\"https:\\\/\\\/schema.org\",\"@graph\":[{\"@type\":\"Article\",\"@id\":\"https:\\\/\\\/informelitoral.com.ar\\\/exigen-la-reparacion-y-mantenimiento-de-calles-centricas-de-parana\\\/#article\",\"isPartOf\":{\"@id\":\"https:\\\/\\\/informelitoral.com.ar\\\/exigen-la-reparacion-y-mantenimiento-de-calles-centricas-de-parana\\\/\"},\"author\":{\"name\":\"Gonzalo Schmidt\",\"@id\":\"https:\\\/\\\/informelitoral.com.ar\\\/#\\\/schema\\\/person\\\/b9d00407c836482871ef1d57bf8e3180\"},\"headline\":\"Exigen la reparaci\u00f3n y mantenimiento de calles c\u00e9ntricas de Paran\u00e1\",\"datePublished\":\"2023-05-20T15:17:14+00:00\",\"dateModified\":\"2023-05-20T15:18:19+00:00\",\"mainEntityOfPage\":{\"@id\":\"https:\\\/\\\/informelitoral.com.ar\\\/exigen-la-reparacion-y-mantenimiento-de-calles-centricas-de-parana\\\/\"},\"wordCount\":193,\"commentCount\":0,\"publisher\":{\"@id\":\"https:\\\/\\\/informelitoral.com.ar\\\/#organization\"},\"image\":{\"@id\":\"https:\\\/\\\/informelitoral.com.ar\\\/exigen-la-reparacion-y-mantenimiento-de-calles-centricas-de-parana\\\/#primaryimage\"},\"thumbnailUrl\":\"https:\\\/\\\/informelitoral.com.ar\\\/%77%70%2d%63%6f%6e%74%65%6e%74\\\/uploads\\\/2023\\\/05\\\/3e5a668a-671a-9953-0c2d-74d61ecd3761-scaled.jpg\",\"keywords\":[\"Paran\u00e1\"],\"articleSection\":[\"Politica\"],\"inLanguage\":\"es\",\"potentialAction\":[{\"@type\":\"CommentAction\",\"name\":\"Comment\",\"target\":[\"https:\\\/\\\/informelitoral.com.ar\\\/exigen-la-reparacion-y-mantenimiento-de-calles-centricas-de-parana\\\/#respond\"]}]},{\"@type\":\"WebPage\",\"@id\":\"https:\\\/\\\/informelitoral.com.ar\\\/exigen-la-reparacion-y-mantenimiento-de-calles-centricas-de-parana\\\/\",\"url\":\"https:\\\/\\\/informelitoral.com.ar\\\/exigen-la-reparacion-y-mantenimiento-de-calles-centricas-de-parana\\\/\",\"name\":\"Exigen la reparaci\u00f3n y mantenimiento de calles c\u00e9ntricas de Paran\u00e1 - Informe Litoral\",\"isPartOf\":{\"@id\":\"https:\\\/\\\/informelitoral.com.ar\\\/#website\"},\"primaryImageOfPage\":{\"@id\":\"https:\\\/\\\/informelitoral.com.ar\\\/exigen-la-reparacion-y-mantenimiento-de-calles-centricas-de-parana\\\/#primaryimage\"},\"image\":{\"@id\":\"https:\\\/\\\/informelitoral.com.ar\\\/exigen-la-reparacion-y-mantenimiento-de-calles-centricas-de-parana\\\/#primaryimage\"},\"thumbnailUrl\":\"https:\\\/\\\/informelitoral.com.ar\\\/%77%70%2d%63%6f%6e%74%65%6e%74\\\/uploads\\\/2023\\\/05\\\/3e5a668a-671a-9953-0c2d-74d61ecd3761-scaled.jpg\",\"datePublished\":\"2023-05-20T15:17:14+00:00\",\"dateModified\":\"2023-05-20T15:18:19+00:00\",\"breadcrumb\":{\"@id\":\"https:\\\/\\\/informelitoral.com.ar\\\/exigen-la-reparacion-y-mantenimiento-de-calles-centricas-de-parana\\\/#breadcrumb\"},\"inLanguage\":\"es\",\"potentialAction\":[{\"@type\":\"ReadAction\",\"target\":[\"https:\\\/\\\/informelitoral.com.ar\\\/exigen-la-reparacion-y-mantenimiento-de-calles-centricas-de-parana\\\/\"]}]},{\"@type\":\"ImageObject\",\"inLanguage\":\"es\",\"@id\":\"https:\\\/\\\/informelitoral.com.ar\\\/exigen-la-reparacion-y-mantenimiento-de-calles-centricas-de-parana\\\/#primaryimage\",\"url\":\"https:\\\/\\\/informelitoral.com.ar\\\/%77%70%2d%63%6f%6e%74%65%6e%74\\\/uploads\\\/2023\\\/05\\\/3e5a668a-671a-9953-0c2d-74d61ecd3761-scaled.jpg\",\"contentUrl\":\"https:\\\/\\\/informelitoral.com.ar\\\/%77%70%2d%63%6f%6e%74%65%6e%74\\\/uploads\\\/2023\\\/05\\\/3e5a668a-671a-9953-0c2d-74d61ecd3761-scaled.jpg\",\"width\":2560,\"height\":1697},{\"@type\":\"BreadcrumbList\",\"@id\":\"https:\\\/\\\/informelitoral.com.ar\\\/exigen-la-reparacion-y-mantenimiento-de-calles-centricas-de-parana\\\/#breadcrumb\",\"itemListElement\":[{\"@type\":\"ListItem\",\"position\":1,\"name\":\"Portada\",\"item\":\"https:\\\/\\\/informelitoral.com.ar\\\/\"},{\"@type\":\"ListItem\",\"position\":2,\"name\":\"Exigen la reparaci\u00f3n y mantenimiento de calles c\u00e9ntricas de Paran\u00e1\"}]},{\"@type\":\"WebSite\",\"@id\":\"https:\\\/\\\/informelitoral.com.ar\\\/#website\",\"url\":\"https:\\\/\\\/informelitoral.com.ar\\\/\",\"name\":\"Informe Litoral\",\"description\":\"&quot;Nos informamos&quot; \",\"publisher\":{\"@id\":\"https:\\\/\\\/informelitoral.com.ar\\\/#organization\"},\"potentialAction\":[{\"@type\":\"SearchAction\",\"target\":{\"@type\":\"EntryPoint\",\"urlTemplate\":\"https:\\\/\\\/informelitoral.com.ar\\\/?s={search_term_string}\"},\"query-input\":{\"@type\":\"PropertyValueSpecification\",\"valueRequired\":true,\"valueName\":\"search_term_string\"}}],\"inLanguage\":\"es\"},{\"@type\":\"Organization\",\"@id\":\"https:\\\/\\\/informelitoral.com.ar\\\/#organization\",\"name\":\"Informe Litoral\",\"url\":\"https:\\\/\\\/informelitoral.com.ar\\\/\",\"logo\":{\"@type\":\"ImageObject\",\"inLanguage\":\"es\",\"@id\":\"https:\\\/\\\/informelitoral.com.ar\\\/#\\\/schema\\\/logo\\\/image\\\/\",\"url\":\"https:\\\/\\\/informelitoral.com.ar\\\/%77%70%2d%63%6f%6e%74%65%6e%74\\\/uploads\\\/2021\\\/01\\\/circulo.png\",\"contentUrl\":\"https:\\\/\\\/informelitoral.com.ar\\\/%77%70%2d%63%6f%6e%74%65%6e%74\\\/uploads\\\/2021\\\/01\\\/circulo.png\",\"width\":723,\"height\":731,\"caption\":\"Informe Litoral\"},\"image\":{\"@id\":\"https:\\\/\\\/informelitoral.com.ar\\\/#\\\/schema\\\/logo\\\/image\\\/\"},\"sameAs\":[\"https:\\\/\\\/www.facebook.com\\\/informelitoral\\\/\",\"https:\\\/\\\/x.com\\\/InformeLitoral\",\"https:\\\/\\\/www.instagram.com\\\/informelitoral\\\/\",\"https:\\\/\\\/www.youtube.com\\\/channel\\\/UCua4Qvz8Icb6MYqhoq9xLXw\"]},{\"@type\":\"Person\",\"@id\":\"https:\\\/\\\/informelitoral.com.ar\\\/#\\\/schema\\\/person\\\/b9d00407c836482871ef1d57bf8e3180\",\"name\":\"Gonzalo Schmidt\",\"image\":{\"@type\":\"ImageObject\",\"inLanguage\":\"es\",\"@id\":\"https:\\\/\\\/secure.gravatar.com\\\/avatar\\\/31a1a7b66ff2de83bd0e9fd79d026630d2d99e55e8bfe501287647b4fd9743de?s=96&d=mm&r=g\",\"url\":\"https:\\\/\\\/secure.gravatar.com\\\/avatar\\\/31a1a7b66ff2de83bd0e9fd79d026630d2d99e55e8bfe501287647b4fd9743de?s=96&d=mm&r=g\",\"contentUrl\":\"https:\\\/\\\/secure.gravatar.com\\\/avatar\\\/31a1a7b66ff2de83bd0e9fd79d026630d2d99e55e8bfe501287647b4fd9743de?s=96&d=mm&r=g\",\"caption\":\"Gonzalo Schmidt\"},\"description\":\"Sitio web de noticias de la provincia de Entre R\u00edos, Argentina. Informaci\u00f3n y entretenimiento. Informe Litoral, nos informamos.\",\"sameAs\":[\"http:\\\/\\\/www.isletasnoticias.com.ar\"],\"url\":\"https:\\\/\\\/informelitoral.com.ar\\\/author\\\/gonzalo\\\/\"}]}<\/script>","yoast_head_json":{"title":"Exigen la reparaci\u00f3n y mantenimiento de calles c\u00e9ntricas de Paran\u00e1 - Informe Litoral","robots":{"index":"index","follow":"follow","max-snippet":"max-snippet:-1","max-image-preview":"max-image-preview:large","max-video-preview":"max-video-preview:-1"},"canonical":"https:\/\/informelitoral.com.ar\/exigen-la-reparacion-y-mantenimiento-de-calles-centricas-de-parana\/","og_locale":"es_ES","og_type":"article","og_title":"Exigen la reparaci\u00f3n y mantenimiento de calles c\u00e9ntricas de Paran\u00e1 - Informe Litoral","og_description":"Fue a trav\u00e9s de un proyecto de resoluci\u00f3n presentado en el HCD. El pedido es especialmente para las calles C\u00f3rdoba y Santa Fe, donde circula \u201cel 70% de las l\u00edneas de colectivos, y se realizan transbordos de personas de forma ininterrumpida\u201d.","og_url":"https:\/\/informelitoral.com.ar\/exigen-la-reparacion-y-mantenimiento-de-calles-centricas-de-parana\/","og_site_name":"Informe Litoral","article_publisher":"https:\/\/www.facebook.com\/informelitoral\/","article_published_time":"2023-05-20T15:17:14+00:00","article_modified_time":"2023-05-20T15:18:19+00:00","og_image":[{"width":2560,"height":1697,"url":"https:\/\/informelitoral.com.ar\/%77%70%2d%63%6f%6e%74%65%6e%74\/uploads\/2023\/05\/3e5a668a-671a-9953-0c2d-74d61ecd3761-scaled.jpg","type":"image\/jpeg"}],"author":"Gonzalo Schmidt","twitter_card":"summary_large_image","twitter_creator":"@InformeLitoral","twitter_site":"@InformeLitoral","twitter_misc":{"Escrito por":"Gonzalo Schmidt","Tiempo de lectura":"1 minuto"},"schema":{"@context":"https:\/\/schema.org","@graph":[{"@type":"Article","@id":"https:\/\/informelitoral.com.ar\/exigen-la-reparacion-y-mantenimiento-de-calles-centricas-de-parana\/#article","isPartOf":{"@id":"https:\/\/informelitoral.com.ar\/exigen-la-reparacion-y-mantenimiento-de-calles-centricas-de-parana\/"},"author":{"name":"Gonzalo Schmidt","@id":"https:\/\/informelitoral.com.ar\/#\/schema\/person\/b9d00407c836482871ef1d57bf8e3180"},"headline":"Exigen la reparaci\u00f3n y mantenimiento de calles c\u00e9ntricas de Paran\u00e1","datePublished":"2023-05-20T15:17:14+00:00","dateModified":"2023-05-20T15:18:19+00:00","mainEntityOfPage":{"@id":"https:\/\/informelitoral.com.ar\/exigen-la-reparacion-y-mantenimiento-de-calles-centricas-de-parana\/"},"wordCount":193,"commentCount":0,"publisher":{"@id":"https:\/\/informelitoral.com.ar\/#organization"},"image":{"@id":"https:\/\/informelitoral.com.ar\/exigen-la-reparacion-y-mantenimiento-de-calles-centricas-de-parana\/#primaryimage"},"thumbnailUrl":"https:\/\/informelitoral.com.ar\/%77%70%2d%63%6f%6e%74%65%6e%74\/uploads\/2023\/05\/3e5a668a-671a-9953-0c2d-74d61ecd3761-scaled.jpg","keywords":["Paran\u00e1"],"articleSection":["Politica"],"inLanguage":"es","potentialAction":[{"@type":"CommentAction","name":"Comment","target":["https:\/\/informelitoral.com.ar\/exigen-la-reparacion-y-mantenimiento-de-calles-centricas-de-parana\/#respond"]}]},{"@type":"WebPage","@id":"https:\/\/informelitoral.com.ar\/exigen-la-reparacion-y-mantenimiento-de-calles-centricas-de-parana\/","url":"https:\/\/informelitoral.com.ar\/exigen-la-reparacion-y-mantenimiento-de-calles-centricas-de-parana\/","name":"Exigen la reparaci\u00f3n y mantenimiento de calles c\u00e9ntricas de Paran\u00e1 - Informe Litoral","isPartOf":{"@id":"https:\/\/informelitoral.com.ar\/#website"},"primaryImageOfPage":{"@id":"https:\/\/informelitoral.com.ar\/exigen-la-reparacion-y-mantenimiento-de-calles-centricas-de-parana\/#primaryimage"},"image":{"@id":"https:\/\/informelitoral.com.ar\/exigen-la-reparacion-y-mantenimiento-de-calles-centricas-de-parana\/#primaryimage"},"thumbnailUrl":"https:\/\/informelitoral.com.ar\/%77%70%2d%63%6f%6e%74%65%6e%74\/uploads\/2023\/05\/3e5a668a-671a-9953-0c2d-74d61ecd3761-scaled.jpg","datePublished":"2023-05-20T15:17:14+00:00","dateModified":"2023-05-20T15:18:19+00:00","breadcrumb":{"@id":"https:\/\/informelitoral.com.ar\/exigen-la-reparacion-y-mantenimiento-de-calles-centricas-de-parana\/#breadcrumb"},"inLanguage":"es","potentialAction":[{"@type":"ReadAction","target":["https:\/\/informelitoral.com.ar\/exigen-la-reparacion-y-mantenimiento-de-calles-centricas-de-parana\/"]}]},{"@type":"ImageObject","inLanguage":"es","@id":"https:\/\/informelitoral.com.ar\/exigen-la-reparacion-y-mantenimiento-de-calles-centricas-de-parana\/#primaryimage","url":"https:\/\/informelitoral.com.ar\/%77%70%2d%63%6f%6e%74%65%6e%74\/uploads\/2023\/05\/3e5a668a-671a-9953-0c2d-74d61ecd3761-scaled.jpg","contentUrl":"https:\/\/informelitoral.com.ar\/%77%70%2d%63%6f%6e%74%65%6e%74\/uploads\/2023\/05\/3e5a668a-671a-9953-0c2d-74d61ecd3761-scaled.jpg","width":2560,"height":1697},{"@type":"BreadcrumbList","@id":"https:\/\/informelitoral.com.ar\/exigen-la-reparacion-y-mantenimiento-de-calles-centricas-de-parana\/#breadcrumb","itemListElement":[{"@type":"ListItem","position":1,"name":"Portada","item":"https:\/\/informelitoral.com.ar\/"},{"@type":"ListItem","position":2,"name":"Exigen la reparaci\u00f3n y mantenimiento de calles c\u00e9ntricas de Paran\u00e1"}]},{"@type":"WebSite","@id":"https:\/\/informelitoral.com.ar\/#website","url":"https:\/\/informelitoral.com.ar\/","name":"Informe Litoral","description":"&quot;Nos informamos&quot; ","publisher":{"@id":"https:\/\/informelitoral.com.ar\/#organization"},"potentialAction":[{"@type":"SearchAction","target":{"@type":"EntryPoint","urlTemplate":"https:\/\/informelitoral.com.ar\/?s={search_term_string}"},"query-input":{"@type":"PropertyValueSpecification","valueRequired":true,"valueName":"search_term_string"}}],"inLanguage":"es"},{"@type":"Organization","@id":"https:\/\/informelitoral.com.ar\/#organization","name":"Informe Litoral","url":"https:\/\/informelitoral.com.ar\/","logo":{"@type":"ImageObject","inLanguage":"es","@id":"https:\/\/informelitoral.com.ar\/#\/schema\/logo\/image\/","url":"https:\/\/informelitoral.com.ar\/%77%70%2d%63%6f%6e%74%65%6e%74\/uploads\/2021\/01\/circulo.png","contentUrl":"https:\/\/informelitoral.com.ar\/%77%70%2d%63%6f%6e%74%65%6e%74\/uploads\/2021\/01\/circulo.png","width":723,"height":731,"caption":"Informe Litoral"},"image":{"@id":"https:\/\/informelitoral.com.ar\/#\/schema\/logo\/image\/"},"sameAs":["https:\/\/www.facebook.com\/informelitoral\/","https:\/\/x.com\/InformeLitoral","https:\/\/www.instagram.com\/informelitoral\/","https:\/\/www.youtube.com\/channel\/UCua4Qvz8Icb6MYqhoq9xLXw"]},{"@type":"Person","@id":"https:\/\/informelitoral.com.ar\/#\/schema\/person\/b9d00407c836482871ef1d57bf8e3180","name":"Gonzalo Schmidt","image":{"@type":"ImageObject","inLanguage":"es","@id":"https:\/\/secure.gravatar.com\/avatar\/31a1a7b66ff2de83bd0e9fd79d026630d2d99e55e8bfe501287647b4fd9743de?s=96&d=mm&r=g","url":"https:\/\/secure.gravatar.com\/avatar\/31a1a7b66ff2de83bd0e9fd79d026630d2d99e55e8bfe501287647b4fd9743de?s=96&d=mm&r=g","contentUrl":"https:\/\/secure.gravatar.com\/avatar\/31a1a7b66ff2de83bd0e9fd79d026630d2d99e55e8bfe501287647b4fd9743de?s=96&d=mm&r=g","caption":"Gonzalo Schmidt"},"description":"Sitio web de noticias de la provincia de Entre R\u00edos, Argentina. Informaci\u00f3n y entretenimiento. Informe Litoral, nos informamos.","sameAs":["http:\/\/www.isletasnoticias.com.ar"],"url":"https:\/\/informelitoral.com.ar\/author\/gonzalo\/"}]}},"_links":{"self":[{"href":"https:\/\/informelitoral.com.ar\/%77%70%2d%6a%73%6f%6e\/wp\/v2\/posts\/149322","targetHints":{"allow":["GET"]}}],"collection":[{"href":"https:\/\/informelitoral.com.ar\/%77%70%2d%6a%73%6f%6e\/wp\/v2\/posts"}],"about":[{"href":"https:\/\/informelitoral.com.ar\/%77%70%2d%6a%73%6f%6e\/wp\/v2\/types\/post"}],"author":[{"embeddable":true,"href":"https:\/\/informelitoral.com.ar\/%77%70%2d%6a%73%6f%6e\/wp\/v2\/users\/2"}],"replies":[{"embeddable":true,"href":"https:\/\/informelitoral.com.ar\/%77%70%2d%6a%73%6f%6e\/wp\/v2\/comments?post=149322"}],"version-history":[{"count":0,"href":"https:\/\/informelitoral.com.ar\/%77%70%2d%6a%73%6f%6e\/wp\/v2\/posts\/149322\/revisions"}],"wp:featuredmedia":[{"embeddable":true,"href":"https:\/\/informelitoral.com.ar\/%77%70%2d%6a%73%6f%6e\/wp\/v2\/media\/149323"}],"wp:attachment":[{"href":"https:\/\/informelitoral.com.ar\/%77%70%2d%6a%73%6f%6e\/wp\/v2\/media?parent=149322"}],"wp:term":[{"taxonomy":"category","embeddable":true,"href":"https:\/\/informelitoral.com.ar\/%77%70%2d%6a%73%6f%6e\/wp\/v2\/categories?post=149322"},{"taxonomy":"post_tag","embeddable":true,"href":"https:\/\/informelitoral.com.ar\/%77%70%2d%6a%73%6f%6e\/wp\/v2\/tags?post=149322"}],"curies":[{"name":"wp","href":"https:\/\/api.w.org\/{rel}","templated":true}]}}